{"id":18138,"date":"2023-12-19T20:17:08","date_gmt":"2023-12-19T23:17:08","guid":{"rendered":"https:\/\/noticiasribeiraopreto.com.br\/index.php\/2023\/12\/19\/saiu-edital-com-1-200-vagas\/"},"modified":"2023-12-19T20:17:08","modified_gmt":"2023-12-19T23:17:08","slug":"saiu-edital-com-1-200-vagas","status":"publish","type":"post","link":"https:\/\/noticiasribeiraopreto.com.br\/index.php\/2023\/12\/19\/saiu-edital-com-1-200-vagas\/","title":{"rendered":"saiu edital com 1.200 vagas"},"content":{"rendered":"<div class='code-block code-block-1' style='margin: 8px 0 8px auto; text-align: right; display: block; clear: both;'>\n<p><a href=\"https:\/\/wa.link\/vpicfd\"><img data-recalc-dims=\"1\" class=\"wp-image-4922\" style=\"aspect-ratio: 2.0253164556962027; width: 561px; height: auto;\" src=\"https:\/\/i0.wp.com\/ismaelcolosi.com.br\/wp-content\/uploads\/2023\/11\/grupo-de-empregos-whatsapp-e-facebook-ismael-colosi-vagas.jpg?ssl=1\" alt=\"\" \/><\/a><\/p>\n<!-- \/wp:image -->\n<\/div>\n<p> <br \/>\n<\/p>\n<div>\n<p>No estado de Goi\u00e1s, foi publicado o edital do <strong><a href=\"https:\/\/jcconcursos.com.br\/concurso\/concurso-prefeitura-vicentinopolis-66311\" rel=\"noopener\" target=\"_blank\">concurso da Prefeitura de Vicentin\u00f3polis<\/a><\/strong> para selecionar candidatos para o para o quadro de servidores efetivos. O certame re\u00fane 1.200 vagas, sendo 240 imediatas e 960 para forma\u00e7\u00e3o de cadastro de reserva.<\/p>\n<p>Oportunidades est\u00e3o distribu\u00eddas entre diversos cargos, de todos os n\u00edveis escolares, com remunera\u00e7\u00f5es que partem de R$ 1.363,59 e chegam a R$ 16.948,80. Confira, abaixo os postos dispon\u00edveis. A distribui\u00e7\u00e3o das vagas pode ser conferida no edital, que pode ser <a href=\"https:\/\/jcconcursos.com.br\/media\/uploads\/anexos\/concurso-prefeitura-vicentinopolis-go-edital-1-2023.pdf\" rel=\"noopener\" target=\"_blank\">baixado aqui<\/a>.<\/p>\n<ul>\n<li>ensino fundamental: eletricista de autom\u00f3vel, mec\u00e2nico geral, pintor, merendeira, recepcionista, art\u00edfice \u2013 encanador, art\u00edfice \u2013 eletricista, art\u00edfice \u2013 pedreiro, mestre de obras, motorista de ve\u00edculo pesado, operador de m\u00e1quinas agr\u00edcolas, operador de m\u00e1quinas pesadas, auxiliar de servi\u00e7os I, auxiliar de servi\u00e7os gerais II \u2013 borracheiro, auxiliar de servi\u00e7os gerais II \u2013 zelador de cemit\u00e9rios e vigilante;<\/li>\n<li>ensino m\u00e9dio e\/ou curso t\u00e9cnico: agente comunit\u00e1rio de sa\u00fade, agente de combate as endemias, auxiliar de consult\u00f3rio dent\u00e1rio, fiscal de vigil\u00e2ncia sanit\u00e1ria, fiscal de tributos, monitor de creche, orientador social, t\u00e9cnico em seguran\u00e7a do trabalho, t\u00e9cnico em enfermagem, t\u00e9cnico em raio x, visitador social, almoxarife, cuidador de idoso, executor administrativo I, fiscal avaliador, fiscal de obras e postura, fiscal do meio ambiente e executor administrativo III; e<\/li>\n<li>forma\u00e7\u00e3o superior: assistente social, assistente de administra\u00e7\u00e3o, biom\u00e9dico, cirurgi\u00e3o dentista, educador f\u00edsico CRAS, enfermeiro padr\u00e3o \u2013 hospital, enfermeiro padr\u00e3o ESF, engenheiro ambiental, farmac\u00eautico, fisioterapeuta, fonoaudi\u00f3logo, ge\u00f3logo, m\u00e9dico cl\u00ednico geral, m\u00e9dico ginecologista, m\u00e9dico pediatra, m\u00e9dico ESF, nutricionista, psic\u00f3logo, profissional de apoio educacional superior, qu\u00edmico, terapeuta ocupacional, professor II e professor II ingl\u00eas.<\/li>\n<\/ul>\n<h2>Como fazer a inscri\u00e7\u00e3o<\/h2>\n<p>As inscri\u00e7\u00f5es ser\u00e3o recebidas <span style=\"text-decoration: underline;\">entre os dias 15 de janeiro e 18 de fevereiro de 2024<\/span>, exclusivamente pela internet, atrav\u00e9s do site da Funda\u00e7\u00e3o Vale do Piau\u00ed \u2013 FUNVAPI (<a href=\"https:\/\/funvapi.com.br\/index.php\/2023\/12\/14\/__trashed-7\/\" rel=\"noopener\" target=\"_blank\">https:\/\/funvapi.com.br<\/a>), banca organizadora do processo de sele\u00e7\u00e3o. As taxas custam:<\/p>\n<ul>\n<li>R$ 40,80 para ensino fundamental;<\/li>\n<li>R$ 54,40 para n\u00edveis m\u00e9dio e t\u00e9cnico; e<\/li>\n<li>R$ 81,60 para forma\u00e7\u00e3o superior.<\/li>\n<\/ul>\n<h2>Veja as provas que ser\u00e3o aplicadas<\/h2>\n<p>O concurso da Prefeitura de Vicentin\u00f3polis ser\u00e1 constitu\u00eddo das seguintes fases:<\/p>\n<ol style=\"list-style-type: upper-roman;\">\n<li>prova objetiva, de car\u00e1ter eliminat\u00f3rio e classificat\u00f3rio, para todos os cargos;<\/li>\n<li>prova discursiva, de car\u00e1ter eliminat\u00f3rio e classificat\u00f3rio, para n\u00edvel superior;<\/li>\n<li>prova pr\u00e1tica, de car\u00e1ter eliminat\u00f3rio e classificat\u00f3rio, para motorista de ve\u00edculo pesado, operador de m\u00e1quinas agr\u00edcolas, operador de m\u00e1quinas pesadas, art\u00edfice (eletricista, encanador, pedreiros, pintor), mec\u00e2nico geral e eletricista de autom\u00f3vel;<\/li>\n<li>teste de aptid\u00e3o f\u00edsica, de car\u00e1ter eliminat\u00f3rio, para auxiliar de servi\u00e7os gerais III;<\/li>\n<li>prova de t\u00edtulos, de car\u00e1ter classificat\u00f3rio, para n\u00edvel superior; e<\/li>\n<li>curso de forma\u00e7\u00e3o, de car\u00e1ter classificat\u00f3rio, para agente de combate \u00e0s endemias e agente comunit\u00e1rio de sa\u00fade.<\/li>\n<\/ol>\n<p>As provas objetiva e discursiva ser\u00e3o aplicadas na <mark>data prevista de 24 de mar\u00e7o de 2024<\/mark>, em locais e hor\u00e1rios a serem comunicados no edital de convoca\u00e7\u00e3o, a ser publicado em momento oportuno.<\/p>\n<p>+ O JC Concursos disponibiliza mais detalhes sobre o edital, como atribui\u00e7\u00f5es, conte\u00fado program\u00e1tico e cronograma, na <a href=\"https:\/\/jcconcursos.com.br\/concurso\/concurso-prefeitura-vicentinopolis-66311\" rel=\"noopener\" target=\"_blank\">p\u00e1gina do concurso da Prefeitura de Vicentin\u00f3polis<\/a>.<\/p>\n<p><em>* Not\u00edcia \u00fatil para o Estado de Goi\u00e1s. Confira <a href=\"https:\/\/jcconcursos.com.br\/concursos\/go\" rel=\"noopener\" target=\"_blank\">mais informa\u00e7\u00f5es sobre a regi\u00e3o aqui<\/a>.<\/em><\/p>\n<p><a id=\"gnews_btn\" href=\"https:\/\/news.google.com\/publications\/CAAqBwgKMOixlQswuZWrAw\" target=\"_blank\" class=\"border_jc_blue link_hover_bg_jc_blue font_85 d-block d-md-inline-block px-2 py-1 mr-0 mr-md-2 mb-3 w-100 text-center\" rel=\"noopener\"><span class=\"text_jc_blue\">Siga o <strong>JC Concursos no Google News<\/strong><\/span><\/a><span id=\"resumo\" class=\"anchor_link\"\/><\/p>\n<div class=\"concurso_box_v2 px-4 py-4 mb-3 mt-1\"><a href=\"https:\/\/jcconcursos.com.br\/concurso\/concurso-prefeitura-vicentinopolis-66311\"> <\/p>\n<h3 class=\"mb-3\"><span class=\"text_jc_blue\">+ <\/span>Resumo do Concurso Prefeitura Vicentin\u00f3polis (GO) 2024<br \/><\/h3>\n<p> <\/a> <\/p>\n<p class=\"mb-4 small\"><a href=\"https:\/\/jcconcursos.com.br\/concursos\/por-orgao\/prefeitura-vicentinopolis\"><br \/>Prefeitura Vicentin\u00f3polis<br \/><\/a><br \/><strong>Vagas:<\/strong> 1200 <br \/><strong>Taxa de inscri\u00e7\u00e3o: <\/strong><br \/>De R$ 40,80<br \/>At\u00e9 R$ 81,60 <br \/><strong>Cargos: <\/strong><a href=\"https:\/\/jcconcursos.com.br\/concursos\/por-cargo\/professor\">Professor<\/a>,<br \/><a href=\"https:\/\/jcconcursos.com.br\/concursos\/por-cargo\/tecnico\">T\u00e9cnico<\/a>,<br \/><a href=\"https:\/\/jcconcursos.com.br\/concursos\/por-cargo\/recepcionista\">Recepcionista<\/a><br \/><strong>\u00c1reas de Atua\u00e7\u00e3o: <\/strong><a href=\"https:\/\/jcconcursos.com.br\/concursos\/por-area\/administrativa\">Administrativa<\/a>,<br \/><a href=\"https:\/\/jcconcursos.com.br\/concursos\/por-area\/educacao\">Educa\u00e7\u00e3o<\/a>,<br \/><a href=\"https:\/\/jcconcursos.com.br\/concursos\/por-area\/operacional\">Operacional<\/a>,<br \/><a href=\"https:\/\/jcconcursos.com.br\/concursos\/por-area\/saude\">Sa\u00fade<\/a><br \/><strong>Escolaridade: <\/strong><a href=\"https:\/\/jcconcursos.com.br\/concursos\/nivel-escolar\/fundamental\">Ensino Fundamental<\/a>,<br \/><a href=\"https:\/\/jcconcursos.com.br\/concursos\/nivel-escolar\/medio\">Ensino M\u00e9dio<\/a>,<br \/><a href=\"https:\/\/jcconcursos.com.br\/concursos\/nivel-escolar\/tecnico\">Ensino T\u00e9cnico<\/a>,<br \/><a href=\"https:\/\/jcconcursos.com.br\/concursos\/nivel-escolar\/superior\">Ensino Superior<\/a><br \/><strong>Faixa de sal\u00e1rio: <\/strong><br \/>De R$ 1363,00<br \/>At\u00e9 R$ 16948,00<\/p>\n<p><strong>Organizadora: <\/strong><a href=\"https:\/\/jcconcursos.com.br\/concursos\/por-organizadora\/funvapi\">FUNVAPI<\/a><br \/><strong>Estados com Vagas: <\/strong><a href=\"https:\/\/jcconcursos.com.br\/concursos\/go\">GO\u200d<\/a><br \/><strong>Cidades: <\/strong><a href=\"https:\/\/jcconcursos.com.br\/concursos\/go\/vicentinopolis\">Vicentin\u00f3polis \u2013 GO<\/a><\/p>\n<\/p><\/div>\n<p><a href=\"https:\/\/jcconcursos.com.br\/\" class=\"badge badge-light\">concursos publicos<\/a><a href=\"https:\/\/jcconcursos.com.br\/concursos\/go\" class=\"badge badge-light\">concursos go (goi\u00e1s)<\/a><a href=\"https:\/\/jcconcursos.com.br\/concursos\/inscricoes-abertas\" class=\"badge badge-light\">concursos abertos<\/a><a href=\"https:\/\/jcconcursos.com.br\/provas\/por-orgao\" class=\"badge badge-light\">provas anteriores<\/a><\/p>\n<\/div>\n<p><br \/>\n<br \/><a href=\"https:\/\/ismaelcolosi.com.br\/saiu-edital-com-1-200-vagas\/\">Source link <\/a><\/p>\n<!-- CONTENT END 1 -->\n","protected":false},"excerpt":{"rendered":"<p>No estado de Goi\u00e1s, foi publicado o edital do concurso da Prefeitura de Vicentin\u00f3polis para selecionar candidatos para o para o quadro de servidores efetivos&#8230;.<\/p>\n","protected":false},"author":1,"featured_media":18139,"comment_status":"open","ping_status":"open","sticky":false,"template":"","format":"standard","meta":{"advanced_seo_description":"","jetpack_seo_html_title":"","jetpack_seo_noindex":false,"jetpack_post_was_ever_published":false,"_jetpack_newsletter_access":"","_jetpack_dont_email_post_to_subs":false,"_jetpack_newsletter_tier_id":0,"_jetpack_memberships_contains_paywalled_content":false,"_jetpack_memberships_contains_paid_content":false,"footnotes":"","jetpack_publicize_message":"","jetpack_publicize_feature_enabled":true,"jetpack_social_post_already_shared":true,"jetpack_social_options":{"image_generator_settings":{"template":"highway","default_image_id":0,"font":"","enabled":false},"version":2}},"categories":[7],"tags":[],"class_list":["post-18138","post","type-post","status-publish","format-standard","has-post-thumbnail","hentry","category-vagas-de-empregos-em-ribeirao-preto-regiao-brasil"],"jetpack_publicize_connections":[],"jetpack_featured_media_url":"https:\/\/i0.wp.com\/noticiasribeiraopreto.com.br\/wp-content\/uploads\/2023\/12\/1703027829_google_calendar_v2.jpg?fit=26%2C25&ssl=1","jetpack-related-posts":[{"id":25818,"url":"https:\/\/noticiasribeiraopreto.com.br\/index.php\/2024\/01\/08\/veja-como-fazer-inscricao-nos-concursos-publicos-da-prefeitura-de-ribeirao-preto\/","url_meta":{"origin":18138,"position":0},"title":"Veja como fazer a inscri\u00e7\u00e3o nos concursos p\u00fablicos da Prefeitura de Ribeir\u00e3o Preto","author":"noticiasribeiraopreto.com.br","date":"8 de January de 2024","format":false,"excerpt":"A Prefeitura de Ribeir\u00e3o Preto est\u00e1 com as inscri\u00e7\u00f5es abertas para dois concursos p\u00fablicos com 28 vagas e sal\u00e1rios entre R$ 2,5 mil e R$ 5,6 mil. Os cargos s\u00e3o de n\u00edvel fundamental, m\u00e9dio, t\u00e9cnico e superior. Para o concurso p\u00fablico do edital 06\/2023 as inscri\u00e7\u00f5es come\u00e7aram na \u00faltima ter\u00e7a-feira\u2026","rel":"","context":"In &quot;Not\u00edcias de Ribeir\u00e3o Preto-SP e Regi\u00e3o&quot;","block_context":{"text":"Not\u00edcias de Ribeir\u00e3o Preto-SP e Regi\u00e3o","link":"https:\/\/noticiasribeiraopreto.com.br\/index.php\/category\/noticias-de-ribeirao-preto-sp-e-regiao-ismael-colosi\/"},"img":{"alt_text":"","src":"https:\/\/i0.wp.com\/noticiasribeiraopreto.com.br\/wp-content\/uploads\/2024\/01\/concurso-publico.jpg?fit=1200%2C800&ssl=1&resize=350%2C200","width":350,"height":200,"srcset":"https:\/\/i0.wp.com\/noticiasribeiraopreto.com.br\/wp-content\/uploads\/2024\/01\/concurso-publico.jpg?fit=1200%2C800&ssl=1&resize=350%2C200 1x, https:\/\/i0.wp.com\/noticiasribeiraopreto.com.br\/wp-content\/uploads\/2024\/01\/concurso-publico.jpg?fit=1200%2C800&ssl=1&resize=525%2C300 1.5x, https:\/\/i0.wp.com\/noticiasribeiraopreto.com.br\/wp-content\/uploads\/2024\/01\/concurso-publico.jpg?fit=1200%2C800&ssl=1&resize=700%2C400 2x, https:\/\/i0.wp.com\/noticiasribeiraopreto.com.br\/wp-content\/uploads\/2024\/01\/concurso-publico.jpg?fit=1200%2C800&ssl=1&resize=1050%2C600 3x"},"classes":[]},{"id":83318,"url":"https:\/\/noticiasribeiraopreto.com.br\/index.php\/2026\/03\/16\/curso-de-eletricista-gratuito-oferece-vagas-para-moradores-da-regiao-de-ribeirao-preto\/","url_meta":{"origin":18138,"position":1},"title":"Curso de eletricista gratuito oferece vagas para moradores da regi\u00e3o de Ribeir\u00e3o Preto","author":"noticiasribeiraopreto.com.br","date":"16 de March de 2026","format":false,"excerpt":"A CPFL Paulista, em parceria com o Senai, abriu inscri\u00e7\u00f5es para curso de qualifica\u00e7\u00e3o profissional gratuito na \u00e1rea de eletricista para moradores da regi\u00e3o de Ribeir\u00e3o Preto. S\u00e3o 16 vagas destinadas a homens e mulheres residentes em Igarapava, Ipu\u00e3, Ituverava, Franca, Morro Agudo, Orl\u00e2ndia, Patroc\u00ednio Paulista e S\u00e3o Joaquim da\u2026","rel":"","context":"In &quot;Not\u00edcias de Ribeir\u00e3o Preto-SP e Regi\u00e3o&quot;","block_context":{"text":"Not\u00edcias de Ribeir\u00e3o Preto-SP e Regi\u00e3o","link":"https:\/\/noticiasribeiraopreto.com.br\/index.php\/category\/noticias-de-ribeirao-preto-sp-e-regiao-ismael-colosi\/"},"img":{"alt_text":"","src":"https:\/\/i0.wp.com\/noticiasribeiraopreto.com.br\/wp-content\/uploads\/2026\/03\/baixados-17_2026-03-15_20-19-30.webp.webp?fit=568%2C379&ssl=1&resize=350%2C200","width":350,"height":200,"srcset":"https:\/\/i0.wp.com\/noticiasribeiraopreto.com.br\/wp-content\/uploads\/2026\/03\/baixados-17_2026-03-15_20-19-30.webp.webp?fit=568%2C379&ssl=1&resize=350%2C200 1x, https:\/\/i0.wp.com\/noticiasribeiraopreto.com.br\/wp-content\/uploads\/2026\/03\/baixados-17_2026-03-15_20-19-30.webp.webp?fit=568%2C379&ssl=1&resize=525%2C300 1.5x"},"classes":[]},{"id":48970,"url":"https:\/\/noticiasribeiraopreto.com.br\/index.php\/2024\/05\/07\/prefeitura-no-interior-de-sp-abre-concurso-publico-com-salarios-de-r-38-mil\/","url_meta":{"origin":18138,"position":2},"title":"Prefeitura no interior de SP abre concurso p\u00fablico com sal\u00e1rios de R$ 3,8 mil","author":"noticiasribeiraopreto.com.br","date":"7 de May de 2024","format":false,"excerpt":"A Prefeitura de Piracicaba, no interior de S\u00e3o Paulo, abriu concurso p\u00fablico com sal\u00e1rios que variam entre R$ 2,8 mil e R$ 3,8 mil. S\u00e3o dez vagas de n\u00edvel fundamental e m\u00e9dio. As inscri\u00e7\u00f5es devem ser realizadas no per\u00edodo entre 15 de maio e 13 de junho pela internet (clique\u2026","rel":"","context":"In &quot;Not\u00edcias de Ribeir\u00e3o Preto-SP e Regi\u00e3o&quot;","block_context":{"text":"Not\u00edcias de Ribeir\u00e3o Preto-SP e Regi\u00e3o","link":"https:\/\/noticiasribeiraopreto.com.br\/index.php\/category\/noticias-de-ribeirao-preto-sp-e-regiao-ismael-colosi\/"},"img":{"alt_text":"","src":"https:\/\/i0.wp.com\/noticiasribeiraopreto.com.br\/wp-content\/uploads\/2024\/05\/concurso-publico-12.jpg?fit=1200%2C800&ssl=1&resize=350%2C200","width":350,"height":200,"srcset":"https:\/\/i0.wp.com\/noticiasribeiraopreto.com.br\/wp-content\/uploads\/2024\/05\/concurso-publico-12.jpg?fit=1200%2C800&ssl=1&resize=350%2C200 1x, https:\/\/i0.wp.com\/noticiasribeiraopreto.com.br\/wp-content\/uploads\/2024\/05\/concurso-publico-12.jpg?fit=1200%2C800&ssl=1&resize=525%2C300 1.5x, https:\/\/i0.wp.com\/noticiasribeiraopreto.com.br\/wp-content\/uploads\/2024\/05\/concurso-publico-12.jpg?fit=1200%2C800&ssl=1&resize=700%2C400 2x, https:\/\/i0.wp.com\/noticiasribeiraopreto.com.br\/wp-content\/uploads\/2024\/05\/concurso-publico-12.jpg?fit=1200%2C800&ssl=1&resize=1050%2C600 3x"},"classes":[]},{"id":22120,"url":"https:\/\/noticiasribeiraopreto.com.br\/index.php\/2023\/12\/29\/assinado-contrato-com-banca-e-edital-ja-pode-sair-18\/","url_meta":{"origin":18138,"position":3},"title":"assinado contrato com banca e edital j\u00e1 pode sair","author":"noticiasribeiraopreto.com.br","date":"29 de December de 2023","format":false,"excerpt":"O edital do novo concurso Semae Mogi das Cruzes SP (Servi\u00e7o Municipal de \u00c1guas e Esgotos de Mogi das Cruzes), na regi\u00e3o metropolitana de S\u00e3o Paulo, j\u00e1 pode sair. Acontece que foi publicado, no di\u00e1rio oficial desta sexta-feira, 29 de dezembro, o extrato de contrato com a banca organizadora, que\u2026","rel":"","context":"In &quot;Vagas de Emprego em Ribeir\u00e3o Preto-SP&quot;","block_context":{"text":"Vagas de Emprego em Ribeir\u00e3o Preto-SP","link":"https:\/\/noticiasribeiraopreto.com.br\/index.php\/category\/empregos-classificados-vagas-trabalho\/vagas-de-empregos-em-ribeirao-preto-regiao-brasil\/"},"img":{"alt_text":"","src":"https:\/\/i0.wp.com\/noticiasribeiraopreto.com.br\/wp-content\/uploads\/2023\/12\/1703848431_semae_mogi_das_cruzes_sp_novoo.jpg?fit=1200%2C675&ssl=1&resize=350%2C200","width":350,"height":200,"srcset":"https:\/\/i0.wp.com\/noticiasribeiraopreto.com.br\/wp-content\/uploads\/2023\/12\/1703848431_semae_mogi_das_cruzes_sp_novoo.jpg?fit=1200%2C675&ssl=1&resize=350%2C200 1x, https:\/\/i0.wp.com\/noticiasribeiraopreto.com.br\/wp-content\/uploads\/2023\/12\/1703848431_semae_mogi_das_cruzes_sp_novoo.jpg?fit=1200%2C675&ssl=1&resize=525%2C300 1.5x, https:\/\/i0.wp.com\/noticiasribeiraopreto.com.br\/wp-content\/uploads\/2023\/12\/1703848431_semae_mogi_das_cruzes_sp_novoo.jpg?fit=1200%2C675&ssl=1&resize=700%2C400 2x, https:\/\/i0.wp.com\/noticiasribeiraopreto.com.br\/wp-content\/uploads\/2023\/12\/1703848431_semae_mogi_das_cruzes_sp_novoo.jpg?fit=1200%2C675&ssl=1&resize=1050%2C600 3x"},"classes":[]},{"id":49265,"url":"https:\/\/noticiasribeiraopreto.com.br\/index.php\/2024\/05\/09\/enel-apresenta-1a-turma-de-plano-para-contratar-1-200-em-sp-veja-vagas-em-aberto\/","url_meta":{"origin":18138,"position":4},"title":"Enel apresenta 1\u00aa turma de plano para contratar 1.200 em SP; veja vagas em aberto","author":"noticiasribeiraopreto.com.br","date":"9 de May de 2024","format":false,"excerpt":"darlanlvarengai darlanlvarenga - 09\/05\/2024 - 15:15 A Enel Distribui\u00e7\u00e3o S\u00e3o Paulo apresentou nesta quinta-feira, 9, a primeira turma de contratados do plano de contrata\u00e7\u00e3o de 1.200 novos profissionais para refor\u00e7ar as equipes de campo nos pr\u00f3ximos 12 meses.Depois de uma s\u00e9rie de problemas de fornecimento de energia el\u00e9trica em S\u00e3o\u2026","rel":"","context":"In &quot;Empregos - Classificados&quot;","block_context":{"text":"Empregos - Classificados","link":"https:\/\/noticiasribeiraopreto.com.br\/index.php\/category\/empregos-classificados-vagas-trabalho\/"},"img":{"alt_text":"","src":"https:\/\/i0.wp.com\/noticiasribeiraopreto.com.br\/wp-content\/uploads\/2024\/05\/unnamed.jpg?fit=800%2C533&ssl=1&resize=350%2C200","width":350,"height":200,"srcset":"https:\/\/i0.wp.com\/noticiasribeiraopreto.com.br\/wp-content\/uploads\/2024\/05\/unnamed.jpg?fit=800%2C533&ssl=1&resize=350%2C200 1x, https:\/\/i0.wp.com\/noticiasribeiraopreto.com.br\/wp-content\/uploads\/2024\/05\/unnamed.jpg?fit=800%2C533&ssl=1&resize=525%2C300 1.5x, https:\/\/i0.wp.com\/noticiasribeiraopreto.com.br\/wp-content\/uploads\/2024\/05\/unnamed.jpg?fit=800%2C533&ssl=1&resize=700%2C400 2x"},"classes":[]},{"id":38983,"url":"https:\/\/noticiasribeiraopreto.com.br\/index.php\/2024\/02\/22\/caixa-lanca-edital-de-concurso-com-32-mil-vagas-para-tecnicos\/","url_meta":{"origin":18138,"position":5},"title":"Caixa lan\u00e7a edital de concurso com 3,2 mil vagas para t\u00e9cnicos","author":"noticiasribeiraopreto.com.br","date":"22 de February de 2024","format":false,"excerpt":"22 de fevereiro de 2024 | 16:0022 de fevereiro de 2024 | 9:00 0A Caixa Econ\u00f4mica Federal publicou nesta quinta-feira (22), no Di\u00e1rio Oficial da Uni\u00e3o, o\u00a0edital do concurso p\u00fablico\u00a0para o preenchimento de 1,6 mil vagas para os cargos de t\u00e9cnico banc\u00e1rio novo e 1,6 mil para t\u00e9cnico banc\u00e1rio novo\u2026","rel":"","context":"In &quot;Not\u00edcias de Ribeir\u00e3o Preto-SP e Regi\u00e3o&quot;","block_context":{"text":"Not\u00edcias de Ribeir\u00e3o Preto-SP e Regi\u00e3o","link":"https:\/\/noticiasribeiraopreto.com.br\/index.php\/category\/noticias-de-ribeirao-preto-sp-e-regiao-ismael-colosi\/"},"img":{"alt_text":"","src":"https:\/\/i0.wp.com\/noticiasribeiraopreto.com.br\/wp-content\/uploads\/2024\/02\/89c9e56e-1e44-4c1d-a802-c3abbaeefb48-scaled.jpg?fit=1000%2C598&ssl=1&resize=350%2C200","width":350,"height":200,"srcset":"https:\/\/i0.wp.com\/noticiasribeiraopreto.com.br\/wp-content\/uploads\/2024\/02\/89c9e56e-1e44-4c1d-a802-c3abbaeefb48-scaled.jpg?fit=1000%2C598&ssl=1&resize=350%2C200 1x, https:\/\/i0.wp.com\/noticiasribeiraopreto.com.br\/wp-content\/uploads\/2024\/02\/89c9e56e-1e44-4c1d-a802-c3abbaeefb48-scaled.jpg?fit=1000%2C598&ssl=1&resize=525%2C300 1.5x, https:\/\/i0.wp.com\/noticiasribeiraopreto.com.br\/wp-content\/uploads\/2024\/02\/89c9e56e-1e44-4c1d-a802-c3abbaeefb48-scaled.jpg?fit=1000%2C598&ssl=1&resize=700%2C400 2x"},"classes":[]}],"jetpack_sharing_enabled":true,"jetpack_shortlink":"https:\/\/wp.me\/peQAOb-4Iy","_links":{"self":[{"href":"https:\/\/noticiasribeiraopreto.com.br\/index.php\/wp-json\/wp\/v2\/posts\/18138","targetHints":{"allow":["GET"]}}],"collection":[{"href":"https:\/\/noticiasribeiraopreto.com.br\/index.php\/wp-json\/wp\/v2\/posts"}],"about":[{"href":"https:\/\/noticiasribeiraopreto.com.br\/index.php\/wp-json\/wp\/v2\/types\/post"}],"author":[{"embeddable":true,"href":"https:\/\/noticiasribeiraopreto.com.br\/index.php\/wp-json\/wp\/v2\/users\/1"}],"replies":[{"embeddable":true,"href":"https:\/\/noticiasribeiraopreto.com.br\/index.php\/wp-json\/wp\/v2\/comments?post=18138"}],"version-history":[{"count":0,"href":"https:\/\/noticiasribeiraopreto.com.br\/index.php\/wp-json\/wp\/v2\/posts\/18138\/revisions"}],"wp:featuredmedia":[{"embeddable":true,"href":"https:\/\/noticiasribeiraopreto.com.br\/index.php\/wp-json\/wp\/v2\/media\/18139"}],"wp:attachment":[{"href":"https:\/\/noticiasribeiraopreto.com.br\/index.php\/wp-json\/wp\/v2\/media?parent=18138"}],"wp:term":[{"taxonomy":"category","embeddable":true,"href":"https:\/\/noticiasribeiraopreto.com.br\/index.php\/wp-json\/wp\/v2\/categories?post=18138"},{"taxonomy":"post_tag","embeddable":true,"href":"https:\/\/noticiasribeiraopreto.com.br\/index.php\/wp-json\/wp\/v2\/tags?post=18138"}],"curies":[{"name":"wp","href":"https:\/\/api.w.org\/{rel}","templated":true}]}}