{"id":18146,"date":"2023-12-19T20:35:29","date_gmt":"2023-12-19T23:35:29","guid":{"rendered":"https:\/\/noticiasribeiraopreto.com.br\/index.php\/2023\/12\/19\/utm_sourcerssutm_mediumrssutm_campaignhomem-e-preso-apos-tentar-matar-sua-ex-a-facadas-no-simioni\/"},"modified":"2023-12-19T20:35:29","modified_gmt":"2023-12-19T23:35:29","slug":"utm_sourcerssutm_mediumrssutm_campaignhomem-e-preso-apos-tentar-matar-sua-ex-a-facadas-no-simioni","status":"publish","type":"post","link":"https:\/\/noticiasribeiraopreto.com.br\/index.php\/2023\/12\/19\/utm_sourcerssutm_mediumrssutm_campaignhomem-e-preso-apos-tentar-matar-sua-ex-a-facadas-no-simioni\/","title":{"rendered":"Homem \u00e9 preso ap\u00f3s tentar matar sua ex a facadas no Simioni \u2013 X Tudo Ribeir\u00e3o"},"content":{"rendered":"<div class='code-block code-block-1' style='margin: 8px 0 8px auto; text-align: right; display: block; clear: both;'>\n<p><a href=\"https:\/\/wa.link\/vpicfd\"><img data-recalc-dims=\"1\" class=\"wp-image-4922\" style=\"aspect-ratio: 2.0253164556962027; width: 561px; height: auto;\" src=\"https:\/\/i0.wp.com\/ismaelcolosi.com.br\/wp-content\/uploads\/2023\/11\/grupo-de-empregos-whatsapp-e-facebook-ismael-colosi-vagas.jpg?ssl=1\" alt=\"\" \/><\/a><\/p>\n<!-- \/wp:image -->\n<\/div>\n<p> <br \/>\n<\/p>\n<div>\n<p>Um valent\u00e3o foi preso pela Pol\u00edcia Militar ap\u00f3s tentar matar sua ex-companheira com golpes de facadas no in\u00edcio da tarde desta ter\u00e7a-feira (19\/12), no Adelino Simioni, na zona Norte de Ribeir\u00e3o Preto.<\/p>\n<p>Segundo informa\u00e7\u00f5es da PM, populares acionaram os Policiais versando sobre uma tentativa de feminic\u00eddio defronte a Escola Municipal Irm\u00e3o Narciso Nicolodi, situada na rua Carolina Tiezi Strambi.<\/p>\n<p>Rapidamente os PMs foram at\u00e9 o local e confirmaram o fato.<\/p>\n<p><strong>SOCORRIDA POR AMIGOS<\/strong><\/p>\n<p>De acordo com os PMs, ap\u00f3s o ataque amigos de trabalho da v\u00edtima socorreram ela rapidamente at\u00e9 a Unidade de Pronto Atendimento (UPA). O estado de sa\u00fade da v\u00edtima n\u00e3o foi informado.<\/p>\n<p>Em contato com a v\u00edtima de 28 anos, ela contou que o autor do crime seria seu ex-companheiro o qual n\u00e3o aceita o t\u00e9rmino do relacionamento.<\/p>\n<p>Consta no boletim de ocorr\u00eancia, que de posse das caracter\u00edsticas do valent\u00e3o, os Policiais conseguiram prender o acusado chegando na sua casa que tamb\u00e9m fica no Adelino Simioni.<\/p>\n<p>Durante a pris\u00e3o ele confessou o crime, disse que ama muito a v\u00edtima e que teria perdido a cabe\u00e7a. Ap\u00f3s tomar ci\u00eancia dos fatos, o Delegado da Delegacia de Defesa da Mulher (DDM), ratificou a voz de pris\u00e3o.<\/p>\n<p>O valent\u00e3o ir\u00e1 passar pela audi\u00eancia de cust\u00f3dia amanh\u00e3 no F\u00f3rum de Ribeir\u00e3o Preto.<\/p>\n<\/p><\/div>\n<p><br \/>\n<br \/><a href=\"https:\/\/xtudoribeirao.com.br\/2023\/12\/19\/homem-e-preso-apos-tentar-matar-sua-ex-a-facadas-no-simioni\/?utm_source=rss&#038;utm_medium=rss&#038;utm_campaign=homem-e-preso-apos-tentar-matar-sua-ex-a-facadas-no-simioni\">Source link <\/a><\/p>\n<!-- CONTENT END 1 -->\n","protected":false},"excerpt":{"rendered":"<p>Um valent\u00e3o foi preso pela Pol\u00edcia Militar ap\u00f3s tentar matar sua ex-companheira com golpes de facadas no in\u00edcio da tarde desta ter\u00e7a-feira (19\/12), no Adelino&#8230;<\/p>\n","protected":false},"author":1,"featured_media":18147,"comment_status":"open","ping_status":"open","sticky":false,"template":"","format":"standard","meta":{"advanced_seo_description":"","jetpack_seo_html_title":"","jetpack_seo_noindex":false,"jetpack_post_was_ever_published":false,"_jetpack_newsletter_access":"","_jetpack_dont_email_post_to_subs":false,"_jetpack_newsletter_tier_id":0,"_jetpack_memberships_contains_paywalled_content":false,"_jetpack_memberships_contains_paid_content":false,"footnotes":"","jetpack_publicize_message":"","jetpack_publicize_feature_enabled":true,"jetpack_social_post_already_shared":true,"jetpack_social_options":{"image_generator_settings":{"template":"highway","default_image_id":0,"font":"","enabled":false},"version":2}},"categories":[11],"tags":[37,844,59,112,36,26,2430,799,1179,43],"class_list":["post-18146","post","type-post","status-publish","format-standard","has-post-thumbnail","hentry","category-noticias-de-ribeirao-preto-sp-e-regiao-ismael-colosi","tag-apos","tag-facadas","tag-homem","tag-matar","tag-preso","tag-ribeirao","tag-simioni","tag-sua","tag-tentar","tag-tudo"],"jetpack_publicize_connections":[],"jetpack_featured_media_url":"https:\/\/i0.wp.com\/noticiasribeiraopreto.com.br\/wp-content\/uploads\/2023\/12\/136c14fb-da46-49a1-bf3d-f781ab4f7883.jpeg?fit=1600%2C1071&ssl=1","jetpack-related-posts":[{"id":56121,"url":"https:\/\/noticiasribeiraopreto.com.br\/index.php\/2024\/08\/09\/homem-e-preso-apos-matar-seu-amigo-de-bebedeira-a-facadas-em-cravinhos-x-tudo-ribeirao\/","url_meta":{"origin":18146,"position":0},"title":"Homem \u00e9 preso ap\u00f3s matar seu amigo de bebedeira a facadas em Cravinhos \u2013 X Tudo Ribeir\u00e3o","author":"noticiasribeiraopreto.com.br","date":"9 de August de 2024","format":false,"excerpt":"Um homem foi preso pela PM (Pol\u00edcia Militar) ap\u00f3s matar a facadas seu amigo de cacha\u00e7a depois de uma discuss\u00e3o entre os dois no bairro Nova Cravinhos, no final da tarde deste s\u00e1bado (13\/7), na cidade de Cravinhos.\u00a0 Segundo informa\u00e7\u00f5es da PM, por volta das 18h populares acionaram os Policiais\u2026","rel":"","context":"In &quot;Not\u00edcias de Ribeir\u00e3o Preto-SP e Regi\u00e3o&quot;","block_context":{"text":"Not\u00edcias de Ribeir\u00e3o Preto-SP e Regi\u00e3o","link":"https:\/\/noticiasribeiraopreto.com.br\/index.php\/category\/noticias-de-ribeirao-preto-sp-e-regiao-ismael-colosi\/"},"img":{"alt_text":"","src":"https:\/\/i0.wp.com\/noticiasribeiraopreto.com.br\/wp-content\/uploads\/2024\/08\/WhatsApp-Image-2024-07-13-at-22.45.55.jpeg?fit=1080%2C1080&ssl=1&resize=350%2C200","width":350,"height":200,"srcset":"https:\/\/i0.wp.com\/noticiasribeiraopreto.com.br\/wp-content\/uploads\/2024\/08\/WhatsApp-Image-2024-07-13-at-22.45.55.jpeg?fit=1080%2C1080&ssl=1&resize=350%2C200 1x, https:\/\/i0.wp.com\/noticiasribeiraopreto.com.br\/wp-content\/uploads\/2024\/08\/WhatsApp-Image-2024-07-13-at-22.45.55.jpeg?fit=1080%2C1080&ssl=1&resize=525%2C300 1.5x, https:\/\/i0.wp.com\/noticiasribeiraopreto.com.br\/wp-content\/uploads\/2024\/08\/WhatsApp-Image-2024-07-13-at-22.45.55.jpeg?fit=1080%2C1080&ssl=1&resize=700%2C400 2x, https:\/\/i0.wp.com\/noticiasribeiraopreto.com.br\/wp-content\/uploads\/2024\/08\/WhatsApp-Image-2024-07-13-at-22.45.55.jpeg?fit=1080%2C1080&ssl=1&resize=1050%2C600 3x"},"classes":[]},{"id":9178,"url":"https:\/\/noticiasribeiraopreto.com.br\/index.php\/2023\/12\/01\/utm_sourcerssutm_mediumrssutm_campaignvalentao-e-preso-apos-tentar-matar-a-ex-gravida-em-rp\/","url_meta":{"origin":18146,"position":1},"title":"Valent\u00e3o \u00e9 preso ap\u00f3s tentar matar a ex gr\u00e1vida em RP \u2013 X Tudo Ribeir\u00e3o","author":"noticiasribeiraopreto.com.br","date":"1 de December de 2023","format":false,"excerpt":"Um homem foi preso pela Pol\u00edcia Militar na tarde desta sexta-feira (1\/12), ap\u00f3s tentar matar sua ex-mulher gr\u00e1vida de 4 meses a paulada na Favela do SBT, na zona Oeste de Ribeir\u00e3o Preto. Segundo informa\u00e7\u00f5es preliminares da PM, populares acionaram os Policiais versando sobre um fato, onde uma mulher gr\u00e1vida\u2026","rel":"","context":"In &quot;Not\u00edcias de Ribeir\u00e3o Preto-SP e Regi\u00e3o&quot;","block_context":{"text":"Not\u00edcias de Ribeir\u00e3o Preto-SP e Regi\u00e3o","link":"https:\/\/noticiasribeiraopreto.com.br\/index.php\/category\/noticias-de-ribeirao-preto-sp-e-regiao-ismael-colosi\/"},"img":{"alt_text":"","src":"https:\/\/i0.wp.com\/noticiasribeiraopreto.com.br\/wp-content\/uploads\/2023\/12\/28d53e90-3eab-40b4-a308-082b2c2a22f3.jpeg?fit=1200%2C897&ssl=1&resize=350%2C200","width":350,"height":200,"srcset":"https:\/\/i0.wp.com\/noticiasribeiraopreto.com.br\/wp-content\/uploads\/2023\/12\/28d53e90-3eab-40b4-a308-082b2c2a22f3.jpeg?fit=1200%2C897&ssl=1&resize=350%2C200 1x, https:\/\/i0.wp.com\/noticiasribeiraopreto.com.br\/wp-content\/uploads\/2023\/12\/28d53e90-3eab-40b4-a308-082b2c2a22f3.jpeg?fit=1200%2C897&ssl=1&resize=525%2C300 1.5x, https:\/\/i0.wp.com\/noticiasribeiraopreto.com.br\/wp-content\/uploads\/2023\/12\/28d53e90-3eab-40b4-a308-082b2c2a22f3.jpeg?fit=1200%2C897&ssl=1&resize=700%2C400 2x, https:\/\/i0.wp.com\/noticiasribeiraopreto.com.br\/wp-content\/uploads\/2023\/12\/28d53e90-3eab-40b4-a308-082b2c2a22f3.jpeg?fit=1200%2C897&ssl=1&resize=1050%2C600 3x"},"classes":[]},{"id":6806,"url":"https:\/\/noticiasribeiraopreto.com.br\/index.php\/2023\/11\/26\/utm_sourcerssutm_mediumrssutm_campaignmenor-de-13-anos-tenta-matar-a-mae-a-facadas-apos-ser-proibido-de-brincar-em-praca\/","url_meta":{"origin":18146,"position":2},"title":"Menor de 13 anos tenta matar a m\u00e3e a facadas ap\u00f3s ser proibido de brincar em pra\u00e7a \u2013 X Tudo Ribeir\u00e3o","author":"noticiasribeiraopreto.com.br","date":"26 de November de 2023","format":false,"excerpt":"Um menor de 13 anos foi detido pela Pol\u00edcia Militar ap\u00f3s tentar matar sua pr\u00f3pria m\u00e3e com golpes de faca ap\u00f3s a genitora nao deix\u00e1-lo brincar em uma pra\u00e7a pr\u00f3ximo da sua casa no Parque Ribeir\u00e3o, neste domingo (26\/11). Segundo informa\u00e7\u00f5es da Pol\u00edcia Militar, populares acionaram os Policiais versando sobre\u2026","rel":"","context":"In &quot;Not\u00edcias de Ribeir\u00e3o Preto-SP e Regi\u00e3o&quot;","block_context":{"text":"Not\u00edcias de Ribeir\u00e3o Preto-SP e Regi\u00e3o","link":"https:\/\/noticiasribeiraopreto.com.br\/index.php\/category\/noticias-de-ribeirao-preto-sp-e-regiao-ismael-colosi\/"},"img":{"alt_text":"","src":"https:\/\/i0.wp.com\/noticiasribeiraopreto.com.br\/wp-content\/uploads\/2023\/11\/Faca-suja-de-sangue.png?fit=923%2C587&ssl=1&resize=350%2C200","width":350,"height":200,"srcset":"https:\/\/i0.wp.com\/noticiasribeiraopreto.com.br\/wp-content\/uploads\/2023\/11\/Faca-suja-de-sangue.png?fit=923%2C587&ssl=1&resize=350%2C200 1x, https:\/\/i0.wp.com\/noticiasribeiraopreto.com.br\/wp-content\/uploads\/2023\/11\/Faca-suja-de-sangue.png?fit=923%2C587&ssl=1&resize=525%2C300 1.5x, https:\/\/i0.wp.com\/noticiasribeiraopreto.com.br\/wp-content\/uploads\/2023\/11\/Faca-suja-de-sangue.png?fit=923%2C587&ssl=1&resize=700%2C400 2x"},"classes":[]},{"id":61082,"url":"https:\/\/noticiasribeiraopreto.com.br\/index.php\/2024\/12\/03\/vagabundo-safado-e-preso-apos-tentar-4bus4r-de-3-criancas-em-condominio-na-rua-iguape-em-rp-x-tudo-ribeirao\/","url_meta":{"origin":18146,"position":3},"title":"VAGABUNDO SAFADO \u00c9 PRESO AP\u00d3S TENTAR 4BUS4R DE 3 CRIAN\u00c7AS EM CONDOM\u00cdNIO NA RUA IGUAPE EM RP \u2013 X Tudo Ribeir\u00e3o","author":"noticiasribeiraopreto.com.br","date":"3 de December de 2024","format":false,"excerpt":"Um VAGABUNDO SAFADO QUE J\u00c1 FOI PRESO POR MATAR UMA PESSOA EM 2010 foi preso pela PM (Pol\u00edcia Militar) no \u00faltimo domingo (1\/12), ap\u00f3s tentar 4bus4r s3xu4lm3nt3 de tr\u00eas crian\u00e7as sendo dois meninos e uma menina de 11 e 13 anos, nas depend\u00eancias de um condom\u00ednio situado na rua Iguape,\u2026","rel":"","context":"In &quot;Not\u00edcias de Ribeir\u00e3o Preto-SP e Regi\u00e3o&quot;","block_context":{"text":"Not\u00edcias de Ribeir\u00e3o Preto-SP e Regi\u00e3o","link":"https:\/\/noticiasribeiraopreto.com.br\/index.php\/category\/noticias-de-ribeirao-preto-sp-e-regiao-ismael-colosi\/"},"img":{"alt_text":"","src":"https:\/\/i0.wp.com\/noticiasribeiraopreto.com.br\/wp-content\/uploads\/2024\/12\/WhatsApp-Image-2024-12-03-at-10.48.25.jpeg?fit=1080%2C1080&ssl=1&resize=350%2C200","width":350,"height":200,"srcset":"https:\/\/i0.wp.com\/noticiasribeiraopreto.com.br\/wp-content\/uploads\/2024\/12\/WhatsApp-Image-2024-12-03-at-10.48.25.jpeg?fit=1080%2C1080&ssl=1&resize=350%2C200 1x, https:\/\/i0.wp.com\/noticiasribeiraopreto.com.br\/wp-content\/uploads\/2024\/12\/WhatsApp-Image-2024-12-03-at-10.48.25.jpeg?fit=1080%2C1080&ssl=1&resize=525%2C300 1.5x, https:\/\/i0.wp.com\/noticiasribeiraopreto.com.br\/wp-content\/uploads\/2024\/12\/WhatsApp-Image-2024-12-03-at-10.48.25.jpeg?fit=1080%2C1080&ssl=1&resize=700%2C400 2x, https:\/\/i0.wp.com\/noticiasribeiraopreto.com.br\/wp-content\/uploads\/2024\/12\/WhatsApp-Image-2024-12-03-at-10.48.25.jpeg?fit=1080%2C1080&ssl=1&resize=1050%2C600 3x"},"classes":[]},{"id":69346,"url":"https:\/\/noticiasribeiraopreto.com.br\/index.php\/2025\/05\/05\/mulher-e-presa-suspeita-de-tentar-matar-o-companheiro-a-facadas-em-ribeirao-preto\/","url_meta":{"origin":18146,"position":4},"title":"Mulher \u00e9 presa suspeita de tentar matar o companheiro a facadas em Ribeir\u00e3o Preto","author":"noticiasribeiraopreto.com.br","date":"5 de May de 2025","format":false,"excerpt":"Uma mulher foi presa nesta segunda-feira (5) suspeita de tentar matar o companheiro a facadas, na Vila Carvalho, zona Norte de Ribeir\u00e3o Preto. Segundo a PM (Pol\u00edcia Militar), o homem foi socorrido em estado grave com ferimentos no t\u00f3rax, m\u00e3os e perna, depois de ser encontrado ca\u00eddo no cruzamento da\u2026","rel":"","context":"In &quot;Not\u00edcias de Ribeir\u00e3o Preto-SP e Regi\u00e3o&quot;","block_context":{"text":"Not\u00edcias de Ribeir\u00e3o Preto-SP e Regi\u00e3o","link":"https:\/\/noticiasribeiraopreto.com.br\/index.php\/category\/noticias-de-ribeirao-preto-sp-e-regiao-ismael-colosi\/"},"img":{"alt_text":"","src":"https:\/\/i0.wp.com\/noticiasribeiraopreto.com.br\/wp-content\/uploads\/2025\/05\/policia-militar-nova_2025-04-24_13-00-57.webp.webp?fit=1200%2C799&ssl=1&resize=350%2C200","width":350,"height":200,"srcset":"https:\/\/i0.wp.com\/noticiasribeiraopreto.com.br\/wp-content\/uploads\/2025\/05\/policia-militar-nova_2025-04-24_13-00-57.webp.webp?fit=1200%2C799&ssl=1&resize=350%2C200 1x, https:\/\/i0.wp.com\/noticiasribeiraopreto.com.br\/wp-content\/uploads\/2025\/05\/policia-militar-nova_2025-04-24_13-00-57.webp.webp?fit=1200%2C799&ssl=1&resize=525%2C300 1.5x, https:\/\/i0.wp.com\/noticiasribeiraopreto.com.br\/wp-content\/uploads\/2025\/05\/policia-militar-nova_2025-04-24_13-00-57.webp.webp?fit=1200%2C799&ssl=1&resize=700%2C400 2x, https:\/\/i0.wp.com\/noticiasribeiraopreto.com.br\/wp-content\/uploads\/2025\/05\/policia-militar-nova_2025-04-24_13-00-57.webp.webp?fit=1200%2C799&ssl=1&resize=1050%2C600 3x"},"classes":[]},{"id":20515,"url":"https:\/\/noticiasribeiraopreto.com.br\/index.php\/2023\/12\/25\/utm_sourcerssutm_mediumrssutm_campaignhomem-e-preso-apos-tentar-m4t4r-desafeto-com-golpes-de-paulada-na-cabeca-em-ribeirao-preto\/","url_meta":{"origin":18146,"position":5},"title":"Homem \u00e9 preso ap\u00f3s TENTAR M4T4R desafeto com golpes de paulada na cabe\u00e7a em Ribeir\u00e3o Preto \u2013 X Tudo Ribeir\u00e3o","author":"noticiasribeiraopreto.com.br","date":"25 de December de 2023","format":false,"excerpt":"Um homem foi preso pela PM (Pol\u00edcia Militar) ap\u00f3s tentar matar outro homem a pauladas durante uma briga na manh\u00e3 desta segunda-feira (25\/12), na avenida F\u00e1bio Barreto, no bairro Campos El\u00edseos em Ribeir\u00e3o Preto.\u00a0 Segundo informa\u00e7\u00f5es da PM, populares acionaram os Policiais versando sobre uma briga, onde teria um homem\u2026","rel":"","context":"In &quot;Not\u00edcias de Ribeir\u00e3o Preto-SP e Regi\u00e3o&quot;","block_context":{"text":"Not\u00edcias de Ribeir\u00e3o Preto-SP e Regi\u00e3o","link":"https:\/\/noticiasribeiraopreto.com.br\/index.php\/category\/noticias-de-ribeirao-preto-sp-e-regiao-ismael-colosi\/"},"img":{"alt_text":"","src":"https:\/\/i0.wp.com\/noticiasribeiraopreto.com.br\/wp-content\/uploads\/2023\/12\/ambulancia-samu.jpeg?fit=880%2C550&ssl=1&resize=350%2C200","width":350,"height":200,"srcset":"https:\/\/i0.wp.com\/noticiasribeiraopreto.com.br\/wp-content\/uploads\/2023\/12\/ambulancia-samu.jpeg?fit=880%2C550&ssl=1&resize=350%2C200 1x, https:\/\/i0.wp.com\/noticiasribeiraopreto.com.br\/wp-content\/uploads\/2023\/12\/ambulancia-samu.jpeg?fit=880%2C550&ssl=1&resize=525%2C300 1.5x, https:\/\/i0.wp.com\/noticiasribeiraopreto.com.br\/wp-content\/uploads\/2023\/12\/ambulancia-samu.jpeg?fit=880%2C550&ssl=1&resize=700%2C400 2x"},"classes":[]}],"jetpack_sharing_enabled":true,"jetpack_shortlink":"https:\/\/wp.me\/peQAOb-4IG","_links":{"self":[{"href":"https:\/\/noticiasribeiraopreto.com.br\/index.php\/wp-json\/wp\/v2\/posts\/18146","targetHints":{"allow":["GET"]}}],"collection":[{"href":"https:\/\/noticiasribeiraopreto.com.br\/index.php\/wp-json\/wp\/v2\/posts"}],"about":[{"href":"https:\/\/noticiasribeiraopreto.com.br\/index.php\/wp-json\/wp\/v2\/types\/post"}],"author":[{"embeddable":true,"href":"https:\/\/noticiasribeiraopreto.com.br\/index.php\/wp-json\/wp\/v2\/users\/1"}],"replies":[{"embeddable":true,"href":"https:\/\/noticiasribeiraopreto.com.br\/index.php\/wp-json\/wp\/v2\/comments?post=18146"}],"version-history":[{"count":0,"href":"https:\/\/noticiasribeiraopreto.com.br\/index.php\/wp-json\/wp\/v2\/posts\/18146\/revisions"}],"wp:featuredmedia":[{"embeddable":true,"href":"https:\/\/noticiasribeiraopreto.com.br\/index.php\/wp-json\/wp\/v2\/media\/18147"}],"wp:attachment":[{"href":"https:\/\/noticiasribeiraopreto.com.br\/index.php\/wp-json\/wp\/v2\/media?parent=18146"}],"wp:term":[{"taxonomy":"category","embeddable":true,"href":"https:\/\/noticiasribeiraopreto.com.br\/index.php\/wp-json\/wp\/v2\/categories?post=18146"},{"taxonomy":"post_tag","embeddable":true,"href":"https:\/\/noticiasribeiraopreto.com.br\/index.php\/wp-json\/wp\/v2\/tags?post=18146"}],"curies":[{"name":"wp","href":"https:\/\/api.w.org\/{rel}","templated":true}]}}