{"id":18150,"date":"2023-12-19T20:40:00","date_gmt":"2023-12-19T23:40:00","guid":{"rendered":"https:\/\/noticiasribeiraopreto.com.br\/index.php\/2023\/12\/19\/credores-aprovam-plano-de-recuperacao-judicial-da-americanas-amer3-veja-como-a-varejista-pretende-pagar-as-dividas-bilionarias\/"},"modified":"2023-12-19T20:40:00","modified_gmt":"2023-12-19T23:40:00","slug":"credores-aprovam-plano-de-recuperacao-judicial-da-americanas-amer3-veja-como-a-varejista-pretende-pagar-as-dividas-bilionarias","status":"publish","type":"post","link":"https:\/\/noticiasribeiraopreto.com.br\/index.php\/2023\/12\/19\/credores-aprovam-plano-de-recuperacao-judicial-da-americanas-amer3-veja-como-a-varejista-pretende-pagar-as-dividas-bilionarias\/","title":{"rendered":"Credores aprovam plano de recupera\u00e7\u00e3o judicial da Americanas (AMER3); veja como a varejista pretende pagar as d\u00edvidas bilion\u00e1rias"},"content":{"rendered":"<div class='code-block code-block-1' style='margin: 8px 0 8px auto; text-align: right; display: block; clear: both;'>\n<p><a href=\"https:\/\/wa.link\/vpicfd\"><img data-recalc-dims=\"1\" class=\"wp-image-4922\" style=\"aspect-ratio: 2.0253164556962027; width: 561px; height: auto;\" src=\"https:\/\/i0.wp.com\/ismaelcolosi.com.br\/wp-content\/uploads\/2023\/11\/grupo-de-empregos-whatsapp-e-facebook-ismael-colosi-vagas.jpg?ssl=1\" alt=\"\" \/><\/a><\/p>\n<!-- \/wp:image -->\n<\/div>\n<p> <br \/>\n<\/p>\n<div id=\"js-first-letter\">\n<p>A <strong>Americanas (AMER3)<\/strong> come\u00e7ou o ano jogando uma bomba em seus acionistas: <a href=\"https:\/\/www.seudinheiro.com\/2023\/empresas\/americanas-amer3-identifica-r-20-bilhoes-em-inconsistencias-contabeis-e-sergio-rial-deixa-o-cargo-de-ceo-da-empresa-entenda-o-caso-lvit\/\" target=\"_blank\" rel=\"noreferrer noopener\">a descoberta de um rombo cont\u00e1bil bilion\u00e1rio<\/a> que levou a um subsequente pedido de recupera\u00e7\u00e3o judicial. Ao longo de 2023, a lista de m\u00e1s not\u00edcias s\u00f3 aumentou, incluindo a confirma\u00e7\u00e3o de fraude, exclus\u00e3o do Ibovespa e uma queda de quase 90% das a\u00e7\u00f5es.<\/p>\n<p>Mas quem permaneceu na base de investidores da varejista terminar\u00e1 o ano com um evento positivo: ap\u00f3s conseguir o apoio da maioria dos credores, a companhia aprovou nesta ter\u00e7a-feira (19) o plano de recupera\u00e7\u00e3o judicial. O sinal verde teve ades\u00e3o de 97,19% por cr\u00e9ditos e de 91,14% por cabe\u00e7a.<\/p>\n<p>Com a aprova\u00e7\u00e3o, a Americanas poder\u00e1 dar andamento na aguardada capitaliza\u00e7\u00e3o da empresa e come\u00e7ar a trabalhar para quitar d\u00e9bitos. Vale destacar que a principal estrat\u00e9gia est\u00e1 em um aumento de capital de R$ 24 bilh\u00f5es que ainda dever\u00e1 ser aprovado em uma futura assembleia.<\/p>\n<p>Do valor total que vai entrar no balan\u00e7o da Americanas,\u00a0<strong>R$ 12 bilh\u00f5es\u00a0<\/strong>vir\u00e3o dos acionistas de refer\u00eancia \u2014 o trio de bilion\u00e1rios\u00a0<strong>Jorge Paulo Lemann<\/strong>,\u00a0<strong>Marcel Telles\u00a0<\/strong>e\u00a0<strong>Carlos Alberto Sicupira<\/strong>.<\/p>\n<p>Quem vai bancar os outros R$ 12 bilh\u00f5es s\u00e3o os bancos credores que se comprometeram a converter os cr\u00e9ditos contra a varejista em a\u00e7\u00f5es.<\/p>\n<h3 class=\"wp-block-heading\" id=\"h-varejistas-de-natal-analistas-recomendam-acao-da-arezzo-arzz3-e-empresa-que-pode-dobrar-na-bolsa\"><a href=\"https:\/\/www.youtube.com\/watch?v=PbUkWwgKPnk\" target=\"_blank\" rel=\"noreferrer noopener\">VAREJISTAS DE NATAL<\/a>: ANALISTAS RECOMENDAM A\u00c7\u00c3O DA AREZZO (ARZZ3) E EMPRESA QUE PODE DOBRAR NA BOLSA<\/h3>\n<figure class=\"wp-block-embed is-type-video is-provider-youtube wp-block-embed-youtube wp-embed-aspect-16-9 wp-has-aspect-ratio\">\n<p>\n<iframe loading=\"lazy\" title=\"VAREJISTAS DE NATAL: ANALISTAS RECOMENDAM A\u00c7\u00c3O DA AREZZO (ARZZ3) E EMPRESA QUE PODE DOBRAR NA BOLSA\" width=\"500\" height=\"281\" src=\"https:\/\/www.youtube.com\/embed\/PbUkWwgKPnk?feature=oembed\" frameborder=\"0\" allow=\"accelerometer; autoplay; clipboard-write; encrypted-media; gyroscope; picture-in-picture; web-share\" referrerpolicy=\"strict-origin-when-cross-origin\" allowfullscreen><\/iframe>\n<\/p>\n<\/figure>\n<h2 class=\"wp-block-heading\" id=\"h-lemann-e-socios-aumentarao-participacao-na-varejista\">Lemann e s\u00f3cios aumentar\u00e3o participa\u00e7\u00e3o na varejista<\/h2>\n<p>Apesar de injetar um dinheiro que \u00e9 muito necess\u00e1rio para a companhia, a capitaliza\u00e7\u00e3o vai impor uma dilui\u00e7\u00e3o brutal aos acionistas que n\u00e3o participarem da opera\u00e7\u00e3o. O que, de certo modo, j\u00e1 era esperado diante do\u00a0<a href=\"https:\/\/www.seudinheiro.com\/2023\/empresas\/americanas-amer3-enfim-revela-como-a-diretoria-anterior-provocou-o-rombo-contabil-bilionario-vinp\/\" target=\"_blank\" rel=\"noreferrer noopener\">rombo no balan\u00e7o da varejista ap\u00f3s a fraude bilion\u00e1ria<\/a>.<\/p>\n<p>Ao pre\u00e7o de R$ 1,30 por a\u00e7\u00e3o <strong>\u2014<\/strong> valor que representa 1,33 vezes o pre\u00e7o m\u00e9dio ponderado por volume das a\u00e7\u00f5es na B3 nos 60 preg\u00f5es anteriores \u00e0 v\u00e9spera da data da aprova\u00e7\u00e3o do plano <strong>\u2014<\/strong> a Americanas ter\u00e1 de emitir mais de 18 bilh\u00f5es de novos pap\u00e9is para chegar aos R$ 24 bilh\u00f5es necess\u00e1rios.<\/p>\n<p>Essa quantidade representa uma dilui\u00e7\u00e3o de pouco mais de 95% em rela\u00e7\u00e3o \u00e0 base acion\u00e1ria atual. \u00c9 quase certo, portanto, que Lemann e os s\u00f3cios aumentem consideravelmente a participa\u00e7\u00e3o na companhia ap\u00f3s a conclus\u00e3o da capitaliza\u00e7\u00e3o.<\/p>\n<p>No limite, os\u00a0bilion\u00e1rios podem ficar com cerca de 49% do capital da Americanas\u00a0se n\u00e3o houver ades\u00e3o dos minorit\u00e1rios \u00e0 opera\u00e7\u00e3o. Atualmente eles possuem 30,12% das a\u00e7\u00f5es da varejista.<\/p>\n<p>Nesse mesmo cen\u00e1rio, os bancos credores passar\u00e3o a deter algo em torno de 48% da companhia. Por fim, a\u00a0capitaliza\u00e7\u00e3o pode diluir a participa\u00e7\u00e3o dos minorit\u00e1rios da Americanas dos atuais 69,88% para algo como 3% do capital.<\/p>\n<p>Abaixo o esquema de pagamentos e cr\u00e9ditos apresentado pela Americanas:<\/p>\n<div class=\"wp-block-image\">\n<figure class=\"aligncenter size-full\"><img data-recalc-dims=\"1\" decoding=\"async\" loading=\"lazy\" width=\"1361\" height=\"775\" src=\"https:\/\/i0.wp.com\/media.seudinheiro.com\/uploads\/2023\/12\/WhatsApp-Image-2023-12-19-at-19.58.48.jpeg?resize=1361%2C775&#038;ssl=1\" alt=\"\" class=\"wp-image-525073\" srcset=\"https:\/\/media.seudinheiro.com\/uploads\/2023\/12\/WhatsApp-Image-2023-12-19-at-19.58.48.jpeg 1361w, https:\/\/media.seudinheiro.com\/uploads\/2023\/12\/WhatsApp-Image-2023-12-19-at-19.58.48-260x148.jpeg 260w\" sizes=\"auto, (max-width: 1361px) 100vw, 1361px\"\/><\/figure>\n<\/div>\n<div class=\"wp-block-image\">\n<figure class=\"aligncenter size-full\"><img data-recalc-dims=\"1\" decoding=\"async\" loading=\"lazy\" width=\"1348\" height=\"759\" src=\"https:\/\/i0.wp.com\/media.seudinheiro.com\/uploads\/2023\/12\/WhatsApp-Image-2023-12-19-at-19.59.36.jpeg?resize=1348%2C759&#038;ssl=1\" alt=\"\" class=\"wp-image-525075\" srcset=\"https:\/\/media.seudinheiro.com\/uploads\/2023\/12\/WhatsApp-Image-2023-12-19-at-19.59.36.jpeg 1348w, https:\/\/media.seudinheiro.com\/uploads\/2023\/12\/WhatsApp-Image-2023-12-19-at-19.59.36-715x402.jpeg 715w, https:\/\/media.seudinheiro.com\/uploads\/2023\/12\/WhatsApp-Image-2023-12-19-at-19.59.36-260x146.jpeg 260w\" sizes=\"auto, (max-width: 1348px) 100vw, 1348px\"\/><\/figure>\n<\/div>\n<h2 class=\"wp-block-heading\" id=\"h-vao-se-os-aneis-da-americanas\">V\u00e3o-se os an\u00e9is da Americanas<\/h2>\n<p>Na semana passada, em apresenta\u00e7\u00e3o aos credores, a Americanas indicou quais ativos ter\u00e1 que vender no processo de recupera\u00e7\u00e3o judicial.<\/p>\n<p>A varejista deve se desfazer do hortifruti Natural da Terra e da Uni.co, dona das marcas Imaginarium e Puket, e admitiu na ocasi\u00e3o que poder\u00e1 fazer transa\u00e7\u00f5es que agreguem valor \u00e0 estrat\u00e9gia com o bra\u00e7o de varejo digital e com a fintech Ame.<\/p>\n<p>No in\u00edcio do m\u00eas passado,\u00a0<a href=\"https:\/\/www.seudinheiro.com\/2023\/empresas\/interessados-na-area-st-marche-negocia-compra-da-natural-da-terra-segundo-jornal-lils\/\" target=\"_blank\" rel=\"noreferrer noopener\">depois de ter anunciado a entrada no per\u00edodo de exclusividade com uma empresa interessada no Natural da Terra<\/a>, a Americanas mudou de ideia e suspendeu as conversas com o potencial comprador. A suspens\u00e3o tamb\u00e9m envolveu as sondagens referentes \u00e0 possibilidade de venda da Uni.Co.<\/p>\n<p>Na ocasi\u00e3o,\u00a0<a href=\"https:\/\/www.seudinheiro.com\/2023\/bolsa-dolar\/americanas-amer3-hortifruti-natural-da-terra-venda-suspende-rsgp\/\" target=\"_blank\" rel=\"noreferrer noopener\">a varejista disse que n\u00e3o tinha planos de curto prazo<\/a>\u00a0para receber novas propostas, mas que avaliaria no futuro os par\u00e2metros para a retomada dos processos de venda.<\/p>\n<h2 class=\"wp-block-heading\" id=\"h-o-balanco-fica-pra-depois\"><strong>O balan\u00e7o fica pra depois<\/strong><\/h2>\n<p>Antes da aprova\u00e7\u00e3o do plano de recupera\u00e7\u00e3o judicial, a Americanas anunciou nesta ter\u00e7a-feira (19) um novo adiamento da divulga\u00e7\u00e3o de resultados, desta vez referentes aos trimestres encerrados em 31 de mar\u00e7o de 2023, 30 de junho de 2023 e 30 de setembro de 2023.<\/p>\n<p>E os n\u00fameros da varejista n\u00e3o devem ser conhecidos t\u00e3o cedo. &#8220;Neste momento, a melhor estimativa \u00e9 de divulg\u00e1-las at\u00e9 31 de janeiro de 2024\u201d, explicou a Americanas em fato relevante.<\/p>\n<p>De acordo com a Americanas, a prepara\u00e7\u00e3o e revis\u00e3o dos resultados do acumulado dos tr\u00eas primeiros trimestres de 2023 estavam sujeitas \u00e0 finaliza\u00e7\u00e3o das demonstra\u00e7\u00f5es financeiras de 2022 e da reapresenta\u00e7\u00e3o do balan\u00e7o de 2021.<\/p>\n<p>Os resultados de 2021 e 2022 foram apresentados no m\u00eas passado, quando a varejista saiu do maior lucro da hist\u00f3ria para preju\u00edzos bilion\u00e1rios. <a href=\"https:\/\/www.seudinheiro.com\/2023\/bolsa-dolar\/americanas-amer3-republica-balanco-2021-2022-rsgp\/\" target=\"_blank\" rel=\"noreferrer noopener\">Relembre os resultados desses per\u00edodos<\/a>. <\/p>\n<\/div>\n<p><br \/>\n<br \/><a href=\"https:\/\/www.seudinheiro.com\/2023\/empresas\/plano-de-recuperacao-judicial-americanas-amer3-lvit-ccgg\/\">Source link <\/a><\/p>\n<!-- CONTENT END 1 -->\n","protected":false},"excerpt":{"rendered":"<p>A Americanas (AMER3) come\u00e7ou o ano jogando uma bomba em seus acionistas: a descoberta de um rombo cont\u00e1bil bilion\u00e1rio que levou a um subsequente pedido&#8230;<\/p>\n","protected":false},"author":1,"featured_media":18151,"comment_status":"open","ping_status":"open","sticky":false,"template":"","format":"standard","meta":{"advanced_seo_description":"","jetpack_seo_html_title":"","jetpack_seo_noindex":false,"jetpack_post_was_ever_published":false,"_jetpack_newsletter_access":"","_jetpack_dont_email_post_to_subs":false,"_jetpack_newsletter_tier_id":0,"_jetpack_memberships_contains_paywalled_content":false,"_jetpack_memberships_contains_paid_content":false,"footnotes":"","jetpack_publicize_message":"","jetpack_publicize_feature_enabled":true,"jetpack_social_post_already_shared":true,"jetpack_social_options":{"image_generator_settings":{"template":"highway","default_image_id":0,"font":"","enabled":false},"version":2}},"categories":[1235],"tags":[],"class_list":["post-18150","post","type-post","status-publish","format-standard","has-post-thumbnail","hentry","category-dinheiro-e-investimento-como-fazer-como-ganhar"],"jetpack_publicize_connections":[],"jetpack_featured_media_url":"https:\/\/i0.wp.com\/noticiasribeiraopreto.com.br\/wp-content\/uploads\/2023\/12\/1703029204_Americanas-Foto-2021-Credito-Divulgacao-scaled-1-715x402.jpg?fit=715%2C402&ssl=1","jetpack-related-posts":[{"id":17369,"url":"https:\/\/noticiasribeiraopreto.com.br\/index.php\/2023\/12\/18\/americanas-amer3-consegue-adesao-de-57-dos-credores-e-pode-aprovar-plano-de-recuperacao-judicial-amanha\/","url_meta":{"origin":18150,"position":0},"title":"Americanas (AMER3) consegue ades\u00e3o de 57% dos credores e pode aprovar plano de recupera\u00e7\u00e3o judicial amanh\u00e3","author":"noticiasribeiraopreto.com.br","date":"18 de December de 2023","format":false,"excerpt":"A aguardada assembleia geral de credores que vai discutir o plano de recupera\u00e7\u00e3o da Americanas (AMER3) acontece amanh\u00e3 (19). Mas as chances de aprova\u00e7\u00e3o aumentaram muito nos \u00faltimos dias. Isso porque a varejista j\u00e1 conseguiu a ades\u00e3o formal de credores que representam 57% da d\u00edvida, sem considerar os cr\u00e9ditos intercompany,\u2026","rel":"","context":"In &quot;Dinheiro e Investimento&quot;","block_context":{"text":"Dinheiro e Investimento","link":"https:\/\/noticiasribeiraopreto.com.br\/index.php\/category\/dinheiro-e-investimento-como-fazer-como-ganhar\/"},"img":{"alt_text":"","src":"https:\/\/i0.wp.com\/noticiasribeiraopreto.com.br\/wp-content\/uploads\/2023\/12\/Americanas-efeito-congelamento-Avenida-Brasil-com-logo-desfocado-creditos-Pinterest-montagem-Brenda-Silva-628x353.jpg?fit=628%2C353&ssl=1&resize=350%2C200","width":350,"height":200,"srcset":"https:\/\/i0.wp.com\/noticiasribeiraopreto.com.br\/wp-content\/uploads\/2023\/12\/Americanas-efeito-congelamento-Avenida-Brasil-com-logo-desfocado-creditos-Pinterest-montagem-Brenda-Silva-628x353.jpg?fit=628%2C353&ssl=1&resize=350%2C200 1x, https:\/\/i0.wp.com\/noticiasribeiraopreto.com.br\/wp-content\/uploads\/2023\/12\/Americanas-efeito-congelamento-Avenida-Brasil-com-logo-desfocado-creditos-Pinterest-montagem-Brenda-Silva-628x353.jpg?fit=628%2C353&ssl=1&resize=525%2C300 1.5x"},"classes":[]},{"id":17844,"url":"https:\/\/noticiasribeiraopreto.com.br\/index.php\/2023\/12\/19\/lemann-e-socios-podem-ficar-com-quase-50-da-americanas-amer3-apos-capitalizacao-bilionaria\/","url_meta":{"origin":18150,"position":1},"title":"Lemann e s\u00f3cios podem ficar com quase 50% da Americanas (AMER3) ap\u00f3s capitaliza\u00e7\u00e3o bilion\u00e1ria","author":"noticiasribeiraopreto.com.br","date":"19 de December de 2023","format":false,"excerpt":"No \"Dia D\" em que os credores v\u00e3o decidir sobre o plano de recupera\u00e7\u00e3o judicial da Americanas (AMER3), a varejista revelou mais um importante detalhe sobre como pretende reduzir o rombo bilion\u00e1rio do balan\u00e7o. O pre\u00e7o por a\u00e7\u00e3o na capitaliza\u00e7\u00e3o de R$ 24 bilh\u00f5es que a companhia pretende fazer ficou\u2026","rel":"","context":"In &quot;Dinheiro e Investimento&quot;","block_context":{"text":"Dinheiro e Investimento","link":"https:\/\/noticiasribeiraopreto.com.br\/index.php\/category\/dinheiro-e-investimento-como-fazer-como-ganhar\/"},"img":{"alt_text":"","src":"https:\/\/i0.wp.com\/noticiasribeiraopreto.com.br\/wp-content\/uploads\/2023\/12\/Lemann-Sicupira-e-Telles-em-frente-a-fachada-da-Americanas-creditos-Shutterstock-site-oficial-Ambev-Seu-Dinheiro-montagem-Brenda-Silva-628x353.jpg?fit=628%2C353&ssl=1&resize=350%2C200","width":350,"height":200,"srcset":"https:\/\/i0.wp.com\/noticiasribeiraopreto.com.br\/wp-content\/uploads\/2023\/12\/Lemann-Sicupira-e-Telles-em-frente-a-fachada-da-Americanas-creditos-Shutterstock-site-oficial-Ambev-Seu-Dinheiro-montagem-Brenda-Silva-628x353.jpg?fit=628%2C353&ssl=1&resize=350%2C200 1x, https:\/\/i0.wp.com\/noticiasribeiraopreto.com.br\/wp-content\/uploads\/2023\/12\/Lemann-Sicupira-e-Telles-em-frente-a-fachada-da-Americanas-creditos-Shutterstock-site-oficial-Ambev-Seu-Dinheiro-montagem-Brenda-Silva-628x353.jpg?fit=628%2C353&ssl=1&resize=525%2C300 1.5x"},"classes":[]},{"id":31209,"url":"https:\/\/noticiasribeiraopreto.com.br\/index.php\/2024\/01\/21\/crise-da-americanas-amer3-fundos-de-pensao-tem-prejuizo-de-quase-r-1-bilhao-com-papeis-da-varejista-mas-nem-tudo-esta-perdido\/","url_meta":{"origin":18150,"position":2},"title":"Crise da Americanas (AMER3): Fundos de pens\u00e3o t\u00eam preju\u00edzo de quase R$ 1 bilh\u00e3o com pap\u00e9is da varejista \u2014 mas nem tudo est\u00e1 perdido","author":"noticiasribeiraopreto.com.br","date":"21 de January de 2024","format":false,"excerpt":"Os fundos de pens\u00e3o do Brasil tiveram uma perda de R$ 956 milh\u00f5es com a crise da Americanas (AMER3) \u2014 que completou um ano em janeiro de 2024 \u2014, segundo a Previc (Superintend\u00eancia Nacional de Previd\u00eancia Complementar). O preju\u00edzo \u00e9 reflexo da desvaloriza\u00e7\u00e3o dos pap\u00e9is emitidos pela varejista, que pediu\u2026","rel":"","context":"In &quot;Dinheiro e Investimento&quot;","block_context":{"text":"Dinheiro e Investimento","link":"https:\/\/noticiasribeiraopreto.com.br\/index.php\/category\/dinheiro-e-investimento-como-fazer-como-ganhar\/"},"img":{"alt_text":"","src":"https:\/\/i0.wp.com\/noticiasribeiraopreto.com.br\/wp-content\/uploads\/2024\/01\/Americanas-Foto-2021-Credito-Divulgacao-scaled-1-715x402.jpg?fit=715%2C402&ssl=1&resize=350%2C200","width":350,"height":200,"srcset":"https:\/\/i0.wp.com\/noticiasribeiraopreto.com.br\/wp-content\/uploads\/2024\/01\/Americanas-Foto-2021-Credito-Divulgacao-scaled-1-715x402.jpg?fit=715%2C402&ssl=1&resize=350%2C200 1x, https:\/\/i0.wp.com\/noticiasribeiraopreto.com.br\/wp-content\/uploads\/2024\/01\/Americanas-Foto-2021-Credito-Divulgacao-scaled-1-715x402.jpg?fit=715%2C402&ssl=1&resize=525%2C300 1.5x, https:\/\/i0.wp.com\/noticiasribeiraopreto.com.br\/wp-content\/uploads\/2024\/01\/Americanas-Foto-2021-Credito-Divulgacao-scaled-1-715x402.jpg?fit=715%2C402&ssl=1&resize=700%2C400 2x"},"classes":[]},{"id":14972,"url":"https:\/\/noticiasribeiraopreto.com.br\/index.php\/2023\/12\/12\/lehman-vai-abrir-a-carteira-mais-cedo-para-ajudar-a-americanas\/","url_meta":{"origin":18150,"position":3},"title":"Lehman vai abrir a carteira mais cedo para ajudar a Americanas","author":"noticiasribeiraopreto.com.br","date":"12 de December de 2023","format":false,"excerpt":"Jorge Paulo Lemann, Marcel Telles e Carlos Alberto Sicupira se preparam para abrir suas carteiras para bilion\u00e1rias para garantir o plano de recupera\u00e7\u00e3o judicial da Americanas (AMER3). De acordo com uma apresenta\u00e7\u00e3o feita nesta ter\u00e7a-feira (12) aos credores, o trio de acionistas de refer\u00eancia se comprometeu a adiantar R$ 3,5\u2026","rel":"","context":"In &quot;Dinheiro e Investimento&quot;","block_context":{"text":"Dinheiro e Investimento","link":"https:\/\/noticiasribeiraopreto.com.br\/index.php\/category\/dinheiro-e-investimento-como-fazer-como-ganhar\/"},"img":{"alt_text":"","src":"https:\/\/i0.wp.com\/noticiasribeiraopreto.com.br\/wp-content\/uploads\/2023\/12\/Layout-Carol-Gama-6-628x353.png?fit=628%2C353&ssl=1&resize=350%2C200","width":350,"height":200,"srcset":"https:\/\/i0.wp.com\/noticiasribeiraopreto.com.br\/wp-content\/uploads\/2023\/12\/Layout-Carol-Gama-6-628x353.png?fit=628%2C353&ssl=1&resize=350%2C200 1x, https:\/\/i0.wp.com\/noticiasribeiraopreto.com.br\/wp-content\/uploads\/2023\/12\/Layout-Carol-Gama-6-628x353.png?fit=628%2C353&ssl=1&resize=525%2C300 1.5x"},"classes":[]},{"id":14682,"url":"https:\/\/noticiasribeiraopreto.com.br\/index.php\/2023\/12\/12\/justica-nega-pedido-do-safra-para-anular-assembleia-de-credores-da-americanas\/","url_meta":{"origin":18150,"position":4},"title":"Justi\u00e7a nega pedido do Safra para anular assembleia de credores da Americanas","author":"noticiasribeiraopreto.com.br","date":"12 de December de 2023","format":false,"excerpt":"A Justi\u00e7a do Rio de Janeiro negou o pedido do Banco Safra para anular a assembleia geral de credores que vai discutir o Plano de Recupera\u00e7\u00e3o Judicial da Americanas. Na peti\u00e7\u00e3o, o banco denunciava cinco tentativas de fraude no acordo e questionava a data da assembleia de credores. Para os\u2026","rel":"","context":"In &quot;Dinheiro e Investimento&quot;","block_context":{"text":"Dinheiro e Investimento","link":"https:\/\/noticiasribeiraopreto.com.br\/index.php\/category\/dinheiro-e-investimento-como-fazer-como-ganhar\/"},"img":{"alt_text":"","src":"https:\/\/i0.wp.com\/noticiasribeiraopreto.com.br\/wp-content\/uploads\/2023\/12\/Americanas-Foto-2021-Credito-Divulgacao-scaled-1-715x402.jpg?fit=715%2C402&ssl=1&resize=350%2C200","width":350,"height":200,"srcset":"https:\/\/i0.wp.com\/noticiasribeiraopreto.com.br\/wp-content\/uploads\/2023\/12\/Americanas-Foto-2021-Credito-Divulgacao-scaled-1-715x402.jpg?fit=715%2C402&ssl=1&resize=350%2C200 1x, https:\/\/i0.wp.com\/noticiasribeiraopreto.com.br\/wp-content\/uploads\/2023\/12\/Americanas-Foto-2021-Credito-Divulgacao-scaled-1-715x402.jpg?fit=715%2C402&ssl=1&resize=525%2C300 1.5x, https:\/\/i0.wp.com\/noticiasribeiraopreto.com.br\/wp-content\/uploads\/2023\/12\/Americanas-Foto-2021-Credito-Divulgacao-scaled-1-715x402.jpg?fit=715%2C402&ssl=1&resize=700%2C400 2x"},"classes":[]},{"id":10598,"url":"https:\/\/noticiasribeiraopreto.com.br\/index.php\/2023\/12\/04\/safra-vai-a-justica-contra-plano-de-recuperacao-da-americanas\/","url_meta":{"origin":18150,"position":5},"title":"Safra vai \u00e0 Justi\u00e7a contra plano de recupera\u00e7\u00e3o da Americanas","author":"noticiasribeiraopreto.com.br","date":"4 de December de 2023","format":false,"excerpt":"O Banco Safra, que n\u00e3o assinou o acordo firmado entre Americanas (AMER3) e banco credores em novembro, partiu novamente ao ataque e questiona a legalidade do plano de recupera\u00e7\u00e3o judicial (PRJ) da rede de varejo. Em peti\u00e7\u00e3o de 44 p\u00e1ginas nesta segunda-feira (4) na Justi\u00e7a, obtida pelo\u00a0Broadcast, solicita a anula\u00e7\u00e3o\u2026","rel":"","context":"In &quot;Dinheiro e Investimento&quot;","block_context":{"text":"Dinheiro e Investimento","link":"https:\/\/noticiasribeiraopreto.com.br\/index.php\/category\/dinheiro-e-investimento-como-fazer-como-ganhar\/"},"img":{"alt_text":"","src":"https:\/\/i0.wp.com\/noticiasribeiraopreto.com.br\/wp-content\/uploads\/2023\/12\/Americanas-628x353.png?fit=628%2C353&ssl=1&resize=350%2C200","width":350,"height":200,"srcset":"https:\/\/i0.wp.com\/noticiasribeiraopreto.com.br\/wp-content\/uploads\/2023\/12\/Americanas-628x353.png?fit=628%2C353&ssl=1&resize=350%2C200 1x, https:\/\/i0.wp.com\/noticiasribeiraopreto.com.br\/wp-content\/uploads\/2023\/12\/Americanas-628x353.png?fit=628%2C353&ssl=1&resize=525%2C300 1.5x"},"classes":[]}],"jetpack_sharing_enabled":true,"jetpack_shortlink":"https:\/\/wp.me\/peQAOb-4IK","_links":{"self":[{"href":"https:\/\/noticiasribeiraopreto.com.br\/index.php\/wp-json\/wp\/v2\/posts\/18150","targetHints":{"allow":["GET"]}}],"collection":[{"href":"https:\/\/noticiasribeiraopreto.com.br\/index.php\/wp-json\/wp\/v2\/posts"}],"about":[{"href":"https:\/\/noticiasribeiraopreto.com.br\/index.php\/wp-json\/wp\/v2\/types\/post"}],"author":[{"embeddable":true,"href":"https:\/\/noticiasribeiraopreto.com.br\/index.php\/wp-json\/wp\/v2\/users\/1"}],"replies":[{"embeddable":true,"href":"https:\/\/noticiasribeiraopreto.com.br\/index.php\/wp-json\/wp\/v2\/comments?post=18150"}],"version-history":[{"count":0,"href":"https:\/\/noticiasribeiraopreto.com.br\/index.php\/wp-json\/wp\/v2\/posts\/18150\/revisions"}],"wp:featuredmedia":[{"embeddable":true,"href":"https:\/\/noticiasribeiraopreto.com.br\/index.php\/wp-json\/wp\/v2\/media\/18151"}],"wp:attachment":[{"href":"https:\/\/noticiasribeiraopreto.com.br\/index.php\/wp-json\/wp\/v2\/media?parent=18150"}],"wp:term":[{"taxonomy":"category","embeddable":true,"href":"https:\/\/noticiasribeiraopreto.com.br\/index.php\/wp-json\/wp\/v2\/categories?post=18150"},{"taxonomy":"post_tag","embeddable":true,"href":"https:\/\/noticiasribeiraopreto.com.br\/index.php\/wp-json\/wp\/v2\/tags?post=18150"}],"curies":[{"name":"wp","href":"https:\/\/api.w.org\/{rel}","templated":true}]}}