{"id":18170,"date":"2023-12-19T21:46:01","date_gmt":"2023-12-20T00:46:01","guid":{"rendered":"https:\/\/noticiasribeiraopreto.com.br\/index.php\/2023\/12\/19\/nova-selecao-pode-ocorrer-para-630-vagas-entenda\/"},"modified":"2023-12-19T21:46:01","modified_gmt":"2023-12-20T00:46:01","slug":"nova-selecao-pode-ocorrer-para-630-vagas-entenda","status":"publish","type":"post","link":"https:\/\/noticiasribeiraopreto.com.br\/index.php\/2023\/12\/19\/nova-selecao-pode-ocorrer-para-630-vagas-entenda\/","title":{"rendered":"nova sele\u00e7\u00e3o pode ocorrer para 630 vagas; entenda"},"content":{"rendered":"<div class='code-block code-block-1' style='margin: 8px 0 8px auto; text-align: right; display: block; clear: both;'>\n<p><a href=\"https:\/\/wa.link\/vpicfd\"><img data-recalc-dims=\"1\" class=\"wp-image-4922\" style=\"aspect-ratio: 2.0253164556962027; width: 561px; height: auto;\" src=\"https:\/\/i0.wp.com\/ismaelcolosi.com.br\/wp-content\/uploads\/2023\/11\/grupo-de-empregos-whatsapp-e-facebook-ismael-colosi-vagas.jpg?ssl=1\" alt=\"\" \/><\/a><\/p>\n<!-- \/wp:image -->\n<\/div>\n<p> <br \/>\n<\/p>\n<div>\n<p>Um novo <a href=\"https:\/\/jcconcursos.com.br\/concurso\/concurso-prefeitura-de-campinas-79116\" rel=\"noopener\" target=\"_blank\">concurso Prefeitura de Campinas SP<\/a> (Prefeitura de Campinas), no interior de S\u00e3o Paulo, pode ser realizado no decorrer dos pr\u00f3ximos meses. Acontece que o prefeito D\u00e1rio Saadi sancionou, na \u00faltima segunda-feira, 18 de dezembro, a lei complementar 439, de 15 de dezembro, que determina a cria\u00e7\u00e3o de nada menos do que 630 vagas em diversos cargos, com \u00eanfase nas \u00e1reas de sa\u00fade e educa\u00e7\u00e3o. No entanto, ainda n\u00e3o h\u00e1 uma defini\u00e7\u00e3o de quando o novo edital poder\u00e1 ser publicado.<\/p>\n<p>De acordo com o documento, a distribui\u00e7\u00e3o das vagas criadas pela <a href=\"https:\/\/portal.campinas.sp.gov.br\/\" rel=\"noopener\" target=\"_blank\">prefetura<\/a> \u00e9 a seguinte:<\/p>\n<ul>\n<li>Agente de Apoio \u00e0 Sa\u00fade -35 vagas<\/li>\n<li>Agente de Suporte em Tecnologias \u2013 10 vagas<\/li>\n<li>Assistente Social \u2013 20 vagas<\/li>\n<li>Auxiliar em Sa\u00fade Bucal \u2013 50 vagas<\/li>\n<li>Contador \u2013 20 vagas<\/li>\n<li>Enfermeiro \u2013 50 vagas<\/li>\n<li>Fisioterapeuta \u2013 25 vagas<\/li>\n<li>Fonoaudi\u00f3logo \u2013 20 vagas<\/li>\n<li>M\u00e9dico Veterin\u00e1rio \u2013 10 vagas<\/li>\n<li>Nutricionista \u2013 25 vagas<\/li>\n<li>Psic\u00f3logo \u2013 100 vagas<\/li>\n<li>T\u00e9cnico em Enfermagem \u2013 200 vagas<\/li>\n<li>T\u00e9cnico em Sa\u00fade Bucal \u2013 40 vagas<\/li>\n<li>Terapeuta Ocupacional \u2013 20 vagas<\/li>\n<li>Optometrista \u2013 5 vagas<\/li>\n<\/ul>\n<h2>Concurso Prefeitura de Campinas SP: veja publica\u00e7\u00e3o oficial<\/h2>\n<p>LEI COMPLEMENTAR N\u00ba 439, DE 15 DE DEZEMBRO DE 2023<\/p>\n<p>Disp\u00f5e sobre a cria\u00e7\u00e3o de cargos p\u00fablicos de provimento efetivo na Prefeitura Municipal de Campinas.<\/p>\n<p>O PREFEITO MUNICIPAL DE CAMPINAS. Fa\u00e7o saber que a C\u00e2mara Municipal aprovou e eu sanciono e promulgo a seguinte Lei Complementar:<\/p>\n<p>Art. 1\u00ba Ficam criados 630 (seiscentos e trinta) cargos p\u00fablicos de provimento efetivo,<br \/>a seguir discriminados:<\/p>\n<p>I \u2013 35 (trinta e cinco) cargos de Agente de Apoio \u00e0 Sa\u00fade;<br \/>II \u2013 10 (dez) cargos de Agente de Suporte em Tecnologias;<br \/>III \u2013 20 (vinte) cargos de Assistente Social;<br \/>IV \u2013 50 (cinquenta) cargos de Auxiliar em Sa\u00fade Bucal;<br \/>V \u2013 20 (vinte) cargos de Contador;<br \/>VI \u2013 50 (cinquenta) cargos de Enfermeiro;<br \/>VII \u2013 25 (vinte e cinco) cargos de Fisioterapeuta;<br \/>VIII \u2013 20 (vinte) cargos de Fonoaudi\u00f3logo;<br \/>IX \u2013 10 (dez) cargos de M\u00e9dico Veterin\u00e1rio;<br \/>X \u2013 25 (vinte e cinco) cargos de Nutricionista;<br \/>XI \u2013 100 (cem) cargos de Psic\u00f3logo;<br \/>XII \u2013 200 (duzentos) cargos de T\u00e9cnico em Enfermagem;<br \/>XIII \u2013 40 (quarenta) cargos de T\u00e9cnico em Sa\u00fade Bucal;<br \/>XIV \u2013 20 (vinte) cargos de Terapeuta Ocupacional;<br \/>XV \u2013 5 (cinco) cargos de Optometrista.<\/p>\n<p>Par\u00e1grafo \u00fanico. Os cargos p\u00fablicos de que trata este artigo passam a integrar os grupos estabelecidos no Quadro Geral de Cargos e no Quadro de Cargos da Sa\u00fade da Lei n\u00ba 12.985, de 28 de junho de 2007, que \u201cdisp\u00f5e sobre o Plano de Cargos, Carreiras e Vencimentos dos Servidores do Munic\u00edpio de Campinas e d\u00e1 outras provid\u00eancias\u201d.<\/p>\n<p>Art. 2\u00ba Os cargos a que se refere o art. 1\u00ba desta Lei Complementar ser\u00e3o providos<br \/>exclusivamente por concurso p\u00fablico de provas ou de provas e t\u00edtulos, conforme estabelecido no art. 5\u00ba da Lei n\u00ba 12.985, de 2007, e suas altera\u00e7\u00f5es posteriores.<\/p>\n<p>Par\u00e1grafo \u00fanico. Os requisitos de ingresso e a descri\u00e7\u00e3o das atribui\u00e7\u00f5es dos cargos<br \/>criados por esta Lei Complementar constam dos anexos I-A, I-B, II-A e II-B da Lei n\u00ba<br \/>12.985, de 2007, e suas altera\u00e7\u00f5es posteriores.<\/p>\n<p>Art. 3\u00ba As despesas com a execu\u00e7\u00e3o desta Lei Complementar correr\u00e3o por conta de<br \/>dota\u00e7\u00f5es or\u00e7ament\u00e1rias pr\u00f3prias, suplementadas, se necess\u00e1rio.<\/p>\n<p>Art. 4\u00ba Esta Lei Complementar entra em vigor na data de sua publica\u00e7\u00e3o.<\/p>\n<p>Campinas, 15 de dezembro de 2023<br \/>D\u00c1RIO SAADI<br \/>Prefeito Municipal\u00a0\u00a0<\/p>\n<h2>Saiba como foi a \u00faltima sele\u00e7\u00e3o<\/h2>\n<p>O \u00faltimo<strong> concurso Prefeitura de Campinas SP<\/strong> \u00e9 recente e ocorreu em 2023, para o preenchmento de 70 vagas para as \u00e1reas de educa\u00e7\u00e3o e defesa civil, com n\u00edveis m\u00e9dio e superior. A banca organizadora foi a Funda\u00e7\u00e3o Vunesp<\/p>\n<p>No caso de ensino m\u00e9dio, a oferta foi a seguinte:<\/p>\n<ul>\n<li>agente de organiza\u00e7\u00e3o escolar\u00a0 \u2013 2 vagas<\/li>\n<li>agente de defesa civil \u2013 5 vagas<\/li>\n<\/ul>\n<p>Para n\u00edvel superior:<\/p>\n<ul>\n<li>professores \u2013 59 vagas<\/li>\n<li>diretor e vice-diretor \u2013 4 vagas<\/li>\n<\/ul>\n<p>No caso de professor, a distribui\u00e7\u00e3o foi a seguinte:<\/p>\n<ul>\n<li>professor de educa\u00e7\u00e3o b\u00e1sica I \u2013 PEB I \u2013 educa\u00e7\u00e3o infantil \u2013 30 vagas<\/li>\n<li>professor de educa\u00e7\u00e3o b\u00e1sica III \u2013 PEB III \u2013 ci\u00eancias \u2013 anos finais do ensino fundamental \u2013 2 vagas<\/li>\n<li>professor de educa\u00e7\u00e3o b\u00e1sica IV \u2013 PEB IV \u2013 educa\u00e7\u00e3o especial \u2013 14 vagas<\/li>\n<li>professor adjunto I \u2013 educa\u00e7\u00e3o infantil e anos iniciais do ensino fundamental-5 vagas<\/li>\n<li>professor adjunto II \u2013 arte \u2013 ensino fundamental anos iniciais e finais \u2013 2 vagas<\/li>\n<li>professor adjunto II \u2013 educa\u00e7\u00e3o f\u00edsica \u2013 ensino fundamental anos iniciais e finais \u2013 2 vagas<\/li>\n<li>professor adjunto II \u2013 hist\u00f3ria \u2013 anos finais do ensino fundamental\u00a0 -2 vagas<\/li>\n<li>professor adjunto II \u2013 ingl\u00eas \u2013 ensino fundamental anos iniciais e finais \u2013 2 vagas<\/li>\n<li>diretor educacional \u2013 2 vagas<\/li>\n<li>vice-diretor \u2013 2 vagas<\/li>\n<\/ul>\n<p><a id=\"gnews_btn\" href=\"https:\/\/news.google.com\/publications\/CAAqBwgKMOixlQswuZWrAw\" target=\"_blank\" class=\"border_jc_blue link_hover_bg_jc_blue font_85 d-block d-md-inline-block px-2 py-1 mr-0 mr-md-2 mb-3 w-100 text-center\" rel=\"noopener\"><span class=\"text_jc_blue\">Siga o <strong>JC Concursos no Google News<\/strong><\/span><\/a><span id=\"resumo\" class=\"anchor_link\"\/><a href=\"https:\/\/jcconcursos.com.br\/\" class=\"badge badge-light\">concursos<\/a><a href=\"https:\/\/jcconcursos.com.br\/concursos\/previstos\" class=\"badge badge-light\">concursos 2023<\/a><a href=\"https:\/\/jcconcursos.com.br\/concursos\/sp\" class=\"badge badge-light\">concursos sp (s\u00e3o paulo)<\/a><a href=\"https:\/\/jcconcursos.com.br\/provas\/por-orgao\" class=\"badge badge-light\">provas anteriores<\/a><\/p>\n<\/div>\n<p><br \/>\n<br \/><a href=\"https:\/\/ismaelcolosi.com.br\/nova-selecao-pode-ocorrer-para-630-vagas-entenda\/\">Source link <\/a><\/p>\n<!-- CONTENT END 1 -->\n","protected":false},"excerpt":{"rendered":"<p>Um novo concurso Prefeitura de Campinas SP (Prefeitura de Campinas), no interior de S\u00e3o Paulo, pode ser realizado no decorrer dos pr\u00f3ximos meses. Acontece que&#8230;<\/p>\n","protected":false},"author":1,"featured_media":18171,"comment_status":"open","ping_status":"open","sticky":false,"template":"","format":"standard","meta":{"advanced_seo_description":"","jetpack_seo_html_title":"","jetpack_seo_noindex":false,"jetpack_post_was_ever_published":false,"_jetpack_newsletter_access":"","_jetpack_dont_email_post_to_subs":false,"_jetpack_newsletter_tier_id":0,"_jetpack_memberships_contains_paywalled_content":false,"_jetpack_memberships_contains_paid_content":false,"footnotes":"","jetpack_publicize_message":"","jetpack_publicize_feature_enabled":true,"jetpack_social_post_already_shared":true,"jetpack_social_options":{"image_generator_settings":{"template":"highway","default_image_id":0,"font":"","enabled":false},"version":2}},"categories":[7],"tags":[],"class_list":["post-18170","post","type-post","status-publish","format-standard","has-post-thumbnail","hentry","category-vagas-de-empregos-em-ribeirao-preto-regiao-brasil"],"jetpack_publicize_connections":[],"jetpack_featured_media_url":"https:\/\/i0.wp.com\/noticiasribeiraopreto.com.br\/wp-content\/uploads\/2023\/12\/concurso-prefeitura-campinas-1.jpg?fit=1920%2C1080&ssl=1","jetpack-related-posts":[{"id":22318,"url":"https:\/\/noticiasribeiraopreto.com.br\/index.php\/2023\/12\/29\/vagas-em-novo-concurso-prefeitura-publica-edital-para-161-oportunidades-para-agente-de-saude-pagando-quase-r-3-mil\/","url_meta":{"origin":18170,"position":0},"title":"Vagas em novo concurso: Prefeitura publica edital para 161 oportunidades para agente de sa\u00fade, pagando quase R$ 3 mil","author":"noticiasribeiraopreto.com.br","date":"29 de December de 2023","format":false,"excerpt":"Foto: UFJF\/Divulga\u00e7\u00e3o Garanta seu futuro agora! Edital da Prefeitura de Juiz de Fora abre para 161 vagas em carreiras na sa\u00fade abre dia 19 de Fevereiro\u00a0 Segundo o Portal G1, a Prefeitura de Juiz de Fora acaba de divulgar um edital promissor para quem busca uma oportunidade de emprego na\u2026","rel":"","context":"In &quot;Vagas de Emprego em Ribeir\u00e3o Preto-SP&quot;","block_context":{"text":"Vagas de Emprego em Ribeir\u00e3o Preto-SP","link":"https:\/\/noticiasribeiraopreto.com.br\/index.php\/category\/empregos-classificados-vagas-trabalho\/vagas-de-empregos-em-ribeirao-preto-regiao-brasil\/"},"img":{"alt_text":"","src":"https:\/\/i0.wp.com\/noticiasribeiraopreto.com.br\/wp-content\/uploads\/2023\/12\/agentesaude-830x450.jpg?fit=830%2C450&ssl=1&resize=350%2C200","width":350,"height":200,"srcset":"https:\/\/i0.wp.com\/noticiasribeiraopreto.com.br\/wp-content\/uploads\/2023\/12\/agentesaude-830x450.jpg?fit=830%2C450&ssl=1&resize=350%2C200 1x, https:\/\/i0.wp.com\/noticiasribeiraopreto.com.br\/wp-content\/uploads\/2023\/12\/agentesaude-830x450.jpg?fit=830%2C450&ssl=1&resize=525%2C300 1.5x, https:\/\/i0.wp.com\/noticiasribeiraopreto.com.br\/wp-content\/uploads\/2023\/12\/agentesaude-830x450.jpg?fit=830%2C450&ssl=1&resize=700%2C400 2x"},"classes":[]},{"id":78888,"url":"https:\/\/noticiasribeiraopreto.com.br\/index.php\/2025\/10\/20\/prefeitura-no-interior-de-sp-abre-inscricoes-para-concurso-publico-com-36-vagas-veja-como-se-inscrever\/","url_meta":{"origin":18170,"position":1},"title":"Prefeitura no interior de SP abre inscri\u00e7\u00f5es para concurso p\u00fablico com 36 vagas; Veja como se inscrever","author":"noticiasribeiraopreto.com.br","date":"20 de October de 2025","format":false,"excerpt":"A Prefeitura de Serra Azul, cidade no interior de S\u00e3o Paulo, publicou edital de concurso p\u00fablico com 36 vagas para os n\u00edveis m\u00e9dio, t\u00e9cnico e superior, al\u00e9m de forma\u00e7\u00e3o de cadastro reserva. Os sal\u00e1rios variam entre R$ 1.853,19 e R$ 3.232,39. Para o cargo de Professor, a carga hor\u00e1ria ser\u00e1\u2026","rel":"","context":"In &quot;Not\u00edcias de Ribeir\u00e3o Preto-SP e Regi\u00e3o&quot;","block_context":{"text":"Not\u00edcias de Ribeir\u00e3o Preto-SP e Regi\u00e3o","link":"https:\/\/noticiasribeiraopreto.com.br\/index.php\/category\/noticias-de-ribeirao-preto-sp-e-regiao-ismael-colosi\/"},"img":{"alt_text":"","src":"https:\/\/i0.wp.com\/noticiasribeiraopreto.com.br\/wp-content\/uploads\/2025\/06\/african-american-teen-solving-school-assignment-literature-class-lesson_2025-06-29_15-53-51.webp.webp?fit=1200%2C800&ssl=1&resize=350%2C200","width":350,"height":200,"srcset":"https:\/\/i0.wp.com\/noticiasribeiraopreto.com.br\/wp-content\/uploads\/2025\/06\/african-american-teen-solving-school-assignment-literature-class-lesson_2025-06-29_15-53-51.webp.webp?fit=1200%2C800&ssl=1&resize=350%2C200 1x, https:\/\/i0.wp.com\/noticiasribeiraopreto.com.br\/wp-content\/uploads\/2025\/06\/african-american-teen-solving-school-assignment-literature-class-lesson_2025-06-29_15-53-51.webp.webp?fit=1200%2C800&ssl=1&resize=525%2C300 1.5x, https:\/\/i0.wp.com\/noticiasribeiraopreto.com.br\/wp-content\/uploads\/2025\/06\/african-american-teen-solving-school-assignment-literature-class-lesson_2025-06-29_15-53-51.webp.webp?fit=1200%2C800&ssl=1&resize=700%2C400 2x, https:\/\/i0.wp.com\/noticiasribeiraopreto.com.br\/wp-content\/uploads\/2025\/06\/african-american-teen-solving-school-assignment-literature-class-lesson_2025-06-29_15-53-51.webp.webp?fit=1200%2C800&ssl=1&resize=1050%2C600 3x"},"classes":[]},{"id":36364,"url":"https:\/\/noticiasribeiraopreto.com.br\/index.php\/2024\/02\/09\/prefeitura-no-interior-de-sp-tem-concurso-publico-com-37-vagas-e-salarios-de-r-11-mil\/","url_meta":{"origin":18170,"position":2},"title":"Prefeitura no interior de SP tem concurso p\u00fablico com 37 vagas e sal\u00e1rios de R$ 11 mil","author":"noticiasribeiraopreto.com.br","date":"9 de February de 2024","format":false,"excerpt":"A Prefeitura de Altin\u00f3polis, no interior de S\u00e3o Paulo, publicou edital de concurso p\u00fablico com 37 vagas de n\u00edvel fundamental, m\u00e9dio, t\u00e9cnico e superior. Os sal\u00e1rios variam entre R$ 1,4 mil e R$ 11,2 mil. As inscri\u00e7\u00f5es devem ser realizadas pela internet (clique aqui) no per\u00edodo entre 12 de fevereiro\u2026","rel":"","context":"In &quot;Not\u00edcias de Ribeir\u00e3o Preto-SP e Regi\u00e3o&quot;","block_context":{"text":"Not\u00edcias de Ribeir\u00e3o Preto-SP e Regi\u00e3o","link":"https:\/\/noticiasribeiraopreto.com.br\/index.php\/category\/noticias-de-ribeirao-preto-sp-e-regiao-ismael-colosi\/"},"img":{"alt_text":"","src":"https:\/\/i0.wp.com\/noticiasribeiraopreto.com.br\/wp-content\/uploads\/2024\/02\/concurso-publico-16.jpg?fit=1200%2C801&ssl=1&resize=350%2C200","width":350,"height":200,"srcset":"https:\/\/i0.wp.com\/noticiasribeiraopreto.com.br\/wp-content\/uploads\/2024\/02\/concurso-publico-16.jpg?fit=1200%2C801&ssl=1&resize=350%2C200 1x, https:\/\/i0.wp.com\/noticiasribeiraopreto.com.br\/wp-content\/uploads\/2024\/02\/concurso-publico-16.jpg?fit=1200%2C801&ssl=1&resize=525%2C300 1.5x, https:\/\/i0.wp.com\/noticiasribeiraopreto.com.br\/wp-content\/uploads\/2024\/02\/concurso-publico-16.jpg?fit=1200%2C801&ssl=1&resize=700%2C400 2x, https:\/\/i0.wp.com\/noticiasribeiraopreto.com.br\/wp-content\/uploads\/2024\/02\/concurso-publico-16.jpg?fit=1200%2C801&ssl=1&resize=1050%2C600 3x"},"classes":[]},{"id":55862,"url":"https:\/\/noticiasribeiraopreto.com.br\/index.php\/2024\/08\/07\/senac-abre-54-mil-vagas-para-cursos-gratuitos-com-certificado-em-diversas-areas-veja-como-se-inscrever\/","url_meta":{"origin":18170,"position":3},"title":"Senac Abre 5,4 Mil Vagas para Cursos Gratuitos com Certificado em Diversas \u00c1reas; Veja Como se Inscrever","author":"noticiasribeiraopreto.com.br","date":"7 de August de 2024","format":false,"excerpt":"S\u00e3o mais de 5.400 vagas para os cursos livres com certificados dispon\u00edveis nas unidades de Americana (SP), Campinas (SP), Itapira (SP) e Mogiguaz\u00fa (SP). Se voc\u00ea mora em uma dessas cidades ou arredores, esta pode ser a oportunidade que voc\u00ea estava esperando para atualizar seu curr\u00edculo! De acordo com o\u2026","rel":"","context":"In &quot;Empregos - Classificados&quot;","block_context":{"text":"Empregos - Classificados","link":"https:\/\/noticiasribeiraopreto.com.br\/index.php\/category\/empregos-classificados-vagas-trabalho\/"},"img":{"alt_text":"","src":"https:\/\/i0.wp.com\/noticiasribeiraopreto.com.br\/wp-content\/uploads\/2024\/08\/www.Redebrasilnews.com_.br_.webp.webp?fit=1200%2C630&ssl=1&resize=350%2C200","width":350,"height":200,"srcset":"https:\/\/i0.wp.com\/noticiasribeiraopreto.com.br\/wp-content\/uploads\/2024\/08\/www.Redebrasilnews.com_.br_.webp.webp?fit=1200%2C630&ssl=1&resize=350%2C200 1x, https:\/\/i0.wp.com\/noticiasribeiraopreto.com.br\/wp-content\/uploads\/2024\/08\/www.Redebrasilnews.com_.br_.webp.webp?fit=1200%2C630&ssl=1&resize=525%2C300 1.5x, https:\/\/i0.wp.com\/noticiasribeiraopreto.com.br\/wp-content\/uploads\/2024\/08\/www.Redebrasilnews.com_.br_.webp.webp?fit=1200%2C630&ssl=1&resize=700%2C400 2x, https:\/\/i0.wp.com\/noticiasribeiraopreto.com.br\/wp-content\/uploads\/2024\/08\/www.Redebrasilnews.com_.br_.webp.webp?fit=1200%2C630&ssl=1&resize=1050%2C600 3x"},"classes":[]},{"id":77378,"url":"https:\/\/noticiasribeiraopreto.com.br\/index.php\/2025\/09\/17\/prefeitura-no-interior-de-sp-publica-edital-de-concurso-com-salarios-de-ate-r-71-mil\/","url_meta":{"origin":18170,"position":4},"title":"Prefeitura no interior de SP publica edital de concurso com sal\u00e1rios de at\u00e9 R$ 7,1 mil","author":"noticiasribeiraopreto.com.br","date":"17 de September de 2025","format":false,"excerpt":"A Prefeitura de Cajuru, no interior de S\u00e3o Paulo, abriu concurso p\u00fablico para a contra\u00e7\u00e3o de profissionais de n\u00edvel fundamental, m\u00e9dio e superior, com sal\u00e1rios que variam de R$ 1,5 mil a R$ 7,1 mil. As oportunidades s\u00e3o para diferentes cargos, al\u00e9m da forma\u00e7\u00e3o de cadastro reserva \u2013 veja a\u2026","rel":"","context":"In &quot;Not\u00edcias de Ribeir\u00e3o Preto-SP e Regi\u00e3o&quot;","block_context":{"text":"Not\u00edcias de Ribeir\u00e3o Preto-SP e Regi\u00e3o","link":"https:\/\/noticiasribeiraopreto.com.br\/index.php\/category\/noticias-de-ribeirao-preto-sp-e-regiao-ismael-colosi\/"},"img":{"alt_text":"","src":"https:\/\/i0.wp.com\/noticiasribeiraopreto.com.br\/wp-content\/uploads\/2025\/09\/Copia-de-Copia-de-Copia-de-TAMANHO-EXATO-PARA-FOTOS-NO-SISTEMA-NOVO-2025-09-17T162548.484_2025-09-17_19-25-53.webp.webp?fit=1200%2C675&ssl=1&resize=350%2C200","width":350,"height":200,"srcset":"https:\/\/i0.wp.com\/noticiasribeiraopreto.com.br\/wp-content\/uploads\/2025\/09\/Copia-de-Copia-de-Copia-de-TAMANHO-EXATO-PARA-FOTOS-NO-SISTEMA-NOVO-2025-09-17T162548.484_2025-09-17_19-25-53.webp.webp?fit=1200%2C675&ssl=1&resize=350%2C200 1x, https:\/\/i0.wp.com\/noticiasribeiraopreto.com.br\/wp-content\/uploads\/2025\/09\/Copia-de-Copia-de-Copia-de-TAMANHO-EXATO-PARA-FOTOS-NO-SISTEMA-NOVO-2025-09-17T162548.484_2025-09-17_19-25-53.webp.webp?fit=1200%2C675&ssl=1&resize=525%2C300 1.5x, https:\/\/i0.wp.com\/noticiasribeiraopreto.com.br\/wp-content\/uploads\/2025\/09\/Copia-de-Copia-de-Copia-de-TAMANHO-EXATO-PARA-FOTOS-NO-SISTEMA-NOVO-2025-09-17T162548.484_2025-09-17_19-25-53.webp.webp?fit=1200%2C675&ssl=1&resize=700%2C400 2x, https:\/\/i0.wp.com\/noticiasribeiraopreto.com.br\/wp-content\/uploads\/2025\/09\/Copia-de-Copia-de-Copia-de-TAMANHO-EXATO-PARA-FOTOS-NO-SISTEMA-NOVO-2025-09-17T162548.484_2025-09-17_19-25-53.webp.webp?fit=1200%2C675&ssl=1&resize=1050%2C600 3x"},"classes":[]},{"id":25818,"url":"https:\/\/noticiasribeiraopreto.com.br\/index.php\/2024\/01\/08\/veja-como-fazer-inscricao-nos-concursos-publicos-da-prefeitura-de-ribeirao-preto\/","url_meta":{"origin":18170,"position":5},"title":"Veja como fazer a inscri\u00e7\u00e3o nos concursos p\u00fablicos da Prefeitura de Ribeir\u00e3o Preto","author":"noticiasribeiraopreto.com.br","date":"8 de January de 2024","format":false,"excerpt":"A Prefeitura de Ribeir\u00e3o Preto est\u00e1 com as inscri\u00e7\u00f5es abertas para dois concursos p\u00fablicos com 28 vagas e sal\u00e1rios entre R$ 2,5 mil e R$ 5,6 mil. Os cargos s\u00e3o de n\u00edvel fundamental, m\u00e9dio, t\u00e9cnico e superior. Para o concurso p\u00fablico do edital 06\/2023 as inscri\u00e7\u00f5es come\u00e7aram na \u00faltima ter\u00e7a-feira\u2026","rel":"","context":"In &quot;Not\u00edcias de Ribeir\u00e3o Preto-SP e Regi\u00e3o&quot;","block_context":{"text":"Not\u00edcias de Ribeir\u00e3o Preto-SP e Regi\u00e3o","link":"https:\/\/noticiasribeiraopreto.com.br\/index.php\/category\/noticias-de-ribeirao-preto-sp-e-regiao-ismael-colosi\/"},"img":{"alt_text":"","src":"https:\/\/i0.wp.com\/noticiasribeiraopreto.com.br\/wp-content\/uploads\/2024\/01\/concurso-publico.jpg?fit=1200%2C800&ssl=1&resize=350%2C200","width":350,"height":200,"srcset":"https:\/\/i0.wp.com\/noticiasribeiraopreto.com.br\/wp-content\/uploads\/2024\/01\/concurso-publico.jpg?fit=1200%2C800&ssl=1&resize=350%2C200 1x, https:\/\/i0.wp.com\/noticiasribeiraopreto.com.br\/wp-content\/uploads\/2024\/01\/concurso-publico.jpg?fit=1200%2C800&ssl=1&resize=525%2C300 1.5x, https:\/\/i0.wp.com\/noticiasribeiraopreto.com.br\/wp-content\/uploads\/2024\/01\/concurso-publico.jpg?fit=1200%2C800&ssl=1&resize=700%2C400 2x, https:\/\/i0.wp.com\/noticiasribeiraopreto.com.br\/wp-content\/uploads\/2024\/01\/concurso-publico.jpg?fit=1200%2C800&ssl=1&resize=1050%2C600 3x"},"classes":[]}],"jetpack_sharing_enabled":true,"jetpack_shortlink":"https:\/\/wp.me\/peQAOb-4J4","_links":{"self":[{"href":"https:\/\/noticiasribeiraopreto.com.br\/index.php\/wp-json\/wp\/v2\/posts\/18170","targetHints":{"allow":["GET"]}}],"collection":[{"href":"https:\/\/noticiasribeiraopreto.com.br\/index.php\/wp-json\/wp\/v2\/posts"}],"about":[{"href":"https:\/\/noticiasribeiraopreto.com.br\/index.php\/wp-json\/wp\/v2\/types\/post"}],"author":[{"embeddable":true,"href":"https:\/\/noticiasribeiraopreto.com.br\/index.php\/wp-json\/wp\/v2\/users\/1"}],"replies":[{"embeddable":true,"href":"https:\/\/noticiasribeiraopreto.com.br\/index.php\/wp-json\/wp\/v2\/comments?post=18170"}],"version-history":[{"count":0,"href":"https:\/\/noticiasribeiraopreto.com.br\/index.php\/wp-json\/wp\/v2\/posts\/18170\/revisions"}],"wp:featuredmedia":[{"embeddable":true,"href":"https:\/\/noticiasribeiraopreto.com.br\/index.php\/wp-json\/wp\/v2\/media\/18171"}],"wp:attachment":[{"href":"https:\/\/noticiasribeiraopreto.com.br\/index.php\/wp-json\/wp\/v2\/media?parent=18170"}],"wp:term":[{"taxonomy":"category","embeddable":true,"href":"https:\/\/noticiasribeiraopreto.com.br\/index.php\/wp-json\/wp\/v2\/categories?post=18170"},{"taxonomy":"post_tag","embeddable":true,"href":"https:\/\/noticiasribeiraopreto.com.br\/index.php\/wp-json\/wp\/v2\/tags?post=18170"}],"curies":[{"name":"wp","href":"https:\/\/api.w.org\/{rel}","templated":true}]}}