{"id":18172,"date":"2023-12-19T21:48:25","date_gmt":"2023-12-20T00:48:25","guid":{"rendered":"https:\/\/noticiasribeiraopreto.com.br\/index.php\/2023\/12\/19\/utm_sourcerssutm_mediumrssutm_campaignprocurado-pela-justica-e-preso-com-carro-duble-pelo-baep-em-jardinopolis\/"},"modified":"2023-12-19T21:48:25","modified_gmt":"2023-12-20T00:48:25","slug":"utm_sourcerssutm_mediumrssutm_campaignprocurado-pela-justica-e-preso-com-carro-duble-pelo-baep-em-jardinopolis","status":"publish","type":"post","link":"https:\/\/noticiasribeiraopreto.com.br\/index.php\/2023\/12\/19\/utm_sourcerssutm_mediumrssutm_campaignprocurado-pela-justica-e-preso-com-carro-duble-pelo-baep-em-jardinopolis\/","title":{"rendered":"Procurado pela Justi\u00e7a \u00e9 preso com carro dubl\u00ea pelo BAEP em Jardin\u00f3polis \u2013 X Tudo Ribeir\u00e3o"},"content":{"rendered":"<div class='code-block code-block-1' style='margin: 8px 0 8px auto; text-align: right; display: block; clear: both;'>\n<p><a href=\"https:\/\/wa.link\/vpicfd\"><img data-recalc-dims=\"1\" class=\"wp-image-4922\" style=\"aspect-ratio: 2.0253164556962027; width: 561px; height: auto;\" src=\"https:\/\/i0.wp.com\/ismaelcolosi.com.br\/wp-content\/uploads\/2023\/11\/grupo-de-empregos-whatsapp-e-facebook-ismael-colosi-vagas.jpg?ssl=1\" alt=\"\" \/><\/a><\/p>\n<!-- \/wp:image -->\n<\/div>\n<p> <br \/>\n<\/p>\n<div>\n<p>Um homem foi preso, no final da tarde desta segunda-feira (18), depois de ser flagrado portando documento falso e conduzindo um ve\u00edculo dubl\u00ea, na Rua Pl\u00ednio da Silva Reis, em Jardin\u00f3polis. O homem era procurado pela Justi\u00e7a ap\u00f3s ter sido condenado por furto em Bebedouro e sentenciado a dois anos e nove meses de pris\u00e3o.<\/p>\n<p>Uma viatura do Batalh\u00e3o de A\u00e7\u00f5es Especiais de Pol\u00edcia (BAEP) fazia patrulhamento quando avistou um GM Vectra prata pela Avenida Belarmino Pereira de Oliveira. O motorista imediatamente entrou na Rua Pl\u00ednio da Silva Reis tentando escapar, mas foi abordado.<\/p>\n<p>Os PMs desconfiaram da Carteira Nacional de Habilita\u00e7\u00e3o (CNH) que ele apresentou. Al\u00e9m e aparentar inconsist\u00eancias, o documento foi emitido no estado de Minas Gerais, mas o motorista disse que tirou no Poupatempo de Ribeir\u00e3o Preto. Ao ser indagado, ele admitiu que, na verdade, usava documento falso porque era procurado.<\/p>\n<p>Ao consultar os dados via r\u00e1dio, os agentes do BAEP constataram que ele havia sido condenado em Bebedouro por um furto e que era procurado pela Justi\u00e7a. Em rela\u00e7\u00e3o ao ve\u00edculo, os policiais tamb\u00e9m notaram irregularidades.<\/p>\n<p>Ao verificar os n\u00fameros do chassi e motor, perceberam que n\u00e3o eram condizentes com a placa que o carro ostentava, mas de um ve\u00edculo roubado em 02 de novembro na cidade de Igarapava. O homem foi levado para a delegacia de Jardin\u00f3polis, onde foi autuado em flagrante por recepta\u00e7\u00e3o e preso em fun\u00e7\u00e3o do mandado de pris\u00e3o que havia contra ele. Foi encaminhado a uma unidade prisional, ficando \u00e0 disposi\u00e7\u00e3o da Justi\u00e7a. O ve\u00edculo foi apreendido.<\/p>\n<\/p><\/div>\n<p><br \/>\n<br \/><a href=\"https:\/\/xtudoribeirao.com.br\/2023\/12\/19\/procurado-pela-justica-e-preso-com-carro-duble-pelo-baep-em-jardinopolis\/?utm_source=rss&#038;utm_medium=rss&#038;utm_campaign=procurado-pela-justica-e-preso-com-carro-duble-pelo-baep-em-jardinopolis\">Source link <\/a><\/p>\n<!-- CONTENT END 1 -->\n","protected":false},"excerpt":{"rendered":"<p>Um homem foi preso, no final da tarde desta segunda-feira (18), depois de ser flagrado portando documento falso e conduzindo um ve\u00edculo dubl\u00ea, na Rua&#8230;<\/p>\n","protected":false},"author":1,"featured_media":18173,"comment_status":"open","ping_status":"open","sticky":false,"template":"","format":"standard","meta":{"advanced_seo_description":"","jetpack_seo_html_title":"","jetpack_seo_noindex":false,"jetpack_post_was_ever_published":false,"_jetpack_newsletter_access":"","_jetpack_dont_email_post_to_subs":false,"_jetpack_newsletter_tier_id":0,"_jetpack_memberships_contains_paywalled_content":false,"_jetpack_memberships_contains_paid_content":false,"footnotes":"","jetpack_publicize_message":"","jetpack_publicize_feature_enabled":true,"jetpack_social_post_already_shared":true,"jetpack_social_options":{"image_generator_settings":{"template":"highway","default_image_id":0,"font":"","enabled":false},"version":2}},"categories":[11],"tags":[968,295,2434,1442,988,188,885,36,2433,26,43],"class_list":["post-18172","post","type-post","status-publish","format-standard","has-post-thumbnail","hentry","category-noticias-de-ribeirao-preto-sp-e-regiao-ismael-colosi","tag-baep","tag-carro","tag-duble","tag-jardinopolis","tag-justica","tag-pela","tag-pelo","tag-preso","tag-procurado","tag-ribeirao","tag-tudo"],"jetpack_publicize_connections":[],"jetpack_featured_media_url":"https:\/\/i0.wp.com\/noticiasribeiraopreto.com.br\/wp-content\/uploads\/2023\/12\/Carro-duble.jpg?fit=960%2C909&ssl=1","jetpack-related-posts":[{"id":2791,"url":"https:\/\/noticiasribeiraopreto.com.br\/index.php\/2023\/11\/16\/tarado-vagabundo-procurado-pela-justica-e-preso-apos-se-masturbar-perto-de-duas-mulheres-em-rp-x-tudo-ribeirao\/","url_meta":{"origin":18172,"position":0},"title":"TARADO VAGABUNDO procurado pela JUSTI\u00c7A \u00e9 preso ap\u00f3s se masturbar perto de duas mulheres em RP \u2013 X Tudo Ribeir\u00e3o","author":"noticiasribeiraopreto.com.br","date":"16 de November de 2023","format":false,"excerpt":"Um VAGABUNDO TARADO procurado pela Justi\u00e7a foi preso pela Pol\u00edcia Militar ap\u00f3s ser flagrado se masturbando na frente de duas mulheres na tarde desta quarta-feira (15\/11), no Jardim Anhanguera, na zona Leste de Ribeir\u00e3o Preto.\u00a0 Segundo informa\u00e7\u00f5es da PM, por volta das 14h25 os Policiais foram acionados por populares que\u2026","rel":"","context":"In &quot;Not\u00edcias de Ribeir\u00e3o Preto-SP e Regi\u00e3o&quot;","block_context":{"text":"Not\u00edcias de Ribeir\u00e3o Preto-SP e Regi\u00e3o","link":"https:\/\/noticiasribeiraopreto.com.br\/index.php\/category\/noticias-de-ribeirao-preto-sp-e-regiao-ismael-colosi\/"},"img":{"alt_text":"","src":"https:\/\/i0.wp.com\/noticiasribeiraopreto.com.br\/wp-content\/uploads\/2023\/11\/WhatsApp-Image-2023-11-16-at-16.31.43.jpeg?fit=1050%2C693&ssl=1&resize=350%2C200","width":350,"height":200,"srcset":"https:\/\/i0.wp.com\/noticiasribeiraopreto.com.br\/wp-content\/uploads\/2023\/11\/WhatsApp-Image-2023-11-16-at-16.31.43.jpeg?fit=1050%2C693&ssl=1&resize=350%2C200 1x, https:\/\/i0.wp.com\/noticiasribeiraopreto.com.br\/wp-content\/uploads\/2023\/11\/WhatsApp-Image-2023-11-16-at-16.31.43.jpeg?fit=1050%2C693&ssl=1&resize=525%2C300 1.5x, https:\/\/i0.wp.com\/noticiasribeiraopreto.com.br\/wp-content\/uploads\/2023\/11\/WhatsApp-Image-2023-11-16-at-16.31.43.jpeg?fit=1050%2C693&ssl=1&resize=700%2C400 2x, https:\/\/i0.wp.com\/noticiasribeiraopreto.com.br\/wp-content\/uploads\/2023\/11\/WhatsApp-Image-2023-11-16-at-16.31.43.jpeg?fit=1050%2C693&ssl=1&resize=1050%2C600 3x"},"classes":[]},{"id":75327,"url":"https:\/\/noticiasribeiraopreto.com.br\/index.php\/2025\/08\/07\/suspeito-de-integrar-alto-escalao-do-pcc-e-preso-em-acao-do-baep-em-ribeirao-preto\/","url_meta":{"origin":18172,"position":1},"title":"Suspeito de integrar alto escal\u00e3o do PCC \u00e9 preso em a\u00e7\u00e3o do Baep em Ribeir\u00e3o Preto","author":"noticiasribeiraopreto.com.br","date":"7 de August de 2025","format":false,"excerpt":"O 11\u00ba Baep (Batalh\u00e3o de A\u00e7\u00f5es Especiais de Pol\u00edcia) prendeu nesta quarta-feira (6), em Ribeir\u00e3o Preto, um homem de 43 anos, apontado por integrar o alto escal\u00e3o da fac\u00e7\u00e3o PCC (Primeiro Comando da Capital). Segundo informa\u00e7\u00f5es, o homem, identificado como Rodrigo Boschini, o Boy, estava como passageiro em um carro\u2026","rel":"","context":"In &quot;Not\u00edcias de Ribeir\u00e3o Preto-SP e Regi\u00e3o&quot;","block_context":{"text":"Not\u00edcias de Ribeir\u00e3o Preto-SP e Regi\u00e3o","link":"https:\/\/noticiasribeiraopreto.com.br\/index.php\/category\/noticias-de-ribeirao-preto-sp-e-regiao-ismael-colosi\/"},"img":{"alt_text":"","src":"","width":0,"height":0},"classes":[]},{"id":33325,"url":"https:\/\/noticiasribeiraopreto.com.br\/index.php\/2024\/01\/29\/bando-e-preso-em-rp-com-carro-roubado-na-regiao\/","url_meta":{"origin":18172,"position":2},"title":"Bando \u00e9 preso em RP com carro roubado na regi\u00e3o","author":"noticiasribeiraopreto.com.br","date":"29 de January de 2024","format":false,"excerpt":"Ve\u00edculo foi levado junto com televisor, ap\u00f3s assalto em resid\u00eancia com uso de simulacro de arma de fogo 29 de janeiro de 2024 | 9:03 2Por: Adalberto LuqueO Batalh\u00e3o de A\u00e7\u00f5es Especiais de Pol\u00edcia (BAEP) deteve quatro pessoas, neste s\u00e1bado (27), quando o grupo circulava em um carro levado durante\u2026","rel":"","context":"In &quot;Not\u00edcias de Ribeir\u00e3o Preto-SP e Regi\u00e3o&quot;","block_context":{"text":"Not\u00edcias de Ribeir\u00e3o Preto-SP e Regi\u00e3o","link":"https:\/\/noticiasribeiraopreto.com.br\/index.php\/category\/noticias-de-ribeirao-preto-sp-e-regiao-ismael-colosi\/"},"img":{"alt_text":"","src":"https:\/\/i0.wp.com\/noticiasribeiraopreto.com.br\/wp-content\/uploads\/2024\/01\/00-29-jan-2024-roubo-jardinopolis-01-foto-baep-scaled.jpg?fit=857%2C645&ssl=1&resize=350%2C200","width":350,"height":200,"srcset":"https:\/\/i0.wp.com\/noticiasribeiraopreto.com.br\/wp-content\/uploads\/2024\/01\/00-29-jan-2024-roubo-jardinopolis-01-foto-baep-scaled.jpg?fit=857%2C645&ssl=1&resize=350%2C200 1x, https:\/\/i0.wp.com\/noticiasribeiraopreto.com.br\/wp-content\/uploads\/2024\/01\/00-29-jan-2024-roubo-jardinopolis-01-foto-baep-scaled.jpg?fit=857%2C645&ssl=1&resize=525%2C300 1.5x, https:\/\/i0.wp.com\/noticiasribeiraopreto.com.br\/wp-content\/uploads\/2024\/01\/00-29-jan-2024-roubo-jardinopolis-01-foto-baep-scaled.jpg?fit=857%2C645&ssl=1&resize=700%2C400 2x"},"classes":[]},{"id":37607,"url":"https:\/\/noticiasribeiraopreto.com.br\/index.php\/2024\/02\/17\/utm_sourcerssutm_mediumrssutm_campaignvagabundo-que-abusou-sexualmente-e-obrigou-a-filha-de-15-anos-em-2021-se-prostituir-e-preso-em-ribeirao-preto\/","url_meta":{"origin":18172,"position":3},"title":"VAGABUNDO que abusou sexualmente e obrigou a filha de 15 anos em 2021 se prostituir \u00e9 preso em Ribeir\u00e3o Preto \u2013 X Tudo Ribeir\u00e3o","author":"noticiasribeiraopreto.com.br","date":"17 de February de 2024","format":false,"excerpt":"Um vagabundo que abusou sexualmente e for\u00e7ava a pr\u00f3pria filha a se prostituir no ano de 2021 \u00e9 preso pela Pol\u00edcia Militar ap\u00f3s a Justi\u00e7a expedir seu mandado de pris\u00e3o em Ribeir\u00e3o Preto.\u00a0 Segundo informa\u00e7\u00f5es da Pol\u00edcia, durante o trabalho os Policiais Tenente Louren\u00e7o e o Cabo T\u00e1rtaro, receberam uma\u2026","rel":"","context":"In &quot;Not\u00edcias de Ribeir\u00e3o Preto-SP e Regi\u00e3o&quot;","block_context":{"text":"Not\u00edcias de Ribeir\u00e3o Preto-SP e Regi\u00e3o","link":"https:\/\/noticiasribeiraopreto.com.br\/index.php\/category\/noticias-de-ribeirao-preto-sp-e-regiao-ismael-colosi\/"},"img":{"alt_text":"","src":"https:\/\/i0.wp.com\/noticiasribeiraopreto.com.br\/wp-content\/uploads\/2024\/02\/WhatsApp-Image-2024-02-17-at-00.19.39.jpeg?fit=554%2C554&ssl=1&resize=350%2C200","width":350,"height":200,"srcset":"https:\/\/i0.wp.com\/noticiasribeiraopreto.com.br\/wp-content\/uploads\/2024\/02\/WhatsApp-Image-2024-02-17-at-00.19.39.jpeg?fit=554%2C554&ssl=1&resize=350%2C200 1x, https:\/\/i0.wp.com\/noticiasribeiraopreto.com.br\/wp-content\/uploads\/2024\/02\/WhatsApp-Image-2024-02-17-at-00.19.39.jpeg?fit=554%2C554&ssl=1&resize=525%2C300 1.5x"},"classes":[]},{"id":812,"url":"https:\/\/noticiasribeiraopreto.com.br\/index.php\/2023\/11\/09\/tarado-condenado-em-mg-por-estupro-de-vulneravel-e-preso-pelo-baep-em-ribeirao-preto-x-tudo-ribeirao\/","url_meta":{"origin":18172,"position":4},"title":"TARADO condenado em MG por estupro de vulner\u00e1vel \u00e9 preso pelo BAEP em Ribeir\u00e3o Preto \u2013 X Tudo Ribeir\u00e3o","author":"noticiasribeiraopreto.com.br","date":"9 de November de 2023","format":false,"excerpt":"Policiais do 11\u00ba Batalh\u00e3o de A\u00e7\u00f5es Especiais de Pol\u00edcia (BAEP) prenderam nesta ter\u00e7a-feira (7\/11), no Planalto Verde, um condenado da Justi\u00e7a pelo crime de estupro de vuln\u00e9ravel pelo estado de Minas Gerais. Segundo informa\u00e7\u00f5es da PM, durante o patrulhamento ostensivo pela regi\u00e3o do bairro Planalto Verde, os Policiais receberam uma\u2026","rel":"","context":"In &quot;Not\u00edcias de Ribeir\u00e3o Preto-SP e Regi\u00e3o&quot;","block_context":{"text":"Not\u00edcias de Ribeir\u00e3o Preto-SP e Regi\u00e3o","link":"https:\/\/noticiasribeiraopreto.com.br\/index.php\/category\/noticias-de-ribeirao-preto-sp-e-regiao-ismael-colosi\/"},"img":{"alt_text":"","src":"https:\/\/i0.wp.com\/noticiasribeiraopreto.com.br\/wp-content\/uploads\/2023\/11\/WhatsApp-Image-2023-11-08-at-10.47.09.jpeg?fit=1200%2C916&ssl=1&resize=350%2C200","width":350,"height":200,"srcset":"https:\/\/i0.wp.com\/noticiasribeiraopreto.com.br\/wp-content\/uploads\/2023\/11\/WhatsApp-Image-2023-11-08-at-10.47.09.jpeg?fit=1200%2C916&ssl=1&resize=350%2C200 1x, https:\/\/i0.wp.com\/noticiasribeiraopreto.com.br\/wp-content\/uploads\/2023\/11\/WhatsApp-Image-2023-11-08-at-10.47.09.jpeg?fit=1200%2C916&ssl=1&resize=525%2C300 1.5x, https:\/\/i0.wp.com\/noticiasribeiraopreto.com.br\/wp-content\/uploads\/2023\/11\/WhatsApp-Image-2023-11-08-at-10.47.09.jpeg?fit=1200%2C916&ssl=1&resize=700%2C400 2x, https:\/\/i0.wp.com\/noticiasribeiraopreto.com.br\/wp-content\/uploads\/2023\/11\/WhatsApp-Image-2023-11-08-at-10.47.09.jpeg?fit=1200%2C916&ssl=1&resize=1050%2C600 3x"},"classes":[]},{"id":59386,"url":"https:\/\/noticiasribeiraopreto.com.br\/index.php\/2024\/10\/22\/perseguicao-policial-termina-com-um-homem-preso-em-ribeirao-preto\/","url_meta":{"origin":18172,"position":5},"title":"Persegui\u00e7\u00e3o policial termina com um homem preso em Ribeir\u00e3o Preto","author":"noticiasribeiraopreto.com.br","date":"22 de October de 2024","format":false,"excerpt":"Uma persegui\u00e7\u00e3o policial terminou com um homem preso na tarde desta ter\u00e7a-feira (22), na avenida Thomaz Alberto Whatley, zona Norte de Ribeir\u00e3o Preto. De acordo com a Pol\u00edcia Militar, dois agentes suspeitaram de um ve\u00edculo que apresentava caracter\u00edsticas de ser um carro dubl\u00ea e deram ordem de parada. O motorista\u2026","rel":"","context":"In &quot;Not\u00edcias de Ribeir\u00e3o Preto-SP e Regi\u00e3o&quot;","block_context":{"text":"Not\u00edcias de Ribeir\u00e3o Preto-SP e Regi\u00e3o","link":"https:\/\/noticiasribeiraopreto.com.br\/index.php\/category\/noticias-de-ribeirao-preto-sp-e-regiao-ismael-colosi\/"},"img":{"alt_text":"","src":"https:\/\/i0.wp.com\/noticiasribeiraopreto.com.br\/wp-content\/uploads\/2024\/10\/Copia-de-Copia-de-Copia-de-TAMANHO-EXATO-PARA-FOTOS-NO-SISTEMA-NOVO-35_2024-10-22_20-29-38_png_2024-10-22_20-29-38.webp.webp?fit=1200%2C675&ssl=1&resize=350%2C200","width":350,"height":200,"srcset":"https:\/\/i0.wp.com\/noticiasribeiraopreto.com.br\/wp-content\/uploads\/2024\/10\/Copia-de-Copia-de-Copia-de-TAMANHO-EXATO-PARA-FOTOS-NO-SISTEMA-NOVO-35_2024-10-22_20-29-38_png_2024-10-22_20-29-38.webp.webp?fit=1200%2C675&ssl=1&resize=350%2C200 1x, https:\/\/i0.wp.com\/noticiasribeiraopreto.com.br\/wp-content\/uploads\/2024\/10\/Copia-de-Copia-de-Copia-de-TAMANHO-EXATO-PARA-FOTOS-NO-SISTEMA-NOVO-35_2024-10-22_20-29-38_png_2024-10-22_20-29-38.webp.webp?fit=1200%2C675&ssl=1&resize=525%2C300 1.5x, https:\/\/i0.wp.com\/noticiasribeiraopreto.com.br\/wp-content\/uploads\/2024\/10\/Copia-de-Copia-de-Copia-de-TAMANHO-EXATO-PARA-FOTOS-NO-SISTEMA-NOVO-35_2024-10-22_20-29-38_png_2024-10-22_20-29-38.webp.webp?fit=1200%2C675&ssl=1&resize=700%2C400 2x, https:\/\/i0.wp.com\/noticiasribeiraopreto.com.br\/wp-content\/uploads\/2024\/10\/Copia-de-Copia-de-Copia-de-TAMANHO-EXATO-PARA-FOTOS-NO-SISTEMA-NOVO-35_2024-10-22_20-29-38_png_2024-10-22_20-29-38.webp.webp?fit=1200%2C675&ssl=1&resize=1050%2C600 3x"},"classes":[]}],"jetpack_sharing_enabled":true,"jetpack_shortlink":"https:\/\/wp.me\/peQAOb-4J6","_links":{"self":[{"href":"https:\/\/noticiasribeiraopreto.com.br\/index.php\/wp-json\/wp\/v2\/posts\/18172","targetHints":{"allow":["GET"]}}],"collection":[{"href":"https:\/\/noticiasribeiraopreto.com.br\/index.php\/wp-json\/wp\/v2\/posts"}],"about":[{"href":"https:\/\/noticiasribeiraopreto.com.br\/index.php\/wp-json\/wp\/v2\/types\/post"}],"author":[{"embeddable":true,"href":"https:\/\/noticiasribeiraopreto.com.br\/index.php\/wp-json\/wp\/v2\/users\/1"}],"replies":[{"embeddable":true,"href":"https:\/\/noticiasribeiraopreto.com.br\/index.php\/wp-json\/wp\/v2\/comments?post=18172"}],"version-history":[{"count":0,"href":"https:\/\/noticiasribeiraopreto.com.br\/index.php\/wp-json\/wp\/v2\/posts\/18172\/revisions"}],"wp:featuredmedia":[{"embeddable":true,"href":"https:\/\/noticiasribeiraopreto.com.br\/index.php\/wp-json\/wp\/v2\/media\/18173"}],"wp:attachment":[{"href":"https:\/\/noticiasribeiraopreto.com.br\/index.php\/wp-json\/wp\/v2\/media?parent=18172"}],"wp:term":[{"taxonomy":"category","embeddable":true,"href":"https:\/\/noticiasribeiraopreto.com.br\/index.php\/wp-json\/wp\/v2\/categories?post=18172"},{"taxonomy":"post_tag","embeddable":true,"href":"https:\/\/noticiasribeiraopreto.com.br\/index.php\/wp-json\/wp\/v2\/tags?post=18172"}],"curies":[{"name":"wp","href":"https:\/\/api.w.org\/{rel}","templated":true}]}}