{"id":18253,"date":"2023-12-20T02:29:34","date_gmt":"2023-12-20T05:29:34","guid":{"rendered":"https:\/\/noticiasribeiraopreto.com.br\/index.php\/2023\/12\/20\/assinado-contrato-com-banca-e-edital-ja-pode-sair-12\/"},"modified":"2023-12-20T02:29:34","modified_gmt":"2023-12-20T05:29:34","slug":"assinado-contrato-com-banca-e-edital-ja-pode-sair-12","status":"publish","type":"post","link":"https:\/\/noticiasribeiraopreto.com.br\/index.php\/2023\/12\/20\/assinado-contrato-com-banca-e-edital-ja-pode-sair-12\/","title":{"rendered":"assinado contrato com banca e edital j\u00e1 pode sair"},"content":{"rendered":"<div class='code-block code-block-1' style='margin: 8px 0 8px auto; text-align: right; display: block; clear: both;'>\n<p><a href=\"https:\/\/wa.link\/vpicfd\"><img data-recalc-dims=\"1\" class=\"wp-image-4922\" style=\"aspect-ratio: 2.0253164556962027; width: 561px; height: auto;\" src=\"https:\/\/i0.wp.com\/ismaelcolosi.com.br\/wp-content\/uploads\/2023\/11\/grupo-de-empregos-whatsapp-e-facebook-ismael-colosi-vagas.jpg?ssl=1\" alt=\"\" \/><\/a><\/p>\n<!-- \/wp:image -->\n<\/div>\n<p> <br \/>\n<\/p>\n<div>\n<p>O edital do novo <a href=\"https:\/\/jcconcursos.com.br\/concurso\/concurso-ana-70917\" rel=\"noopener\" target=\"_blank\">concurso ANA<\/a> (Ag\u00eancia Nacional de \u00c1guas)\u00a0 j\u00e1 pode sair. Acontece que o \u00faltimo entrave para o in\u00edcio da sele\u00e7\u00e3o foi superado nesta quarta-feira, 20 de dezembro, com a publica\u00e7\u00e3o, no di\u00e1rio oficial da Uni\u00e3o, do extrato de contrato com a banca organizadora, que ser\u00e1 o <a href=\"https:\/\/www.cebraspe.org.br\/\" rel=\"noopener\" target=\"_blank\">Cebraspe<\/a>. <a href=\"https:\/\/jcconcursos.com.br\/noticia\/concursos\/concurso-ana-definida-banca-organizadora-para-especialistas-119789\" rel=\"noopener\" target=\"_blank\">O nome da empresa j\u00e1 havia sido anunciado no \u00faltimo dia 11 de dezembro<\/a>. De acordo com a autoriza\u00e7\u00e3o do Minist\u00e9rio da Gest\u00e3o e da Inova\u00e7\u00e3o dos Servi\u00e7os P\u00fablicos,a publica\u00e7\u00e3o do edital deve ocorrer, no mais tardar, at\u00e9 a segunda quinzena de janeiro. No entanto, a libera\u00e7\u00e3o j\u00e1 pode ocorrer nos pr\u00f3ximos dias, uma vez que o contrato j\u00e1 est\u00e1 assinado.<\/p>\n<p>De acordo com a nova publica\u00e7\u00e3o, a assinatura ocorreu no dia 15 de dezembro, com validade at\u00e9 15 de dezembro de 2025, prazo necess\u00e1rio para a realiza\u00e7\u00e3o de todos os procedimentos da sele\u00e7\u00e3o, incluindo a publica\u00e7\u00e3o do edital, recebimento de inscri\u00e7\u00f5es, aplica\u00e7\u00e3o das provas, divulga\u00e7\u00e3o dos resultados e convoca\u00e7\u00e3o dos aprovados.<\/p>\n<p>A <a href=\"https:\/\/www.gov.br\/ana\/pt-br\" rel=\"noopener\" target=\"_blank\">ANA<\/a> deve oferecer 40 vagas para o cargo de especialista em regula\u00e7\u00e3o de recursos h\u00eddricos e saneamento b\u00e1sico. Para concorrer \u00e9 necess\u00e1rio possuir forma\u00e7\u00e3o de <a href=\"https:\/\/jcconcursos.com.br\/concursos\/nivel-escolar\/superior\" rel=\"noopener\" target=\"_blank\">n\u00edvel superior<\/a>, com remunera\u00e7\u00e3o inicial de R$ 15.058,12.<\/p>\n<p>De acordo com a portaria que autoriza a realiza\u00e7\u00e3o do concurso, a aplica\u00e7\u00e3o das provas objetivas deve ocorrer dentro de um prazo de dois meses ap\u00f3s a publica\u00e7\u00e3o do edital de abertura de inscri\u00e7\u00f5es.<\/p>\n<h2>Concurso ANA: veja atribui\u00e7\u00f5es do cargo<\/h2>\n<p><strong>Especialista em Recursos H\u00eddricos<\/strong><\/p>\n<ul>\n<li>Regula\u00e7\u00e3o, outorga e fiscaliza\u00e7\u00e3o do uso de recursos h\u00eddricos, \u00e0 implementa\u00e7\u00e3o, operacionaliza\u00e7\u00e3o e avalia\u00e7\u00e3o dos instrumentos da pol\u00edtica nacional de recursos h\u00eddricos, a an\u00e1lise e desenvolvimento de programas e projetos de despolui\u00e7\u00e3o de bacias hidrogr\u00e1ficas, eventos cr\u00edticos em recursos h\u00eddricos e promo\u00e7\u00e3o do uso integrado de solo e \u00e1gua.<\/li>\n<\/ul>\n<h2>Veja publica\u00e7\u00e3o oficial<\/h2>\n<p>AG\u00caNCIA NACIONAL DE \u00c1GUAS E SANEAMENTO B\u00c1SICO<br \/>EXTRATO DE CONTRATO N\u00ba 50\/2023 \u2013 UASG 443001<br \/>N\u00ba Processo: 02501.002065\/2023-79.<br \/>Dispensa N\u00ba 16\/2023. Contratante: AGENCIA NACIONAL DE AGUAS E SANEAMENTO<br \/>BA S I CO.<\/p>\n<p>Contratado: 18.284.407\/0001-53 \u2013 CENTRO BRASILEIRO DE PESQUISA EM AVALIACAO E<br \/>SELECAO E DE PROMOCAO DE EVENTOS -. Objeto: Contrata\u00e7\u00e3o de servi\u00e7o t\u00e9cnico<br \/>especializado que contemple o planejamento, a organiza\u00e7\u00e3o e a execu\u00e7\u00e3o de concurso<br \/>p\u00fablico, que ser\u00e3o prestados nas condi\u00e7\u00f5es estabelecidas no Termo de Refer\u00eancia e na<br \/>Proposta de Presta\u00e7\u00e3o de Servi\u00e7os.<\/p>\n<p>Fundamento Legal: Lei 8.666 \/ 1993 \u2013 Artigo: 24 \u2013 Inciso: XIII. Vig\u00eancia: 15\/12\/2023 a<br \/>15\/12\/2025. Valor Total: R$ 2.575.069,66. Data de Assinatura: 15\/12\/2023.<br \/>(COMPRASNET 4.0 \u2013 19\/12\/2023).<\/p>\n<h2>Saiba como foi a \u00faltima sele\u00e7\u00e3o<\/h2>\n<p>O \u00faltimo <strong>concurso ANA<\/strong> ocorreu em 2009, quando foram oferecidas 152 vagas distribu\u00eddas nos empregos de analista administrativo, especialista em recursos h\u00eddricos e especialista em geoprocessamento.<\/p>\n<p>A Esaf ficou com a responsabilidade de organizar o certame e o processo seletivo foi composto pelas seguintes etapas:<\/p>\n<ul>\n<li>duas provas objetivas,<\/li>\n<li>uma avalia\u00e7\u00e3o discursiva,<\/li>\n<li>an\u00e1lise de t\u00edtulos e experi\u00eancia profissional e<\/li>\n<li>curso de forma\u00e7\u00e3o.<\/li>\n<\/ul>\n<p>As quest\u00f5es dos testes versaram sobre as seguintes disciplinas:<\/p>\n<ul>\n<li>l\u00edngua portuguesa,<\/li>\n<li>ingl\u00eas,<\/li>\n<li>racioc\u00ednio l\u00f3gico,<\/li>\n<li>\u00e9tica na administra\u00e7\u00e3o p\u00fablica,<\/li>\n<li>recursos h\u00eddricos\/legisla\u00e7\u00e3o aplicada,<\/li>\n<li>direito constitucional<\/li>\n<li>direito administrativo<\/li>\n<li>conhecimentos espec\u00edficos.<\/li>\n<\/ul>\n<p><a id=\"gnews_btn\" href=\"https:\/\/news.google.com\/publications\/CAAqBwgKMOixlQswuZWrAw\" target=\"_blank\" class=\"border_jc_blue link_hover_bg_jc_blue font_85 d-block d-md-inline-block px-2 py-1 mr-0 mr-md-2 mb-3 w-100 text-center\" rel=\"noopener\"><span class=\"text_jc_blue\">Siga o <strong>JC Concursos no Google News<\/strong><\/span><\/a><span id=\"resumo\" class=\"anchor_link\"\/><a href=\"https:\/\/jcconcursos.com.br\/\" class=\"badge badge-light\">concursos<\/a><a href=\"https:\/\/jcconcursos.com.br\/concursos\/nacional\" class=\"badge badge-light\">concursos federais<\/a><a href=\"https:\/\/jcconcursos.com.br\/concursos\/previstos\" class=\"badge badge-light\">concursos 2023<\/a><a href=\"https:\/\/jcconcursos.com.br\/provas\/por-orgao\" class=\"badge badge-light\">provas anteriores<\/a><\/p>\n<\/div>\n<p><br \/>\n<br \/><a href=\"https:\/\/ismaelcolosi.com.br\/assinado-contrato-com-banca-e-edital-ja-pode-sair-11\/\">Source link <\/a><\/p>\n<!-- CONTENT END 1 -->\n","protected":false},"excerpt":{"rendered":"<p>O edital do novo concurso ANA (Ag\u00eancia Nacional de \u00c1guas)\u00a0 j\u00e1 pode sair. Acontece que o \u00faltimo entrave para o in\u00edcio da sele\u00e7\u00e3o foi superado&#8230;<\/p>\n","protected":false},"author":1,"featured_media":18254,"comment_status":"open","ping_status":"open","sticky":false,"template":"","format":"standard","meta":{"advanced_seo_description":"","jetpack_seo_html_title":"","jetpack_seo_noindex":false,"jetpack_post_was_ever_published":false,"_jetpack_newsletter_access":"","_jetpack_dont_email_post_to_subs":false,"_jetpack_newsletter_tier_id":0,"_jetpack_memberships_contains_paywalled_content":false,"_jetpack_memberships_contains_paid_content":false,"footnotes":"","jetpack_publicize_message":"","jetpack_publicize_feature_enabled":true,"jetpack_social_post_already_shared":true,"jetpack_social_options":{"image_generator_settings":{"template":"highway","default_image_id":0,"font":"","enabled":false},"version":2}},"categories":[7],"tags":[],"class_list":["post-18253","post","type-post","status-publish","format-standard","has-post-thumbnail","hentry","category-vagas-de-empregos-em-ribeirao-preto-regiao-brasil"],"jetpack_publicize_connections":[],"jetpack_featured_media_url":"https:\/\/i0.wp.com\/noticiasribeiraopreto.com.br\/wp-content\/uploads\/2023\/12\/1703050179_ana_novoo.jpg?fit=1920%2C1080&ssl=1","jetpack-related-posts":[{"id":14844,"url":"https:\/\/noticiasribeiraopreto.com.br\/index.php\/2023\/12\/12\/assinado-contrato-com-banca-e-edital-ja-pode-sair-7\/","url_meta":{"origin":18253,"position":0},"title":"assinado contrato com banca e edital j\u00e1 pode sair","author":"noticiasribeiraopreto.com.br","date":"12 de December de 2023","format":false,"excerpt":"O edital do novo concurso ALEP (Assembleia Legislativa do Estado do Paran\u00e1) j\u00e1 pode sair. Acontece que foi confirmada a assinatura do contrato com a banca organizadora nesta ter\u00e7a-feira, 12 de dezembro, por meio de publica\u00e7\u00e3o das redes sociais da casa. A escolhida \u00e9 a Funda\u00e7\u00e3o Get\u00falio Vargas (FGV).\u00a0 A\u2026","rel":"","context":"In &quot;Vagas de Emprego em Ribeir\u00e3o Preto-SP&quot;","block_context":{"text":"Vagas de Emprego em Ribeir\u00e3o Preto-SP","link":"https:\/\/noticiasribeiraopreto.com.br\/index.php\/category\/empregos-classificados-vagas-trabalho\/vagas-de-empregos-em-ribeirao-preto-regiao-brasil\/"},"img":{"alt_text":"","src":"https:\/\/i0.wp.com\/noticiasribeiraopreto.com.br\/wp-content\/uploads\/2023\/12\/alep_novoo.jpg?fit=1200%2C675&ssl=1&resize=350%2C200","width":350,"height":200,"srcset":"https:\/\/i0.wp.com\/noticiasribeiraopreto.com.br\/wp-content\/uploads\/2023\/12\/alep_novoo.jpg?fit=1200%2C675&ssl=1&resize=350%2C200 1x, https:\/\/i0.wp.com\/noticiasribeiraopreto.com.br\/wp-content\/uploads\/2023\/12\/alep_novoo.jpg?fit=1200%2C675&ssl=1&resize=525%2C300 1.5x, https:\/\/i0.wp.com\/noticiasribeiraopreto.com.br\/wp-content\/uploads\/2023\/12\/alep_novoo.jpg?fit=1200%2C675&ssl=1&resize=700%2C400 2x, https:\/\/i0.wp.com\/noticiasribeiraopreto.com.br\/wp-content\/uploads\/2023\/12\/alep_novoo.jpg?fit=1200%2C675&ssl=1&resize=1050%2C600 3x"},"classes":[]},{"id":19323,"url":"https:\/\/noticiasribeiraopreto.com.br\/index.php\/2023\/12\/22\/assinado-contrato-com-banca-e-edital-ja-pode-sair-15\/","url_meta":{"origin":18253,"position":1},"title":"assinado contrato com banca e edital j\u00e1 pode sair","author":"noticiasribeiraopreto.com.br","date":"22 de December de 2023","format":false,"excerpt":"O edital do novo concurso CVM (Comiss\u00e3o de Valores Mobili\u00e1rios) j\u00e1 pode sair. Acontece que o \u00faltimo entrave para o in\u00edcio da sele\u00e7\u00e3o foi superado nesta sexta-feira, 22 de dezembro, com a publica\u00e7\u00e3o, no di\u00e1rio oficial da Uni\u00e3o, do extrato de contrato com a banca organizadora, que ser\u00e1 a Funda\u00e7\u00e3o\u2026","rel":"","context":"In &quot;Vagas de Emprego em Ribeir\u00e3o Preto-SP&quot;","block_context":{"text":"Vagas de Emprego em Ribeir\u00e3o Preto-SP","link":"https:\/\/noticiasribeiraopreto.com.br\/index.php\/category\/empregos-classificados-vagas-trabalho\/vagas-de-empregos-em-ribeirao-preto-regiao-brasil\/"},"img":{"alt_text":"","src":"https:\/\/i0.wp.com\/noticiasribeiraopreto.com.br\/wp-content\/uploads\/2023\/12\/1703239020_concurso-cvm-maps-sede-rj.jpg?fit=1200%2C675&ssl=1&resize=350%2C200","width":350,"height":200,"srcset":"https:\/\/i0.wp.com\/noticiasribeiraopreto.com.br\/wp-content\/uploads\/2023\/12\/1703239020_concurso-cvm-maps-sede-rj.jpg?fit=1200%2C675&ssl=1&resize=350%2C200 1x, https:\/\/i0.wp.com\/noticiasribeiraopreto.com.br\/wp-content\/uploads\/2023\/12\/1703239020_concurso-cvm-maps-sede-rj.jpg?fit=1200%2C675&ssl=1&resize=525%2C300 1.5x, https:\/\/i0.wp.com\/noticiasribeiraopreto.com.br\/wp-content\/uploads\/2023\/12\/1703239020_concurso-cvm-maps-sede-rj.jpg?fit=1200%2C675&ssl=1&resize=700%2C400 2x, https:\/\/i0.wp.com\/noticiasribeiraopreto.com.br\/wp-content\/uploads\/2023\/12\/1703239020_concurso-cvm-maps-sede-rj.jpg?fit=1200%2C675&ssl=1&resize=1050%2C600 3x"},"classes":[]},{"id":17860,"url":"https:\/\/noticiasribeiraopreto.com.br\/index.php\/2023\/12\/19\/assinado-contrato-com-banca-e-edital-ja-pode-sair-10\/","url_meta":{"origin":18253,"position":2},"title":"assinado contrato com banca e edital j\u00e1 pode sair","author":"noticiasribeiraopreto.com.br","date":"19 de December de 2023","format":false,"excerpt":"O edital do novo concurso IFAP AP (Instituto Federal de Educa\u00e7\u00e3o, Ci\u00eancias e Tecnologia do Amap\u00e1) para carreiras docentes j\u00e1 pode sair. Acontece que foi publicado, no di\u00e1rio oficial da Uni\u00e3o desta ter\u00e7a-feira, 19 de dezembro, o extrato de contrato com a banca organizadora, que ser\u00e1 o Instituto Idecan. O\u2026","rel":"","context":"In &quot;Vagas de Emprego em Ribeir\u00e3o Preto-SP&quot;","block_context":{"text":"Vagas de Emprego em Ribeir\u00e3o Preto-SP","link":"https:\/\/noticiasribeiraopreto.com.br\/index.php\/category\/empregos-classificados-vagas-trabalho\/vagas-de-empregos-em-ribeirao-preto-regiao-brasil\/"},"img":{"alt_text":"","src":"https:\/\/i0.wp.com\/noticiasribeiraopreto.com.br\/wp-content\/uploads\/2023\/12\/ifap_ap.jpg?fit=1200%2C675&ssl=1&resize=350%2C200","width":350,"height":200,"srcset":"https:\/\/i0.wp.com\/noticiasribeiraopreto.com.br\/wp-content\/uploads\/2023\/12\/ifap_ap.jpg?fit=1200%2C675&ssl=1&resize=350%2C200 1x, https:\/\/i0.wp.com\/noticiasribeiraopreto.com.br\/wp-content\/uploads\/2023\/12\/ifap_ap.jpg?fit=1200%2C675&ssl=1&resize=525%2C300 1.5x, https:\/\/i0.wp.com\/noticiasribeiraopreto.com.br\/wp-content\/uploads\/2023\/12\/ifap_ap.jpg?fit=1200%2C675&ssl=1&resize=700%2C400 2x, https:\/\/i0.wp.com\/noticiasribeiraopreto.com.br\/wp-content\/uploads\/2023\/12\/ifap_ap.jpg?fit=1200%2C675&ssl=1&resize=1050%2C600 3x"},"classes":[]},{"id":13873,"url":"https:\/\/noticiasribeiraopreto.com.br\/index.php\/2023\/12\/11\/assinado-contrato-com-banca-edital-ja-pode-sair\/","url_meta":{"origin":18253,"position":3},"title":"assinado contrato com banca; edital j\u00e1 pode sair","author":"noticiasribeiraopreto.com.br","date":"11 de December de 2023","format":false,"excerpt":"O edital de abertura de inscri\u00e7\u00f5es do concurso C\u00e2mara de Fortaleza CE (C\u00e2mara Municipal de Fortaleza), no Cear\u00e1, pode ser publicado no decorrer dos pr\u00f3ximos dias, ainda em dezembro. Acontece que, na \u00faltima sexta-feira, 8 de dezembro, o presidente da casa, vereador Gardel Rolim (PDT), confirmou que j\u00e1 est\u00e1 assinado\u2026","rel":"","context":"In &quot;Vagas de Emprego em Ribeir\u00e3o Preto-SP&quot;","block_context":{"text":"Vagas de Emprego em Ribeir\u00e3o Preto-SP","link":"https:\/\/noticiasribeiraopreto.com.br\/index.php\/category\/empregos-classificados-vagas-trabalho\/vagas-de-empregos-em-ribeirao-preto-regiao-brasil\/"},"img":{"alt_text":"","src":"https:\/\/i0.wp.com\/noticiasribeiraopreto.com.br\/wp-content\/uploads\/2023\/12\/camara_de_fortaleza_ce.jpg?fit=1200%2C675&ssl=1&resize=350%2C200","width":350,"height":200,"srcset":"https:\/\/i0.wp.com\/noticiasribeiraopreto.com.br\/wp-content\/uploads\/2023\/12\/camara_de_fortaleza_ce.jpg?fit=1200%2C675&ssl=1&resize=350%2C200 1x, https:\/\/i0.wp.com\/noticiasribeiraopreto.com.br\/wp-content\/uploads\/2023\/12\/camara_de_fortaleza_ce.jpg?fit=1200%2C675&ssl=1&resize=525%2C300 1.5x, https:\/\/i0.wp.com\/noticiasribeiraopreto.com.br\/wp-content\/uploads\/2023\/12\/camara_de_fortaleza_ce.jpg?fit=1200%2C675&ssl=1&resize=700%2C400 2x, https:\/\/i0.wp.com\/noticiasribeiraopreto.com.br\/wp-content\/uploads\/2023\/12\/camara_de_fortaleza_ce.jpg?fit=1200%2C675&ssl=1&resize=1050%2C600 3x"},"classes":[]},{"id":22120,"url":"https:\/\/noticiasribeiraopreto.com.br\/index.php\/2023\/12\/29\/assinado-contrato-com-banca-e-edital-ja-pode-sair-18\/","url_meta":{"origin":18253,"position":4},"title":"assinado contrato com banca e edital j\u00e1 pode sair","author":"noticiasribeiraopreto.com.br","date":"29 de December de 2023","format":false,"excerpt":"O edital do novo concurso Semae Mogi das Cruzes SP (Servi\u00e7o Municipal de \u00c1guas e Esgotos de Mogi das Cruzes), na regi\u00e3o metropolitana de S\u00e3o Paulo, j\u00e1 pode sair. Acontece que foi publicado, no di\u00e1rio oficial desta sexta-feira, 29 de dezembro, o extrato de contrato com a banca organizadora, que\u2026","rel":"","context":"In &quot;Vagas de Emprego em Ribeir\u00e3o Preto-SP&quot;","block_context":{"text":"Vagas de Emprego em Ribeir\u00e3o Preto-SP","link":"https:\/\/noticiasribeiraopreto.com.br\/index.php\/category\/empregos-classificados-vagas-trabalho\/vagas-de-empregos-em-ribeirao-preto-regiao-brasil\/"},"img":{"alt_text":"","src":"https:\/\/i0.wp.com\/noticiasribeiraopreto.com.br\/wp-content\/uploads\/2023\/12\/1703848431_semae_mogi_das_cruzes_sp_novoo.jpg?fit=1200%2C675&ssl=1&resize=350%2C200","width":350,"height":200,"srcset":"https:\/\/i0.wp.com\/noticiasribeiraopreto.com.br\/wp-content\/uploads\/2023\/12\/1703848431_semae_mogi_das_cruzes_sp_novoo.jpg?fit=1200%2C675&ssl=1&resize=350%2C200 1x, https:\/\/i0.wp.com\/noticiasribeiraopreto.com.br\/wp-content\/uploads\/2023\/12\/1703848431_semae_mogi_das_cruzes_sp_novoo.jpg?fit=1200%2C675&ssl=1&resize=525%2C300 1.5x, https:\/\/i0.wp.com\/noticiasribeiraopreto.com.br\/wp-content\/uploads\/2023\/12\/1703848431_semae_mogi_das_cruzes_sp_novoo.jpg?fit=1200%2C675&ssl=1&resize=700%2C400 2x, https:\/\/i0.wp.com\/noticiasribeiraopreto.com.br\/wp-content\/uploads\/2023\/12\/1703848431_semae_mogi_das_cruzes_sp_novoo.jpg?fit=1200%2C675&ssl=1&resize=1050%2C600 3x"},"classes":[]},{"id":19686,"url":"https:\/\/noticiasribeiraopreto.com.br\/index.php\/2023\/12\/22\/assinado-contrato-com-banca-e-edital-de-oficiais-ja-pode-sair\/","url_meta":{"origin":18253,"position":5},"title":"assinado contrato com banca e edital de oficiais j\u00e1 pode sair","author":"noticiasribeiraopreto.com.br","date":"22 de December de 2023","format":false,"excerpt":"O edital do novo concurso PME RJ (Pol\u00edcia Militar do Estado do Rio de Janeiro) para oficiais j\u00e1 pode sair. Acontece que foi publicado, no di\u00e1rio oficial desta sexta-feira, 22 de dezembro, o extrato de contrato com a banca organizadora, que ser\u00e1 a Funda\u00e7\u00e3o Get\u00falio Vargas (FGV). O nome da\u2026","rel":"","context":"In &quot;Vagas de Emprego em Ribeir\u00e3o Preto-SP&quot;","block_context":{"text":"Vagas de Emprego em Ribeir\u00e3o Preto-SP","link":"https:\/\/noticiasribeiraopreto.com.br\/index.php\/category\/empregos-classificados-vagas-trabalho\/vagas-de-empregos-em-ribeirao-preto-regiao-brasil\/"},"img":{"alt_text":"","src":"https:\/\/i0.wp.com\/noticiasribeiraopreto.com.br\/wp-content\/uploads\/2023\/12\/1703297676_pme_rj_novo.jpg?fit=1200%2C675&ssl=1&resize=350%2C200","width":350,"height":200,"srcset":"https:\/\/i0.wp.com\/noticiasribeiraopreto.com.br\/wp-content\/uploads\/2023\/12\/1703297676_pme_rj_novo.jpg?fit=1200%2C675&ssl=1&resize=350%2C200 1x, https:\/\/i0.wp.com\/noticiasribeiraopreto.com.br\/wp-content\/uploads\/2023\/12\/1703297676_pme_rj_novo.jpg?fit=1200%2C675&ssl=1&resize=525%2C300 1.5x, https:\/\/i0.wp.com\/noticiasribeiraopreto.com.br\/wp-content\/uploads\/2023\/12\/1703297676_pme_rj_novo.jpg?fit=1200%2C675&ssl=1&resize=700%2C400 2x, https:\/\/i0.wp.com\/noticiasribeiraopreto.com.br\/wp-content\/uploads\/2023\/12\/1703297676_pme_rj_novo.jpg?fit=1200%2C675&ssl=1&resize=1050%2C600 3x"},"classes":[]}],"jetpack_sharing_enabled":true,"jetpack_shortlink":"https:\/\/wp.me\/peQAOb-4Kp","_links":{"self":[{"href":"https:\/\/noticiasribeiraopreto.com.br\/index.php\/wp-json\/wp\/v2\/posts\/18253","targetHints":{"allow":["GET"]}}],"collection":[{"href":"https:\/\/noticiasribeiraopreto.com.br\/index.php\/wp-json\/wp\/v2\/posts"}],"about":[{"href":"https:\/\/noticiasribeiraopreto.com.br\/index.php\/wp-json\/wp\/v2\/types\/post"}],"author":[{"embeddable":true,"href":"https:\/\/noticiasribeiraopreto.com.br\/index.php\/wp-json\/wp\/v2\/users\/1"}],"replies":[{"embeddable":true,"href":"https:\/\/noticiasribeiraopreto.com.br\/index.php\/wp-json\/wp\/v2\/comments?post=18253"}],"version-history":[{"count":0,"href":"https:\/\/noticiasribeiraopreto.com.br\/index.php\/wp-json\/wp\/v2\/posts\/18253\/revisions"}],"wp:featuredmedia":[{"embeddable":true,"href":"https:\/\/noticiasribeiraopreto.com.br\/index.php\/wp-json\/wp\/v2\/media\/18254"}],"wp:attachment":[{"href":"https:\/\/noticiasribeiraopreto.com.br\/index.php\/wp-json\/wp\/v2\/media?parent=18253"}],"wp:term":[{"taxonomy":"category","embeddable":true,"href":"https:\/\/noticiasribeiraopreto.com.br\/index.php\/wp-json\/wp\/v2\/categories?post=18253"},{"taxonomy":"post_tag","embeddable":true,"href":"https:\/\/noticiasribeiraopreto.com.br\/index.php\/wp-json\/wp\/v2\/tags?post=18253"}],"curies":[{"name":"wp","href":"https:\/\/api.w.org\/{rel}","templated":true}]}}