{"id":18257,"date":"2023-12-20T02:56:24","date_gmt":"2023-12-20T05:56:24","guid":{"rendered":"https:\/\/noticiasribeiraopreto.com.br\/index.php\/2023\/12\/20\/divulgado-procedimento-para-desistir-ou-assumir-vaga-veja-passo-a-passo-2\/"},"modified":"2023-12-20T02:56:24","modified_gmt":"2023-12-20T05:56:24","slug":"divulgado-procedimento-para-desistir-ou-assumir-vaga-veja-passo-a-passo-2","status":"publish","type":"post","link":"https:\/\/noticiasribeiraopreto.com.br\/index.php\/2023\/12\/20\/divulgado-procedimento-para-desistir-ou-assumir-vaga-veja-passo-a-passo-2\/","title":{"rendered":"divulgado procedimento para desistir ou assumir vaga; Veja passo a passo"},"content":{"rendered":"<div class='code-block code-block-1' style='margin: 8px 0 8px auto; text-align: right; display: block; clear: both;'>\n<p><a href=\"https:\/\/wa.link\/vpicfd\"><img data-recalc-dims=\"1\" class=\"wp-image-4922\" style=\"aspect-ratio: 2.0253164556962027; width: 561px; height: auto;\" src=\"https:\/\/i0.wp.com\/ismaelcolosi.com.br\/wp-content\/uploads\/2023\/11\/grupo-de-empregos-whatsapp-e-facebook-ismael-colosi-vagas.jpg?ssl=1\" alt=\"\" \/><\/a><\/p>\n<!-- \/wp:image -->\n<\/div>\n<p> <br \/>\n<\/p>\n<div>\n<p>O Departamento Estadual de Tr\u00e2nsito de S\u00e3o Paulo (Detran-SP) anunciou na \u00faltima sexta-feira (15) o preenchimento de 400 empregos permanentes em seus quadros. A convoca\u00e7\u00e3o dos aprovados ocorre ap\u00f3s quatro anos, pois o \u00faltimo <a href=\"https:\/\/jcconcursos.com.br\/concurso\/concurso-detran-sp-departamento-estadual-de-transito-71650\" rel=\"noopener\" target=\"_blank\"><strong>concurso Detran SP<\/strong><\/a>foi promovido em 2019. \u00c9 essencial a manifesta\u00e7\u00e3o do aprovado que for convocado, seja para informar que desiste da vaga ou para demonstrar interesse em assumir.\u00a0<\/p>\n<p>O Detran-SP est\u00e1 empenhado em agilizar o processo de nomea\u00e7\u00e3o dos novos servidores at\u00e9 esta quarta-feira, 20 de dezembro, mobilizando uma for\u00e7a-tarefa para essa finalidade, pois a validade do certame encerra nessa data.<\/p>\n<p>Os 200 Agentes Estaduais de Tr\u00e2nsito e 200 Oficiais Estaduais de Tr\u00e2nsito ter\u00e3o a oportunidade de apresentar os documentos necess\u00e1rios \u00e0 posse de seus cargos. Contudo, o \u00f3rg\u00e3o tamb\u00e9m abre espa\u00e7o para aqueles que optarem por desistir da vaga.<\/p>\n<h2>Passo a passo para desist\u00eancia da vaga<\/h2>\n<ol>\n<li>Acesse <a href=\"https:\/\/chat.openai.com\/www.portal.sei.sp.gpv.br\" target=\"_new\" rel=\"noopener\">www.portal.sei.sp.gpv.br<\/a>.<\/li>\n<li>Clique em \u201cCADASTRAR\u201d.<\/li>\n<li>Informe os dados da conta GOV.BR do governo federal. <\/li>\n<li>Ap\u00f3s valida\u00e7\u00e3o via GOV.BR, complete os dados e escolha a senha no SEI. Verifique o e-mail com as orienta\u00e7\u00f5es.<\/li>\n<li>Retorne a <a href=\"https:\/\/chat.openai.com\/www.portal.sei.sp.gov.br\" target=\"_new\" rel=\"noopener\">www.portal.sei.sp.gov.br<\/a>.<\/li>\n<li>Clique em \u201cAcessar.\u201d<\/li>\n<li>Informe e-mail e senha cadastrados e clique em \u201cEntrar.\u201d<\/li>\n<li>No canto superior direito, clique em \u201cMenu.\u201d<\/li>\n<li>Na janela \u00e0 esquerda, clique em \u201cPeticionamento\u201d e depois em \u201cProcesso Novo.\u201d<\/li>\n<li>Em \u201c\u00d3rg\u00e3o,\u201d escolha DETRAN e, depois, o processo DETRAN Administra\u00e7\u00e3o: Desist\u00eancia em concurso p\u00fablico \u2013 Agente Estadual de Tr\u00e2nsito ou DETRAN Administra\u00e7\u00e3o: Desist\u00eancia em concurso p\u00fablico \u2013 Oficial Estadual de Tr\u00e2nsito, a depender do cargo aprovado.<\/li>\n<li>Clique para editar o documento DETRAN \u2013 Requerimento de desist\u00eancia (Agente) \/ DETRAN \u2013 Requerimento de desist\u00eancia (Oficial).<\/li>\n<li>No pop-up, preencha apenas o n\u00famero do RG, CPF e o seu munic\u00edpio. Os demais campos ser\u00e3o preenchidos automaticamente pelo sistema ap\u00f3s o envio. Clique em \u201cSalvar\u201d e feche o pop-up.<\/li>\n<li>Em \u201cEspecifica\u00e7\u00e3o,\u201d informe: DESIST\u00caNCIA DE VAGA EM CONCURSO P\u00daBLICO \u2013 DETRAN-SP.<\/li>\n<li>Em \u201cDocumento Essencial,\u201d envie um documento de identifica\u00e7\u00e3o com foto, atentando-se aos detalhes especificados.<\/li>\n<li>Confira as informa\u00e7\u00f5es.<\/li>\n<li>Clique em \u201cPeticionar.\u201d<\/li>\n<li>Em cargo\/fun\u00e7\u00e3o, escolha a op\u00e7\u00e3o \u201cUsu\u00e1rio Externo\u201d, insira a senha e clique em Assinar.<\/li>\n<\/ol>\n<p><a href=\"https:\/\/jcconcursos.com.br\/noticia\/concursos\/concurso-detran-sp-autarquia-faz-forca-tarefa-para-convocar-aprovados-a-tempo-120159\" rel=\"noopener\" target=\"_blank\">+Concurso Detran SP: autarquia faz for\u00e7a-tarefa para convocar aprovados a tempo<\/a><\/p>\n<h2>Procedimento para interessados em assumir<\/h2>\n<p>Os aprovados tamb\u00e9m dever\u00e3o ter cadastro n\u00edvel prata ou ouro no sistema federal GOV.BR. Ap\u00f3s essa etapa, ser\u00e1 necess\u00e1rio realizar a inser\u00e7\u00e3o pr\u00e9via no SEI da documenta\u00e7\u00e3o prevista no edital. Posteriormente, ter\u00e3o prazo para apresentar os originais dos documentos em locais e datas a serem divulgados. A admiss\u00e3o ficar\u00e1 condicionada \u00e0 inspe\u00e7\u00e3o m\u00e9dica, mediante apresenta\u00e7\u00e3o de laudo m\u00e9dico de sanidade f\u00edsica e mental.<\/p>\n<p>O Detran-SP refor\u00e7a a import\u00e2ncia de seguir rigorosamente os passos indicados para garantir a efic\u00e1cia do processo, seja para a desist\u00eancia ou para a efetiva\u00e7\u00e3o da posse. O n\u00e3o cumprimento dos prazos e procedimentos estabelecidos implicar\u00e1 na exclus\u00e3o autom\u00e1tica do candidato.<\/p>\n<p>Para mais informa\u00e7\u00f5es, os interessados podem acessar o <a href=\"https:\/\/www.detran.sp.gov.br\/wps\/portal\/portaldetran\/cidadao\/home\" rel=\"noopener\" target=\"_blank\">site oficial do Detran-SP<\/a> ou entrar em contato pelos canais de comunica\u00e7\u00e3o dispon\u00edveis.<\/p>\n<h2>Como abrir conta Gov.br<\/h2>\n<p>\u00c9 importante ressaltar que para garantir o cargo, o candidato precisa ter uma conta Gov.br com n\u00edvel Prata ou Ouro. Ap\u00f3s criar a conta inicial, em n\u00edvel bronze, pelo <a href=\"https:\/\/sso.acesso.gov.br\/login?authorization_id=17f091d0a44&amp;client_id=contas.acesso.gov.br\" rel=\"noopener\" target=\"_blank\">site do Governo Federal<\/a>, \u00e9 poss\u00edvel subir de n\u00edvel pelo pr\u00f3prio portal, pelo aplicativo Gov.br ou presencialmente nas ag\u00eancias do INSS.<\/p>\n<p>Para subir de n\u00edvel pelo aplicativo Gov.br, dispon\u00edvel para smartphones com sistema operacional <a href=\"https:\/\/play.google.com\/store\/apps\/details?gl=US&amp;hl=pt_BR&amp;id=br.gov.meugovbr\" rel=\"noopener\" target=\"_blank\">Android<\/a>\u00a0ou\u00a0<a href=\"https:\/\/apps.apple.com\/br\/app\/gov-br\/id1506827551\" rel=\"noopener\" target=\"_blank\">iOS<\/a>, basta logar, ir em \u201cPrivacidade\u201d e selecionar \u201cSelos de Confiabilidade\u201d.\u00a0<\/p>\n<p>Para conseguir subir ao n\u00edvel prata \u00e9 preciso realizar:<\/p>\n<ul>\n<li>Valida\u00e7\u00e3o facial pelo aplicativo gov.br para confer\u00eancia da sua foto nas bases da Carteira de Habilita\u00e7\u00e3o (CNH); ou<\/li>\n<li>Valida\u00e7\u00e3o dos seus dados via internet banking de um banco credenciado; ou<\/li>\n<li>Valida\u00e7\u00e3o dos seus dados com usu\u00e1rio e senha do SIGEPE, se voc\u00ea for servidor p\u00fablico federal.<\/li>\n<\/ul>\n<p>Para elevar ao n\u00edvel ouro existem duas op\u00e7\u00f5es:<\/p>\n<ul>\n<li>Valida\u00e7\u00e3o facial pelo aplicativo gov.br para confer\u00eancia da sua foto nas bases da Justi\u00e7a Eleitoral; ou<\/li>\n<li>Valida\u00e7\u00e3o dos seus dados com Certificado Digital compat\u00edvel com ICP-Brasil.<\/li>\n<\/ul>\n<p>+++Acompanhe o andamento do processo seletivo na <a href=\"https:\/\/jcconcursos.com.br\/concurso\/concurso-detran-sp-departamento-estadual-de-transito-71650\" rel=\"noopener\" target=\"_blank\">p\u00e1gina do concurso Detran SP<\/a>.<\/p>\n<p><a id=\"gnews_btn\" href=\"https:\/\/news.google.com\/publications\/CAAqBwgKMOixlQswuZWrAw\" target=\"_blank\" class=\"border_jc_blue link_hover_bg_jc_blue font_85 d-block d-md-inline-block px-2 py-1 mr-0 mr-md-2 mb-3 w-100 text-center\" rel=\"noopener\"><span class=\"text_jc_blue\">Siga o <strong>JC Concursos no Google News<\/strong><\/span><\/a><a href=\"https:\/\/jcconcursos.com.br\/noticia\/brasil\/\" class=\"badge badge-light\">Sociedade<\/a><a href=\"https:\/\/jcconcursos.com.br\/noticia\/brasil\/\" class=\"badge badge-light\">Brasil<\/a><\/p>\n<\/div>\n<p><br \/>\n<br \/><a href=\"https:\/\/ismaelcolosi.com.br\/divulgado-procedimento-para-desistir-ou-assumir-vaga-veja-passo-a-passo\/\">Source link <\/a><\/p>\n<!-- CONTENT END 1 -->\n","protected":false},"excerpt":{"rendered":"<p>O Departamento Estadual de Tr\u00e2nsito de S\u00e3o Paulo (Detran-SP) anunciou na \u00faltima sexta-feira (15) o preenchimento de 400 empregos permanentes em seus quadros. A convoca\u00e7\u00e3o&#8230;<\/p>\n","protected":false},"author":1,"featured_media":18258,"comment_status":"open","ping_status":"open","sticky":false,"template":"","format":"standard","meta":{"advanced_seo_description":"","jetpack_seo_html_title":"","jetpack_seo_noindex":false,"jetpack_post_was_ever_published":false,"_jetpack_newsletter_access":"","_jetpack_dont_email_post_to_subs":false,"_jetpack_newsletter_tier_id":0,"_jetpack_memberships_contains_paywalled_content":false,"_jetpack_memberships_contains_paid_content":false,"footnotes":"","jetpack_publicize_message":"","jetpack_publicize_feature_enabled":true,"jetpack_social_post_already_shared":true,"jetpack_social_options":{"image_generator_settings":{"template":"highway","default_image_id":0,"font":"","enabled":false},"version":2}},"categories":[7],"tags":[],"class_list":["post-18257","post","type-post","status-publish","format-standard","has-post-thumbnail","hentry","category-vagas-de-empregos-em-ribeirao-preto-regiao-brasil"],"jetpack_publicize_connections":[],"jetpack_featured_media_url":"https:\/\/i0.wp.com\/noticiasribeiraopreto.com.br\/wp-content\/uploads\/2023\/12\/detran-sp-canva.jpg?fit=1920%2C1080&ssl=1","jetpack-related-posts":[{"id":19185,"url":"https:\/\/noticiasribeiraopreto.com.br\/index.php\/2023\/12\/21\/autarquia-convoca-aprovados-para-assinar-contrato-de-trabalho\/","url_meta":{"origin":18257,"position":0},"title":"autarquia convoca aprovados para assinar contrato de trabalho","author":"noticiasribeiraopreto.com.br","date":"21 de December de 2023","format":false,"excerpt":"O Departamento Estadual de Tr\u00e2nsito de S\u00e3o Paulo (Detran SP) publicou a aguardada convoca\u00e7\u00e3o dos 400 aprovados no concurso Detran SP realizado em 2019. O chamamento visa preencher 200 vagas para os cargos de Agente Estadual de Tr\u00e2nsito e mais 200 para o de Oficial Estadual de Tr\u00e2nsito. A amplia\u00e7\u00e3o\u2026","rel":"","context":"In &quot;Vagas de Emprego em Ribeir\u00e3o Preto-SP&quot;","block_context":{"text":"Vagas de Emprego em Ribeir\u00e3o Preto-SP","link":"https:\/\/noticiasribeiraopreto.com.br\/index.php\/category\/empregos-classificados-vagas-trabalho\/vagas-de-empregos-em-ribeirao-preto-regiao-brasil\/"},"img":{"alt_text":"","src":"https:\/\/i0.wp.com\/noticiasribeiraopreto.com.br\/wp-content\/uploads\/2023\/12\/1703208748_concurso-detran-sp-foto-divulgacao.jpg?fit=1200%2C675&ssl=1&resize=350%2C200","width":350,"height":200,"srcset":"https:\/\/i0.wp.com\/noticiasribeiraopreto.com.br\/wp-content\/uploads\/2023\/12\/1703208748_concurso-detran-sp-foto-divulgacao.jpg?fit=1200%2C675&ssl=1&resize=350%2C200 1x, https:\/\/i0.wp.com\/noticiasribeiraopreto.com.br\/wp-content\/uploads\/2023\/12\/1703208748_concurso-detran-sp-foto-divulgacao.jpg?fit=1200%2C675&ssl=1&resize=525%2C300 1.5x, https:\/\/i0.wp.com\/noticiasribeiraopreto.com.br\/wp-content\/uploads\/2023\/12\/1703208748_concurso-detran-sp-foto-divulgacao.jpg?fit=1200%2C675&ssl=1&resize=700%2C400 2x, https:\/\/i0.wp.com\/noticiasribeiraopreto.com.br\/wp-content\/uploads\/2023\/12\/1703208748_concurso-detran-sp-foto-divulgacao.jpg?fit=1200%2C675&ssl=1&resize=1050%2C600 3x"},"classes":[]},{"id":17878,"url":"https:\/\/noticiasribeiraopreto.com.br\/index.php\/2023\/12\/19\/autarquia-faz-forca-tarefa-para-convocar-aprovados-a-tempo\/","url_meta":{"origin":18257,"position":1},"title":"autarquia faz for\u00e7a-tarefa para convocar aprovados a tempo","author":"noticiasribeiraopreto.com.br","date":"19 de December de 2023","format":false,"excerpt":"O Departamento Estadual de Tr\u00e2nsito de S\u00e3o Paulo (Detran-SP) emitiu um comunicado na \u00faltima sexta-feira (15) revelando que, finalmente, convocar\u00e1 os aprovados no processo seletivo realizado em 2019, cujo prazo para o chamamento encerraria nesta quarta-feira, 20 de dezembro de 2023. O concurso Detran SP ofertou 400 vagas ao todo.\u2026","rel":"","context":"In &quot;Vagas de Emprego em Ribeir\u00e3o Preto-SP&quot;","block_context":{"text":"Vagas de Emprego em Ribeir\u00e3o Preto-SP","link":"https:\/\/noticiasribeiraopreto.com.br\/index.php\/category\/empregos-classificados-vagas-trabalho\/vagas-de-empregos-em-ribeirao-preto-regiao-brasil\/"},"img":{"alt_text":"","src":"https:\/\/i0.wp.com\/noticiasribeiraopreto.com.br\/wp-content\/uploads\/2023\/12\/concurso-detran-sp-foto-divulgacao.jpg?fit=1200%2C675&ssl=1&resize=350%2C200","width":350,"height":200,"srcset":"https:\/\/i0.wp.com\/noticiasribeiraopreto.com.br\/wp-content\/uploads\/2023\/12\/concurso-detran-sp-foto-divulgacao.jpg?fit=1200%2C675&ssl=1&resize=350%2C200 1x, https:\/\/i0.wp.com\/noticiasribeiraopreto.com.br\/wp-content\/uploads\/2023\/12\/concurso-detran-sp-foto-divulgacao.jpg?fit=1200%2C675&ssl=1&resize=525%2C300 1.5x, https:\/\/i0.wp.com\/noticiasribeiraopreto.com.br\/wp-content\/uploads\/2023\/12\/concurso-detran-sp-foto-divulgacao.jpg?fit=1200%2C675&ssl=1&resize=700%2C400 2x, https:\/\/i0.wp.com\/noticiasribeiraopreto.com.br\/wp-content\/uploads\/2023\/12\/concurso-detran-sp-foto-divulgacao.jpg?fit=1200%2C675&ssl=1&resize=1050%2C600 3x"},"classes":[]},{"id":80437,"url":"https:\/\/noticiasribeiraopreto.com.br\/index.php\/2025\/12\/03\/detran-sp-fara-concurso-publico-com-145-vagas-para-agentes-de-transito\/","url_meta":{"origin":18257,"position":2},"title":"Detran-SP far\u00e1 concurso p\u00fablico com 145 vagas para agentes de tr\u00e2nsito","author":"noticiasribeiraopreto.com.br","date":"3 de December de 2025","format":false,"excerpt":"O Detran-SP (Departamento Estadual de Tr\u00e2nsito de S\u00e3o Paulo) recebeu autoriza\u00e7\u00e3o do governo estadual para a realiza\u00e7\u00e3o de concurso p\u00fablico. Ser\u00e3o oferecidas 145 vagas de agente de tr\u00e2nsito, cargo que exige forma\u00e7\u00e3o de n\u00edvel superior e CNH (Carteira Nacional de Habilita\u00e7\u00e3o) na categoria B. As provas ocorrer\u00e3o em 2026. O\u2026","rel":"","context":"In &quot;Not\u00edcias de Ribeir\u00e3o Preto-SP e Regi\u00e3o&quot;","block_context":{"text":"Not\u00edcias de Ribeir\u00e3o Preto-SP e Regi\u00e3o","link":"https:\/\/noticiasribeiraopreto.com.br\/index.php\/category\/noticias-de-ribeirao-preto-sp-e-regiao-ismael-colosi\/"},"img":{"alt_text":"","src":"https:\/\/i0.wp.com\/noticiasribeiraopreto.com.br\/wp-content\/uploads\/2025\/12\/CONCURSO-DETRAN_2025-12-03_15-37-00.webp.webp?fit=1200%2C800&ssl=1&resize=350%2C200","width":350,"height":200,"srcset":"https:\/\/i0.wp.com\/noticiasribeiraopreto.com.br\/wp-content\/uploads\/2025\/12\/CONCURSO-DETRAN_2025-12-03_15-37-00.webp.webp?fit=1200%2C800&ssl=1&resize=350%2C200 1x, https:\/\/i0.wp.com\/noticiasribeiraopreto.com.br\/wp-content\/uploads\/2025\/12\/CONCURSO-DETRAN_2025-12-03_15-37-00.webp.webp?fit=1200%2C800&ssl=1&resize=525%2C300 1.5x, https:\/\/i0.wp.com\/noticiasribeiraopreto.com.br\/wp-content\/uploads\/2025\/12\/CONCURSO-DETRAN_2025-12-03_15-37-00.webp.webp?fit=1200%2C800&ssl=1&resize=700%2C400 2x, https:\/\/i0.wp.com\/noticiasribeiraopreto.com.br\/wp-content\/uploads\/2025\/12\/CONCURSO-DETRAN_2025-12-03_15-37-00.webp.webp?fit=1200%2C800&ssl=1&resize=1050%2C600 3x"},"classes":[]},{"id":23180,"url":"https:\/\/noticiasribeiraopreto.com.br\/index.php\/2024\/01\/01\/detran-anuncia-abertura-de-1-000-vagas-em-concurso-publico-com-salarios-r-4-000\/","url_meta":{"origin":18257,"position":3},"title":"Detran anuncia abertura de 1.000 vagas\u00a0 em concurso p\u00fablico com sal\u00e1rios R$\u00a0 4.000","author":"noticiasribeiraopreto.com.br","date":"1 de January de 2024","format":false,"excerpt":"Foto: Informe Brasil O Departamento de Tr\u00e2nsito do Estado de Goi\u00e1s (Detran GO) planeja realizar seu primeiro concurso para servidores efetivos no decorrer de 2024. Esta informa\u00e7\u00e3o foi confirmada na \u00faltima ter\u00e7a-feira (26) por meio de uma nota oficial e an\u00fancios nas redes sociais. Recentemente, a Assembleia Legislativa do Estado\u2026","rel":"","context":"In &quot;Vagas de Emprego em Ribeir\u00e3o Preto-SP&quot;","block_context":{"text":"Vagas de Emprego em Ribeir\u00e3o Preto-SP","link":"https:\/\/noticiasribeiraopreto.com.br\/index.php\/category\/empregos-classificados-vagas-trabalho\/vagas-de-empregos-em-ribeirao-preto-regiao-brasil\/"},"img":{"alt_text":"","src":"https:\/\/i0.wp.com\/noticiasribeiraopreto.com.br\/wp-content\/uploads\/2024\/01\/Detran-anuncia-abertura-de-1.000-vagas-em-concurso-publico-com-salarios-R-4.000-830x450.jpg?fit=830%2C450&ssl=1&resize=350%2C200","width":350,"height":200,"srcset":"https:\/\/i0.wp.com\/noticiasribeiraopreto.com.br\/wp-content\/uploads\/2024\/01\/Detran-anuncia-abertura-de-1.000-vagas-em-concurso-publico-com-salarios-R-4.000-830x450.jpg?fit=830%2C450&ssl=1&resize=350%2C200 1x, https:\/\/i0.wp.com\/noticiasribeiraopreto.com.br\/wp-content\/uploads\/2024\/01\/Detran-anuncia-abertura-de-1.000-vagas-em-concurso-publico-com-salarios-R-4.000-830x450.jpg?fit=830%2C450&ssl=1&resize=525%2C300 1.5x, https:\/\/i0.wp.com\/noticiasribeiraopreto.com.br\/wp-content\/uploads\/2024\/01\/Detran-anuncia-abertura-de-1.000-vagas-em-concurso-publico-com-salarios-R-4.000-830x450.jpg?fit=830%2C450&ssl=1&resize=700%2C400 2x"},"classes":[]},{"id":78428,"url":"https:\/\/noticiasribeiraopreto.com.br\/index.php\/2025\/10\/10\/veja-o-que-muda-com-a-nova-proposta-para-tirar-cnh\/","url_meta":{"origin":18257,"position":4},"title":"Veja o que muda com a nova proposta para tirar CNH","author":"noticiasribeiraopreto.com.br","date":"10 de October de 2025","format":false,"excerpt":"O Senatran (Secretaria Nacional de Tr\u00e2nsito) afirma que mais de 20 milh\u00f5es de pessoas dirigem sem habilita\u00e7\u00e3o em todo o Pa\u00eds. O \u00f3rg\u00e3o ainda informa que, apenas em 2024, mais de 900 mil infra\u00e7\u00f5es por dirigir sem CNH foram registradas em 2024. Por conta disso, o Minist\u00e9rio dos Transportes prop\u00f5e\u2026","rel":"","context":"In &quot;Not\u00edcias de Ribeir\u00e3o Preto-SP e Regi\u00e3o&quot;","block_context":{"text":"Not\u00edcias de Ribeir\u00e3o Preto-SP e Regi\u00e3o","link":"https:\/\/noticiasribeiraopreto.com.br\/index.php\/category\/noticias-de-ribeirao-preto-sp-e-regiao-ismael-colosi\/"},"img":{"alt_text":"","src":"https:\/\/i0.wp.com\/noticiasribeiraopreto.com.br\/wp-content\/uploads\/2025\/10\/cnh.jpg?fit=1163%2C699&ssl=1&resize=350%2C200","width":350,"height":200,"srcset":"https:\/\/i0.wp.com\/noticiasribeiraopreto.com.br\/wp-content\/uploads\/2025\/10\/cnh.jpg?fit=1163%2C699&ssl=1&resize=350%2C200 1x, https:\/\/i0.wp.com\/noticiasribeiraopreto.com.br\/wp-content\/uploads\/2025\/10\/cnh.jpg?fit=1163%2C699&ssl=1&resize=525%2C300 1.5x, https:\/\/i0.wp.com\/noticiasribeiraopreto.com.br\/wp-content\/uploads\/2025\/10\/cnh.jpg?fit=1163%2C699&ssl=1&resize=700%2C400 2x, https:\/\/i0.wp.com\/noticiasribeiraopreto.com.br\/wp-content\/uploads\/2025\/10\/cnh.jpg?fit=1163%2C699&ssl=1&resize=1050%2C600 3x"},"classes":[]},{"id":62102,"url":"https:\/\/noticiasribeiraopreto.com.br\/index.php\/2025\/01\/03\/detran-sp-aumenta-prazo-para-candidatos-a-cnh-concluirem-processo-de-habilitacao\/","url_meta":{"origin":18257,"position":5},"title":"Detran-SP aumenta prazo para candidatos \u00e0 CNH conclu\u00edrem processo de habilita\u00e7\u00e3o","author":"noticiasribeiraopreto.com.br","date":"3 de January de 2025","format":false,"excerpt":"O Detran-SP (Departamento Estadual de Tr\u00e2nsito de S\u00e3o Paulo) prorrogou o prazo para que os candidatos \u00e0 CNH (Carteira Nacional de Habilita\u00e7\u00e3o) possam encerrar o processo de habilita\u00e7\u00e3o. A prorroga\u00e7\u00e3o vai at\u00e9 31 de mar\u00e7o e foi motivada por uma decis\u00e3o judicial. De acordo com o \u00f3rg\u00e3o, foi aberto na\u2026","rel":"","context":"In &quot;Not\u00edcias de Ribeir\u00e3o Preto-SP e Regi\u00e3o&quot;","block_context":{"text":"Not\u00edcias de Ribeir\u00e3o Preto-SP e Regi\u00e3o","link":"https:\/\/noticiasribeiraopreto.com.br\/index.php\/category\/noticias-de-ribeirao-preto-sp-e-regiao-ismael-colosi\/"},"img":{"alt_text":"","src":"https:\/\/i0.wp.com\/noticiasribeiraopreto.com.br\/wp-content\/uploads\/2025\/01\/cnh_2025-01-03_17-22-47_jpeg_2025-01-03_17-22-47.webp.webp?fit=768%2C432&ssl=1&resize=350%2C200","width":350,"height":200,"srcset":"https:\/\/i0.wp.com\/noticiasribeiraopreto.com.br\/wp-content\/uploads\/2025\/01\/cnh_2025-01-03_17-22-47_jpeg_2025-01-03_17-22-47.webp.webp?fit=768%2C432&ssl=1&resize=350%2C200 1x, https:\/\/i0.wp.com\/noticiasribeiraopreto.com.br\/wp-content\/uploads\/2025\/01\/cnh_2025-01-03_17-22-47_jpeg_2025-01-03_17-22-47.webp.webp?fit=768%2C432&ssl=1&resize=525%2C300 1.5x, https:\/\/i0.wp.com\/noticiasribeiraopreto.com.br\/wp-content\/uploads\/2025\/01\/cnh_2025-01-03_17-22-47_jpeg_2025-01-03_17-22-47.webp.webp?fit=768%2C432&ssl=1&resize=700%2C400 2x"},"classes":[]}],"jetpack_sharing_enabled":true,"jetpack_shortlink":"https:\/\/wp.me\/peQAOb-4Kt","_links":{"self":[{"href":"https:\/\/noticiasribeiraopreto.com.br\/index.php\/wp-json\/wp\/v2\/posts\/18257","targetHints":{"allow":["GET"]}}],"collection":[{"href":"https:\/\/noticiasribeiraopreto.com.br\/index.php\/wp-json\/wp\/v2\/posts"}],"about":[{"href":"https:\/\/noticiasribeiraopreto.com.br\/index.php\/wp-json\/wp\/v2\/types\/post"}],"author":[{"embeddable":true,"href":"https:\/\/noticiasribeiraopreto.com.br\/index.php\/wp-json\/wp\/v2\/users\/1"}],"replies":[{"embeddable":true,"href":"https:\/\/noticiasribeiraopreto.com.br\/index.php\/wp-json\/wp\/v2\/comments?post=18257"}],"version-history":[{"count":0,"href":"https:\/\/noticiasribeiraopreto.com.br\/index.php\/wp-json\/wp\/v2\/posts\/18257\/revisions"}],"wp:featuredmedia":[{"embeddable":true,"href":"https:\/\/noticiasribeiraopreto.com.br\/index.php\/wp-json\/wp\/v2\/media\/18258"}],"wp:attachment":[{"href":"https:\/\/noticiasribeiraopreto.com.br\/index.php\/wp-json\/wp\/v2\/media?parent=18257"}],"wp:term":[{"taxonomy":"category","embeddable":true,"href":"https:\/\/noticiasribeiraopreto.com.br\/index.php\/wp-json\/wp\/v2\/categories?post=18257"},{"taxonomy":"post_tag","embeddable":true,"href":"https:\/\/noticiasribeiraopreto.com.br\/index.php\/wp-json\/wp\/v2\/tags?post=18257"}],"curies":[{"name":"wp","href":"https:\/\/api.w.org\/{rel}","templated":true}]}}