{"id":18259,"date":"2023-12-20T03:07:48","date_gmt":"2023-12-20T06:07:48","guid":{"rendered":"https:\/\/noticiasribeiraopreto.com.br\/index.php\/2023\/12\/20\/cortar-estes-alimentos-da-dieta-eleva-risco-de-morte\/"},"modified":"2023-12-20T03:07:48","modified_gmt":"2023-12-20T06:07:48","slug":"cortar-estes-alimentos-da-dieta-eleva-risco-de-morte","status":"publish","type":"post","link":"https:\/\/noticiasribeiraopreto.com.br\/index.php\/2023\/12\/20\/cortar-estes-alimentos-da-dieta-eleva-risco-de-morte\/","title":{"rendered":"cortar estes alimentos da dieta eleva risco de morte"},"content":{"rendered":"<div class='code-block code-block-1' style='margin: 8px 0 8px auto; text-align: right; display: block; clear: both;'>\n<p><a href=\"https:\/\/wa.link\/vpicfd\"><img data-recalc-dims=\"1\" class=\"wp-image-4922\" style=\"aspect-ratio: 2.0253164556962027; width: 561px; height: auto;\" src=\"https:\/\/i0.wp.com\/ismaelcolosi.com.br\/wp-content\/uploads\/2023\/11\/grupo-de-empregos-whatsapp-e-facebook-ismael-colosi-vagas.jpg?ssl=1\" alt=\"\" \/><\/a><\/p>\n<!-- \/wp:image -->\n<\/div>\n<p> <br \/>\n<\/p>\n<div>\n<div id=\"attachment_2329314\" class=\"wp-caption alignnone\">\n<div class=\"d-flex justify-content-center\" data-attachment-id=\"2329314\">\n<div class=\"position-relative d-inline-block\"><img data-recalc-dims=\"1\" data-portal-copyright=\"iStock\/Vera_Petrunina\" fetchpriority=\"high\" decoding=\"async\" class=\"size-full wp-image-2329314\" src=\"https:\/\/i0.wp.com\/catracalivre.com.br\/wp-content\/uploads\/2023\/12\/istock-1176500205-scaled.jpg?resize=2560%2C1709&#038;ssl=1\" alt=\"Consequ\u00eancia de cortar alimentos com carboidratos da dieta, segundo estudo\" width=\"2560\" height=\"1709\" srcset=\"https:\/\/catracalivre.com.br\/wp-content\/uploads\/2023\/12\/istock-1176500205-scaled.jpg 2560w, https:\/\/catracalivre.com.br\/wp-content\/uploads\/2023\/12\/istock-1176500205-450x300.jpg 450w, https:\/\/catracalivre.com.br\/wp-content\/uploads\/2023\/12\/istock-1176500205-768x513.jpg 768w\" sizes=\"(max-width: 2560px) 100vw, 2560px\"\/><\/p>\n<p>Cr\u00e9ditos: iStock\/Vera_Petrunina<\/p>\n<\/div>\n<\/div>\n<p><span class=\"post-imagem__legenda\">Consequ\u00eancia de cortar alimentos com carboidratos da dieta, segundo estudo<\/span><\/p>\n<\/div>\n<p>Desfrutar de uma dieta equilibrada \u00e9 a chave para uma vida saud\u00e1vel. Mas uma tend\u00eancia de cortar <a href=\"https:\/\/catracalivre.com.br\/saude-bem-estar\/entenda-quais-sao-os-alimentos-ricos-em-carboidratos\/\" target=\"_blank\" rel=\"noopener\">alimentos com carboidratos<\/a> por completo levanta a quest\u00e3o: o equil\u00edbrio est\u00e1 realmente sendo mantido?<\/p>\n<p>Em um projeto recente conduzido pelo <a href=\"https:\/\/jn.nutrition.org\/\" target=\"_blank\" rel=\"noopener\">The Journal of Nutrition<\/a>, representando a Sociedade Americana de Nutri\u00e7\u00e3o (ASN), foi descoberto que uma dieta muito restrita em carboidratos pode aumentar a taxa de mortalidade.<\/p>\n<p>Mergulhando mais fundo nas informa\u00e7\u00f5es do estudo, aproximadamente 80 mil pessoas, com idades variando de 35 a 69 anos, acabaram avaliadas ao longo de oito anos. O foco do estudo era entender a correla\u00e7\u00e3o entre o <a href=\"https:\/\/catracalivre.com.br\/saude-bem-estar\/oms-altera-recomendacoes-sobre-gorduras-e-carboidratos-para-uma-vida-mais-saudavel\/\" target=\"_blank\" rel=\"noopener\">consumo de carboidratos<\/a> e outros fatores como consumo de \u00e1lcool, h\u00e1bitos de tabagismo, hist\u00f3rico m\u00e9dico e ingest\u00e3o de gordura, fibras e vegetais.<\/p>\n<h2>O baixo consumo de carboidratos implica um risco maior?<\/h2>\n<p>Mais especificamente, o estudo destacou que indiv\u00edduos que consumiam menos de 40% de sua energia proveniente de carboidratos tiveram riscos aumentados de mortalidade.<\/p>\n<p>Ou seja, uma <a href=\"https:\/\/catracalivre.com.br\/saude-bem-estar\/harvard-redefine-a-melhor-dieta-para-emagrecer-saiba-mais\/\" target=\"_blank\" rel=\"noopener\">dieta<\/a> baixa em carboidratos pode levar ao aparecimento de problemas de sa\u00fade a longo prazo, o que inclui um aumento nos riscos de mortalidade por doen\u00e7as cardiovasculares. No entanto, isso de forma alguma sugere que carboidratos devem ser consumidos de forma descuidada.<\/p>\n<p>A modera\u00e7\u00e3o ainda \u00e9 uma necessidade, pois o estudo tamb\u00e9m indica que o equil\u00edbrio no consumo \u00e9 crucial para a promo\u00e7\u00e3o da sa\u00fade.<\/p>\n<div id=\"attachment_2329313\" class=\"wp-caption alignnone\">\n<div class=\"d-flex justify-content-center\" data-attachment-id=\"2329313\">\n<div class=\"position-relative d-inline-block\"><img data-recalc-dims=\"1\" loading=\"lazy\" data-portal-copyright=\"iStock\/bit245\" decoding=\"async\" class=\"size-full wp-image-2329313\" src=\"https:\/\/i0.wp.com\/catracalivre.com.br\/wp-content\/uploads\/2023\/12\/istock-613046884-scaled.jpg?resize=2560%2C1696&#038;ssl=1\" alt=\"Alimentos ricos em carboidratos\" width=\"2560\" height=\"1696\" srcset=\"https:\/\/catracalivre.com.br\/wp-content\/uploads\/2023\/12\/istock-613046884-scaled.jpg 2560w, https:\/\/catracalivre.com.br\/wp-content\/uploads\/2023\/12\/istock-613046884-450x298.jpg 450w, https:\/\/catracalivre.com.br\/wp-content\/uploads\/2023\/12\/istock-613046884-768x509.jpg 768w\" sizes=\"auto, (max-width: 2560px) 100vw, 2560px\"\/><\/p>\n<p>Cr\u00e9ditos: iStock\/bit245<\/p>\n<\/div>\n<\/div>\n<p><span class=\"post-imagem__legenda\">Alimentos ricos em carboidratos<\/span><\/p>\n<\/div>\n<h2>Qual \u00e9 a alimenta\u00e7\u00e3o recomendada?<\/h2>\n<p>\u00c9 importante deixar claro que a dieta ideal \u00e9 aquela que fornece a quantidade adequada de nutrientes necess\u00e1rios para o bom funcionamento do nosso organismo.<\/p>\n<p>Fazem parte de uma alimenta\u00e7\u00e3o balanceada a ingest\u00e3o de alimentos variados, como gr\u00e3os integrais, legumes, verduras, frutas e prote\u00ednas.<\/p>\n<p>No que diz respeito ao estudo, ele apenas ressalta a ideia de que cortar completamente qualquer grupo alimentar n\u00e3o est\u00e1 recomendado, tendo em vista que cada um possui uma fun\u00e7\u00e3o importante para a sa\u00fade geral do corpo.<\/p>\n<h2>Em conclus\u00e3o\u2026<\/h2>\n<p>Com os resultados do estudo publicado no The Journal of Nutrition, o esperado \u00e9 que as pessoas vejam a import\u00e2ncia de uma dieta equilibrada.<\/p>\n<p>O balan\u00e7o na ingest\u00e3o de alimentos, incluindo carboidratos, \u00e9 essencial para a manuten\u00e7\u00e3o do metabolismo saud\u00e1vel do corpo e bem-estar geral.<\/p>\n<p>Pois, uma alimenta\u00e7\u00e3o balanceada vale a pena n\u00e3o apenas para manter a forma f\u00edsica, mas tamb\u00e9m para garantir longevidade.<\/p>\n<\/div>\n<p><script>\n\t\t! function(f, b, e, v, n, t, s) {\n\t\t\tif (f.fbq) return;\n\t\t\tn = f.fbq = function() {\n\t\t\t\tn.callMethod ?\n\t\t\t\t\tn.callMethod.apply(n, arguments) : n.queue.push(arguments)\n\t\t\t};\n\t\t\tif (!f._fbq) f._fbq = n;\n\t\t\tn.push = n;\n\t\t\tn.loaded = !0;\n\t\t\tn.version = '2.0';\n\t\t\tn.queue = [];\n\t\t\tt = b.createElement(e);\n\t\t\tt.async = !0;\n\t\t\tt.src = v;\n\t\t\ts = b.getElementsByTagName(e)[0];\n\t\t\ts.parentNode.insertBefore(t, s)\n\t\t}(window, document, 'script',\n\t\t\t'https:\/\/connect.facebook.net\/en_US\/fbevents.js');\n\t\tfbq('init', '338315473262380');\n\t\tfbq('track', 'PageView');\n\t<\/script><br \/>\n<br \/><br \/>\n<br \/><a href=\"https:\/\/catracalivre.com.br\/saude-bem-estar\/estudo-alerta-que-cortar-estes-alimentos-da-dieta-eleva-risco-de-morte\/\">Source link <\/a><\/p>\n<!-- CONTENT END 1 -->\n","protected":false},"excerpt":{"rendered":"<p>Cr\u00e9ditos: iStock\/Vera_Petrunina Consequ\u00eancia de cortar alimentos com carboidratos da dieta, segundo estudo Desfrutar de uma dieta equilibrada \u00e9 a chave para uma vida saud\u00e1vel. Mas&#8230;<\/p>\n","protected":false},"author":1,"featured_media":18260,"comment_status":"open","ping_status":"open","sticky":false,"template":"","format":"standard","meta":{"advanced_seo_description":"","jetpack_seo_html_title":"","jetpack_seo_noindex":false,"jetpack_post_was_ever_published":false,"_jetpack_newsletter_access":"","_jetpack_dont_email_post_to_subs":false,"_jetpack_newsletter_tier_id":0,"_jetpack_memberships_contains_paywalled_content":false,"_jetpack_memberships_contains_paid_content":false,"footnotes":"","jetpack_publicize_message":"","jetpack_publicize_feature_enabled":true,"jetpack_social_post_already_shared":true,"jetpack_social_options":{"image_generator_settings":{"template":"highway","default_image_id":0,"font":"","enabled":false},"version":2}},"categories":[19],"tags":[],"class_list":["post-18259","post","type-post","status-publish","format-standard","has-post-thumbnail","hentry","category-variedades"],"jetpack_publicize_connections":[],"jetpack_featured_media_url":"https:\/\/i0.wp.com\/noticiasribeiraopreto.com.br\/wp-content\/uploads\/2023\/12\/istock-1176500205-scaled.jpg?fit=1200%2C638&ssl=1","jetpack-related-posts":[{"id":68862,"url":"https:\/\/noticiasribeiraopreto.com.br\/index.php\/2025\/04\/29\/jornal-da-franca-cortar-carboidratos-faz-bem-na-dieta-dos-adultos-saiba-o-que-diz-a-nutrologa\/","url_meta":{"origin":18259,"position":0},"title":"Jornal da Franca &#8211; Cortar carboidratos faz bem na dieta dos adultos? Saiba o que diz a nutr\u00f3loga","author":"noticiasribeiraopreto.com.br","date":"29 de April de 2025","format":false,"excerpt":"Dietas que eliminam totalmente grupos alimentares podem prejudicar a sa\u00fade, diz a m\u00e9dica, que faz alerta sobre os riscos Muitas pessoas eliminam carboidratos da alimenta\u00e7\u00e3o para emagrecer. Mas ser\u00e1 que isso faz bem para o corpo? A nutr\u00f3loga Dra. Fernanda Vasconcelos, fundadora do Instituto Qualitt\u00e9, explica os riscos das dietas\u2026","rel":"","context":"In &quot;Not\u00edcias de Franca-SP&quot;","block_context":{"text":"Not\u00edcias de Franca-SP","link":"https:\/\/noticiasribeiraopreto.com.br\/index.php\/category\/noticias-de-ribeirao-preto-sp-e-regiao-ismael-colosi\/noticias-franca-sp\/"},"img":{"alt_text":"","src":"https:\/\/i0.wp.com\/noticiasribeiraopreto.com.br\/wp-content\/uploads\/2025\/04\/2149870522.jpg?fit=1000%2C667&ssl=1&resize=350%2C200","width":350,"height":200,"srcset":"https:\/\/i0.wp.com\/noticiasribeiraopreto.com.br\/wp-content\/uploads\/2025\/04\/2149870522.jpg?fit=1000%2C667&ssl=1&resize=350%2C200 1x, https:\/\/i0.wp.com\/noticiasribeiraopreto.com.br\/wp-content\/uploads\/2025\/04\/2149870522.jpg?fit=1000%2C667&ssl=1&resize=525%2C300 1.5x, https:\/\/i0.wp.com\/noticiasribeiraopreto.com.br\/wp-content\/uploads\/2025\/04\/2149870522.jpg?fit=1000%2C667&ssl=1&resize=700%2C400 2x"},"classes":[]},{"id":19725,"url":"https:\/\/noticiasribeiraopreto.com.br\/index.php\/2023\/12\/23\/efeitos-deste-alimento-podem-causar-queda-de-cabelo\/","url_meta":{"origin":18259,"position":1},"title":"Efeitos deste alimento podem causar queda de cabelo","author":"noticiasribeiraopreto.com.br","date":"23 de December de 2023","format":false,"excerpt":"Cr\u00e9ditos: Getty Images\/iStockphotoAlimento provoca queda de cabelo? Usando a t\u00e9cnica de fluoresc\u00eancia, os pesquisadores conseguiram rastrear o caminho das gorduras no organismo dos roedores \u2013 iStock\/Getty Images Uma publica\u00e7\u00e3o na revista cient\u00edfica Cell Reports revelou que o \u00f3leo de peixe, comumente conhecido como um importante suplemento alimentar, pode ser considerado\u2026","rel":"","context":"In &quot;Variedades&quot;","block_context":{"text":"Variedades","link":"https:\/\/noticiasribeiraopreto.com.br\/index.php\/category\/variedades\/"},"img":{"alt_text":"","src":"https:\/\/i0.wp.com\/noticiasribeiraopreto.com.br\/wp-content\/uploads\/2023\/12\/istock-1412411504.jpg?fit=1200%2C638&ssl=1&resize=350%2C200","width":350,"height":200,"srcset":"https:\/\/i0.wp.com\/noticiasribeiraopreto.com.br\/wp-content\/uploads\/2023\/12\/istock-1412411504.jpg?fit=1200%2C638&ssl=1&resize=350%2C200 1x, https:\/\/i0.wp.com\/noticiasribeiraopreto.com.br\/wp-content\/uploads\/2023\/12\/istock-1412411504.jpg?fit=1200%2C638&ssl=1&resize=525%2C300 1.5x, https:\/\/i0.wp.com\/noticiasribeiraopreto.com.br\/wp-content\/uploads\/2023\/12\/istock-1412411504.jpg?fit=1200%2C638&ssl=1&resize=700%2C400 2x, https:\/\/i0.wp.com\/noticiasribeiraopreto.com.br\/wp-content\/uploads\/2023\/12\/istock-1412411504.jpg?fit=1200%2C638&ssl=1&resize=1050%2C600 3x"},"classes":[]},{"id":66422,"url":"https:\/\/noticiasribeiraopreto.com.br\/index.php\/2025\/04\/01\/jornal-da-franca-saiba-como-fazer-uma-dieta-eficiente-mas-tambem-saudavel-especialistas-dao-dicas\/","url_meta":{"origin":18259,"position":2},"title":"Jornal da Franca &#8211; Saiba como fazer uma dieta eficiente, mas tamb\u00e9m saud\u00e1vel; especialistas d\u00e3o dicas","author":"noticiasribeiraopreto.com.br","date":"1 de April de 2025","format":false,"excerpt":"compartilhar no whatsapp compartilhar no telegram compartilhar no facebook compartilhar no linkedin Nutricionistas afirmam que a perda de peso tem que ser feita de forma equilibrada Para emagrecer r\u00e1pido muitas pessoas recorrem a medidas extremas. Essas atitudes, no entanto, s\u00e3o um grande erro e, al\u00e9m de n\u00e3o perder peso, a\u2026","rel":"","context":"In &quot;Not\u00edcias de Franca-SP&quot;","block_context":{"text":"Not\u00edcias de Franca-SP","link":"https:\/\/noticiasribeiraopreto.com.br\/index.php\/category\/noticias-de-ribeirao-preto-sp-e-regiao-ismael-colosi\/noticias-franca-sp\/"},"img":{"alt_text":"","src":"https:\/\/i0.wp.com\/noticiasribeiraopreto.com.br\/wp-content\/uploads\/2025\/04\/tigela-de-buda-com-bulgur-frango-grelhado-vegetais-abacate-e-espinafre-conceito-de-comida-saudavel.jpg?fit=1000%2C667&ssl=1&resize=350%2C200","width":350,"height":200,"srcset":"https:\/\/i0.wp.com\/noticiasribeiraopreto.com.br\/wp-content\/uploads\/2025\/04\/tigela-de-buda-com-bulgur-frango-grelhado-vegetais-abacate-e-espinafre-conceito-de-comida-saudavel.jpg?fit=1000%2C667&ssl=1&resize=350%2C200 1x, https:\/\/i0.wp.com\/noticiasribeiraopreto.com.br\/wp-content\/uploads\/2025\/04\/tigela-de-buda-com-bulgur-frango-grelhado-vegetais-abacate-e-espinafre-conceito-de-comida-saudavel.jpg?fit=1000%2C667&ssl=1&resize=525%2C300 1.5x, https:\/\/i0.wp.com\/noticiasribeiraopreto.com.br\/wp-content\/uploads\/2025\/04\/tigela-de-buda-com-bulgur-frango-grelhado-vegetais-abacate-e-espinafre-conceito-de-comida-saudavel.jpg?fit=1000%2C667&ssl=1&resize=700%2C400 2x"},"classes":[]},{"id":20422,"url":"https:\/\/noticiasribeiraopreto.com.br\/index.php\/2023\/12\/25\/pesquisa-aponta-dieta-que-reduz-risco-de-alzheimer-em-ate-53\/","url_meta":{"origin":18259,"position":3},"title":"Pesquisa aponta dieta que reduz risco de Alzheimer em at\u00e9 53%","author":"noticiasribeiraopreto.com.br","date":"25 de December de 2023","format":false,"excerpt":"Cr\u00e9ditos: sudok1\/istockDieta que pode reduzir risco de Alzheimer De acordo com um estudo realizado pela Universidade Nacional de Bangladesh, a dieta mediterr\u00e2nea pode reduzir em at\u00e9 53% o risco de Alzheimer. Mas qual \u00e9 a rela\u00e7\u00e3o entre uma dieta \u00e0 base de alimentos frescos e naturais e a preven\u00e7\u00e3o de\u2026","rel":"","context":"In &quot;Variedades&quot;","block_context":{"text":"Variedades","link":"https:\/\/noticiasribeiraopreto.com.br\/index.php\/category\/variedades\/"},"img":{"alt_text":"","src":"https:\/\/i0.wp.com\/noticiasribeiraopreto.com.br\/wp-content\/uploads\/2023\/12\/istock-1140748326-5.jpg?fit=1200%2C638&ssl=1&resize=350%2C200","width":350,"height":200,"srcset":"https:\/\/i0.wp.com\/noticiasribeiraopreto.com.br\/wp-content\/uploads\/2023\/12\/istock-1140748326-5.jpg?fit=1200%2C638&ssl=1&resize=350%2C200 1x, https:\/\/i0.wp.com\/noticiasribeiraopreto.com.br\/wp-content\/uploads\/2023\/12\/istock-1140748326-5.jpg?fit=1200%2C638&ssl=1&resize=525%2C300 1.5x, https:\/\/i0.wp.com\/noticiasribeiraopreto.com.br\/wp-content\/uploads\/2023\/12\/istock-1140748326-5.jpg?fit=1200%2C638&ssl=1&resize=700%2C400 2x, https:\/\/i0.wp.com\/noticiasribeiraopreto.com.br\/wp-content\/uploads\/2023\/12\/istock-1140748326-5.jpg?fit=1200%2C638&ssl=1&resize=1050%2C600 3x"},"classes":[]},{"id":13341,"url":"https:\/\/noticiasribeiraopreto.com.br\/index.php\/2023\/12\/09\/5-alimentos-saudaveis-para-retardar-o-envelhecimento-e-viver-mais\/","url_meta":{"origin":18259,"position":4},"title":"5 alimentos saud\u00e1veis para retardar o envelhecimento e viver mais","author":"noticiasribeiraopreto.com.br","date":"9 de December de 2023","format":false,"excerpt":"Cr\u00e9ditos: Getty ImagesPesquisa envolveu uma an\u00e1lise das dietas e resultados de sa\u00fade de mais de 100.000 participantes ao longo de mais de tr\u00eas d\u00e9cadas \u2013 iStock\/Getty Images Uma pesquisa recente revelou que a inclus\u00e3o de cinco alimentos saud\u00e1veis espec\u00edficos em sua rotina pode contribuir para uma vida mais longa. Isso\u2026","rel":"","context":"In &quot;Variedades&quot;","block_context":{"text":"Variedades","link":"https:\/\/noticiasribeiraopreto.com.br\/index.php\/category\/variedades\/"},"img":{"alt_text":"","src":"https:\/\/i0.wp.com\/noticiasribeiraopreto.com.br\/wp-content\/uploads\/2023\/12\/istock-917602708-1.jpg?fit=1200%2C638&ssl=1&resize=350%2C200","width":350,"height":200,"srcset":"https:\/\/i0.wp.com\/noticiasribeiraopreto.com.br\/wp-content\/uploads\/2023\/12\/istock-917602708-1.jpg?fit=1200%2C638&ssl=1&resize=350%2C200 1x, https:\/\/i0.wp.com\/noticiasribeiraopreto.com.br\/wp-content\/uploads\/2023\/12\/istock-917602708-1.jpg?fit=1200%2C638&ssl=1&resize=525%2C300 1.5x, https:\/\/i0.wp.com\/noticiasribeiraopreto.com.br\/wp-content\/uploads\/2023\/12\/istock-917602708-1.jpg?fit=1200%2C638&ssl=1&resize=700%2C400 2x, https:\/\/i0.wp.com\/noticiasribeiraopreto.com.br\/wp-content\/uploads\/2023\/12\/istock-917602708-1.jpg?fit=1200%2C638&ssl=1&resize=1050%2C600 3x"},"classes":[]},{"id":21508,"url":"https:\/\/noticiasribeiraopreto.com.br\/index.php\/2023\/12\/27\/segundo-a-oms-estes-sao-os-alimentos-que-definem-uma-dieta-saudavel\/","url_meta":{"origin":18259,"position":5},"title":"Segundo a OMS, estes s\u00e3o os alimentos que definem uma dieta saud\u00e1vel","author":"noticiasribeiraopreto.com.br","date":"27 de December de 2023","format":false,"excerpt":"Cr\u00e9ditos: iStock\/@monticellloGr\u00e3os e cereais s\u00e3o alimentos fundamentais para a manuten\u00e7\u00e3o de uma dieta saud\u00e1vel \u2013 iStock\/Getty Images A Organiza\u00e7\u00e3o Mundial da Sa\u00fade (OMS) definiu as quantidades de carboidrato e gorduras a serem consumidas de acordo com a faixa et\u00e1ria. De gr\u00e3os integrais a vegetais, a nova recomenda\u00e7\u00e3o alimentar prev\u00ea que\u2026","rel":"","context":"In &quot;Variedades&quot;","block_context":{"text":"Variedades","link":"https:\/\/noticiasribeiraopreto.com.br\/index.php\/category\/variedades\/"},"img":{"alt_text":"","src":"https:\/\/i0.wp.com\/noticiasribeiraopreto.com.br\/wp-content\/uploads\/2023\/12\/graos-de-molho-1.jpg?fit=1200%2C638&ssl=1&resize=350%2C200","width":350,"height":200,"srcset":"https:\/\/i0.wp.com\/noticiasribeiraopreto.com.br\/wp-content\/uploads\/2023\/12\/graos-de-molho-1.jpg?fit=1200%2C638&ssl=1&resize=350%2C200 1x, https:\/\/i0.wp.com\/noticiasribeiraopreto.com.br\/wp-content\/uploads\/2023\/12\/graos-de-molho-1.jpg?fit=1200%2C638&ssl=1&resize=525%2C300 1.5x, https:\/\/i0.wp.com\/noticiasribeiraopreto.com.br\/wp-content\/uploads\/2023\/12\/graos-de-molho-1.jpg?fit=1200%2C638&ssl=1&resize=700%2C400 2x, https:\/\/i0.wp.com\/noticiasribeiraopreto.com.br\/wp-content\/uploads\/2023\/12\/graos-de-molho-1.jpg?fit=1200%2C638&ssl=1&resize=1050%2C600 3x"},"classes":[]}],"jetpack_sharing_enabled":true,"jetpack_shortlink":"https:\/\/wp.me\/peQAOb-4Kv","_links":{"self":[{"href":"https:\/\/noticiasribeiraopreto.com.br\/index.php\/wp-json\/wp\/v2\/posts\/18259","targetHints":{"allow":["GET"]}}],"collection":[{"href":"https:\/\/noticiasribeiraopreto.com.br\/index.php\/wp-json\/wp\/v2\/posts"}],"about":[{"href":"https:\/\/noticiasribeiraopreto.com.br\/index.php\/wp-json\/wp\/v2\/types\/post"}],"author":[{"embeddable":true,"href":"https:\/\/noticiasribeiraopreto.com.br\/index.php\/wp-json\/wp\/v2\/users\/1"}],"replies":[{"embeddable":true,"href":"https:\/\/noticiasribeiraopreto.com.br\/index.php\/wp-json\/wp\/v2\/comments?post=18259"}],"version-history":[{"count":0,"href":"https:\/\/noticiasribeiraopreto.com.br\/index.php\/wp-json\/wp\/v2\/posts\/18259\/revisions"}],"wp:featuredmedia":[{"embeddable":true,"href":"https:\/\/noticiasribeiraopreto.com.br\/index.php\/wp-json\/wp\/v2\/media\/18260"}],"wp:attachment":[{"href":"https:\/\/noticiasribeiraopreto.com.br\/index.php\/wp-json\/wp\/v2\/media?parent=18259"}],"wp:term":[{"taxonomy":"category","embeddable":true,"href":"https:\/\/noticiasribeiraopreto.com.br\/index.php\/wp-json\/wp\/v2\/categories?post=18259"},{"taxonomy":"post_tag","embeddable":true,"href":"https:\/\/noticiasribeiraopreto.com.br\/index.php\/wp-json\/wp\/v2\/tags?post=18259"}],"curies":[{"name":"wp","href":"https:\/\/api.w.org\/{rel}","templated":true}]}}