{"id":18263,"date":"2023-12-20T03:37:40","date_gmt":"2023-12-20T06:37:40","guid":{"rendered":"https:\/\/noticiasribeiraopreto.com.br\/index.php\/2023\/12\/20\/concurso-ebserh-anuncia-reaplicacao-de-prova-para-um-cargo-confira\/"},"modified":"2023-12-20T03:37:40","modified_gmt":"2023-12-20T06:37:40","slug":"concurso-ebserh-anuncia-reaplicacao-de-prova-para-um-cargo-confira","status":"publish","type":"post","link":"https:\/\/noticiasribeiraopreto.com.br\/index.php\/2023\/12\/20\/concurso-ebserh-anuncia-reaplicacao-de-prova-para-um-cargo-confira\/","title":{"rendered":"Concurso Ebserh anuncia reaplica\u00e7\u00e3o de prova para um cargo; confira!"},"content":{"rendered":"<div class='code-block code-block-1' style='margin: 8px 0 8px auto; text-align: right; display: block; clear: both;'>\n<p><a href=\"https:\/\/wa.link\/vpicfd\"><img data-recalc-dims=\"1\" class=\"wp-image-4922\" style=\"aspect-ratio: 2.0253164556962027; width: 561px; height: auto;\" src=\"https:\/\/i0.wp.com\/ismaelcolosi.com.br\/wp-content\/uploads\/2023\/11\/grupo-de-empregos-whatsapp-e-facebook-ismael-colosi-vagas.jpg?ssl=1\" alt=\"\" \/><\/a><\/p>\n<!-- \/wp:image -->\n<\/div>\n<p> <br \/>\n<\/p>\n<div>\n<h2><strong>Novidades do concurso Ebserh foi anunciado nesta ter\u00e7a-feira, 19 de dezembro<\/strong><\/h2>\n<p>Por conta de algumas insconst\u00e2ncias, o concurso Ebserh (Empresa Brasileira de Servi\u00e7os Hospitalares) ser\u00e1 reaplicado para um cargo espec\u00edfico.<\/p>\n<p>Veja mais detalhes.<\/p>\n<h2><strong> Novidades no Concurso Ebserh<\/strong><\/h2>\n<p>E a\u00ed, galera que est\u00e1 na batalha pelo concurso da Ebserh? Temos uma not\u00edcia quente: a prova para o cargo de jornalista vai acontecer novamente.<\/p>\n<h2><strong>Comunicado Oficial sobre o concurso Ebserh\u00a0<\/strong><\/h2>\n<p>O Instituto Brasileiro de Forma\u00e7\u00e3o e Capacita\u00e7\u00e3o (IBFC), respons\u00e1vel pela organiza\u00e7\u00e3o do concurso, soltou a bomba hoje, ter\u00e7a-feira, dia 19.<\/p>\n<p>Ent\u00e3o, anotem na agenda: a segunda chance para os jornalistas ser\u00e1 no dia 28 de janeiro de 2024. Vamos conferir o cronograma?<\/p>\n<ul>\n<li><strong>Convoca\u00e7\u00e3o para as provas objetiva e discursiva:<\/strong> 19 de janeiro de 2024;<\/li>\n<li><strong>Onde fazer a prova?<\/strong> Confira no site do IBFC em 22 de janeiro de 2024;<\/li>\n<li><strong>Dia D: Prova objetiva e discursiva:<\/strong> 28 de janeiro de 2024;<\/li>\n<li><strong>Resultados e Recursos:<\/strong> Preliminares e possibilidade de recursos dispon\u00edveis de 29 de janeiro \u00e0s 10h at\u00e9 30 de janeiro de 2024 \u00e0s 17h.<\/li>\n<\/ul>\n<div class=\"bs-irp left bs-irp-thumbnail-1\">\n<p>&#13;<br \/><span class=\"h-text heading-typo\">Voc\u00ea tamb\u00e9m pode gostar:<\/span>&#13; <\/p>\n<\/p><\/div>\n<h2><strong>Para os Demais Cargos<\/strong><\/h2>\n<p>Se voc\u00ea n\u00e3o est\u00e1 na disputa pelo cargo de jornalista, n\u00e3o se preocupe! As provas realizadas em 17 de dezembro continuam v\u00e1lidas. E olha s\u00f3, os gabaritos j\u00e1 est\u00e3o no site do IBFC.<\/p>\n<p>Durante a prova objetiva, todo mundo encarou 60 ou 50 perguntas, dependendo do cargo. Conhecimentos B\u00e1sicos e Espec\u00edficos foram os destaques.<\/p>\n<p><strong>Escrita s\u00f3 para a \u00c1rea Administrativa<\/strong><\/p>\n<p>Agora, se voc\u00ea est\u00e1 nos cargos administrativos, pode ter enfrentado a prova discursiva tamb\u00e9m. Para os n\u00edveis m\u00e9dio e t\u00e9cnico, foi uma reda\u00e7\u00e3o de 20 a 30 linhas. J\u00e1 para o pessoal de n\u00edvel superior, duas perguntas curtinhas, cada uma entre 10 e 15 linhas.<\/p>\n<h2><strong>Sobre o concurso Ebserh<\/strong><\/h2>\n<p>O concurso da Empresa Brasileira de Servi\u00e7os Hospitalares (Ebserh) \u00e9 aguardado com entusiasmo pelos concurseiros, trazendo consigo diversas novidades dignas de aten\u00e7\u00e3o. O Instituto Brasileiro de Forma\u00e7\u00e3o e Capacita\u00e7\u00e3o (IBFC) \u00e9 o respons\u00e1vel por conduzir esse processo seletivo que se encontra, atualmente, na fase de realiza\u00e7\u00e3o das provas.<\/p>\n<figure id=\"attachment_780997\" aria-describedby=\"caption-attachment-780997\" style=\"width: 1200px\" class=\"wp-caption aligncenter\"><img data-recalc-dims=\"1\" fetchpriority=\"high\" decoding=\"async\" class=\"wp-image-780997 size-full\" http=\"\" alt=\"Concurso Ebserh anuncia reaplica\u00e7\u00e3o de prova para um cargo; confira!\" width=\"1200\" height=\"800\" srcset=\"https:\/\/noticiasconcursos.com.br\/wp-content\/uploads\/2023\/12\/noticiasconcursos.com.br-concurso-ebserh-anuncia-reaplicacao-de-prova-para-um-cargo-confira-pexels-jessica-lewis-606541.jpg 1200w, https:\/\/noticiasconcursos.com.br\/wp-content\/uploads\/2023\/12\/noticiasconcursos.com.br-concurso-ebserh-anuncia-reaplicacao-de-prova-para-um-cargo-confira-pexels-jessica-lewis-606541-300x200.jpg 300w, https:\/\/noticiasconcursos.com.br\/wp-content\/uploads\/2023\/12\/noticiasconcursos.com.br-concurso-ebserh-anuncia-reaplicacao-de-prova-para-um-cargo-confira-pexels-jessica-lewis-606541-768x512.jpg 768w\" data-lazy-sizes=\"(max-width: 1200px) 100vw, 1200px\" src=\"https:\/\/i0.wp.com\/noticiasconcursos.com.br\/wp-content\/uploads\/2023\/12\/noticiasconcursos.com.br-concurso-ebserh-anuncia-reaplicacao-de-prova-para-um-cargo-confira-pexels-jessica-lewis-606541.jpg?resize=1200%2C800&#038;ssl=1\"\/><noscript><img data-recalc-dims=\"1\" fetchpriority=\"high\" decoding=\"async\" class=\"wp-image-780997 size-full\" src=\"https:\/\/i0.wp.com\/noticiasconcursos.com.br\/wp-content\/uploads\/2023\/12\/noticiasconcursos.com.br-concurso-ebserh-anuncia-reaplicacao-de-prova-para-um-cargo-confira-pexels-jessica-lewis-606541.jpg?resize=1200%2C800&#038;ssl=1\" alt=\"Concurso Ebserh anuncia reaplica\u00e7\u00e3o de prova para um cargo; confira!\" width=\"1200\" height=\"800\" srcset=\"https:\/\/noticiasconcursos.com.br\/wp-content\/uploads\/2023\/12\/noticiasconcursos.com.br-concurso-ebserh-anuncia-reaplicacao-de-prova-para-um-cargo-confira-pexels-jessica-lewis-606541.jpg 1200w, https:\/\/noticiasconcursos.com.br\/wp-content\/uploads\/2023\/12\/noticiasconcursos.com.br-concurso-ebserh-anuncia-reaplicacao-de-prova-para-um-cargo-confira-pexels-jessica-lewis-606541-300x200.jpg 300w, https:\/\/noticiasconcursos.com.br\/wp-content\/uploads\/2023\/12\/noticiasconcursos.com.br-concurso-ebserh-anuncia-reaplicacao-de-prova-para-um-cargo-confira-pexels-jessica-lewis-606541-768x512.jpg 768w\" sizes=\"(max-width: 1200px) 100vw, 1200px\"\/><\/noscript><figcaption id=\"caption-attachment-780997\" class=\"wp-caption-text\">Concurso Ebserh anuncia reaplica\u00e7\u00e3o de prova para um cargo; confira! Imagem: Reprodu\u00e7\u00e3o<\/figcaption><\/figure>\n<h2><strong>Jornalistas e provas do concurso Ebserh<\/strong><\/h2>\n<p>Uma das particularidades deste certame \u00e9 a reaplica\u00e7\u00e3o das provas para o cargo de jornalista, agendada para 28 de janeiro de 2024. Essa decis\u00e3o foi tomada em virtude de inconsist\u00eancias identificadas nos cadernos de quest\u00f5es, promovendo assim uma segunda chance para os candidatos a esse cargo espec\u00edfico. Saiba tudo sobre o concurso Ebserh.<\/p>\n<h2><strong>Concurso Ebserh: N\u00edveis e Remunera\u00e7\u00f5es<\/strong><\/h2>\n<p>O <a href=\"https:\/\/www.gov.br\/ebserh\/pt-br\" target=\"_blank\" rel=\"noopener\">concurso<\/a> abrange uma variedade de cargos, destinados a diferentes n\u00edveis de escolaridade, desde o m\u00e9dio at\u00e9 o superior. S\u00e3o 695 vagas ao todo, com remunera\u00e7\u00e3o m\u00e1xima de at\u00e9 R$12,5 mil, um atrativo que tem conquistado a aten\u00e7\u00e3o de in\u00fameros candidatos. As inscri\u00e7\u00f5es, j\u00e1 encerradas, contabilizaram um recorde de 477.289 candidatos homologados, refletindo um crescimento de 46% em rela\u00e7\u00e3o ao \u00faltimo edital de 2019.<\/p>\n<h2><strong>Cargos em Destaque por \u00c1rea<\/strong><\/h2>\n<p>Os cargos mais buscados revelam a diversidade de perfis de candidatos. Na \u00c1rea Administrativa, o Assistente Administrativo lidera com 35.570 inscritos. J\u00e1 na \u00c1rea Assistencial, o T\u00e9cnico em Enfermagem surpreende com expressivos 121.749 inscritos. Na \u00c1rea M\u00e9dica, o cargo de M\u00e9dico\/Cl\u00ednica M\u00e9dica destaca-se com 2.714 inscri\u00e7\u00f5es homologadas.<\/p>\n<p><strong>A Tr\u00edade das Oportunidades: \u00c1reas M\u00e9dica, Assistencial e Administrativa<\/strong><\/p>\n<p>A distribui\u00e7\u00e3o das vagas segue uma l\u00f3gica tripartite, dividindo-se entre \u00c1rea M\u00e9dica, com 554 vagas; \u00c1rea Assistencial, com 106 vagas; e \u00c1rea Administrativa, com 35 vagas. Cada uma dessas \u00e1reas oferece oportunidades espec\u00edficas, abrangendo uma variedade de especialidades e fun\u00e7\u00f5es.<\/p>\n<p><strong>A Jornada n\u00e3o Termina nas Provas: Avalia\u00e7\u00e3o de T\u00edtulos<\/strong><\/p>\n<p>Al\u00e9m das etapas convencionais, o concurso da Ebserh reserva espa\u00e7o para a avalia\u00e7\u00e3o de t\u00edtulos, ampliando as possibilidades de destaque para os candidatos.<\/p>\n<p>\u00a0<\/p>\n<p> <noscript><iframe loading=\"lazy\" title=\"Conhe\u00e7a os principais requisitos para ingresso no servi\u00e7o p\u00fablico!\" width=\"500\" height=\"281\" src=\"https:\/\/www.youtube.com\/embed\/SkAYwHIBoVk?feature=oembed\" frameborder=\"0\" allow=\"accelerometer; autoplay; clipboard-write; encrypted-media; gyroscope; picture-in-picture; web-share\" referrerpolicy=\"strict-origin-when-cross-origin\" allowfullscreen><\/iframe><\/noscript> <\/p>\n<\/div>\n<p><br \/>\n<br \/><a href=\"https:\/\/ismaelcolosi.com.br\/concurso-ebserh-anuncia-reaplicacao-de-prova-para-um-cargo-confira\/\">Source link <\/a><\/p>\n<!-- CONTENT END 1 -->\n","protected":false},"excerpt":{"rendered":"<p>Novidades do concurso Ebserh foi anunciado nesta ter\u00e7a-feira, 19 de dezembro Por conta de algumas insconst\u00e2ncias, o concurso Ebserh (Empresa Brasileira de Servi\u00e7os Hospitalares) ser\u00e1&#8230;<\/p>\n","protected":false},"author":1,"featured_media":18264,"comment_status":"open","ping_status":"open","sticky":false,"template":"","format":"standard","meta":{"advanced_seo_description":"","jetpack_seo_html_title":"","jetpack_seo_noindex":false,"jetpack_post_was_ever_published":false,"_jetpack_newsletter_access":"","_jetpack_dont_email_post_to_subs":false,"_jetpack_newsletter_tier_id":0,"_jetpack_memberships_contains_paywalled_content":false,"_jetpack_memberships_contains_paid_content":false,"footnotes":"","jetpack_publicize_message":"","jetpack_publicize_feature_enabled":true,"jetpack_social_post_already_shared":true,"jetpack_social_options":{"image_generator_settings":{"template":"highway","default_image_id":0,"font":"","enabled":false},"version":2}},"categories":[7],"tags":[],"class_list":["post-18263","post","type-post","status-publish","format-standard","has-post-thumbnail","hentry","category-vagas-de-empregos-em-ribeirao-preto-regiao-brasil"],"jetpack_publicize_connections":[],"jetpack_featured_media_url":"https:\/\/i0.wp.com\/noticiasribeiraopreto.com.br\/wp-content\/uploads\/2023\/12\/noticiasconcursos.com_.br-concurso-ebserh-anuncia-reaplicacao-de-prova-para-um-cargo-confira-pexels-jessica-lewis-606541.jpg?fit=1200%2C800&ssl=1","jetpack-related-posts":[{"id":65278,"url":"https:\/\/noticiasribeiraopreto.com.br\/index.php\/2025\/03\/18\/inscricoes-para-o-concurso-publico-da-usp-sao-prorrogadas-salarios-chegam-a-r-10-mil\/","url_meta":{"origin":18263,"position":0},"title":"Inscri\u00e7\u00f5es para o concurso p\u00fablico da USP s\u00e3o prorrogadas; sal\u00e1rios chegam a R$ 10 mil","author":"noticiasribeiraopreto.com.br","date":"18 de March de 2025","format":false,"excerpt":"A Fuvest prorrogou as inscri\u00e7\u00f5es para o concurso p\u00fablico da USP (Universidade de S\u00e3o Paulo) at\u00e9 as 12h do dia 25 de mar\u00e7o \u2013 inicialmente, o prazo se encerraria nesta ter\u00e7a-feira (18). Os sal\u00e1rios variam entre R$ 3,1 mil e R$ 10,7 mil. De acordo com a Fuvest, organizadora da\u2026","rel":"","context":"In &quot;Not\u00edcias de Ribeir\u00e3o Preto-SP e Regi\u00e3o&quot;","block_context":{"text":"Not\u00edcias de Ribeir\u00e3o Preto-SP e Regi\u00e3o","link":"https:\/\/noticiasribeiraopreto.com.br\/index.php\/category\/noticias-de-ribeirao-preto-sp-e-regiao-ismael-colosi\/"},"img":{"alt_text":"","src":"https:\/\/i0.wp.com\/noticiasribeiraopreto.com.br\/wp-content\/uploads\/2024\/10\/concurso-publico-6_2024-08-26_18-49-03_jpg_2024-08-26_18-49-03.webp.webp?fit=1200%2C800&ssl=1&resize=350%2C200","width":350,"height":200,"srcset":"https:\/\/i0.wp.com\/noticiasribeiraopreto.com.br\/wp-content\/uploads\/2024\/10\/concurso-publico-6_2024-08-26_18-49-03_jpg_2024-08-26_18-49-03.webp.webp?fit=1200%2C800&ssl=1&resize=350%2C200 1x, https:\/\/i0.wp.com\/noticiasribeiraopreto.com.br\/wp-content\/uploads\/2024\/10\/concurso-publico-6_2024-08-26_18-49-03_jpg_2024-08-26_18-49-03.webp.webp?fit=1200%2C800&ssl=1&resize=525%2C300 1.5x, https:\/\/i0.wp.com\/noticiasribeiraopreto.com.br\/wp-content\/uploads\/2024\/10\/concurso-publico-6_2024-08-26_18-49-03_jpg_2024-08-26_18-49-03.webp.webp?fit=1200%2C800&ssl=1&resize=700%2C400 2x, https:\/\/i0.wp.com\/noticiasribeiraopreto.com.br\/wp-content\/uploads\/2024\/10\/concurso-publico-6_2024-08-26_18-49-03_jpg_2024-08-26_18-49-03.webp.webp?fit=1200%2C800&ssl=1&resize=1050%2C600 3x"},"classes":[]},{"id":61645,"url":"https:\/\/noticiasribeiraopreto.com.br\/index.php\/2024\/12\/18\/concurso-publico-com-545-vagas-conta-com-oportunidades-no-interior-de-sp\/","url_meta":{"origin":18263,"position":1},"title":"Concurso p\u00fablico com 545 vagas conta com oportunidades no interior de SP","author":"noticiasribeiraopreto.com.br","date":"18 de December de 2024","format":false,"excerpt":"A Ebserh (Empresa Brasileira de Servi\u00e7os Hospitalares) publicou nesta quarta-feira (18) tr\u00eas editais de concurso p\u00fablico com 545 vagas. Os sal\u00e1rios variam entre R$ 3,9 e R$ 17 mil e h\u00e1 oportunidades no interior de S\u00e3o Paulo. As inscri\u00e7\u00f5es devem ser realizadas pela internet, no site da FGV (Funda\u00e7\u00e3o Get\u00falio\u2026","rel":"","context":"In &quot;Not\u00edcias de Ribeir\u00e3o Preto-SP e Regi\u00e3o&quot;","block_context":{"text":"Not\u00edcias de Ribeir\u00e3o Preto-SP e Regi\u00e3o","link":"https:\/\/noticiasribeiraopreto.com.br\/index.php\/category\/noticias-de-ribeirao-preto-sp-e-regiao-ismael-colosi\/"},"img":{"alt_text":"","src":"https:\/\/i0.wp.com\/noticiasribeiraopreto.com.br\/wp-content\/uploads\/2024\/12\/1734530643_concurso-publico.jpg?fit=1200%2C800&ssl=1&resize=350%2C200","width":350,"height":200,"srcset":"https:\/\/i0.wp.com\/noticiasribeiraopreto.com.br\/wp-content\/uploads\/2024\/12\/1734530643_concurso-publico.jpg?fit=1200%2C800&ssl=1&resize=350%2C200 1x, https:\/\/i0.wp.com\/noticiasribeiraopreto.com.br\/wp-content\/uploads\/2024\/12\/1734530643_concurso-publico.jpg?fit=1200%2C800&ssl=1&resize=525%2C300 1.5x, https:\/\/i0.wp.com\/noticiasribeiraopreto.com.br\/wp-content\/uploads\/2024\/12\/1734530643_concurso-publico.jpg?fit=1200%2C800&ssl=1&resize=700%2C400 2x, https:\/\/i0.wp.com\/noticiasribeiraopreto.com.br\/wp-content\/uploads\/2024\/12\/1734530643_concurso-publico.jpg?fit=1200%2C800&ssl=1&resize=1050%2C600 3x"},"classes":[]},{"id":25875,"url":"https:\/\/noticiasribeiraopreto.com.br\/index.php\/2024\/01\/08\/edital-do-concurso-publico-nacional-unificado-sera-publicado-na-quarta\/","url_meta":{"origin":18263,"position":2},"title":"Edital do Concurso P\u00fablico Nacional Unificado ser\u00e1 publicado na quarta \u2013 Folha de Ribeir\u00e3o","author":"noticiasribeiraopreto.com.br","date":"8 de January de 2024","format":false,"excerpt":"Ser\u00e1 publicado no\u00a0Di\u00e1rio Oficial da Uni\u00e3o\u00a0desta quarta-feira (10) o edital com as regras para o Concurso P\u00fablico Nacional Unificado (CPNU), que selecionar\u00e1 6.640 servidores para 21 \u00f3rg\u00e3os p\u00fablicos. A previs\u00e3o \u00e9 de que as inscri\u00e7\u00f5es estejam abertas entre os dias 19 de janeiro e 9 de fevereiro\u00a0e que a prova\u2026","rel":"","context":"In &quot;Not\u00edcias de Ribeir\u00e3o Preto-SP e Regi\u00e3o&quot;","block_context":{"text":"Not\u00edcias de Ribeir\u00e3o Preto-SP e Regi\u00e3o","link":"https:\/\/noticiasribeiraopreto.com.br\/index.php\/category\/noticias-de-ribeirao-preto-sp-e-regiao-ismael-colosi\/"},"img":{"alt_text":"","src":"","width":0,"height":0},"classes":[]},{"id":23944,"url":"https:\/\/noticiasribeiraopreto.com.br\/index.php\/2024\/01\/03\/concurso-do-crc-se-abre-inscricao-para-3-cargos-de-nivel-superior-2\/","url_meta":{"origin":18263,"position":3},"title":"Concurso do CRC SE abre inscri\u00e7\u00e3o para 3 cargos de n\u00edvel superior","author":"noticiasribeiraopreto.com.br","date":"3 de January de 2024","format":false,"excerpt":"As inscri\u00e7\u00f5es do concurso do CRC SE (Conselho Regional de Contabilidade de Sergipe) foram abertas nesta quarta-feira (3). Ao todo, ser\u00e3o preenchidas tr\u00eas vagas imediatas, al\u00e9m de forma\u00e7\u00e3o de cadastro reserva (CR), para cargos de ensino superior. As oportunidades est\u00e3o igualmente distribu\u00eddas entre as seguintes fun\u00e7\u00f5es: analista administrativo (1 +\u2026","rel":"","context":"In &quot;Vagas de Emprego em Ribeir\u00e3o Preto-SP&quot;","block_context":{"text":"Vagas de Emprego em Ribeir\u00e3o Preto-SP","link":"https:\/\/noticiasribeiraopreto.com.br\/index.php\/category\/empregos-classificados-vagas-trabalho\/vagas-de-empregos-em-ribeirao-preto-regiao-brasil\/"},"img":{"alt_text":"","src":"https:\/\/i0.wp.com\/noticiasribeiraopreto.com.br\/wp-content\/uploads\/2024\/01\/crc_se.jpg?fit=1200%2C675&ssl=1&resize=350%2C200","width":350,"height":200,"srcset":"https:\/\/i0.wp.com\/noticiasribeiraopreto.com.br\/wp-content\/uploads\/2024\/01\/crc_se.jpg?fit=1200%2C675&ssl=1&resize=350%2C200 1x, https:\/\/i0.wp.com\/noticiasribeiraopreto.com.br\/wp-content\/uploads\/2024\/01\/crc_se.jpg?fit=1200%2C675&ssl=1&resize=525%2C300 1.5x, https:\/\/i0.wp.com\/noticiasribeiraopreto.com.br\/wp-content\/uploads\/2024\/01\/crc_se.jpg?fit=1200%2C675&ssl=1&resize=700%2C400 2x, https:\/\/i0.wp.com\/noticiasribeiraopreto.com.br\/wp-content\/uploads\/2024\/01\/crc_se.jpg?fit=1200%2C675&ssl=1&resize=1050%2C600 3x"},"classes":[]},{"id":29740,"url":"https:\/\/noticiasribeiraopreto.com.br\/index.php\/2024\/01\/19\/enem-dos-concursos-inscricoes-para-concorrer-a-6-640-vagas-comecam-nesta-sexta-feira\/","url_meta":{"origin":18263,"position":4},"title":"Enem dos Concursos: inscri\u00e7\u00f5es para concorrer a 6.640 vagas come\u00e7am nesta sexta-feira","author":"noticiasribeiraopreto.com.br","date":"19 de January de 2024","format":false,"excerpt":"Da reda\u00e7\u00e3oi Da reda\u00e7\u00e3o 19\/01\/2024 - 8:14 Come\u00e7am nesta sexta-feira, 19, as inscri\u00e7\u00f5es para o Concurso P\u00fablico Nacional Unificado, que oferece 6.640 vagas para lota\u00e7\u00e3o em 21 \u00f3rg\u00e3os p\u00fablicos federais. A taxa de inscri\u00e7\u00e3o \u00e9 R$ 60 para vagas de n\u00edvel m\u00e9dio e R$ 90, para vagas de n\u00edvel superior.\u2026","rel":"","context":"In &quot;Vagas de Emprego em Ribeir\u00e3o Preto-SP&quot;","block_context":{"text":"Vagas de Emprego em Ribeir\u00e3o Preto-SP","link":"https:\/\/noticiasribeiraopreto.com.br\/index.php\/category\/empregos-classificados-vagas-trabalho\/vagas-de-empregos-em-ribeirao-preto-regiao-brasil\/"},"img":{"alt_text":"","src":"https:\/\/i0.wp.com\/noticiasribeiraopreto.com.br\/wp-content\/uploads\/2024\/01\/concurso-publico-1.jpg?fit=883%2C510&ssl=1&resize=350%2C200","width":350,"height":200,"srcset":"https:\/\/i0.wp.com\/noticiasribeiraopreto.com.br\/wp-content\/uploads\/2024\/01\/concurso-publico-1.jpg?fit=883%2C510&ssl=1&resize=350%2C200 1x, https:\/\/i0.wp.com\/noticiasribeiraopreto.com.br\/wp-content\/uploads\/2024\/01\/concurso-publico-1.jpg?fit=883%2C510&ssl=1&resize=525%2C300 1.5x, https:\/\/i0.wp.com\/noticiasribeiraopreto.com.br\/wp-content\/uploads\/2024\/01\/concurso-publico-1.jpg?fit=883%2C510&ssl=1&resize=700%2C400 2x"},"classes":[]},{"id":26459,"url":"https:\/\/noticiasribeiraopreto.com.br\/index.php\/2024\/01\/10\/concurso-unificado-edital-devera-ser-publicado-amanha\/","url_meta":{"origin":18263,"position":5},"title":"Concurso Unificado: edital dever\u00e1 ser publicado amanh\u00e3\u00a0","author":"noticiasribeiraopreto.com.br","date":"10 de January de 2024","format":false,"excerpt":"Ser\u00e1 publicado no Di\u00e1rio Oficial da Uni\u00e3o desta quarta-feira, 10 de janeiro, o edital com as regras para o Concurso P\u00fablico Nacional Unificado (CPNU), que selecionar\u00e1 6.640 servidores para 21 \u00f3rg\u00e3os p\u00fablicos. A previs\u00e3o \u00e9 de que as inscri\u00e7\u00f5es estejam abertas entre os dias 19 de janeiro e 9 de\u2026","rel":"","context":"In &quot;Not\u00edcias de Ribeir\u00e3o Preto-SP e Regi\u00e3o&quot;","block_context":{"text":"Not\u00edcias de Ribeir\u00e3o Preto-SP e Regi\u00e3o","link":"https:\/\/noticiasribeiraopreto.com.br\/index.php\/category\/noticias-de-ribeirao-preto-sp-e-regiao-ismael-colosi\/"},"img":{"alt_text":"","src":"https:\/\/i0.wp.com\/noticiasribeiraopreto.com.br\/wp-content\/uploads\/2024\/01\/1_pzzb0193-24454372.jpg?fit=806%2C443&ssl=1&resize=350%2C200","width":350,"height":200,"srcset":"https:\/\/i0.wp.com\/noticiasribeiraopreto.com.br\/wp-content\/uploads\/2024\/01\/1_pzzb0193-24454372.jpg?fit=806%2C443&ssl=1&resize=350%2C200 1x, https:\/\/i0.wp.com\/noticiasribeiraopreto.com.br\/wp-content\/uploads\/2024\/01\/1_pzzb0193-24454372.jpg?fit=806%2C443&ssl=1&resize=525%2C300 1.5x, https:\/\/i0.wp.com\/noticiasribeiraopreto.com.br\/wp-content\/uploads\/2024\/01\/1_pzzb0193-24454372.jpg?fit=806%2C443&ssl=1&resize=700%2C400 2x"},"classes":[]}],"jetpack_sharing_enabled":true,"jetpack_shortlink":"https:\/\/wp.me\/peQAOb-4Kz","_links":{"self":[{"href":"https:\/\/noticiasribeiraopreto.com.br\/index.php\/wp-json\/wp\/v2\/posts\/18263","targetHints":{"allow":["GET"]}}],"collection":[{"href":"https:\/\/noticiasribeiraopreto.com.br\/index.php\/wp-json\/wp\/v2\/posts"}],"about":[{"href":"https:\/\/noticiasribeiraopreto.com.br\/index.php\/wp-json\/wp\/v2\/types\/post"}],"author":[{"embeddable":true,"href":"https:\/\/noticiasribeiraopreto.com.br\/index.php\/wp-json\/wp\/v2\/users\/1"}],"replies":[{"embeddable":true,"href":"https:\/\/noticiasribeiraopreto.com.br\/index.php\/wp-json\/wp\/v2\/comments?post=18263"}],"version-history":[{"count":0,"href":"https:\/\/noticiasribeiraopreto.com.br\/index.php\/wp-json\/wp\/v2\/posts\/18263\/revisions"}],"wp:featuredmedia":[{"embeddable":true,"href":"https:\/\/noticiasribeiraopreto.com.br\/index.php\/wp-json\/wp\/v2\/media\/18264"}],"wp:attachment":[{"href":"https:\/\/noticiasribeiraopreto.com.br\/index.php\/wp-json\/wp\/v2\/media?parent=18263"}],"wp:term":[{"taxonomy":"category","embeddable":true,"href":"https:\/\/noticiasribeiraopreto.com.br\/index.php\/wp-json\/wp\/v2\/categories?post=18263"},{"taxonomy":"post_tag","embeddable":true,"href":"https:\/\/noticiasribeiraopreto.com.br\/index.php\/wp-json\/wp\/v2\/tags?post=18263"}],"curies":[{"name":"wp","href":"https:\/\/api.w.org\/{rel}","templated":true}]}}