{"id":18267,"date":"2023-12-20T04:04:41","date_gmt":"2023-12-20T07:04:41","guid":{"rendered":"https:\/\/noticiasribeiraopreto.com.br\/index.php\/2023\/12\/20\/percentual-do-biodiesel-no-diesel-vai-subir-para-14-em-marco\/"},"modified":"2023-12-20T04:04:41","modified_gmt":"2023-12-20T07:04:41","slug":"percentual-do-biodiesel-no-diesel-vai-subir-para-14-em-marco","status":"publish","type":"post","link":"https:\/\/noticiasribeiraopreto.com.br\/index.php\/2023\/12\/20\/percentual-do-biodiesel-no-diesel-vai-subir-para-14-em-marco\/","title":{"rendered":"Percentual do Biodiesel no Diesel vai subir para 14% em mar\u00e7o"},"content":{"rendered":"<div class='code-block code-block-1' style='margin: 8px 0 8px auto; text-align: right; display: block; clear: both;'>\n<p><a href=\"https:\/\/wa.link\/vpicfd\"><img data-recalc-dims=\"1\" class=\"wp-image-4922\" style=\"aspect-ratio: 2.0253164556962027; width: 561px; height: auto;\" src=\"https:\/\/i0.wp.com\/ismaelcolosi.com.br\/wp-content\/uploads\/2023\/11\/grupo-de-empregos-whatsapp-e-facebook-ismael-colosi-vagas.jpg?ssl=1\" alt=\"\" \/><\/a><\/p>\n<!-- \/wp:image -->\n<\/div>\n<p> <br \/>\n<\/p>\n<div>\n<p>O ministro de Minas e Energia, Alexandre Silveira, anunciou nesta ter\u00e7a-feira (19) uma grande mudan\u00e7a em rela\u00e7\u00e3o \u00e0 <strong>mistura obrigat\u00f3ria do biodiesel ao \u00f3leo diesel<\/strong>. Atualmente, o n\u00edvel est\u00e1 em 12% no pa\u00eds, mas o percentual dever\u00e1 subir para 14% em mar\u00e7o de 2024.<\/p>\n<p>De acordo com o ministro, houve uma antecipa\u00e7\u00e3o no cronograma de mistura do biodiesel ao <strong><a href=\"https:\/\/noticiasconcursos.com.br\/tag\/diesel\/\">diesel<\/a><\/strong>. Ali\u00e1s, o chamado \u201cB15\u201d, que se refere \u00e0 meta de misturar 15% de biodiesel no combust\u00edvel f\u00f3ssil, tamb\u00e9m foi antecipado. A expectativa \u00e9 que a implanta\u00e7\u00e3o do novo patamar ocorra em 2025, e n\u00e3o mais em 2026.<\/p>\n<p>\u201cDe B12 para B14, a partir de mar\u00e7o. E o B15, em 2025\u201d, disse Alexandre Silveira. A prop\u00f3sito, o ministro anunciou o novo cronograma ao sair da reuni\u00e3o do Conselho de Pol\u00edtica Energ\u00e9tica, em Bras\u00edlia, que contou com a participa\u00e7\u00e3o do presidente Luiz In\u00e1cio Lula da Silva.<\/p>\n<h2><strong>Mistura do biodiesel ao \u00f3leo diesel acontece desde 2008<\/strong><\/h2>\n<p>Desde janeiro de 2008, todo o \u00f3leo diesel vendido no Brasil precisa conter o biodiesel em sua mistura. O percentual de adi\u00e7\u00e3o do combust\u00edvel biodegrad\u00e1vel ao diesel puro come\u00e7ou com apenas 2%. Com o passar do tempo, o indicador subiu e, atualmente, \u00e9 de 12%, segundo a Lei 13.576\/2017.<\/p>\n<p>A lei previa que a mistura de biodiesel ao diesel iria atingir 15% at\u00e9 2023. Contudo, isso n\u00e3o aconteceu, e o governo do ex-presidente Jair Bolsonaro chegou a reduzir o percentual at\u00e9 10% para baratear o <a href=\"https:\/\/noticiasconcursos.com.br\/precos-dos-combustiveis-caem-na-semana-veja-os-valores-medios\/\">valor do combust\u00edvel no pa\u00eds<\/a>.<\/p>\n<p>Com a redu\u00e7\u00e3o gradativa dos pre\u00e7os do diesel, o governo Lula conseguiu antecipar o projeto, que consistia na eleva\u00e7\u00e3o da mistura para <strong>15% em 2026<\/strong>. Agora, a expectativa \u00e9 que isso ocorra em 2025.<\/p>\n<figure id=\"attachment_780988\" aria-describedby=\"caption-attachment-780988\" style=\"width: 750px\" class=\"wp-caption alignnone\"><img data-recalc-dims=\"1\" fetchpriority=\"high\" decoding=\"async\" class=\"wp-image-780988 size-publisher-lg lazy\" alt=\"Percentual de biodiesel no diesel deve crescer para 14% em mar\u00e7o, e para 15% em 2025\" width=\"750\" height=\"430\" src=\"https:\/\/i0.wp.com\/noticiasconcursos.com.br\/wp-content\/uploads\/2023\/12\/noticiasconcursos.com.br-percentual-do-biodiesel-no-diesel-vai-subir-para-14-em-marco-diz-ministro-diesel-pixabay-750x430.jpg?resize=750%2C430&#038;ssl=1\" loading=\"lazy\"\/><noscript><img data-recalc-dims=\"1\" fetchpriority=\"high\" decoding=\"async\" class=\"wp-image-780988 size-publisher-lg\" alt=\"Percentual de biodiesel no diesel deve crescer para 14% em mar\u00e7o, e para 15% em 2025\" width=\"750\" height=\"430\" src=\"https:\/\/i0.wp.com\/noticiasconcursos.com.br\/wp-content\/uploads\/2023\/12\/noticiasconcursos.com.br-percentual-do-biodiesel-no-diesel-vai-subir-para-14-em-marco-diz-ministro-diesel-pixabay-750x430.jpg?resize=750%2C430&#038;ssl=1\"\/><\/noscript><noscript><img data-recalc-dims=\"1\" fetchpriority=\"high\" decoding=\"async\" class=\"wp-image-780988 size-publisher-lg\" src=\"https:\/\/i0.wp.com\/noticiasconcursos.com.br\/wp-content\/uploads\/2023\/12\/noticiasconcursos.com.br-percentual-do-biodiesel-no-diesel-vai-subir-para-14-em-marco-diz-ministro-diesel-pixabay-750x430.jpg?resize=750%2C430&#038;ssl=1\" alt=\"Percentual de biodiesel no diesel deve crescer para 14% em mar\u00e7o, e para 15% em 2025\" width=\"750\" height=\"430\"\/><\/noscript><figcaption id=\"caption-attachment-780988\" class=\"wp-caption-text\"><em>Percentual de biodiesel no diesel deve crescer para 14% em mar\u00e7o, e para 15% em 2025. Imagem: Pixabay.<\/em><\/figcaption><\/figure>\n<h2><strong>Por que o Brasil mistura biodiesel ao diesel?<\/strong><\/h2>\n<div class=\"bs-irp left bs-irp-thumbnail-1\">\n<p>&#13;<br \/><span class=\"h-text heading-typo\">Voc\u00ea tamb\u00e9m pode gostar:<\/span>&#13; <\/p>\n<\/p><\/div>\n<p>Em resumo, o Brasil adotou a adi\u00e7\u00e3o do biodiesel ao \u00f3leo diesel para <strong>diminuir a depend\u00eancia<\/strong> que possu\u00eda em rela\u00e7\u00e3o \u00e0 importa\u00e7\u00e3o do diesel. Isso porque a produ\u00e7\u00e3o do \u00f3leo diesel acontece a partir do petr\u00f3leo.<\/p>\n<p>Dessa forma, com a utiliza\u00e7\u00e3o do combust\u00edvel biodegrad\u00e1vel, existe uma amplia\u00e7\u00e3o no uso de fontes renov\u00e1veis para o combust\u00edvel utilizado no pa\u00eds. Al\u00e9m disso, a a\u00e7\u00e3o ajuda a <strong>reduzir a emiss\u00e3o de gases do efeito estufa<\/strong> no pa\u00eds.<\/p>\n<p>A saber, o biodiesel \u00e9 produzido com gorduras animais e \u00f3leos vegetais extra\u00eddos de v\u00e1rias mat\u00e9rias-primas. Em outras palavras, \u00e9 um combust\u00edvel biodegrad\u00e1vel, n\u00e3o t\u00f3xico e que apresenta n\u00edveis baixos de poluentes. No Brasil, a soja \u00e9 a principal mat\u00e9ria-prima do produto.<\/p>\n<p>Por falar nisso, interlocutores do governo ressaltaram em agosto que a queda do pre\u00e7o da soja no mercado global poderia ampliar o uso do biodiesel no pa\u00eds. Embora o valor da soja tenha ca\u00eddo, <strong>o combust\u00edvel dever\u00e1 ficar mais caro no Brasil<\/strong> com o aumento do percentual de biodiesel na mistura.<\/p>\n<p>Ainda assim, o governo ainda n\u00e3o divulgou qualquer dado em rela\u00e7\u00e3o ao impacto previsto do novo cronograma nos pre\u00e7os praticados na bomba de \u00f3leo diesel. Significa que os motoristas devem ficar atentos, pois os pre\u00e7os podem subir significativamente nos pr\u00f3ximos meses.<\/p>\n<p>\u201c<em>Hoje, n\u00f3s ampliamos a participa\u00e7\u00e3o do biodiesel, ainda mais, na nossa matriz. E isso tem dois efeitos: primeiro, diminui a nossa depend\u00eancia de importa\u00e7\u00e3o de \u00f3leo diesel. Segundo, ajuda a descarbonizar, j\u00e1 que a ANP vem avan\u00e7ando muito na certifica\u00e7\u00e3o da qualidade dos <a href=\"https:\/\/noticiasconcursos.com.br\/preco-do-etanol-cai-para-o-menor-nivel-em-14-meses-veja-o-valor\/\">biocombust\u00edveis<\/a>. E terceiro, e muito importante, \u00e9 a gente estimular nossa agricultura nacional<\/em>\u201c, ressaltou Silveira.<\/p>\n<h2><strong>Importa\u00e7\u00e3o de biodiesel segue suspensa no Brasil<\/strong><\/h2>\n<p>Em suma, mais de 70% do biodiesel tem em sua composi\u00e7\u00e3o o <strong>\u00f3leo de soja<\/strong>. Como a mat\u00e9ria-prima est\u00e1 com um pre\u00e7o mais acess\u00edvel, o governo conseguiu antecipar o cronograma de aumento do percentual do biodiesel ao diesel.<\/p>\n<p>Durante a reuni\u00e3o, o Conselho de Pol\u00edtica Energ\u00e9tica aprovou a cria\u00e7\u00e3o de um grupo de trabalho que ir\u00e1 debater a possibilidade em torno da importa\u00e7\u00e3o do biodiesel pelo Brasil. Isso porque, em novembro, a Ag\u00eancia Nacional de Petr\u00f3leo, G\u00e1s e Biocombust\u00edveis (ANP) regulamentou essa possibilidade, algo que n\u00e3o era permitido no pa\u00eds.<\/p>\n<p>Em s\u00edntese, cada distribuidor poder\u00e1 importar at\u00e9 20% do total de biodiesel utilizado para fazer a mistura enviada \u00e0s bombas (atualmente, o patamar \u00e9 de 12%). Entretanto, a libera\u00e7\u00e3o s\u00f3 acontecer\u00e1 ao final dos estudos desse grupo. At\u00e9 l\u00e1, a autoriza\u00e7\u00e3o da ANP est\u00e1 suspensa.<\/p>\n<p>\u201c<em>Deliberamos tamb\u00e9m, \u00e9 fundamental, em criar um grupo de trabalho para estudar os impactos da importa\u00e7\u00e3o aprovada pela ANP. Enquanto ele n\u00e3o conclua essa sua miss\u00e3o, n\u00f3s ficamos com as importa\u00e7\u00f5es no status quo, no estado de hoje. E o Brasil continua defendendo o conte\u00fado local, o biodiesel nacional<\/em>\u201c, disse o ministro.<\/p>\n<\/p><\/div>\n<p><br \/>\n<br \/><a href=\"https:\/\/ismaelcolosi.com.br\/percentual-do-biodiesel-no-diesel-vai-subir-para-14-em-marco\/\">Source link <\/a><\/p>\n<!-- CONTENT END 1 -->\n","protected":false},"excerpt":{"rendered":"<p>O ministro de Minas e Energia, Alexandre Silveira, anunciou nesta ter\u00e7a-feira (19) uma grande mudan\u00e7a em rela\u00e7\u00e3o \u00e0 mistura obrigat\u00f3ria do biodiesel ao \u00f3leo diesel&#8230;.<\/p>\n","protected":false},"author":1,"featured_media":18268,"comment_status":"open","ping_status":"open","sticky":false,"template":"","format":"standard","meta":{"advanced_seo_description":"","jetpack_seo_html_title":"","jetpack_seo_noindex":false,"jetpack_post_was_ever_published":false,"_jetpack_newsletter_access":"","_jetpack_dont_email_post_to_subs":false,"_jetpack_newsletter_tier_id":0,"_jetpack_memberships_contains_paywalled_content":false,"_jetpack_memberships_contains_paid_content":false,"footnotes":"","jetpack_publicize_message":"","jetpack_publicize_feature_enabled":true,"jetpack_social_post_already_shared":true,"jetpack_social_options":{"image_generator_settings":{"template":"highway","default_image_id":0,"font":"","enabled":false},"version":2}},"categories":[7],"tags":[],"class_list":["post-18267","post","type-post","status-publish","format-standard","has-post-thumbnail","hentry","category-vagas-de-empregos-em-ribeirao-preto-regiao-brasil"],"jetpack_publicize_connections":[],"jetpack_featured_media_url":"https:\/\/i0.wp.com\/noticiasribeiraopreto.com.br\/wp-content\/uploads\/2023\/12\/noticiasconcursos.com_.br-percentual-do-biodiesel-no-diesel-vai-subir-para-14-em-marco-diz-ministro-diesel-pixabay-750x430.jpg?fit=750%2C430&ssl=1","jetpack-related-posts":[{"id":18078,"url":"https:\/\/noticiasribeiraopreto.com.br\/index.php\/2023\/12\/19\/percentual-de-biodiesel-no-diesel-subira-para-14-em-2024\/","url_meta":{"origin":18267,"position":0},"title":"Percentual de biodiesel no diesel subir\u00e1 para 14% em 2024","author":"noticiasribeiraopreto.com.br","date":"19 de December de 2023","format":false,"excerpt":"19 de dezembro de 2023 | 17:3019 de dezembro de 2023 | 16:25 0O Conselho Nacional de Pol\u00edtica Energ\u00e9tica (CNPE) decidiu nesta ter\u00e7a-feira (19) aumentar o teor de biodiesel na mistura ao \u00f3leo diesel de 12% para 14% a partir de mar\u00e7o de 2024. O percentual subir\u00e1 para 15% a\u2026","rel":"","context":"In &quot;Not\u00edcias de Ribeir\u00e3o Preto-SP e Regi\u00e3o&quot;","block_context":{"text":"Not\u00edcias de Ribeir\u00e3o Preto-SP e Regi\u00e3o","link":"https:\/\/noticiasribeiraopreto.com.br\/index.php\/category\/noticias-de-ribeirao-preto-sp-e-regiao-ismael-colosi\/"},"img":{"alt_text":"","src":"https:\/\/i0.wp.com\/noticiasribeiraopreto.com.br\/wp-content\/uploads\/2023\/12\/diesel.jpg?fit=699%2C420&ssl=1&resize=350%2C200","width":350,"height":200,"srcset":"https:\/\/i0.wp.com\/noticiasribeiraopreto.com.br\/wp-content\/uploads\/2023\/12\/diesel.jpg?fit=699%2C420&ssl=1&resize=350%2C200 1x, https:\/\/i0.wp.com\/noticiasribeiraopreto.com.br\/wp-content\/uploads\/2023\/12\/diesel.jpg?fit=699%2C420&ssl=1&resize=525%2C300 1.5x"},"classes":[]},{"id":73175,"url":"https:\/\/noticiasribeiraopreto.com.br\/index.php\/2025\/06\/26\/mistura-de-etanol-na-gasolina-sobe-a-30\/","url_meta":{"origin":18267,"position":1},"title":"Mistura de etanol na gasolina sobe a 30%","author":"noticiasribeiraopreto.com.br","date":"26 de June de 2025","format":false,"excerpt":"26 de junho de 2025 16:0026 de junho de 2025 10:379 Compartilhar0 O governo federal elevou o percentual obrigat\u00f3rio de mistura de etanol na gasolina e do biodiesel no diesel. A de etanol anidro na gasolina tipo C passar\u00e1 dos atuais 27% para 30% (E30), enquanto o m\u00ednimo obrigat\u00f3rio de\u2026","rel":"","context":"In &quot;Not\u00edcias de Ribeir\u00e3o Preto-SP e Regi\u00e3o&quot;","block_context":{"text":"Not\u00edcias de Ribeir\u00e3o Preto-SP e Regi\u00e3o","link":"https:\/\/noticiasribeiraopreto.com.br\/index.php\/category\/noticias-de-ribeirao-preto-sp-e-regiao-ismael-colosi\/"},"img":{"alt_text":"","src":"https:\/\/i0.wp.com\/noticiasribeiraopreto.com.br\/wp-content\/uploads\/2025\/06\/Etanol-Marcelo-Camargo-Ag.Br_.jpg?fit=1170%2C700&ssl=1&resize=350%2C200","width":350,"height":200,"srcset":"https:\/\/i0.wp.com\/noticiasribeiraopreto.com.br\/wp-content\/uploads\/2025\/06\/Etanol-Marcelo-Camargo-Ag.Br_.jpg?fit=1170%2C700&ssl=1&resize=350%2C200 1x, https:\/\/i0.wp.com\/noticiasribeiraopreto.com.br\/wp-content\/uploads\/2025\/06\/Etanol-Marcelo-Camargo-Ag.Br_.jpg?fit=1170%2C700&ssl=1&resize=525%2C300 1.5x, https:\/\/i0.wp.com\/noticiasribeiraopreto.com.br\/wp-content\/uploads\/2025\/06\/Etanol-Marcelo-Camargo-Ag.Br_.jpg?fit=1170%2C700&ssl=1&resize=700%2C400 2x, https:\/\/i0.wp.com\/noticiasribeiraopreto.com.br\/wp-content\/uploads\/2025\/06\/Etanol-Marcelo-Camargo-Ag.Br_.jpg?fit=1170%2C700&ssl=1&resize=1050%2C600 3x"},"classes":[]},{"id":23601,"url":"https:\/\/noticiasribeiraopreto.com.br\/index.php\/2024\/01\/02\/novo-aumento-no-preco-do-combustivel-em-2024-saiba-as-mudancas-a-partir-deste-momento\/","url_meta":{"origin":18267,"position":2},"title":"Novo aumento no pre\u00e7o do combust\u00edvel em 2024: saiba as mudan\u00e7as a partir deste momento","author":"noticiasribeiraopreto.com.br","date":"2 de January de 2024","format":false,"excerpt":"Com a chegada do novo ano, os cidad\u00e3os brasileiros devem se atentar aos pagamentos de v\u00e1rias contas que precisar\u00e3o ser saldadas no in\u00edcio de 2024. Os motoristas tamb\u00e9m devem estar cientes do aumento planejado no pre\u00e7o do combust\u00edvel, que ser\u00e1 ajustado novamente neste per\u00edodo. Neste ano, um imposto crucial ser\u00e1\u2026","rel":"","context":"In &quot;Vagas de Emprego em Ribeir\u00e3o Preto-SP&quot;","block_context":{"text":"Vagas de Emprego em Ribeir\u00e3o Preto-SP","link":"https:\/\/noticiasribeiraopreto.com.br\/index.php\/category\/empregos-classificados-vagas-trabalho\/vagas-de-empregos-em-ribeirao-preto-regiao-brasil\/"},"img":{"alt_text":"","src":"","width":0,"height":0},"classes":[]},{"id":63670,"url":"https:\/\/noticiasribeiraopreto.com.br\/index.php\/2025\/02\/19\/governo-mantem-mistura-de-14-de-biodiesel-no-diesel-para-conter-a-inflacao\/","url_meta":{"origin":18267,"position":3},"title":"Governo Mant\u00e9m Mistura de 14% de Biodiesel no Diesel para Conter a Infla\u00e7\u00e3o","author":"noticiasribeiraopreto.com.br","date":"19 de February de 2025","format":false,"excerpt":"Em meio a um cen\u00e1rio de instabilidade econ\u00f4mica e press\u00f5es inflacion\u00e1rias, o governo federal optou por manter a obrigatoriedade da mistura de 14% de biodiesel no diesel comercializado no pa\u00eds. A medida, que tem sido adotada para conter os custos de produ\u00e7\u00e3o e reduzir o impacto da alta dos combust\u00edveis\u2026","rel":"","context":"In &quot;Not\u00edcias de Ribeir\u00e3o Preto-SP e Regi\u00e3o&quot;","block_context":{"text":"Not\u00edcias de Ribeir\u00e3o Preto-SP e Regi\u00e3o","link":"https:\/\/noticiasribeiraopreto.com.br\/index.php\/category\/noticias-de-ribeirao-preto-sp-e-regiao-ismael-colosi\/"},"img":{"alt_text":"","src":"https:\/\/i0.wp.com\/noticiasribeiraopreto.com.br\/wp-content\/uploads\/2025\/02\/1103818-mcam_edit_03011807017.webp.webp?fit=1170%2C700&ssl=1&resize=350%2C200","width":350,"height":200,"srcset":"https:\/\/i0.wp.com\/noticiasribeiraopreto.com.br\/wp-content\/uploads\/2025\/02\/1103818-mcam_edit_03011807017.webp.webp?fit=1170%2C700&ssl=1&resize=350%2C200 1x, https:\/\/i0.wp.com\/noticiasribeiraopreto.com.br\/wp-content\/uploads\/2025\/02\/1103818-mcam_edit_03011807017.webp.webp?fit=1170%2C700&ssl=1&resize=525%2C300 1.5x, https:\/\/i0.wp.com\/noticiasribeiraopreto.com.br\/wp-content\/uploads\/2025\/02\/1103818-mcam_edit_03011807017.webp.webp?fit=1170%2C700&ssl=1&resize=700%2C400 2x, https:\/\/i0.wp.com\/noticiasribeiraopreto.com.br\/wp-content\/uploads\/2025\/02\/1103818-mcam_edit_03011807017.webp.webp?fit=1170%2C700&ssl=1&resize=1050%2C600 3x"},"classes":[]},{"id":58881,"url":"https:\/\/noticiasribeiraopreto.com.br\/index.php\/2024\/10\/08\/combustivel-do-futuro-investimentos-podem-chegar-a-r-260-bilhoes\/","url_meta":{"origin":18267,"position":4},"title":"Combust\u00edvel do Futuro: Investimentos podem chegar a R$ 260 bilh\u00f5es","author":"noticiasribeiraopreto.com.br","date":"8 de October de 2024","format":false,"excerpt":"O presidente Luiz In\u00e1cio Lula da Silva (PT) assinou, nesta ter\u00e7a-feira (8), a Lei Combust\u00edvel do Futuro, que incentiva a produ\u00e7\u00e3o e uso de combust\u00edveis sustent\u00e1veis. A previs\u00e3o do Governo Federal \u00e9 que o novo marco possa gerar mais de R$ 260 bilh\u00f5es de investimentos no agro e na cadeia\u2026","rel":"","context":"In &quot;Not\u00edcias de Ribeir\u00e3o Preto-SP e Regi\u00e3o&quot;","block_context":{"text":"Not\u00edcias de Ribeir\u00e3o Preto-SP e Regi\u00e3o","link":"https:\/\/noticiasribeiraopreto.com.br\/index.php\/category\/noticias-de-ribeirao-preto-sp-e-regiao-ismael-colosi\/"},"img":{"alt_text":"","src":"https:\/\/i0.wp.com\/noticiasribeiraopreto.com.br\/wp-content\/uploads\/2024\/10\/etanol_biocombustivel_1024x576_07052021163315.jpg?fit=1024%2C614&ssl=1&resize=350%2C200","width":350,"height":200,"srcset":"https:\/\/i0.wp.com\/noticiasribeiraopreto.com.br\/wp-content\/uploads\/2024\/10\/etanol_biocombustivel_1024x576_07052021163315.jpg?fit=1024%2C614&ssl=1&resize=350%2C200 1x, https:\/\/i0.wp.com\/noticiasribeiraopreto.com.br\/wp-content\/uploads\/2024\/10\/etanol_biocombustivel_1024x576_07052021163315.jpg?fit=1024%2C614&ssl=1&resize=525%2C300 1.5x, https:\/\/i0.wp.com\/noticiasribeiraopreto.com.br\/wp-content\/uploads\/2024\/10\/etanol_biocombustivel_1024x576_07052021163315.jpg?fit=1024%2C614&ssl=1&resize=700%2C400 2x"},"classes":[]},{"id":69356,"url":"https:\/\/noticiasribeiraopreto.com.br\/index.php\/2025\/05\/05\/petrobras-anuncia-reducao-de-46-no-preco-do-diesel-nas-refinarias\/","url_meta":{"origin":18267,"position":5},"title":"Petrobras anuncia redu\u00e7\u00e3o de 4,6% no pre\u00e7o do diesel nas refinarias","author":"noticiasribeiraopreto.com.br","date":"5 de May de 2025","format":false,"excerpt":"A Petrobras anunciou nesta segunda-feira, 5, que reduziu em 4,6% o pre\u00e7o do diesel no mercado brasileiro, o que equivale a R$ 0,16, com o litro do produto passando a custar R$ 3,27 nas refinarias da estatal a partir da ter\u00e7a-feira, 6. O reajuste segue outras duas redu\u00e7\u00f5es recentes, de\u2026","rel":"","context":"In &quot;Not\u00edcias de Ribeir\u00e3o Preto-SP e Regi\u00e3o&quot;","block_context":{"text":"Not\u00edcias de Ribeir\u00e3o Preto-SP e Regi\u00e3o","link":"https:\/\/noticiasribeiraopreto.com.br\/index.php\/category\/noticias-de-ribeirao-preto-sp-e-regiao-ismael-colosi\/"},"img":{"alt_text":"","src":"https:\/\/i0.wp.com\/noticiasribeiraopreto.com.br\/wp-content\/uploads\/2025\/05\/diesel.jpg?fit=699%2C420&ssl=1&resize=350%2C200","width":350,"height":200,"srcset":"https:\/\/i0.wp.com\/noticiasribeiraopreto.com.br\/wp-content\/uploads\/2025\/05\/diesel.jpg?fit=699%2C420&ssl=1&resize=350%2C200 1x, https:\/\/i0.wp.com\/noticiasribeiraopreto.com.br\/wp-content\/uploads\/2025\/05\/diesel.jpg?fit=699%2C420&ssl=1&resize=525%2C300 1.5x"},"classes":[]}],"jetpack_sharing_enabled":true,"jetpack_shortlink":"https:\/\/wp.me\/peQAOb-4KD","_links":{"self":[{"href":"https:\/\/noticiasribeiraopreto.com.br\/index.php\/wp-json\/wp\/v2\/posts\/18267","targetHints":{"allow":["GET"]}}],"collection":[{"href":"https:\/\/noticiasribeiraopreto.com.br\/index.php\/wp-json\/wp\/v2\/posts"}],"about":[{"href":"https:\/\/noticiasribeiraopreto.com.br\/index.php\/wp-json\/wp\/v2\/types\/post"}],"author":[{"embeddable":true,"href":"https:\/\/noticiasribeiraopreto.com.br\/index.php\/wp-json\/wp\/v2\/users\/1"}],"replies":[{"embeddable":true,"href":"https:\/\/noticiasribeiraopreto.com.br\/index.php\/wp-json\/wp\/v2\/comments?post=18267"}],"version-history":[{"count":0,"href":"https:\/\/noticiasribeiraopreto.com.br\/index.php\/wp-json\/wp\/v2\/posts\/18267\/revisions"}],"wp:featuredmedia":[{"embeddable":true,"href":"https:\/\/noticiasribeiraopreto.com.br\/index.php\/wp-json\/wp\/v2\/media\/18268"}],"wp:attachment":[{"href":"https:\/\/noticiasribeiraopreto.com.br\/index.php\/wp-json\/wp\/v2\/media?parent=18267"}],"wp:term":[{"taxonomy":"category","embeddable":true,"href":"https:\/\/noticiasribeiraopreto.com.br\/index.php\/wp-json\/wp\/v2\/categories?post=18267"},{"taxonomy":"post_tag","embeddable":true,"href":"https:\/\/noticiasribeiraopreto.com.br\/index.php\/wp-json\/wp\/v2\/tags?post=18267"}],"curies":[{"name":"wp","href":"https:\/\/api.w.org\/{rel}","templated":true}]}}