{"id":18269,"date":"2023-12-20T04:41:08","date_gmt":"2023-12-20T07:41:08","guid":{"rendered":"https:\/\/noticiasribeiraopreto.com.br\/index.php\/2023\/12\/20\/quer-trabalhar-na-zara-vagas-para-vendedor-assistente-e-mais\/"},"modified":"2023-12-20T04:41:08","modified_gmt":"2023-12-20T07:41:08","slug":"quer-trabalhar-na-zara-vagas-para-vendedor-assistente-e-mais","status":"publish","type":"post","link":"https:\/\/noticiasribeiraopreto.com.br\/index.php\/2023\/12\/20\/quer-trabalhar-na-zara-vagas-para-vendedor-assistente-e-mais\/","title":{"rendered":"Quer trabalhar na Zara? Vagas para Vendedor, Assistente e mais!"},"content":{"rendered":"<div class='code-block code-block-1' style='margin: 8px 0 8px auto; text-align: right; display: block; clear: both;'>\n<p><a href=\"https:\/\/wa.link\/vpicfd\"><img data-recalc-dims=\"1\" class=\"wp-image-4922\" style=\"aspect-ratio: 2.0253164556962027; width: 561px; height: auto;\" src=\"https:\/\/i0.wp.com\/ismaelcolosi.com.br\/wp-content\/uploads\/2023\/11\/grupo-de-empregos-whatsapp-e-facebook-ismael-colosi-vagas.jpg?ssl=1\" alt=\"\" \/><\/a><\/p>\n<!-- \/wp:image -->\n<\/div>\n<p> <br \/>\n<\/p>\n<div>\n<p>A Zara, famosa rede de lojas galega de roupa, cal\u00e7ado e acess\u00f3rios para o p\u00fablico feminino, masculino e infantil, est\u00e1 contratando novos funcion\u00e1rios no mercado de trabalho brasileiro. Com vagas em S\u00e3o Paulo, Rio de Janeiro, Pernambuco, Paran\u00e1, Distrito Federal, <a href=\"https:\/\/noticiasconcursos.com.br\/novo-alerta-de-fortes-chuvas-para-o-nordeste-veja-estados-mais-afetados\/\">Bahia<\/a> e Goi\u00e1s, veja a lista de oportunidades abertas:<\/p>\n<ul>\n<li>Assistente de Vendas \u2013 Vit\u00f3ria \u2013 ES \u2013 Atendimento;<\/li>\n<li>Assistente de Vendas \u2013 Balne\u00e1rio Cambori\u00fa \u2013 SC \u2013 Atendimento: <em>Atendimento ao cliente; Processos operacionais; Organiza\u00e7\u00e3o de produtos e loja; Atendimento no provador;<\/em><\/li>\n<li>Assistente de Vendas \u2013 S\u00e3o Paulo \u2013 SP \u2013 Atendimento;<\/li>\n<li>Assistente de Loja \u2013 Porto Alegre \u2013 RS \u2013 Atendimento;<\/li>\n<li>Assistente de Loja \u2013 Curitiba \u2013 PR \u2013 Atendimento;<\/li>\n<li>Vendedor (a) de Loja \u2013 Fast Fashion \u2013 Rio de Janeiro \u2013 RJ \u2013 Moda;<\/li>\n<li>Vendedor (a) Lojista \u2013 Vit\u00f3ria \u2013 ES \u2013 Moda;<\/li>\n<li>Vendedor (a) de Loja \u2013 Londrina \u2013 PR \u2013 Moda: <em>Processos operacionais de loja; Atendimento ao cliente; Quando necess\u00e1rio, operar o caixa;<\/em><\/li>\n<li>Vendedor (a) de Loja \u2013 Fast Fashion \u2013 Campinas \u2013 SP \u2013 Moda;<\/li>\n<li>Vendedor (a) de Loja \u2013 Fast Fashion \u2013 Bras\u00edlia \u2013 DF \u2013 Moda;<\/li>\n<li>Vendedor (a) de Loja \u2013 Fast Fashion \u2013 Recife \u2013 PE \u2013 Moda;<\/li>\n<li>Vendedor (a) de Loja \u2013 Fast Fashion \u2013 Salvador \u2013 BA \u2013 Moda;<\/li>\n<li>Vendedor (a) de Loja \u2013 S\u00e3o Caetano do Sul, Ribeir\u00e3o Preto e S\u00e3o Jos\u00e9 dos Campos \u2013 SP \u2013 Moda;<\/li>\n<li>Vendedor (a) de Loja \u2013 Fast Fashion \u2013 Goi\u00e2nia \u2013 GO \u2013 Moda.<\/li>\n<\/ul>\n<figure id=\"attachment_780995\" aria-describedby=\"caption-attachment-780995\" style=\"width: 1000px\" class=\"wp-caption aligncenter\"><img data-recalc-dims=\"1\" fetchpriority=\"high\" decoding=\"async\" class=\"size-full wp-image-780995\" alt=\"Quer trabalhar na Zara? Vagas para Vendedor, Assistente e mais!\" width=\"1000\" height=\"701\" srcset=\"https:\/\/noticiasconcursos.com.br\/wp-content\/uploads\/2023\/12\/noticiasconcursos.com.br-quer-trabalhar-na-zara-vagas-para-vendedor-assistente-e-mais-50353-e1703021495701.png 1000w, https:\/\/noticiasconcursos.com.br\/wp-content\/uploads\/2023\/12\/noticiasconcursos.com.br-quer-trabalhar-na-zara-vagas-para-vendedor-assistente-e-mais-50353-e1703021495701-300x210.png 300w, https:\/\/noticiasconcursos.com.br\/wp-content\/uploads\/2023\/12\/noticiasconcursos.com.br-quer-trabalhar-na-zara-vagas-para-vendedor-assistente-e-mais-50353-e1703021495701-768x538.png 768w\" data-lazy-sizes=\"(max-width: 1000px) 100vw, 1000px\" src=\"https:\/\/i0.wp.com\/noticiasconcursos.com.br\/wp-content\/uploads\/2023\/12\/noticiasconcursos.com.br-quer-trabalhar-na-zara-vagas-para-vendedor-assistente-e-mais-50353-e1703021495701.png?resize=1000%2C701&#038;ssl=1\"\/><noscript><img data-recalc-dims=\"1\" fetchpriority=\"high\" decoding=\"async\" class=\"size-full wp-image-780995\" src=\"https:\/\/i0.wp.com\/noticiasconcursos.com.br\/wp-content\/uploads\/2023\/12\/noticiasconcursos.com.br-quer-trabalhar-na-zara-vagas-para-vendedor-assistente-e-mais-50353-e1703021495701.png?resize=1000%2C701&#038;ssl=1\" alt=\"Quer trabalhar na Zara? Vagas para Vendedor, Assistente e mais!\" width=\"1000\" height=\"701\" srcset=\"https:\/\/noticiasconcursos.com.br\/wp-content\/uploads\/2023\/12\/noticiasconcursos.com.br-quer-trabalhar-na-zara-vagas-para-vendedor-assistente-e-mais-50353-e1703021495701.png 1000w, https:\/\/noticiasconcursos.com.br\/wp-content\/uploads\/2023\/12\/noticiasconcursos.com.br-quer-trabalhar-na-zara-vagas-para-vendedor-assistente-e-mais-50353-e1703021495701-300x210.png 300w, https:\/\/noticiasconcursos.com.br\/wp-content\/uploads\/2023\/12\/noticiasconcursos.com.br-quer-trabalhar-na-zara-vagas-para-vendedor-assistente-e-mais-50353-e1703021495701-768x538.png 768w\" sizes=\"(max-width: 1000px) 100vw, 1000px\"\/><\/noscript><figcaption id=\"caption-attachment-780995\" class=\"wp-caption-text\">Zara \u00e9 uma das maiores lojas de vestu\u00e1rio do mundo. Foto: Divulga\u00e7\u00e3o.<\/figcaption><\/figure>\n<h3><strong>Mais sobre a Zara\u00a0<\/strong><\/h3>\n<p>Falando com mais detalhes sobre a Zara, podemos frisar que a marca pertence ao Grupo Inditex, que tamb\u00e9m det\u00e9m outras marcas tais como \u2013 Massimo Dutti, Pull and Bear, Oysho, Bershka, Stradivarius, Uterque, Kiddy\u2019s Class al\u00e9m da Zara Home (presente em alguns <a href=\"https:\/\/noticiasconcursos.com.br\/lista-de-paises-que-podem-perder-exigencia-de-visto-em-breve\/\">pa\u00edses<\/a>).<\/p>\n<p>Em resumo, \u00e9\u00a0uma das principais empresas de moda internacional e faz parte de um dos maiores grupos de distribui\u00e7\u00e3o do mundo. N\u00e3o \u00e0 toa, o cliente \u00e9 o centro do seu particular modelo de neg\u00f3cio, que integra os processos de desenho, fabrica\u00e7\u00e3o, distribui\u00e7\u00e3o e venda, atrav\u00e9s de uma ampla rede de lojas pr\u00f3prias.<\/p>\n<h3><strong>Confira alguns benef\u00edcios<\/strong><\/h3>\n<ul>\n<li>Desconto em compras nas lojas Zara e Zara Home;<\/li>\n<li>Vale-refei\u00e7\u00e3o;<\/li>\n<li>Conv\u00eanio odontol\u00f3gico;<\/li>\n<li>Conv\u00eanio m\u00e9dico;<\/li>\n<li>Vale-transporte;<\/li>\n<li>Gympass.<\/li>\n<\/ul>\n<h3><strong>O que \u00e9 preciso para se candidatar?<\/strong><\/h3>\n<div class=\"bs-irp left bs-irp-thumbnail-1\">\n<p>&#13;<br \/><span class=\"h-text heading-typo\">Voc\u00ea tamb\u00e9m pode gostar:<\/span>&#13; <\/p>\n<\/p><\/div>\n<p>Agora que j\u00e1 foi poss\u00edvel verificar a lista de cargos, a inscri\u00e7\u00e3o acontece de forma bastante intuitiva e r\u00e1pida. Voc\u00ea s\u00f3 precisa <strong><em><a href=\"https:\/\/www.infojobs.com.br\/zara-brasil\/vagas\" target=\"_blank\" rel=\"noopener\">ENTRAR NESSE LINK<\/a><\/em><\/strong> para ir automaticamente \u00e0 p\u00e1gina da <strong>InfoJobs<\/strong>. Por l\u00e1, \u00e9 s\u00f3 conferir todos os detalhes referentes \u00e0 vaga (requisitos, fun\u00e7\u00f5es, benef\u00edcios, hor\u00e1rio de trabalho, etc..) com aten\u00e7\u00e3o e se candidatar.<\/p>\n<p>Quer se manter inteirado(a) em todas as principais not\u00edcias do <a href=\"https:\/\/noticiasconcursos.com.br\/empregos-autozone-abre-vagas-no-sudeste-do-pais\/\">pa\u00eds<\/a> e ainda ficar ligado(a) nas diversas vagas de empregos espalhadas pelo Brasil? Acesse agora mesmo o <strong>Not\u00edcias Concursos!<\/strong><\/p>\n<\/p><\/div>\n<p><br \/>\n<br \/><a href=\"https:\/\/ismaelcolosi.com.br\/quer-trabalhar-na-zara-vagas-para-vendedor-assistente-e-mais\/\">Source link <\/a><\/p>\n<!-- CONTENT END 1 -->\n","protected":false},"excerpt":{"rendered":"<p>A Zara, famosa rede de lojas galega de roupa, cal\u00e7ado e acess\u00f3rios para o p\u00fablico feminino, masculino e infantil, est\u00e1 contratando novos funcion\u00e1rios no mercado&#8230;<\/p>\n","protected":false},"author":1,"featured_media":18270,"comment_status":"open","ping_status":"open","sticky":false,"template":"","format":"standard","meta":{"advanced_seo_description":"","jetpack_seo_html_title":"","jetpack_seo_noindex":false,"jetpack_post_was_ever_published":false,"_jetpack_newsletter_access":"","_jetpack_dont_email_post_to_subs":false,"_jetpack_newsletter_tier_id":0,"_jetpack_memberships_contains_paywalled_content":false,"_jetpack_memberships_contains_paid_content":false,"footnotes":"","jetpack_publicize_message":"","jetpack_publicize_feature_enabled":true,"jetpack_social_post_already_shared":true,"jetpack_social_options":{"image_generator_settings":{"template":"highway","default_image_id":0,"font":"","enabled":false},"version":2}},"categories":[7],"tags":[],"class_list":["post-18269","post","type-post","status-publish","format-standard","has-post-thumbnail","hentry","category-vagas-de-empregos-em-ribeirao-preto-regiao-brasil"],"jetpack_publicize_connections":[],"jetpack_featured_media_url":"https:\/\/i0.wp.com\/noticiasribeiraopreto.com.br\/wp-content\/uploads\/2023\/12\/noticiasconcursos.com_.br-quer-trabalhar-na-zara-vagas-para-vendedor-assistente-e-mais-50353-e1703021495701.png?fit=1000%2C701&ssl=1","jetpack-related-posts":[{"id":19956,"url":"https:\/\/noticiasribeiraopreto.com.br\/index.php\/2023\/12\/23\/maria-filo-contrata-auxiliar-de-loja-vendedor-a-e-mais\/","url_meta":{"origin":18269,"position":0},"title":"Maria Fil\u00f3 CONTRATA Auxiliar de Loja, Vendedor (a) e mais!","author":"noticiasribeiraopreto.com.br","date":"23 de December de 2023","format":false,"excerpt":"A Maria Fil\u00f3, famosa rede de lojas de vestu\u00e1rio feminino, que traz a criatividade e a alma feminina traduzidas em looks com detalhes surpreendentes e experi\u00eancias personalizadas, est\u00e1 contratando novas pessoas no mercado. Isto \u00e9, antes mesmo de falar mais sobre, confira a lista de vagas abertas: Assistente de Planejamento\u2026","rel":"","context":"In &quot;Vagas de Emprego em Ribeir\u00e3o Preto-SP&quot;","block_context":{"text":"Vagas de Emprego em Ribeir\u00e3o Preto-SP","link":"https:\/\/noticiasribeiraopreto.com.br\/index.php\/category\/empregos-classificados-vagas-trabalho\/vagas-de-empregos-em-ribeirao-preto-regiao-brasil\/"},"img":{"alt_text":"","src":"https:\/\/i0.wp.com\/noticiasribeiraopreto.com.br\/wp-content\/uploads\/2023\/12\/noticiasconcursos.com_.br-maria-filo-oferece-empregos-em-sp-mg-e-rj-img-2224-scaled-1.jpg?fit=1200%2C800&ssl=1&resize=350%2C200","width":350,"height":200,"srcset":"https:\/\/i0.wp.com\/noticiasribeiraopreto.com.br\/wp-content\/uploads\/2023\/12\/noticiasconcursos.com_.br-maria-filo-oferece-empregos-em-sp-mg-e-rj-img-2224-scaled-1.jpg?fit=1200%2C800&ssl=1&resize=350%2C200 1x, https:\/\/i0.wp.com\/noticiasribeiraopreto.com.br\/wp-content\/uploads\/2023\/12\/noticiasconcursos.com_.br-maria-filo-oferece-empregos-em-sp-mg-e-rj-img-2224-scaled-1.jpg?fit=1200%2C800&ssl=1&resize=525%2C300 1.5x, https:\/\/i0.wp.com\/noticiasribeiraopreto.com.br\/wp-content\/uploads\/2023\/12\/noticiasconcursos.com_.br-maria-filo-oferece-empregos-em-sp-mg-e-rj-img-2224-scaled-1.jpg?fit=1200%2C800&ssl=1&resize=700%2C400 2x, https:\/\/i0.wp.com\/noticiasribeiraopreto.com.br\/wp-content\/uploads\/2023\/12\/noticiasconcursos.com_.br-maria-filo-oferece-empregos-em-sp-mg-e-rj-img-2224-scaled-1.jpg?fit=1200%2C800&ssl=1&resize=1050%2C600 3x"},"classes":[]},{"id":20402,"url":"https:\/\/noticiasribeiraopreto.com.br\/index.php\/2023\/12\/25\/ri-happy-esta-na-procura-por-profissionais-em-dezembro\/","url_meta":{"origin":18269,"position":1},"title":"Ri Happy est\u00e1 NA PROCURA por profissionais em dezembro","author":"noticiasribeiraopreto.com.br","date":"25 de December de 2023","format":false,"excerpt":"A Ri Happy, empresa que \u00e9 l\u00edder absoluta no varejo especializado em brinquedos, \u00e9 o atendimento personalizado, a variedade de produtos e os pre\u00e7os competitivos, est\u00e1 com \u00f3timas oportunidades abertas no presente momento. Isto \u00e9, antes de falar mais sobre, confira a lista de vagas dispon\u00edveis; Assistente Financeiro \u2013 S\u00e3o\u2026","rel":"","context":"In &quot;Vagas de Emprego em Ribeir\u00e3o Preto-SP&quot;","block_context":{"text":"Vagas de Emprego em Ribeir\u00e3o Preto-SP","link":"https:\/\/noticiasribeiraopreto.com.br\/index.php\/category\/empregos-classificados-vagas-trabalho\/vagas-de-empregos-em-ribeirao-preto-regiao-brasil\/"},"img":{"alt_text":"","src":"https:\/\/i0.wp.com\/noticiasribeiraopreto.com.br\/wp-content\/uploads\/2023\/12\/noticiasconcursos.com_.br-ri-happy-esta-na-procura-por-profissionais-em-dezembro-rihappy.png?fit=1200%2C800&ssl=1&resize=350%2C200","width":350,"height":200,"srcset":"https:\/\/i0.wp.com\/noticiasribeiraopreto.com.br\/wp-content\/uploads\/2023\/12\/noticiasconcursos.com_.br-ri-happy-esta-na-procura-por-profissionais-em-dezembro-rihappy.png?fit=1200%2C800&ssl=1&resize=350%2C200 1x, https:\/\/i0.wp.com\/noticiasribeiraopreto.com.br\/wp-content\/uploads\/2023\/12\/noticiasconcursos.com_.br-ri-happy-esta-na-procura-por-profissionais-em-dezembro-rihappy.png?fit=1200%2C800&ssl=1&resize=525%2C300 1.5x, https:\/\/i0.wp.com\/noticiasribeiraopreto.com.br\/wp-content\/uploads\/2023\/12\/noticiasconcursos.com_.br-ri-happy-esta-na-procura-por-profissionais-em-dezembro-rihappy.png?fit=1200%2C800&ssl=1&resize=700%2C400 2x, https:\/\/i0.wp.com\/noticiasribeiraopreto.com.br\/wp-content\/uploads\/2023\/12\/noticiasconcursos.com_.br-ri-happy-esta-na-procura-por-profissionais-em-dezembro-rihappy.png?fit=1200%2C800&ssl=1&resize=1050%2C600 3x"},"classes":[]},{"id":13176,"url":"https:\/\/noticiasribeiraopreto.com.br\/index.php\/2023\/12\/09\/quer-trabalhar-na-deltasul-conheca-a-lista-de-cargos-abertos\/","url_meta":{"origin":18269,"position":2},"title":"Quer trabalhar na Deltasul? Conhe\u00e7a a lista de cargos ABERTOS!","author":"noticiasribeiraopreto.com.br","date":"9 de December de 2023","format":false,"excerpt":"A Deltasul, companhia de com\u00e9rcio varejista que visa ser uma empresa eficiente e inovadora, que promova uma experi\u00eancia positiva e diferenciada na venda de produtos e servi\u00e7os, est\u00e1 recrutando profissionais no Sul. Isto \u00e9, antes mesmo de falar com mais detalhes sobre a companhia, veja a lista de cargos: Analista\u2026","rel":"","context":"In &quot;Vagas de Emprego em Ribeir\u00e3o Preto-SP&quot;","block_context":{"text":"Vagas de Emprego em Ribeir\u00e3o Preto-SP","link":"https:\/\/noticiasribeiraopreto.com.br\/index.php\/category\/empregos-classificados-vagas-trabalho\/vagas-de-empregos-em-ribeirao-preto-regiao-brasil\/"},"img":{"alt_text":"","src":"https:\/\/i0.wp.com\/noticiasribeiraopreto.com.br\/wp-content\/uploads\/2023\/12\/noticiasconcursos.com_.br-deltasul-volta-a-recrutar-no-mercado-saiba-mais-6ae159ee0edf18b81d523068cd1ee408.jpg?fit=1125%2C563&ssl=1&resize=350%2C200","width":350,"height":200,"srcset":"https:\/\/i0.wp.com\/noticiasribeiraopreto.com.br\/wp-content\/uploads\/2023\/12\/noticiasconcursos.com_.br-deltasul-volta-a-recrutar-no-mercado-saiba-mais-6ae159ee0edf18b81d523068cd1ee408.jpg?fit=1125%2C563&ssl=1&resize=350%2C200 1x, https:\/\/i0.wp.com\/noticiasribeiraopreto.com.br\/wp-content\/uploads\/2023\/12\/noticiasconcursos.com_.br-deltasul-volta-a-recrutar-no-mercado-saiba-mais-6ae159ee0edf18b81d523068cd1ee408.jpg?fit=1125%2C563&ssl=1&resize=525%2C300 1.5x, https:\/\/i0.wp.com\/noticiasribeiraopreto.com.br\/wp-content\/uploads\/2023\/12\/noticiasconcursos.com_.br-deltasul-volta-a-recrutar-no-mercado-saiba-mais-6ae159ee0edf18b81d523068cd1ee408.jpg?fit=1125%2C563&ssl=1&resize=700%2C400 2x, https:\/\/i0.wp.com\/noticiasribeiraopreto.com.br\/wp-content\/uploads\/2023\/12\/noticiasconcursos.com_.br-deltasul-volta-a-recrutar-no-mercado-saiba-mais-6ae159ee0edf18b81d523068cd1ee408.jpg?fit=1125%2C563&ssl=1&resize=1050%2C600 3x"},"classes":[]},{"id":74429,"url":"https:\/\/noticiasribeiraopreto.com.br\/index.php\/2025\/07\/22\/50-vagas-de-emprego-para-trabalhar-de-casa-na-area-de-atendimento-ao-cliente-sac-vagas-home-office-clique-em-candidatar-18\/","url_meta":{"origin":18269,"position":3},"title":"50 vagas de emprego para trabalhar de casa na \u00e1rea de Atendimento ao Cliente &#8211; SAC. Vagas Home Office, clique em candidatar","author":"noticiasribeiraopreto.com.br","date":"22 de July de 2025","format":false,"excerpt":"Analista De Atendimento Foundever S\u00e3o Paulo - SP SAC Publicado h\u00e1 16 horas Candidatar Analista De Customer Success Vet Up S\u00e3o Paulo - SP SAC Publicado h\u00e1 16 horas Candidatar Assistente de SAC Home Office \u2013 RS VIP Desenvolvimento Humano S\u00e3o Leopoldo - RS SAC Publicado h\u00e1 16 horas Candidatar\u2026","rel":"","context":"In &quot;Vagas de Emprego Remoto - Home Office&quot;","block_context":{"text":"Vagas de Emprego Remoto - Home Office","link":"https:\/\/noticiasribeiraopreto.com.br\/index.php\/category\/empregos-classificados-vagas-trabalho\/vagas-de-empregos-em-ribeirao-preto-regiao-brasil\/vagas-de-emprego-para-trabalhar-de-casa-home-office-remoto\/"},"img":{"alt_text":"","src":"https:\/\/i0.wp.com\/noticiasribeiraopreto.com.br\/wp-content\/uploads\/2025\/07\/thumb-o-que-e-sac-700x394.jpg?fit=700%2C394&ssl=1&resize=350%2C200","width":350,"height":200,"srcset":"https:\/\/i0.wp.com\/noticiasribeiraopreto.com.br\/wp-content\/uploads\/2025\/07\/thumb-o-que-e-sac-700x394.jpg?fit=700%2C394&ssl=1&resize=350%2C200 1x, https:\/\/i0.wp.com\/noticiasribeiraopreto.com.br\/wp-content\/uploads\/2025\/07\/thumb-o-que-e-sac-700x394.jpg?fit=700%2C394&ssl=1&resize=525%2C300 1.5x, https:\/\/i0.wp.com\/noticiasribeiraopreto.com.br\/wp-content\/uploads\/2025\/07\/thumb-o-que-e-sac-700x394.jpg?fit=700%2C394&ssl=1&resize=700%2C400 2x"},"classes":[]},{"id":18271,"url":"https:\/\/noticiasribeiraopreto.com.br\/index.php\/2023\/12\/20\/empregos-autozone-abre-vagas-no-sudeste-do-pais\/","url_meta":{"origin":18269,"position":4},"title":"EMPREGOS: AutoZone abre vagas no Sudeste do pa\u00eds","author":"noticiasribeiraopreto.com.br","date":"20 de December de 2023","format":false,"excerpt":"A AutoZone, empresa multinacional que atua no mercado de pe\u00e7as e acess\u00f3rios automotivos, est\u00e1 na procura por profissionais em tr\u00eas diferentes estados brasileiros. Isto \u00e9, antes mesmo de falar mais a empresa, veja quais s\u00e3o os postos de trabalho vagos e suas respectivas localidades: Coordenador (a) de Planejamento Log\u00edstico \u2013\u2026","rel":"","context":"In &quot;Vagas de Emprego em Ribeir\u00e3o Preto-SP&quot;","block_context":{"text":"Vagas de Emprego em Ribeir\u00e3o Preto-SP","link":"https:\/\/noticiasribeiraopreto.com.br\/index.php\/category\/empregos-classificados-vagas-trabalho\/vagas-de-empregos-em-ribeirao-preto-regiao-brasil\/"},"img":{"alt_text":"","src":"https:\/\/i0.wp.com\/noticiasribeiraopreto.com.br\/wp-content\/uploads\/2023\/12\/noticiasconcursos.com_.br-multinacional-autozone-oferece-empregos-veja-39937525-972774702905828-1055804000462438400-n-e1675257265346.jpg?fit=1168%2C623&ssl=1&resize=350%2C200","width":350,"height":200,"srcset":"https:\/\/i0.wp.com\/noticiasribeiraopreto.com.br\/wp-content\/uploads\/2023\/12\/noticiasconcursos.com_.br-multinacional-autozone-oferece-empregos-veja-39937525-972774702905828-1055804000462438400-n-e1675257265346.jpg?fit=1168%2C623&ssl=1&resize=350%2C200 1x, https:\/\/i0.wp.com\/noticiasribeiraopreto.com.br\/wp-content\/uploads\/2023\/12\/noticiasconcursos.com_.br-multinacional-autozone-oferece-empregos-veja-39937525-972774702905828-1055804000462438400-n-e1675257265346.jpg?fit=1168%2C623&ssl=1&resize=525%2C300 1.5x, https:\/\/i0.wp.com\/noticiasribeiraopreto.com.br\/wp-content\/uploads\/2023\/12\/noticiasconcursos.com_.br-multinacional-autozone-oferece-empregos-veja-39937525-972774702905828-1055804000462438400-n-e1675257265346.jpg?fit=1168%2C623&ssl=1&resize=700%2C400 2x, https:\/\/i0.wp.com\/noticiasribeiraopreto.com.br\/wp-content\/uploads\/2023\/12\/noticiasconcursos.com_.br-multinacional-autozone-oferece-empregos-veja-39937525-972774702905828-1055804000462438400-n-e1675257265346.jpg?fit=1168%2C623&ssl=1&resize=1050%2C600 3x"},"classes":[]},{"id":37376,"url":"https:\/\/noticiasribeiraopreto.com.br\/index.php\/2024\/02\/15\/trabalhe-de-casa-pontotel-abre-vaga-home-office-para-analista-financeiro\/","url_meta":{"origin":18269,"position":5},"title":"Trabalhe de casa: Pontotel abre vaga HOME OFFICE para Analista Financeiro","author":"noticiasribeiraopreto.com.br","date":"15 de February de 2024","format":false,"excerpt":"Home Office Trabalhe de casa: Pontotel abre vaga HOME OFFICE para Analista Financeiro Home Office DOC9 abre vaga HOME OFFICE para TRABALHAR DE CASA no cargo de Assistente Administrativo Home Office Trabalhe de Casa: A Contabilizei est\u00e1 contratando para HOME OFFICE Assistente de Atendimento Home Office Home Office: Doc9 abre\u2026","rel":"","context":"In &quot;Vagas de Emprego Remoto - Home Office&quot;","block_context":{"text":"Vagas de Emprego Remoto - Home Office","link":"https:\/\/noticiasribeiraopreto.com.br\/index.php\/category\/empregos-classificados-vagas-trabalho\/vagas-de-empregos-em-ribeirao-preto-regiao-brasil\/vagas-de-emprego-para-trabalhar-de-casa-home-office-remoto\/"},"img":{"alt_text":"","src":"https:\/\/i0.wp.com\/noticiasribeiraopreto.com.br\/wp-content\/uploads\/2024\/02\/Analista-Financeiro-761x492.webp?fit=761%2C492&ssl=1&resize=350%2C200","width":350,"height":200,"srcset":"https:\/\/i0.wp.com\/noticiasribeiraopreto.com.br\/wp-content\/uploads\/2024\/02\/Analista-Financeiro-761x492.webp?fit=761%2C492&ssl=1&resize=350%2C200 1x, https:\/\/i0.wp.com\/noticiasribeiraopreto.com.br\/wp-content\/uploads\/2024\/02\/Analista-Financeiro-761x492.webp?fit=761%2C492&ssl=1&resize=525%2C300 1.5x, https:\/\/i0.wp.com\/noticiasribeiraopreto.com.br\/wp-content\/uploads\/2024\/02\/Analista-Financeiro-761x492.webp?fit=761%2C492&ssl=1&resize=700%2C400 2x"},"classes":[]}],"jetpack_sharing_enabled":true,"jetpack_shortlink":"https:\/\/wp.me\/peQAOb-4KF","_links":{"self":[{"href":"https:\/\/noticiasribeiraopreto.com.br\/index.php\/wp-json\/wp\/v2\/posts\/18269","targetHints":{"allow":["GET"]}}],"collection":[{"href":"https:\/\/noticiasribeiraopreto.com.br\/index.php\/wp-json\/wp\/v2\/posts"}],"about":[{"href":"https:\/\/noticiasribeiraopreto.com.br\/index.php\/wp-json\/wp\/v2\/types\/post"}],"author":[{"embeddable":true,"href":"https:\/\/noticiasribeiraopreto.com.br\/index.php\/wp-json\/wp\/v2\/users\/1"}],"replies":[{"embeddable":true,"href":"https:\/\/noticiasribeiraopreto.com.br\/index.php\/wp-json\/wp\/v2\/comments?post=18269"}],"version-history":[{"count":0,"href":"https:\/\/noticiasribeiraopreto.com.br\/index.php\/wp-json\/wp\/v2\/posts\/18269\/revisions"}],"wp:featuredmedia":[{"embeddable":true,"href":"https:\/\/noticiasribeiraopreto.com.br\/index.php\/wp-json\/wp\/v2\/media\/18270"}],"wp:attachment":[{"href":"https:\/\/noticiasribeiraopreto.com.br\/index.php\/wp-json\/wp\/v2\/media?parent=18269"}],"wp:term":[{"taxonomy":"category","embeddable":true,"href":"https:\/\/noticiasribeiraopreto.com.br\/index.php\/wp-json\/wp\/v2\/categories?post=18269"},{"taxonomy":"post_tag","embeddable":true,"href":"https:\/\/noticiasribeiraopreto.com.br\/index.php\/wp-json\/wp\/v2\/tags?post=18269"}],"curies":[{"name":"wp","href":"https:\/\/api.w.org\/{rel}","templated":true}]}}