{"id":18271,"date":"2023-12-20T04:56:07","date_gmt":"2023-12-20T07:56:07","guid":{"rendered":"https:\/\/noticiasribeiraopreto.com.br\/index.php\/2023\/12\/20\/empregos-autozone-abre-vagas-no-sudeste-do-pais\/"},"modified":"2023-12-20T04:56:07","modified_gmt":"2023-12-20T07:56:07","slug":"empregos-autozone-abre-vagas-no-sudeste-do-pais","status":"publish","type":"post","link":"https:\/\/noticiasribeiraopreto.com.br\/index.php\/2023\/12\/20\/empregos-autozone-abre-vagas-no-sudeste-do-pais\/","title":{"rendered":"EMPREGOS: AutoZone abre vagas no Sudeste do pa\u00eds"},"content":{"rendered":"<div class='code-block code-block-1' style='margin: 8px 0 8px auto; text-align: right; display: block; clear: both;'>\n<p><a href=\"https:\/\/wa.link\/vpicfd\"><img data-recalc-dims=\"1\" class=\"wp-image-4922\" style=\"aspect-ratio: 2.0253164556962027; width: 561px; height: auto;\" src=\"https:\/\/i0.wp.com\/ismaelcolosi.com.br\/wp-content\/uploads\/2023\/11\/grupo-de-empregos-whatsapp-e-facebook-ismael-colosi-vagas.jpg?ssl=1\" alt=\"\" \/><\/a><\/p>\n<!-- \/wp:image -->\n<\/div>\n<p> <br \/>\n<\/p>\n<div>\n<p>A AutoZone, empresa multinacional que atua no <a href=\"https:\/\/noticiasconcursos.com.br\/rodonaves-contrata-profissionais-no-mercado-veja-a-lista\/\">mercado<\/a> de pe\u00e7as e acess\u00f3rios automotivos, est\u00e1 na procura por profissionais em tr\u00eas diferentes estados brasileiros. Isto \u00e9, antes mesmo de falar mais a empresa, veja quais s\u00e3o os postos de trabalho vagos e suas respectivas localidades:<\/p>\n<ul>\n<li>Coordenador (a) de Planejamento Log\u00edstico \u2013 Paul\u00ednia \u2013 SP \u2013 Log\u00edstica;<\/li>\n<li>Representante de Vendas \u2013 Exclusiva Para PCD \u2013 Carapicu\u00edba \u2013 SP \u2013 Atendimento;<\/li>\n<li>Gerente de Categoria SR \u2013 S\u00e3o Paulo \u2013 SP \u2013 Administra\u00e7\u00e3o Geral;<\/li>\n<li>Gerente de Projetos \u2013 S\u00e3o Paulo \u2013 SP \u2013 Projetista;<\/li>\n<li>Gerente de Loja \u2013 Passos \u2013 MG \u2013 Lojas \/ Shopping;<\/li>\n<li>Representante de Vendas \u2013 Exclusiva Para PCD \u2013 Guaratinguet\u00e1 \u2013 SP \u2013 Atendimento;<\/li>\n<li>Assistente de Recursos Humanos \u2013 Admiss\u00e3o \u2013 S\u00e3o Paulo \u2013 SP \u2013 Departamento Pessoal;<\/li>\n<li>Analista Supply Chain JR \u2013 Paul\u00ednia \u2013 SP \u2013 Rotas;<\/li>\n<li>Analista de RH \u2013 Ponto Eletr\u00f4nico \u2013 S\u00e3o Paulo \u2013 SP \u2013 Recursos Humanos (Generalista);<\/li>\n<li>Supervisor (a) Comercial \u2013 Ita\u00fana \u2013 MG \u2013 Atendimento;<\/li>\n<li>Supervisor (a) Comercial \u2013 Maca\u00e9 \u2013 RJ \u2013 Atendimento;<\/li>\n<li>Supervisor (a) Comercial \u2013 Colombo \u2013 PR \u2013 Atendimento;<\/li>\n<li>Gerente de Loja \u2013 Maca\u00e9 \u2013 RJ \u2013 Lojas \/ Shopping;<\/li>\n<li>Especialista de Pe\u00e7as SR \u2013 Colombo \u2013 PR \u2013 Atendimento.<\/li>\n<\/ul>\n<figure id=\"attachment_561614\" aria-describedby=\"caption-attachment-561614\" style=\"width: 1168px\" class=\"wp-caption alignnone\"><img data-recalc-dims=\"1\" fetchpriority=\"high\" decoding=\"async\" class=\"size-full wp-image-561614\" alt=\"EMPREGOS: AutoZone abre vagas no Sudeste do pa\u00eds \" width=\"1168\" height=\"623\" srcset=\"https:\/\/noticiasconcursos.com.br\/wp-content\/uploads\/2023\/02\/noticiasconcursos.com.br-multinacional-autozone-oferece-empregos-veja-39937525-972774702905828-1055804000462438400-n-e1675257265346.jpg 1168w, https:\/\/noticiasconcursos.com.br\/wp-content\/uploads\/2023\/02\/noticiasconcursos.com.br-multinacional-autozone-oferece-empregos-veja-39937525-972774702905828-1055804000462438400-n-e1675257265346-300x160.jpg 300w, https:\/\/noticiasconcursos.com.br\/wp-content\/uploads\/2023\/02\/noticiasconcursos.com.br-multinacional-autozone-oferece-empregos-veja-39937525-972774702905828-1055804000462438400-n-e1675257265346-1024x546.jpg 1024w, https:\/\/noticiasconcursos.com.br\/wp-content\/uploads\/2023\/02\/noticiasconcursos.com.br-multinacional-autozone-oferece-empregos-veja-39937525-972774702905828-1055804000462438400-n-e1675257265346-768x410.jpg 768w, https:\/\/noticiasconcursos.com.br\/wp-content\/uploads\/2023\/02\/noticiasconcursos.com.br-multinacional-autozone-oferece-empregos-veja-39937525-972774702905828-1055804000462438400-n-e1675257265346-320x171.jpg 320w, https:\/\/noticiasconcursos.com.br\/wp-content\/uploads\/2023\/02\/noticiasconcursos.com.br-multinacional-autozone-oferece-empregos-veja-39937525-972774702905828-1055804000462438400-n-e1675257265346-640x341.jpg 640w, https:\/\/noticiasconcursos.com.br\/wp-content\/uploads\/2023\/02\/noticiasconcursos.com.br-multinacional-autozone-oferece-empregos-veja-39937525-972774702905828-1055804000462438400-n-e1675257265346-360x192.jpg 360w, https:\/\/noticiasconcursos.com.br\/wp-content\/uploads\/2023\/02\/noticiasconcursos.com.br-multinacional-autozone-oferece-empregos-veja-39937525-972774702905828-1055804000462438400-n-e1675257265346-720x384.jpg 720w, https:\/\/noticiasconcursos.com.br\/wp-content\/uploads\/2023\/02\/noticiasconcursos.com.br-multinacional-autozone-oferece-empregos-veja-39937525-972774702905828-1055804000462438400-n-e1675257265346-1080x576.jpg 1080w, https:\/\/noticiasconcursos.com.br\/wp-content\/uploads\/2023\/02\/noticiasconcursos.com.br-multinacional-autozone-oferece-empregos-veja-39937525-972774702905828-1055804000462438400-n-e1675257265346-800x427.jpg 800w\" data-lazy-sizes=\"(max-width: 1168px) 100vw, 1168px\" src=\"https:\/\/i0.wp.com\/noticiasconcursos.com.br\/wp-content\/uploads\/2023\/02\/noticiasconcursos.com.br-multinacional-autozone-oferece-empregos-veja-39937525-972774702905828-1055804000462438400-n-e1675257265346.jpg?resize=1168%2C623&#038;ssl=1\"\/><noscript><img data-recalc-dims=\"1\" fetchpriority=\"high\" decoding=\"async\" class=\"size-full wp-image-561614\" src=\"https:\/\/i0.wp.com\/noticiasconcursos.com.br\/wp-content\/uploads\/2023\/02\/noticiasconcursos.com.br-multinacional-autozone-oferece-empregos-veja-39937525-972774702905828-1055804000462438400-n-e1675257265346.jpg?resize=1168%2C623&#038;ssl=1\" alt=\"EMPREGOS: AutoZone abre vagas no Sudeste do pa\u00eds \" width=\"1168\" height=\"623\" srcset=\"https:\/\/noticiasconcursos.com.br\/wp-content\/uploads\/2023\/02\/noticiasconcursos.com.br-multinacional-autozone-oferece-empregos-veja-39937525-972774702905828-1055804000462438400-n-e1675257265346.jpg 1168w, https:\/\/noticiasconcursos.com.br\/wp-content\/uploads\/2023\/02\/noticiasconcursos.com.br-multinacional-autozone-oferece-empregos-veja-39937525-972774702905828-1055804000462438400-n-e1675257265346-300x160.jpg 300w, https:\/\/noticiasconcursos.com.br\/wp-content\/uploads\/2023\/02\/noticiasconcursos.com.br-multinacional-autozone-oferece-empregos-veja-39937525-972774702905828-1055804000462438400-n-e1675257265346-1024x546.jpg 1024w, https:\/\/noticiasconcursos.com.br\/wp-content\/uploads\/2023\/02\/noticiasconcursos.com.br-multinacional-autozone-oferece-empregos-veja-39937525-972774702905828-1055804000462438400-n-e1675257265346-768x410.jpg 768w, https:\/\/noticiasconcursos.com.br\/wp-content\/uploads\/2023\/02\/noticiasconcursos.com.br-multinacional-autozone-oferece-empregos-veja-39937525-972774702905828-1055804000462438400-n-e1675257265346-320x171.jpg 320w, https:\/\/noticiasconcursos.com.br\/wp-content\/uploads\/2023\/02\/noticiasconcursos.com.br-multinacional-autozone-oferece-empregos-veja-39937525-972774702905828-1055804000462438400-n-e1675257265346-640x341.jpg 640w, https:\/\/noticiasconcursos.com.br\/wp-content\/uploads\/2023\/02\/noticiasconcursos.com.br-multinacional-autozone-oferece-empregos-veja-39937525-972774702905828-1055804000462438400-n-e1675257265346-360x192.jpg 360w, https:\/\/noticiasconcursos.com.br\/wp-content\/uploads\/2023\/02\/noticiasconcursos.com.br-multinacional-autozone-oferece-empregos-veja-39937525-972774702905828-1055804000462438400-n-e1675257265346-720x384.jpg 720w, https:\/\/noticiasconcursos.com.br\/wp-content\/uploads\/2023\/02\/noticiasconcursos.com.br-multinacional-autozone-oferece-empregos-veja-39937525-972774702905828-1055804000462438400-n-e1675257265346-1080x576.jpg 1080w, https:\/\/noticiasconcursos.com.br\/wp-content\/uploads\/2023\/02\/noticiasconcursos.com.br-multinacional-autozone-oferece-empregos-veja-39937525-972774702905828-1055804000462438400-n-e1675257265346-800x427.jpg 800w\" sizes=\"(max-width: 1168px) 100vw, 1168px\"\/><\/noscript><figcaption id=\"caption-attachment-561614\" class=\"wp-caption-text\">AutoZone \u00e9 refer\u00eancia no Brasil e em outros pa\u00edses do continente americano. Foto: Divulga\u00e7\u00e3o.<\/figcaption><\/figure>\n<h3><strong>Mais sobre a AutoZone<\/strong><\/h3>\n<p>Sobre a AutoZone, \u00e9 importante frisar que a marca \u00e9 considerada l\u00edder em <a href=\"https:\/\/noticiasconcursos.com.br\/vendas-fracas-derrubam-confianca-do-comercio-em-novembro\/\">vendas<\/a> no seu setor no mercado, com mais de 6.000 lojas no Brasil, M\u00e9xico e EUA. No nosso pa\u00eds, inaugurou sua primeira loja em Sorocaba, no ano de 2012.<\/p>\n<p>De l\u00e1 para c\u00e1, a AutoZone construiu um s\u00f3lido prest\u00edgio e forte presen\u00e7a em territ\u00f3rio nacional, contando com mais de 45 lojas, um grande Centro de Distribui\u00e7\u00e3o em Paul\u00ednia, uma rede de log\u00edstica e um Centro de Suporte \u00e0s lojas no estado de S\u00e3o Paulo que presta <a href=\"https:\/\/noticiasconcursos.com.br\/inss-anuncia-reducao-no-numero-de-beneficiarios-assistenciais-em-novembro\/\">assist\u00eancia<\/a> especializada para toda a cadeia.<\/p>\n<p>Presente em v\u00e1rias cidades brasileiras, atende com cuidado especial mais de 550 mil clientes em media, por semana, Tem a habilidade de replica o modelo de servi\u00e7o a um mercado constitu\u00eddo por donos de ve\u00edculos e oficinas automotivas, especialistas e clientes exigentes.<\/p>\n<h3><strong>Confira alguns benef\u00edcios<\/strong><\/h3>\n<ul>\n<li>PROGRAMA DE SA\u00daDE E BEM ESTAR;<\/li>\n<li>HOR\u00c1RIO FLEX\u00cdVEL;<\/li>\n<li>SEGURO DE VIDA;<\/li>\n<li>ASSIST\u00caNCIA ODONTOL\u00d3GICA;<\/li>\n<li>VALE TRANSPORTE;<\/li>\n<li>DESCONTO EM PRODUTOS;<\/li>\n<li>ASSIST\u00caNCIA M\u00c9DICA;<\/li>\n<li>TOTALPASS;<\/li>\n<li>VALE REFEI\u00c7\u00c3O FLEX\u00cdVEL.<\/li>\n<\/ul>\n<div class=\"bs-irp left bs-irp-thumbnail-1\">\n<p>&#13;<br \/><span class=\"h-text heading-typo\">Voc\u00ea tamb\u00e9m pode gostar:<\/span>&#13; <\/p>\n<\/p><\/div>\n<h3><strong>Como enviar o seu curr\u00edculo?<\/strong><\/h3>\n<p>Como voc\u00ea j\u00e1 p\u00f4de verificar a lista de cargos da <strong>AutoZone<\/strong>, a inscri\u00e7\u00e3o acontece de forma bastante intuitiva e r\u00e1pida. Voc\u00ea s\u00f3 precisa <strong><em><a href=\"https:\/\/www.infojobs.com.br\/emprego-autozone-pecas-acessorios-automotivos__-212370.aspx\" target=\"_blank\" rel=\"noopener\">CLICAR NESTE LINK<\/a><\/em><\/strong> para ir automaticamente \u00e0 p\u00e1gina da <strong>InfoJobs<\/strong>.<\/p>\n<p>Por l\u00e1, \u00e9 s\u00f3 conferir todos os detalhes referentes \u00e0 vaga (requisitos, fun\u00e7\u00f5es, benef\u00edcios, hor\u00e1rio de trabalho, etc..) com aten\u00e7\u00e3o e se candidatar.<\/p>\n<p>Acesse agora mesmo o <strong>Not\u00edcias Concursos<\/strong> para se manter inteirado(a) em todas as principais <a href=\"https:\/\/noticiasconcursos.com.br\/otima-noticia-maes-solteiras-do-bolsa-familia-receberao-adicional\/\">not\u00edcias<\/a> do pa\u00eds e ainda ficar ligado(a) nas diversas vagas de empregos espalhadas pelo Brasil!<\/p>\n<\/p><\/div>\n<p><br \/>\n<br \/><a href=\"https:\/\/ismaelcolosi.com.br\/empregos-autozone-abre-vagas-no-sudeste-do-pais\/\">Source link <\/a><\/p>\n<!-- CONTENT END 1 -->\n","protected":false},"excerpt":{"rendered":"<p>A AutoZone, empresa multinacional que atua no mercado de pe\u00e7as e acess\u00f3rios automotivos, est\u00e1 na procura por profissionais em tr\u00eas diferentes estados brasileiros. Isto \u00e9,&#8230;<\/p>\n","protected":false},"author":1,"featured_media":18272,"comment_status":"open","ping_status":"open","sticky":false,"template":"","format":"standard","meta":{"advanced_seo_description":"","jetpack_seo_html_title":"","jetpack_seo_noindex":false,"jetpack_post_was_ever_published":false,"_jetpack_newsletter_access":"","_jetpack_dont_email_post_to_subs":false,"_jetpack_newsletter_tier_id":0,"_jetpack_memberships_contains_paywalled_content":false,"_jetpack_memberships_contains_paid_content":false,"footnotes":"","jetpack_publicize_message":"","jetpack_publicize_feature_enabled":true,"jetpack_social_post_already_shared":true,"jetpack_social_options":{"image_generator_settings":{"template":"highway","default_image_id":0,"font":"","enabled":false},"version":2}},"categories":[7],"tags":[],"class_list":["post-18271","post","type-post","status-publish","format-standard","has-post-thumbnail","hentry","category-vagas-de-empregos-em-ribeirao-preto-regiao-brasil"],"jetpack_publicize_connections":[],"jetpack_featured_media_url":"https:\/\/i0.wp.com\/noticiasribeiraopreto.com.br\/wp-content\/uploads\/2023\/12\/noticiasconcursos.com_.br-multinacional-autozone-oferece-empregos-veja-39937525-972774702905828-1055804000462438400-n-e1675257265346.jpg?fit=1168%2C623&ssl=1","jetpack-related-posts":[{"id":41471,"url":"https:\/\/noticiasribeiraopreto.com.br\/index.php\/2024\/03\/08\/30-novas-vagas-de-emprego-em-ribeirao-preto-sp-95\/","url_meta":{"origin":18271,"position":0},"title":"30 novas vagas de emprego em Ribeir\u00e3o Preto-SP","author":"noticiasribeiraopreto.com.br","date":"8 de March de 2024","format":false,"excerpt":"Gerente Geral de Fazenda (Foco em alimenta\u00e7\u00e3o de gado leiteiro e de corte) Goi\u00e2nia\/Goi\u00e1sView JobGerente de Qualidade Agr\u00edcolaRegi\u00e3o de Barretos\/SPView JobGerente de Marcas - \u00c1rea de Marketing S\u00e3o Paulo\/SPView JobGerente de Controladoria Campinas e Regi\u00e3o Metropolitana\/SPView JobGerente de Contabilidade (Nacional e Internacional)Ribeir\u00e3o Preto\/SPView JobGerente S\u00eanior de ComprasInterior do Estado de\u2026","rel":"","context":"In &quot;Vagas de Emprego em Ribeir\u00e3o Preto-SP&quot;","block_context":{"text":"Vagas de Emprego em Ribeir\u00e3o Preto-SP","link":"https:\/\/noticiasribeiraopreto.com.br\/index.php\/category\/empregos-classificados-vagas-trabalho\/vagas-de-empregos-em-ribeirao-preto-regiao-brasil\/"},"img":{"alt_text":"","src":"","width":0,"height":0},"classes":[]},{"id":44548,"url":"https:\/\/noticiasribeiraopreto.com.br\/index.php\/2024\/03\/28\/30-novas-vagas-de-emprego-em-ribeirao-preto-sp-96\/","url_meta":{"origin":18271,"position":1},"title":"30 novas vagas de emprego em Ribeir\u00e3o Preto-SP","author":"noticiasribeiraopreto.com.br","date":"28 de March de 2024","format":false,"excerpt":"Consultor de Vendas Pleno Ribeir\u00e3o PretoView JobProdutor audiovisualRibeir\u00e3o Preto View JobAssistente de projetosRibeir\u00e3o Preto - SP View JobGerente de projetos Ribeir\u00e3o PretoView JobVendedor PlenoRibeir\u00e3o Preto - S\u00e3o PauloView JobDirector of Procurement\/ Chief Procurement Officer (CPO)Inland S\u00e3o PauloView JobAnalista de Departamento Pessoal PlenoSert\u00e3ozinho SPView JobT\u00e9cnico Eletr\u00f4nico BancadaRibeir\u00e3o Preto SPView JobAnalista FinanceiroRibeir\u00e3o\u2026","rel":"","context":"In &quot;Vagas de Emprego em Ribeir\u00e3o Preto-SP&quot;","block_context":{"text":"Vagas de Emprego em Ribeir\u00e3o Preto-SP","link":"https:\/\/noticiasribeiraopreto.com.br\/index.php\/category\/empregos-classificados-vagas-trabalho\/vagas-de-empregos-em-ribeirao-preto-regiao-brasil\/"},"img":{"alt_text":"","src":"","width":0,"height":0},"classes":[]},{"id":29786,"url":"https:\/\/noticiasribeiraopreto.com.br\/index.php\/2024\/01\/19\/30-novas-vagas-de-emprego-em-ribeirao-preto-sp-90\/","url_meta":{"origin":18271,"position":2},"title":"30 novas vagas de emprego em Ribeir\u00e3o Preto-SP","author":"noticiasribeiraopreto.com.br","date":"19 de January de 2024","format":false,"excerpt":"Atendente e SAC Ribeir\u00e3o Preto (SP)View JobGerente de Marketing e Relacionamento Ribeir\u00e3o Preto e Regi\u00e3o View JobGerente Industrial \/ Produ\u00e7\u00e3o Regi\u00e3o do ABC \u2013 S\u00e3o Paulo View JobGerente de Vendas Externo S\u00e3o Paulo Capital e Grande S\u00e3o PauloView JobDIRETOR(A) DE SUSTENBALIDADE Ribeir\u00e3o Preto (SP)View JobCONTROLLER \u2013 INGL\u00caS FLUENTERibeir\u00e3o Preto (SP)View\u2026","rel":"","context":"In &quot;Vagas de Emprego em Ribeir\u00e3o Preto-SP&quot;","block_context":{"text":"Vagas de Emprego em Ribeir\u00e3o Preto-SP","link":"https:\/\/noticiasribeiraopreto.com.br\/index.php\/category\/empregos-classificados-vagas-trabalho\/vagas-de-empregos-em-ribeirao-preto-regiao-brasil\/"},"img":{"alt_text":"","src":"","width":0,"height":0},"classes":[]},{"id":31458,"url":"https:\/\/noticiasribeiraopreto.com.br\/index.php\/2024\/01\/22\/30-novas-vagas-de-emprego-em-ribeirao-preto-sp-91\/","url_meta":{"origin":18271,"position":3},"title":"30 novas vagas de emprego em Ribeir\u00e3o Preto-SP","author":"noticiasribeiraopreto.com.br","date":"22 de January de 2024","format":false,"excerpt":"Atendente e SAC Ribeir\u00e3o Preto (SP)View JobGerente de Marketing e Relacionamento Ribeir\u00e3o Preto e Regi\u00e3o View JobGerente Industrial \/ Produ\u00e7\u00e3o Regi\u00e3o do ABC \u2013 S\u00e3o Paulo View JobGerente de Vendas Externo S\u00e3o Paulo Capital e Grande S\u00e3o PauloView JobDIRETOR(A) DE SUSTENBALIDADE Ribeir\u00e3o Preto (SP)View JobCONTROLLER \u2013 INGL\u00caS FLUENTERibeir\u00e3o Preto (SP)View\u2026","rel":"","context":"In &quot;Vagas de Emprego em Ribeir\u00e3o Preto-SP&quot;","block_context":{"text":"Vagas de Emprego em Ribeir\u00e3o Preto-SP","link":"https:\/\/noticiasribeiraopreto.com.br\/index.php\/category\/empregos-classificados-vagas-trabalho\/vagas-de-empregos-em-ribeirao-preto-regiao-brasil\/"},"img":{"alt_text":"","src":"","width":0,"height":0},"classes":[]},{"id":28648,"url":"https:\/\/noticiasribeiraopreto.com.br\/index.php\/2024\/01\/16\/30-novas-vagas-de-emprego-em-ribeirao-preto-sp-89\/","url_meta":{"origin":18271,"position":4},"title":"30 novas vagas de emprego em Ribeir\u00e3o Preto-SP","author":"noticiasribeiraopreto.com.br","date":"16 de January de 2024","format":false,"excerpt":"Atendente e SAC Ribeir\u00e3o Preto (SP)View JobGerente de Marketing e Relacionamento Ribeir\u00e3o Preto e Regi\u00e3o View JobGerente Industrial \/ Produ\u00e7\u00e3o Regi\u00e3o do ABC \u2013 S\u00e3o Paulo View JobGerente de Vendas Externo S\u00e3o Paulo Capital e Grande S\u00e3o PauloView JobDIRETOR(A) DE SUSTENBALIDADE Ribeir\u00e3o Preto (SP)View JobCONTROLLER \u2013 INGL\u00caS FLUENTERibeir\u00e3o Preto (SP)View\u2026","rel":"","context":"In &quot;Vagas de Emprego em Ribeir\u00e3o Preto-SP&quot;","block_context":{"text":"Vagas de Emprego em Ribeir\u00e3o Preto-SP","link":"https:\/\/noticiasribeiraopreto.com.br\/index.php\/category\/empregos-classificados-vagas-trabalho\/vagas-de-empregos-em-ribeirao-preto-regiao-brasil\/"},"img":{"alt_text":"","src":"","width":0,"height":0},"classes":[]},{"id":23099,"url":"https:\/\/noticiasribeiraopreto.com.br\/index.php\/2024\/01\/01\/30-novas-vagas-de-emprego-em-ribeirao-preto-sp-84\/","url_meta":{"origin":18271,"position":5},"title":"30 novas vagas de emprego em Ribeir\u00e3o Preto-SP","author":"noticiasribeiraopreto.com.br","date":"1 de January de 2024","format":false,"excerpt":"Atendente e SAC Ribeir\u00e3o Preto (SP)View JobGerente de Marketing e Relacionamento Ribeir\u00e3o Preto e Regi\u00e3o View JobGerente Industrial \/ Produ\u00e7\u00e3o Regi\u00e3o do ABC \u2013 S\u00e3o Paulo View JobGerente de Vendas Externo S\u00e3o Paulo Capital e Grande S\u00e3o PauloView JobDIRETOR(A) DE SUSTENBALIDADE Ribeir\u00e3o Preto (SP)View JobCONTROLLER \u2013 INGL\u00caS FLUENTERibeir\u00e3o Preto (SP)View\u2026","rel":"","context":"In &quot;Vagas de Emprego em Ribeir\u00e3o Preto-SP&quot;","block_context":{"text":"Vagas de Emprego em Ribeir\u00e3o Preto-SP","link":"https:\/\/noticiasribeiraopreto.com.br\/index.php\/category\/empregos-classificados-vagas-trabalho\/vagas-de-empregos-em-ribeirao-preto-regiao-brasil\/"},"img":{"alt_text":"","src":"","width":0,"height":0},"classes":[]}],"jetpack_sharing_enabled":true,"jetpack_shortlink":"https:\/\/wp.me\/peQAOb-4KH","_links":{"self":[{"href":"https:\/\/noticiasribeiraopreto.com.br\/index.php\/wp-json\/wp\/v2\/posts\/18271","targetHints":{"allow":["GET"]}}],"collection":[{"href":"https:\/\/noticiasribeiraopreto.com.br\/index.php\/wp-json\/wp\/v2\/posts"}],"about":[{"href":"https:\/\/noticiasribeiraopreto.com.br\/index.php\/wp-json\/wp\/v2\/types\/post"}],"author":[{"embeddable":true,"href":"https:\/\/noticiasribeiraopreto.com.br\/index.php\/wp-json\/wp\/v2\/users\/1"}],"replies":[{"embeddable":true,"href":"https:\/\/noticiasribeiraopreto.com.br\/index.php\/wp-json\/wp\/v2\/comments?post=18271"}],"version-history":[{"count":0,"href":"https:\/\/noticiasribeiraopreto.com.br\/index.php\/wp-json\/wp\/v2\/posts\/18271\/revisions"}],"wp:featuredmedia":[{"embeddable":true,"href":"https:\/\/noticiasribeiraopreto.com.br\/index.php\/wp-json\/wp\/v2\/media\/18272"}],"wp:attachment":[{"href":"https:\/\/noticiasribeiraopreto.com.br\/index.php\/wp-json\/wp\/v2\/media?parent=18271"}],"wp:term":[{"taxonomy":"category","embeddable":true,"href":"https:\/\/noticiasribeiraopreto.com.br\/index.php\/wp-json\/wp\/v2\/categories?post=18271"},{"taxonomy":"post_tag","embeddable":true,"href":"https:\/\/noticiasribeiraopreto.com.br\/index.php\/wp-json\/wp\/v2\/tags?post=18271"}],"curies":[{"name":"wp","href":"https:\/\/api.w.org\/{rel}","templated":true}]}}