{"id":18275,"date":"2023-12-20T05:08:33","date_gmt":"2023-12-20T08:08:33","guid":{"rendered":"https:\/\/noticiasribeiraopreto.com.br\/index.php\/2023\/12\/20\/prefeitura-na-bahia-libera-edital-com-quase-1-700-vagas-para-varios-niveis-de-escolaridade\/"},"modified":"2023-12-20T05:08:33","modified_gmt":"2023-12-20T08:08:33","slug":"prefeitura-na-bahia-libera-edital-com-quase-1-700-vagas-para-varios-niveis-de-escolaridade","status":"publish","type":"post","link":"https:\/\/noticiasribeiraopreto.com.br\/index.php\/2023\/12\/20\/prefeitura-na-bahia-libera-edital-com-quase-1-700-vagas-para-varios-niveis-de-escolaridade\/","title":{"rendered":"Prefeitura na Bahia libera edital com quase 1.700 vagas para v\u00e1rios n\u00edveis de escolaridade"},"content":{"rendered":"<div class='code-block code-block-1' style='margin: 8px 0 8px auto; text-align: right; display: block; clear: both;'>\n<p><a href=\"https:\/\/wa.link\/vpicfd\"><img data-recalc-dims=\"1\" class=\"wp-image-4922\" style=\"aspect-ratio: 2.0253164556962027; width: 561px; height: auto;\" src=\"https:\/\/i0.wp.com\/ismaelcolosi.com.br\/wp-content\/uploads\/2023\/11\/grupo-de-empregos-whatsapp-e-facebook-ismael-colosi-vagas.jpg?ssl=1\" alt=\"\" \/><\/a><\/p>\n<!-- \/wp:image -->\n<\/div>\n<p> <br \/>\n<\/p>\n<div>\n<h2><strong>Sal\u00e1rios do edital s\u00e3o atraentes<\/strong><\/h2>\n<p>Se voc\u00ea busca melhorar de vida por meio de concursos, saiba que um edital na Bahia foi liberado como uma grande oportunidade.<\/p>\n<p>S\u00e3o quase 1.700 vagas para v\u00e1rios cargos. Confira.<\/p>\n<h2><strong>Detalhes do edital<\/strong><\/h2>\n<p>O recente processo seletivo do munic\u00edpio de Lu\u00eds Eduardo Magalh\u00e3es, situado no estado da Bahia, tem como objetivo o preenchimento de um total de 1.669 vagas para contrata\u00e7\u00e3o imediata, al\u00e9m da forma\u00e7\u00e3o de cadastro reserva (CR) para futuras oportunidades.<\/p>\n<p>As oportunidades abrangem uma diversidade de<a href=\"https:\/\/noticiasconcursos.com.br\/concursos-publicos\/concursos-abertos\/\"> cargos<\/a>, contemplando todos os n\u00edveis de escolaridade, com sal\u00e1rios iniciais variando entre R$ 1.320 e R$ 7.637,95. Abaixo, apresentamos a distribui\u00e7\u00e3o de vagas por cargos:<\/p>\n<p><strong>I. Secretaria de Educa\u00e7\u00e3o \u2013 Zona Urbana:<\/strong><\/p>\n<ul>\n<li>Monitor Educacional (206 + CR)<\/li>\n<li>Monitor Educacional \u2013 Acompanhante (308 + CR)<\/li>\n<li>Professor de Ingl\u00eas (20 + CR)<\/li>\n<li>Professor de Educa\u00e7\u00e3o F\u00edsica (80 + CR)<\/li>\n<li>Professor de Arte (6 + CR)<\/li>\n<li>Professor de Ensino Religioso (6 + CR)<\/li>\n<li>Professor da Educa\u00e7\u00e3o Infantil (125 + CR)<\/li>\n<li>Professor dos Anos Iniciais do Ensino Fundamental (60 + CR)<\/li>\n<li>Professor de L\u00edngua Portuguesa (20 + CR)<\/li>\n<li>Professor de Matem\u00e1tica (25 + CR)<\/li>\n<li>Professor de Geografia (10 + CR)<\/li>\n<li>Professor de Hist\u00f3ria (15 + CR)<\/li>\n<li>Professor de Ci\u00eancias (15 + CR)<\/li>\n<\/ul>\n<p><strong>II. Secretaria de Educa\u00e7\u00e3o \u2013 Zona Rural:<\/strong><\/p>\n<div class=\"bs-irp left bs-irp-thumbnail-1\">\n<p>&#13;<br \/><span class=\"h-text heading-typo\">Voc\u00ea tamb\u00e9m pode gostar:<\/span>&#13; <\/p>\n<\/p><\/div>\n<ul>\n<li>Monitor Educacional (3 + CR)<\/li>\n<li>Monitor Educacional \u2013 Acompanhante (4 + CR)<\/li>\n<li>Professor da Educa\u00e7\u00e3o Infantil (6 + CR)<\/li>\n<li>Professor dos Anos Iniciais do Ensino Fundamental (12 + CR)<\/li>\n<li>Professor de L\u00edngua Portuguesa (3 + CR)<\/li>\n<li>Professor de Matem\u00e1tica (3 + CR)<\/li>\n<li>Professor de Ci\u00eancias (3 + CR)<\/li>\n<li>Professor de Educa\u00e7\u00e3o F\u00edsica (4 + CR)<\/li>\n<\/ul>\n<p><strong>III. Prefeitura Municipal \u2013 Geral:<\/strong><\/p>\n<ul>\n<li>Auxiliar de Servi\u00e7os Gerais (300 + CR)<\/li>\n<li>T\u00e9cnico em Imobiliza\u00e7\u00e3o Ortop\u00e9dica (7 + CR)<\/li>\n<li>T\u00e9cnico em Enfermagem Geral (51 + CR)<\/li>\n<li>T\u00e9cnico em Enfermagem\/Hor\u00e1rio Comercial (53 + CR)<\/li>\n<li>T\u00e9cnico em Enfermagem Vacinador (20 + CR)<\/li>\n<li>T\u00e9cnico em Enfermagem Instrumentador Cir\u00fargico (2 + CR)<\/li>\n<li>T\u00e9cnico de Farm\u00e1cia (19 + CR)<\/li>\n<li>Agente Financeiro (4 + CR)<\/li>\n<li>Arquiteto (1 + CR)<\/li>\n<li>Assistente Social (21 + CR)<\/li>\n<li>Bi\u00f3logo (2 + CR)<\/li>\n<li>Agente Administrativo (70 + CR)<\/li>\n<li>Biom\u00e9dico (6 + CR)<\/li>\n<li>Educador F\u00edsico \u2013 Voleibol (1 + CR)<\/li>\n<li>Educador F\u00edsico \u2013 Futsal e Futebol (1 + CR)<\/li>\n<li>Educador F\u00edsico \u2013 Handebol (1 + CR)<\/li>\n<li>Educador F\u00edsico \u2013 Basquetebol (1 + CR)<\/li>\n<li>Educador F\u00edsico \u2013 Treinamento Funcional (2 + CR)<\/li>\n<li>Educador F\u00edsico \u2013 Nata\u00e7\u00e3o e Hidrogin\u00e1stica (1 + CR)<\/li>\n<\/ul>\n<figure id=\"attachment_780985\" aria-describedby=\"caption-attachment-780985\" style=\"width: 1200px\" class=\"wp-caption aligncenter\"><img data-recalc-dims=\"1\" fetchpriority=\"high\" decoding=\"async\" class=\"wp-image-780985 size-full\" http=\"\" alt=\"Prefeitura na Bahia libera edital com quase 1.700 vagas para v\u00e1rios n\u00edveis de escolaridade\" width=\"1200\" height=\"800\" srcset=\"https:\/\/noticiasconcursos.com.br\/wp-content\/uploads\/2023\/12\/noticiasconcursos.com.br-prefeitura-na-bahia-libera-edital-com-quase-1-700-vagas-para-varios-niveis-de-escolaridade-pexels-dids-1367233.jpg 1200w, https:\/\/noticiasconcursos.com.br\/wp-content\/uploads\/2023\/12\/noticiasconcursos.com.br-prefeitura-na-bahia-libera-edital-com-quase-1-700-vagas-para-varios-niveis-de-escolaridade-pexels-dids-1367233-300x200.jpg 300w, https:\/\/noticiasconcursos.com.br\/wp-content\/uploads\/2023\/12\/noticiasconcursos.com.br-prefeitura-na-bahia-libera-edital-com-quase-1-700-vagas-para-varios-niveis-de-escolaridade-pexels-dids-1367233-768x512.jpg 768w\" data-lazy-sizes=\"(max-width: 1200px) 100vw, 1200px\" src=\"https:\/\/i0.wp.com\/noticiasconcursos.com.br\/wp-content\/uploads\/2023\/12\/noticiasconcursos.com.br-prefeitura-na-bahia-libera-edital-com-quase-1-700-vagas-para-varios-niveis-de-escolaridade-pexels-dids-1367233.jpg?resize=1200%2C800&#038;ssl=1\"\/><noscript><img data-recalc-dims=\"1\" fetchpriority=\"high\" decoding=\"async\" class=\"wp-image-780985 size-full\" src=\"https:\/\/i0.wp.com\/noticiasconcursos.com.br\/wp-content\/uploads\/2023\/12\/noticiasconcursos.com.br-prefeitura-na-bahia-libera-edital-com-quase-1-700-vagas-para-varios-niveis-de-escolaridade-pexels-dids-1367233.jpg?resize=1200%2C800&#038;ssl=1\" alt=\"Prefeitura na Bahia libera edital com quase 1.700 vagas para v\u00e1rios n\u00edveis de escolaridade\" width=\"1200\" height=\"800\" srcset=\"https:\/\/noticiasconcursos.com.br\/wp-content\/uploads\/2023\/12\/noticiasconcursos.com.br-prefeitura-na-bahia-libera-edital-com-quase-1-700-vagas-para-varios-niveis-de-escolaridade-pexels-dids-1367233.jpg 1200w, https:\/\/noticiasconcursos.com.br\/wp-content\/uploads\/2023\/12\/noticiasconcursos.com.br-prefeitura-na-bahia-libera-edital-com-quase-1-700-vagas-para-varios-niveis-de-escolaridade-pexels-dids-1367233-300x200.jpg 300w, https:\/\/noticiasconcursos.com.br\/wp-content\/uploads\/2023\/12\/noticiasconcursos.com.br-prefeitura-na-bahia-libera-edital-com-quase-1-700-vagas-para-varios-niveis-de-escolaridade-pexels-dids-1367233-768x512.jpg 768w\" sizes=\"(max-width: 1200px) 100vw, 1200px\"\/><\/noscript><figcaption id=\"caption-attachment-780985\" class=\"wp-caption-text\">Prefeitura na Bahia libera edital com quase 1.700 vagas para v\u00e1rios n\u00edveis de escolaridade. Imagem: Reprodu\u00e7\u00e3o<\/figcaption><\/figure>\n<p>\u00a0<\/p>\n<ul>\n<li>Enfermeiro Geral (28 + CR)<\/li>\n<li>Enfermeiro Obstetra (12 + CR)<\/li>\n<li>Enfermeiro\/Hor\u00e1rio Comercial (17 + CR)<\/li>\n<li>Maqueiro (2 + CR)<\/li>\n<li>Engenheiro Civil (1 + CR)<\/li>\n<li>Farmac\u00eautico (5 + CR)<\/li>\n<li>Fisioterapeuta (13 + CR)<\/li>\n<li>Fonoaudi\u00f3logo (CR)<\/li>\n<li>M\u00e9dico Veterin\u00e1rio (CR)<\/li>\n<li>Nutricionista (3 + CR)<\/li>\n<li>Psic\u00f3logo (16 + CR)<\/li>\n<li>Terapeuta Ocupacional (CR)<\/li>\n<li>Motorista Carro Leve (17 + CR)<\/li>\n<li>Motorista Carro Pesado (17 + CR)<\/li>\n<li>Auxiliar de Sa\u00fade Bucal (26 + CR)<\/li>\n<li>Auxiliar Veterin\u00e1rio (1 + CR)<\/li>\n<li>T\u00e9cnico em Radiologia (8 + CR)<\/li>\n<li>T\u00e9cnico em Laborat\u00f3rio (6 + CR)<\/li>\n<\/ul>\n<h2><strong> \u00danica Etapa de Avalia\u00e7\u00e3o<\/strong><\/h2>\n<p>O edital processo seletivo de Lu\u00eds Eduardo Magalh\u00e3es adotar\u00e1 uma abordagem unificada para avalia\u00e7\u00e3o de todos os inscritos.<\/p>\n<p>A \u00fanica etapa consistir\u00e1 na realiza\u00e7\u00e3o de uma prova objetiva, que possui car\u00e1ter eliminat\u00f3rio e classificat\u00f3rio.<\/p>\n<h2><strong>Composi\u00e7\u00e3o da Prova e edital<\/strong><\/h2>\n<p>A prova objetiva ser\u00e1 composta por 50 quest\u00f5es de m\u00faltipla escolha para avaliar diversos aspectos do conhecimento dos candidatos. A divis\u00e3o das quest\u00f5es ser\u00e1 a seguinte:<\/p>\n<ul>\n<li>15 quest\u00f5es de L\u00edngua Portuguesa;<\/li>\n<li>10 quest\u00f5es de Matem\u00e1tica;<\/li>\n<li>5 quest\u00f5es de Conhecimentos Gerais;<\/li>\n<li>5 quest\u00f5es de Conhecimentos de Inform\u00e1tica;<\/li>\n<li>15 quest\u00f5es de Conhecimentos Espec\u00edficos.<\/li>\n<\/ul>\n<h2><strong>Data e Detalhes da Aplica\u00e7\u00e3o<\/strong><\/h2>\n<p>O exame est\u00e1 programado para ocorrer em 21 de janeiro de 2024. Locais e hor\u00e1rios espec\u00edficos para a realiza\u00e7\u00e3o da prova ser\u00e3o comunicados aos candidatos por meio do <a href=\"https:\/\/noticiasconcursos.com.br\/concursos-publicos\/concursos-previstos\/\">edital<\/a> de convoca\u00e7\u00e3o.<\/p>\n<h2><strong>Prepara\u00e7\u00e3o para este edital<\/strong><\/h2>\n<p>Veja as dicas a seguir e se prepare:<\/p>\n<p><strong>Edital de Convoca\u00e7\u00e3o<\/strong><\/p>\n<p>O edital de convoca\u00e7\u00e3o, a ser publicado em momento oportuno, ser\u00e1 o documento oficial que fornecer\u00e1 informa\u00e7\u00f5es cruciais para os participantes. Este incluir\u00e1 detalhes sobre locais de prova, hor\u00e1rios de aplica\u00e7\u00e3o e demais orienta\u00e7\u00f5es necess\u00e1rias para o adequado comparecimento dos candidatos.<\/p>\n<p>Para iniciar a jornada de prepara\u00e7\u00e3o, \u00e9 essencial uma leitura minuciosa do <a href=\"https:\/\/noticiasconcursos.com.br\/concursos-publicos\/concurso-federal\/\">edital<\/a>. Nessa etapa, busca-se compreender as regras, o conte\u00fado program\u00e1tico e os crit\u00e9rios de avalia\u00e7\u00e3o que nortear\u00e3o os estudos.<\/p>\n<p><strong>Cronograma de Estudos<\/strong><\/p>\n<p>A elabora\u00e7\u00e3o de um cronograma \u00e9 passo crucial. Distribuir equitativamente o tempo entre as disciplinas da prova permite uma prepara\u00e7\u00e3o abrangente. Aqui, a palavra-chave \u00e9 organiza\u00e7\u00e3o.<\/p>\n<p><strong>Escolha do Material Did\u00e1tico<\/strong><\/p>\n<p>A sele\u00e7\u00e3o de materiais atualizados e confi\u00e1veis \u00e9 ponto-chave. Livros, apostilas e recursos online de institui\u00e7\u00f5es renomadas s\u00e3o aliados indispens\u00e1veis. A an\u00e1lise de provas anteriores tamb\u00e9m se destaca nessa etapa.<\/p>\n<p><strong>Foco nas Disciplinas Espec\u00edficas<\/strong><\/p>\n<p>O destaque nas disciplinas espec\u00edficas relacionadas ao cargo almejado \u00e9 um diferencial. Dedica\u00e7\u00e3o extra a esses conte\u00fados resulta em um desempenho mais s\u00f3lido nas quest\u00f5es de conhecimento espec\u00edfico.<\/p>\n<p><strong>Simula\u00e7\u00f5es de Provas<\/strong><\/p>\n<p>A pr\u00e1tica com simula\u00e7\u00f5es de provas, com a devida cronometragem, contribui para um treinamento eficaz. Essa pr\u00e1tica n\u00e3o apenas aprimora o conhecimento como tamb\u00e9m reduz o nervosismo durante o exame.<\/p>\n<p><strong>L\u00edngua Portuguesa e Matem\u00e1tica<\/strong><\/p>\n<p>Disciplinas comuns em processos seletivos, como L\u00edngua Portuguesa e Matem\u00e1tica, demandam aten\u00e7\u00e3o especial. O foco em gram\u00e1tica, interpreta\u00e7\u00e3o de texto e resolu\u00e7\u00e3o de problemas \u00e9 imperativo.<\/p>\n<p><strong>Atualiza\u00e7\u00e3o em Conhecimentos Gerais<\/strong><\/p>\n<p>Mantenha-se atualizado sobre acontecimentos recentes, temas de interesse geral, pol\u00edtica e economia. Essa vis\u00e3o ampliada \u00e9 essencial para as quest\u00f5es de Conhecimentos Gerais.<\/p>\n<p><strong>Aprimoramento em Inform\u00e1tica<\/strong><\/p>\n<p>Caso necess\u00e1rio, dedique tempo ao aprimoramento em inform\u00e1tica. Aborde conceitos b\u00e1sicos e pr\u00e1ticos que possam ser exigidos na prova, assegurando uma prepara\u00e7\u00e3o abrangente.<\/p>\n<p>\u00a0<\/p>\n<p> <noscript><iframe loading=\"lazy\" title=\"Conhe\u00e7a os principais requisitos para ingresso no servi\u00e7o p\u00fablico!\" width=\"500\" height=\"281\" src=\"https:\/\/www.youtube.com\/embed\/SkAYwHIBoVk?feature=oembed\" frameborder=\"0\" allow=\"accelerometer; autoplay; clipboard-write; encrypted-media; gyroscope; picture-in-picture; web-share\" referrerpolicy=\"strict-origin-when-cross-origin\" allowfullscreen><\/iframe><\/noscript> <\/p>\n<\/div>\n<p><br \/>\n<br \/><a href=\"https:\/\/ismaelcolosi.com.br\/prefeitura-na-bahia-libera-edital-com-quase-1-700-vagas-para-varios-niveis-de-escolaridade\/\">Source link <\/a><\/p>\n<!-- CONTENT END 1 -->\n","protected":false},"excerpt":{"rendered":"<p>Sal\u00e1rios do edital s\u00e3o atraentes Se voc\u00ea busca melhorar de vida por meio de concursos, saiba que um edital na Bahia foi liberado como uma&#8230;<\/p>\n","protected":false},"author":1,"featured_media":18276,"comment_status":"open","ping_status":"open","sticky":false,"template":"","format":"standard","meta":{"advanced_seo_description":"","jetpack_seo_html_title":"","jetpack_seo_noindex":false,"jetpack_post_was_ever_published":false,"_jetpack_newsletter_access":"","_jetpack_dont_email_post_to_subs":false,"_jetpack_newsletter_tier_id":0,"_jetpack_memberships_contains_paywalled_content":false,"_jetpack_memberships_contains_paid_content":false,"footnotes":"","jetpack_publicize_message":"","jetpack_publicize_feature_enabled":true,"jetpack_social_post_already_shared":true,"jetpack_social_options":{"image_generator_settings":{"template":"highway","default_image_id":0,"font":"","enabled":false},"version":2}},"categories":[7],"tags":[],"class_list":["post-18275","post","type-post","status-publish","format-standard","has-post-thumbnail","hentry","category-vagas-de-empregos-em-ribeirao-preto-regiao-brasil"],"jetpack_publicize_connections":[],"jetpack_featured_media_url":"https:\/\/i0.wp.com\/noticiasribeiraopreto.com.br\/wp-content\/uploads\/2023\/12\/noticiasconcursos.com_.br-prefeitura-na-bahia-libera-edital-com-quase-1-700-vagas-para-varios-niveis-de-escolaridade-pexels-dids-1367233.jpg?fit=1200%2C800&ssl=1","jetpack-related-posts":[{"id":17774,"url":"https:\/\/noticiasribeiraopreto.com.br\/index.php\/2023\/12\/19\/concurso-publico-abre-inscricoes-com-190-vagas-para-diversos-niveis-de-escolaridade\/","url_meta":{"origin":18275,"position":0},"title":"Concurso P\u00fablico abre inscri\u00e7\u00f5es com 190 vagas para diversos n\u00edveis de escolaridade","author":"noticiasribeiraopreto.com.br","date":"19 de December de 2023","format":false,"excerpt":"Confira as chances deste concurso p\u00fablico Mais um concurso p\u00fablico anuncia oportunidades para v\u00e1rios cargos. As chances s\u00e3o maravilhosas e ao todo s\u00e3o 190 vagas. Ficou interessado? Veja a seguir. Concurso P\u00fablico A Prefeitura de Tr\u00eas Rios, interior do Rio de Janeiro, abriu inscri\u00e7\u00f5es para seu novo concurso p\u00fablico, oferecendo\u2026","rel":"","context":"In &quot;Vagas de Emprego em Ribeir\u00e3o Preto-SP&quot;","block_context":{"text":"Vagas de Emprego em Ribeir\u00e3o Preto-SP","link":"https:\/\/noticiasribeiraopreto.com.br\/index.php\/category\/empregos-classificados-vagas-trabalho\/vagas-de-empregos-em-ribeirao-preto-regiao-brasil\/"},"img":{"alt_text":"","src":"https:\/\/i0.wp.com\/noticiasribeiraopreto.com.br\/wp-content\/uploads\/2023\/12\/noticiasconcursos.com_.br-concurso-publico-abre-inscricoes-com-190-vagas-para-diversos-niveis-de-escolaridade-pexels-picjumbocom-210661.jpg?fit=1200%2C800&ssl=1&resize=350%2C200","width":350,"height":200,"srcset":"https:\/\/i0.wp.com\/noticiasribeiraopreto.com.br\/wp-content\/uploads\/2023\/12\/noticiasconcursos.com_.br-concurso-publico-abre-inscricoes-com-190-vagas-para-diversos-niveis-de-escolaridade-pexels-picjumbocom-210661.jpg?fit=1200%2C800&ssl=1&resize=350%2C200 1x, https:\/\/i0.wp.com\/noticiasribeiraopreto.com.br\/wp-content\/uploads\/2023\/12\/noticiasconcursos.com_.br-concurso-publico-abre-inscricoes-com-190-vagas-para-diversos-niveis-de-escolaridade-pexels-picjumbocom-210661.jpg?fit=1200%2C800&ssl=1&resize=525%2C300 1.5x, https:\/\/i0.wp.com\/noticiasribeiraopreto.com.br\/wp-content\/uploads\/2023\/12\/noticiasconcursos.com_.br-concurso-publico-abre-inscricoes-com-190-vagas-para-diversos-niveis-de-escolaridade-pexels-picjumbocom-210661.jpg?fit=1200%2C800&ssl=1&resize=700%2C400 2x, https:\/\/i0.wp.com\/noticiasribeiraopreto.com.br\/wp-content\/uploads\/2023\/12\/noticiasconcursos.com_.br-concurso-publico-abre-inscricoes-com-190-vagas-para-diversos-niveis-de-escolaridade-pexels-picjumbocom-210661.jpg?fit=1200%2C800&ssl=1&resize=1050%2C600 3x"},"classes":[]},{"id":21866,"url":"https:\/\/noticiasribeiraopreto.com.br\/index.php\/2023\/12\/28\/concurso-publico-oferece-111-vagas-em-diversos-setores\/","url_meta":{"origin":18275,"position":1},"title":"concurso p\u00fablico oferece 111 vagas em diversos setores","author":"noticiasribeiraopreto.com.br","date":"28 de December de 2023","format":false,"excerpt":"Cr\u00e9ditos: IStockConcurso p\u00fablico de Feira Grande A Prefeitura de Feira Grande, localizada no estado de Alagoas, anuncia uma oportunidade imperd\u00edvel para quem busca ingressar no servi\u00e7o p\u00fablico. Por meio do edital n\u00ba 001\/2023, est\u00e1 promovendo um concurso p\u00fablico com 111 vagas em diferentes \u00e1reas e n\u00edveis de escolaridade. A sele\u00e7\u00e3o\u2026","rel":"","context":"In &quot;Variedades&quot;","block_context":{"text":"Variedades","link":"https:\/\/noticiasribeiraopreto.com.br\/index.php\/category\/variedades\/"},"img":{"alt_text":"","src":"https:\/\/i0.wp.com\/noticiasribeiraopreto.com.br\/wp-content\/uploads\/2023\/12\/istock-944043470-2.jpg?fit=1200%2C638&ssl=1&resize=350%2C200","width":350,"height":200,"srcset":"https:\/\/i0.wp.com\/noticiasribeiraopreto.com.br\/wp-content\/uploads\/2023\/12\/istock-944043470-2.jpg?fit=1200%2C638&ssl=1&resize=350%2C200 1x, https:\/\/i0.wp.com\/noticiasribeiraopreto.com.br\/wp-content\/uploads\/2023\/12\/istock-944043470-2.jpg?fit=1200%2C638&ssl=1&resize=525%2C300 1.5x, https:\/\/i0.wp.com\/noticiasribeiraopreto.com.br\/wp-content\/uploads\/2023\/12\/istock-944043470-2.jpg?fit=1200%2C638&ssl=1&resize=700%2C400 2x, https:\/\/i0.wp.com\/noticiasribeiraopreto.com.br\/wp-content\/uploads\/2023\/12\/istock-944043470-2.jpg?fit=1200%2C638&ssl=1&resize=1050%2C600 3x"},"classes":[]},{"id":18450,"url":"https:\/\/noticiasribeiraopreto.com.br\/index.php\/2023\/12\/20\/confira-os-cargos-e-salarios-ofertados-no-concurso-cnu\/","url_meta":{"origin":18275,"position":2},"title":"Confira os cargos e sal\u00e1rios ofertados no concurso CNU","author":"noticiasribeiraopreto.com.br","date":"20 de December de 2023","format":false,"excerpt":"Confira os \u00f3rg\u00e3os participantes do concurso CNU O concurso CNU- Concurso Nacional Unificado- \u00e9 uma grande chance para v\u00e1rios cargos. Al\u00e9m disso, as vagas s\u00e3o para medio e superior. Confira os \u00f3rg\u00e3os e mais detalhes. Concurso CNU e \u00f3rg\u00e3os Se voc\u00ea est\u00e1 em busca de novas oportunidades no cen\u00e1rio dos\u2026","rel":"","context":"In &quot;Vagas de Emprego em Ribeir\u00e3o Preto-SP&quot;","block_context":{"text":"Vagas de Emprego em Ribeir\u00e3o Preto-SP","link":"https:\/\/noticiasribeiraopreto.com.br\/index.php\/category\/empregos-classificados-vagas-trabalho\/vagas-de-empregos-em-ribeirao-preto-regiao-brasil\/"},"img":{"alt_text":"","src":"https:\/\/i0.wp.com\/noticiasribeiraopreto.com.br\/wp-content\/uploads\/2023\/12\/noticiasconcursos.com_.br-confira-os-cargos-e-salarios-ofertados-no-concurso-cnu-library-7408106-1280.jpg?fit=1200%2C834&ssl=1&resize=350%2C200","width":350,"height":200,"srcset":"https:\/\/i0.wp.com\/noticiasribeiraopreto.com.br\/wp-content\/uploads\/2023\/12\/noticiasconcursos.com_.br-confira-os-cargos-e-salarios-ofertados-no-concurso-cnu-library-7408106-1280.jpg?fit=1200%2C834&ssl=1&resize=350%2C200 1x, https:\/\/i0.wp.com\/noticiasribeiraopreto.com.br\/wp-content\/uploads\/2023\/12\/noticiasconcursos.com_.br-confira-os-cargos-e-salarios-ofertados-no-concurso-cnu-library-7408106-1280.jpg?fit=1200%2C834&ssl=1&resize=525%2C300 1.5x, https:\/\/i0.wp.com\/noticiasribeiraopreto.com.br\/wp-content\/uploads\/2023\/12\/noticiasconcursos.com_.br-confira-os-cargos-e-salarios-ofertados-no-concurso-cnu-library-7408106-1280.jpg?fit=1200%2C834&ssl=1&resize=700%2C400 2x, https:\/\/i0.wp.com\/noticiasribeiraopreto.com.br\/wp-content\/uploads\/2023\/12\/noticiasconcursos.com_.br-confira-os-cargos-e-salarios-ofertados-no-concurso-cnu-library-7408106-1280.jpg?fit=1200%2C834&ssl=1&resize=1050%2C600 3x"},"classes":[]},{"id":18345,"url":"https:\/\/noticiasribeiraopreto.com.br\/index.php\/2023\/12\/20\/pagando-r-10-700-imebl-abre-concurso-com-vagas-de-emprego-para-cargos-de-niveis-fundamental-medio-e-superior\/","url_meta":{"origin":18275,"position":3},"title":"Pagando R$ 10.700, Imebl abre concurso com vagas de emprego para cargos de n\u00edveis fundamental, m\u00e9dio e superior","author":"noticiasribeiraopreto.com.br","date":"20 de December de 2023","format":false,"excerpt":"Foto: Reprodu\u00e7\u00e3o Gran Cursos Segundo o site Folha Dirigida, a t\u00e3o aguardada oportunidade de ingressar na Ind\u00fastria de Material B\u00e9lico do Brasil (Imbel) finalmente chegou! O edital do concurso foi publicado, abrindo as portas para uma variedade de vagas, cargos e sal\u00e1rios atrativos, que podem chegar a R$10.838,67. Se voc\u00ea\u2026","rel":"","context":"In &quot;Vagas de Emprego em Ribeir\u00e3o Preto-SP&quot;","block_context":{"text":"Vagas de Emprego em Ribeir\u00e3o Preto-SP","link":"https:\/\/noticiasribeiraopreto.com.br\/index.php\/category\/empregos-classificados-vagas-trabalho\/vagas-de-empregos-em-ribeirao-preto-regiao-brasil\/"},"img":{"alt_text":"","src":"https:\/\/i0.wp.com\/noticiasribeiraopreto.com.br\/wp-content\/uploads\/2023\/12\/essaaa-830x450.jpg?fit=830%2C450&ssl=1&resize=350%2C200","width":350,"height":200,"srcset":"https:\/\/i0.wp.com\/noticiasribeiraopreto.com.br\/wp-content\/uploads\/2023\/12\/essaaa-830x450.jpg?fit=830%2C450&ssl=1&resize=350%2C200 1x, https:\/\/i0.wp.com\/noticiasribeiraopreto.com.br\/wp-content\/uploads\/2023\/12\/essaaa-830x450.jpg?fit=830%2C450&ssl=1&resize=525%2C300 1.5x, https:\/\/i0.wp.com\/noticiasribeiraopreto.com.br\/wp-content\/uploads\/2023\/12\/essaaa-830x450.jpg?fit=830%2C450&ssl=1&resize=700%2C400 2x"},"classes":[]},{"id":15629,"url":"https:\/\/noticiasribeiraopreto.com.br\/index.php\/2023\/12\/14\/camara-anuncia-concurso-para-todos-os-niveis-escolares-e-com-salarios-de-quase-r-5-mil\/","url_meta":{"origin":18275,"position":4},"title":"C\u00e2mara anuncia Concurso para todos os n\u00edveis escolares e com sal\u00e1rios de quase R$ 5 MIL","author":"noticiasribeiraopreto.com.br","date":"14 de December de 2023","format":false,"excerpt":"As vagas do concurso sao imediatas O concurso \u00e9 uma grande para quem deseja estabilidade de vida. Por conta disso, separamos mais detalhes sobre este edital para todos os n\u00edveis. Ficou interessado? Veja a seguir mais detalhes. Concurso C\u00e2mara\u00a0 A t\u00e3o esperada not\u00edcia chegou: foi divulgado o edital para o\u2026","rel":"","context":"In &quot;Vagas de Emprego em Ribeir\u00e3o Preto-SP&quot;","block_context":{"text":"Vagas de Emprego em Ribeir\u00e3o Preto-SP","link":"https:\/\/noticiasribeiraopreto.com.br\/index.php\/category\/empregos-classificados-vagas-trabalho\/vagas-de-empregos-em-ribeirao-preto-regiao-brasil\/"},"img":{"alt_text":"","src":"https:\/\/i0.wp.com\/noticiasribeiraopreto.com.br\/wp-content\/uploads\/2023\/12\/noticiasconcursos.com_.br-camara-anuncia-concurso-para-todos-os-niveis-escolares-e-com-salarios-de-quase-r-5-mil-pexels-cottonbro-studio-4778611-1.jpg?fit=1200%2C800&ssl=1&resize=350%2C200","width":350,"height":200,"srcset":"https:\/\/i0.wp.com\/noticiasribeiraopreto.com.br\/wp-content\/uploads\/2023\/12\/noticiasconcursos.com_.br-camara-anuncia-concurso-para-todos-os-niveis-escolares-e-com-salarios-de-quase-r-5-mil-pexels-cottonbro-studio-4778611-1.jpg?fit=1200%2C800&ssl=1&resize=350%2C200 1x, https:\/\/i0.wp.com\/noticiasribeiraopreto.com.br\/wp-content\/uploads\/2023\/12\/noticiasconcursos.com_.br-camara-anuncia-concurso-para-todos-os-niveis-escolares-e-com-salarios-de-quase-r-5-mil-pexels-cottonbro-studio-4778611-1.jpg?fit=1200%2C800&ssl=1&resize=525%2C300 1.5x, https:\/\/i0.wp.com\/noticiasribeiraopreto.com.br\/wp-content\/uploads\/2023\/12\/noticiasconcursos.com_.br-camara-anuncia-concurso-para-todos-os-niveis-escolares-e-com-salarios-de-quase-r-5-mil-pexels-cottonbro-studio-4778611-1.jpg?fit=1200%2C800&ssl=1&resize=700%2C400 2x, https:\/\/i0.wp.com\/noticiasribeiraopreto.com.br\/wp-content\/uploads\/2023\/12\/noticiasconcursos.com_.br-camara-anuncia-concurso-para-todos-os-niveis-escolares-e-com-salarios-de-quase-r-5-mil-pexels-cottonbro-studio-4778611-1.jpg?fit=1200%2C800&ssl=1&resize=1050%2C600 3x"},"classes":[]},{"id":19768,"url":"https:\/\/noticiasribeiraopreto.com.br\/index.php\/2023\/12\/23\/oportunidades-na-camara-de-artur-nogueira-com-salarios-atrativos-em-concurso-publico\/","url_meta":{"origin":18275,"position":5},"title":"Oportunidades na C\u00e2mara de Artur Nogueira com sal\u00e1rios atrativos em concurso p\u00fablico","author":"noticiasribeiraopreto.com.br","date":"23 de December de 2023","format":false,"excerpt":"Cr\u00e9ditos: IStockConcurso p\u00fablico C\u00e2mara de Artur Nogueira A busca por servidores efetivos na C\u00e2mara de Artur Nogueira, S\u00e3o Paulo, ganha destaque com o edital de n\u00famero 001\/2023 para concurso p\u00fablico, oferecendo tr\u00eas vagas imediatas para diferentes n\u00edveis de escolaridade. Essa \u00e9 a chance para aspirantes a cargos p\u00fablicos na regi\u00e3o.\u2026","rel":"","context":"In &quot;Variedades&quot;","block_context":{"text":"Variedades","link":"https:\/\/noticiasribeiraopreto.com.br\/index.php\/category\/variedades\/"},"img":{"alt_text":"","src":"https:\/\/i0.wp.com\/noticiasribeiraopreto.com.br\/wp-content\/uploads\/2023\/12\/istock-182059956-1.jpg?fit=1200%2C638&ssl=1&resize=350%2C200","width":350,"height":200,"srcset":"https:\/\/i0.wp.com\/noticiasribeiraopreto.com.br\/wp-content\/uploads\/2023\/12\/istock-182059956-1.jpg?fit=1200%2C638&ssl=1&resize=350%2C200 1x, https:\/\/i0.wp.com\/noticiasribeiraopreto.com.br\/wp-content\/uploads\/2023\/12\/istock-182059956-1.jpg?fit=1200%2C638&ssl=1&resize=525%2C300 1.5x, https:\/\/i0.wp.com\/noticiasribeiraopreto.com.br\/wp-content\/uploads\/2023\/12\/istock-182059956-1.jpg?fit=1200%2C638&ssl=1&resize=700%2C400 2x, https:\/\/i0.wp.com\/noticiasribeiraopreto.com.br\/wp-content\/uploads\/2023\/12\/istock-182059956-1.jpg?fit=1200%2C638&ssl=1&resize=1050%2C600 3x"},"classes":[]}],"jetpack_sharing_enabled":true,"jetpack_shortlink":"https:\/\/wp.me\/peQAOb-4KL","_links":{"self":[{"href":"https:\/\/noticiasribeiraopreto.com.br\/index.php\/wp-json\/wp\/v2\/posts\/18275","targetHints":{"allow":["GET"]}}],"collection":[{"href":"https:\/\/noticiasribeiraopreto.com.br\/index.php\/wp-json\/wp\/v2\/posts"}],"about":[{"href":"https:\/\/noticiasribeiraopreto.com.br\/index.php\/wp-json\/wp\/v2\/types\/post"}],"author":[{"embeddable":true,"href":"https:\/\/noticiasribeiraopreto.com.br\/index.php\/wp-json\/wp\/v2\/users\/1"}],"replies":[{"embeddable":true,"href":"https:\/\/noticiasribeiraopreto.com.br\/index.php\/wp-json\/wp\/v2\/comments?post=18275"}],"version-history":[{"count":0,"href":"https:\/\/noticiasribeiraopreto.com.br\/index.php\/wp-json\/wp\/v2\/posts\/18275\/revisions"}],"wp:featuredmedia":[{"embeddable":true,"href":"https:\/\/noticiasribeiraopreto.com.br\/index.php\/wp-json\/wp\/v2\/media\/18276"}],"wp:attachment":[{"href":"https:\/\/noticiasribeiraopreto.com.br\/index.php\/wp-json\/wp\/v2\/media?parent=18275"}],"wp:term":[{"taxonomy":"category","embeddable":true,"href":"https:\/\/noticiasribeiraopreto.com.br\/index.php\/wp-json\/wp\/v2\/categories?post=18275"},{"taxonomy":"post_tag","embeddable":true,"href":"https:\/\/noticiasribeiraopreto.com.br\/index.php\/wp-json\/wp\/v2\/tags?post=18275"}],"curies":[{"name":"wp","href":"https:\/\/api.w.org\/{rel}","templated":true}]}}