{"id":18281,"date":"2023-12-20T05:32:23","date_gmt":"2023-12-20T08:32:23","guid":{"rendered":"https:\/\/noticiasribeiraopreto.com.br\/index.php\/2023\/12\/20\/saiba-quais-foram-os-nomes-mais-registrados-no-brasil-em-2023\/"},"modified":"2023-12-20T05:32:23","modified_gmt":"2023-12-20T08:32:23","slug":"saiba-quais-foram-os-nomes-mais-registrados-no-brasil-em-2023","status":"publish","type":"post","link":"https:\/\/noticiasribeiraopreto.com.br\/index.php\/2023\/12\/20\/saiba-quais-foram-os-nomes-mais-registrados-no-brasil-em-2023\/","title":{"rendered":"Saiba quais foram os nomes mais registrados no Brasil em 2023"},"content":{"rendered":"<div class='code-block code-block-1' style='margin: 8px 0 8px auto; text-align: right; display: block; clear: both;'>\n<p><a href=\"https:\/\/wa.link\/vpicfd\"><img data-recalc-dims=\"1\" class=\"wp-image-4922\" style=\"aspect-ratio: 2.0253164556962027; width: 561px; height: auto;\" src=\"https:\/\/i0.wp.com\/ismaelcolosi.com.br\/wp-content\/uploads\/2023\/11\/grupo-de-empregos-whatsapp-e-facebook-ismael-colosi-vagas.jpg?ssl=1\" alt=\"\" \/><\/a><\/p>\n<!-- \/wp:image -->\n<\/div>\n<p> <br \/>\n<\/p>\n<div>\n<p>Nomes curtos e <a href=\"https:\/\/catracalivre.com.br\/viagem-livre\/11-locais-biblicos-para-uma-viagem-religiosa-na-jordania\/\">b\u00edblicos<\/a> fizeram sucesso neste ano de 2023. Isso \u00e9 o que apontou um levantamento feito pela <a href=\"https:\/\/arpenbrasil.org.br\/\" target=\"_blank\" rel=\"noopener\">Associa\u00e7\u00e3o Nacional dos Registradores de Pessoas Naturais (Arpen-Brasil)<\/a>.<\/p>\n<p>Os dados s\u00e3o fornecidos pelos Cart\u00f3rios de Registro Civil do pa\u00eds.<\/p>\n<p>Os nomes preferidos pelos brasileiros no decorrer deste ano foram Miguel, com 25.140 registros, e Helena, com 23.047.<\/p>\n<p>No entanto, nomes como Gael, Davi, Ravi, Noah, Isaac, Aurora, \u00cdsis, Maya, Liz, Mait\u00ea e Elo\u00e1 j\u00e1 figuram na lista dos 30 mais escolhidos pelos pais ao longo deste ano.<\/p>\n<div id=\"attachment_2309121\" class=\"wp-caption alignnone\">\n<div class=\"d-flex justify-content-center\" data-attachment-id=\"2309121\">\n<div class=\"position-relative d-inline-block\"><img data-recalc-dims=\"1\" data-portal-copyright=\"Ryutaro Tsukata\/Pexels\" fetchpriority=\"high\" decoding=\"async\" class=\"size-large wp-image-2309121\" src=\"https:\/\/i0.wp.com\/catracalivre.com.br\/wp-content\/uploads\/2023\/11\/pexels-ryutaro-tsukata-5220093-910x606.jpg?resize=910%2C606&#038;ssl=1\" alt=\"Nomes curtos dominaram ranking de 2023\" width=\"910\" height=\"606\" srcset=\"https:\/\/catracalivre.com.br\/wp-content\/uploads\/2023\/11\/pexels-ryutaro-tsukata-5220093-910x606.jpg 910w, https:\/\/catracalivre.com.br\/wp-content\/uploads\/2023\/11\/pexels-ryutaro-tsukata-5220093-450x300.jpg 450w, https:\/\/catracalivre.com.br\/wp-content\/uploads\/2023\/11\/pexels-ryutaro-tsukata-5220093-768x512.jpg 768w\" sizes=\"(max-width: 910px) 100vw, 910px\"\/><\/p>\n<p>Cr\u00e9ditos: Ryutaro Tsukata\/Pexels<\/p>\n<\/div>\n<\/div>\n<p><span class=\"post-imagem__legenda\">Nomes curtos dominaram ranking de 2023<\/span><\/p>\n<\/div>\n<p>Miguel repetiu a lideran\u00e7a dos\u00a0<a href=\"https:\/\/catracalivre.com.br\/cidadania\/quais-sao-os-nomes-de-bebes-mais-populares-em-2022-no-brasil\/\">rankings passados<\/a>. \u00c9 o quarto ano consecutivo em que esse nome \u00e9 o mais popular.<\/p>\n<p>J\u00e1 Helena, que no ano passado havia perdido o posto para Maria Alice, assumiu a lideran\u00e7a em 2023.<\/p>\n<p>Al\u00e9m de Miguel e Helena no topo da lista, os nomes mais dados por brasileiros no decorrer deste ano foram Gael, Theo, Arthur, Heitor, Maria Alice, Alice, Davi e Laura, mesmos nomes que apareciam no ranking do ano passado, mas ocupando posi\u00e7\u00f5es diferentes.<\/p>\n<h2>Mudan\u00e7a de nome com nova legisla\u00e7\u00e3o<\/h2>\n<p>A legisla\u00e7\u00e3o brasileira permite a troca do nome de um rec\u00e9m-nascido at\u00e9 15 dias ap\u00f3s o primeiro registro. (Beb\u00eas natimortos tamb\u00e9m podem ser registrados com nome e sobrenome.)<\/p>\n<p>Al\u00e9m disso, qualquer indiv\u00edduo com mais de 18 anos tem o direito de solicitar a altera\u00e7\u00e3o do nome no registro de nascimento, sem a necessidade de apresentar um motivo, interven\u00e7\u00e3o judicial ou realizar o processo no mesmo cart\u00f3rio do registro original.<\/p>\n<p>Passado um ano em que essa lei entrou em vigor, os cart\u00f3rios brasileiros registraram 10.314 mudan\u00e7as de nome.<\/p>\n<p>Para realizar a mudan\u00e7a de nome, basta ir diretamente a um Cart\u00f3rio de Registro Civil com seus documentos pessoais (RG e CPF). O custo do procedimento varia de acordo com a unidade da federa\u00e7\u00e3o.<\/p>\n<\/div>\n<p><script>\n\t\t! function(f, b, e, v, n, t, s) {\n\t\t\tif (f.fbq) return;\n\t\t\tn = f.fbq = function() {\n\t\t\t\tn.callMethod ?\n\t\t\t\t\tn.callMethod.apply(n, arguments) : n.queue.push(arguments)\n\t\t\t};\n\t\t\tif (!f._fbq) f._fbq = n;\n\t\t\tn.push = n;\n\t\t\tn.loaded = !0;\n\t\t\tn.version = '2.0';\n\t\t\tn.queue = [];\n\t\t\tt = b.createElement(e);\n\t\t\tt.async = !0;\n\t\t\tt.src = v;\n\t\t\ts = b.getElementsByTagName(e)[0];\n\t\t\ts.parentNode.insertBefore(t, s)\n\t\t}(window, document, 'script',\n\t\t\t'https:\/\/connect.facebook.net\/en_US\/fbevents.js');\n\t\tfbq('init', '338315473262380');\n\t\tfbq('track', 'PageView');\n\t<\/script><br \/>\n<br \/><br \/>\n<br \/><a href=\"https:\/\/catracalivre.com.br\/cidadania\/saiba-quais-foram-os-nomes-mais-registrados-no-brasil-em-2023\/\">Source link <\/a><\/p>\n<!-- CONTENT END 1 -->\n","protected":false},"excerpt":{"rendered":"<p>Nomes curtos e b\u00edblicos fizeram sucesso neste ano de 2023. Isso \u00e9 o que apontou um levantamento feito pela Associa\u00e7\u00e3o Nacional dos Registradores de Pessoas&#8230;<\/p>\n","protected":false},"author":1,"featured_media":18282,"comment_status":"open","ping_status":"open","sticky":false,"template":"","format":"standard","meta":{"advanced_seo_description":"","jetpack_seo_html_title":"","jetpack_seo_noindex":false,"jetpack_post_was_ever_published":false,"_jetpack_newsletter_access":"","_jetpack_dont_email_post_to_subs":false,"_jetpack_newsletter_tier_id":0,"_jetpack_memberships_contains_paywalled_content":false,"_jetpack_memberships_contains_paid_content":false,"footnotes":"","jetpack_publicize_message":"","jetpack_publicize_feature_enabled":true,"jetpack_social_post_already_shared":true,"jetpack_social_options":{"image_generator_settings":{"template":"highway","default_image_id":0,"font":"","enabled":false},"version":2}},"categories":[19],"tags":[],"class_list":["post-18281","post","type-post","status-publish","format-standard","has-post-thumbnail","hentry","category-variedades"],"jetpack_publicize_connections":[],"jetpack_featured_media_url":"https:\/\/i0.wp.com\/noticiasribeiraopreto.com.br\/wp-content\/uploads\/2023\/12\/pexels-ryutaro-tsukata-5220093.jpg?fit=1200%2C638&ssl=1","jetpack-related-posts":[{"id":18099,"url":"https:\/\/noticiasribeiraopreto.com.br\/index.php\/2023\/12\/19\/ranking-dos-nomes-mais-registrados-em-2023-meu-valor-digital\/","url_meta":{"origin":18281,"position":0},"title":"Ranking dos nomes mais registrados em 2023 &#8211; Meu Valor Digital","author":"noticiasribeiraopreto.com.br","date":"19 de December de 2023","format":false,"excerpt":"\u00c9 hora de saber quais os nomes mais registrados no Brasil. Afinal, estamos no final do ano, e o que n\u00e3o faltam s\u00e3o estat\u00edsticas. De acordo com os Cart\u00f3rios de Registro Civil, que se basearam na Associa\u00e7\u00e3o Nacional dos Registradores de Pessoas Naturais (Arpen-Brasil), Miguel e Helena foram os nomes\u2026","rel":"","context":"In &quot;Vagas de Emprego em Ribeir\u00e3o Preto-SP&quot;","block_context":{"text":"Vagas de Emprego em Ribeir\u00e3o Preto-SP","link":"https:\/\/noticiasribeiraopreto.com.br\/index.php\/category\/empregos-classificados-vagas-trabalho\/vagas-de-empregos-em-ribeirao-preto-regiao-brasil\/"},"img":{"alt_text":"","src":"https:\/\/i0.wp.com\/noticiasribeiraopreto.com.br\/wp-content\/uploads\/2023\/12\/1-Nomes-de-bebes.jpg?fit=1200%2C773&ssl=1&resize=350%2C200","width":350,"height":200,"srcset":"https:\/\/i0.wp.com\/noticiasribeiraopreto.com.br\/wp-content\/uploads\/2023\/12\/1-Nomes-de-bebes.jpg?fit=1200%2C773&ssl=1&resize=350%2C200 1x, https:\/\/i0.wp.com\/noticiasribeiraopreto.com.br\/wp-content\/uploads\/2023\/12\/1-Nomes-de-bebes.jpg?fit=1200%2C773&ssl=1&resize=525%2C300 1.5x, https:\/\/i0.wp.com\/noticiasribeiraopreto.com.br\/wp-content\/uploads\/2023\/12\/1-Nomes-de-bebes.jpg?fit=1200%2C773&ssl=1&resize=700%2C400 2x, https:\/\/i0.wp.com\/noticiasribeiraopreto.com.br\/wp-content\/uploads\/2023\/12\/1-Nomes-de-bebes.jpg?fit=1200%2C773&ssl=1&resize=1050%2C600 3x"},"classes":[]},{"id":61881,"url":"https:\/\/noticiasribeiraopreto.com.br\/index.php\/2024\/12\/26\/saiba-quais-os-nomes-de-bebes-mais-registrados-em-ribeirao-em-2024\/","url_meta":{"origin":18281,"position":1},"title":"Saiba quais os nomes de beb\u00eas mais registrados em Ribeir\u00e3o em 2024","author":"noticiasribeiraopreto.com.br","date":"26 de December de 2024","format":false,"excerpt":"Foi divulgado nesta quinta-feira (26), a\u00a0lista dos nomes preferidos para registrar beb\u00eas no Brasil. Em\u00a0Ribeir\u00e3o Preto,\u00a0Helena e Cec\u00edlia\u00a0lideram a lista. O ranking anual \u00e9 divulgado pela\u00a0Associa\u00e7\u00e3o Nacional dos Registradores de Pessoas Naturais (Arpen). No Brasil, os nomes mais registrados destacam a prefer\u00eancia estadual por nomes curtos, sonoros e de f\u00e1cil\u2026","rel":"","context":"In &quot;Not\u00edcias de Ribeir\u00e3o Preto-SP e Regi\u00e3o&quot;","block_context":{"text":"Not\u00edcias de Ribeir\u00e3o Preto-SP e Regi\u00e3o","link":"https:\/\/noticiasribeiraopreto.com.br\/index.php\/category\/noticias-de-ribeirao-preto-sp-e-regiao-ismael-colosi\/"},"img":{"alt_text":"","src":"https:\/\/i0.wp.com\/noticiasribeiraopreto.com.br\/wp-content\/uploads\/2024\/12\/recem-nascido.jpg?fit=1200%2C831&ssl=1&resize=350%2C200","width":350,"height":200,"srcset":"https:\/\/i0.wp.com\/noticiasribeiraopreto.com.br\/wp-content\/uploads\/2024\/12\/recem-nascido.jpg?fit=1200%2C831&ssl=1&resize=350%2C200 1x, https:\/\/i0.wp.com\/noticiasribeiraopreto.com.br\/wp-content\/uploads\/2024\/12\/recem-nascido.jpg?fit=1200%2C831&ssl=1&resize=525%2C300 1.5x, https:\/\/i0.wp.com\/noticiasribeiraopreto.com.br\/wp-content\/uploads\/2024\/12\/recem-nascido.jpg?fit=1200%2C831&ssl=1&resize=700%2C400 2x, https:\/\/i0.wp.com\/noticiasribeiraopreto.com.br\/wp-content\/uploads\/2024\/12\/recem-nascido.jpg?fit=1200%2C831&ssl=1&resize=1050%2C600 3x"},"classes":[]},{"id":17678,"url":"https:\/\/noticiasribeiraopreto.com.br\/index.php\/2023\/12\/18\/saiba-quais-foram-os-nomes-de-bebes-mais-registrados-em-ribeirao-em-2023\/","url_meta":{"origin":18281,"position":2},"title":"Saiba quais foram os nomes de beb\u00eas mais registrados em Ribeir\u00e3o em 2023","author":"noticiasribeiraopreto.com.br","date":"18 de December de 2023","format":false,"excerpt":"Foi divulgado nesta segunda-feira (18), a lista dos nomes preferidos para registrar beb\u00eas no Brasil. Em Ribeir\u00e3o Preto, Miguel e Helena lideram a lista. O ranking anual \u00e9 divulgado pela Associa\u00e7\u00e3o Nacional dos Registradores de Pessoas Naturais (Arpen). No Brasil, nomes curtos, b\u00edblicos e originais lideram a lista de preferidos.\u2026","rel":"","context":"In &quot;Not\u00edcias de Ribeir\u00e3o Preto-SP e Regi\u00e3o&quot;","block_context":{"text":"Not\u00edcias de Ribeir\u00e3o Preto-SP e Regi\u00e3o","link":"https:\/\/noticiasribeiraopreto.com.br\/index.php\/category\/noticias-de-ribeirao-preto-sp-e-regiao-ismael-colosi\/"},"img":{"alt_text":"","src":"https:\/\/i0.wp.com\/noticiasribeiraopreto.com.br\/wp-content\/uploads\/2023\/12\/um-bebe-recem-nascido-scaled.jpg?fit=1200%2C801&ssl=1&resize=350%2C200","width":350,"height":200,"srcset":"https:\/\/i0.wp.com\/noticiasribeiraopreto.com.br\/wp-content\/uploads\/2023\/12\/um-bebe-recem-nascido-scaled.jpg?fit=1200%2C801&ssl=1&resize=350%2C200 1x, https:\/\/i0.wp.com\/noticiasribeiraopreto.com.br\/wp-content\/uploads\/2023\/12\/um-bebe-recem-nascido-scaled.jpg?fit=1200%2C801&ssl=1&resize=525%2C300 1.5x, https:\/\/i0.wp.com\/noticiasribeiraopreto.com.br\/wp-content\/uploads\/2023\/12\/um-bebe-recem-nascido-scaled.jpg?fit=1200%2C801&ssl=1&resize=700%2C400 2x, https:\/\/i0.wp.com\/noticiasribeiraopreto.com.br\/wp-content\/uploads\/2023\/12\/um-bebe-recem-nascido-scaled.jpg?fit=1200%2C801&ssl=1&resize=1050%2C600 3x"},"classes":[]},{"id":18105,"url":"https:\/\/noticiasribeiraopreto.com.br\/index.php\/2023\/12\/19\/os-nomes-preferidos-pelos-pais\/","url_meta":{"origin":18281,"position":3},"title":"Os nomes preferidos pelos pais","author":"noticiasribeiraopreto.com.br","date":"19 de December de 2023","format":false,"excerpt":"Nomes curtos, b\u00edblicos e originais, cada vez mais adotados pelos influenciadores da atualidade, \u00e9 a tend\u00eancia observada nos registros de nascimento de beb\u00eas no Brasil no ano de 2023. Em Ribeir\u00e3o Preto, Helena empatou com Miguel como o nome preferido, com 124 registros neste ano. O terceiro lugar teve 104\u2026","rel":"","context":"In &quot;Not\u00edcias de Ribeir\u00e3o Preto-SP e Regi\u00e3o&quot;","block_context":{"text":"Not\u00edcias de Ribeir\u00e3o Preto-SP e Regi\u00e3o","link":"https:\/\/noticiasribeiraopreto.com.br\/index.php\/category\/noticias-de-ribeirao-preto-sp-e-regiao-ismael-colosi\/"},"img":{"alt_text":"","src":"https:\/\/i0.wp.com\/noticiasribeiraopreto.com.br\/wp-content\/uploads\/2023\/12\/Nomes-Agencia-Brasil.png?fit=1000%2C598&ssl=1&resize=350%2C200","width":350,"height":200,"srcset":"https:\/\/i0.wp.com\/noticiasribeiraopreto.com.br\/wp-content\/uploads\/2023\/12\/Nomes-Agencia-Brasil.png?fit=1000%2C598&ssl=1&resize=350%2C200 1x, https:\/\/i0.wp.com\/noticiasribeiraopreto.com.br\/wp-content\/uploads\/2023\/12\/Nomes-Agencia-Brasil.png?fit=1000%2C598&ssl=1&resize=525%2C300 1.5x, https:\/\/i0.wp.com\/noticiasribeiraopreto.com.br\/wp-content\/uploads\/2023\/12\/Nomes-Agencia-Brasil.png?fit=1000%2C598&ssl=1&resize=700%2C400 2x"},"classes":[]},{"id":18097,"url":"https:\/\/noticiasribeiraopreto.com.br\/index.php\/2023\/12\/19\/confira-o-ranking-dos-nomes-mais-registrados-no-brasil-em-2023\/","url_meta":{"origin":18281,"position":4},"title":"Confira o ranking dos nomes mais registrados no Brasil em 2023","author":"noticiasribeiraopreto.com.br","date":"19 de December de 2023","format":false,"excerpt":"Cr\u00e9ditos: iStock\/WirestockNomes mais registrados em 2023 Chega de Enzo e Valentina?! A popularidade de certos nomes de beb\u00eas tem uma tend\u00eancia a flutuar ao longo do tempo, influenciado por v\u00e1rios fatores, incluindo tend\u00eancias culturais, influenciadores digitais e muitas vezes fatores b\u00edblicos. Em 2023, de acordo com dados fornecidos pelos Cart\u00f3rios\u2026","rel":"","context":"In &quot;Variedades&quot;","block_context":{"text":"Variedades","link":"https:\/\/noticiasribeiraopreto.com.br\/index.php\/category\/variedades\/"},"img":{"alt_text":"","src":"https:\/\/i0.wp.com\/noticiasribeiraopreto.com.br\/wp-content\/uploads\/2023\/12\/istock-1444073161-scaled-e1703016778171.jpg?fit=1200%2C638&ssl=1&resize=350%2C200","width":350,"height":200,"srcset":"https:\/\/i0.wp.com\/noticiasribeiraopreto.com.br\/wp-content\/uploads\/2023\/12\/istock-1444073161-scaled-e1703016778171.jpg?fit=1200%2C638&ssl=1&resize=350%2C200 1x, https:\/\/i0.wp.com\/noticiasribeiraopreto.com.br\/wp-content\/uploads\/2023\/12\/istock-1444073161-scaled-e1703016778171.jpg?fit=1200%2C638&ssl=1&resize=525%2C300 1.5x, https:\/\/i0.wp.com\/noticiasribeiraopreto.com.br\/wp-content\/uploads\/2023\/12\/istock-1444073161-scaled-e1703016778171.jpg?fit=1200%2C638&ssl=1&resize=700%2C400 2x, https:\/\/i0.wp.com\/noticiasribeiraopreto.com.br\/wp-content\/uploads\/2023\/12\/istock-1444073161-scaled-e1703016778171.jpg?fit=1200%2C638&ssl=1&resize=1050%2C600 3x"},"classes":[]},{"id":81057,"url":"https:\/\/noticiasribeiraopreto.com.br\/index.php\/2025\/12\/22\/pelo-2o-ano-helena-lidera-ranking-de-nomes-registrados-veja-a-lista\/","url_meta":{"origin":18281,"position":5},"title":"Pelo 2\u00ba ano, Helena lidera ranking de nomes registrados; veja a lista","author":"noticiasribeiraopreto.com.br","date":"22 de December de 2025","format":false,"excerpt":"\r \r \r 22 de dezembro de 2025 12:38 \r Compartilhar0 Pelo segundo ano consecutivo, o nome Helena \u00e9 o mais registrado no pa\u00eds. Em 2025, o Brasil ganhou 28.271 Helenas. Esse feito das Helenas consolida uma trajet\u00f3ria de populariza\u00e7\u00e3o de um nome que j\u00e1 foi prefer\u00eancia nacional na d\u00e9cada\u2026","rel":"","context":"In &quot;Not\u00edcias de Ribeir\u00e3o Preto-SP e Regi\u00e3o&quot;","block_context":{"text":"Not\u00edcias de Ribeir\u00e3o Preto-SP e Regi\u00e3o","link":"https:\/\/noticiasribeiraopreto.com.br\/index.php\/category\/noticias-de-ribeirao-preto-sp-e-regiao-ismael-colosi\/"},"img":{"alt_text":"","src":"https:\/\/i0.wp.com\/noticiasribeiraopreto.com.br\/wp-content\/uploads\/2025\/12\/2022-05-13t194134z_1_lynxnpei4c0sn_rtroptp_4_salud-bebes-muerte-subita.webp.webp?fit=1170%2C700&ssl=1&resize=350%2C200","width":350,"height":200,"srcset":"https:\/\/i0.wp.com\/noticiasribeiraopreto.com.br\/wp-content\/uploads\/2025\/12\/2022-05-13t194134z_1_lynxnpei4c0sn_rtroptp_4_salud-bebes-muerte-subita.webp.webp?fit=1170%2C700&ssl=1&resize=350%2C200 1x, https:\/\/i0.wp.com\/noticiasribeiraopreto.com.br\/wp-content\/uploads\/2025\/12\/2022-05-13t194134z_1_lynxnpei4c0sn_rtroptp_4_salud-bebes-muerte-subita.webp.webp?fit=1170%2C700&ssl=1&resize=525%2C300 1.5x, https:\/\/i0.wp.com\/noticiasribeiraopreto.com.br\/wp-content\/uploads\/2025\/12\/2022-05-13t194134z_1_lynxnpei4c0sn_rtroptp_4_salud-bebes-muerte-subita.webp.webp?fit=1170%2C700&ssl=1&resize=700%2C400 2x, https:\/\/i0.wp.com\/noticiasribeiraopreto.com.br\/wp-content\/uploads\/2025\/12\/2022-05-13t194134z_1_lynxnpei4c0sn_rtroptp_4_salud-bebes-muerte-subita.webp.webp?fit=1170%2C700&ssl=1&resize=1050%2C600 3x"},"classes":[]}],"jetpack_sharing_enabled":true,"jetpack_shortlink":"https:\/\/wp.me\/peQAOb-4KR","_links":{"self":[{"href":"https:\/\/noticiasribeiraopreto.com.br\/index.php\/wp-json\/wp\/v2\/posts\/18281","targetHints":{"allow":["GET"]}}],"collection":[{"href":"https:\/\/noticiasribeiraopreto.com.br\/index.php\/wp-json\/wp\/v2\/posts"}],"about":[{"href":"https:\/\/noticiasribeiraopreto.com.br\/index.php\/wp-json\/wp\/v2\/types\/post"}],"author":[{"embeddable":true,"href":"https:\/\/noticiasribeiraopreto.com.br\/index.php\/wp-json\/wp\/v2\/users\/1"}],"replies":[{"embeddable":true,"href":"https:\/\/noticiasribeiraopreto.com.br\/index.php\/wp-json\/wp\/v2\/comments?post=18281"}],"version-history":[{"count":0,"href":"https:\/\/noticiasribeiraopreto.com.br\/index.php\/wp-json\/wp\/v2\/posts\/18281\/revisions"}],"wp:featuredmedia":[{"embeddable":true,"href":"https:\/\/noticiasribeiraopreto.com.br\/index.php\/wp-json\/wp\/v2\/media\/18282"}],"wp:attachment":[{"href":"https:\/\/noticiasribeiraopreto.com.br\/index.php\/wp-json\/wp\/v2\/media?parent=18281"}],"wp:term":[{"taxonomy":"category","embeddable":true,"href":"https:\/\/noticiasribeiraopreto.com.br\/index.php\/wp-json\/wp\/v2\/categories?post=18281"},{"taxonomy":"post_tag","embeddable":true,"href":"https:\/\/noticiasribeiraopreto.com.br\/index.php\/wp-json\/wp\/v2\/tags?post=18281"}],"curies":[{"name":"wp","href":"https:\/\/api.w.org\/{rel}","templated":true}]}}