{"id":18285,"date":"2023-12-20T06:09:33","date_gmt":"2023-12-20T09:09:33","guid":{"rendered":"https:\/\/noticiasribeiraopreto.com.br\/index.php\/2023\/12\/20\/litoral-norte-de-sp-tem-mais-de-200-praias-escolha-a-sua\/"},"modified":"2023-12-20T06:09:33","modified_gmt":"2023-12-20T09:09:33","slug":"litoral-norte-de-sp-tem-mais-de-200-praias-escolha-a-sua","status":"publish","type":"post","link":"https:\/\/noticiasribeiraopreto.com.br\/index.php\/2023\/12\/20\/litoral-norte-de-sp-tem-mais-de-200-praias-escolha-a-sua\/","title":{"rendered":"Litoral norte de SP tem mais de 200 praias; escolha a sua"},"content":{"rendered":"<div class='code-block code-block-1' style='margin: 8px 0 8px auto; text-align: right; display: block; clear: both;'>\n<p><a href=\"https:\/\/wa.link\/vpicfd\"><img data-recalc-dims=\"1\" class=\"wp-image-4922\" style=\"aspect-ratio: 2.0253164556962027; width: 561px; height: auto;\" src=\"https:\/\/i0.wp.com\/ismaelcolosi.com.br\/wp-content\/uploads\/2023\/11\/grupo-de-empregos-whatsapp-e-facebook-ismael-colosi-vagas.jpg?ssl=1\" alt=\"\" \/><\/a><\/p>\n<!-- \/wp:image -->\n<\/div>\n<p> <br \/>\n<\/p>\n<div>\n<p>Uma das costas mais bonitas do pa\u00eds, o litoral norte de S\u00e3o Paulo abriga quase 200 praias paradis\u00edacas envoltas \u00e0 muita natureza.<\/p>\n<p>A regi\u00e3o, que \u00e9 integrada pelo <a href=\"https:\/\/circuitolitoralnorte.tur.br\/guiageral\" target=\"_blank\" rel=\"noopener\">Circuito Litoral Norte<\/a> e composta pelas cidades de Bertioga, Caraguatatuba, Ilhabela, S\u00e3o Sebasti\u00e3o e <a href=\"https:\/\/catracalivre.com.br\/viagem-livre\/ubatuba-sp-passa-a-receber-voos-da-azul-confira-precos\/\">Ubatuba<\/a>, conta com faixas de areia para todo o tipo de p\u00fablico \u2013de fam\u00edlias com crian\u00e7as pequenas a surfistas.<\/p>\n<div id=\"attachment_2329130\" class=\"wp-caption aligncenter\">\n<div class=\"d-flex justify-content-center\" data-attachment-id=\"2329130\">\n<div class=\"position-relative d-inline-block\"><img src=\"https:\/\/catracalivre.com.br\/viagem-livre\/litoral-norte-de-sp-tem-mais-de-200-praias-escolha-a-sua\/Eliria Buso\/Divulga\u00e7\u00e3o\" fetchpriority=\"high\" decoding=\"async\" class=\"size-large wp-image-2329130\" alt=\"Praia de Maranduba, em Ubatuba\" width=\"910\" height=\"410\" srcset=\"https:\/\/catracalivre.com.br\/wp-content\/uploads\/2023\/12\/praia-de-maranduba-eliria-buso-910x410.jpg 910w, https:\/\/catracalivre.com.br\/wp-content\/uploads\/2023\/12\/praia-de-maranduba-eliria-buso-450x203.jpg 450w, https:\/\/catracalivre.com.br\/wp-content\/uploads\/2023\/12\/praia-de-maranduba-eliria-buso-768x346.jpg 768w\" sizes=\"(max-width: 910px) 100vw, 910px\"\/><\/p>\n<p>Cr\u00e9ditos: Eliria Buso\/Divulga\u00e7\u00e3o<\/p>\n<\/div>\n<\/div>\n<p><span class=\"post-imagem__legenda\">Praia de Maranduba, em Ubatuba<\/span><\/p>\n<\/div>\n<p>Unindo a exuber\u00e2ncia da Mata Atl\u00e2ntica preservada com o mar de \u00e1guas em diversos tons de verde, o cen\u00e1rio n\u00e3o poderia ser outro: um o\u00e1sis.<\/p>\n<p>E, para ajudar os viajantes, a Catraca Livre fez uma sele\u00e7\u00e3o das melhores praias do litoral norte de acordo com o perfil. Confira!<\/p>\n<h2>Litoral norte de SP tem mais de 200 praias; escolha a sua<\/h2>\n<h3>Para fam\u00edlias com crian\u00e7as<\/h3>\n<h4>Praia de Guaratuba (Bertioga)<\/h4>\n<p>Localizada entre os rios Guaratuba e Itaguar\u00e9, a praia oferece um mar aberto com \u00e1guas calmas e cristalinas. A cerca de 20 km do centro da cidade, tem um ambiente tranquilo e uma extensa faixa de areia de oito quil\u00f4metros.<\/p>\n<h4>Praia da Tabatinga (Caraguatatuba)<\/h4>\n<p>Tabatinga, no extremo norte da cidade, oferece quase 2 km de orla em uma enseada tranquila, cercada pelo verde da Mata Atl\u00e2ntica. Com areia clara e mar calmo, \u00e9 ideal para fam\u00edlias e atrai praticantes de caiaque, esqui aqu\u00e1tico e windsurf.<\/p>\n<h4>Praia do Juli\u00e3o (Ilhabela)<\/h4>\n<div id=\"attachment_2329121\" class=\"wp-caption aligncenter\">\n<div class=\"d-flex justify-content-center\" data-attachment-id=\"2329121\">\n<div class=\"position-relative d-inline-block\"><img loading=\"lazy\" src=\"https:\/\/catracalivre.com.br\/viagem-livre\/litoral-norte-de-sp-tem-mais-de-200-praias-escolha-a-sua\/Paulo Stefani\/Sectur Ilhabela\" decoding=\"async\" class=\"wp-image-2329121 size-large\" alt=\"A praia do Juli\u00e3o \u00e9 ideal para fam\u00edlias com crian\u00e7as pequenas\" width=\"910\" height=\"607\" srcset=\"https:\/\/catracalivre.com.br\/wp-content\/uploads\/2023\/12\/praia-do-juliao-paulo-stefani-sectur-ilhabela-910x607.jpg 910w, https:\/\/catracalivre.com.br\/wp-content\/uploads\/2023\/12\/praia-do-juliao-paulo-stefani-sectur-ilhabela-450x300.jpg 450w, https:\/\/catracalivre.com.br\/wp-content\/uploads\/2023\/12\/praia-do-juliao-paulo-stefani-sectur-ilhabela-768x512.jpg 768w\" sizes=\"auto, (max-width: 910px) 100vw, 910px\"\/><\/p>\n<p>Cr\u00e9ditos: Paulo Stefani\/Sectur Ilhabela<\/p>\n<\/div>\n<\/div>\n<p><span class=\"post-imagem__legenda\">A praia do Juli\u00e3o \u00e9 ideal para fam\u00edlias com crian\u00e7as pequenas<\/span><\/p>\n<\/div>\n<p>Com 250 metros de orla tranquila, a praia oferece areia branca, vegeta\u00e7\u00e3o de Mata Atl\u00e2ntica e um mar com pedras e ilhotas. Ideal para mergulho livre, possui piscinas naturais e peixes ornamentais.<\/p>\n<h4>Praia de Guaec\u00e1 (S\u00e3o Sebasti\u00e3o)<\/h4>\n<p>A praia oferece mar calmo, sendo perfeita para banho e fam\u00edlias com crian\u00e7as, principalmente no meio e canto esquerdo. A praia n\u00e3o \u00e9 de tombo e apenas o canto direito tem algumas ondas.<\/p>\n<h4>Praia de Maranduba (Ubatuba)<\/h4>\n<p>No litoral sul de Ubatuba, a faixa de areia \u00e9 ideal tanto para esportes quanto para fam\u00edlias com crian\u00e7as, devido ao mar calmo. A orla conta com quiosques, e a praia ainda oferece entretenimentos como banana boat e um tobo\u00e1gua aqu\u00e1tico.<\/p>\n<h3>Para surfar<\/h3>\n<h4>Boraceia (Bertioga)<\/h4>\n<p>Na divisa entre Bertioga e S\u00e3o Sebasti\u00e3o, \u00e9 a porta de entrada para o Litoral Norte de S\u00e3o Paulo, com ondas manobr\u00e1veis em seus cinco quil\u00f4metros de extens\u00e3o.<\/p>\n<h4>Praia de Massagua\u00e7\u00fa (Caraguatatuba)<\/h4>\n<div id=\"attachment_2329124\" class=\"wp-caption aligncenter\">\n<div class=\"d-flex justify-content-center\" data-attachment-id=\"2329124\">\n<div class=\"position-relative d-inline-block\"><img loading=\"lazy\" src=\"https:\/\/catracalivre.com.br\/viagem-livre\/litoral-norte-de-sp-tem-mais-de-200-praias-escolha-a-sua\/Eliria Buso\/Divulga\u00e7\u00e3o\" decoding=\"async\" class=\"wp-image-2329124 size-large\" alt=\"Praia de Massagua\u00e7\u00fa, em Caraguatatuba, no litoral norte de SP\" width=\"910\" height=\"410\" srcset=\"https:\/\/catracalivre.com.br\/wp-content\/uploads\/2023\/12\/praia-de-massaguacu-910x410.jpg 910w, https:\/\/catracalivre.com.br\/wp-content\/uploads\/2023\/12\/praia-de-massaguacu-450x203.jpg 450w, https:\/\/catracalivre.com.br\/wp-content\/uploads\/2023\/12\/praia-de-massaguacu-768x346.jpg 768w\" sizes=\"auto, (max-width: 910px) 100vw, 910px\"\/><\/p>\n<p>Cr\u00e9ditos: Eliria Buso\/Divulga\u00e7\u00e3o<\/p>\n<\/div>\n<\/div>\n<p><span class=\"post-imagem__legenda\">Praia de Massagua\u00e7\u00fa, em Caraguatatuba, no litoral norte de SP<\/span><\/p>\n<\/div>\n<p>A 8 km do centro, a praia destaca-se pelas ondas fortes e correnteza, sendo ideal para surfe e bodyboard. Al\u00e9m disso, \u00e9 reconhecida como a melhor para pesca de arremesso em S\u00e3o Paulo.<\/p>\n<h4>Praia do Bonete (Ilhabela)<\/h4>\n<p>A praia, listada entre as dez mais bonitas do Brasil, \u00e9 um para\u00edso para surfistas, com areias macias, \u00e1guas claras, e ondas de at\u00e9 tr\u00eas metros de altura.<\/p>\n<h4>Camburi (S\u00e3o Sebasti\u00e3o)<\/h4>\n<p>Localizada na costa sul da cidade, Camburi \u00e9 agitada e procurada principalmente pelos surfistas por suas boas ondas. A praia tem boa estrutura de servi\u00e7os \u00e0 beira-mar.<\/p>\n<h4>Itamambuca (Ubatuba)<\/h4>\n<div id=\"attachment_1984713\" class=\"wp-caption aligncenter\">\n<div class=\"d-flex justify-content-center\" data-attachment-id=\"1984713\">\n<div class=\"position-relative d-inline-block\"><img src=\"https:\/\/catracalivre.com.br\/viagem-livre\/litoral-norte-de-sp-tem-mais-de-200-praias-escolha-a-sua\/Divulga\u00e7\u00e3o\" loading=\"lazy\" decoding=\"async\" class=\"size-full wp-image-1984713\" alt=\"Vista da praia de Itamambuca, em Ubatuba\" width=\"800\" height=\"533\" srcset=\"https:\/\/catracalivre.com.br\/wp-content\/uploads\/2019\/11\/itamambuca-eco-resort-praia-1.jpg 800w, https:\/\/catracalivre.com.br\/wp-content\/uploads\/2019\/11\/itamambuca-eco-resort-praia-1-450x300.jpg 450w, https:\/\/catracalivre.com.br\/wp-content\/uploads\/2019\/11\/itamambuca-eco-resort-praia-1-768x512.jpg 768w\" sizes=\"auto, (max-width: 800px) 100vw, 800px\"\/><\/p>\n<p>Cr\u00e9ditos: Divulga\u00e7\u00e3o<\/p>\n<\/div>\n<\/div>\n<p><span class=\"post-imagem__legenda\">Vista da praia de Itamambuca, em Ubatuba<\/span><\/p>\n<\/div>\n<p>Com extensa faixa de areia branca, mar com ondula\u00e7\u00e3o forte e boas ondas, \u00e9 sede de grandes campeonatos de surfe.<\/p>\n<h3>Para badalar<\/h3>\n<h4>Riviera de S\u00e3o Louren\u00e7o (Bertioga)<\/h4>\n<div id=\"attachment_2329129\" class=\"wp-caption aligncenter\">\n<div class=\"d-flex justify-content-center\" data-attachment-id=\"2329129\">\n<div class=\"position-relative d-inline-block\"><img src=\"https:\/\/catracalivre.com.br\/viagem-livre\/litoral-norte-de-sp-tem-mais-de-200-praias-escolha-a-sua\/Marcos Pertinhes\/Divulga\u00e7\u00e3o\" loading=\"lazy\" decoding=\"async\" class=\"size-large wp-image-2329129\" alt=\"Para quem gosta de badalar, a Riviera de S\u00e3o Louren\u00e7o \u00e9 o lugar ideal\" width=\"910\" height=\"683\" srcset=\"https:\/\/catracalivre.com.br\/wp-content\/uploads\/2023\/12\/riviera-de-sao-lourenco-bertioga-910x683.jpg 910w, https:\/\/catracalivre.com.br\/wp-content\/uploads\/2023\/12\/riviera-de-sao-lourenco-bertioga-450x338.jpg 450w, https:\/\/catracalivre.com.br\/wp-content\/uploads\/2023\/12\/riviera-de-sao-lourenco-bertioga-768x576.jpg 768w\" sizes=\"auto, (max-width: 910px) 100vw, 910px\"\/><\/p>\n<p>Cr\u00e9ditos: Marcos Pertinhes\/Divulga\u00e7\u00e3o<\/p>\n<\/div>\n<\/div>\n<p><span class=\"post-imagem__legenda\">Para quem gosta de badalar, a Riviera de S\u00e3o Louren\u00e7o \u00e9 o lugar ideal<\/span><\/p>\n<\/div>\n<p>A Riviera de S\u00e3o Louren\u00e7o destaca-se como uma das praias mais populares, oferecendo a maior infraestrutura da regi\u00e3o com diversas lojas, bares, restaurantes e hot\u00e9is. Al\u00e9m disso, apresenta belas faixas de areia e uma natureza preservada.<\/p>\n<h4>Praia de Martim de S\u00e1 (Caraguatatuba)<\/h4>\n<p>A praia destaca-se pela urbaniza\u00e7\u00e3o e excelente estrutura, incluindo quiosques, bares e restaurantes. Com um cal\u00e7ad\u00e3o com ciclovia, oferece atividades como aluguel de caiaques e pranchas de surf. Durante a temporada, \u00e9 point dos jovens \u00e0 noite.<\/p>\n<h4>Praia do Curral (Ilhabela)<\/h4>\n<p>A badalada praia se destaca por sua extens\u00e3o de 566 metros e p\u00fablico animado. Com diversos bares e restaurantes, oferece divers\u00e3o garantida com atividades n\u00e1uticas e uma infraestrutura completa com quiosques, banheiros e parquinho.<\/p>\n<h4>Maresias (S\u00e3o Sebasti\u00e3o)<\/h4>\n<div id=\"attachment_2329127\" class=\"wp-caption aligncenter\">\n<div class=\"d-flex justify-content-center\" data-attachment-id=\"2329127\">\n<div class=\"position-relative d-inline-block\"><img src=\"\" loading=\"lazy\" decoding=\"async\" class=\"size-large wp-image-2329127\" alt=\"A praia de Maresias \u00e9 uma das mais badaladas do litoral norte de SP\" width=\"910\" height=\"682\" srcset=\"https:\/\/catracalivre.com.br\/wp-content\/uploads\/2023\/12\/maresias-910x682.jpg 910w, https:\/\/catracalivre.com.br\/wp-content\/uploads\/2023\/12\/maresias-450x337.jpg 450w, https:\/\/catracalivre.com.br\/wp-content\/uploads\/2023\/12\/maresias-768x575.jpg 768w\" sizes=\"auto, (max-width: 910px) 100vw, 910px\"\/><\/div>\n<\/div>\n<p><span class=\"post-imagem__legenda\">A praia de Maresias \u00e9 uma das mais badaladas do litoral norte de SP<\/span><\/p>\n<\/div>\n<p>Uma das praias mais conhecidas da regi\u00e3o, oferece estrutura restaurantes e loca\u00e7\u00f5es de equipamentos. \u00c9 ideal para futev\u00f4lei, stand-up paddle e caminhadas, famosa pelo surf, e atrai o p\u00fablico jovem com suas casas noturnas e bares.<\/p>\n<h4>Praia Grande (Ubatuba)<\/h4>\n<p>Bastante urbanizada, \u00e9 o destino mais popular de Ubatuba, frequentado por turistas em busca de agito. Com 1,6 km de extens\u00e3o, a praia conta com ampla oferta de hospedagem, alimenta\u00e7\u00e3o, compras e diversos quiosques, al\u00e9m de vendedores ambulantes.<\/p>\n<h3>Para ficar longe do agito<\/h3>\n<h4>Itaguar\u00e9 (Bertioga)<\/h4>\n<div id=\"attachment_2329125\" class=\"wp-caption aligncenter\">\n<div class=\"d-flex justify-content-center\" data-attachment-id=\"2329125\">\n<div class=\"position-relative d-inline-block\"><img src=\"https:\/\/catracalivre.com.br\/viagem-livre\/litoral-norte-de-sp-tem-mais-de-200-praias-escolha-a-sua\/Marcos Pertinhes\/Divulga\u00e7\u00e3o\" loading=\"lazy\" decoding=\"async\" class=\"wp-image-2329125 size-full\" alt=\"A tranquila praia de Itaguar\u00e9, em Bertioga\" width=\"800\" height=\"536\" srcset=\"https:\/\/catracalivre.com.br\/wp-content\/uploads\/2023\/12\/praia-de-itaguare-marcos-pertinhes.jpg 800w, https:\/\/catracalivre.com.br\/wp-content\/uploads\/2023\/12\/praia-de-itaguare-marcos-pertinhes-450x302.jpg 450w, https:\/\/catracalivre.com.br\/wp-content\/uploads\/2023\/12\/praia-de-itaguare-marcos-pertinhes-768x515.jpg 768w\" sizes=\"auto, (max-width: 800px) 100vw, 800px\"\/><\/p>\n<p>Cr\u00e9ditos: Marcos Pertinhes\/Divulga\u00e7\u00e3o<\/p>\n<\/div>\n<\/div>\n<p><span class=\"post-imagem__legenda\">A tranquila praia de Itaguar\u00e9, em Bertioga<\/span><\/p>\n<\/div>\n<p>A 20 km do centro de Bertioga, a praia \u00e9 integrada ao Parque Estadual da Restinga, proporcionando uma paisagem \u00fanica. Tem 3 quil\u00f4metros de extens\u00e3o e oferece atra\u00e7\u00f5es como o encontro do mar com o rio e trilhas para restaurantes.<\/p>\n<h4>Praia da Mococa (Caraguatatuba)<\/h4>\n<p>A cerca de 14 km do centro de Caraguatatuba, a faixa de areia \u00e9 ideal para mergulho livre, pesca esportiva e caiaque, com mar calmo para banhistas. Destaca-se pela areia monaz\u00edtica e serve como sa\u00edda para a Ilha do Tamandu\u00e1.<\/p>\n<h4>Praia da Pacu\u00edba (Ilhabela)<\/h4>\n<p>Com acesso por estrada de terra e trilha, a praia oferece isolamento, \u00e1guas claras para mergulho livre e boas condi\u00e7\u00f5es para kitesurfe e windsurfe. Quase deserta, n\u00e3o possui estrutura, proporcionando um ambiente tranquilo.<\/p>\n<h4>Barra do Una (S\u00e3o Sebasti\u00e3o)<\/h4>\n<div id=\"attachment_2329123\" class=\"wp-caption aligncenter\">\n<div class=\"d-flex justify-content-center\" data-attachment-id=\"2329123\">\n<div class=\"position-relative d-inline-block\"><img src=\"https:\/\/catracalivre.com.br\/viagem-livre\/litoral-norte-de-sp-tem-mais-de-200-praias-escolha-a-sua\/Alf Ribeiro\/Express\u00e3o Studio\" loading=\"lazy\" decoding=\"async\" class=\"wp-image-2329123 size-full\" alt=\"Vista panor\u00e2mica da praia da Barra do Una\" width=\"720\" height=\"480\" srcset=\"https:\/\/catracalivre.com.br\/wp-content\/uploads\/2023\/12\/barra-do-una-sao-sebastiao.jpg 720w, https:\/\/catracalivre.com.br\/wp-content\/uploads\/2023\/12\/barra-do-una-sao-sebastiao-450x300.jpg 450w\" sizes=\"auto, (max-width: 720px) 100vw, 720px\"\/><\/p>\n<p>Cr\u00e9ditos: Alf Ribeiro\/Express\u00e3o Studio<\/p>\n<\/div>\n<\/div>\n<p><span class=\"post-imagem__legenda\">Vista panor\u00e2mica da praia da Barra do Una<\/span><\/p>\n<\/div>\n<p>Barra do Una encanta com trilhas na mata atl\u00e2ntica, rio que des\u00e1gua no mar e \u00e1guas cristalinas. Destaque para a \u201cpen\u00ednsula\u201d de areia, onde o rio Una encontra o mar, e atividades como stand up paddle, caiaque e passeios de barco.<\/p>\n<h4>Praia do Cedro (Ubatuba)<\/h4>\n<p>Considerada deserta, a Praia do Cedro possui apenas um quiosque que atende a faixa de areia inteira por ser pequena. Al\u00e9m disso, tem areia branca, rochas e \u00e9 usada para o cultivo de mexilh\u00f5es.<\/p>\n<\/div>\n<p><script>\n\t\t! function(f, b, e, v, n, t, s) {\n\t\t\tif (f.fbq) return;\n\t\t\tn = f.fbq = function() {\n\t\t\t\tn.callMethod ?\n\t\t\t\t\tn.callMethod.apply(n, arguments) : n.queue.push(arguments)\n\t\t\t};\n\t\t\tif (!f._fbq) f._fbq = n;\n\t\t\tn.push = n;\n\t\t\tn.loaded = !0;\n\t\t\tn.version = '2.0';\n\t\t\tn.queue = [];\n\t\t\tt = b.createElement(e);\n\t\t\tt.async = !0;\n\t\t\tt.src = v;\n\t\t\ts = b.getElementsByTagName(e)[0];\n\t\t\ts.parentNode.insertBefore(t, s)\n\t\t}(window, document, 'script',\n\t\t\t'https:\/\/connect.facebook.net\/en_US\/fbevents.js');\n\t\tfbq('init', '338315473262380');\n\t\tfbq('track', 'PageView');\n\t<\/script><br \/>\n<br \/><br \/>\n<br \/><a href=\"https:\/\/catracalivre.com.br\/viagem-livre\/litoral-norte-de-sp-tem-mais-de-200-praias-escolha-a-sua\/\">Source link <\/a><\/p>\n<!-- CONTENT END 1 -->\n","protected":false},"excerpt":{"rendered":"<p>Uma das costas mais bonitas do pa\u00eds, o litoral norte de S\u00e3o Paulo abriga quase 200 praias paradis\u00edacas envoltas \u00e0 muita natureza. A regi\u00e3o, que&#8230;<\/p>\n","protected":false},"author":1,"featured_media":18286,"comment_status":"open","ping_status":"open","sticky":false,"template":"","format":"standard","meta":{"advanced_seo_description":"","jetpack_seo_html_title":"","jetpack_seo_noindex":false,"jetpack_post_was_ever_published":false,"_jetpack_newsletter_access":"","_jetpack_dont_email_post_to_subs":false,"_jetpack_newsletter_tier_id":0,"_jetpack_memberships_contains_paywalled_content":false,"_jetpack_memberships_contains_paid_content":false,"footnotes":"","jetpack_publicize_message":"","jetpack_publicize_feature_enabled":true,"jetpack_social_post_already_shared":true,"jetpack_social_options":{"image_generator_settings":{"template":"highway","default_image_id":0,"font":"","enabled":false},"version":2}},"categories":[19],"tags":[],"class_list":["post-18285","post","type-post","status-publish","format-standard","has-post-thumbnail","hentry","category-variedades"],"jetpack_publicize_connections":[],"jetpack_featured_media_url":"https:\/\/i0.wp.com\/noticiasribeiraopreto.com.br\/wp-content\/uploads\/2023\/12\/praia-do-bonete-mariana-sampaio-sectur-ilhabela.jpg?fit=1200%2C638&ssl=1","jetpack-related-posts":[{"id":61933,"url":"https:\/\/noticiasribeiraopreto.com.br\/index.php\/2024\/12\/28\/reveillon-no-litoral-de-sp-veja-quais-praias-estao-improprias-para-banho\/","url_meta":{"origin":18285,"position":0},"title":"R\u00e9veillon no litoral de SP? Veja quais praias est\u00e3o impr\u00f3prias para banho","author":"noticiasribeiraopreto.com.br","date":"28 de December de 2024","format":false,"excerpt":"O Litoral de S\u00e3o Paulo registra 29 praias impr\u00f3prias para banho, conforme o \u00faltimo relat\u00f3rio da Companhia de Tecnologia e Saneamento Ambiental (Cetesb), atualizado nesta quinta-feira (26). De acordo com o boletim, 16 praias do litoral Norte e 13 do litoral Sul est\u00e3o classificadas como impr\u00f3prias para o banho e\u2026","rel":"","context":"In &quot;Not\u00edcias de Ribeir\u00e3o Preto-SP e Regi\u00e3o&quot;","block_context":{"text":"Not\u00edcias de Ribeir\u00e3o Preto-SP e Regi\u00e3o","link":"https:\/\/noticiasribeiraopreto.com.br\/index.php\/category\/noticias-de-ribeirao-preto-sp-e-regiao-ismael-colosi\/"},"img":{"alt_text":"","src":"https:\/\/i0.wp.com\/noticiasribeiraopreto.com.br\/wp-content\/uploads\/2024\/12\/WhatsApp-Image-2023-12-23-at-16.43.19.jpeg?fit=1200%2C675&ssl=1&resize=350%2C200","width":350,"height":200,"srcset":"https:\/\/i0.wp.com\/noticiasribeiraopreto.com.br\/wp-content\/uploads\/2024\/12\/WhatsApp-Image-2023-12-23-at-16.43.19.jpeg?fit=1200%2C675&ssl=1&resize=350%2C200 1x, https:\/\/i0.wp.com\/noticiasribeiraopreto.com.br\/wp-content\/uploads\/2024\/12\/WhatsApp-Image-2023-12-23-at-16.43.19.jpeg?fit=1200%2C675&ssl=1&resize=525%2C300 1.5x, https:\/\/i0.wp.com\/noticiasribeiraopreto.com.br\/wp-content\/uploads\/2024\/12\/WhatsApp-Image-2023-12-23-at-16.43.19.jpeg?fit=1200%2C675&ssl=1&resize=700%2C400 2x, https:\/\/i0.wp.com\/noticiasribeiraopreto.com.br\/wp-content\/uploads\/2024\/12\/WhatsApp-Image-2023-12-23-at-16.43.19.jpeg?fit=1200%2C675&ssl=1&resize=1050%2C600 3x"},"classes":[]},{"id":22641,"url":"https:\/\/noticiasribeiraopreto.com.br\/index.php\/2023\/12\/30\/as-melhores-praias-para-criancas-no-litoral-de-sp\/","url_meta":{"origin":18285,"position":1},"title":"As melhores praias para crian\u00e7as no litoral de SP","author":"noticiasribeiraopreto.com.br","date":"30 de December de 2023","format":false,"excerpt":"Apesar das f\u00e9rias escolares estarem no fim, ainda d\u00e1 tempo de passar alguns dias na praia e aproveitar o ver\u00e3o com as crian\u00e7as na praia. A Catraca Livre fez um levantamento das melhores praias para fam\u00edlias que viajam com crian\u00e7as pequenas. Do litoral norte ao sul, a lista inclui praias\u2026","rel":"","context":"In &quot;Variedades&quot;","block_context":{"text":"Variedades","link":"https:\/\/noticiasribeiraopreto.com.br\/index.php\/category\/variedades\/"},"img":{"alt_text":"","src":"https:\/\/i0.wp.com\/noticiasribeiraopreto.com.br\/wp-content\/uploads\/2023\/12\/ilha-do-cardoso.jpg?fit=1200%2C638&ssl=1&resize=350%2C200","width":350,"height":200,"srcset":"https:\/\/i0.wp.com\/noticiasribeiraopreto.com.br\/wp-content\/uploads\/2023\/12\/ilha-do-cardoso.jpg?fit=1200%2C638&ssl=1&resize=350%2C200 1x, https:\/\/i0.wp.com\/noticiasribeiraopreto.com.br\/wp-content\/uploads\/2023\/12\/ilha-do-cardoso.jpg?fit=1200%2C638&ssl=1&resize=525%2C300 1.5x, https:\/\/i0.wp.com\/noticiasribeiraopreto.com.br\/wp-content\/uploads\/2023\/12\/ilha-do-cardoso.jpg?fit=1200%2C638&ssl=1&resize=700%2C400 2x, https:\/\/i0.wp.com\/noticiasribeiraopreto.com.br\/wp-content\/uploads\/2023\/12\/ilha-do-cardoso.jpg?fit=1200%2C638&ssl=1&resize=1050%2C600 3x"},"classes":[]},{"id":80331,"url":"https:\/\/noticiasribeiraopreto.com.br\/index.php\/2025\/11\/19\/vai-aproveitar-o-feriado-no-litoral-veja-quais-praias-estao-improprias-para-banho\/","url_meta":{"origin":18285,"position":2},"title":"Vai aproveitar o feriado no Litoral? Veja quais praias est\u00e3o impr\u00f3prias para banho","author":"noticiasribeiraopreto.com.br","date":"19 de November de 2025","format":false,"excerpt":"Vai descer para o Litoral de S\u00e3o Paulo no feriado prolongado da Consci\u00eancia Negra? Ent\u00e3o fique atento porque 53 praias do estado est\u00e3o impr\u00f3prias para banho, segundo relat\u00f3rio divulgado nesta quarta-feira (19) pela Companhia Ambiental do Estado de S\u00e3o Paulo (Cetesb). Entre os destinos mais afetados est\u00e3o Mongagu\u00e1, onde todas\u2026","rel":"","context":"In &quot;Not\u00edcias de Ribeir\u00e3o Preto-SP e Regi\u00e3o&quot;","block_context":{"text":"Not\u00edcias de Ribeir\u00e3o Preto-SP e Regi\u00e3o","link":"https:\/\/noticiasribeiraopreto.com.br\/index.php\/category\/noticias-de-ribeirao-preto-sp-e-regiao-ismael-colosi\/"},"img":{"alt_text":"","src":"https:\/\/i0.wp.com\/noticiasribeiraopreto.com.br\/wp-content\/uploads\/2025\/11\/AnyConv.com__guaruja.webp.webp?fit=1200%2C900&ssl=1&resize=350%2C200","width":350,"height":200,"srcset":"https:\/\/i0.wp.com\/noticiasribeiraopreto.com.br\/wp-content\/uploads\/2025\/11\/AnyConv.com__guaruja.webp.webp?fit=1200%2C900&ssl=1&resize=350%2C200 1x, https:\/\/i0.wp.com\/noticiasribeiraopreto.com.br\/wp-content\/uploads\/2025\/11\/AnyConv.com__guaruja.webp.webp?fit=1200%2C900&ssl=1&resize=525%2C300 1.5x, https:\/\/i0.wp.com\/noticiasribeiraopreto.com.br\/wp-content\/uploads\/2025\/11\/AnyConv.com__guaruja.webp.webp?fit=1200%2C900&ssl=1&resize=700%2C400 2x, https:\/\/i0.wp.com\/noticiasribeiraopreto.com.br\/wp-content\/uploads\/2025\/11\/AnyConv.com__guaruja.webp.webp?fit=1200%2C900&ssl=1&resize=1050%2C600 3x"},"classes":[]},{"id":16762,"url":"https:\/\/noticiasribeiraopreto.com.br\/index.php\/2023\/12\/16\/catraca-livre-revela-14-praias-com-aguas-calmas-no-litoral-de-sao-paulo\/","url_meta":{"origin":18285,"position":3},"title":"Catraca Livre revela 14 praias com \u00e1guas calmas no litoral de S\u00e3o Paulo","author":"noticiasribeiraopreto.com.br","date":"16 de December de 2023","format":false,"excerpt":"Nada como aproveitar o ver\u00e3o e as f\u00e9rias escolares para curtir alguns dias no litoral paulista. Por\u00e9m, para quem viaja com crian\u00e7as, encontrar praias com \u00e1guas calmas nem sempre \u00e9 uma tarefa f\u00e1cil. A Catraca Livre fez um levantamento das melhores praias para fam\u00edlias que viajam com crian\u00e7as pequenas. Do\u2026","rel":"","context":"In &quot;Variedades&quot;","block_context":{"text":"Variedades","link":"https:\/\/noticiasribeiraopreto.com.br\/index.php\/category\/variedades\/"},"img":{"alt_text":"","src":"https:\/\/i0.wp.com\/noticiasribeiraopreto.com.br\/wp-content\/uploads\/2023\/12\/port-louis-praia-de-tabatinga-1.jpg?fit=1200%2C638&ssl=1&resize=350%2C200","width":350,"height":200,"srcset":"https:\/\/i0.wp.com\/noticiasribeiraopreto.com.br\/wp-content\/uploads\/2023\/12\/port-louis-praia-de-tabatinga-1.jpg?fit=1200%2C638&ssl=1&resize=350%2C200 1x, https:\/\/i0.wp.com\/noticiasribeiraopreto.com.br\/wp-content\/uploads\/2023\/12\/port-louis-praia-de-tabatinga-1.jpg?fit=1200%2C638&ssl=1&resize=525%2C300 1.5x, https:\/\/i0.wp.com\/noticiasribeiraopreto.com.br\/wp-content\/uploads\/2023\/12\/port-louis-praia-de-tabatinga-1.jpg?fit=1200%2C638&ssl=1&resize=700%2C400 2x, https:\/\/i0.wp.com\/noticiasribeiraopreto.com.br\/wp-content\/uploads\/2023\/12\/port-louis-praia-de-tabatinga-1.jpg?fit=1200%2C638&ssl=1&resize=1050%2C600 3x"},"classes":[]},{"id":16022,"url":"https:\/\/noticiasribeiraopreto.com.br\/index.php\/2023\/12\/14\/catraca-livre-indica-as-11-praias-mais-vazias-do-litoral-de-sao-paulo-para-curtir-o-verao\/","url_meta":{"origin":18285,"position":4},"title":"Catraca Livre indica as 11 praias mais &#8216;vazias&#8217; do litoral de S\u00e3o Paulo para curtir o ver\u00e3o","author":"noticiasribeiraopreto.com.br","date":"14 de December de 2023","format":false,"excerpt":"O litoral de S\u00e3o Paulo possui cerca de 880 km de extens\u00e3o de linha de costa e abrange 16 munic\u00edpios. do sul ao norte. Apesar dessa imensid\u00e3o, ainda \u00e9 poss\u00edvel encontrar praias \u201cquase\u201d desertas e desconhecidas de muitos viajantes. Algumas dessas praias s\u00e3o acess\u00edveis apenas por trilha, que preservam a\u2026","rel":"","context":"In &quot;Variedades&quot;","block_context":{"text":"Variedades","link":"https:\/\/noticiasribeiraopreto.com.br\/index.php\/category\/variedades\/"},"img":{"alt_text":"","src":"https:\/\/i0.wp.com\/noticiasribeiraopreto.com.br\/wp-content\/uploads\/2023\/12\/ilhabela-praia-do-bonete.jpg?fit=1200%2C638&ssl=1&resize=350%2C200","width":350,"height":200,"srcset":"https:\/\/i0.wp.com\/noticiasribeiraopreto.com.br\/wp-content\/uploads\/2023\/12\/ilhabela-praia-do-bonete.jpg?fit=1200%2C638&ssl=1&resize=350%2C200 1x, https:\/\/i0.wp.com\/noticiasribeiraopreto.com.br\/wp-content\/uploads\/2023\/12\/ilhabela-praia-do-bonete.jpg?fit=1200%2C638&ssl=1&resize=525%2C300 1.5x, https:\/\/i0.wp.com\/noticiasribeiraopreto.com.br\/wp-content\/uploads\/2023\/12\/ilhabela-praia-do-bonete.jpg?fit=1200%2C638&ssl=1&resize=700%2C400 2x, https:\/\/i0.wp.com\/noticiasribeiraopreto.com.br\/wp-content\/uploads\/2023\/12\/ilhabela-praia-do-bonete.jpg?fit=1200%2C638&ssl=1&resize=1050%2C600 3x"},"classes":[]},{"id":62566,"url":"https:\/\/noticiasribeiraopreto.com.br\/index.php\/2025\/01\/17\/feriado-na-praia-veja-quais-estao-improprias-para-banho-no-litoral-de-sp\/","url_meta":{"origin":18285,"position":5},"title":"Feriado na praia? Veja quais est\u00e3o impr\u00f3prias para banho no litoral de SP","author":"noticiasribeiraopreto.com.br","date":"17 de January de 2025","format":false,"excerpt":"O Litoral de S\u00e3o Paulo registra 43 praias impr\u00f3prias para banho, conforme o \u00faltimo relat\u00f3rio da Companhia Ambiental do Estado de S\u00e3o Paulo (Cetesb), divulgado nesta quinta-feira (16). Vale ressaltar que este n\u00famero representa uma redu\u00e7\u00e3o em rela\u00e7\u00e3o \u00e0 semana passada, quando 51 praias estavam com bandeira vermelha. No total,\u2026","rel":"","context":"In &quot;Not\u00edcias de Ribeir\u00e3o Preto-SP e Regi\u00e3o&quot;","block_context":{"text":"Not\u00edcias de Ribeir\u00e3o Preto-SP e Regi\u00e3o","link":"https:\/\/noticiasribeiraopreto.com.br\/index.php\/category\/noticias-de-ribeirao-preto-sp-e-regiao-ismael-colosi\/"},"img":{"alt_text":"","src":"https:\/\/i0.wp.com\/noticiasribeiraopreto.com.br\/wp-content\/uploads\/2025\/01\/WhatsApp-Image-2023-12-23-at-16.43.19.jpeg?fit=1200%2C675&ssl=1&resize=350%2C200","width":350,"height":200,"srcset":"https:\/\/i0.wp.com\/noticiasribeiraopreto.com.br\/wp-content\/uploads\/2025\/01\/WhatsApp-Image-2023-12-23-at-16.43.19.jpeg?fit=1200%2C675&ssl=1&resize=350%2C200 1x, https:\/\/i0.wp.com\/noticiasribeiraopreto.com.br\/wp-content\/uploads\/2025\/01\/WhatsApp-Image-2023-12-23-at-16.43.19.jpeg?fit=1200%2C675&ssl=1&resize=525%2C300 1.5x, https:\/\/i0.wp.com\/noticiasribeiraopreto.com.br\/wp-content\/uploads\/2025\/01\/WhatsApp-Image-2023-12-23-at-16.43.19.jpeg?fit=1200%2C675&ssl=1&resize=700%2C400 2x, https:\/\/i0.wp.com\/noticiasribeiraopreto.com.br\/wp-content\/uploads\/2025\/01\/WhatsApp-Image-2023-12-23-at-16.43.19.jpeg?fit=1200%2C675&ssl=1&resize=1050%2C600 3x"},"classes":[]}],"jetpack_sharing_enabled":true,"jetpack_shortlink":"https:\/\/wp.me\/peQAOb-4KV","_links":{"self":[{"href":"https:\/\/noticiasribeiraopreto.com.br\/index.php\/wp-json\/wp\/v2\/posts\/18285","targetHints":{"allow":["GET"]}}],"collection":[{"href":"https:\/\/noticiasribeiraopreto.com.br\/index.php\/wp-json\/wp\/v2\/posts"}],"about":[{"href":"https:\/\/noticiasribeiraopreto.com.br\/index.php\/wp-json\/wp\/v2\/types\/post"}],"author":[{"embeddable":true,"href":"https:\/\/noticiasribeiraopreto.com.br\/index.php\/wp-json\/wp\/v2\/users\/1"}],"replies":[{"embeddable":true,"href":"https:\/\/noticiasribeiraopreto.com.br\/index.php\/wp-json\/wp\/v2\/comments?post=18285"}],"version-history":[{"count":0,"href":"https:\/\/noticiasribeiraopreto.com.br\/index.php\/wp-json\/wp\/v2\/posts\/18285\/revisions"}],"wp:featuredmedia":[{"embeddable":true,"href":"https:\/\/noticiasribeiraopreto.com.br\/index.php\/wp-json\/wp\/v2\/media\/18286"}],"wp:attachment":[{"href":"https:\/\/noticiasribeiraopreto.com.br\/index.php\/wp-json\/wp\/v2\/media?parent=18285"}],"wp:term":[{"taxonomy":"category","embeddable":true,"href":"https:\/\/noticiasribeiraopreto.com.br\/index.php\/wp-json\/wp\/v2\/categories?post=18285"},{"taxonomy":"post_tag","embeddable":true,"href":"https:\/\/noticiasribeiraopreto.com.br\/index.php\/wp-json\/wp\/v2\/tags?post=18285"}],"curies":[{"name":"wp","href":"https:\/\/api.w.org\/{rel}","templated":true}]}}