{"id":18295,"date":"2023-12-20T06:28:11","date_gmt":"2023-12-20T09:28:11","guid":{"rendered":"https:\/\/noticiasribeiraopreto.com.br\/index.php\/2023\/12\/20\/concurso-do-trf-5-abre-inscricao-para-tecnico-judiciario-em-6-estados-2\/"},"modified":"2023-12-20T06:28:11","modified_gmt":"2023-12-20T09:28:11","slug":"concurso-do-trf-5-abre-inscricao-para-tecnico-judiciario-em-6-estados-2","status":"publish","type":"post","link":"https:\/\/noticiasribeiraopreto.com.br\/index.php\/2023\/12\/20\/concurso-do-trf-5-abre-inscricao-para-tecnico-judiciario-em-6-estados-2\/","title":{"rendered":"Concurso do TRF 5 abre inscri\u00e7\u00e3o para t\u00e9cnico judici\u00e1rio em 6 estados"},"content":{"rendered":"<div class='code-block code-block-1' style='margin: 8px 0 8px auto; text-align: right; display: block; clear: both;'>\n<p><a href=\"https:\/\/wa.link\/vpicfd\"><img data-recalc-dims=\"1\" class=\"wp-image-4922\" style=\"aspect-ratio: 2.0253164556962027; width: 561px; height: auto;\" src=\"https:\/\/i0.wp.com\/ismaelcolosi.com.br\/wp-content\/uploads\/2023\/11\/grupo-de-empregos-whatsapp-e-facebook-ismael-colosi-vagas.jpg?ssl=1\" alt=\"\" \/><\/a><\/p>\n<!-- \/wp:image -->\n<\/div>\n<p> <br \/>\n<\/p>\n<div>\n<p>As inscri\u00e7\u00f5es do <strong><a href=\"https:\/\/jcconcursos.com.br\/concurso\/concurso-trf-5-78350\" rel=\"noopener\" target=\"_blank\">concurso do TRF 5<\/a><\/strong> (Tribunal Regional Federal da 5\u00aa Regi\u00e3o) ser\u00e3o abertas \u00e0s 10h desta quarta-feira, dia 20 de dezembro. O edital traz oportunidade para a carreira de t\u00e9cnico judici\u00e1rio, que requer <a href=\"https:\/\/jcconcursos.com.br\/concursos\/nivel-escolar\/superior\" rel=\"noopener\" target=\"_blank\">escolaridade de n\u00edvel superior<\/a>. N\u00e3o foram disponibilizadas vagas imediatas, apenas ser\u00e1 formado cadastro reserva.<\/p>\n<p>Os candidatos poder\u00e3o escolher entre as seguintes \u00e1reas e especialidades: \u00e1rea apoio especializado \u2013 especialidade desenvolvimento de sistemas de informa\u00e7\u00e3o e \u00e1rea apoio especializado \u2013 especialidade tecnologia da informa\u00e7\u00e3o.<\/p>\n<p>A remunera\u00e7\u00e3o inicial \u00e9 de R$ 8.046,84, sendo composta por vencimento de R$ 3.352,85 e Gratifica\u00e7\u00e3o de Atividade Judici\u00e1ria de R$ 4.693,99. Para ambos os cargos, ainda ser\u00e1 acrescido o valor de R$ 1.182,74, relativo ao aux\u00edlio-alimenta\u00e7\u00e3o. A jornada de trabalho semanal \u00e9 de 40 horas.<\/p>\n<p>Os cargos ser\u00e3o lotados nos seguintes estados:<\/p>\n<ul>\n<li>Pernambuco;<\/li>\n<li>Cear\u00e1;<\/li>\n<li>Rio Grande do Norte;<\/li>\n<li>Para\u00edba;<\/li>\n<li>Alagoas; e<\/li>\n<li>Sergipe.<\/li>\n<\/ul>\n<h2>Requisitos e atribui\u00e7\u00f5es<\/h2>\n<p style=\"padding-left: 40px;\">I. t\u00e9cnico judici\u00e1rio \u2013 \u00e1rea apoio especializado \u2013 especialidade desenvolvimento de sistemas de informa\u00e7\u00e3o<\/p>\n<ul>\n<li style=\"list-style-type: none;\">\n<ul>\n<li>requisitos: comprovante de <a href=\"https:\/\/jcconcursos.com.br\/concursos\/nivel-escolar\/superior\" rel=\"noopener\" target=\"_blank\">curso superior completo<\/a> e habilita\u00e7\u00e3o espec\u00edfica em cursos de desenvolvimento de software que somados apresentem carga hor\u00e1ria m\u00ednima de 120 horas\/aula.<\/li>\n<li>descri\u00e7\u00e3o espec\u00edfica: atender ao p\u00fablico interno e\/ou externo; auxiliar na defini\u00e7\u00e3o de arquitetura de software; auxiliar na implanta\u00e7\u00e3o e efetuar o repasse de funcionamento do software para as \u00e1reas; respons\u00e1veis; auxiliar nos projetos de desenvolvimento\/manuten\u00e7\u00e3o de software; executar a an\u00e1lise de neg\u00f3cio e requisitos de software; executar a codifica\u00e7\u00e3o de software (constru\u00e7\u00e3o); executar a medi\u00e7\u00e3o de software para estimativa de esfor\u00e7o e prazo; executar o controle e a fiscaliza\u00e7\u00e3o da qualidade dos softwares produzidos por terceiros; implantar e monitorar os processos de software, bem como as diretrizes e padr\u00f5es utilizados; participar de equipe de planejamento de contrata\u00e7\u00e3o\/aquisi\u00e7\u00e3o de software; executar tarefas da mesma natureza e grau de complexidade, incluindo atividades administrativas pertinentes ao local de lota\u00e7\u00e3o.<\/li>\n<\/ul>\n<\/li>\n<\/ul>\n<p style=\"padding-left: 40px;\">II. t\u00e9cnico judici\u00e1rio \u2013 \u00e1rea apoio especializado \u2013 especialidade tecnologia da informa\u00e7\u00e3o<\/p>\n<ul>\n<li style=\"list-style-type: none;\">\n<ul>\n<li>requisitos: comprovante de curso superior completo e habilita\u00e7\u00e3o espec\u00edfica em cursos de tecnologia da informa\u00e7\u00e3o que somados apresentem carga hor\u00e1ria m\u00ednima de 120horas\/aula.<\/li>\n<li>descri\u00e7\u00e3o espec\u00edfica: apoiar a identifica\u00e7\u00e3o de necessidades do cliente a respeito das evolu\u00e7\u00f5es e utiliza\u00e7\u00e3o dos sistemas de informa\u00e7\u00e3o, estrutura de dados e recursos de Tecnologia da Informa\u00e7\u00e3o; atender ao p\u00fablico interno e\/ou externo; auxiliar na elabora\u00e7\u00e3o de projetos para aquisi\u00e7\u00e3o de hardwares, softwares e servi\u00e7os de Tecnologia da Informa\u00e7\u00e3o; auxiliar na gest\u00e3o de contratos com fornecedores de bens e servi\u00e7os de Tecnologia da Informa\u00e7\u00e3o; desenvolver, implantar e realizar manuten\u00e7\u00e3o de sistemas da informa\u00e7\u00e3o; elaborar especifica\u00e7\u00f5es t\u00e9cnicas de bens e servi\u00e7os de Tecnologia da Informa\u00e7\u00e3o, bem como os respectivos documentos necess\u00e1rios aos processos licitat\u00f3rios relacionados \u00e0 sua \u00e1rea de atua\u00e7\u00e3o; executar manuten\u00e7\u00f5es preventivas, corretivas e evolutivas nos sistemas de informa\u00e7\u00e3o e nos recursos de Tecnologia da Informa\u00e7\u00e3o utilizados; implantar mecanismos para manter o compartilhamento, o desempenho e a seguran\u00e7a dos recursos do ambiente de Tecnologia da Informa\u00e7\u00e3o; monitorar a utiliza\u00e7\u00e3o de normas, procedimentos e de padr\u00f5es de tecnologia utilizados na sua \u00e1rea de atua\u00e7\u00e3o; organizar, estudar, pesquisar, prestar informa\u00e7\u00f5es t\u00e9cnicas, entre outras, pertinentes \u00e0 sua \u00e1rea de atua\u00e7\u00e3o; pesquisar novas tecnologias e verificar sua aplicabilidade a fim de auxiliar a elabora\u00e7\u00e3o de projetos para a aquisi\u00e7\u00e3o de hardwares, softwares e contrata\u00e7\u00e3o de servi\u00e7os pertinentes \u00e0 \u00e1rea de atua\u00e7\u00e3o; prestar suporte \u00e0s demais unidades do \u00f3rg\u00e3o quanto \u00e0 sua \u00e1rea de atua\u00e7\u00e3o; registrar, administrar e atender \u00e0s solicita\u00e7\u00f5es dos usu\u00e1rios, solucionando problemas de hardwares e softwares; executar tarefas da mesma natureza e grau de complexidade, incluindo atividades administrativas pertinentes ao local de lota\u00e7\u00e3o.<\/li>\n<\/ul>\n<\/li>\n<\/ul>\n<h2>Como fazer a inscri\u00e7\u00e3o<\/h2>\n<p>As inscri\u00e7\u00f5es ser\u00e3o recebidas <span style=\"text-decoration: underline;\">at\u00e9 o dia 21 de janeiro de 2024<\/span>, exclusivamente pela internet, atrav\u00e9s do site do Instituto Brasileiro de Forma\u00e7\u00e3o e Capacita\u00e7\u00e3o \u2013 IBFC (<a href=\"https:\/\/concursos.ibfc.org.br\/informacoes\/442\/\" rel=\"noopener\" target=\"_blank\">www.ibfc.org.br<\/a>), banca organizadora do processo de sele\u00e7\u00e3o.<\/p>\n<p>Ap\u00f3s concluir o cadastro, o candidato dever\u00e1 imprimir o boleto banc\u00e1rio referente a taxa de participa\u00e7\u00e3o, no valor de R$ 85, e efetuar o seu pagamento at\u00e9 a data limite de 22 de janeiro, observado o hor\u00e1rio de funcionamento do banco.<\/p>\n<h2>Confira a avalia\u00e7\u00e3o<\/h2>\n<p>Todos os inscritos no concurso do <a href=\"https:\/\/www.trf5.jus.br\/\" rel=\"noopener\" target=\"_blank\">TRF 5<\/a> ser\u00e3o avaliados por meio de uma \u00fanica etapa: prova objetiva, de car\u00e1ter eliminat\u00f3rio e classificat\u00f3rio. Ela ser\u00e1 composta por 60 quest\u00f5es de m\u00faltipla escolha, sendo 20 de conhecimentos gerais (l\u00edngua portuguesa, matem\u00e1tica e racioc\u00ednio l\u00f3gico e no\u00e7\u00f5es de estat\u00edstica) e 40 de conhecimentos espec\u00edficos.<\/p>\n<p>O exame ser\u00e1 aplicado nas cidades de Aracaju\/SE, Fortaleza\/CE, Jo\u00e3o Pessoa\/PB, Macei\u00f3\/AL, Natal\/RN e Recife\/PE na <mark>data prevista de 25 de fevereiro de 2024<\/mark>, em locais e hor\u00e1rios a serem comunicados no edital de convoca\u00e7\u00e3o, a ser publicado em momento oportuno.<\/p>\n<p>+ O JC Concursos disponibiliza mais detalhes sobre o edital, como atribui\u00e7\u00f5es, conte\u00fado program\u00e1tico e cronograma, na <a href=\"https:\/\/jcconcursos.com.br\/concurso\/concurso-trf-5-78350\" rel=\"noopener\" target=\"_blank\">p\u00e1gina do concurso do TRF 5<\/a>.<\/p>\n<p><a id=\"gnews_btn\" href=\"https:\/\/news.google.com\/publications\/CAAqBwgKMOixlQswuZWrAw\" target=\"_blank\" class=\"border_jc_blue link_hover_bg_jc_blue font_85 d-block d-md-inline-block px-2 py-1 mr-0 mr-md-2 mb-3 w-100 text-center\" rel=\"noopener\"><span class=\"text_jc_blue\">Siga o <strong>JC Concursos no Google News<\/strong><\/span><\/a><span id=\"resumo\" class=\"anchor_link\"\/><a href=\"https:\/\/jcconcursos.com.br\/\" class=\"badge badge-light\">concursos publicos<\/a><a href=\"https:\/\/jcconcursos.com.br\/concursos\/inscricoes-abertas\" class=\"badge badge-light\">concursos abertos<\/a><a href=\"https:\/\/jcconcursos.com.br\/concursos\/nacional\" class=\"badge badge-light\">concursos federais<\/a><a href=\"https:\/\/jcconcursos.com.br\/provas\/por-orgao\" class=\"badge badge-light\">provas anteriores<\/a><\/p>\n<\/div>\n<p><br \/>\n<br \/><a href=\"https:\/\/ismaelcolosi.com.br\/concurso-do-trf-5-abre-inscricao-para-tecnico-judiciario-em-6-estados\/\">Source link <\/a><\/p>\n<!-- CONTENT END 1 -->\n","protected":false},"excerpt":{"rendered":"<p>As inscri\u00e7\u00f5es do concurso do TRF 5 (Tribunal Regional Federal da 5\u00aa Regi\u00e3o) ser\u00e3o abertas \u00e0s 10h desta quarta-feira, dia 20 de dezembro. O edital&#8230;<\/p>\n","protected":false},"author":1,"featured_media":18296,"comment_status":"open","ping_status":"open","sticky":false,"template":"","format":"standard","meta":{"advanced_seo_description":"","jetpack_seo_html_title":"","jetpack_seo_noindex":false,"jetpack_post_was_ever_published":false,"_jetpack_newsletter_access":"","_jetpack_dont_email_post_to_subs":false,"_jetpack_newsletter_tier_id":0,"_jetpack_memberships_contains_paywalled_content":false,"_jetpack_memberships_contains_paid_content":false,"footnotes":"","jetpack_publicize_message":"","jetpack_publicize_feature_enabled":true,"jetpack_social_post_already_shared":true,"jetpack_social_options":{"image_generator_settings":{"template":"highway","default_image_id":0,"font":"","enabled":false},"version":2}},"categories":[7],"tags":[],"class_list":["post-18295","post","type-post","status-publish","format-standard","has-post-thumbnail","hentry","category-vagas-de-empregos-em-ribeirao-preto-regiao-brasil"],"jetpack_publicize_connections":[],"jetpack_featured_media_url":"https:\/\/i0.wp.com\/noticiasribeiraopreto.com.br\/wp-content\/uploads\/2023\/12\/concurso-trf-5-predio-sede-recife-maps.jpg?fit=1920%2C1080&ssl=1","jetpack-related-posts":[{"id":61202,"url":"https:\/\/noticiasribeiraopreto.com.br\/index.php\/2024\/12\/05\/trt-abre-concurso-publico-com-salarios-de-ate-r-16-mil-ha-vagas-em-ribeirao\/","url_meta":{"origin":18295,"position":0},"title":"TRT abre concurso p\u00fablico com sal\u00e1rios de at\u00e9 R$ 16 mil; h\u00e1 vagas em Ribeir\u00e3o","author":"noticiasribeiraopreto.com.br","date":"5 de December de 2024","format":false,"excerpt":"O Tribunal Regional do Trabalho da 15\u00aa Regi\u00e3o, com sede em Campinas, publicou nesta quinta-feira (5), o edital do concurso p\u00fablico para os cargos de\u00a0Analista e T\u00e9cnico Judici\u00e1rio. Em Ribeir\u00e3o Preto, as vagas dispon\u00edveis s\u00e3o para: \u00c1rea Judici\u00e1ria \u00c1rea Judici\u00e1ria \u2013 Especialidade Oficial de Justi\u00e7a Avaliador Federal T\u00e9cnico Judici\u00e1rio \u2013\u2026","rel":"","context":"In &quot;Not\u00edcias de Ribeir\u00e3o Preto-SP e Regi\u00e3o&quot;","block_context":{"text":"Not\u00edcias de Ribeir\u00e3o Preto-SP e Regi\u00e3o","link":"https:\/\/noticiasribeiraopreto.com.br\/index.php\/category\/noticias-de-ribeirao-preto-sp-e-regiao-ismael-colosi\/"},"img":{"alt_text":"","src":"https:\/\/i0.wp.com\/noticiasribeiraopreto.com.br\/wp-content\/uploads\/2024\/05\/AnyConv.com__concurso-publico-5.webp.webp?fit=1200%2C800&ssl=1&resize=350%2C200","width":350,"height":200,"srcset":"https:\/\/i0.wp.com\/noticiasribeiraopreto.com.br\/wp-content\/uploads\/2024\/05\/AnyConv.com__concurso-publico-5.webp.webp?fit=1200%2C800&ssl=1&resize=350%2C200 1x, https:\/\/i0.wp.com\/noticiasribeiraopreto.com.br\/wp-content\/uploads\/2024\/05\/AnyConv.com__concurso-publico-5.webp.webp?fit=1200%2C800&ssl=1&resize=525%2C300 1.5x, https:\/\/i0.wp.com\/noticiasribeiraopreto.com.br\/wp-content\/uploads\/2024\/05\/AnyConv.com__concurso-publico-5.webp.webp?fit=1200%2C800&ssl=1&resize=700%2C400 2x, https:\/\/i0.wp.com\/noticiasribeiraopreto.com.br\/wp-content\/uploads\/2024\/05\/AnyConv.com__concurso-publico-5.webp.webp?fit=1200%2C800&ssl=1&resize=1050%2C600 3x"},"classes":[]},{"id":21663,"url":"https:\/\/noticiasribeiraopreto.com.br\/index.php\/2023\/12\/28\/definida-banca-para-novo-edital-de-tecnicos-e-analistas-2\/","url_meta":{"origin":18295,"position":1},"title":"definida banca para novo edital de t\u00e9cnicos e analistas","author":"noticiasribeiraopreto.com.br","date":"28 de December de 2023","format":false,"excerpt":"Um novo concurso TRF 1 (Tribunal Regional Federal da 1 Regi\u00e3o) deve ser realizado em breve. O primeiro passo ocorreu nesta quinta-feira, 28 de dezembro, com a publica\u00e7\u00e3o, no di\u00e1rio oficial da Un\u00e3o, do nome da banca organizadora, que ser\u00e1 a Funda\u00e7\u00e3o Get\u00falio Vargas (FGV), escolhida pelo crit\u00e9rio de dispensa\u2026","rel":"","context":"In &quot;Vagas de Emprego em Ribeir\u00e3o Preto-SP&quot;","block_context":{"text":"Vagas de Emprego em Ribeir\u00e3o Preto-SP","link":"https:\/\/noticiasribeiraopreto.com.br\/index.php\/category\/empregos-classificados-vagas-trabalho\/vagas-de-empregos-em-ribeirao-preto-regiao-brasil\/"},"img":{"alt_text":"","src":"https:\/\/i0.wp.com\/noticiasribeiraopreto.com.br\/wp-content\/uploads\/2023\/12\/trf__1_novo.jpg?fit=1200%2C675&ssl=1&resize=350%2C200","width":350,"height":200,"srcset":"https:\/\/i0.wp.com\/noticiasribeiraopreto.com.br\/wp-content\/uploads\/2023\/12\/trf__1_novo.jpg?fit=1200%2C675&ssl=1&resize=350%2C200 1x, https:\/\/i0.wp.com\/noticiasribeiraopreto.com.br\/wp-content\/uploads\/2023\/12\/trf__1_novo.jpg?fit=1200%2C675&ssl=1&resize=525%2C300 1.5x, https:\/\/i0.wp.com\/noticiasribeiraopreto.com.br\/wp-content\/uploads\/2023\/12\/trf__1_novo.jpg?fit=1200%2C675&ssl=1&resize=700%2C400 2x, https:\/\/i0.wp.com\/noticiasribeiraopreto.com.br\/wp-content\/uploads\/2023\/12\/trf__1_novo.jpg?fit=1200%2C675&ssl=1&resize=1050%2C600 3x"},"classes":[]},{"id":22373,"url":"https:\/\/noticiasribeiraopreto.com.br\/index.php\/2023\/12\/29\/retomado-concurso-do-tj-rn-para-cargos-de-ensino-superior-confira\/","url_meta":{"origin":18295,"position":2},"title":"Retomado concurso do TJ RN para cargos de ensino superior; confira","author":"noticiasribeiraopreto.com.br","date":"29 de December de 2023","format":false,"excerpt":"Boa not\u00edcia para o concurso do TJ RN (Tribunal de Justi\u00e7a do Rio Grande do Norte): foi retomado o certame apenas para os cargos de n\u00edvel superior. Desta forma, j\u00e1 foram divulgados o resultado preliminar da avalia\u00e7\u00e3o de t\u00edtulos e a consulta individual, al\u00e9m de ser aberto o prazo para\u2026","rel":"","context":"In &quot;Vagas de Emprego em Ribeir\u00e3o Preto-SP&quot;","block_context":{"text":"Vagas de Emprego em Ribeir\u00e3o Preto-SP","link":"https:\/\/noticiasribeiraopreto.com.br\/index.php\/category\/empregos-classificados-vagas-trabalho\/vagas-de-empregos-em-ribeirao-preto-regiao-brasil\/"},"img":{"alt_text":"","src":"https:\/\/i0.wp.com\/noticiasribeiraopreto.com.br\/wp-content\/uploads\/2023\/12\/tj_rn_novoo.jpg?fit=1200%2C675&ssl=1&resize=350%2C200","width":350,"height":200,"srcset":"https:\/\/i0.wp.com\/noticiasribeiraopreto.com.br\/wp-content\/uploads\/2023\/12\/tj_rn_novoo.jpg?fit=1200%2C675&ssl=1&resize=350%2C200 1x, https:\/\/i0.wp.com\/noticiasribeiraopreto.com.br\/wp-content\/uploads\/2023\/12\/tj_rn_novoo.jpg?fit=1200%2C675&ssl=1&resize=525%2C300 1.5x, https:\/\/i0.wp.com\/noticiasribeiraopreto.com.br\/wp-content\/uploads\/2023\/12\/tj_rn_novoo.jpg?fit=1200%2C675&ssl=1&resize=700%2C400 2x, https:\/\/i0.wp.com\/noticiasribeiraopreto.com.br\/wp-content\/uploads\/2023\/12\/tj_rn_novoo.jpg?fit=1200%2C675&ssl=1&resize=1050%2C600 3x"},"classes":[]},{"id":17932,"url":"https:\/\/noticiasribeiraopreto.com.br\/index.php\/2023\/12\/19\/alexandre-de-moraes-confirma-selecao-no-primeiro-semestre\/","url_meta":{"origin":18295,"position":3},"title":"Alexandre de Moraes confirma sele\u00e7\u00e3o no primeiro semestre","author":"noticiasribeiraopreto.com.br","date":"19 de December de 2023","format":false,"excerpt":"O concurso TREs Unificado (Tribunal Regional Eleitoral) ser\u00e1 efetivamente realizado no primeiro semestre de 2024. A confirma\u00e7\u00e3o foi feita nesta ter\u00e7a-feira, 19 de dezembro, pelo presidente do Tribunal Superior Eleitoral (TSE), Alexandre de Moraes, durante a sess\u00e3o plen\u00e1rio do tribunal. \u201cO plen\u00e1rio aprovou em outubro a resolu\u00e7\u00e3o 23.724, estabelecendo normas\u2026","rel":"","context":"In &quot;Vagas de Emprego em Ribeir\u00e3o Preto-SP&quot;","block_context":{"text":"Vagas de Emprego em Ribeir\u00e3o Preto-SP","link":"https:\/\/noticiasribeiraopreto.com.br\/index.php\/category\/empregos-classificados-vagas-trabalho\/vagas-de-empregos-em-ribeirao-preto-regiao-brasil\/"},"img":{"alt_text":"","src":"https:\/\/i0.wp.com\/noticiasribeiraopreto.com.br\/wp-content\/uploads\/2023\/12\/concurso_tres_unificado_alexandre_de_moraes_marcelo_camargo_agencia_brasil.jpg?fit=1200%2C675&ssl=1&resize=350%2C200","width":350,"height":200,"srcset":"https:\/\/i0.wp.com\/noticiasribeiraopreto.com.br\/wp-content\/uploads\/2023\/12\/concurso_tres_unificado_alexandre_de_moraes_marcelo_camargo_agencia_brasil.jpg?fit=1200%2C675&ssl=1&resize=350%2C200 1x, https:\/\/i0.wp.com\/noticiasribeiraopreto.com.br\/wp-content\/uploads\/2023\/12\/concurso_tres_unificado_alexandre_de_moraes_marcelo_camargo_agencia_brasil.jpg?fit=1200%2C675&ssl=1&resize=525%2C300 1.5x, https:\/\/i0.wp.com\/noticiasribeiraopreto.com.br\/wp-content\/uploads\/2023\/12\/concurso_tres_unificado_alexandre_de_moraes_marcelo_camargo_agencia_brasil.jpg?fit=1200%2C675&ssl=1&resize=700%2C400 2x, https:\/\/i0.wp.com\/noticiasribeiraopreto.com.br\/wp-content\/uploads\/2023\/12\/concurso_tres_unificado_alexandre_de_moraes_marcelo_camargo_agencia_brasil.jpg?fit=1200%2C675&ssl=1&resize=1050%2C600 3x"},"classes":[]},{"id":11645,"url":"https:\/\/noticiasribeiraopreto.com.br\/index.php\/2023\/12\/06\/com-provas-para-o-dia-17-de-dezembro-veja-concorrencia-deste-concurso-trt\/","url_meta":{"origin":18295,"position":4},"title":"Com provas para o dia 17 de dezembro, veja concorr\u00eancia deste concurso TRT","author":"noticiasribeiraopreto.com.br","date":"6 de December de 2023","format":false,"excerpt":"Confira n\u00fameros de inscritos e concorr\u00eancia do concurso TRT RN Ao todo s\u00e3o nove especialidades ofertadas no concurso TRT RN- Tribunal Regional do Trabalho no Rio Grande do Norte. Veja a concorr\u00eancia a seguir. Concurso TRT RN: N\u00fameros de Inscritos\u00a0 O concurso do Tribunal Regional do Trabalho da 21\u00b0 Regi\u00e3o\u2026","rel":"","context":"In &quot;Vagas de Emprego em Ribeir\u00e3o Preto-SP&quot;","block_context":{"text":"Vagas de Emprego em Ribeir\u00e3o Preto-SP","link":"https:\/\/noticiasribeiraopreto.com.br\/index.php\/category\/empregos-classificados-vagas-trabalho\/vagas-de-empregos-em-ribeirao-preto-regiao-brasil\/"},"img":{"alt_text":"","src":"https:\/\/i0.wp.com\/noticiasribeiraopreto.com.br\/wp-content\/uploads\/2023\/12\/noticiasconcursos.com_.br-com-provas-para-o-dia-17-de-dezembro-veja-concorrencia-deste-concurso-trt-trt-rn-2.jpg?fit=1200%2C800&ssl=1&resize=350%2C200","width":350,"height":200,"srcset":"https:\/\/i0.wp.com\/noticiasribeiraopreto.com.br\/wp-content\/uploads\/2023\/12\/noticiasconcursos.com_.br-com-provas-para-o-dia-17-de-dezembro-veja-concorrencia-deste-concurso-trt-trt-rn-2.jpg?fit=1200%2C800&ssl=1&resize=350%2C200 1x, https:\/\/i0.wp.com\/noticiasribeiraopreto.com.br\/wp-content\/uploads\/2023\/12\/noticiasconcursos.com_.br-com-provas-para-o-dia-17-de-dezembro-veja-concorrencia-deste-concurso-trt-trt-rn-2.jpg?fit=1200%2C800&ssl=1&resize=525%2C300 1.5x, https:\/\/i0.wp.com\/noticiasribeiraopreto.com.br\/wp-content\/uploads\/2023\/12\/noticiasconcursos.com_.br-com-provas-para-o-dia-17-de-dezembro-veja-concorrencia-deste-concurso-trt-trt-rn-2.jpg?fit=1200%2C800&ssl=1&resize=700%2C400 2x, https:\/\/i0.wp.com\/noticiasribeiraopreto.com.br\/wp-content\/uploads\/2023\/12\/noticiasconcursos.com_.br-com-provas-para-o-dia-17-de-dezembro-veja-concorrencia-deste-concurso-trt-trt-rn-2.jpg?fit=1200%2C800&ssl=1&resize=1050%2C600 3x"},"classes":[]},{"id":3992,"url":"https:\/\/noticiasribeiraopreto.com.br\/index.php\/2023\/11\/20\/concurso-publico-do-tj-ap-oferece-remuneracao-de-r-85-mil\/","url_meta":{"origin":18295,"position":5},"title":"Concurso P\u00fablico do TJ AP oferece remunera\u00e7\u00e3o de R$ 8,5 mil","author":"noticiasribeiraopreto.com.br","date":"20 de November de 2023","format":false,"excerpt":"Cr\u00e9ditos: IStockConcurso P\u00fablico do TJ APO Tribunal de Justi\u00e7a do Amap\u00e1 (TJ AP ) anuncia edital de n\u00ba 001\/2023 de seu 13\u00ba concurso p\u00fablico, para preenchimento de 58 vagas e forma\u00e7\u00e3o de cadastro reserva para cargos de T\u00e9cnico Judici\u00e1rio e Analista Judici\u00e1rio de seu quadro de pessoal permanente.Os candidatos do\u2026","rel":"","context":"In &quot;Variedades&quot;","block_context":{"text":"Variedades","link":"https:\/\/noticiasribeiraopreto.com.br\/index.php\/category\/variedades\/"},"img":{"alt_text":"","src":"https:\/\/i0.wp.com\/noticiasribeiraopreto.com.br\/wp-content\/uploads\/2023\/11\/istock-1487702607.jpg?fit=1200%2C638&ssl=1&resize=350%2C200","width":350,"height":200,"srcset":"https:\/\/i0.wp.com\/noticiasribeiraopreto.com.br\/wp-content\/uploads\/2023\/11\/istock-1487702607.jpg?fit=1200%2C638&ssl=1&resize=350%2C200 1x, https:\/\/i0.wp.com\/noticiasribeiraopreto.com.br\/wp-content\/uploads\/2023\/11\/istock-1487702607.jpg?fit=1200%2C638&ssl=1&resize=525%2C300 1.5x, https:\/\/i0.wp.com\/noticiasribeiraopreto.com.br\/wp-content\/uploads\/2023\/11\/istock-1487702607.jpg?fit=1200%2C638&ssl=1&resize=700%2C400 2x, https:\/\/i0.wp.com\/noticiasribeiraopreto.com.br\/wp-content\/uploads\/2023\/11\/istock-1487702607.jpg?fit=1200%2C638&ssl=1&resize=1050%2C600 3x"},"classes":[]}],"jetpack_sharing_enabled":true,"jetpack_shortlink":"https:\/\/wp.me\/peQAOb-4L5","_links":{"self":[{"href":"https:\/\/noticiasribeiraopreto.com.br\/index.php\/wp-json\/wp\/v2\/posts\/18295","targetHints":{"allow":["GET"]}}],"collection":[{"href":"https:\/\/noticiasribeiraopreto.com.br\/index.php\/wp-json\/wp\/v2\/posts"}],"about":[{"href":"https:\/\/noticiasribeiraopreto.com.br\/index.php\/wp-json\/wp\/v2\/types\/post"}],"author":[{"embeddable":true,"href":"https:\/\/noticiasribeiraopreto.com.br\/index.php\/wp-json\/wp\/v2\/users\/1"}],"replies":[{"embeddable":true,"href":"https:\/\/noticiasribeiraopreto.com.br\/index.php\/wp-json\/wp\/v2\/comments?post=18295"}],"version-history":[{"count":0,"href":"https:\/\/noticiasribeiraopreto.com.br\/index.php\/wp-json\/wp\/v2\/posts\/18295\/revisions"}],"wp:featuredmedia":[{"embeddable":true,"href":"https:\/\/noticiasribeiraopreto.com.br\/index.php\/wp-json\/wp\/v2\/media\/18296"}],"wp:attachment":[{"href":"https:\/\/noticiasribeiraopreto.com.br\/index.php\/wp-json\/wp\/v2\/media?parent=18295"}],"wp:term":[{"taxonomy":"category","embeddable":true,"href":"https:\/\/noticiasribeiraopreto.com.br\/index.php\/wp-json\/wp\/v2\/categories?post=18295"},{"taxonomy":"post_tag","embeddable":true,"href":"https:\/\/noticiasribeiraopreto.com.br\/index.php\/wp-json\/wp\/v2\/tags?post=18295"}],"curies":[{"name":"wp","href":"https:\/\/api.w.org\/{rel}","templated":true}]}}