{"id":18327,"date":"2023-12-20T08:36:15","date_gmt":"2023-12-20T11:36:15","guid":{"rendered":"https:\/\/noticiasribeiraopreto.com.br\/index.php\/2023\/12\/20\/tres-sinais-na-pele-que-podem-indicar-doenca-cardiovascular\/"},"modified":"2023-12-20T08:36:15","modified_gmt":"2023-12-20T11:36:15","slug":"tres-sinais-na-pele-que-podem-indicar-doenca-cardiovascular","status":"publish","type":"post","link":"https:\/\/noticiasribeiraopreto.com.br\/index.php\/2023\/12\/20\/tres-sinais-na-pele-que-podem-indicar-doenca-cardiovascular\/","title":{"rendered":"Tr\u00eas sinais na pele que podem indicar doen\u00e7a cardiovascular"},"content":{"rendered":"<div class='code-block code-block-1' style='margin: 8px 0 8px auto; text-align: right; display: block; clear: both;'>\n<p><a href=\"https:\/\/wa.link\/vpicfd\"><img data-recalc-dims=\"1\" class=\"wp-image-4922\" style=\"aspect-ratio: 2.0253164556962027; width: 561px; height: auto;\" src=\"https:\/\/i0.wp.com\/ismaelcolosi.com.br\/wp-content\/uploads\/2023\/11\/grupo-de-empregos-whatsapp-e-facebook-ismael-colosi-vagas.jpg?ssl=1\" alt=\"\" \/><\/a><\/p>\n<!-- \/wp:image -->\n<\/div>\n<p> <br \/>\n<\/p>\n<div>\n<p>Se n\u00e3o forem detectadas precocemente e tratadas, as <a href=\"https:\/\/catracalivre.com.br\/saude-bem-estar\/prestar-atencao-nos-pes-pode-prever-doencas-cardiovasculares\/\">doen\u00e7as cardiovasculares<\/a> podem ser fatais. Portanto, detectar quaisquer sinais de alerta \u00e9 muito importante.<\/p>\n<p>Alguns dos sinais de doen\u00e7a card\u00edaca s\u00e3o bastante conhecidos, como dor no peito. No entanto, outros s\u00e3o menos. De acordo com um especialista, existem mais alguns sintomas inesperados que podem aparecer na\u00a0<a href=\"https:\/\/catracalivre.com.br\/saude-bem-estar\/estudo-descobre-proteina-espalha-cancer-de-pele-veja-qual-e\/\">pele<\/a>.<\/p>\n<div id=\"attachment_2275807\" class=\"wp-caption alignnone\">\n<div class=\"d-flex justify-content-center\" data-attachment-id=\"2275807\">\n<div class=\"position-relative d-inline-block\"><img data-recalc-dims=\"1\" data-portal-copyright=\"wildpixel\/istock\" fetchpriority=\"high\" decoding=\"async\" class=\"size-large wp-image-2275807\" src=\"https:\/\/i0.wp.com\/catracalivre.com.br\/wp-content\/uploads\/2023\/06\/istock-1128931450-910x576.jpg?resize=910%2C576&#038;ssl=1\" alt=\"Conhe\u00e7a os sinais pouco conhecidos que podem indicar doen\u00e7as cardiovasculares\" width=\"910\" height=\"576\" srcset=\"https:\/\/catracalivre.com.br\/wp-content\/uploads\/2023\/06\/istock-1128931450-910x576.jpg 910w, https:\/\/catracalivre.com.br\/wp-content\/uploads\/2023\/06\/istock-1128931450-450x285.jpg 450w, https:\/\/catracalivre.com.br\/wp-content\/uploads\/2023\/06\/istock-1128931450-768x486.jpg 768w\" sizes=\"(max-width: 910px) 100vw, 910px\"\/><\/p>\n<p>Cr\u00e9ditos: wildpixel\/istock<\/p>\n<\/div>\n<\/div>\n<p><span class=\"post-imagem__legenda\">Conhe\u00e7a os sinais pouco conhecidos que podem indicar doen\u00e7as cardiovasculares<\/span><\/p>\n<\/div>\n<p>O dermatologista Dr. Dustin Portela alertou no <a href=\"https:\/\/catracalivre.com.br\/saude-bem-estar\/ducha-interna-conheca-a-bebida-saudavel-que-viralizou-no-tiktok\/\">TikTok<\/a> sobre algumas pistas importantes.<\/p>\n<p>\u201cOs dermatologistas s\u00e3o treinados para procurar sinais de doen\u00e7as internas que surgem na sua pele\u201d, disse ele. E no caso de doen\u00e7as card\u00edacas n\u00e3o \u00e9 diferente.<\/p>\n<h2>Os tr\u00eas sinais aos quais devemos nos atentar s\u00e3o:<\/h2>\n<ul>\n<li>incha\u00e7o das pernas<\/li>\n<li>dedos tortos<\/li>\n<li>sinal de Frank (uma dobra diagonal no l\u00f3bulo da orelha)<\/li>\n<\/ul>\n<p>O primeiro sinal, segundo ele, \u00e9 o incha\u00e7o das pernas, principalmente o edema bilateral, que significa que o incha\u00e7o est\u00e1 afetando ambos os membros, como ambas as pernas, e n\u00e3o apenas uma.<\/p>\n<p>\u201cQuando voc\u00ea tem incha\u00e7o nas pernas, pode ser um sinal de insufici\u00eancia card\u00edaca\u201d, disse ele.<\/p>\n<p>De acordo com a\u00a0Mayo Clinic\u00a0isso ocorre quando a c\u00e2mara inferior do cora\u00e7\u00e3o tamb\u00e9m para de bombear sangue.<\/p>\n<p>O sangue pode \u201cretornar\u201d nas pernas, tornozelos e p\u00e9s, causando edema.<\/p>\n<p>O outro sinal \u00e9 o chamado de baqueteamento digital, uma curva descendente da unha, enquanto a ponta do dedo fica inchada. Isso pode ser um sinal de doen\u00e7a card\u00edaca, infec\u00e7\u00e3o card\u00edaca ou doen\u00e7a pulmonar, segundo o m\u00e9dico.<\/p>\n<div id=\"attachment_2255383\" class=\"wp-caption alignnone\">\n<div class=\"d-flex justify-content-center\" data-attachment-id=\"2255383\">\n<div class=\"position-relative d-inline-block\"><img data-recalc-dims=\"1\" loading=\"lazy\" data-portal-copyright=\"reprodu\u00e7\u00e3o\/BMJ\" decoding=\"async\" class=\"wp-image-2255383 size-full\" src=\"https:\/\/i0.wp.com\/catracalivre.com.br\/wp-content\/uploads\/2023\/02\/baqueteamento-digital-sinal-cancer-pulmao.jpg?resize=450%2C299&#038;ssl=1\" alt=\"Baqueteamento digital\" width=\"450\" height=\"299\"\/><\/p>\n<p>Cr\u00e9ditos: reprodu\u00e7\u00e3o\/BMJ<\/p>\n<\/div>\n<\/div>\n<p><span class=\"post-imagem__legenda\">Baqueteamento digital<\/span><\/p>\n<\/div>\n<p>E, por \u00faltimo, \u00e9 algo chamado sinal de Frank, que \u00e9 uma prega diagonal no l\u00f3bulo da orelha que pode ser um indicador de doen\u00e7a card\u00edaca.<\/p>\n<p>Mas estudos adicionais mostraram que provavelmente n\u00e3o est\u00e1 t\u00e3o altamente correlacionado e tem mais a ver com a idade.<\/p>\n<p>Um estudo de caso publicado no\u00a0BMJ\u00a0disse que a pesquisa mostrou uma \u201cassocia\u00e7\u00e3o significativa\u201d do sinal de Frank com riscos aumentados de doen\u00e7a isqu\u00eamica do cora\u00e7\u00e3o e ataques card\u00edacos.<\/p>\n<\/div>\n<p><script>\n\t\t! function(f, b, e, v, n, t, s) {\n\t\t\tif (f.fbq) return;\n\t\t\tn = f.fbq = function() {\n\t\t\t\tn.callMethod ?\n\t\t\t\t\tn.callMethod.apply(n, arguments) : n.queue.push(arguments)\n\t\t\t};\n\t\t\tif (!f._fbq) f._fbq = n;\n\t\t\tn.push = n;\n\t\t\tn.loaded = !0;\n\t\t\tn.version = '2.0';\n\t\t\tn.queue = [];\n\t\t\tt = b.createElement(e);\n\t\t\tt.async = !0;\n\t\t\tt.src = v;\n\t\t\ts = b.getElementsByTagName(e)[0];\n\t\t\ts.parentNode.insertBefore(t, s)\n\t\t}(window, document, 'script',\n\t\t\t'https:\/\/connect.facebook.net\/en_US\/fbevents.js');\n\t\tfbq('init', '338315473262380');\n\t\tfbq('track', 'PageView');\n\t<\/script><br \/>\n<br \/><br \/>\n<br \/><a href=\"https:\/\/catracalivre.com.br\/saude-bem-estar\/tres-sinais-na-pele-que-podem-indicar-doenca-cardiovascular\/\">Source link <\/a><\/p>\n<!-- CONTENT END 1 -->\n","protected":false},"excerpt":{"rendered":"<p>Se n\u00e3o forem detectadas precocemente e tratadas, as doen\u00e7as cardiovasculares podem ser fatais. Portanto, detectar quaisquer sinais de alerta \u00e9 muito importante. Alguns dos sinais&#8230;<\/p>\n","protected":false},"author":1,"featured_media":18328,"comment_status":"open","ping_status":"open","sticky":false,"template":"","format":"standard","meta":{"advanced_seo_description":"","jetpack_seo_html_title":"","jetpack_seo_noindex":false,"jetpack_post_was_ever_published":false,"_jetpack_newsletter_access":"","_jetpack_dont_email_post_to_subs":false,"_jetpack_newsletter_tier_id":0,"_jetpack_memberships_contains_paywalled_content":false,"_jetpack_memberships_contains_paid_content":false,"footnotes":"","jetpack_publicize_message":"","jetpack_publicize_feature_enabled":true,"jetpack_social_post_already_shared":true,"jetpack_social_options":{"image_generator_settings":{"template":"highway","default_image_id":0,"font":"","enabled":false},"version":2}},"categories":[19],"tags":[],"class_list":["post-18327","post","type-post","status-publish","format-standard","has-post-thumbnail","hentry","category-variedades"],"jetpack_publicize_connections":[],"jetpack_featured_media_url":"https:\/\/i0.wp.com\/noticiasribeiraopreto.com.br\/wp-content\/uploads\/2023\/12\/istock-174688223.jpg?fit=1200%2C638&ssl=1","jetpack-related-posts":[{"id":6862,"url":"https:\/\/noticiasribeiraopreto.com.br\/index.php\/2023\/11\/27\/tres-sinais-que-podem-surgir-antes-do-diagnostico\/","url_meta":{"origin":18327,"position":0},"title":"Tr\u00eas sinais que podem surgir antes do diagn\u00f3stico","author":"noticiasribeiraopreto.com.br","date":"27 de November de 2023","format":false,"excerpt":"Cr\u00e9ditos: Getty Images\/iStockphotoColesterol alto \u00e9 uma dos sinais associados a diabetes, segundo especialistas \u2013 iStock\/Getty Images Diagnosticado geralmente em exames de sangue, o diabetes tipo 2, em seu est\u00e1gio inicial, n\u00e3o apresenta sintomas. H\u00e1, no entanto, dois sinais que podem servir de alerta para a presen\u00e7a silenciosa da doen\u00e7a. Indicados\u2026","rel":"","context":"In &quot;Variedades&quot;","block_context":{"text":"Variedades","link":"https:\/\/noticiasribeiraopreto.com.br\/index.php\/category\/variedades\/"},"img":{"alt_text":"","src":"https:\/\/i0.wp.com\/noticiasribeiraopreto.com.br\/wp-content\/uploads\/2023\/11\/istock-1173046608.jpg?fit=1200%2C638&ssl=1&resize=350%2C200","width":350,"height":200,"srcset":"https:\/\/i0.wp.com\/noticiasribeiraopreto.com.br\/wp-content\/uploads\/2023\/11\/istock-1173046608.jpg?fit=1200%2C638&ssl=1&resize=350%2C200 1x, https:\/\/i0.wp.com\/noticiasribeiraopreto.com.br\/wp-content\/uploads\/2023\/11\/istock-1173046608.jpg?fit=1200%2C638&ssl=1&resize=525%2C300 1.5x, https:\/\/i0.wp.com\/noticiasribeiraopreto.com.br\/wp-content\/uploads\/2023\/11\/istock-1173046608.jpg?fit=1200%2C638&ssl=1&resize=700%2C400 2x, https:\/\/i0.wp.com\/noticiasribeiraopreto.com.br\/wp-content\/uploads\/2023\/11\/istock-1173046608.jpg?fit=1200%2C638&ssl=1&resize=1050%2C600 3x"},"classes":[]},{"id":16661,"url":"https:\/\/noticiasribeiraopreto.com.br\/index.php\/2023\/12\/16\/saiba-como-identificar-sinais-de-colesterol-alto-na-pele\/","url_meta":{"origin":18327,"position":1},"title":"Saiba como identificar sinais de colesterol alto na pele","author":"noticiasribeiraopreto.com.br","date":"16 de December de 2023","format":false,"excerpt":"Cr\u00e9ditos: Getty Images\/iStockphotoSinais do colesterol alto na pele: Forma mais comum de xantoma plano, o xantelasma se manifesta como uma mancha macia de caro\u00e7os amarelados que aparecem em volta dos olhos \u2013 iStock\/Getty Images Geralmente, o diagn\u00f3stico de colesterol alto costuma surpreender as pessoas durante a realiza\u00e7\u00e3o de exames de\u2026","rel":"","context":"In &quot;Variedades&quot;","block_context":{"text":"Variedades","link":"https:\/\/noticiasribeiraopreto.com.br\/index.php\/category\/variedades\/"},"img":{"alt_text":"","src":"https:\/\/i0.wp.com\/noticiasribeiraopreto.com.br\/wp-content\/uploads\/2023\/12\/istock-1468378971.jpg?fit=1200%2C638&ssl=1&resize=350%2C200","width":350,"height":200,"srcset":"https:\/\/i0.wp.com\/noticiasribeiraopreto.com.br\/wp-content\/uploads\/2023\/12\/istock-1468378971.jpg?fit=1200%2C638&ssl=1&resize=350%2C200 1x, https:\/\/i0.wp.com\/noticiasribeiraopreto.com.br\/wp-content\/uploads\/2023\/12\/istock-1468378971.jpg?fit=1200%2C638&ssl=1&resize=525%2C300 1.5x, https:\/\/i0.wp.com\/noticiasribeiraopreto.com.br\/wp-content\/uploads\/2023\/12\/istock-1468378971.jpg?fit=1200%2C638&ssl=1&resize=700%2C400 2x, https:\/\/i0.wp.com\/noticiasribeiraopreto.com.br\/wp-content\/uploads\/2023\/12\/istock-1468378971.jpg?fit=1200%2C638&ssl=1&resize=1050%2C600 3x"},"classes":[]},{"id":6469,"url":"https:\/\/noticiasribeiraopreto.com.br\/index.php\/2023\/11\/25\/7-sintomas-menos-conhecidos-da-doenca\/","url_meta":{"origin":18327,"position":2},"title":"7 sintomas menos conhecidos da doen\u00e7a","author":"noticiasribeiraopreto.com.br","date":"25 de November de 2023","format":false,"excerpt":"Cr\u00e9ditos: Getty ImagesDisfun\u00e7\u00e3o er\u00e9til, um dos sintomas menos conhecidos da diabetes, ocorre porque n\u00edveis elevados de a\u00e7\u00facar no sangue a longo prazo podem causar dist\u00farbios circulat\u00f3rios \u2013 iStock\/Getty Images Sede excessiva, vontade frequente de urinar e fadiga s\u00e3o alguns dos sinais e sintomas de diabetes mais conhecidos pela literatura m\u00e9dica.\u2026","rel":"","context":"In &quot;Variedades&quot;","block_context":{"text":"Variedades","link":"https:\/\/noticiasribeiraopreto.com.br\/index.php\/category\/variedades\/"},"img":{"alt_text":"","src":"https:\/\/i0.wp.com\/noticiasribeiraopreto.com.br\/wp-content\/uploads\/2023\/11\/istock-928635720.jpg?fit=1200%2C638&ssl=1&resize=350%2C200","width":350,"height":200,"srcset":"https:\/\/i0.wp.com\/noticiasribeiraopreto.com.br\/wp-content\/uploads\/2023\/11\/istock-928635720.jpg?fit=1200%2C638&ssl=1&resize=350%2C200 1x, https:\/\/i0.wp.com\/noticiasribeiraopreto.com.br\/wp-content\/uploads\/2023\/11\/istock-928635720.jpg?fit=1200%2C638&ssl=1&resize=525%2C300 1.5x, https:\/\/i0.wp.com\/noticiasribeiraopreto.com.br\/wp-content\/uploads\/2023\/11\/istock-928635720.jpg?fit=1200%2C638&ssl=1&resize=700%2C400 2x, https:\/\/i0.wp.com\/noticiasribeiraopreto.com.br\/wp-content\/uploads\/2023\/11\/istock-928635720.jpg?fit=1200%2C638&ssl=1&resize=1050%2C600 3x"},"classes":[]},{"id":6427,"url":"https:\/\/noticiasribeiraopreto.com.br\/index.php\/2023\/11\/25\/5-sinais-da-doenca-que-os-homens-mais-ignoram\/","url_meta":{"origin":18327,"position":3},"title":"5 sinais da doen\u00e7a que os homens mais ignoram","author":"noticiasribeiraopreto.com.br","date":"25 de November de 2023","format":false,"excerpt":"Cr\u00e9ditos: Getty Images\/iStockphotoSinais de c\u00e2ncer podem se manifestar por meio de dores e queixas do dia a dia, alertam especialistas \u2013 iStock\/Getty Images O avan\u00e7o da medicina permitiu compreender que, eventualmente, alguns sinais que se manifestam em nosso corpo podem indicar sintomas de doen\u00e7as graves, como o c\u00e2ncer. Sobretudo em\u2026","rel":"","context":"In &quot;Variedades&quot;","block_context":{"text":"Variedades","link":"https:\/\/noticiasribeiraopreto.com.br\/index.php\/category\/variedades\/"},"img":{"alt_text":"","src":"https:\/\/i0.wp.com\/noticiasribeiraopreto.com.br\/wp-content\/uploads\/2023\/11\/istock-1417310641.jpg?fit=1200%2C638&ssl=1&resize=350%2C200","width":350,"height":200,"srcset":"https:\/\/i0.wp.com\/noticiasribeiraopreto.com.br\/wp-content\/uploads\/2023\/11\/istock-1417310641.jpg?fit=1200%2C638&ssl=1&resize=350%2C200 1x, https:\/\/i0.wp.com\/noticiasribeiraopreto.com.br\/wp-content\/uploads\/2023\/11\/istock-1417310641.jpg?fit=1200%2C638&ssl=1&resize=525%2C300 1.5x, https:\/\/i0.wp.com\/noticiasribeiraopreto.com.br\/wp-content\/uploads\/2023\/11\/istock-1417310641.jpg?fit=1200%2C638&ssl=1&resize=700%2C400 2x, https:\/\/i0.wp.com\/noticiasribeiraopreto.com.br\/wp-content\/uploads\/2023\/11\/istock-1417310641.jpg?fit=1200%2C638&ssl=1&resize=1050%2C600 3x"},"classes":[]},{"id":9562,"url":"https:\/\/noticiasribeiraopreto.com.br\/index.php\/2023\/12\/02\/4-sinais-que-se-manifestam-no-couro-cabeludo\/","url_meta":{"origin":18327,"position":4},"title":"4 sinais que se manifestam no couro cabeludo","author":"noticiasribeiraopreto.com.br","date":"2 de December de 2023","format":false,"excerpt":"Cr\u00e9ditos: Getty ImagesMenos comum, c\u00e2ncer de pele no couro cabeludo se caracteriza por dif\u00edcil detec\u00e7\u00e3o da doen\u00e7a \u2013 iStock\/Getty Images Com mais de 175 mil novos casos por ano, o c\u00e2ncer de pele \u00e9 o de maior incid\u00eancia no Brasil, segundo o Instituto Nacional do C\u00e2ncer (INCA). Dados atuais indicam\u2026","rel":"","context":"In &quot;Variedades&quot;","block_context":{"text":"Variedades","link":"https:\/\/noticiasribeiraopreto.com.br\/index.php\/category\/variedades\/"},"img":{"alt_text":"","src":"https:\/\/i0.wp.com\/noticiasribeiraopreto.com.br\/wp-content\/uploads\/2023\/12\/istock-1488632619.jpg?fit=1200%2C638&ssl=1&resize=350%2C200","width":350,"height":200,"srcset":"https:\/\/i0.wp.com\/noticiasribeiraopreto.com.br\/wp-content\/uploads\/2023\/12\/istock-1488632619.jpg?fit=1200%2C638&ssl=1&resize=350%2C200 1x, https:\/\/i0.wp.com\/noticiasribeiraopreto.com.br\/wp-content\/uploads\/2023\/12\/istock-1488632619.jpg?fit=1200%2C638&ssl=1&resize=525%2C300 1.5x, https:\/\/i0.wp.com\/noticiasribeiraopreto.com.br\/wp-content\/uploads\/2023\/12\/istock-1488632619.jpg?fit=1200%2C638&ssl=1&resize=700%2C400 2x, https:\/\/i0.wp.com\/noticiasribeiraopreto.com.br\/wp-content\/uploads\/2023\/12\/istock-1488632619.jpg?fit=1200%2C638&ssl=1&resize=1050%2C600 3x"},"classes":[]},{"id":18144,"url":"https:\/\/noticiasribeiraopreto.com.br\/index.php\/2023\/12\/19\/dezembro-laranja-veja-como-tratar-o-cancer-de-pele-meu-valor-digital\/","url_meta":{"origin":18327,"position":5},"title":"Dezembro Laranja: veja como tratar o c\u00e2ncer de pele &#8211; Meu Valor Digital","author":"noticiasribeiraopreto.com.br","date":"19 de December de 2023","format":false,"excerpt":"O Dezembro Laranja \u00e9 uma forma de chamar a aten\u00e7\u00e3o da popula\u00e7\u00e3o para o c\u00e2ncer de pele. A doen\u00e7a \u00e9 causada pelo crescimento anormal e descontrolado das c\u00e9lulas que comp\u00f5em a pele, principalmente devido \u00e0 exposi\u00e7\u00e3o excessiva ao sol. O principal sintoma do tumor inclui o surgimento de les\u00f5es, pintas\u2026","rel":"","context":"In &quot;Vagas de Emprego em Ribeir\u00e3o Preto-SP&quot;","block_context":{"text":"Vagas de Emprego em Ribeir\u00e3o Preto-SP","link":"https:\/\/noticiasribeiraopreto.com.br\/index.php\/category\/empregos-classificados-vagas-trabalho\/vagas-de-empregos-em-ribeirao-preto-regiao-brasil\/"},"img":{"alt_text":"","src":"https:\/\/i0.wp.com\/noticiasribeiraopreto.com.br\/wp-content\/uploads\/2023\/12\/3-Dezembro-Amarelo.jpg?fit=1200%2C773&ssl=1&resize=350%2C200","width":350,"height":200,"srcset":"https:\/\/i0.wp.com\/noticiasribeiraopreto.com.br\/wp-content\/uploads\/2023\/12\/3-Dezembro-Amarelo.jpg?fit=1200%2C773&ssl=1&resize=350%2C200 1x, https:\/\/i0.wp.com\/noticiasribeiraopreto.com.br\/wp-content\/uploads\/2023\/12\/3-Dezembro-Amarelo.jpg?fit=1200%2C773&ssl=1&resize=525%2C300 1.5x, https:\/\/i0.wp.com\/noticiasribeiraopreto.com.br\/wp-content\/uploads\/2023\/12\/3-Dezembro-Amarelo.jpg?fit=1200%2C773&ssl=1&resize=700%2C400 2x, https:\/\/i0.wp.com\/noticiasribeiraopreto.com.br\/wp-content\/uploads\/2023\/12\/3-Dezembro-Amarelo.jpg?fit=1200%2C773&ssl=1&resize=1050%2C600 3x"},"classes":[]}],"jetpack_sharing_enabled":true,"jetpack_shortlink":"https:\/\/wp.me\/peQAOb-4LB","_links":{"self":[{"href":"https:\/\/noticiasribeiraopreto.com.br\/index.php\/wp-json\/wp\/v2\/posts\/18327","targetHints":{"allow":["GET"]}}],"collection":[{"href":"https:\/\/noticiasribeiraopreto.com.br\/index.php\/wp-json\/wp\/v2\/posts"}],"about":[{"href":"https:\/\/noticiasribeiraopreto.com.br\/index.php\/wp-json\/wp\/v2\/types\/post"}],"author":[{"embeddable":true,"href":"https:\/\/noticiasribeiraopreto.com.br\/index.php\/wp-json\/wp\/v2\/users\/1"}],"replies":[{"embeddable":true,"href":"https:\/\/noticiasribeiraopreto.com.br\/index.php\/wp-json\/wp\/v2\/comments?post=18327"}],"version-history":[{"count":0,"href":"https:\/\/noticiasribeiraopreto.com.br\/index.php\/wp-json\/wp\/v2\/posts\/18327\/revisions"}],"wp:featuredmedia":[{"embeddable":true,"href":"https:\/\/noticiasribeiraopreto.com.br\/index.php\/wp-json\/wp\/v2\/media\/18328"}],"wp:attachment":[{"href":"https:\/\/noticiasribeiraopreto.com.br\/index.php\/wp-json\/wp\/v2\/media?parent=18327"}],"wp:term":[{"taxonomy":"category","embeddable":true,"href":"https:\/\/noticiasribeiraopreto.com.br\/index.php\/wp-json\/wp\/v2\/categories?post=18327"},{"taxonomy":"post_tag","embeddable":true,"href":"https:\/\/noticiasribeiraopreto.com.br\/index.php\/wp-json\/wp\/v2\/tags?post=18327"}],"curies":[{"name":"wp","href":"https:\/\/api.w.org\/{rel}","templated":true}]}}