{"id":18329,"date":"2023-12-20T08:40:32","date_gmt":"2023-12-20T11:40:32","guid":{"rendered":"https:\/\/noticiasribeiraopreto.com.br\/index.php\/2023\/12\/20\/congresso-aprova-salario-minimo-de-2024-confira-valor-definido\/"},"modified":"2023-12-20T08:40:32","modified_gmt":"2023-12-20T11:40:32","slug":"congresso-aprova-salario-minimo-de-2024-confira-valor-definido","status":"publish","type":"post","link":"https:\/\/noticiasribeiraopreto.com.br\/index.php\/2023\/12\/20\/congresso-aprova-salario-minimo-de-2024-confira-valor-definido\/","title":{"rendered":"Congresso aprova sal\u00e1rio m\u00ednimo de 2024. Confira valor definido"},"content":{"rendered":"<div class='code-block code-block-1' style='margin: 8px 0 8px auto; text-align: right; display: block; clear: both;'>\n<p><a href=\"https:\/\/wa.link\/vpicfd\"><img data-recalc-dims=\"1\" class=\"wp-image-4922\" style=\"aspect-ratio: 2.0253164556962027; width: 561px; height: auto;\" src=\"https:\/\/i0.wp.com\/ismaelcolosi.com.br\/wp-content\/uploads\/2023\/11\/grupo-de-empregos-whatsapp-e-facebook-ismael-colosi-vagas.jpg?ssl=1\" alt=\"\" \/><\/a><\/p>\n<!-- \/wp:image -->\n<\/div>\n<p> <br \/>\n<\/p>\n<div>\n<p>O congresso nacional aprovou na noite desta ter\u00e7a-feira (19) o projeto de Lei de Diretrizes Or\u00e7ament\u00e1rias (LDO). Este \u00e9 o documento que indica os gastos que ser\u00e3o feitos pelo governo federal no ano de 2024. Entre outros pontos, h\u00e1 a indica\u00e7\u00e3o do valor que ser\u00e1 pago no <strong><a href=\"https:\/\/noticiasconcursos.com.br\/direitos-trabalhador\/salario-minimo\" target=\"_blank\" rel=\"noopener\">sal\u00e1rio m\u00ednimo.<\/a><\/strong><\/p>\n<p>Depois de muitas mudan\u00e7as no valor final, ficou definido que o piso do ano de 2024 vai subir dos atuais R$ 1.320 para R$ 1.413. Trata-se, portanto, de uma eleva\u00e7\u00e3o de 7%, acima dos R$ 1.389 que foram previstos em mar\u00e7o, e abaixo dos R$ 1.421 que foram previstos em agosto.<\/p>\n<p>Em rela\u00e7\u00e3o ao texto completo da LDO, os parlamentares realizaram apenas uma altera\u00e7\u00e3o: eles criaram uma emenda que impede o<strong><a href=\"https:\/\/gov.br\/\" target=\"_blank\" rel=\"noopener\"> governo federal<\/a><\/strong> de destinar verba para o incentivo ou financiamento de invas\u00e3o ou ocupa\u00e7\u00e3o de propriedades privadas, cirurgias para mudan\u00e7a de sexo em crian\u00e7as e adolescentes, al\u00e9m da realiza\u00e7\u00e3o de abortos que n\u00e3o est\u00e3o previstos em lei.<\/p>\n<h2><strong>Mudan\u00e7as no sal\u00e1rio m\u00ednimo<\/strong><\/h2>\n<p>Quando entregou o plano de or\u00e7amento para o ano de 2024 ao Congresso Nacional, o governo federal previu um aumento de quase 7,7% do<strong><a href=\"https:\/\/noticiasconcursos.com.br\/direitos-trabalhador\/salario-minimo\" target=\"_blank\" rel=\"noopener\">\u00a0sal\u00e1rio m\u00ednimo<\/a><\/strong>\u00a0em 2024. A ideia inicial era elevar o valor do piso dos atuais R$ 1.320 para R$ 1.421, ou seja, uma eleva\u00e7\u00e3o de R$ 101. Mas isso n\u00e3o deve mais acontecer.<\/p>\n<p>Com as revis\u00f5es dos n\u00fameros da infla\u00e7\u00e3o, o que se sabe agora \u00e9 que o<strong><a href=\"https:\/\/noticiasconcursos.com.br\/direitos-trabalhador\/salario-minimo\" target=\"_blank\" rel=\"noopener\">\u00a0sal\u00e1rio m\u00ednimo<\/a><\/strong> ser\u00e1 elevado para um patamar menor. Na \u00faltima ter\u00e7a-feira (12), o Instituto Brasileiro de Geografia e Estat\u00edstica (IBGE) confirmou que o \u00cdndice Nacional de Pre\u00e7os ao Consumidor (INPC) acumulado nos 12 meses encerrados em dezembro foi de 3,85%.<\/p>\n<p>A partir de 2024, o governo federal vai passar a considerar duas vari\u00e1veis para apontar uma defini\u00e7\u00e3o do<strong><a href=\"https:\/\/noticiasconcursos.com.br\/direitos-trabalhador\/salario-minimo\" target=\"_blank\" rel=\"noopener\"> sal\u00e1rio m\u00ednimo.<\/a><\/strong> S\u00e3o elas:<\/p>\n<ul>\n<li>A infla\u00e7\u00e3o do ano anterior;<\/li>\n<li>O Produto Interno Bruto (PIB) de dois anos antes.<\/li>\n<\/ul>\n<figure id=\"attachment_781085\" aria-describedby=\"caption-attachment-781085\" style=\"width: 1170px\" class=\"wp-caption alignnone\"><img data-recalc-dims=\"1\" fetchpriority=\"high\" decoding=\"async\" class=\"wp-image-781085 size-full\" http=\"\" alt=\"Congresso aprova sal\u00e1rio m\u00ednimo de 2024. Confira valor definido\" width=\"1170\" height=\"700\" srcset=\"https:\/\/noticiasconcursos.com.br\/wp-content\/uploads\/2023\/12\/noticiasconcursos.com.br-congresso-aprova-salario-minimo-de-2024-confira-valor-definido-nc-01.webp 1170w, https:\/\/noticiasconcursos.com.br\/wp-content\/uploads\/2023\/12\/noticiasconcursos.com.br-congresso-aprova-salario-minimo-de-2024-confira-valor-definido-nc-01-300x179.webp 300w, https:\/\/noticiasconcursos.com.br\/wp-content\/uploads\/2023\/12\/noticiasconcursos.com.br-congresso-aprova-salario-minimo-de-2024-confira-valor-definido-nc-01-768x459.webp 768w\" data-lazy-sizes=\"(max-width: 1170px) 100vw, 1170px\" src=\"https:\/\/i0.wp.com\/noticiasconcursos.com.br\/wp-content\/uploads\/2023\/12\/noticiasconcursos.com.br-congresso-aprova-salario-minimo-de-2024-confira-valor-definido-nc-01.webp?resize=1170%2C700&#038;ssl=1\"\/><noscript><img data-recalc-dims=\"1\" fetchpriority=\"high\" decoding=\"async\" class=\"wp-image-781085 size-full\" src=\"https:\/\/i0.wp.com\/noticiasconcursos.com.br\/wp-content\/uploads\/2023\/12\/noticiasconcursos.com.br-congresso-aprova-salario-minimo-de-2024-confira-valor-definido-nc-01.webp?resize=1170%2C700&#038;ssl=1\" alt=\"Congresso aprova sal\u00e1rio m\u00ednimo de 2024. Confira valor definido\" width=\"1170\" height=\"700\" srcset=\"https:\/\/noticiasconcursos.com.br\/wp-content\/uploads\/2023\/12\/noticiasconcursos.com.br-congresso-aprova-salario-minimo-de-2024-confira-valor-definido-nc-01.webp 1170w, https:\/\/noticiasconcursos.com.br\/wp-content\/uploads\/2023\/12\/noticiasconcursos.com.br-congresso-aprova-salario-minimo-de-2024-confira-valor-definido-nc-01-300x179.webp 300w, https:\/\/noticiasconcursos.com.br\/wp-content\/uploads\/2023\/12\/noticiasconcursos.com.br-congresso-aprova-salario-minimo-de-2024-confira-valor-definido-nc-01-768x459.webp 768w\" sizes=\"(max-width: 1170px) 100vw, 1170px\"\/><\/noscript><figcaption id=\"caption-attachment-781085\" class=\"wp-caption-text\">Aumento real do sal\u00e1rio m\u00ednimo foi promessa de Lula. Imagem: Marcelo Camargo\/ Ag\u00eancia Brasil<\/figcaption><\/figure>\n<div class=\"bs-irp left bs-irp-thumbnail-1\">\n<p>&#13;<br \/><span class=\"h-text heading-typo\">Voc\u00ea tamb\u00e9m pode gostar:<\/span>&#13; <\/p>\n<\/p><\/div>\n<h2><strong>Impacto da mudan\u00e7a<\/strong><\/h2>\n<p>Vale lembrar que o aumento do <strong><a href=\"https:\/\/noticiasconcursos.com.br\/direitos-trabalhador\/salario-minimo\" target=\"_blank\" rel=\"noopener\">sal\u00e1rio m\u00ednimo<\/a><\/strong> \u00e9 usado como base para uma s\u00e9rie de outros pontos. S\u00e3o eles:<\/p>\n<p>O valor de benef\u00edcios previdenci\u00e1rios, por exemplo, n\u00e3o poder\u00e1 ser menor do que R$ 1.412 a partir do pr\u00f3ximo ano. A l\u00f3gica, ali\u00e1s, vale n\u00e3o apenas para as aposentadorias, mas tamb\u00e9m para pens\u00f5es pagas pelo Instituto Nacional do Seguro Social (INSS), e para o Benef\u00edcio de Presta\u00e7\u00e3o Continuada (BPC).<\/p>\n<p>Por regra, as a\u00e7\u00f5es iniciadas nos Juizados Especiais Federais (JEFs) s\u00e3o limitadas a 60 sal\u00e1rios m\u00ednimos. Considerando que o novo piso vai subir para R$ 1.412 em 2024, o valor m\u00e1ximo para este tipo de processo tamb\u00e9m vai passar por reajustes. Mantida esta previs\u00e3o, apenas os segurados que tenham valor do processo de at\u00e9 R$ 84.720 poder\u00e3o entrar com a\u00e7\u00f5es.<\/p>\n<p>Outro ponto que tamb\u00e9m deve mudar \u00e9 o abono salarial Pis\/Pasep. Atualmente, segue-se a l\u00f3gica de que o valor pago a cada trabalhador varia conforme o n\u00famero de meses trabalhados no ano-base. Assim, quem trabalhar durante o ano todo, vai conseguir receber o valor completo do novo\u00a0<strong><a href=\"https:\/\/noticiasconcursos.com.br\/direitos-trabalhador\/salario-minimo\" target=\"_blank\" rel=\"noopener\">sal\u00e1rio m\u00ednimo,<\/a><\/strong>\u00a0ou seja, R$ 1.412.<\/p>\n<p>O aumento do<strong><a href=\"https:\/\/noticiasconcursos.com.br\/direitos-trabalhador\/salario-minimo\" target=\"_blank\" rel=\"noopener\"> sal\u00e1rio m\u00ednimo<\/a><\/strong> tamb\u00e9m vai impactar os pagamentos do seguro-desemprego, que n\u00e3o pode pagar menos do que o piso em nenhuma hip\u00f3tese. Assim, em 2024, o trabalhador desempregado n\u00e3o vai pode receber menos do que R$ 1.412.<\/p>\n<p>Tamb\u00e9m dever\u00e3o existir altera\u00e7\u00f5es no sistema de entrada em benef\u00edcios sociais, como o Aux\u00edlio-g\u00e1s nacional. Em regra geral, o cidad\u00e3o precisa ter uma renda per capita de at\u00e9 meio\u00a0<strong><a href=\"https:\/\/noticiasconcursos.com.br\/direitos-trabalhador\/salario-minimo\" target=\"_blank\" rel=\"noopener\">sal\u00e1rio m\u00ednimo<\/a><\/strong>\u00a0para ter direito ao programa. Hoje, este limite \u00e9 de R$ 660. Em 2024, passar\u00e1 a ser de R$ 706.<\/p>\n<ul>\n<li><strong>Causas no Juizado Especial Civil<\/strong><\/li>\n<\/ul>\n<p>Pessoas que pretendem entrar com a\u00e7\u00e3o no Juizado Especial C\u00edvel tamb\u00e9m ser\u00e1 impactado. A regra geral indica que o valor limite da a\u00e7\u00e3o n\u00e3o pode ultrapassar 40 sal\u00e1rios m\u00ednimos. Mantida a indica\u00e7\u00e3o de subida do piso para R$ 1.412, \u00e9 poss\u00edvel dizer que o limite do valor da a\u00e7\u00e3o vai subir para R$ 28.240.<\/p>\n<p> <noscript><iframe loading=\"lazy\" title=\"ACABOU DE SAIR! \ud83d\ude31\ud83d\ude31 LULA AUMENTOU O SAL\u00c1RIO OFICIALMENTE\" width=\"500\" height=\"281\" src=\"https:\/\/www.youtube.com\/embed\/HW4VMTllHTg?feature=oembed\" frameborder=\"0\" allow=\"accelerometer; autoplay; clipboard-write; encrypted-media; gyroscope; picture-in-picture; web-share\" referrerpolicy=\"strict-origin-when-cross-origin\" allowfullscreen><\/iframe><\/noscript> <\/p>\n<\/div>\n<p><br \/>\n<br \/><a href=\"https:\/\/ismaelcolosi.com.br\/congresso-aprova-salario-minimo-de-2024-confira-valor-definido\/\">Source link <\/a><\/p>\n<!-- CONTENT END 1 -->\n","protected":false},"excerpt":{"rendered":"<p>O congresso nacional aprovou na noite desta ter\u00e7a-feira (19) o projeto de Lei de Diretrizes Or\u00e7ament\u00e1rias (LDO). Este \u00e9 o documento que indica os gastos&#8230;<\/p>\n","protected":false},"author":1,"featured_media":18330,"comment_status":"open","ping_status":"open","sticky":false,"template":"","format":"standard","meta":{"advanced_seo_description":"","jetpack_seo_html_title":"","jetpack_seo_noindex":false,"jetpack_post_was_ever_published":false,"_jetpack_newsletter_access":"","_jetpack_dont_email_post_to_subs":false,"_jetpack_newsletter_tier_id":0,"_jetpack_memberships_contains_paywalled_content":false,"_jetpack_memberships_contains_paid_content":false,"footnotes":"","jetpack_publicize_message":"","jetpack_publicize_feature_enabled":true,"jetpack_social_post_already_shared":true,"jetpack_social_options":{"image_generator_settings":{"template":"highway","default_image_id":0,"font":"","enabled":false},"version":2}},"categories":[7],"tags":[],"class_list":["post-18329","post","type-post","status-publish","format-standard","has-post-thumbnail","hentry","category-vagas-de-empregos-em-ribeirao-preto-regiao-brasil"],"jetpack_publicize_connections":[],"jetpack_featured_media_url":"https:\/\/i0.wp.com\/noticiasribeiraopreto.com.br\/wp-content\/uploads\/2023\/12\/noticiasconcursos.com_.br-congresso-aprova-salario-minimo-de-2024-confira-valor-definido-nc-01.webp.webp?fit=1170%2C700&ssl=1","jetpack-related-posts":[{"id":19625,"url":"https:\/\/noticiasribeiraopreto.com.br\/index.php\/2023\/12\/22\/salario-minimo-menor-e-fundo-eleitoral-maior-2\/","url_meta":{"origin":18329,"position":0},"title":"sal\u00e1rio m\u00ednimo menor e Fundo Eleitoral maior","author":"noticiasribeiraopreto.com.br","date":"22 de December de 2023","format":false,"excerpt":"Em sua \u00faltima sess\u00e3o prevista para o ano, o Congresso Nacional aprovou nesta sexta-feira (22) o Or\u00e7amento da Uni\u00e3o para 2024 (PLN 29\/2023), delineando as diretrizes financeiras do pa\u00eds para o pr\u00f3ximo ano. O montante previsto para receitas e despesas alcan\u00e7ou a marca de R$ 5,5 trilh\u00f5es. Por\u00e9m, os parlamentares\u2026","rel":"","context":"In &quot;Vagas de Emprego em Ribeir\u00e3o Preto-SP&quot;","block_context":{"text":"Vagas de Emprego em Ribeir\u00e3o Preto-SP","link":"https:\/\/noticiasribeiraopreto.com.br\/index.php\/category\/empregos-classificados-vagas-trabalho\/vagas-de-empregos-em-ribeirao-preto-regiao-brasil\/"},"img":{"alt_text":"","src":"https:\/\/i0.wp.com\/noticiasribeiraopreto.com.br\/wp-content\/uploads\/2023\/12\/fernando-haddad-agencia-brasil-novo-5.jpg?fit=1200%2C675&ssl=1&resize=350%2C200","width":350,"height":200,"srcset":"https:\/\/i0.wp.com\/noticiasribeiraopreto.com.br\/wp-content\/uploads\/2023\/12\/fernando-haddad-agencia-brasil-novo-5.jpg?fit=1200%2C675&ssl=1&resize=350%2C200 1x, https:\/\/i0.wp.com\/noticiasribeiraopreto.com.br\/wp-content\/uploads\/2023\/12\/fernando-haddad-agencia-brasil-novo-5.jpg?fit=1200%2C675&ssl=1&resize=525%2C300 1.5x, https:\/\/i0.wp.com\/noticiasribeiraopreto.com.br\/wp-content\/uploads\/2023\/12\/fernando-haddad-agencia-brasil-novo-5.jpg?fit=1200%2C675&ssl=1&resize=700%2C400 2x, https:\/\/i0.wp.com\/noticiasribeiraopreto.com.br\/wp-content\/uploads\/2023\/12\/fernando-haddad-agencia-brasil-novo-5.jpg?fit=1200%2C675&ssl=1&resize=1050%2C600 3x"},"classes":[]},{"id":47048,"url":"https:\/\/noticiasribeiraopreto.com.br\/index.php\/2024\/04\/19\/salario-minimo-aumenta-para-r-1-502-descubra-quando-voce-recebera-o-novo-valor\/","url_meta":{"origin":18329,"position":1},"title":"Sal\u00e1rio M\u00ednimo aumenta para R$ 1.502: Descubra quando voc\u00ea receber\u00e1 o novo valor","author":"noticiasribeiraopreto.com.br","date":"19 de April de 2024","format":false,"excerpt":"O reajuste do sal\u00e1rio m\u00ednimo, que milh\u00f5es de trabalhadores brasileiros aguardavam, foi confirmado pelo Governo Federal nesta semana. Em entrevista nesta semana, o ministro da Fazenda, Fernando Haddad, anunciou os detalhes do realinhamento. O novo valor foi apresentado \u00e0 Assembleia Nacional pelo ministro. Isso porque o reajuste afeta diretamente o\u2026","rel":"","context":"In &quot;Dinheiro e Investimento&quot;","block_context":{"text":"Dinheiro e Investimento","link":"https:\/\/noticiasribeiraopreto.com.br\/index.php\/category\/dinheiro-e-investimento-como-fazer-como-ganhar\/"},"img":{"alt_text":"","src":"https:\/\/i0.wp.com\/noticiasribeiraopreto.com.br\/wp-content\/uploads\/2024\/04\/Deputado-Estadual.webp.webp?fit=1200%2C630&ssl=1&resize=350%2C200","width":350,"height":200,"srcset":"https:\/\/i0.wp.com\/noticiasribeiraopreto.com.br\/wp-content\/uploads\/2024\/04\/Deputado-Estadual.webp.webp?fit=1200%2C630&ssl=1&resize=350%2C200 1x, https:\/\/i0.wp.com\/noticiasribeiraopreto.com.br\/wp-content\/uploads\/2024\/04\/Deputado-Estadual.webp.webp?fit=1200%2C630&ssl=1&resize=525%2C300 1.5x, https:\/\/i0.wp.com\/noticiasribeiraopreto.com.br\/wp-content\/uploads\/2024\/04\/Deputado-Estadual.webp.webp?fit=1200%2C630&ssl=1&resize=700%2C400 2x, https:\/\/i0.wp.com\/noticiasribeiraopreto.com.br\/wp-content\/uploads\/2024\/04\/Deputado-Estadual.webp.webp?fit=1200%2C630&ssl=1&resize=1050%2C600 3x"},"classes":[]},{"id":54184,"url":"https:\/\/noticiasribeiraopreto.com.br\/index.php\/2024\/07\/03\/salario-minimo-aumenta-para-r-1-502-descubra-quando-voce-recebera-o-novo-valor-2\/","url_meta":{"origin":18329,"position":2},"title":"Sal\u00e1rio M\u00ednimo aumenta para R$ 1.502: Descubra quando voc\u00ea receber\u00e1 o novo valor","author":"noticiasribeiraopreto.com.br","date":"3 de July de 2024","format":false,"excerpt":"O reajuste do sal\u00e1rio m\u00ednimo, que milh\u00f5es de trabalhadores brasileiros aguardavam, foi confirmado pelo Governo Federal nesta semana. Em entrevista nesta semana, o ministro da Fazenda, Fernando Haddad, anunciou os detalhes do realinhamento. O novo valor foi apresentado \u00e0 Assembleia Nacional pelo ministro. Isso porque o reajuste afeta diretamente o\u2026","rel":"","context":"In &quot;Dinheiro e Investimento&quot;","block_context":{"text":"Dinheiro e Investimento","link":"https:\/\/noticiasribeiraopreto.com.br\/index.php\/category\/dinheiro-e-investimento-como-fazer-como-ganhar\/"},"img":{"alt_text":"","src":"https:\/\/i0.wp.com\/noticiasribeiraopreto.com.br\/wp-content\/uploads\/2024\/04\/Deputado-Estadual.webp.webp?fit=1200%2C630&ssl=1&resize=350%2C200","width":350,"height":200,"srcset":"https:\/\/i0.wp.com\/noticiasribeiraopreto.com.br\/wp-content\/uploads\/2024\/04\/Deputado-Estadual.webp.webp?fit=1200%2C630&ssl=1&resize=350%2C200 1x, https:\/\/i0.wp.com\/noticiasribeiraopreto.com.br\/wp-content\/uploads\/2024\/04\/Deputado-Estadual.webp.webp?fit=1200%2C630&ssl=1&resize=525%2C300 1.5x, https:\/\/i0.wp.com\/noticiasribeiraopreto.com.br\/wp-content\/uploads\/2024\/04\/Deputado-Estadual.webp.webp?fit=1200%2C630&ssl=1&resize=700%2C400 2x, https:\/\/i0.wp.com\/noticiasribeiraopreto.com.br\/wp-content\/uploads\/2024\/04\/Deputado-Estadual.webp.webp?fit=1200%2C630&ssl=1&resize=1050%2C600 3x"},"classes":[]},{"id":13136,"url":"https:\/\/noticiasribeiraopreto.com.br\/index.php\/2023\/12\/09\/congresso-tem-15-dias-para-aprovar-aumento\/","url_meta":{"origin":18329,"position":3},"title":"congresso tem 15 dias para aprovar aumento","author":"noticiasribeiraopreto.com.br","date":"9 de December de 2023","format":false,"excerpt":"O tempo est\u00e1 ficando cada vez mais curto para que o congresso nacional aprove a Lei Or\u00e7ament\u00e1ria Anual (LOA), o or\u00e7amento do pr\u00f3ximo ano. Entre outros pontos, este documento estabelece o aumento do sal\u00e1rio m\u00ednimo para 2024. Mas o fato \u00e9 que os parlamentares ainda n\u00e3o realizaram a vota\u00e7\u00e3o. O\u2026","rel":"","context":"In &quot;Vagas de Emprego em Ribeir\u00e3o Preto-SP&quot;","block_context":{"text":"Vagas de Emprego em Ribeir\u00e3o Preto-SP","link":"https:\/\/noticiasribeiraopreto.com.br\/index.php\/category\/empregos-classificados-vagas-trabalho\/vagas-de-empregos-em-ribeirao-preto-regiao-brasil\/"},"img":{"alt_text":"","src":"https:\/\/i0.wp.com\/noticiasribeiraopreto.com.br\/wp-content\/uploads\/2023\/12\/noticiasconcursos.com_.br-salario-minimo-congresso-tem-15-dias-para-aprovar-aumento-nc-01.webp.webp?fit=1170%2C700&ssl=1&resize=350%2C200","width":350,"height":200,"srcset":"https:\/\/i0.wp.com\/noticiasribeiraopreto.com.br\/wp-content\/uploads\/2023\/12\/noticiasconcursos.com_.br-salario-minimo-congresso-tem-15-dias-para-aprovar-aumento-nc-01.webp.webp?fit=1170%2C700&ssl=1&resize=350%2C200 1x, https:\/\/i0.wp.com\/noticiasribeiraopreto.com.br\/wp-content\/uploads\/2023\/12\/noticiasconcursos.com_.br-salario-minimo-congresso-tem-15-dias-para-aprovar-aumento-nc-01.webp.webp?fit=1170%2C700&ssl=1&resize=525%2C300 1.5x, https:\/\/i0.wp.com\/noticiasribeiraopreto.com.br\/wp-content\/uploads\/2023\/12\/noticiasconcursos.com_.br-salario-minimo-congresso-tem-15-dias-para-aprovar-aumento-nc-01.webp.webp?fit=1170%2C700&ssl=1&resize=700%2C400 2x, https:\/\/i0.wp.com\/noticiasribeiraopreto.com.br\/wp-content\/uploads\/2023\/12\/noticiasconcursos.com_.br-salario-minimo-congresso-tem-15-dias-para-aprovar-aumento-nc-01.webp.webp?fit=1170%2C700&ssl=1&resize=1050%2C600 3x"},"classes":[]},{"id":12978,"url":"https:\/\/noticiasribeiraopreto.com.br\/index.php\/2023\/12\/08\/salario-minimo-aumento-deve-ser-de-77-para-2024-meu-valor-digital\/","url_meta":{"origin":18329,"position":4},"title":"Sal\u00e1rio m\u00ednimo: aumento deve ser de 7,7% para 2024 &#8211; Meu Valor Digital","author":"noticiasribeiraopreto.com.br","date":"8 de December de 2023","format":false,"excerpt":"A inten\u00e7\u00e3o do governo \u00e9 subir o sal\u00e1rio m\u00ednimo de R$ 1.320 para R$ 1.421. Segundo revelou a ministra do Planejamento e Or\u00e7amento, Simone Tebet. No entanto, o novo valor depende de aprova\u00e7\u00e3o do Congresso Nacional. Caso seja aprovado, o aumento ser\u00e1 de 7,7% em rela\u00e7\u00e3o ao sal\u00e1rio m\u00ednimo atual.\u2026","rel":"","context":"In &quot;Vagas de Emprego em Ribeir\u00e3o Preto-SP&quot;","block_context":{"text":"Vagas de Emprego em Ribeir\u00e3o Preto-SP","link":"https:\/\/noticiasribeiraopreto.com.br\/index.php\/category\/empregos-classificados-vagas-trabalho\/vagas-de-empregos-em-ribeirao-preto-regiao-brasil\/"},"img":{"alt_text":"","src":"https:\/\/i0.wp.com\/noticiasribeiraopreto.com.br\/wp-content\/uploads\/2023\/12\/Salario-minimo-1.jpg?fit=1200%2C773&ssl=1&resize=350%2C200","width":350,"height":200,"srcset":"https:\/\/i0.wp.com\/noticiasribeiraopreto.com.br\/wp-content\/uploads\/2023\/12\/Salario-minimo-1.jpg?fit=1200%2C773&ssl=1&resize=350%2C200 1x, https:\/\/i0.wp.com\/noticiasribeiraopreto.com.br\/wp-content\/uploads\/2023\/12\/Salario-minimo-1.jpg?fit=1200%2C773&ssl=1&resize=525%2C300 1.5x, https:\/\/i0.wp.com\/noticiasribeiraopreto.com.br\/wp-content\/uploads\/2023\/12\/Salario-minimo-1.jpg?fit=1200%2C773&ssl=1&resize=700%2C400 2x, https:\/\/i0.wp.com\/noticiasribeiraopreto.com.br\/wp-content\/uploads\/2023\/12\/Salario-minimo-1.jpg?fit=1200%2C773&ssl=1&resize=1050%2C600 3x"},"classes":[]},{"id":19868,"url":"https:\/\/noticiasribeiraopreto.com.br\/index.php\/2023\/12\/23\/ha-previsao-de-inicio-para-o-pagamento-do-reajuste-do-salario-minimo-em-2024-confira\/","url_meta":{"origin":18329,"position":5},"title":"H\u00e1 previs\u00e3o de in\u00edcio para o pagamento do reajuste do sal\u00e1rio m\u00ednimo em 2024? Confira","author":"noticiasribeiraopreto.com.br","date":"23 de December de 2023","format":false,"excerpt":"Desde j\u00e1, ap\u00f3s semanas de intenso debate, o Governo Federal definiu, na \u00faltima ter\u00e7a-feira (19), o valor do sal\u00e1rio m\u00ednimo para 2024. Confira mais informa\u00e7\u00f5es sobre o reajuste e a data de in\u00edcio do pagamento. Nova valor do sal\u00e1rio m\u00ednimo para 2024 Atualmente, embora os trabalhadores aguardassem um aumento que\u2026","rel":"","context":"In &quot;Vagas de Emprego em Ribeir\u00e3o Preto-SP&quot;","block_context":{"text":"Vagas de Emprego em Ribeir\u00e3o Preto-SP","link":"https:\/\/noticiasribeiraopreto.com.br\/index.php\/category\/empregos-classificados-vagas-trabalho\/vagas-de-empregos-em-ribeirao-preto-regiao-brasil\/"},"img":{"alt_text":"","src":"","width":0,"height":0},"classes":[]}],"jetpack_sharing_enabled":true,"jetpack_shortlink":"https:\/\/wp.me\/peQAOb-4LD","_links":{"self":[{"href":"https:\/\/noticiasribeiraopreto.com.br\/index.php\/wp-json\/wp\/v2\/posts\/18329","targetHints":{"allow":["GET"]}}],"collection":[{"href":"https:\/\/noticiasribeiraopreto.com.br\/index.php\/wp-json\/wp\/v2\/posts"}],"about":[{"href":"https:\/\/noticiasribeiraopreto.com.br\/index.php\/wp-json\/wp\/v2\/types\/post"}],"author":[{"embeddable":true,"href":"https:\/\/noticiasribeiraopreto.com.br\/index.php\/wp-json\/wp\/v2\/users\/1"}],"replies":[{"embeddable":true,"href":"https:\/\/noticiasribeiraopreto.com.br\/index.php\/wp-json\/wp\/v2\/comments?post=18329"}],"version-history":[{"count":0,"href":"https:\/\/noticiasribeiraopreto.com.br\/index.php\/wp-json\/wp\/v2\/posts\/18329\/revisions"}],"wp:featuredmedia":[{"embeddable":true,"href":"https:\/\/noticiasribeiraopreto.com.br\/index.php\/wp-json\/wp\/v2\/media\/18330"}],"wp:attachment":[{"href":"https:\/\/noticiasribeiraopreto.com.br\/index.php\/wp-json\/wp\/v2\/media?parent=18329"}],"wp:term":[{"taxonomy":"category","embeddable":true,"href":"https:\/\/noticiasribeiraopreto.com.br\/index.php\/wp-json\/wp\/v2\/categories?post=18329"},{"taxonomy":"post_tag","embeddable":true,"href":"https:\/\/noticiasribeiraopreto.com.br\/index.php\/wp-json\/wp\/v2\/tags?post=18329"}],"curies":[{"name":"wp","href":"https:\/\/api.w.org\/{rel}","templated":true}]}}