{"id":18333,"date":"2023-12-20T08:52:45","date_gmt":"2023-12-20T11:52:45","guid":{"rendered":"https:\/\/noticiasribeiraopreto.com.br\/index.php\/2023\/12\/20\/data-limite-para-regularizar-e-nao-ter-cnpj-excluido-esta-proxima\/"},"modified":"2023-12-20T08:52:45","modified_gmt":"2023-12-20T11:52:45","slug":"data-limite-para-regularizar-e-nao-ter-cnpj-excluido-esta-proxima","status":"publish","type":"post","link":"https:\/\/noticiasribeiraopreto.com.br\/index.php\/2023\/12\/20\/data-limite-para-regularizar-e-nao-ter-cnpj-excluido-esta-proxima\/","title":{"rendered":"Data limite para regularizar e n\u00e3o ter CNPJ exclu\u00eddo est\u00e1 pr\u00f3xima"},"content":{"rendered":"<div class='code-block code-block-1' style='margin: 8px 0 8px auto; text-align: right; display: block; clear: both;'>\n<p><a href=\"https:\/\/wa.link\/vpicfd\"><img data-recalc-dims=\"1\" class=\"wp-image-4922\" style=\"aspect-ratio: 2.0253164556962027; width: 561px; height: auto;\" src=\"https:\/\/i0.wp.com\/ismaelcolosi.com.br\/wp-content\/uploads\/2023\/11\/grupo-de-empregos-whatsapp-e-facebook-ismael-colosi-vagas.jpg?ssl=1\" alt=\"\" \/><\/a><\/p>\n<!-- \/wp:image -->\n<\/div>\n<p> <br \/>\n<\/p>\n<div>\n<p>Microempreendedores Individuais (<a href=\"https:\/\/catracalivre.com.br\/cidadania\/mei-pode-agora-se-beneficiar-do-bolsa-familia\/\">MEI<\/a>) t\u00eam uma oportunidade crucial de evitar a exclus\u00e3o do Simples Nacional devido a d\u00edvidas e pend\u00eancias com a <a href=\"https:\/\/catracalivre.com.br\/cidadania\/atencao-mudanca-na-receita-atinge-todos-que-declaram-imposto-de-renda\/\">Receita Federal<\/a>.<\/p>\n<div id=\"attachment_2314635\" class=\"wp-caption aligncenter\">\n<div class=\"d-flex justify-content-center\" data-attachment-id=\"2314635\">\n<div class=\"position-relative d-inline-block\"><img data-recalc-dims=\"1\" data-portal-copyright=\"iSTock\" fetchpriority=\"high\" decoding=\"async\" class=\"size-large wp-image-2314635\" src=\"https:\/\/i0.wp.com\/catracalivre.com.br\/wp-content\/uploads\/2023\/11\/dividas-2-910x607.jpg?resize=910%2C607&#038;ssl=1\" alt=\"MEI: Data limite para regularizar e n\u00e3o ter CNPJ exclu\u00eddo est\u00e1 pr\u00f3xima\" width=\"910\" height=\"607\" srcset=\"https:\/\/catracalivre.com.br\/wp-content\/uploads\/2023\/11\/dividas-2-910x607.jpg 910w, https:\/\/catracalivre.com.br\/wp-content\/uploads\/2023\/11\/dividas-2-450x300.jpg 450w, https:\/\/catracalivre.com.br\/wp-content\/uploads\/2023\/11\/dividas-2-768x512.jpg 768w\" sizes=\"(max-width: 910px) 100vw, 910px\"\/><\/p>\n<p>Cr\u00e9ditos: iSTock<\/p>\n<\/div>\n<\/div>\n<p><span class=\"post-imagem__legenda\">MEI: Data limite para regularizar e n\u00e3o ter CNPJ exclu\u00eddo est\u00e1 pr\u00f3xima<\/span><\/p>\n<\/div>\n<p>O \u00f3rg\u00e3o alerta que, em todo o pa\u00eds, um total de 393.678 MEIs receberam notifica\u00e7\u00f5es para regularizar sua situa\u00e7\u00e3o financeira com o fisco, totalizando aproximadamente R$2,25 bilh\u00f5es em d\u00e9bitos.<\/p>\n<p>Manter um <a href=\"https:\/\/catracalivre.com.br\/cidadania\/mei-regularize-impostos-com-pendencias-voce-pode-ter-cnpj-excluido\/\">CNPJ<\/a> em situa\u00e7\u00e3o irregular tem implica\u00e7\u00f5es s\u00e9rias, como a impossibilidade de emitir notas fiscais, obter licen\u00e7as e at\u00e9 mesmo o cancelamento de alvar\u00e1s. Al\u00e9m disso, as d\u00edvidas assumem o nome do microempreendedor, afetando seu <a href=\"https:\/\/catracalivre.com.br\/cidadania\/mei-inadimplentes-podem-ter-cpf-negativado-veja-o-que-fazer\/\">CPF<\/a> e dificultando a obten\u00e7\u00e3o de empr\u00e9stimos e financiamentos.<\/p>\n<p>No \u00faltimo m\u00eas de setembro, a Receita Federal disponibilizou os Termos de Exclus\u00e3o do Simples Nacional e os relat\u00f3rios de pend\u00eancias dos contribuintes no Domic\u00edlio Tribut\u00e1rio Eletr\u00f4nico do Simples Nacional e MEI (Simples Nacional.<\/p>\n<p>Estas pend\u00eancias devem ser regularizadas at\u00e9 1\u00ba de janeiro de 2024, acess\u00edveis atrav\u00e9s da aba Simei-Servi\u00e7os do Portal do Simples Nacional ou pelo Portal e-CAC (eCAC \u2013 Centro Virtual de Atendimento (fazenda.gov.br) da Receita Federal do Brasil, com c\u00f3digo de acesso espec\u00edfico ou via <a href=\"https:\/\/catracalivre.com.br\/cidadania\/governo-estabelece-limite-de-acesso-ao-site-gov-br-veja-o-que-muda\/\">Gov.BR<\/a>.<\/p>\n<p>Para evitar a exclus\u00e3o, os d\u00e9bitos devem ser quitados integralmente at\u00e9 o final do ano, seja por pagamento \u00e0 vista ou parcelamento, que pode estender-se por at\u00e9 trinta meses a partir da data de ci\u00eancia do Termo de Exclus\u00e3o. \u201cA ci\u00eancia se dar\u00e1 no momento da primeira leitura, se o contribuinte acessar a mensagem dentro de 45 dias contados da disponibiliza\u00e7\u00e3o do referido Termo, ou no quadrag\u00e9simo quinto dia contado da disponibiliza\u00e7\u00e3o do Termo, caso a primeira leitura seja feita posteriormente a esse prazo\u201d, informa a RF.<\/p>\n<p>MEI que regularizar suas d\u00edvidas ver\u00e3o o Termo de Exclus\u00e3o anulado. Entretanto, aqueles que permanecerem inadimplentes ser\u00e3o exclu\u00eddos do Simples Nacional j\u00e1 no in\u00edcio de 2024, sendo automaticamente desenquadrados do Simei.<\/p>\n<p>\u00c9 de extrema import\u00e2ncia que empreendedores estejam cientes das implica\u00e7\u00f5es da exclus\u00e3o do Simples Nacional e cumpram os prazos legais, uma vez que a exclus\u00e3o pode ser prejudicial para os neg\u00f3cios.<\/p>\n<h2>Como regularizar MEI<\/h2>\n<p>Para regularizar sua situa\u00e7\u00e3o como MEI, voc\u00ea pode efetuar o pagamento ou parcelamento das d\u00edvidas diretamente no portal do Simples Nacional ou pelo aplicativo MEI, dispon\u00edvel para dispositivos Android ou iOS.<\/p>\n<p>Se suas d\u00edvidas est\u00e3o inscritas na D\u00edvida Ativa, siga as orienta\u00e7\u00f5es a seguir:<\/p>\n<ul>\n<li>O d\u00e9bito de INSS deve ser recolhido em DAS DAU, um documento espec\u00edfico para D\u00edvida Ativa da Uni\u00e3o.<\/li>\n<li>D\u00e9bitos de ISS e ICMS devem ser quitados em guias pr\u00f3prias do Estado ou munic\u00edpio respons\u00e1vel pelo tributo.<\/li>\n<li>A entrega da Declara\u00e7\u00e3o Anual do Simples Nacional do Microempreendedor Individual (DASN-SIMEI) pode ser realizada pelo <a href=\"https:\/\/www.gov.br\/receitafederal\/pt-br\/canais_atendimento\/fale-conosco\/empresa\/simples-nacional-e-microempreendedor-individual-mei\/simples-nacional\" target=\"_blank\" rel=\"noopener\">portal do Simples Nacional<\/a> ou pelo aplicativo MEI.<\/li>\n<\/ul>\n<p>Para verificar o valor de suas d\u00edvidas, acesse o <a href=\"https:\/\/www8.receita.fazenda.gov.br\/simplesnacional\/aplicacoes\/atspo\/pgmei.app\/identificacao\" rel=\"noopener\">Programa Gerador de DAS do Microempreendedor Individual (PGMEI)<\/a>. Em seguida, com certificado digital ou c\u00f3digo de acesso, v\u00e1 at\u00e9 a op\u00e7\u00e3o \u201cConsulta Extrato\/Pend\u00eancias &gt; Consulta Pend\u00eancias no Simei\u201d. As informa\u00e7\u00f5es sobre as d\u00edvidas tamb\u00e9m est\u00e3o dispon\u00edveis no aplicativo MEI.<\/p>\n<p>Caso voc\u00ea n\u00e3o esteja mais atuando como empreendedor e deseja encerrar suas atividades como MEI, \u00e9 importante dar baixa no CNPJ. O processo \u00e9 simples e pode ser realizado gratuitamente pelo <a href=\"https:\/\/www.gov.br\/empresas-e-negocios\/pt-br\/empreendedor\" target=\"_blank\" rel=\"noopener\">Portal do Empreendedor<\/a>.<\/p>\n<\/div>\n<p><script>\n\t\t! function(f, b, e, v, n, t, s) {\n\t\t\tif (f.fbq) return;\n\t\t\tn = f.fbq = function() {\n\t\t\t\tn.callMethod ?\n\t\t\t\t\tn.callMethod.apply(n, arguments) : n.queue.push(arguments)\n\t\t\t};\n\t\t\tif (!f._fbq) f._fbq = n;\n\t\t\tn.push = n;\n\t\t\tn.loaded = !0;\n\t\t\tn.version = '2.0';\n\t\t\tn.queue = [];\n\t\t\tt = b.createElement(e);\n\t\t\tt.async = !0;\n\t\t\tt.src = v;\n\t\t\ts = b.getElementsByTagName(e)[0];\n\t\t\ts.parentNode.insertBefore(t, s)\n\t\t}(window, document, 'script',\n\t\t\t'https:\/\/connect.facebook.net\/en_US\/fbevents.js');\n\t\tfbq('init', '338315473262380');\n\t\tfbq('track', 'PageView');\n\t<\/script><br \/>\n<br \/><br \/>\n<br \/><a href=\"https:\/\/catracalivre.com.br\/cidadania\/mei-data-limite-para-regularizar-e-nao-ter-cnpj-excluido-esta-proxima\/\">Source link <\/a><\/p>\n<!-- CONTENT END 1 -->\n","protected":false},"excerpt":{"rendered":"<p>Microempreendedores Individuais (MEI) t\u00eam uma oportunidade crucial de evitar a exclus\u00e3o do Simples Nacional devido a d\u00edvidas e pend\u00eancias com a Receita Federal. Cr\u00e9ditos: iSTock&#8230;<\/p>\n","protected":false},"author":1,"featured_media":18334,"comment_status":"open","ping_status":"open","sticky":false,"template":"","format":"standard","meta":{"advanced_seo_description":"","jetpack_seo_html_title":"","jetpack_seo_noindex":false,"jetpack_post_was_ever_published":false,"_jetpack_newsletter_access":"","_jetpack_dont_email_post_to_subs":false,"_jetpack_newsletter_tier_id":0,"_jetpack_memberships_contains_paywalled_content":false,"_jetpack_memberships_contains_paid_content":false,"footnotes":"","jetpack_publicize_message":"","jetpack_publicize_feature_enabled":true,"jetpack_social_post_already_shared":true,"jetpack_social_options":{"image_generator_settings":{"template":"highway","default_image_id":0,"font":"","enabled":false},"version":2}},"categories":[19],"tags":[],"class_list":["post-18333","post","type-post","status-publish","format-standard","has-post-thumbnail","hentry","category-variedades"],"jetpack_publicize_connections":[],"jetpack_featured_media_url":"https:\/\/i0.wp.com\/noticiasribeiraopreto.com.br\/wp-content\/uploads\/2023\/12\/1703073170_dividas-2.jpg?fit=1200%2C638&ssl=1","jetpack-related-posts":[{"id":12488,"url":"https:\/\/noticiasribeiraopreto.com.br\/index.php\/2023\/12\/08\/10-cores-para-usar-no-ano-novo-e-seus-significados-meu-valor-digital\/","url_meta":{"origin":18333,"position":0},"title":"10 cores para usar no ano novo e seus significados &#8211; Meu Valor Digital","author":"noticiasribeiraopreto.com.br","date":"8 de December de 2023","format":false,"excerpt":"Dezembro chegou e \u00e9 hora de nos prepararmos para uma das festas mais emblem\u00e1ticas e esperadas em todo o mundo: o R\u00e9veillon. Enquanto nos despedimos do ano que passou, saudamos o pr\u00f3ximo com entusiasmo, esperan\u00e7a e alegria. Uma das tradi\u00e7\u00f5es mais cativantes deste momento especial \u00e9 a escolha das cores\u2026","rel":"","context":"In &quot;Vagas de Emprego em Ribeir\u00e3o Preto-SP&quot;","block_context":{"text":"Vagas de Emprego em Ribeir\u00e3o Preto-SP","link":"https:\/\/noticiasribeiraopreto.com.br\/index.php\/category\/empregos-classificados-vagas-trabalho\/vagas-de-empregos-em-ribeirao-preto-regiao-brasil\/"},"img":{"alt_text":"","src":"https:\/\/i0.wp.com\/noticiasribeiraopreto.com.br\/wp-content\/uploads\/2023\/12\/1-Ano-Novo.jpg?fit=1200%2C773&ssl=1&resize=350%2C200","width":350,"height":200,"srcset":"https:\/\/i0.wp.com\/noticiasribeiraopreto.com.br\/wp-content\/uploads\/2023\/12\/1-Ano-Novo.jpg?fit=1200%2C773&ssl=1&resize=350%2C200 1x, https:\/\/i0.wp.com\/noticiasribeiraopreto.com.br\/wp-content\/uploads\/2023\/12\/1-Ano-Novo.jpg?fit=1200%2C773&ssl=1&resize=525%2C300 1.5x, https:\/\/i0.wp.com\/noticiasribeiraopreto.com.br\/wp-content\/uploads\/2023\/12\/1-Ano-Novo.jpg?fit=1200%2C773&ssl=1&resize=700%2C400 2x, https:\/\/i0.wp.com\/noticiasribeiraopreto.com.br\/wp-content\/uploads\/2023\/12\/1-Ano-Novo.jpg?fit=1200%2C773&ssl=1&resize=1050%2C600 3x"},"classes":[]},{"id":69518,"url":"https:\/\/noticiasribeiraopreto.com.br\/index.php\/2025\/05\/07\/jornal-da-franca-cores-no-prato-consumir-frutas-e-vegetais-de-aparencia-variada-fortalece-organismo\/","url_meta":{"origin":18333,"position":1},"title":"Jornal da Franca &#8211; Cores no prato: consumir frutas e vegetais de apar\u00eancia variada fortalece organismo","author":"noticiasribeiraopreto.com.br","date":"7 de May de 2025","format":false,"excerpt":"compartilhar no whatsapp compartilhar no telegram compartilhar no facebook compartilhar no linkedin Alimentos de diferentes cores oferecem nutrientes distintos e, quando combinados, promovem equil\u00edbrio, sa\u00fade intestinal e imunidade Incluir frutas e vegetais de diversas cores nas refei\u00e7\u00f5es do dia a dia \u00e9 uma das formas mais simples e eficazes de\u2026","rel":"","context":"In &quot;Not\u00edcias de Franca-SP&quot;","block_context":{"text":"Not\u00edcias de Franca-SP","link":"https:\/\/noticiasribeiraopreto.com.br\/index.php\/category\/noticias-de-ribeirao-preto-sp-e-regiao-ismael-colosi\/noticias-franca-sp\/"},"img":{"alt_text":"","src":"https:\/\/i0.wp.com\/noticiasribeiraopreto.com.br\/wp-content\/uploads\/2025\/05\/tigela-de-buda-com-bulgur-frango-grelhado-vegetais-abacate-e-espinafre-conceito-de-comida-saudavel.jpg?fit=1000%2C667&ssl=1&resize=350%2C200","width":350,"height":200,"srcset":"https:\/\/i0.wp.com\/noticiasribeiraopreto.com.br\/wp-content\/uploads\/2025\/05\/tigela-de-buda-com-bulgur-frango-grelhado-vegetais-abacate-e-espinafre-conceito-de-comida-saudavel.jpg?fit=1000%2C667&ssl=1&resize=350%2C200 1x, https:\/\/i0.wp.com\/noticiasribeiraopreto.com.br\/wp-content\/uploads\/2025\/05\/tigela-de-buda-com-bulgur-frango-grelhado-vegetais-abacate-e-espinafre-conceito-de-comida-saudavel.jpg?fit=1000%2C667&ssl=1&resize=525%2C300 1.5x, https:\/\/i0.wp.com\/noticiasribeiraopreto.com.br\/wp-content\/uploads\/2025\/05\/tigela-de-buda-com-bulgur-frango-grelhado-vegetais-abacate-e-espinafre-conceito-de-comida-saudavel.jpg?fit=1000%2C667&ssl=1&resize=700%2C400 2x"},"classes":[]},{"id":80773,"url":"https:\/\/noticiasribeiraopreto.com.br\/index.php\/2025\/12\/13\/seguranca-em-instalacoes-comerciais-e-industriais\/","url_meta":{"origin":18333,"position":2},"title":"Seguran\u00e7a em instala\u00e7\u00f5es comerciais e industriais","author":"noticiasribeiraopreto.com.br","date":"13 de December de 2025","format":false,"excerpt":"Quando falamos em instala\u00e7\u00f5es el\u00e9tricas, \u00e9 comum imaginar apenas fios, tomadas e disjuntores. Mas, no ambiente comercial e industrial, a estrutura vai muito al\u00e9m disso. Esses locais exigem um n\u00edvel maior de seguran\u00e7a, resist\u00eancia e capacidade el\u00e9trica, j\u00e1 que operam com cargas mais elevadas e equipamentos de alto desempenho. A\u2026","rel":"","context":"In &quot;Not\u00edcias de Ribeir\u00e3o Preto-SP e Regi\u00e3o&quot;","block_context":{"text":"Not\u00edcias de Ribeir\u00e3o Preto-SP e Regi\u00e3o","link":"https:\/\/noticiasribeiraopreto.com.br\/index.php\/category\/noticias-de-ribeirao-preto-sp-e-regiao-ismael-colosi\/"},"img":{"alt_text":"","src":"https:\/\/i0.wp.com\/noticiasribeiraopreto.com.br\/wp-content\/uploads\/2025\/12\/1-2025-12-12T151505.418_2025-12-12_18-15-25.webp.webp?fit=1200%2C800&ssl=1&resize=350%2C200","width":350,"height":200,"srcset":"https:\/\/i0.wp.com\/noticiasribeiraopreto.com.br\/wp-content\/uploads\/2025\/12\/1-2025-12-12T151505.418_2025-12-12_18-15-25.webp.webp?fit=1200%2C800&ssl=1&resize=350%2C200 1x, https:\/\/i0.wp.com\/noticiasribeiraopreto.com.br\/wp-content\/uploads\/2025\/12\/1-2025-12-12T151505.418_2025-12-12_18-15-25.webp.webp?fit=1200%2C800&ssl=1&resize=525%2C300 1.5x, https:\/\/i0.wp.com\/noticiasribeiraopreto.com.br\/wp-content\/uploads\/2025\/12\/1-2025-12-12T151505.418_2025-12-12_18-15-25.webp.webp?fit=1200%2C800&ssl=1&resize=700%2C400 2x, https:\/\/i0.wp.com\/noticiasribeiraopreto.com.br\/wp-content\/uploads\/2025\/12\/1-2025-12-12T151505.418_2025-12-12_18-15-25.webp.webp?fit=1200%2C800&ssl=1&resize=1050%2C600 3x"},"classes":[]},{"id":62991,"url":"https:\/\/noticiasribeiraopreto.com.br\/index.php\/2025\/01\/30\/veja-todos-os-artistas-confirmados-no-ribeirao-rodeo-music-2025\/","url_meta":{"origin":18333,"position":3},"title":"Veja todos os artistas confirmados no Ribeir\u00e3o Rodeo Music 2025","author":"noticiasribeiraopreto.com.br","date":"30 de January de 2025","format":false,"excerpt":"A organiza\u00e7\u00e3o do Ribeir\u00e3o Rodeo Music anunciou nesta quinta-feira (30) o line-up completo da edi\u00e7\u00e3o 2025. Entre os artistas confirmados no rodeio de Ribeir\u00e3o Preto est\u00e3o Luan Santana, Chit\u00e3ozinho e Xoror\u00f3, Ana Castela, Alok, Dennis, Jorge e Mateus e Zez\u00e9 di Camargo e Luciano \u2013 veja a programa\u00e7\u00e3o completa abaixo.\u2026","rel":"","context":"In &quot;Not\u00edcias de Ribeir\u00e3o Preto-SP e Regi\u00e3o&quot;","block_context":{"text":"Not\u00edcias de Ribeir\u00e3o Preto-SP e Regi\u00e3o","link":"https:\/\/noticiasribeiraopreto.com.br\/index.php\/category\/noticias-de-ribeirao-preto-sp-e-regiao-ismael-colosi\/"},"img":{"alt_text":"","src":"https:\/\/i0.wp.com\/noticiasribeiraopreto.com.br\/wp-content\/uploads\/2025\/01\/luan-santana_2025-01-30_14-28-42_jpeg_2025-01-30_14-28-42.webp.webp?fit=1200%2C675&ssl=1&resize=350%2C200","width":350,"height":200,"srcset":"https:\/\/i0.wp.com\/noticiasribeiraopreto.com.br\/wp-content\/uploads\/2025\/01\/luan-santana_2025-01-30_14-28-42_jpeg_2025-01-30_14-28-42.webp.webp?fit=1200%2C675&ssl=1&resize=350%2C200 1x, https:\/\/i0.wp.com\/noticiasribeiraopreto.com.br\/wp-content\/uploads\/2025\/01\/luan-santana_2025-01-30_14-28-42_jpeg_2025-01-30_14-28-42.webp.webp?fit=1200%2C675&ssl=1&resize=525%2C300 1.5x, https:\/\/i0.wp.com\/noticiasribeiraopreto.com.br\/wp-content\/uploads\/2025\/01\/luan-santana_2025-01-30_14-28-42_jpeg_2025-01-30_14-28-42.webp.webp?fit=1200%2C675&ssl=1&resize=700%2C400 2x, https:\/\/i0.wp.com\/noticiasribeiraopreto.com.br\/wp-content\/uploads\/2025\/01\/luan-santana_2025-01-30_14-28-42_jpeg_2025-01-30_14-28-42.webp.webp?fit=1200%2C675&ssl=1&resize=1050%2C600 3x"},"classes":[]},{"id":20313,"url":"https:\/\/noticiasribeiraopreto.com.br\/index.php\/2023\/12\/24\/mensagens-de-natal-para-voce-compartilhar-com-seus-amigos-e-amores\/","url_meta":{"origin":18333,"position":4},"title":"Mensagens de Natal para voc\u00ea compartilhar com seus amigos e amores!","author":"noticiasribeiraopreto.com.br","date":"24 de December de 2023","format":false,"excerpt":"O Natal \u00e9 um tempo de celebra\u00e7\u00e3o, gratid\u00e3o e amor. Aqui est\u00e3o algumas mensagens natalinas que voc\u00ea pode compartilhar com seus amigos e entes queridos para expressar seus sentimentos de carinho e uni\u00e3o durante este per\u00edodo festivo. Esp\u00edrito Natalino e Esperan\u00e7a A Magia do Natal Neste per\u00edodo encantador do ano,\u2026","rel":"","context":"In &quot;Vagas de Emprego em Ribeir\u00e3o Preto-SP&quot;","block_context":{"text":"Vagas de Emprego em Ribeir\u00e3o Preto-SP","link":"https:\/\/noticiasribeiraopreto.com.br\/index.php\/category\/empregos-classificados-vagas-trabalho\/vagas-de-empregos-em-ribeirao-preto-regiao-brasil\/"},"img":{"alt_text":"","src":"","width":0,"height":0},"classes":[]},{"id":13616,"url":"https:\/\/noticiasribeiraopreto.com.br\/index.php\/2023\/12\/10\/vagas-offshore-para-operador-de-producao-enfermeiro-marinheiro-de-conves-coordenador-de-operacoes-hse-e-coordenador-de-perfuracao-sao-iniciadas-pela-brunel\/","url_meta":{"origin":18333,"position":5},"title":"Vagas offshore para Operador de Produ\u00e7\u00e3o, Enfermeiro, Marinheiro de Conv\u00e9s, Coordenador de Opera\u00e7\u00f5es, HSE e Coordenador de Perfura\u00e7\u00e3o s\u00e3o iniciadas pela Brunel","author":"noticiasribeiraopreto.com.br","date":"10 de December de 2023","format":false,"excerpt":"A Brunel, uma das principais empresas de recrutamento e sele\u00e7\u00e3o no setor de petr\u00f3leo e g\u00e1s, anunciou a abertura de diversas vagas na \u00e1rea offshore no dia 08\/12\/2023, uma oportunidade imperd\u00edvel para profissionais que buscam desafios e desenvolvimento em um setor din\u00e2mico e em constante evolu\u00e7\u00e3o. As vagas dispon\u00edveis s\u00e3o\u2026","rel":"","context":"In &quot;Vagas de Emprego em Ribeir\u00e3o Preto-SP&quot;","block_context":{"text":"Vagas de Emprego em Ribeir\u00e3o Preto-SP","link":"https:\/\/noticiasribeiraopreto.com.br\/index.php\/category\/empregos-classificados-vagas-trabalho\/vagas-de-empregos-em-ribeirao-preto-regiao-brasil\/"},"img":{"alt_text":"","src":"https:\/\/i0.wp.com\/noticiasribeiraopreto.com.br\/wp-content\/uploads\/2023\/12\/banner03-1-830x450.jpg?fit=830%2C450&ssl=1&resize=350%2C200","width":350,"height":200,"srcset":"https:\/\/i0.wp.com\/noticiasribeiraopreto.com.br\/wp-content\/uploads\/2023\/12\/banner03-1-830x450.jpg?fit=830%2C450&ssl=1&resize=350%2C200 1x, https:\/\/i0.wp.com\/noticiasribeiraopreto.com.br\/wp-content\/uploads\/2023\/12\/banner03-1-830x450.jpg?fit=830%2C450&ssl=1&resize=525%2C300 1.5x, https:\/\/i0.wp.com\/noticiasribeiraopreto.com.br\/wp-content\/uploads\/2023\/12\/banner03-1-830x450.jpg?fit=830%2C450&ssl=1&resize=700%2C400 2x"},"classes":[]}],"jetpack_sharing_enabled":true,"jetpack_shortlink":"https:\/\/wp.me\/peQAOb-4LH","_links":{"self":[{"href":"https:\/\/noticiasribeiraopreto.com.br\/index.php\/wp-json\/wp\/v2\/posts\/18333","targetHints":{"allow":["GET"]}}],"collection":[{"href":"https:\/\/noticiasribeiraopreto.com.br\/index.php\/wp-json\/wp\/v2\/posts"}],"about":[{"href":"https:\/\/noticiasribeiraopreto.com.br\/index.php\/wp-json\/wp\/v2\/types\/post"}],"author":[{"embeddable":true,"href":"https:\/\/noticiasribeiraopreto.com.br\/index.php\/wp-json\/wp\/v2\/users\/1"}],"replies":[{"embeddable":true,"href":"https:\/\/noticiasribeiraopreto.com.br\/index.php\/wp-json\/wp\/v2\/comments?post=18333"}],"version-history":[{"count":0,"href":"https:\/\/noticiasribeiraopreto.com.br\/index.php\/wp-json\/wp\/v2\/posts\/18333\/revisions"}],"wp:featuredmedia":[{"embeddable":true,"href":"https:\/\/noticiasribeiraopreto.com.br\/index.php\/wp-json\/wp\/v2\/media\/18334"}],"wp:attachment":[{"href":"https:\/\/noticiasribeiraopreto.com.br\/index.php\/wp-json\/wp\/v2\/media?parent=18333"}],"wp:term":[{"taxonomy":"category","embeddable":true,"href":"https:\/\/noticiasribeiraopreto.com.br\/index.php\/wp-json\/wp\/v2\/categories?post=18333"},{"taxonomy":"post_tag","embeddable":true,"href":"https:\/\/noticiasribeiraopreto.com.br\/index.php\/wp-json\/wp\/v2\/tags?post=18333"}],"curies":[{"name":"wp","href":"https:\/\/api.w.org\/{rel}","templated":true}]}}