{"id":18335,"date":"2023-12-20T08:59:40","date_gmt":"2023-12-20T11:59:40","guid":{"rendered":"https:\/\/noticiasribeiraopreto.com.br\/index.php\/2023\/12\/20\/9-maneiras-comprovadas-de-julgar-o-carater-de-alguem-meu-valor-digital\/"},"modified":"2023-12-20T08:59:40","modified_gmt":"2023-12-20T11:59:40","slug":"9-maneiras-comprovadas-de-julgar-o-carater-de-alguem-meu-valor-digital","status":"publish","type":"post","link":"https:\/\/noticiasribeiraopreto.com.br\/index.php\/2023\/12\/20\/9-maneiras-comprovadas-de-julgar-o-carater-de-alguem-meu-valor-digital\/","title":{"rendered":"9 maneiras comprovadas de julgar o car\u00e1ter de algu\u00e9m &#8211; Meu Valor Digital"},"content":{"rendered":"<div class='code-block code-block-1' style='margin: 8px 0 8px auto; text-align: right; display: block; clear: both;'>\n<p><a href=\"https:\/\/wa.link\/vpicfd\"><img data-recalc-dims=\"1\" class=\"wp-image-4922\" style=\"aspect-ratio: 2.0253164556962027; width: 561px; height: auto;\" src=\"https:\/\/i0.wp.com\/ismaelcolosi.com.br\/wp-content\/uploads\/2023\/11\/grupo-de-empregos-whatsapp-e-facebook-ismael-colosi-vagas.jpg?ssl=1\" alt=\"\" \/><\/a><\/p>\n<!-- \/wp:image -->\n<\/div>\n<p> <br \/>\n<\/p>\n<div>\n<p>Muitas vezes acabamos julgando uma pessoa pelo que ela aparenta ser, contudo, temos grandes chances de estar completamente errado. Isso porque o verdadeiro car\u00e1ter de uma pessoa s\u00f3 \u00e9 exposto quando algo negativo atinge ela ou at\u00e9 mesmo voc\u00ea. Dessa maneira ser\u00e1 poss\u00edvel identificar se \u00e9 uma pessoa t\u00f3xica, ou de \u00edndole duvidosa com enorme facilidade.<\/p>\n<p>Ent\u00e3o como podemos julgar o car\u00e1ter de outra pessoa? Ser\u00e1 que \u00e9 realmente preciso ir ao extremo de algo negativo? Caso voc\u00ea deseja ser capaz de avaliar as qualidades pessoas de outras pessoas, o segredo \u00e9 observar, reservar o julgamento e n\u00e3o ter pressa. Voc\u00ea precisa identificar como a pessoa reage a determinadas situa\u00e7\u00f5es.<\/p>\n<p>Ou\u00e7a a pessoa conversando, rindo, explicando, reclamando, elogiando, culpando e pregando. Somente a partir disso voc\u00ea estar\u00e1 sendo justo ao ter ferramentas capazes de julgar o car\u00e1ter de outra pessoa. Isso n\u00e3o \u00e9 algo infal\u00edvel, mas se voc\u00ea quer ter grandes chances de julgar o car\u00e1ter de uma pessoa de maneira justa, ent\u00e3o siga as 9 maneiras a seguir!<\/p>\n<h2 class=\"wp-block-heading\" id=\"h-1-a-raiva-e-exposta-com-muita-frequencia\"><strong>1. A raiva \u00e9 exposta com muita frequ\u00eancia?<\/strong><\/h2>\n<p>Normalmente, rea\u00e7\u00f5es de raiva que aparentam ser excessivas indicam poss\u00edveis problemas subjacentes. N\u00e3o se engane pensando que algu\u00e9m que consistentemente expressa raiva, tanto mental como fisicamente, est\u00e1 apenas reagindo de forma normal.<\/p>\n<p>Embora todos possam ocasionalmente sentir picos de raiva, seja ao dirigir ou quando as coisas n\u00e3o v\u00e3o bem, se isso se tornar quase uma ocorr\u00eancia di\u00e1ria, \u00e9 importante investigar a raz\u00e3o por tr\u00e1s disso e considerar evitar a pessoa.<\/p>\n<p>A raiva frequente pode evoluir para comportamentos violentos e agressivos, sendo desaconselh\u00e1vel permanecer pr\u00f3ximo a algu\u00e9m que acredita que a viol\u00eancia \u00e9 uma solu\u00e7\u00e3o para problemas pessoais ou globais. Se voc\u00ea est\u00e1 perto de uma pessoa assim, recomendo que se afaste dela.<\/p>\n<h2 class=\"wp-block-heading\" id=\"h-2-voce-testemunha-atos-de-bondade\"><strong>2. Voc\u00ea testemunha atos de bondade?<\/strong><\/h2>\n<p>\u00c9 poss\u00edvel observar atos de bondade dessa pessoa? Com que frequ\u00eancia ela demonstra ser gentil e atenciosa? Contribuem financeiramente para os necessitados, doam para institui\u00e7\u00f5es de caridade, realizam trabalho volunt\u00e1rio ou, de alguma forma, mostram disposi\u00e7\u00e3o e empatia sobre as pessoas que est\u00e3o passando por dificuldades?<\/p>\n<p>Por que pergunto isso? A resposta \u00e9 simples, muitas pessoas por mais que digam ser pessoas boas, n\u00e3o apresentam nenhum tra\u00e7o de bondade para outras pessoas, seja para pessoas com problemas de sa\u00fade, pela causa animal, ou qualquer outra situa\u00e7\u00e3o em que outros seres dependam da nossa ajuda.<\/p>\n<p>\u201cO melhor indicador do car\u00e1ter de uma pessoa \u00e9 como ela trata aqueles que n\u00e3o podem fazer nada por ela e como trata aqueles que n\u00e3o podem retribuir.\u201d Abigail Van Buren.<\/p>\n<h2 class=\"wp-block-heading\" id=\"h-3-como-a-pessoa-assume-a-culpa\"><strong>3. Como a pessoa assume a culpa?<\/strong><\/h2>\n<p>Talvez voc\u00ea saiba que a outra pessoa \u00e9 de fato respons\u00e1vel por algum erro no trabalho, por n\u00e3o chegar no hor\u00e1rio previsto para um encontro, ou qualquer outra situa\u00e7\u00e3o, contudo, qual a rea\u00e7\u00e3o dessa pessoa?<\/p>\n<p>Se para todos os problemas, inclusive os que voc\u00ea sabe que foram gerados por essa pessoa, ela ainda saia culpando fatores externos como tr\u00e2nsito, colegas, fam\u00edlia, mas nunca admitindo o erro, \u00e9 um inclina\u00e7\u00e3o de que \u00e9 uma pessoa que n\u00e3o sabe assumir as reponsabilidades por seus erros.<\/p>\n<h2 class=\"wp-block-heading\" id=\"h-4-leia-as-mensagens-da-outra-pessoa\"><strong>4. Leia as mensagens da outra pessoa<\/strong><\/h2>\n<p>Leia as mensagens da pessoa, seja por e-mail, por aplicativos de troca de mensagens, etc. Estudos indicam que o uso de determinados elementos pode revelar tra\u00e7os de personalidade:<\/p>\n<ul>\n<li>Muitos pontos de exclama\u00e7\u00e3o podem indicar uma disposi\u00e7\u00e3o alegre.<\/li>\n<li>Erros frequentes podem sugerir apatia.<\/li>\n<li>O uso de emoji pode ser a forma da pessoa sorrir enquanto se comunica.<\/li>\n<li>O uso da terceira pessoa pode revelar formalidade.<\/li>\n<li>Muitos pontos de interroga\u00e7\u00e3o podem indicar raiva.<\/li>\n<li>O uso excessivo de letras mai\u00fasculas \u00e9 considerado como gritar, algo estritamente desencorajado pela etiqueta na internet, mas surpreendentemente ainda usado por algumas pessoas.<\/li>\n<\/ul>\n<p>Leia tamb\u00e9m | <a href=\"https:\/\/meuvalordigital.com.br\/13-pequenos-habitos-que-revelam-muito-sobre-sua-personalidade\/\">13 pequenos h\u00e1bitos que revelam muito sobre sua personalidade<\/a><\/p>\n<h2 class=\"wp-block-heading\" id=\"h-5-se-atente-ao-exibicionismo\"><strong>5. Se atente ao exibicionismo<\/strong><\/h2>\n<p>Esteja atento a comportamentos exibicionistas. Ao interagir com as pessoas, observe como frequentemente mencionam suas conquistas, promo\u00e7\u00f5es, pr\u00eamios e sucessos. Se isso ocorrer com frequ\u00eancia, \u00e9 um sinal claro de que essa pessoa possui uma vis\u00e3o exagerada de suas realiza\u00e7\u00f5es, demonstrando pouca mod\u00e9stia ou humildade. Apesar de ser um pouco duro o que vamos dizer, mas pode ser aconselh\u00e1vel evitar essa pessoa.<\/p>\n<h2 class=\"wp-block-heading\" id=\"h-6-procure-sinais-de-perseveranca\"><strong>6. Procure sinais de perseveran\u00e7a<\/strong><\/h2>\n<p>Um indicador poderoso de coragem e tenacidade \u00e9 a persist\u00eancia de uma pessoa, nunca desistindo quando busca alcan\u00e7ar seus objetivos de vida. Procure evid\u00eancias de que enfrentam grandes dificuldades com resili\u00eancia e determina\u00e7\u00e3o. A perseveran\u00e7a \u00e9 uma grande caracter\u00edstica, que nem todas as pessoas tem, e de fato a tornam um pessoa especial.<\/p>\n<h2 class=\"wp-block-heading\" id=\"h-7-a-pessoa-possui-empatia\"><strong>7. A pessoa possu\u00ed empatia?<\/strong><\/h2>\n<p>Observe como a outra pessoa fala sobre as pessoas que passam por dificuldades, como os pobres, imigrantes, deficientes ou animais. Perceba se existe compaix\u00e3o por essas pessoas mais vulner\u00e1veis. O simples fato de mencion\u00e1-las \u00e9 um forte indicador de empatia.<\/p>\n<p>Pessoas com falta de empatia evitar\u00e3o conversar sobre pessoas vulner\u00e1veis, raramente far\u00e3o perguntas sobre momentos dif\u00edceis ou relacionamentos complicados, e muitas vezes redirecionar\u00e3o a conversa para si mesmas. Em casos extremos, a aus\u00eancia de empatia pode indicar caracter\u00edsticas psicop\u00e1ticas.<\/p>\n<h2 class=\"wp-block-heading\" id=\"h-8-aprenda-a-ser-uma-pessoa-socialmente-interativa\"><strong>8. Aprenda a ser uma pessoa socialmente interativa<\/strong><\/h2>\n<p>Dado o fato que somos seres sociais, a capacidade de interagir socialmente \u00e9 crucial. Se uma pessoa demonstra isolamento ou solid\u00e3o, isso pode sinalizar aspectos negativos de seu car\u00e1ter. Queremos nos relacionar com pessoas que valorizam a confian\u00e7a, honestidade e lealdade. A pr\u00e1tica dessas qualidades ocorre por meio da intera\u00e7\u00e3o social, proporcionando oportunidades para compartilhar desafios e celebrar sucessos em conjunto.<\/p>\n<p>\u201cPode-se adquirir tudo na solid\u00e3o, exceto car\u00e1ter.\u201d Stendhal<\/p>\n<h2 class=\"wp-block-heading\" id=\"h-9-evite-pessoas-toxicas\"><strong>9. Evite pessoas t\u00f3xicas.<\/strong><\/h2>\n<p>Essas pessoas tentam controlar os outros e muitas vezes t\u00eam dificuldade em aceitar seus pr\u00f3prios fracassos. Comportamentos e conversas t\u00edpicas podem envolver inveja ou ci\u00fames, cr\u00edticas a parceiros, colegas e amigos, reclama\u00e7\u00f5es sobre a falta de sucesso pessoal, culpar os outros por suas pr\u00f3prias dificuldades ou obsess\u00e3o consigo mesmas e seus problemas.<\/p>\n<p>Ao ouvir as conversas dessas pessoas, torna-se evidente a necessidade de evit\u00e1-las, pois sua negatividade pode impactar negativamente aqueles ao seu redor. Al\u00e9m disso, por mais que se queira ajud\u00e1-las, muitas vezes n\u00e3o se est\u00e1 qualificado para tal.<\/p>\n<\/div>\n<p><br \/>\n<br \/><a href=\"https:\/\/meuvalordigital.com.br\/9-maneiras-comprovadas-de-julgar-o-carater-de-alguem\/\">Source link <\/a><\/p>\n<!-- CONTENT END 1 -->\n","protected":false},"excerpt":{"rendered":"<p>Muitas vezes acabamos julgando uma pessoa pelo que ela aparenta ser, contudo, temos grandes chances de estar completamente errado. Isso porque o verdadeiro car\u00e1ter de&#8230;<\/p>\n","protected":false},"author":1,"featured_media":18336,"comment_status":"open","ping_status":"open","sticky":false,"template":"","format":"standard","meta":{"advanced_seo_description":"","jetpack_seo_html_title":"","jetpack_seo_noindex":false,"jetpack_post_was_ever_published":false,"_jetpack_newsletter_access":"","_jetpack_dont_email_post_to_subs":false,"_jetpack_newsletter_tier_id":0,"_jetpack_memberships_contains_paywalled_content":false,"_jetpack_memberships_contains_paid_content":false,"footnotes":"","jetpack_publicize_message":"","jetpack_publicize_feature_enabled":true,"jetpack_social_post_already_shared":true,"jetpack_social_options":{"image_generator_settings":{"template":"highway","default_image_id":0,"font":"","enabled":false},"version":2}},"categories":[7],"tags":[],"class_list":["post-18335","post","type-post","status-publish","format-standard","has-post-thumbnail","hentry","category-vagas-de-empregos-em-ribeirao-preto-regiao-brasil"],"jetpack_publicize_connections":[],"jetpack_featured_media_url":"https:\/\/i0.wp.com\/noticiasribeiraopreto.com.br\/wp-content\/uploads\/2023\/12\/duas-pessoas-conversando.jpg?fit=1208%2C805&ssl=1","jetpack-related-posts":[{"id":26678,"url":"https:\/\/noticiasribeiraopreto.com.br\/index.php\/2024\/01\/10\/vanessa-lopes-cria-embate-com-yasmin-brunet-ao-revelar-sua-teoria-sobre-homens-que-traem-nao-consigo-julgar\/","url_meta":{"origin":18335,"position":0},"title":"Vanessa Lopes cria embate com Yasmin Brunet ao revelar sua teoria sobre homens que traem &#8216;N\u00e3o consigo julgar&#8217;","author":"noticiasribeiraopreto.com.br","date":"10 de January de 2024","format":false,"excerpt":"No BBB nenhuma conversa gravada pelas c\u00e2meras \u00e9 algo aleat\u00f3rio. A casa que recebe os convidados e inscritos para confinamento rende bons momentos protagonizados por alguns participantes.Uma conversa que iniciou na cozinha da casa, virou alvo de debate fora dos muros do BBB24. Yasmin Brunet, Vanessa Lopes e MC Binladen\u2026","rel":"","context":"In &quot;Blog&quot;","block_context":{"text":"Blog","link":"https:\/\/noticiasribeiraopreto.com.br\/index.php\/category\/blog\/"},"img":{"alt_text":"","src":"https:\/\/i0.wp.com\/noticiasribeiraopreto.com.br\/wp-content\/uploads\/2024\/01\/postimg-659e99d43981e1052.jpg?fit=1200%2C628&ssl=1&resize=350%2C200","width":350,"height":200,"srcset":"https:\/\/i0.wp.com\/noticiasribeiraopreto.com.br\/wp-content\/uploads\/2024\/01\/postimg-659e99d43981e1052.jpg?fit=1200%2C628&ssl=1&resize=350%2C200 1x, https:\/\/i0.wp.com\/noticiasribeiraopreto.com.br\/wp-content\/uploads\/2024\/01\/postimg-659e99d43981e1052.jpg?fit=1200%2C628&ssl=1&resize=525%2C300 1.5x, https:\/\/i0.wp.com\/noticiasribeiraopreto.com.br\/wp-content\/uploads\/2024\/01\/postimg-659e99d43981e1052.jpg?fit=1200%2C628&ssl=1&resize=700%2C400 2x, https:\/\/i0.wp.com\/noticiasribeiraopreto.com.br\/wp-content\/uploads\/2024\/01\/postimg-659e99d43981e1052.jpg?fit=1200%2C628&ssl=1&resize=1050%2C600 3x"},"classes":[]},{"id":49946,"url":"https:\/\/noticiasribeiraopreto.com.br\/index.php\/2024\/05\/14\/como-fazer-as-pessoas-confiarem-em-voce\/","url_meta":{"origin":18335,"position":1},"title":"Como fazer as pessoas confiarem em voc\u00ea","author":"noticiasribeiraopreto.com.br","date":"14 de May de 2024","format":false,"excerpt":"Getty ImagesConquistar a confian\u00e7a de algu\u00e9m envolve se mostrar vulner\u00e1vel e tamb\u00e9m genuinamente interessado no que a pessoa tem a compartilhar Era o fim de uma longa tarde de trabalho, em uma cidade que n\u00e3o era a dele nem a minha, quando meu cliente, um jovem e brilhante empres\u00e1rio, me\u2026","rel":"","context":"In &quot;Blog&quot;","block_context":{"text":"Blog","link":"https:\/\/noticiasribeiraopreto.com.br\/index.php\/category\/blog\/"},"img":{"alt_text":"","src":"https:\/\/i0.wp.com\/noticiasribeiraopreto.com.br\/wp-content\/uploads\/2024\/05\/carreira-confianca-trabalho-1024x683.jpg?fit=1024%2C683&ssl=1&resize=350%2C200","width":350,"height":200,"srcset":"https:\/\/i0.wp.com\/noticiasribeiraopreto.com.br\/wp-content\/uploads\/2024\/05\/carreira-confianca-trabalho-1024x683.jpg?fit=1024%2C683&ssl=1&resize=350%2C200 1x, https:\/\/i0.wp.com\/noticiasribeiraopreto.com.br\/wp-content\/uploads\/2024\/05\/carreira-confianca-trabalho-1024x683.jpg?fit=1024%2C683&ssl=1&resize=525%2C300 1.5x, https:\/\/i0.wp.com\/noticiasribeiraopreto.com.br\/wp-content\/uploads\/2024\/05\/carreira-confianca-trabalho-1024x683.jpg?fit=1024%2C683&ssl=1&resize=700%2C400 2x"},"classes":[]},{"id":23885,"url":"https:\/\/noticiasribeiraopreto.com.br\/index.php\/2024\/01\/03\/inseguranca-veja-como-vence-la-em-3-passos-meu-valor-digital\/","url_meta":{"origin":18335,"position":2},"title":"Inseguran\u00e7a: Veja como venc\u00ea-la em 3 passos! &#8211; Meu Valor Digital","author":"noticiasribeiraopreto.com.br","date":"3 de January de 2024","format":false,"excerpt":"\u00c9 comum sentir inseguran\u00e7a em algumas situa\u00e7\u00f5es, mas deixar que isso te domine e que fa\u00e7a voc\u00ea ser uma pessoa que vive com medo de arriscar n\u00e3o pode acontecer. \u00c9 preciso vencer alguns dos seus medos para que voc\u00ea se torne uma pessoa mais confiante. Deixar suas inseguran\u00e7as te dominarem\u2026","rel":"","context":"In &quot;Vagas de Emprego em Ribeir\u00e3o Preto-SP&quot;","block_context":{"text":"Vagas de Emprego em Ribeir\u00e3o Preto-SP","link":"https:\/\/noticiasribeiraopreto.com.br\/index.php\/category\/empregos-classificados-vagas-trabalho\/vagas-de-empregos-em-ribeirao-preto-regiao-brasil\/"},"img":{"alt_text":"","src":"https:\/\/i0.wp.com\/noticiasribeiraopreto.com.br\/wp-content\/uploads\/2024\/01\/mulher-triste-e-insegura.jpg?fit=1200%2C900&ssl=1&resize=350%2C200","width":350,"height":200,"srcset":"https:\/\/i0.wp.com\/noticiasribeiraopreto.com.br\/wp-content\/uploads\/2024\/01\/mulher-triste-e-insegura.jpg?fit=1200%2C900&ssl=1&resize=350%2C200 1x, https:\/\/i0.wp.com\/noticiasribeiraopreto.com.br\/wp-content\/uploads\/2024\/01\/mulher-triste-e-insegura.jpg?fit=1200%2C900&ssl=1&resize=525%2C300 1.5x, https:\/\/i0.wp.com\/noticiasribeiraopreto.com.br\/wp-content\/uploads\/2024\/01\/mulher-triste-e-insegura.jpg?fit=1200%2C900&ssl=1&resize=700%2C400 2x, https:\/\/i0.wp.com\/noticiasribeiraopreto.com.br\/wp-content\/uploads\/2024\/01\/mulher-triste-e-insegura.jpg?fit=1200%2C900&ssl=1&resize=1050%2C600 3x"},"classes":[]},{"id":22124,"url":"https:\/\/noticiasribeiraopreto.com.br\/index.php\/2023\/12\/29\/6-sinais-de-que-voce-realmente-chegou-a-classe-media-meu-valor-digital\/","url_meta":{"origin":18335,"position":3},"title":"6 sinais de que voc\u00ea realmente chegou \u00e0 classe m\u00e9dia &#8211; Meu Valor Digital","author":"noticiasribeiraopreto.com.br","date":"29 de December de 2023","format":false,"excerpt":"A classe social \u00e9 um grupo dentro da sociedade que se diferencia dos outros, em decorr\u00eancia de suas caracter\u00edsticas econ\u00f4micas, pol\u00edticas e culturais. Ela \u00e9 composta por pessoas que ocupam posi\u00e7\u00e3o semelhante nas escalas de consumo e de produ\u00e7\u00e3o, dessa maneira, t\u00eam em comum um padr\u00e3o de vida, h\u00e1bitos culturais,\u2026","rel":"","context":"In &quot;Vagas de Emprego em Ribeir\u00e3o Preto-SP&quot;","block_context":{"text":"Vagas de Emprego em Ribeir\u00e3o Preto-SP","link":"https:\/\/noticiasribeiraopreto.com.br\/index.php\/category\/empregos-classificados-vagas-trabalho\/vagas-de-empregos-em-ribeirao-preto-regiao-brasil\/"},"img":{"alt_text":"","src":"https:\/\/i0.wp.com\/noticiasribeiraopreto.com.br\/wp-content\/uploads\/2023\/12\/familia-da-classe-media.jpg?fit=1200%2C800&ssl=1&resize=350%2C200","width":350,"height":200,"srcset":"https:\/\/i0.wp.com\/noticiasribeiraopreto.com.br\/wp-content\/uploads\/2023\/12\/familia-da-classe-media.jpg?fit=1200%2C800&ssl=1&resize=350%2C200 1x, https:\/\/i0.wp.com\/noticiasribeiraopreto.com.br\/wp-content\/uploads\/2023\/12\/familia-da-classe-media.jpg?fit=1200%2C800&ssl=1&resize=525%2C300 1.5x, https:\/\/i0.wp.com\/noticiasribeiraopreto.com.br\/wp-content\/uploads\/2023\/12\/familia-da-classe-media.jpg?fit=1200%2C800&ssl=1&resize=700%2C400 2x, https:\/\/i0.wp.com\/noticiasribeiraopreto.com.br\/wp-content\/uploads\/2023\/12\/familia-da-classe-media.jpg?fit=1200%2C800&ssl=1&resize=1050%2C600 3x"},"classes":[]},{"id":50692,"url":"https:\/\/noticiasribeiraopreto.com.br\/index.php\/2024\/05\/18\/8-estrategias-de-comunicacao-poderosas-para-a-carreira\/","url_meta":{"origin":18335,"position":4},"title":"8 estrat\u00e9gias de comunica\u00e7\u00e3o poderosas para a carreira","author":"noticiasribeiraopreto.com.br","date":"18 de May de 2024","format":false,"excerpt":"A comunica\u00e7\u00e3o efetiva envolve ajustar sua mensagem e postura de acordo com o p\u00fablico Acessibilidade L L A- A+ \u25d0 A comunica\u00e7\u00e3o \u00e9 uma das habilidades mais importantes para ter sucesso na carreira \u2013 especialmente agora com o boom da intelig\u00eancia artificial. \u00c9 uma das compet\u00eancias que a IA n\u00e3o\u2026","rel":"","context":"In &quot;Blog&quot;","block_context":{"text":"Blog","link":"https:\/\/noticiasribeiraopreto.com.br\/index.php\/category\/blog\/"},"img":{"alt_text":"","src":"https:\/\/i0.wp.com\/noticiasribeiraopreto.com.br\/wp-content\/uploads\/2024\/05\/carreira-comunicacao-1024x683.jpg?fit=1024%2C683&ssl=1&resize=350%2C200","width":350,"height":200,"srcset":"https:\/\/i0.wp.com\/noticiasribeiraopreto.com.br\/wp-content\/uploads\/2024\/05\/carreira-comunicacao-1024x683.jpg?fit=1024%2C683&ssl=1&resize=350%2C200 1x, https:\/\/i0.wp.com\/noticiasribeiraopreto.com.br\/wp-content\/uploads\/2024\/05\/carreira-comunicacao-1024x683.jpg?fit=1024%2C683&ssl=1&resize=525%2C300 1.5x, https:\/\/i0.wp.com\/noticiasribeiraopreto.com.br\/wp-content\/uploads\/2024\/05\/carreira-comunicacao-1024x683.jpg?fit=1024%2C683&ssl=1&resize=700%2C400 2x"},"classes":[]},{"id":19542,"url":"https:\/\/noticiasribeiraopreto.com.br\/index.php\/2023\/12\/22\/8-maneiras-de-conseguir-um-milhao-de-reais-em-um-ano-meu-valor-digital\/","url_meta":{"origin":18335,"position":5},"title":"8 maneiras de conseguir um milh\u00e3o de reais em um ano &#8211; Meu Valor Digital","author":"noticiasribeiraopreto.com.br","date":"22 de December de 2023","format":false,"excerpt":"Ficar rico \u00e9 um objetivo comum. Ter a liberdade financeira para realizar todos os interesses de nossas vidas, \u00e9 o sonho que muitas pessoas almejam, mas que, de fato, poucas delas conseguem de fato atingir. Apesar de ser um consenso entre a maioria das pessoas, muitas delas v\u00e3o passar longe\u2026","rel":"","context":"In &quot;Vagas de Emprego em Ribeir\u00e3o Preto-SP&quot;","block_context":{"text":"Vagas de Emprego em Ribeir\u00e3o Preto-SP","link":"https:\/\/noticiasribeiraopreto.com.br\/index.php\/category\/empregos-classificados-vagas-trabalho\/vagas-de-empregos-em-ribeirao-preto-regiao-brasil\/"},"img":{"alt_text":"","src":"https:\/\/i0.wp.com\/noticiasribeiraopreto.com.br\/wp-content\/uploads\/2023\/12\/homem-que-ficou-rico-em-um-ano.jpg?fit=1200%2C800&ssl=1&resize=350%2C200","width":350,"height":200,"srcset":"https:\/\/i0.wp.com\/noticiasribeiraopreto.com.br\/wp-content\/uploads\/2023\/12\/homem-que-ficou-rico-em-um-ano.jpg?fit=1200%2C800&ssl=1&resize=350%2C200 1x, https:\/\/i0.wp.com\/noticiasribeiraopreto.com.br\/wp-content\/uploads\/2023\/12\/homem-que-ficou-rico-em-um-ano.jpg?fit=1200%2C800&ssl=1&resize=525%2C300 1.5x, https:\/\/i0.wp.com\/noticiasribeiraopreto.com.br\/wp-content\/uploads\/2023\/12\/homem-que-ficou-rico-em-um-ano.jpg?fit=1200%2C800&ssl=1&resize=700%2C400 2x, https:\/\/i0.wp.com\/noticiasribeiraopreto.com.br\/wp-content\/uploads\/2023\/12\/homem-que-ficou-rico-em-um-ano.jpg?fit=1200%2C800&ssl=1&resize=1050%2C600 3x"},"classes":[]}],"jetpack_sharing_enabled":true,"jetpack_shortlink":"https:\/\/wp.me\/peQAOb-4LJ","_links":{"self":[{"href":"https:\/\/noticiasribeiraopreto.com.br\/index.php\/wp-json\/wp\/v2\/posts\/18335","targetHints":{"allow":["GET"]}}],"collection":[{"href":"https:\/\/noticiasribeiraopreto.com.br\/index.php\/wp-json\/wp\/v2\/posts"}],"about":[{"href":"https:\/\/noticiasribeiraopreto.com.br\/index.php\/wp-json\/wp\/v2\/types\/post"}],"author":[{"embeddable":true,"href":"https:\/\/noticiasribeiraopreto.com.br\/index.php\/wp-json\/wp\/v2\/users\/1"}],"replies":[{"embeddable":true,"href":"https:\/\/noticiasribeiraopreto.com.br\/index.php\/wp-json\/wp\/v2\/comments?post=18335"}],"version-history":[{"count":0,"href":"https:\/\/noticiasribeiraopreto.com.br\/index.php\/wp-json\/wp\/v2\/posts\/18335\/revisions"}],"wp:featuredmedia":[{"embeddable":true,"href":"https:\/\/noticiasribeiraopreto.com.br\/index.php\/wp-json\/wp\/v2\/media\/18336"}],"wp:attachment":[{"href":"https:\/\/noticiasribeiraopreto.com.br\/index.php\/wp-json\/wp\/v2\/media?parent=18335"}],"wp:term":[{"taxonomy":"category","embeddable":true,"href":"https:\/\/noticiasribeiraopreto.com.br\/index.php\/wp-json\/wp\/v2\/categories?post=18335"},{"taxonomy":"post_tag","embeddable":true,"href":"https:\/\/noticiasribeiraopreto.com.br\/index.php\/wp-json\/wp\/v2\/tags?post=18335"}],"curies":[{"name":"wp","href":"https:\/\/api.w.org\/{rel}","templated":true}]}}