{"id":18343,"date":"2023-12-20T09:16:46","date_gmt":"2023-12-20T12:16:46","guid":{"rendered":"https:\/\/noticiasribeiraopreto.com.br\/index.php\/2023\/12\/20\/whatsapp-tem-novidade-em-integracao-entre-status-e-instagram\/"},"modified":"2023-12-20T09:16:46","modified_gmt":"2023-12-20T12:16:46","slug":"whatsapp-tem-novidade-em-integracao-entre-status-e-instagram","status":"publish","type":"post","link":"https:\/\/noticiasribeiraopreto.com.br\/index.php\/2023\/12\/20\/whatsapp-tem-novidade-em-integracao-entre-status-e-instagram\/","title":{"rendered":"WhatsApp tem novidade em integra\u00e7\u00e3o entre Status e Instagram"},"content":{"rendered":"<div class='code-block code-block-1' style='margin: 8px 0 8px auto; text-align: right; display: block; clear: both;'>\n<p><a href=\"https:\/\/wa.link\/vpicfd\"><img data-recalc-dims=\"1\" class=\"wp-image-4922\" style=\"aspect-ratio: 2.0253164556962027; width: 561px; height: auto;\" src=\"https:\/\/i0.wp.com\/ismaelcolosi.com.br\/wp-content\/uploads\/2023\/11\/grupo-de-empregos-whatsapp-e-facebook-ismael-colosi-vagas.jpg?ssl=1\" alt=\"\" \/><\/a><\/p>\n<!-- \/wp:image -->\n<\/div>\n<p> <br \/>\n<\/p>\n<div>\n<div id=\"attachment_2318883\" class=\"wp-caption alignnone\">\n<div class=\"d-flex justify-content-center\" data-attachment-id=\"2318883\">\n<div class=\"position-relative d-inline-block\"><img data-recalc-dims=\"1\" data-portal-copyright=\"Depositphotos\/Primakov\" fetchpriority=\"high\" decoding=\"async\" class=\"size-full wp-image-2318883\" src=\"https:\/\/i0.wp.com\/catracalivre.com.br\/wp-content\/uploads\/2023\/12\/depositphotos-601299366-xl-scaled.jpg?resize=2560%2C1707&#038;ssl=1\" alt=\"WhatsApp ter\u00e1 op\u00e7\u00e3o para postar Stories no Instagram\" width=\"2560\" height=\"1707\" srcset=\"https:\/\/catracalivre.com.br\/wp-content\/uploads\/2023\/12\/depositphotos-601299366-xl-scaled.jpg 2560w, https:\/\/catracalivre.com.br\/wp-content\/uploads\/2023\/12\/depositphotos-601299366-xl-450x300.jpg 450w, https:\/\/catracalivre.com.br\/wp-content\/uploads\/2023\/12\/depositphotos-601299366-xl-768x512.jpg 768w\" sizes=\"(max-width: 2560px) 100vw, 2560px\"\/><\/p>\n<p>Cr\u00e9ditos: Depositphotos\/Primakov<\/p>\n<\/div>\n<\/div>\n<p><span class=\"post-imagem__legenda\">WhatsApp ter\u00e1 op\u00e7\u00e3o para postar Stories no Instagram<\/span><\/p>\n<\/div>\n<p>O <a href=\"https:\/\/www.whatsapp.com\/?lang=pt_BR\" target=\"_blank\" rel=\"noopener\">WhatsApp<\/a> lan\u00e7ou uma vers\u00e3o beta na ter\u00e7a-feira, 19, que inclui um novo recurso muito aguardado: a op\u00e7\u00e3o de compartilhar <a href=\"https:\/\/catracalivre.com.br\/entretenimento\/veja-como-rever-todos-os-stories-que-voce-ja-postou-no-instagram\/\" target=\"_blank\" rel=\"noopener\">Status no Instagram<\/a>.<\/p>\n<p>Uma integra\u00e7\u00e3o que j\u00e1 vinha sendo especulada h\u00e1 algum tempo, mas que agora finalmente se tornou uma realidade na compila\u00e7\u00e3o 2.23.26.17 para <a href=\"https:\/\/catracalivre.com.br\/entretenimento\/vazam-imagens-do-novo-visual-do-whatsapp-para-android-veja-como-ficara\/\" target=\"_blank\" rel=\"noopener\">Android<\/a>.<\/p>\n<p>Vale ressaltar que a atualiza\u00e7\u00e3o traz uma grande mudan\u00e7a para a interface do aplicativo. Prevendo facilidade e praticidade para seus usu\u00e1rios, o novo recurso deve funcionar da mesma maneira que o mensageiro oferece a integra\u00e7\u00e3o com o Facebook.<\/p>\n<h2>Como vai funcionar a novidade do WhatsApp?<\/h2>\n<p>O mensageiro sugerir\u00e1 a postagem no Instagram assim que voc\u00ea terminar de compartilhar um Status. J\u00e1 \u00e9 poss\u00edvel ver o bot\u00e3o de atalho para as duas redes sociais da Meta na interface do aplicativo.<\/p>\n<p>A configura\u00e7\u00e3o permite que o usu\u00e1rio decida se o atalho de compartilhamento ser\u00e1 exibido ou n\u00e3o. Isto pode ser feito nas configura\u00e7\u00f5es de privacidade do WhatsApp.<\/p>\n<p>Assim que voc\u00ea optar por compartilhar um Status na rede social, ser\u00e1 necess\u00e1rio selecionar o p\u00fablico da postagem dentro da p\u00e1gina da pr\u00f3pria rede social.<\/p>\n<p>Este recurso ser\u00e1 especialmente \u00fatil para empresas, eliminando a necessidade de fazer postagens individuais. Ser\u00e1 poss\u00edvel publicar o mesmo conte\u00fado no Facebook e Instagram sem precisar sair do WhatsApp.<\/p>\n<div id=\"attachment_2329331\" class=\"wp-caption alignnone\">\n<div class=\"d-flex justify-content-center\" data-attachment-id=\"2329331\">\n<div class=\"position-relative d-inline-block\"><img data-recalc-dims=\"1\" loading=\"lazy\" data-portal-copyright=\"Reprodu\u00e7\u00e3o\/WABetaInfo\" decoding=\"async\" class=\"size-full wp-image-2329331\" src=\"https:\/\/i0.wp.com\/catracalivre.com.br\/wp-content\/uploads\/2023\/12\/fotos-catraca-2023-12-19t194311241.png?resize=1200%2C660&#038;ssl=1\" alt=\"Print de como ficar\u00e1 a atualiza\u00e7\u00e3o\" width=\"1200\" height=\"660\" srcset=\"https:\/\/catracalivre.com.br\/wp-content\/uploads\/2023\/12\/fotos-catraca-2023-12-19t194311241.png 1200w, https:\/\/catracalivre.com.br\/wp-content\/uploads\/2023\/12\/fotos-catraca-2023-12-19t194311241-450x248.png 450w, https:\/\/catracalivre.com.br\/wp-content\/uploads\/2023\/12\/fotos-catraca-2023-12-19t194311241-768x422.png 768w\" sizes=\"auto, (max-width: 1200px) 100vw, 1200px\"\/><\/p>\n<p>Cr\u00e9ditos: Reprodu\u00e7\u00e3o\/WABetaInfo<\/p>\n<\/div>\n<\/div>\n<p><span class=\"post-imagem__legenda\">Print de como ficar\u00e1 a atualiza\u00e7\u00e3o<\/span><\/p>\n<\/div>\n<h2>Quando o recurso estar\u00e1 dispon\u00edvel para todos?<\/h2>\n<p>No momento, a novidade est\u00e1 sendo testada apenas com usu\u00e1rios beta do aplicativo no Android, mas a expectativa \u00e9 que em breve tamb\u00e9m esteja dispon\u00edvel para iOS.<\/p>\n<p>Com o objetivo de constantemente inovar e facilitar a comunica\u00e7\u00e3o entre seus usu\u00e1rios, o WhatsApp mostra mais uma vez seu compromisso com a evolu\u00e7\u00e3o e a busca constante por integra\u00e7\u00e3o entre as diversas plataformas de comunica\u00e7\u00e3o online.<\/p>\n<\/div>\n<p><script>\n\t\t! function(f, b, e, v, n, t, s) {\n\t\t\tif (f.fbq) return;\n\t\t\tn = f.fbq = function() {\n\t\t\t\tn.callMethod ?\n\t\t\t\t\tn.callMethod.apply(n, arguments) : n.queue.push(arguments)\n\t\t\t};\n\t\t\tif (!f._fbq) f._fbq = n;\n\t\t\tn.push = n;\n\t\t\tn.loaded = !0;\n\t\t\tn.version = '2.0';\n\t\t\tn.queue = [];\n\t\t\tt = b.createElement(e);\n\t\t\tt.async = !0;\n\t\t\tt.src = v;\n\t\t\ts = b.getElementsByTagName(e)[0];\n\t\t\ts.parentNode.insertBefore(t, s)\n\t\t}(window, document, 'script',\n\t\t\t'https:\/\/connect.facebook.net\/en_US\/fbevents.js');\n\t\tfbq('init', '338315473262380');\n\t\tfbq('track', 'PageView');\n\t<\/script><br \/>\n<br \/><br \/>\n<br \/><a href=\"https:\/\/catracalivre.com.br\/entretenimento\/whatsapp-tem-novidade-em-integracao-entre-status-e-instagram\/\">Source link <\/a><\/p>\n<!-- CONTENT END 1 -->\n","protected":false},"excerpt":{"rendered":"<p>Cr\u00e9ditos: Depositphotos\/Primakov WhatsApp ter\u00e1 op\u00e7\u00e3o para postar Stories no Instagram O WhatsApp lan\u00e7ou uma vers\u00e3o beta na ter\u00e7a-feira, 19, que inclui um novo recurso muito&#8230;<\/p>\n","protected":false},"author":1,"featured_media":18344,"comment_status":"open","ping_status":"open","sticky":false,"template":"","format":"standard","meta":{"advanced_seo_description":"","jetpack_seo_html_title":"","jetpack_seo_noindex":false,"jetpack_post_was_ever_published":false,"_jetpack_newsletter_access":"","_jetpack_dont_email_post_to_subs":false,"_jetpack_newsletter_tier_id":0,"_jetpack_memberships_contains_paywalled_content":false,"_jetpack_memberships_contains_paid_content":false,"footnotes":"","jetpack_publicize_message":"","jetpack_publicize_feature_enabled":true,"jetpack_social_post_already_shared":true,"jetpack_social_options":{"image_generator_settings":{"template":"highway","default_image_id":0,"font":"","enabled":false},"version":2}},"categories":[19],"tags":[],"class_list":["post-18343","post","type-post","status-publish","format-standard","has-post-thumbnail","hentry","category-variedades"],"jetpack_publicize_connections":[],"jetpack_featured_media_url":"https:\/\/i0.wp.com\/noticiasribeiraopreto.com.br\/wp-content\/uploads\/2023\/12\/1703074609_depositphotos-601299366-xl-scaled.jpg?fit=1200%2C638&ssl=1","jetpack-related-posts":[{"id":31165,"url":"https:\/\/noticiasribeiraopreto.com.br\/index.php\/2024\/01\/21\/top-10-melhores-sites-para-comprar-seguidores-instagram-2024\/","url_meta":{"origin":18343,"position":0},"title":"Top 10 melhores sites para comprar seguidores Instagram 2024","author":"noticiasribeiraopreto.com.br","date":"21 de January de 2024","format":false,"excerpt":"Quer ter um perfil do Instagram com v\u00e1rios milhares de seguidores? Conhe\u00e7a o top 10 melhores sites para comprar seguidores Instagram. Veja listas e rankings sobre Redes Sociais e Instagram no Top 10 Brasil.A seguir, os melhores sites para comprar seguidores para o Instagram. Gostou? D\u00ea 5 estrelas e compartilhe!\u2026","rel":"","context":"In &quot;Blog&quot;","block_context":{"text":"Blog","link":"https:\/\/noticiasribeiraopreto.com.br\/index.php\/category\/blog\/"},"img":{"alt_text":"","src":"https:\/\/i0.wp.com\/noticiasribeiraopreto.com.br\/wp-content\/uploads\/2024\/01\/top-10-melhores-sites-para-comprar-seguidores-instagram.jpg?fit=1200%2C630&ssl=1&resize=350%2C200","width":350,"height":200,"srcset":"https:\/\/i0.wp.com\/noticiasribeiraopreto.com.br\/wp-content\/uploads\/2024\/01\/top-10-melhores-sites-para-comprar-seguidores-instagram.jpg?fit=1200%2C630&ssl=1&resize=350%2C200 1x, https:\/\/i0.wp.com\/noticiasribeiraopreto.com.br\/wp-content\/uploads\/2024\/01\/top-10-melhores-sites-para-comprar-seguidores-instagram.jpg?fit=1200%2C630&ssl=1&resize=525%2C300 1.5x, https:\/\/i0.wp.com\/noticiasribeiraopreto.com.br\/wp-content\/uploads\/2024\/01\/top-10-melhores-sites-para-comprar-seguidores-instagram.jpg?fit=1200%2C630&ssl=1&resize=700%2C400 2x, https:\/\/i0.wp.com\/noticiasribeiraopreto.com.br\/wp-content\/uploads\/2024\/01\/top-10-melhores-sites-para-comprar-seguidores-instagram.jpg?fit=1200%2C630&ssl=1&resize=1050%2C600 3x"},"classes":[]},{"id":11923,"url":"https:\/\/noticiasribeiraopreto.com.br\/index.php\/2023\/12\/07\/instagram-tera-recurso-para-facilitar-a-vida-dos-usuarios-das-dms\/","url_meta":{"origin":18343,"position":1},"title":"Instagram ter\u00e1 recurso para facilitar a vida dos usu\u00e1rios das DMs","author":"noticiasribeiraopreto.com.br","date":"7 de December de 2023","format":false,"excerpt":"Cr\u00e9ditos: Reprodu\u00e7\u00e3o\/InstagramInstagram testa apagar mensagens de uma vez s\u00f3 nas DMs Uma nova funcionalidade para aprimorar a experi\u00eancia do usu\u00e1rio vem sendo testada pelo Instagram. A rede social est\u00e1 desenvolvendo uma ferramenta que permitir\u00e1 aos usu\u00e1rios apagar m\u00faltiplas mensagens de uma \u00fanica conversa simultaneamente. Mais do que isso, a fun\u00e7\u00e3o\u2026","rel":"","context":"In &quot;Variedades&quot;","block_context":{"text":"Variedades","link":"https:\/\/noticiasribeiraopreto.com.br\/index.php\/category\/variedades\/"},"img":{"alt_text":"","src":"https:\/\/i0.wp.com\/noticiasribeiraopreto.com.br\/wp-content\/uploads\/2023\/12\/fotos-catraca-2023-11-26t234058312.png?fit=1200%2C638&ssl=1&resize=350%2C200","width":350,"height":200,"srcset":"https:\/\/i0.wp.com\/noticiasribeiraopreto.com.br\/wp-content\/uploads\/2023\/12\/fotos-catraca-2023-11-26t234058312.png?fit=1200%2C638&ssl=1&resize=350%2C200 1x, https:\/\/i0.wp.com\/noticiasribeiraopreto.com.br\/wp-content\/uploads\/2023\/12\/fotos-catraca-2023-11-26t234058312.png?fit=1200%2C638&ssl=1&resize=525%2C300 1.5x, https:\/\/i0.wp.com\/noticiasribeiraopreto.com.br\/wp-content\/uploads\/2023\/12\/fotos-catraca-2023-11-26t234058312.png?fit=1200%2C638&ssl=1&resize=700%2C400 2x, https:\/\/i0.wp.com\/noticiasribeiraopreto.com.br\/wp-content\/uploads\/2023\/12\/fotos-catraca-2023-11-26t234058312.png?fit=1200%2C638&ssl=1&resize=1050%2C600 3x"},"classes":[]},{"id":20949,"url":"https:\/\/noticiasribeiraopreto.com.br\/index.php\/2023\/12\/26\/aprenda-a-ocultar-comentarios-no-instagram-sem-precisar-apagar\/","url_meta":{"origin":18343,"position":2},"title":"Aprenda a ocultar coment\u00e1rios no Instagram sem precisar apagar","author":"noticiasribeiraopreto.com.br","date":"26 de December de 2023","format":false,"excerpt":"Cr\u00e9ditos: Captura de tela do InstagramPasso a passo para ocultar coment\u00e1rios no Instagram A funcionalidade \u201cOcultar coment\u00e1rios\u201d no Instagram garante ao usu\u00e1rio um pouco mais de controle sobre a intera\u00e7\u00e3o em suas postagens, ajudando na preven\u00e7\u00e3o de situa\u00e7\u00f5es desagrad\u00e1veis como ofensas, exposi\u00e7\u00f5es indesejadas ou propaga\u00e7\u00e3o de spam. O aplicativo tem\u2026","rel":"","context":"In &quot;Variedades&quot;","block_context":{"text":"Variedades","link":"https:\/\/noticiasribeiraopreto.com.br\/index.php\/category\/variedades\/"},"img":{"alt_text":"","src":"https:\/\/i0.wp.com\/noticiasribeiraopreto.com.br\/wp-content\/uploads\/2023\/12\/img-20231218-wa0454.jpg?fit=1200%2C638&ssl=1&resize=350%2C200","width":350,"height":200,"srcset":"https:\/\/i0.wp.com\/noticiasribeiraopreto.com.br\/wp-content\/uploads\/2023\/12\/img-20231218-wa0454.jpg?fit=1200%2C638&ssl=1&resize=350%2C200 1x, https:\/\/i0.wp.com\/noticiasribeiraopreto.com.br\/wp-content\/uploads\/2023\/12\/img-20231218-wa0454.jpg?fit=1200%2C638&ssl=1&resize=525%2C300 1.5x, https:\/\/i0.wp.com\/noticiasribeiraopreto.com.br\/wp-content\/uploads\/2023\/12\/img-20231218-wa0454.jpg?fit=1200%2C638&ssl=1&resize=700%2C400 2x, https:\/\/i0.wp.com\/noticiasribeiraopreto.com.br\/wp-content\/uploads\/2023\/12\/img-20231218-wa0454.jpg?fit=1200%2C638&ssl=1&resize=1050%2C600 3x"},"classes":[]},{"id":20975,"url":"https:\/\/noticiasribeiraopreto.com.br\/index.php\/2023\/12\/26\/instagram-atualizou-e-vai-mostrar-quem-viu-seu-perfil-meta-esclarece\/","url_meta":{"origin":18343,"position":3},"title":"Instagram atualizou e vai mostrar quem viu seu perfil? Meta esclarece","author":"noticiasribeiraopreto.com.br","date":"26 de December de 2023","format":false,"excerpt":"Cr\u00e9ditos: reprodu\u00e7\u00e3o\/InstagramInstagram vai exibir quem viu seu perfil? Entenda Recentemente, um grande alvoro\u00e7o tomou conta das redes sociais sobre um suposto novo recurso do Instagram. Segundo rumores, a nova atualiza\u00e7\u00e3o permitiria aos usu\u00e1rios ver quem visitou seu perfil na plataforma. Com a propaga\u00e7\u00e3o da informa\u00e7\u00e3o acompanhada de imagens, as opini\u00f5es\u2026","rel":"","context":"In &quot;Variedades&quot;","block_context":{"text":"Variedades","link":"https:\/\/noticiasribeiraopreto.com.br\/index.php\/category\/variedades\/"},"img":{"alt_text":"","src":"https:\/\/i0.wp.com\/noticiasribeiraopreto.com.br\/wp-content\/uploads\/2023\/12\/fotos-catraca-2023-12-14t234924955.png?fit=1200%2C638&ssl=1&resize=350%2C200","width":350,"height":200,"srcset":"https:\/\/i0.wp.com\/noticiasribeiraopreto.com.br\/wp-content\/uploads\/2023\/12\/fotos-catraca-2023-12-14t234924955.png?fit=1200%2C638&ssl=1&resize=350%2C200 1x, https:\/\/i0.wp.com\/noticiasribeiraopreto.com.br\/wp-content\/uploads\/2023\/12\/fotos-catraca-2023-12-14t234924955.png?fit=1200%2C638&ssl=1&resize=525%2C300 1.5x, https:\/\/i0.wp.com\/noticiasribeiraopreto.com.br\/wp-content\/uploads\/2023\/12\/fotos-catraca-2023-12-14t234924955.png?fit=1200%2C638&ssl=1&resize=700%2C400 2x, https:\/\/i0.wp.com\/noticiasribeiraopreto.com.br\/wp-content\/uploads\/2023\/12\/fotos-catraca-2023-12-14t234924955.png?fit=1200%2C638&ssl=1&resize=1050%2C600 3x"},"classes":[]},{"id":45303,"url":"https:\/\/noticiasribeiraopreto.com.br\/index.php\/2024\/04\/03\/whatsapp-e-instagram-cairam-usuarios-relatam-instabilidades\/","url_meta":{"origin":18343,"position":4},"title":"WhatsApp e Instagram ca\u00edram? Usu\u00e1rios relatam instabilidades","author":"noticiasribeiraopreto.com.br","date":"3 de April de 2024","format":false,"excerpt":"Usu\u00e1rios do WhatsApp, Instagram e Facebook, est\u00e3o relatando problemas para utilizar a plataforma, na tarde desta quarta-feira (3). De acordo com a plataforma Downdetector, que monitora falhas em sites e redes sociais, houve aumento de notifica\u00e7\u00f5es sobre os problemas, nas tr\u00eas plataformas, por volta das 15h. Segunda vez na mesma\u2026","rel":"","context":"In &quot;Not\u00edcias de Ribeir\u00e3o Preto-SP e Regi\u00e3o&quot;","block_context":{"text":"Not\u00edcias de Ribeir\u00e3o Preto-SP e Regi\u00e3o","link":"https:\/\/noticiasribeiraopreto.com.br\/index.php\/category\/noticias-de-ribeirao-preto-sp-e-regiao-ismael-colosi\/"},"img":{"alt_text":"","src":"https:\/\/i0.wp.com\/noticiasribeiraopreto.com.br\/wp-content\/uploads\/2024\/04\/WhatsAppInstagrameFacebookapresentaminstabilidadenestasextafeira_Tamanho_2_image.jpg?fit=1200%2C900&ssl=1&resize=350%2C200","width":350,"height":200,"srcset":"https:\/\/i0.wp.com\/noticiasribeiraopreto.com.br\/wp-content\/uploads\/2024\/04\/WhatsAppInstagrameFacebookapresentaminstabilidadenestasextafeira_Tamanho_2_image.jpg?fit=1200%2C900&ssl=1&resize=350%2C200 1x, https:\/\/i0.wp.com\/noticiasribeiraopreto.com.br\/wp-content\/uploads\/2024\/04\/WhatsAppInstagrameFacebookapresentaminstabilidadenestasextafeira_Tamanho_2_image.jpg?fit=1200%2C900&ssl=1&resize=525%2C300 1.5x, https:\/\/i0.wp.com\/noticiasribeiraopreto.com.br\/wp-content\/uploads\/2024\/04\/WhatsAppInstagrameFacebookapresentaminstabilidadenestasextafeira_Tamanho_2_image.jpg?fit=1200%2C900&ssl=1&resize=700%2C400 2x, https:\/\/i0.wp.com\/noticiasribeiraopreto.com.br\/wp-content\/uploads\/2024\/04\/WhatsAppInstagrameFacebookapresentaminstabilidadenestasextafeira_Tamanho_2_image.jpg?fit=1200%2C900&ssl=1&resize=1050%2C600 3x"},"classes":[]},{"id":21114,"url":"https:\/\/noticiasribeiraopreto.com.br\/index.php\/2023\/12\/27\/novidade-no-instagram-aprenda-a-publicar-um-video-nas-notas\/","url_meta":{"origin":18343,"position":5},"title":"Novidade no Instagram! Aprenda a publicar um v\u00eddeo nas Notas","author":"noticiasribeiraopreto.com.br","date":"27 de December de 2023","format":false,"excerpt":"Cr\u00e9ditos: Captura de tela do InstagramAprenda a postar um v\u00eddeo nas Notas do Instagram Voc\u00ea j\u00e1 pensou em compartilhar v\u00eddeos interessantes dentro das Notas do Instagram? A fun\u00e7\u00e3o pode ser uma \u00f3tima maneira de interagir de maneira divertida e criativa com amigos nas redes sociais. A nova atualiza\u00e7\u00e3o da plataforma,\u2026","rel":"","context":"In &quot;Variedades&quot;","block_context":{"text":"Variedades","link":"https:\/\/noticiasribeiraopreto.com.br\/index.php\/category\/variedades\/"},"img":{"alt_text":"","src":"https:\/\/i0.wp.com\/noticiasribeiraopreto.com.br\/wp-content\/uploads\/2023\/12\/img-20231214-wa0261-scaled.jpg?fit=1200%2C638&ssl=1&resize=350%2C200","width":350,"height":200,"srcset":"https:\/\/i0.wp.com\/noticiasribeiraopreto.com.br\/wp-content\/uploads\/2023\/12\/img-20231214-wa0261-scaled.jpg?fit=1200%2C638&ssl=1&resize=350%2C200 1x, https:\/\/i0.wp.com\/noticiasribeiraopreto.com.br\/wp-content\/uploads\/2023\/12\/img-20231214-wa0261-scaled.jpg?fit=1200%2C638&ssl=1&resize=525%2C300 1.5x, https:\/\/i0.wp.com\/noticiasribeiraopreto.com.br\/wp-content\/uploads\/2023\/12\/img-20231214-wa0261-scaled.jpg?fit=1200%2C638&ssl=1&resize=700%2C400 2x, https:\/\/i0.wp.com\/noticiasribeiraopreto.com.br\/wp-content\/uploads\/2023\/12\/img-20231214-wa0261-scaled.jpg?fit=1200%2C638&ssl=1&resize=1050%2C600 3x"},"classes":[]}],"jetpack_sharing_enabled":true,"jetpack_shortlink":"https:\/\/wp.me\/peQAOb-4LR","_links":{"self":[{"href":"https:\/\/noticiasribeiraopreto.com.br\/index.php\/wp-json\/wp\/v2\/posts\/18343","targetHints":{"allow":["GET"]}}],"collection":[{"href":"https:\/\/noticiasribeiraopreto.com.br\/index.php\/wp-json\/wp\/v2\/posts"}],"about":[{"href":"https:\/\/noticiasribeiraopreto.com.br\/index.php\/wp-json\/wp\/v2\/types\/post"}],"author":[{"embeddable":true,"href":"https:\/\/noticiasribeiraopreto.com.br\/index.php\/wp-json\/wp\/v2\/users\/1"}],"replies":[{"embeddable":true,"href":"https:\/\/noticiasribeiraopreto.com.br\/index.php\/wp-json\/wp\/v2\/comments?post=18343"}],"version-history":[{"count":0,"href":"https:\/\/noticiasribeiraopreto.com.br\/index.php\/wp-json\/wp\/v2\/posts\/18343\/revisions"}],"wp:featuredmedia":[{"embeddable":true,"href":"https:\/\/noticiasribeiraopreto.com.br\/index.php\/wp-json\/wp\/v2\/media\/18344"}],"wp:attachment":[{"href":"https:\/\/noticiasribeiraopreto.com.br\/index.php\/wp-json\/wp\/v2\/media?parent=18343"}],"wp:term":[{"taxonomy":"category","embeddable":true,"href":"https:\/\/noticiasribeiraopreto.com.br\/index.php\/wp-json\/wp\/v2\/categories?post=18343"},{"taxonomy":"post_tag","embeddable":true,"href":"https:\/\/noticiasribeiraopreto.com.br\/index.php\/wp-json\/wp\/v2\/tags?post=18343"}],"curies":[{"name":"wp","href":"https:\/\/api.w.org\/{rel}","templated":true}]}}