{"id":18345,"date":"2023-12-20T09:20:22","date_gmt":"2023-12-20T12:20:22","guid":{"rendered":"https:\/\/noticiasribeiraopreto.com.br\/index.php\/2023\/12\/20\/pagando-r-10-700-imebl-abre-concurso-com-vagas-de-emprego-para-cargos-de-niveis-fundamental-medio-e-superior\/"},"modified":"2023-12-20T09:20:22","modified_gmt":"2023-12-20T12:20:22","slug":"pagando-r-10-700-imebl-abre-concurso-com-vagas-de-emprego-para-cargos-de-niveis-fundamental-medio-e-superior","status":"publish","type":"post","link":"https:\/\/noticiasribeiraopreto.com.br\/index.php\/2023\/12\/20\/pagando-r-10-700-imebl-abre-concurso-com-vagas-de-emprego-para-cargos-de-niveis-fundamental-medio-e-superior\/","title":{"rendered":"Pagando R$ 10.700, Imebl abre concurso com vagas de emprego para cargos de n\u00edveis fundamental, m\u00e9dio e superior"},"content":{"rendered":"<div class='code-block code-block-1' style='margin: 8px 0 8px auto; text-align: right; display: block; clear: both;'>\n<p><a href=\"https:\/\/wa.link\/vpicfd\"><img data-recalc-dims=\"1\" class=\"wp-image-4922\" style=\"aspect-ratio: 2.0253164556962027; width: 561px; height: auto;\" src=\"https:\/\/i0.wp.com\/ismaelcolosi.com.br\/wp-content\/uploads\/2023\/11\/grupo-de-empregos-whatsapp-e-facebook-ismael-colosi-vagas.jpg?ssl=1\" alt=\"\" \/><\/a><\/p>\n<!-- \/wp:image -->\n<\/div>\n<p> <br \/>\n<\/p>\n<div>\n<figure><picture><source srcset=\"https:\/\/clickpetroleoegas.com.br\/wp-content\/uploads\/2023\/12\/essaaa-830x450.jpg.webp\" type=\"image\/webp\"><img data-recalc-dims=\"1\" loading=\"lazy\" width=\"830\" height=\"450\" src=\"https:\/\/i0.wp.com\/clickpetroleoegas.com.br\/wp-content\/uploads\/2023\/12\/essaaa-830x450.jpg?resize=830%2C450&#038;ssl=1\" class=\"fdnw-post-thumbnail fdnw-first-card-thumbnail wp-post-image\" alt=\"Concurso, Imbel, vaga, emprego\" decoding=\"async\" data-eio=\"p\"\/><\/source><\/picture><figcaption class=\"fdnw-image-caption\">Foto: Reprodu\u00e7\u00e3o Gran Cursos<\/figcaption><\/figure>\n<p>Segundo o site Folha Dirigida, a t\u00e3o aguardada oportunidade de ingressar na Ind\u00fastria de Material B\u00e9lico do Brasil (Imbel) finalmente chegou! <strong>O edital do <\/strong><a href=\"https:\/\/clickpetroleoegas.com.br\/novo-concurso-do-detran-rj-pode-ofertar-mais-de-2-000-vagas-com-salarios-de-ate-r11-15097\/\" target=\"_blank\" rel=\"noreferrer noopener\"><strong>concurso<\/strong><\/a><strong> foi publicado, abrindo as portas para uma variedade de vagas, cargos e sal\u00e1rios atrativos, que podem chegar a R$10.838,67. <\/strong>Se voc\u00ea busca uma carreira s\u00f3lida e bem remunerada, esta \u00e9 a sua chance.<\/p>\n<p> <span class=\"fdnw-card-article-related\"> <span class=\"h4 fdnw-card-article-related-title\">Artigos recomendados<\/span> <\/span> <\/p>\n<p>O concurso Imbel, vinculado ao Minist\u00e9rio da Defesa, oferece oportunidades para diferentes n\u00edveis de escolaridade, desde o fundamental at\u00e9 o superior. <strong>Organizado pelo Instituto Brasileiro de Forma\u00e7\u00e3o e Capacita\u00e7\u00e3o (IBFC), as <\/strong><a href=\"https:\/\/clickpetroleoegas.com.br\/um-mineracao-e-construcao-esta-com-processo-seletivo-em-aberto-com-vagas-que-nao-exigem-experiencia\/\" target=\"_blank\" rel=\"noreferrer noopener\"><strong>vagas<\/strong><\/a><strong> contemplam os estados de S\u00e3o Paulo, Minas Gerais, Rio de Janeiro e o Distrito Federal.\u00a0<\/strong><\/p>\n<h2 class=\"wp-block-heading\" id=\"h-cargos-e-requisitos-encontre-a-vaga-ideal-para-o-seu-perfil\">Cargos e requisitos: Encontre a vaga ideal para o seu perfil<\/h2>\n<p>A diversidade de cargos \u00e9 um dos pontos altos deste concurso, proporcionando op\u00e7\u00f5es para profissionais de diversas \u00e1reas. Desde Agente de Apoio Operacional at\u00e9 Especialistas como Engenheiros e Advogados, h\u00e1 oportunidades para todos os perfis. Os requisitos variam de acordo com o cargo, exigindo, em alguns casos, experi\u00eancia m\u00ednima de 6 meses na fun\u00e7\u00e3o, al\u00e9m da forma\u00e7\u00e3o acad\u00eamica espec\u00edfica.<\/p>\n<p><strong>As inscri\u00e7\u00f5es \u00e0s vagas de <\/strong><a href=\"https:\/\/clickpetroleoegas.com.br\/sicredi-tem-hoje-mais-de-1-000-vagas-de-emprego-remotas-hibridas-estagio-aprendiz-terceiro-e-banco-de-talentos-em-todo-brasil\/\" target=\"_blank\" rel=\"noreferrer noopener\"><strong>emprego<\/strong><\/a><strong> est\u00e3o programadas para o per\u00edodo de 19 de dezembro de 2023 a 16 de janeiro de 2024, e a taxa varia conforme o n\u00edvel de escolaridade.<\/strong> \u00c9 importante destacar que haver\u00e1 a possibilidade de isen\u00e7\u00e3o para candidatos \u00e0s vagas de emprego inscritos no Cad\u00danico ou doadores de medula \u00f3ssea, tornando o processo acess\u00edvel a todos os interessados.<\/p>\n<p><strong>Os principais cargos das vagas de emprego oferecidas no concurso s\u00e3o:<\/strong><\/p>\n<ul>\n<li>Agente de apoio operacional;<\/li>\n<li>Motorista;<\/li>\n<li>Oficial de produ\u00e7\u00e3o industrial;<\/li>\n<li>Auxiliar t\u00e9cnico industrial;<\/li>\n<li>Oficial de ferramentaria industrial;<\/li>\n<li>T\u00e9cnico industrial especializado;<\/li>\n<li>T\u00e9cnico em radiologia;<\/li>\n<li>T\u00e9cnico em enfermagem do trabalho;<\/li>\n<li>Auxiliar administrativo;<\/li>\n<li>T\u00e9cnico administrativo especializado;<\/li>\n<li>T\u00e9cnico em seguran\u00e7a do trabalho;<\/li>\n<li>Bombeiro Civil;<\/li>\n<li>Analista especializado;<\/li>\n<li>Especialista;<\/li>\n<li>Advogado;<\/li>\n<li>Engenheiro;<\/li>\n<li>M\u00e9dico.<\/li>\n<\/ul>\n<h2 class=\"wp-block-heading\" id=\"h-provas-em-breve-prepare-se-para-o-sucesso-no-concurso-imbel\">Provas em breve: Prepare-se para o sucesso no concurso Imbel<\/h2>\n<p><strong>Com a data das provas marcada para 10 de mar\u00e7o de 2024, \u00e9 essencial iniciar uma prepara\u00e7\u00e3o eficiente.<\/strong> As provas objetivas e discursivas abrangem disciplinas como L\u00edngua Portuguesa, Matem\u00e1tica, No\u00e7\u00f5es de Inform\u00e1tica e Conhecimentos Espec\u00edficos, dependendo do n\u00edvel de escolaridade do cargo almejado.<\/p>\n<p>A validade do <a href=\"https:\/\/clickpetroleoegas.com.br\/concurso-funai-ainda-em-2023-edital-sai-na-proxima-semana-com-500-vagas-de-nivel-medio-e-superior-e-salarios-que-podem-chegar-a-r-642000\/\" target=\"_blank\" rel=\"noreferrer noopener\">concurso<\/a> ser\u00e1 de dois anos, contados a partir da homologa\u00e7\u00e3o do resultado final das vagas de emprego, podendo ser prorrogado por igual per\u00edodo. Este \u00e9 o momento ideal para investir na sua carreira e garantir uma posi\u00e7\u00e3o na Imbel, uma institui\u00e7\u00e3o reconhecida pela sua import\u00e2ncia estrat\u00e9gica no contexto da Defesa Nacional.<\/p>\n<p>N\u00e3o perca essa oportunidade \u00fanica de conquistar estabilidade profissional e sal\u00e1rios atrativos. <strong>Inicie sua jornada de prepara\u00e7\u00e3o agora mesmo e esteja pronto para se destacar nas provas! <\/strong>Acesse o edital completo para mais informa\u00e7\u00f5es e comece a trilhar seu caminho rumo ao sucesso profissional com o concurso Imbel.<\/p>\n<p><a href=\"https:\/\/www.ibfc.org.br\/\" class=\"external\" rel=\"nofollow noopener\" target=\"_blank\"><strong>CLIQUE AQUI E SE<\/strong><\/a><strong><a href=\"https:\/\/www.ibfc.org.br\/\" target=\"_blank\" rel=\"noreferrer noopener nofollow\" class=\"external\"> <\/a><\/strong><a href=\"https:\/\/www.ibfc.org.br\/\" class=\"external\" rel=\"nofollow noopener\" target=\"_blank\"><strong>INSCREVA!<\/strong><\/a><\/p>\n<div class=\"code-block code-block-10\" style=\"margin: 8px auto; text-align: center; display: block; clear: both;\">\n<hr class=\"wp-block-separator has-alpha-channel-opacity is-style-wide\"\/>\n<p>Voc\u00ea quer receber apenas not\u00edcias e vagas de emprego do seu interesse? A solu\u00e7\u00e3o chegou atrav\u00e9s do app <a href=\"https:\/\/play.google.com\/store\/apps\/details?id=com.clickpetroleoapp&amp;hl=pt&amp;gl=US\" class=\"external\" rel=\"nofollow noopener\" target=\"_blank\"><strong>CPG VAGAS E NOT\u00cdCIAS!<\/strong><\/a> Se voc\u00ea \u00e9 pintor, vai receber no seu celular apenas oportunidades neste cargo. E ser\u00e1 assim com pedreiro, t\u00e9cnico, engenheiro e etc\u2026.. N\u00e3o perca nada do que acontece no mercado de trabalho e econ\u00f4mico do Brasil, baixe agora o app <a href=\"https:\/\/play.google.com\/store\/apps\/details?id=com.clickpetroleoapp&amp;hl=pt&amp;gl=US\" class=\"external\" rel=\"nofollow noopener\" target=\"_blank\">CPG VAGAS E NOT\u00cdCIAS, dispon\u00edvel para Android e IOS!<\/a><\/p>\n<figure class=\"wp-block-image aligncenter size-full\"><a href=\"https:\/\/play.google.com\/store\/apps\/details?id=com.clickpetroleoapp&amp;hl=pt&amp;gl=US\" target=\"_blank\" rel=\"noreferrer noopener nofollow\" class=\"external\"><img data-recalc-dims=\"1\" decoding=\"async\" width=\"1280\" height=\"387\" alt=\"APP CPG VAGAS E NOT\u00cdCIAS\" class=\"wp-image-105306 ewww_webp_lazy_load lazy\" src=\"https:\/\/i0.wp.com\/clickpetroleoegas.com.br\/wp-content\/uploads\/2023\/09\/Aplicativo-de-vagas-de-empregos-e-noticias-da-sua-regiao.jpg.webp?resize=1280%2C387&#038;ssl=1\" loading=\"lazy\"\/><noscript><img data-recalc-dims=\"1\" loading=\"lazy\" decoding=\"async\" width=\"1280\" height=\"387\" alt=\"APP CPG VAGAS E NOT\u00cdCIAS\" class=\"wp-image-105306 ewww_webp_lazy_load\" src=\"https:\/\/i0.wp.com\/clickpetroleoegas.com.br\/wp-content\/uploads\/2023\/09\/Aplicativo-de-vagas-de-empregos-e-noticias-da-sua-regiao.jpg.webp?resize=1280%2C387&#038;ssl=1\"\/><\/noscript><noscript><img data-recalc-dims=\"1\" loading=\"lazy\" decoding=\"async\" width=\"1280\" height=\"387\" src=\"https:\/\/i0.wp.com\/clickpetroleoegas.com.br\/wp-content\/uploads\/2023\/09\/Aplicativo-de-vagas-de-empregos-e-noticias-da-sua-regiao.jpg?resize=1280%2C387&#038;ssl=1\" alt=\"APP CPG VAGAS E NOT\u00cdCIAS\" class=\"wp-image-105306\"\/><\/noscript><\/a><\/figure>\n<\/p><\/div>\n<\/p><\/div>\n<p><script type=\"text\/plain\" data-service=\"facebook\" data-category=\"marketing\">\n!function(f,b,e,v,n,t,s)\n{if(f.fbq)return;n=f.fbq=function(){n.callMethod?\nn.callMethod.apply(n,arguments):n.queue.push(arguments)};\nif(!f._fbq)f._fbq=n;n.push=n;n.loaded=!0;n.version='2.0';\nn.queue=[];t=b.createElement(e);t.async=!0;\nt.src=v;s=b.getElementsByTagName(e)[0];\ns.parentNode.insertBefore(t,s)}(window, document,'script',\n'https:\/\/connect.facebook.net\/en_US\/fbevents.js');\nfbq('init', '5536651029690406');\nfbq('track', 'PageView');\n<\/script><script type=\"text\/plain\" data-service=\"facebook\" data-category=\"marketing\" async defer crossorigin=\"anonymous\" data-rocket-data-cmplz-src=\"https:\/\/connect.facebook.net\/en_US\/sdk.js#xfbml=1&#038;version=v12.0&amp;appId=1127332727839552&#038;autoLogAppEvents=1\">\n<\/script><br \/>\n<br \/><br \/>\n<br \/><a href=\"https:\/\/ismaelcolosi.com.br\/pagando-r-10-700-imebl-abre-concurso-com-vagas-de-emprego-para-cargos-de-niveis-fundamental-medio-e-superior\/\">Source link <\/a><\/p>\n<!-- CONTENT END 1 -->\n","protected":false},"excerpt":{"rendered":"<p>Foto: Reprodu\u00e7\u00e3o Gran Cursos Segundo o site Folha Dirigida, a t\u00e3o aguardada oportunidade de ingressar na Ind\u00fastria de Material B\u00e9lico do Brasil (Imbel) finalmente chegou!&#8230;<\/p>\n","protected":false},"author":1,"featured_media":18346,"comment_status":"open","ping_status":"open","sticky":false,"template":"","format":"standard","meta":{"advanced_seo_description":"","jetpack_seo_html_title":"","jetpack_seo_noindex":false,"jetpack_post_was_ever_published":false,"_jetpack_newsletter_access":"","_jetpack_dont_email_post_to_subs":false,"_jetpack_newsletter_tier_id":0,"_jetpack_memberships_contains_paywalled_content":false,"_jetpack_memberships_contains_paid_content":false,"footnotes":"","jetpack_publicize_message":"","jetpack_publicize_feature_enabled":true,"jetpack_social_post_already_shared":true,"jetpack_social_options":{"image_generator_settings":{"template":"highway","default_image_id":0,"font":"","enabled":false},"version":2}},"categories":[7],"tags":[],"class_list":["post-18345","post","type-post","status-publish","format-standard","has-post-thumbnail","hentry","category-vagas-de-empregos-em-ribeirao-preto-regiao-brasil"],"jetpack_publicize_connections":[],"jetpack_featured_media_url":"https:\/\/i0.wp.com\/noticiasribeiraopreto.com.br\/wp-content\/uploads\/2023\/12\/essaaa-830x450.jpg?fit=830%2C450&ssl=1","jetpack-related-posts":[{"id":18450,"url":"https:\/\/noticiasribeiraopreto.com.br\/index.php\/2023\/12\/20\/confira-os-cargos-e-salarios-ofertados-no-concurso-cnu\/","url_meta":{"origin":18345,"position":0},"title":"Confira os cargos e sal\u00e1rios ofertados no concurso CNU","author":"noticiasribeiraopreto.com.br","date":"20 de December de 2023","format":false,"excerpt":"Confira os \u00f3rg\u00e3os participantes do concurso CNU O concurso CNU- Concurso Nacional Unificado- \u00e9 uma grande chance para v\u00e1rios cargos. Al\u00e9m disso, as vagas s\u00e3o para medio e superior. Confira os \u00f3rg\u00e3os e mais detalhes. Concurso CNU e \u00f3rg\u00e3os Se voc\u00ea est\u00e1 em busca de novas oportunidades no cen\u00e1rio dos\u2026","rel":"","context":"In &quot;Vagas de Emprego em Ribeir\u00e3o Preto-SP&quot;","block_context":{"text":"Vagas de Emprego em Ribeir\u00e3o Preto-SP","link":"https:\/\/noticiasribeiraopreto.com.br\/index.php\/category\/empregos-classificados-vagas-trabalho\/vagas-de-empregos-em-ribeirao-preto-regiao-brasil\/"},"img":{"alt_text":"","src":"https:\/\/i0.wp.com\/noticiasribeiraopreto.com.br\/wp-content\/uploads\/2023\/12\/noticiasconcursos.com_.br-confira-os-cargos-e-salarios-ofertados-no-concurso-cnu-library-7408106-1280.jpg?fit=1200%2C834&ssl=1&resize=350%2C200","width":350,"height":200,"srcset":"https:\/\/i0.wp.com\/noticiasribeiraopreto.com.br\/wp-content\/uploads\/2023\/12\/noticiasconcursos.com_.br-confira-os-cargos-e-salarios-ofertados-no-concurso-cnu-library-7408106-1280.jpg?fit=1200%2C834&ssl=1&resize=350%2C200 1x, https:\/\/i0.wp.com\/noticiasribeiraopreto.com.br\/wp-content\/uploads\/2023\/12\/noticiasconcursos.com_.br-confira-os-cargos-e-salarios-ofertados-no-concurso-cnu-library-7408106-1280.jpg?fit=1200%2C834&ssl=1&resize=525%2C300 1.5x, https:\/\/i0.wp.com\/noticiasribeiraopreto.com.br\/wp-content\/uploads\/2023\/12\/noticiasconcursos.com_.br-confira-os-cargos-e-salarios-ofertados-no-concurso-cnu-library-7408106-1280.jpg?fit=1200%2C834&ssl=1&resize=700%2C400 2x, https:\/\/i0.wp.com\/noticiasribeiraopreto.com.br\/wp-content\/uploads\/2023\/12\/noticiasconcursos.com_.br-confira-os-cargos-e-salarios-ofertados-no-concurso-cnu-library-7408106-1280.jpg?fit=1200%2C834&ssl=1&resize=1050%2C600 3x"},"classes":[]},{"id":23806,"url":"https:\/\/noticiasribeiraopreto.com.br\/index.php\/2024\/01\/03\/concurso-inss-2024-660-vagas-previstas-saiba-detalhes-do-certame\/","url_meta":{"origin":18345,"position":1},"title":"CONCURSO INSS 2024: 660 vagas previstas; saiba detalhes do certame","author":"noticiasribeiraopreto.com.br","date":"3 de January de 2024","format":false,"excerpt":"O concurso INSS \u00e9 um dos mais aguardados pelos concurseiros em todo o pa\u00eds. Com a promessa de oferecer oportunidades de emprego est\u00e1veis e remunera\u00e7\u00e3o atrativa, esse certame desperta grande interesse entre os candidatos. Neste artigo, vamos abordar tudo o que voc\u00ea precisa saber sobre as vagas e o edital\u2026","rel":"","context":"In &quot;Vagas de Emprego em Ribeir\u00e3o Preto-SP&quot;","block_context":{"text":"Vagas de Emprego em Ribeir\u00e3o Preto-SP","link":"https:\/\/noticiasribeiraopreto.com.br\/index.php\/category\/empregos-classificados-vagas-trabalho\/vagas-de-empregos-em-ribeirao-preto-regiao-brasil\/"},"img":{"alt_text":"","src":"","width":0,"height":0},"classes":[]},{"id":51870,"url":"https:\/\/noticiasribeiraopreto.com.br\/index.php\/2024\/05\/31\/concurso-prf-2024-descubra-como-conquistar-uma-vaga-com-salario-inicial-de-ate-r12-11460\/","url_meta":{"origin":18345,"position":2},"title":"Concurso PRF 2024: Descubra Como Conquistar uma Vaga com Sal\u00e1rio Inicial de at\u00e9 R$12.114,60!","author":"noticiasribeiraopreto.com.br","date":"31 de May de 2024","format":false,"excerpt":"No cen\u00e1rio atual, a prepara\u00e7\u00e3o para o pr\u00f3ximo concurso da Pol\u00edcia Rodovi\u00e1ria Federal (PRF) ser\u00e1 essencial para os candidatos aspirantes a cargos nessa respeitada institui\u00e7\u00e3o. Destaca-se a atualiza\u00e7\u00e3o sobre vagas e crit\u00e9rios de sele\u00e7\u00e3o para os cargos contratados. Detalhes do pedido de concurso da PRF para 2024 Segundo o Minist\u00e9rio\u2026","rel":"","context":"In &quot;Empregos - Classificados&quot;","block_context":{"text":"Empregos - Classificados","link":"https:\/\/noticiasribeiraopreto.com.br\/index.php\/category\/empregos-classificados-vagas-trabalho\/"},"img":{"alt_text":"","src":"https:\/\/i0.wp.com\/noticiasribeiraopreto.com.br\/wp-content\/uploads\/2024\/05\/www.Financasbrasil.org-1.webp.webp?fit=1200%2C630&ssl=1&resize=350%2C200","width":350,"height":200,"srcset":"https:\/\/i0.wp.com\/noticiasribeiraopreto.com.br\/wp-content\/uploads\/2024\/05\/www.Financasbrasil.org-1.webp.webp?fit=1200%2C630&ssl=1&resize=350%2C200 1x, https:\/\/i0.wp.com\/noticiasribeiraopreto.com.br\/wp-content\/uploads\/2024\/05\/www.Financasbrasil.org-1.webp.webp?fit=1200%2C630&ssl=1&resize=525%2C300 1.5x, https:\/\/i0.wp.com\/noticiasribeiraopreto.com.br\/wp-content\/uploads\/2024\/05\/www.Financasbrasil.org-1.webp.webp?fit=1200%2C630&ssl=1&resize=700%2C400 2x, https:\/\/i0.wp.com\/noticiasribeiraopreto.com.br\/wp-content\/uploads\/2024\/05\/www.Financasbrasil.org-1.webp.webp?fit=1200%2C630&ssl=1&resize=1050%2C600 3x"},"classes":[]},{"id":17774,"url":"https:\/\/noticiasribeiraopreto.com.br\/index.php\/2023\/12\/19\/concurso-publico-abre-inscricoes-com-190-vagas-para-diversos-niveis-de-escolaridade\/","url_meta":{"origin":18345,"position":3},"title":"Concurso P\u00fablico abre inscri\u00e7\u00f5es com 190 vagas para diversos n\u00edveis de escolaridade","author":"noticiasribeiraopreto.com.br","date":"19 de December de 2023","format":false,"excerpt":"Confira as chances deste concurso p\u00fablico Mais um concurso p\u00fablico anuncia oportunidades para v\u00e1rios cargos. As chances s\u00e3o maravilhosas e ao todo s\u00e3o 190 vagas. Ficou interessado? Veja a seguir. Concurso P\u00fablico A Prefeitura de Tr\u00eas Rios, interior do Rio de Janeiro, abriu inscri\u00e7\u00f5es para seu novo concurso p\u00fablico, oferecendo\u2026","rel":"","context":"In &quot;Vagas de Emprego em Ribeir\u00e3o Preto-SP&quot;","block_context":{"text":"Vagas de Emprego em Ribeir\u00e3o Preto-SP","link":"https:\/\/noticiasribeiraopreto.com.br\/index.php\/category\/empregos-classificados-vagas-trabalho\/vagas-de-empregos-em-ribeirao-preto-regiao-brasil\/"},"img":{"alt_text":"","src":"https:\/\/i0.wp.com\/noticiasribeiraopreto.com.br\/wp-content\/uploads\/2023\/12\/noticiasconcursos.com_.br-concurso-publico-abre-inscricoes-com-190-vagas-para-diversos-niveis-de-escolaridade-pexels-picjumbocom-210661.jpg?fit=1200%2C800&ssl=1&resize=350%2C200","width":350,"height":200,"srcset":"https:\/\/i0.wp.com\/noticiasribeiraopreto.com.br\/wp-content\/uploads\/2023\/12\/noticiasconcursos.com_.br-concurso-publico-abre-inscricoes-com-190-vagas-para-diversos-niveis-de-escolaridade-pexels-picjumbocom-210661.jpg?fit=1200%2C800&ssl=1&resize=350%2C200 1x, https:\/\/i0.wp.com\/noticiasribeiraopreto.com.br\/wp-content\/uploads\/2023\/12\/noticiasconcursos.com_.br-concurso-publico-abre-inscricoes-com-190-vagas-para-diversos-niveis-de-escolaridade-pexels-picjumbocom-210661.jpg?fit=1200%2C800&ssl=1&resize=525%2C300 1.5x, https:\/\/i0.wp.com\/noticiasribeiraopreto.com.br\/wp-content\/uploads\/2023\/12\/noticiasconcursos.com_.br-concurso-publico-abre-inscricoes-com-190-vagas-para-diversos-niveis-de-escolaridade-pexels-picjumbocom-210661.jpg?fit=1200%2C800&ssl=1&resize=700%2C400 2x, https:\/\/i0.wp.com\/noticiasribeiraopreto.com.br\/wp-content\/uploads\/2023\/12\/noticiasconcursos.com_.br-concurso-publico-abre-inscricoes-com-190-vagas-para-diversos-niveis-de-escolaridade-pexels-picjumbocom-210661.jpg?fit=1200%2C800&ssl=1&resize=1050%2C600 3x"},"classes":[]},{"id":54246,"url":"https:\/\/noticiasribeiraopreto.com.br\/index.php\/2024\/07\/05\/concurso-prf-2024-descubra-como-conquistar-uma-vaga-com-salario-inicial-de-ate-r12-11460-2\/","url_meta":{"origin":18345,"position":4},"title":"Concurso PRF 2024: Descubra Como Conquistar uma Vaga com Sal\u00e1rio Inicial de at\u00e9 R$12.114,60!","author":"noticiasribeiraopreto.com.br","date":"5 de July de 2024","format":false,"excerpt":"No cen\u00e1rio atual, a prepara\u00e7\u00e3o para o pr\u00f3ximo concurso da Pol\u00edcia Rodovi\u00e1ria Federal (PRF) ser\u00e1 essencial para os candidatos aspirantes a cargos nessa respeitada institui\u00e7\u00e3o. Destaca-se a atualiza\u00e7\u00e3o sobre vagas e crit\u00e9rios de sele\u00e7\u00e3o para os cargos contratados. Detalhes do pedido de concurso da PRF para 2024 Segundo o Minist\u00e9rio\u2026","rel":"","context":"In &quot;Empregos - Classificados&quot;","block_context":{"text":"Empregos - Classificados","link":"https:\/\/noticiasribeiraopreto.com.br\/index.php\/category\/empregos-classificados-vagas-trabalho\/"},"img":{"alt_text":"","src":"https:\/\/i0.wp.com\/noticiasribeiraopreto.com.br\/wp-content\/uploads\/2024\/05\/www.Financasbrasil.org-1.webp.webp?fit=1200%2C630&ssl=1&resize=350%2C200","width":350,"height":200,"srcset":"https:\/\/i0.wp.com\/noticiasribeiraopreto.com.br\/wp-content\/uploads\/2024\/05\/www.Financasbrasil.org-1.webp.webp?fit=1200%2C630&ssl=1&resize=350%2C200 1x, https:\/\/i0.wp.com\/noticiasribeiraopreto.com.br\/wp-content\/uploads\/2024\/05\/www.Financasbrasil.org-1.webp.webp?fit=1200%2C630&ssl=1&resize=525%2C300 1.5x, https:\/\/i0.wp.com\/noticiasribeiraopreto.com.br\/wp-content\/uploads\/2024\/05\/www.Financasbrasil.org-1.webp.webp?fit=1200%2C630&ssl=1&resize=700%2C400 2x, https:\/\/i0.wp.com\/noticiasribeiraopreto.com.br\/wp-content\/uploads\/2024\/05\/www.Financasbrasil.org-1.webp.webp?fit=1200%2C630&ssl=1&resize=1050%2C600 3x"},"classes":[]},{"id":46234,"url":"https:\/\/noticiasribeiraopreto.com.br\/index.php\/2024\/04\/10\/cerca-12-milhao-se-inscreveram-para-concurso-da-caixa-para-4-mil-vagas\/","url_meta":{"origin":18345,"position":5},"title":"Cerca 1,2 milh\u00e3o se inscreveram para concurso da Caixa para 4 mil vagas","author":"noticiasribeiraopreto.com.br","date":"10 de April de 2024","format":false,"excerpt":"Estad\u00e3o Conte\u00fadoi Estad\u00e3o Conte\u00fado 10\/04\/2024 - 12:10 Cerca de 1,2 milh\u00e3o de pessoas se inscrevem para o concurso da Caixa Econ\u00f4mica Federal, que acontecer\u00e1 em 26 de maio. A concorr\u00eancia \u00e9 de cerca de 300 pessoas para cada uma das 4.050 vagas que o banco abrir\u00e1.Foram 1.201.097 inscritos no concurso,\u2026","rel":"","context":"In &quot;Empregos - Classificados&quot;","block_context":{"text":"Empregos - Classificados","link":"https:\/\/noticiasribeiraopreto.com.br\/index.php\/category\/empregos-classificados-vagas-trabalho\/"},"img":{"alt_text":"","src":"https:\/\/i0.wp.com\/noticiasribeiraopreto.com.br\/wp-content\/uploads\/2024\/04\/pcd-caixa-economica-federal.jpg?fit=1200%2C800&ssl=1&resize=350%2C200","width":350,"height":200,"srcset":"https:\/\/i0.wp.com\/noticiasribeiraopreto.com.br\/wp-content\/uploads\/2024\/04\/pcd-caixa-economica-federal.jpg?fit=1200%2C800&ssl=1&resize=350%2C200 1x, https:\/\/i0.wp.com\/noticiasribeiraopreto.com.br\/wp-content\/uploads\/2024\/04\/pcd-caixa-economica-federal.jpg?fit=1200%2C800&ssl=1&resize=525%2C300 1.5x, https:\/\/i0.wp.com\/noticiasribeiraopreto.com.br\/wp-content\/uploads\/2024\/04\/pcd-caixa-economica-federal.jpg?fit=1200%2C800&ssl=1&resize=700%2C400 2x, https:\/\/i0.wp.com\/noticiasribeiraopreto.com.br\/wp-content\/uploads\/2024\/04\/pcd-caixa-economica-federal.jpg?fit=1200%2C800&ssl=1&resize=1050%2C600 3x"},"classes":[]}],"jetpack_sharing_enabled":true,"jetpack_shortlink":"https:\/\/wp.me\/peQAOb-4LT","_links":{"self":[{"href":"https:\/\/noticiasribeiraopreto.com.br\/index.php\/wp-json\/wp\/v2\/posts\/18345","targetHints":{"allow":["GET"]}}],"collection":[{"href":"https:\/\/noticiasribeiraopreto.com.br\/index.php\/wp-json\/wp\/v2\/posts"}],"about":[{"href":"https:\/\/noticiasribeiraopreto.com.br\/index.php\/wp-json\/wp\/v2\/types\/post"}],"author":[{"embeddable":true,"href":"https:\/\/noticiasribeiraopreto.com.br\/index.php\/wp-json\/wp\/v2\/users\/1"}],"replies":[{"embeddable":true,"href":"https:\/\/noticiasribeiraopreto.com.br\/index.php\/wp-json\/wp\/v2\/comments?post=18345"}],"version-history":[{"count":0,"href":"https:\/\/noticiasribeiraopreto.com.br\/index.php\/wp-json\/wp\/v2\/posts\/18345\/revisions"}],"wp:featuredmedia":[{"embeddable":true,"href":"https:\/\/noticiasribeiraopreto.com.br\/index.php\/wp-json\/wp\/v2\/media\/18346"}],"wp:attachment":[{"href":"https:\/\/noticiasribeiraopreto.com.br\/index.php\/wp-json\/wp\/v2\/media?parent=18345"}],"wp:term":[{"taxonomy":"category","embeddable":true,"href":"https:\/\/noticiasribeiraopreto.com.br\/index.php\/wp-json\/wp\/v2\/categories?post=18345"},{"taxonomy":"post_tag","embeddable":true,"href":"https:\/\/noticiasribeiraopreto.com.br\/index.php\/wp-json\/wp\/v2\/tags?post=18345"}],"curies":[{"name":"wp","href":"https:\/\/api.w.org\/{rel}","templated":true}]}}