{"id":18351,"date":"2023-12-20T09:41:57","date_gmt":"2023-12-20T12:41:57","guid":{"rendered":"https:\/\/noticiasribeiraopreto.com.br\/index.php\/2023\/12\/20\/governo-federal-nao-vai-dar-reajuste-salarial-para-servidores-em-2024\/"},"modified":"2023-12-20T09:41:57","modified_gmt":"2023-12-20T12:41:57","slug":"governo-federal-nao-vai-dar-reajuste-salarial-para-servidores-em-2024","status":"publish","type":"post","link":"https:\/\/noticiasribeiraopreto.com.br\/index.php\/2023\/12\/20\/governo-federal-nao-vai-dar-reajuste-salarial-para-servidores-em-2024\/","title":{"rendered":"Governo Federal n\u00e3o vai dar reajuste salarial para servidores em 2024"},"content":{"rendered":"<div class='code-block code-block-1' style='margin: 8px 0 8px auto; text-align: right; display: block; clear: both;'>\n<p><a href=\"https:\/\/wa.link\/vpicfd\"><img data-recalc-dims=\"1\" class=\"wp-image-4922\" style=\"aspect-ratio: 2.0253164556962027; width: 561px; height: auto;\" src=\"https:\/\/i0.wp.com\/ismaelcolosi.com.br\/wp-content\/uploads\/2023\/11\/grupo-de-empregos-whatsapp-e-facebook-ismael-colosi-vagas.jpg?ssl=1\" alt=\"\" \/><\/a><\/p>\n<!-- \/wp:image -->\n<\/div>\n<p> <br \/>\n<\/p>\n<div>\n<p>O governo federal anunciou, na \u00faltima segunda-feira (18), durante a \u00faltima reuni\u00e3o do ano da Mesa Nacional de Negocia\u00e7\u00e3o Permanente, do Minist\u00e9rio da Gest\u00e3o e da Inova\u00e7\u00e3o em Servi\u00e7os P\u00fablicos (MGI), que n\u00e3o apresentar\u00e1 proposta de <strong>reajuste salarial<\/strong> para os servidores do Executivo em 2024. Logo, os sal\u00e1rios ficar\u00e3o congelados, nos valores atuais.<\/p>\n<p>A decis\u00e3o visa priorizar a amplia\u00e7\u00e3o de benef\u00edcios, como alimenta\u00e7\u00e3o e sa\u00fade, em uma estrat\u00e9gia que busca beneficiar principalmente os servidores que recebem remunera\u00e7\u00f5es mais baixas. No ano de 2023, o governo concedeu um reajuste salarial linear de 9% aos servidores do Executivo, e o aux\u00edlio-alimenta\u00e7\u00e3o teve um aumento significativo de 43%, passando de R$ 458 para R$ 658 mensais.<\/p>\n<p><a href=\"https:\/\/jcconcursos.com.br\/noticia\/brasil\/acabou-o-impasse-do-piso-salarial-da-enfermagem-stf-flexibiliza-pagamento-no-setor-privado-120206\" rel=\"noopener\" target=\"_blank\">+Acabou o impasse do piso salarial da enfermagem: STF flexibiliza pagamento no setor privado<\/a><\/p>\n<h2>Limita\u00e7\u00f5es or\u00e7ament\u00e1rias impedem reajuste salarial<\/h2>\n<p>O secret\u00e1rio de Rela\u00e7\u00f5es de Trabalho, Jos\u00e9 Lopez Feij\u00f3o, explicou que as limita\u00e7\u00f5es or\u00e7ament\u00e1rias impedem avan\u00e7os na recomposi\u00e7\u00e3o salarial para 2024, e a proposta atual j\u00e1 \u00e9 resultado de intensas negocia\u00e7\u00f5es lideradas pela ministra Esther Dweck para abrir espa\u00e7o no Or\u00e7amento da Uni\u00e3o.<\/p>\n<p>A proposta para 2024 inclui:<\/p>\n<ul>\n<li>reajuste de 52% no aux\u00edlio-alimenta\u00e7\u00e3o a partir de maio, elevando o valor para R$ 1 mil;<\/li>\n<li>aumento de aproximadamente 49% no aux\u00edlio-sa\u00fade, passando de R$ 144,38 para cerca de R$ 215; e<\/li>\n<li>acr\u00e9scimo de cerca de 51% no aux\u00edlio-creche, que passar\u00e1 de R$ 321 para R$ 484,90.<\/li>\n<\/ul>\n<p>O governo destaca que essa medida busca aproximar os benef\u00edcios do Executivo aos dos demais Poderes, atendendo \u00e0s demandas dos servidores em busca de maior isonomia remunerat\u00f3ria. O secret\u00e1rio Jos\u00e9 Feij\u00f3o ressaltou que a proposta tamb\u00e9m visa proporcionar um equil\u00edbrio maior entre as remunera\u00e7\u00f5es mais baixas e mais altas, destacando que o impacto ser\u00e1 maior para quem recebe sal\u00e1rios mais baixos.<\/p>\n<p>\u201c\u00c9 uma proposta que busca maior equil\u00edbrio entre os menores e as maiores remunera\u00e7\u00f5es. Estamos em busca de maior proporcionalidade, ao atuarmos contra as disparidades existentes\u201d, esclareceu Feij\u00f3o. Os novos valores propostos foram inclusos na Lei Or\u00e7ament\u00e1ria do pr\u00f3ximo ano e aguardam aprova\u00e7\u00e3o do Congresso Nacional.<\/p>\n<p>Segundo o MGI, \u201cservidores com as menores remunera\u00e7\u00f5es\u201d e \u201cque recebem, simultaneamente, os tr\u00eas benef\u00edcios (alimenta\u00e7\u00e3o, sa\u00fade e creche) passam a auferir aumento na remunera\u00e7\u00e3o total que chega a 23%.\u201d<\/p>\n<p><a href=\"https:\/\/jcconcursos.com.br\/noticia\/brasil\/concurso-publico-saiba-o-que-e-e-como-funciona-o-final-da-lista-de-aprovados-120204\" rel=\"noopener\" target=\"_blank\">+Concurso p\u00fablico: saiba o que \u00e9 e como funciona o \u201cfinal da lista\u201d de aprovados<\/a><\/p>\n<h2>Entidades n\u00e3o aprovam proposta<\/h2>\n<p>No entanto, a proposta n\u00e3o foi bem recebida por algumas entidades representativas. O presidente do F\u00f3rum Nacional Permanente das Carreiras T\u00edpicas de Estado (Fonacate), Rudinei Marques, criticou a pol\u00edtica de congelamento salarial, destacando que a exclus\u00e3o de aposentados e pensionistas do aumento de benef\u00edcios \u00e9 um aspecto prejudicial.<\/p>\n<p>O sindicato Condsef e o Sindsep-DF tamb\u00e9m manifestaram descontentamento, considerando a proposta insuficiente e prejudicial aos aposentados. A Confedera\u00e7\u00e3o dos Trabalhadores no Servi\u00e7o P\u00fablico Federal (<a href=\"https:\/\/www.condsef.org.br\/\" rel=\"noopener\" target=\"_blank\">Condsef<\/a>) ressaltou que a proposta frustrou as expectativas dos servidores, e o <a href=\"https:\/\/sindsep-df.com.br\/\" rel=\"noopener\" target=\"_blank\">Sindsep-DF<\/a> promete intensificar mobiliza\u00e7\u00f5es contra a oferta do governo federal.<\/p>\n<p>A Ag\u00eancia Brasil buscou o posicionamento do MGI sobre as declara\u00e7\u00f5es das entidades representantes dos servidores p\u00fablicos quanto \u00e0 aus\u00eancia de<strong> reajuste salarial<\/strong> para o ano que vem, mas, at\u00e9 o fechamento da mat\u00e9ria, n\u00e3o obteve retorno. A mobiliza\u00e7\u00e3o dos servidores em busca de reajuste salarial deve se intensificar no in\u00edcio do pr\u00f3ximo ano, a exemplo da manifesta\u00e7\u00e3o nacional realizada no \u00faltimo dia 12 de dezembro.<\/p>\n<p>+++Acompanhe as principais not\u00edcias sobre Concursos P\u00fablicos, Empregos e <a href=\"https:\/\/jcconcursos.com.br\/noticia\/brasil\" rel=\"noopener\" target=\"_blank\">Sociedade<\/a> no JC Concursos.<\/p>\n<p><a id=\"gnews_btn\" href=\"https:\/\/news.google.com\/publications\/CAAqBwgKMOixlQswuZWrAw\" target=\"_blank\" class=\"border_jc_blue link_hover_bg_jc_blue font_85 d-block d-md-inline-block px-2 py-1 mr-0 mr-md-2 mb-3 w-100 text-center\" rel=\"noopener\"><span class=\"text_jc_blue\">Siga o <strong>JC Concursos no Google News<\/strong><\/span><\/a><a href=\"https:\/\/jcconcursos.com.br\/noticia\/brasil\/\" class=\"badge badge-light\">Sociedade<\/a><a href=\"https:\/\/jcconcursos.com.br\/noticia\/brasil\/\" class=\"badge badge-light\">Brasil<\/a><\/p>\n<\/div>\n<p><br \/>\n<br \/><a href=\"https:\/\/ismaelcolosi.com.br\/governo-federal-nao-vai-dar-reajuste-salarial-para-servidores-em-2024\/\">Source link <\/a><\/p>\n<!-- CONTENT END 1 -->\n","protected":false},"excerpt":{"rendered":"<p>O governo federal anunciou, na \u00faltima segunda-feira (18), durante a \u00faltima reuni\u00e3o do ano da Mesa Nacional de Negocia\u00e7\u00e3o Permanente, do Minist\u00e9rio da Gest\u00e3o e&#8230;<\/p>\n","protected":false},"author":1,"featured_media":18352,"comment_status":"open","ping_status":"open","sticky":false,"template":"","format":"standard","meta":{"advanced_seo_description":"","jetpack_seo_html_title":"","jetpack_seo_noindex":false,"jetpack_post_was_ever_published":false,"_jetpack_newsletter_access":"","_jetpack_dont_email_post_to_subs":false,"_jetpack_newsletter_tier_id":0,"_jetpack_memberships_contains_paywalled_content":false,"_jetpack_memberships_contains_paid_content":false,"footnotes":"","jetpack_publicize_message":"","jetpack_publicize_feature_enabled":true,"jetpack_social_post_already_shared":true,"jetpack_social_options":{"image_generator_settings":{"template":"highway","default_image_id":0,"font":"","enabled":false},"version":2}},"categories":[7],"tags":[],"class_list":["post-18351","post","type-post","status-publish","format-standard","has-post-thumbnail","hentry","category-vagas-de-empregos-em-ribeirao-preto-regiao-brasil"],"jetpack_publicize_connections":[],"jetpack_featured_media_url":"https:\/\/i0.wp.com\/noticiasribeiraopreto.com.br\/wp-content\/uploads\/2023\/12\/lula-dando-joia-ricardo-stuckert-pr.jpg?fit=1920%2C1080&ssl=1","jetpack-related-posts":[{"id":18772,"url":"https:\/\/noticiasribeiraopreto.com.br\/index.php\/2023\/12\/21\/servidores-federais-terao-reajuste-em-2024\/","url_meta":{"origin":18351,"position":0},"title":"Servidores federais ter\u00e3o reajuste em 2024?","author":"noticiasribeiraopreto.com.br","date":"21 de December de 2023","format":false,"excerpt":"Recentemente, o governo se manifestou sobre a possibilidade de reajuste para servidores federais. A nova gest\u00e3o vem negociando com a classe por mudan\u00e7as em seus recebimentos. O Minist\u00e9rio da Gest\u00e3o e da Inova\u00e7\u00e3o em Servi\u00e7os P\u00fablicos, da ministra Esther Dweck, est\u00e1 comandando a negocia\u00e7\u00e3o. Assim, indica que o Governo Federal\u2026","rel":"","context":"In &quot;Vagas de Emprego em Ribeir\u00e3o Preto-SP&quot;","block_context":{"text":"Vagas de Emprego em Ribeir\u00e3o Preto-SP","link":"https:\/\/noticiasribeiraopreto.com.br\/index.php\/category\/empregos-classificados-vagas-trabalho\/vagas-de-empregos-em-ribeirao-preto-regiao-brasil\/"},"img":{"alt_text":"","src":"","width":0,"height":0},"classes":[]},{"id":66336,"url":"https:\/\/noticiasribeiraopreto.com.br\/index.php\/2025\/03\/31\/governo-federal-confirma-pagamento-de-reajuste-salarial-a-servidores-em-maio\/","url_meta":{"origin":18351,"position":1},"title":"Governo Federal Confirma Pagamento de Reajuste Salarial a Servidores em Maio","author":"noticiasribeiraopreto.com.br","date":"31 de March de 2025","format":false,"excerpt":"O governo federal anunciou que o reajuste salarial dos servidores p\u00fablicos federais ser\u00e1 processado na folha de abril e creditado nas contas dos trabalhadores em 2 de maio. Al\u00e9m do aumento nos vencimentos, o pagamento incluir\u00e1 o valor retroativo a janeiro, garantindo a compensa\u00e7\u00e3o dos meses anteriores. A medida faz\u2026","rel":"","context":"In &quot;Not\u00edcias de Ribeir\u00e3o Preto-SP e Regi\u00e3o&quot;","block_context":{"text":"Not\u00edcias de Ribeir\u00e3o Preto-SP e Regi\u00e3o","link":"https:\/\/noticiasribeiraopreto.com.br\/index.php\/category\/noticias-de-ribeirao-preto-sp-e-regiao-ismael-colosi\/"},"img":{"alt_text":"","src":"https:\/\/i0.wp.com\/noticiasribeiraopreto.com.br\/wp-content\/uploads\/2025\/03\/ja_1063.webp.webp?fit=1170%2C700&ssl=1&resize=350%2C200","width":350,"height":200,"srcset":"https:\/\/i0.wp.com\/noticiasribeiraopreto.com.br\/wp-content\/uploads\/2025\/03\/ja_1063.webp.webp?fit=1170%2C700&ssl=1&resize=350%2C200 1x, https:\/\/i0.wp.com\/noticiasribeiraopreto.com.br\/wp-content\/uploads\/2025\/03\/ja_1063.webp.webp?fit=1170%2C700&ssl=1&resize=525%2C300 1.5x, https:\/\/i0.wp.com\/noticiasribeiraopreto.com.br\/wp-content\/uploads\/2025\/03\/ja_1063.webp.webp?fit=1170%2C700&ssl=1&resize=700%2C400 2x, https:\/\/i0.wp.com\/noticiasribeiraopreto.com.br\/wp-content\/uploads\/2025\/03\/ja_1063.webp.webp?fit=1170%2C700&ssl=1&resize=1050%2C600 3x"},"classes":[]},{"id":83782,"url":"https:\/\/noticiasribeiraopreto.com.br\/index.php\/2026\/03\/25\/servidores-rejeitam-proposta-de-reajuste-salarial-proposto-pela-prefeitura\/","url_meta":{"origin":18351,"position":2},"title":"Servidores rejeitam proposta de reajuste salarial proposto pela prefeitura","author":"noticiasribeiraopreto.com.br","date":"25 de March de 2026","format":false,"excerpt":"\r \r \r 25 de mar\u00e7o de 2026 23:10 \r Compartilhar0 Prefeitura ser\u00e1 comunicada oficialmente da rejei\u00e7\u00e3o nesta quinta-feira; servidores esperam que governo fa\u00e7a uma nova proposta Em assembleia na noite desta quarta-feira, 25 de mar\u00e7o, os servidores municipais de Ribeir\u00e3o Preto rejeitaram a proposta de reajuste salarial, oferecido pela\u2026","rel":"","context":"In &quot;Not\u00edcias de Ribeir\u00e3o Preto-SP e Regi\u00e3o&quot;","block_context":{"text":"Not\u00edcias de Ribeir\u00e3o Preto-SP e Regi\u00e3o","link":"https:\/\/noticiasribeiraopreto.com.br\/index.php\/category\/noticias-de-ribeirao-preto-sp-e-regiao-ismael-colosi\/"},"img":{"alt_text":"","src":"https:\/\/i0.wp.com\/noticiasribeiraopreto.com.br\/wp-content\/uploads\/2026\/03\/assembleia-scaled.jpeg?fit=1177%2C780&ssl=1&resize=350%2C200","width":350,"height":200,"srcset":"https:\/\/i0.wp.com\/noticiasribeiraopreto.com.br\/wp-content\/uploads\/2026\/03\/assembleia-scaled.jpeg?fit=1177%2C780&ssl=1&resize=350%2C200 1x, https:\/\/i0.wp.com\/noticiasribeiraopreto.com.br\/wp-content\/uploads\/2026\/03\/assembleia-scaled.jpeg?fit=1177%2C780&ssl=1&resize=525%2C300 1.5x, https:\/\/i0.wp.com\/noticiasribeiraopreto.com.br\/wp-content\/uploads\/2026\/03\/assembleia-scaled.jpeg?fit=1177%2C780&ssl=1&resize=700%2C400 2x, https:\/\/i0.wp.com\/noticiasribeiraopreto.com.br\/wp-content\/uploads\/2026\/03\/assembleia-scaled.jpeg?fit=1177%2C780&ssl=1&resize=1050%2C600 3x"},"classes":[]},{"id":83440,"url":"https:\/\/noticiasribeiraopreto.com.br\/index.php\/2026\/03\/18\/servidores-governo-e-sindicato-discutem-reajuste\/","url_meta":{"origin":18351,"position":3},"title":"Servidores &#8211; Governo e sindicato discutem reajuste","author":"noticiasribeiraopreto.com.br","date":"18 de March de 2026","format":false,"excerpt":"O Sindicato dos Servidores Municipais de Ribeir\u00e3o Preto, Guatapar\u00e1 e Prad\u00f3polis (SSMRPGP) e a prefeitura v\u00e3o realizar, nesta semana, a segunda reuni\u00e3o para discutir a pauta de reivindica\u00e7\u00f5es da categoria, cuja data-base \u00e9 1\u00ba de mar\u00e7o. Em 25 de fevereiro, o presidente do sindicato, Valdir Avelino, entregou a pauta de\u2026","rel":"","context":"In &quot;Not\u00edcias de Ribeir\u00e3o Preto-SP e Regi\u00e3o&quot;","block_context":{"text":"Not\u00edcias de Ribeir\u00e3o Preto-SP e Regi\u00e3o","link":"https:\/\/noticiasribeiraopreto.com.br\/index.php\/category\/noticias-de-ribeirao-preto-sp-e-regiao-ismael-colosi\/"},"img":{"alt_text":"","src":"https:\/\/i0.wp.com\/noticiasribeiraopreto.com.br\/wp-content\/uploads\/2026\/03\/SSM-RP-700-PX.jpg?fit=700%2C464&ssl=1&resize=350%2C200","width":350,"height":200,"srcset":"https:\/\/i0.wp.com\/noticiasribeiraopreto.com.br\/wp-content\/uploads\/2026\/03\/SSM-RP-700-PX.jpg?fit=700%2C464&ssl=1&resize=350%2C200 1x, https:\/\/i0.wp.com\/noticiasribeiraopreto.com.br\/wp-content\/uploads\/2026\/03\/SSM-RP-700-PX.jpg?fit=700%2C464&ssl=1&resize=525%2C300 1.5x, https:\/\/i0.wp.com\/noticiasribeiraopreto.com.br\/wp-content\/uploads\/2026\/03\/SSM-RP-700-PX.jpg?fit=700%2C464&ssl=1&resize=700%2C400 2x"},"classes":[]},{"id":66095,"url":"https:\/\/noticiasribeiraopreto.com.br\/index.php\/2025\/03\/27\/jornal-da-franca-reajuste-salarial-de-487-para-servidores-publicos-e-aprovado-pelos-vereadores\/","url_meta":{"origin":18351,"position":4},"title":"Jornal da Franca &#8211; Reajuste salarial de 4,87% para servidores p\u00fablicos \u00e9 aprovado pelos vereadores","author":"noticiasribeiraopreto.com.br","date":"27 de March de 2025","format":false,"excerpt":"compartilhar no whatsapp compartilhar no telegram compartilhar no facebook compartilhar no linkedin Dentre os principais pontos do projeto, destaca-se a concess\u00e3o da reposi\u00e7\u00e3o inflacion\u00e1ria aos servidores De autoria do Poder Executivo, os vereadores aprovaram nesta ter\u00e7a-feira o Projeto de Lei Ordin\u00e1ria n\u00ba 28\/2025 que versa sobre o reajuste salarial dos\u2026","rel":"","context":"In &quot;Not\u00edcias de Franca-SP&quot;","block_context":{"text":"Not\u00edcias de Franca-SP","link":"https:\/\/noticiasribeiraopreto.com.br\/index.php\/category\/noticias-de-ribeirao-preto-sp-e-regiao-ismael-colosi\/noticias-franca-sp\/"},"img":{"alt_text":"","src":"https:\/\/i0.wp.com\/noticiasribeiraopreto.com.br\/wp-content\/uploads\/2025\/03\/1743114568_pLENARIO-2.jpg?fit=930%2C558&ssl=1&resize=350%2C200","width":350,"height":200,"srcset":"https:\/\/i0.wp.com\/noticiasribeiraopreto.com.br\/wp-content\/uploads\/2025\/03\/1743114568_pLENARIO-2.jpg?fit=930%2C558&ssl=1&resize=350%2C200 1x, https:\/\/i0.wp.com\/noticiasribeiraopreto.com.br\/wp-content\/uploads\/2025\/03\/1743114568_pLENARIO-2.jpg?fit=930%2C558&ssl=1&resize=525%2C300 1.5x, https:\/\/i0.wp.com\/noticiasribeiraopreto.com.br\/wp-content\/uploads\/2025\/03\/1743114568_pLENARIO-2.jpg?fit=930%2C558&ssl=1&resize=700%2C400 2x"},"classes":[]},{"id":83798,"url":"https:\/\/noticiasribeiraopreto.com.br\/index.php\/2026\/03\/26\/servidores-de-ribeirao-preto-rejeitam-proposta-de-reajuste-de-511\/","url_meta":{"origin":18351,"position":5},"title":"Servidores de Ribeir\u00e3o Preto rejeitam proposta de reajuste de 5,11%","author":"noticiasribeiraopreto.com.br","date":"26 de March de 2026","format":false,"excerpt":"Os servidores municipais recusaram a proposta de reajuste salarial de 5,11% apresentada pela Prefeitura de Ribeir\u00e3o Preto. A proposta do Executivo foi discutida em assembleia do Sindicato dos Servidores, realizada na noite de quarta-feira (25). Al\u00e9m do reajuste de 5,11%, extensiva aos servidores da ativa, aposentados e pensionistas, foi proposto\u2026","rel":"","context":"In &quot;Not\u00edcias de Ribeir\u00e3o Preto-SP e Regi\u00e3o&quot;","block_context":{"text":"Not\u00edcias de Ribeir\u00e3o Preto-SP e Regi\u00e3o","link":"https:\/\/noticiasribeiraopreto.com.br\/index.php\/category\/noticias-de-ribeirao-preto-sp-e-regiao-ismael-colosi\/"},"img":{"alt_text":"","src":"https:\/\/i0.wp.com\/noticiasribeiraopreto.com.br\/wp-content\/uploads\/2026\/03\/sindicato_2026-03-26_12-56-13.webp.webp?fit=1046%2C633&ssl=1&resize=350%2C200","width":350,"height":200,"srcset":"https:\/\/i0.wp.com\/noticiasribeiraopreto.com.br\/wp-content\/uploads\/2026\/03\/sindicato_2026-03-26_12-56-13.webp.webp?fit=1046%2C633&ssl=1&resize=350%2C200 1x, https:\/\/i0.wp.com\/noticiasribeiraopreto.com.br\/wp-content\/uploads\/2026\/03\/sindicato_2026-03-26_12-56-13.webp.webp?fit=1046%2C633&ssl=1&resize=525%2C300 1.5x, https:\/\/i0.wp.com\/noticiasribeiraopreto.com.br\/wp-content\/uploads\/2026\/03\/sindicato_2026-03-26_12-56-13.webp.webp?fit=1046%2C633&ssl=1&resize=700%2C400 2x"},"classes":[]}],"jetpack_sharing_enabled":true,"jetpack_shortlink":"https:\/\/wp.me\/peQAOb-4LZ","_links":{"self":[{"href":"https:\/\/noticiasribeiraopreto.com.br\/index.php\/wp-json\/wp\/v2\/posts\/18351","targetHints":{"allow":["GET"]}}],"collection":[{"href":"https:\/\/noticiasribeiraopreto.com.br\/index.php\/wp-json\/wp\/v2\/posts"}],"about":[{"href":"https:\/\/noticiasribeiraopreto.com.br\/index.php\/wp-json\/wp\/v2\/types\/post"}],"author":[{"embeddable":true,"href":"https:\/\/noticiasribeiraopreto.com.br\/index.php\/wp-json\/wp\/v2\/users\/1"}],"replies":[{"embeddable":true,"href":"https:\/\/noticiasribeiraopreto.com.br\/index.php\/wp-json\/wp\/v2\/comments?post=18351"}],"version-history":[{"count":0,"href":"https:\/\/noticiasribeiraopreto.com.br\/index.php\/wp-json\/wp\/v2\/posts\/18351\/revisions"}],"wp:featuredmedia":[{"embeddable":true,"href":"https:\/\/noticiasribeiraopreto.com.br\/index.php\/wp-json\/wp\/v2\/media\/18352"}],"wp:attachment":[{"href":"https:\/\/noticiasribeiraopreto.com.br\/index.php\/wp-json\/wp\/v2\/media?parent=18351"}],"wp:term":[{"taxonomy":"category","embeddable":true,"href":"https:\/\/noticiasribeiraopreto.com.br\/index.php\/wp-json\/wp\/v2\/categories?post=18351"},{"taxonomy":"post_tag","embeddable":true,"href":"https:\/\/noticiasribeiraopreto.com.br\/index.php\/wp-json\/wp\/v2\/tags?post=18351"}],"curies":[{"name":"wp","href":"https:\/\/api.w.org\/{rel}","templated":true}]}}