{"id":18355,"date":"2023-12-20T09:46:23","date_gmt":"2023-12-20T12:46:23","guid":{"rendered":"https:\/\/noticiasribeiraopreto.com.br\/index.php\/2023\/12\/20\/entrevista-de-desligamento-o-que-e-e-como-funciona\/"},"modified":"2023-12-20T09:46:23","modified_gmt":"2023-12-20T12:46:23","slug":"entrevista-de-desligamento-o-que-e-e-como-funciona","status":"publish","type":"post","link":"https:\/\/noticiasribeiraopreto.com.br\/index.php\/2023\/12\/20\/entrevista-de-desligamento-o-que-e-e-como-funciona\/","title":{"rendered":"Entrevista de desligamento: o que \u00e9 e como funciona?"},"content":{"rendered":"<div class='code-block code-block-1' style='margin: 8px 0 8px auto; text-align: right; display: block; clear: both;'>\n<p><a href=\"https:\/\/wa.link\/vpicfd\"><img data-recalc-dims=\"1\" class=\"wp-image-4922\" style=\"aspect-ratio: 2.0253164556962027; width: 561px; height: auto;\" src=\"https:\/\/i0.wp.com\/ismaelcolosi.com.br\/wp-content\/uploads\/2023\/11\/grupo-de-empregos-whatsapp-e-facebook-ismael-colosi-vagas.jpg?ssl=1\" alt=\"\" \/><\/a><\/p>\n<!-- \/wp:image -->\n<\/div>\n<p> <br \/>\n<\/p>\n<div>\n<p>Se voc\u00ea est\u00e1 em processo de sa\u00edda na empresa em que trabalha, saiba que podem solicitar uma entrevista de desligamento antes do seu \u00faltimo dia. <\/p>\n<p>\u00c9 importante saber que esse bate-papo \u00e9 para saber o seu ponto de vista sobre seu per\u00edodo de trabalho e o que pode ser otimizado dentro da empresa na qual trabalhou.<\/p>\n<p>Essa entrevista n\u00e3o \u00e9 obrigat\u00f3ria, por\u00e9m pode ser uma oportunidade de mostrar melhorias de processos, setores, relacionamento e a cultura da empresa. <\/p>\n<p>Pontos que talvez pudessem comprometer seu emprego e voc\u00ea n\u00e3o tinha liberdade para informar. Entenda o que \u00e9 a entrevista de desligamento da empresa, vantagens e como deve ser conduzido.<\/p>\n<nav class=\"toc-container  active\">\n<hr\/>\n<\/nav>\n<h2 class=\"wp-block-heading\" id=\"O_que_e_entrevista_de_desligamento_da_empresa\">O que \u00e9 entrevista de desligamento da empresa?<\/h2>\n<p>A entrevista de desligamento da empresa \u00e9 realizada pelo profissional de recursos humanos aos funcion\u00e1rios que se desligaram da organiza\u00e7\u00e3o, seja de forma passiva ou ativa. <\/p>\n<p>O principal objetivo \u00e9 coletar informa\u00e7\u00f5es verdadeiras e sinceras dos ex-funcion\u00e1rios para\u00a0<strong>tra\u00e7ar melhorias na empresa.<\/strong><\/p>\n<p>Logo, se voc\u00ea j\u00e1 se desligou da empresa e solicitaram uma entrevista de desligamento, voc\u00ea pode responder \u00e0s perguntas com sinceridade. <\/p>\n<p>No entanto, independentemente do motivo do afastamento, tenha cuidado com as palavras e seja educado, afinal, voc\u00ea pode voltar a trabalhar nessa organiza\u00e7\u00e3o futuramente ou, ainda, outras podem pedir\u00a0refer\u00eancias profissionais\u00a0suas.<\/p>\n<p>Aponte pontos de melhoria do ambiente organizacional e dos problemas que teve dificuldades e n\u00e3o obteve retorno positivo de melhoria. Informe sua percep\u00e7\u00e3o sobre o relacionamento com outros colaboradores e gestores e evite falar mal dos colegas.<\/p>\n<h2 class=\"wp-block-heading\" id=\"A_entrevista_de_desligamento_e_obrigatoria\">A entrevista de desligamento \u00e9 obrigat\u00f3ria?<\/h2>\n<p>N\u00e3o, a entrevista de desligamento \u00e9 volunt\u00e1ria, ou seja, voc\u00ea n\u00e3o \u00e9 obrigado a participar e responder \u00e0s perguntas. <\/p>\n<p>Em caso de pedido de demiss\u00e3o, as empresas podem ter uma vontade maior de entender os motivos do pedido; Por isso, sempre que poss\u00edvel, participe. <\/p>\n<p>\ud83d\udc49 Leia tamb\u00e9m:\u00a0Dicas de como pesquisar por vagas mesmo trabalhando.<\/p>\n<h2 class=\"wp-block-heading\" id=\"Qual_a_importancia_da_entrevista_de_desligamento\">Qual a import\u00e2ncia da entrevista de desligamento?<\/h2>\n<p>O desligamento da empresa pode ser um momento doloroso, realizar a entrevista de desligamento permite lidar com as quest\u00f5es emocionais da situa\u00e7\u00e3o.<\/p>\n<p>Caso voc\u00ea seja ex-funcion\u00e1rio\u00a0que foi demitido\u00a0\u00e9 um momento para expressar suas emo\u00e7\u00f5es e tentar entender o motivo do desligamento para analisar e tra\u00e7ar estrat\u00e9gias profissionais posteriores.<\/p>\n<h2 class=\"wp-block-heading\" id=\"Quais_as_vantagens_de_realizar_uma_entrevista_de_desligamento\">Quais as vantagens de realizar uma entrevista de desligamento?<\/h2>\n<p>Para a empresa, a vantagem de realizar a entrevista de desligamento \u00e9 entender os motivos que fizeram o funcion\u00e1rio pedir demiss\u00e3o, ou visualizar a perspectiva do colaborador referente \u00e0 experi\u00eancia de trabalho.<\/p>\n<p>Al\u00e9m disso, esse bate papo pode ser utilizado para falar sobre o ambiente de trabalho, as rela\u00e7\u00f5es, hierarquia e ferramentas dispon\u00edveis, de forma sincera. Pontos que n\u00e3o conseguiriam entender, por ter outra rotina laborativa.<\/p>\n<p>J\u00e1 para o funcion\u00e1rio, como dissemos anteriormente, \u00e9 a chance de se expressar em um ambiente seguro com um profissional que entende a situa\u00e7\u00e3o. Al\u00e9m de saber o motivo da demiss\u00e3o para ver oportunidades de melhoria profissional.<\/p>\n<blockquote class=\"wp-block-quote\">\n<p>\ud83d\udc49 Voc\u00ea pode se interessar:\u00a0\u00c9 permitido ser demitido por chat do celular? Sim!<\/p>\n<\/blockquote>\n<h2 class=\"wp-block-heading\" id=\"Quais_sao_as_melhores_praticas_em_uma_entrevista_de_desligamento\">Quais s\u00e3o as melhores pr\u00e1ticas em uma entrevista de desligamento?<\/h2>\n<p>A entrevista de desligamento trata de assuntos delicados em um momento n\u00e3o t\u00e3o apropriado, por isso, \u00e9 importante que voc\u00ea mantenha a calma e seja justo em suas falas. <\/p>\n<p>Conhe\u00e7a dicas de como se manter confort\u00e1vel em uma entrevista de desligamento:  <\/p>\n<ul>\n<li><strong>Seja paciente:<\/strong> o recrutador apenas quer entender os seus motivos de sair dessa empresa e\/ou explicar porque voc\u00ea est\u00e1 sendo demitido. Ent\u00e3o, n\u00e3o deixe o estresse invadir essa conversa!<\/li>\n<li><strong>Seja justo: <\/strong>n\u00e3o conte apenas as coisas que te deixaram triste na empresa, reflita e ressalte coisas que colaboraram com o seu sucesso profissional.<\/li>\n<li><strong>N\u00e3o minta:<\/strong> nessa hora e nem nenhum momento \u00e9 interessante mentir. Caso esteja saindo por conta de uma outra proposta de emprego, conte a verdade e seus motivos para aceita-la.   <\/li>\n<\/ul>\n<p>Lembre-se, o time de RH apensas quer entender os seus pontos e ter a chance de explicar o que aconteceu. V\u00e1 em paz e seja amig\u00e1vel, pois amanh\u00e3 voc\u00ea poder\u00e1 ter outra oportunidade interessante nessa mesma empresa. <\/p>\n<blockquote class=\"wp-block-quote\">\n<p>\ud83d\udc49  Confira tamb\u00e9m:\u00a0Carta de demiss\u00e3o: saiba o que \u00e9 e como fazer<\/p>\n<\/blockquote>\n<h2 class=\"wp-block-heading\" id=\"Como_e_feita_a_entrevista_de_desligamento\">Como \u00e9 feita a entrevista de desligamento?<\/h2>\n<p>A entrevista de desligamento pode ser realizada presencialmente entre funcion\u00e1rio e RH, ou mediante um question\u00e1rio que pode ser respondido por e-mail ou por escrito e entregue ao setor de recursos humanos. <\/p>\n<p>O profissional de RH que conduz a conversa n\u00e3o tem a inten\u00e7\u00e3o de te julgar ou defender a empresa, deve se manter imparcial.<\/p>\n<p>A conversa pode ser direcionada de modos diferentes, dependendo se a decis\u00e3o do desligamento partiu da empresa, do funcion\u00e1rio ou ocorreu em um\u00a0layoff. <\/p>\n<p>Al\u00e9m disso, \u00e9 preciso ter um formul\u00e1rio padr\u00e3o, para que todos respondam \u00e0s mesmas perguntas e n\u00e3o haja ru\u00eddos de comunica\u00e7\u00e3o.<\/p>\n<p>\ud83d\udc49 Entenda:\u00a0Demiss\u00e3o sem justa causa: saiba o que diz a legisla\u00e7\u00e3o<\/p>\n<h2 class=\"wp-block-heading\" id=\"Perguntas_para_entrevista_de_desligamento_e_planejamento\">Perguntas para entrevista de desligamento e planejamento<\/h2>\n<p>Veja alguns exemplos de perguntas que podem constar no question\u00e1rio e se prepare:<\/p>\n<ul>\n<li>Se voc\u00ea pudesse dar uma dica para o seu setor, qual seria?<\/li>\n<li>Como era a rela\u00e7\u00e3o entre voc\u00ea e sua equipe?<\/li>\n<li>Quais s\u00e3o os pontos positivos e negativos durante seu trabalho aqui?<\/li>\n<li>Em caso de demiss\u00e3o volunt\u00e1ria: Qual o motivo da sua decis\u00e3o?<\/li>\n<li>Como voc\u00ea descreveria a cultura organizacional da empresa?<\/li>\n<li>Voc\u00ea recomendaria a empresa para amigos e familiares?<\/li>\n<\/ul>\n<p>Para as empresas, \u00e9 importante saber analisar as respostas que podem ser negativas. Veja como uma oportunidade de melhoria. <\/p>\n<p>J\u00e1 para quem se desligou,\u00a0<strong>ser sincero e mostrar a sua vis\u00e3o da empresa pode melhorar o ambiente de trabalho dos seus colegas.<\/strong><\/p>\n<p>Gostou do conte\u00fado que conta mais sobre a entrevista de desligamento? Continue navegando no blog e  aproveite para compartilhar o texto nas redes sociais. At\u00e9 a pr\u00f3xima!<\/p>\n<div id=\"banner_bottom\"><img data-recalc-dims=\"1\" decoding=\"async\" style=\"with:100%\" data-gtm-event-category=\"catho:lp-carreira-sucesso\" data-gtm-event-action=\"carreira-sucesso:banner-artigo\" data-gtm-event-label=\"botao:banner\" src=\"https:\/\/i0.wp.com\/s24534.pcdn.co\/carreira-sucesso\/wp-content\/uploads\/sites\/3\/2023\/09\/Copia-de-1430x469-1.jpeg?ssl=1\"\/><noscript><img data-recalc-dims=\"1\" decoding=\"async\" src=\"https:\/\/i0.wp.com\/s24534.pcdn.co\/carreira-sucesso\/wp-content\/uploads\/sites\/3\/2023\/09\/Copia-de-1430x469-1.jpeg?ssl=1\" style=\"with:100%\" data-gtm-event-category=\"catho:lp-carreira-sucesso\" data-gtm-event-action=\"carreira-sucesso:banner-artigo\" data-gtm-event-label=\"botao:banner\"\/><\/noscript><\/div>\n<\/p><\/div>\n<p><br \/>\n<br \/><a href=\"https:\/\/www.catho.com.br\/carreira-sucesso\/entrevista-desligamento\/\">Source link <\/a><\/p>\n<!-- CONTENT END 1 -->\n","protected":false},"excerpt":{"rendered":"<p>Se voc\u00ea est\u00e1 em processo de sa\u00edda na empresa em que trabalha, saiba que podem solicitar uma entrevista de desligamento antes do seu \u00faltimo dia&#8230;.<\/p>\n","protected":false},"author":1,"featured_media":18356,"comment_status":"open","ping_status":"open","sticky":false,"template":"","format":"standard","meta":{"advanced_seo_description":"","jetpack_seo_html_title":"","jetpack_seo_noindex":false,"jetpack_post_was_ever_published":false,"_jetpack_newsletter_access":"","_jetpack_dont_email_post_to_subs":false,"_jetpack_newsletter_tier_id":0,"_jetpack_memberships_contains_paywalled_content":false,"_jetpack_memberships_contains_paid_content":false,"footnotes":"","jetpack_publicize_message":"","jetpack_publicize_feature_enabled":true,"jetpack_social_post_already_shared":true,"jetpack_social_options":{"image_generator_settings":{"template":"highway","default_image_id":0,"font":"","enabled":false},"version":2}},"categories":[1],"tags":[],"class_list":["post-18355","post","type-post","status-publish","format-standard","has-post-thumbnail","hentry","category-blog"],"jetpack_publicize_connections":[],"jetpack_featured_media_url":"https:\/\/i0.wp.com\/noticiasribeiraopreto.com.br\/wp-content\/uploads\/2023\/12\/entrevista-de-desligamento.jpg?fit=1200%2C675&ssl=1","jetpack-related-posts":[{"id":24153,"url":"https:\/\/noticiasribeiraopreto.com.br\/index.php\/2024\/01\/03\/entrevista-de-emprego-3-perguntas-que-podem-te-reprovar-meu-valor-digital\/","url_meta":{"origin":18355,"position":0},"title":"Entrevista de emprego: 3 perguntas que podem te reprovar &#8211; Meu Valor Digital","author":"noticiasribeiraopreto.com.br","date":"3 de January de 2024","format":false,"excerpt":"A entrevista de emprego \u00e9 um dos momentos mais felizes e tensos na vida de quem est\u00e1 buscando um trabalho, feliz por saber que foi chamado para entrevista e est\u00e1 avan\u00e7ando no processo seletivo, por\u00e9m, tenso por ser um momento crucial para sua contrata\u00e7\u00e3o. O recrutador utilizar\u00e1 algumas perguntas para\u2026","rel":"","context":"In &quot;Vagas de Emprego em Ribeir\u00e3o Preto-SP&quot;","block_context":{"text":"Vagas de Emprego em Ribeir\u00e3o Preto-SP","link":"https:\/\/noticiasribeiraopreto.com.br\/index.php\/category\/empregos-classificados-vagas-trabalho\/vagas-de-empregos-em-ribeirao-preto-regiao-brasil\/"},"img":{"alt_text":"","src":"https:\/\/i0.wp.com\/noticiasribeiraopreto.com.br\/wp-content\/uploads\/2024\/01\/Entrevista-de-emprego-1.jpg?fit=1200%2C773&ssl=1&resize=350%2C200","width":350,"height":200,"srcset":"https:\/\/i0.wp.com\/noticiasribeiraopreto.com.br\/wp-content\/uploads\/2024\/01\/Entrevista-de-emprego-1.jpg?fit=1200%2C773&ssl=1&resize=350%2C200 1x, https:\/\/i0.wp.com\/noticiasribeiraopreto.com.br\/wp-content\/uploads\/2024\/01\/Entrevista-de-emprego-1.jpg?fit=1200%2C773&ssl=1&resize=525%2C300 1.5x, https:\/\/i0.wp.com\/noticiasribeiraopreto.com.br\/wp-content\/uploads\/2024\/01\/Entrevista-de-emprego-1.jpg?fit=1200%2C773&ssl=1&resize=700%2C400 2x, https:\/\/i0.wp.com\/noticiasribeiraopreto.com.br\/wp-content\/uploads\/2024\/01\/Entrevista-de-emprego-1.jpg?fit=1200%2C773&ssl=1&resize=1050%2C600 3x"},"classes":[]},{"id":54219,"url":"https:\/\/noticiasribeiraopreto.com.br\/index.php\/2024\/07\/05\/pedir-demissao-na-experiencia-paga-multa-entenda-a-lei\/","url_meta":{"origin":18355,"position":1},"title":"Pedir demiss\u00e3o na experi\u00eancia paga multa? Entenda a lei","author":"noticiasribeiraopreto.com.br","date":"5 de July de 2024","format":false,"excerpt":"Quando nos perguntamos se pedir demiss\u00e3o na experi\u00eancia paga multa, a resposta \u00e9 \u201cdepende\u201d. O per\u00edodo de adapta\u00e7\u00e3o \u00e9 crucial para voc\u00ea entender se voc\u00ea se encaixa na fun\u00e7\u00e3o e combina com a cultura organizacional da empresa. Em alguns casos, tamb\u00e9m serve para voc\u00ea entender que aquela n\u00e3o \u00e9 a\u2026","rel":"","context":"In &quot;Blog&quot;","block_context":{"text":"Blog","link":"https:\/\/noticiasribeiraopreto.com.br\/index.php\/category\/blog\/"},"img":{"alt_text":"","src":"https:\/\/i0.wp.com\/noticiasribeiraopreto.com.br\/wp-content\/uploads\/2024\/07\/Pedir-demissao-na-experiencia-paga-multa.png?fit=1200%2C627&ssl=1&resize=350%2C200","width":350,"height":200,"srcset":"https:\/\/i0.wp.com\/noticiasribeiraopreto.com.br\/wp-content\/uploads\/2024\/07\/Pedir-demissao-na-experiencia-paga-multa.png?fit=1200%2C627&ssl=1&resize=350%2C200 1x, https:\/\/i0.wp.com\/noticiasribeiraopreto.com.br\/wp-content\/uploads\/2024\/07\/Pedir-demissao-na-experiencia-paga-multa.png?fit=1200%2C627&ssl=1&resize=525%2C300 1.5x, https:\/\/i0.wp.com\/noticiasribeiraopreto.com.br\/wp-content\/uploads\/2024\/07\/Pedir-demissao-na-experiencia-paga-multa.png?fit=1200%2C627&ssl=1&resize=700%2C400 2x, https:\/\/i0.wp.com\/noticiasribeiraopreto.com.br\/wp-content\/uploads\/2024\/07\/Pedir-demissao-na-experiencia-paga-multa.png?fit=1200%2C627&ssl=1&resize=1050%2C600 3x"},"classes":[]},{"id":37154,"url":"https:\/\/noticiasribeiraopreto.com.br\/index.php\/2024\/02\/14\/o-que-responder-em-uma-entrevista-de-emprego-sobre-o-futuro\/","url_meta":{"origin":18355,"position":2},"title":"O que responder em uma entrevista de emprego sobre o futuro","author":"noticiasribeiraopreto.com.br","date":"14 de February de 2024","format":false,"excerpt":"O que responder em uma entrevista de emprego? Essa d\u00favida \u00e9 muito comum a quem participa de processos seletivos. Afinal, existem diversas perguntas para as quais, se voc\u00ea n\u00e3o estiver preparado, n\u00e3o conseguir\u00e1 se destacar e conquistar a t\u00e3o sonhada vaga. Um dos questionamentos cruciais da entrevista \u00e9 a famosa:\u2026","rel":"","context":"In &quot;Blog&quot;","block_context":{"text":"Blog","link":"https:\/\/noticiasribeiraopreto.com.br\/index.php\/category\/blog\/"},"img":{"alt_text":"","src":"https:\/\/i0.wp.com\/noticiasribeiraopreto.com.br\/wp-content\/uploads\/2024\/02\/o-que-responder-em-uma-entrevista-de-emprego.jpg?fit=1200%2C675&ssl=1&resize=350%2C200","width":350,"height":200,"srcset":"https:\/\/i0.wp.com\/noticiasribeiraopreto.com.br\/wp-content\/uploads\/2024\/02\/o-que-responder-em-uma-entrevista-de-emprego.jpg?fit=1200%2C675&ssl=1&resize=350%2C200 1x, https:\/\/i0.wp.com\/noticiasribeiraopreto.com.br\/wp-content\/uploads\/2024\/02\/o-que-responder-em-uma-entrevista-de-emprego.jpg?fit=1200%2C675&ssl=1&resize=525%2C300 1.5x, https:\/\/i0.wp.com\/noticiasribeiraopreto.com.br\/wp-content\/uploads\/2024\/02\/o-que-responder-em-uma-entrevista-de-emprego.jpg?fit=1200%2C675&ssl=1&resize=700%2C400 2x, https:\/\/i0.wp.com\/noticiasribeiraopreto.com.br\/wp-content\/uploads\/2024\/02\/o-que-responder-em-uma-entrevista-de-emprego.jpg?fit=1200%2C675&ssl=1&resize=1050%2C600 3x"},"classes":[]},{"id":17367,"url":"https:\/\/noticiasribeiraopreto.com.br\/index.php\/2023\/12\/18\/entrevista-de-fit-cultural-saiba-como-se-preparar\/","url_meta":{"origin":18355,"position":3},"title":"Entrevista de fit cultural: saiba como se preparar!","author":"noticiasribeiraopreto.com.br","date":"18 de December de 2023","format":false,"excerpt":"Voc\u00ea j\u00e1 trabalhou em uma empresa que era completamente diferente dos seus valores e comportamento organizacional? Por isso, o fit cultural vem sendo amplamente utilizado nos processos seletivos. Conhecendo os valores, miss\u00e3o e comportamento da empresa, \u00e9 mais assertivo selecionar candidatos que tenham esse tipo de perfil, melhorando a motiva\u00e7\u00e3o,\u2026","rel":"","context":"In &quot;Blog&quot;","block_context":{"text":"Blog","link":"https:\/\/noticiasribeiraopreto.com.br\/index.php\/category\/blog\/"},"img":{"alt_text":"","src":"https:\/\/i0.wp.com\/noticiasribeiraopreto.com.br\/wp-content\/uploads\/2023\/12\/fit-cultural.jpg?fit=1200%2C675&ssl=1&resize=350%2C200","width":350,"height":200,"srcset":"https:\/\/i0.wp.com\/noticiasribeiraopreto.com.br\/wp-content\/uploads\/2023\/12\/fit-cultural.jpg?fit=1200%2C675&ssl=1&resize=350%2C200 1x, https:\/\/i0.wp.com\/noticiasribeiraopreto.com.br\/wp-content\/uploads\/2023\/12\/fit-cultural.jpg?fit=1200%2C675&ssl=1&resize=525%2C300 1.5x, https:\/\/i0.wp.com\/noticiasribeiraopreto.com.br\/wp-content\/uploads\/2023\/12\/fit-cultural.jpg?fit=1200%2C675&ssl=1&resize=700%2C400 2x, https:\/\/i0.wp.com\/noticiasribeiraopreto.com.br\/wp-content\/uploads\/2023\/12\/fit-cultural.jpg?fit=1200%2C675&ssl=1&resize=1050%2C600 3x"},"classes":[]},{"id":49101,"url":"https:\/\/noticiasribeiraopreto.com.br\/index.php\/2024\/05\/08\/descubra-tudo-o-que-voce-precisa-saber\/","url_meta":{"origin":18355,"position":4},"title":"descubra tudo o que voc\u00ea precisa saber","author":"noticiasribeiraopreto.com.br","date":"8 de May de 2024","format":false,"excerpt":"Ao longo do processo de recrutamento para uma vaga, o candidato passa por v\u00e1rias etapas: s\u00e3o testes, avalia\u00e7\u00f5es, conversas com o RH at\u00e9 chegar \u00e0 t\u00e3o temida entrevista com o gestor. Mas saiba que ela n\u00e3o tem nada de assustadora e a chave do sucesso \u00e9 se preparar. Desapegue da\u2026","rel":"","context":"In &quot;Blog&quot;","block_context":{"text":"Blog","link":"https:\/\/noticiasribeiraopreto.com.br\/index.php\/category\/blog\/"},"img":{"alt_text":"","src":"https:\/\/i0.wp.com\/noticiasribeiraopreto.com.br\/wp-content\/uploads\/2024\/05\/Entrevista-com-o-gestor.png?fit=1200%2C627&ssl=1&resize=350%2C200","width":350,"height":200,"srcset":"https:\/\/i0.wp.com\/noticiasribeiraopreto.com.br\/wp-content\/uploads\/2024\/05\/Entrevista-com-o-gestor.png?fit=1200%2C627&ssl=1&resize=350%2C200 1x, https:\/\/i0.wp.com\/noticiasribeiraopreto.com.br\/wp-content\/uploads\/2024\/05\/Entrevista-com-o-gestor.png?fit=1200%2C627&ssl=1&resize=525%2C300 1.5x, https:\/\/i0.wp.com\/noticiasribeiraopreto.com.br\/wp-content\/uploads\/2024\/05\/Entrevista-com-o-gestor.png?fit=1200%2C627&ssl=1&resize=700%2C400 2x, https:\/\/i0.wp.com\/noticiasribeiraopreto.com.br\/wp-content\/uploads\/2024\/05\/Entrevista-com-o-gestor.png?fit=1200%2C627&ssl=1&resize=1050%2C600 3x"},"classes":[]},{"id":55677,"url":"https:\/\/noticiasribeiraopreto.com.br\/index.php\/2024\/08\/05\/saiba-como-se-apresentar-em-uma-entrevista-de-emprego\/","url_meta":{"origin":18355,"position":5},"title":"Saiba como se apresentar em uma entrevista de emprego","author":"noticiasribeiraopreto.com.br","date":"5 de August de 2024","format":false,"excerpt":"Para perder a ansiedade e mandar bem no processo seletivo, uma etapa importante \u00e9 saber como se apresentar em uma entrevista de emprego. Por isso, selecionamos algumas estrat\u00e9gias para voc\u00ea se sentir mais confort\u00e1vel e preparado para esse momento decisivo na busca por uma vaga de emprego. Continue a leitura\u2026","rel":"","context":"In &quot;Blog&quot;","block_context":{"text":"Blog","link":"https:\/\/noticiasribeiraopreto.com.br\/index.php\/category\/blog\/"},"img":{"alt_text":"","src":"https:\/\/i0.wp.com\/noticiasribeiraopreto.com.br\/wp-content\/uploads\/2024\/08\/Como-se-apresentar-em-uma-entrevista-de-emprego.png?fit=1200%2C675&ssl=1&resize=350%2C200","width":350,"height":200,"srcset":"https:\/\/i0.wp.com\/noticiasribeiraopreto.com.br\/wp-content\/uploads\/2024\/08\/Como-se-apresentar-em-uma-entrevista-de-emprego.png?fit=1200%2C675&ssl=1&resize=350%2C200 1x, https:\/\/i0.wp.com\/noticiasribeiraopreto.com.br\/wp-content\/uploads\/2024\/08\/Como-se-apresentar-em-uma-entrevista-de-emprego.png?fit=1200%2C675&ssl=1&resize=525%2C300 1.5x, https:\/\/i0.wp.com\/noticiasribeiraopreto.com.br\/wp-content\/uploads\/2024\/08\/Como-se-apresentar-em-uma-entrevista-de-emprego.png?fit=1200%2C675&ssl=1&resize=700%2C400 2x, https:\/\/i0.wp.com\/noticiasribeiraopreto.com.br\/wp-content\/uploads\/2024\/08\/Como-se-apresentar-em-uma-entrevista-de-emprego.png?fit=1200%2C675&ssl=1&resize=1050%2C600 3x"},"classes":[]}],"jetpack_sharing_enabled":true,"jetpack_shortlink":"https:\/\/wp.me\/peQAOb-4M3","_links":{"self":[{"href":"https:\/\/noticiasribeiraopreto.com.br\/index.php\/wp-json\/wp\/v2\/posts\/18355","targetHints":{"allow":["GET"]}}],"collection":[{"href":"https:\/\/noticiasribeiraopreto.com.br\/index.php\/wp-json\/wp\/v2\/posts"}],"about":[{"href":"https:\/\/noticiasribeiraopreto.com.br\/index.php\/wp-json\/wp\/v2\/types\/post"}],"author":[{"embeddable":true,"href":"https:\/\/noticiasribeiraopreto.com.br\/index.php\/wp-json\/wp\/v2\/users\/1"}],"replies":[{"embeddable":true,"href":"https:\/\/noticiasribeiraopreto.com.br\/index.php\/wp-json\/wp\/v2\/comments?post=18355"}],"version-history":[{"count":0,"href":"https:\/\/noticiasribeiraopreto.com.br\/index.php\/wp-json\/wp\/v2\/posts\/18355\/revisions"}],"wp:featuredmedia":[{"embeddable":true,"href":"https:\/\/noticiasribeiraopreto.com.br\/index.php\/wp-json\/wp\/v2\/media\/18356"}],"wp:attachment":[{"href":"https:\/\/noticiasribeiraopreto.com.br\/index.php\/wp-json\/wp\/v2\/media?parent=18355"}],"wp:term":[{"taxonomy":"category","embeddable":true,"href":"https:\/\/noticiasribeiraopreto.com.br\/index.php\/wp-json\/wp\/v2\/categories?post=18355"},{"taxonomy":"post_tag","embeddable":true,"href":"https:\/\/noticiasribeiraopreto.com.br\/index.php\/wp-json\/wp\/v2\/tags?post=18355"}],"curies":[{"name":"wp","href":"https:\/\/api.w.org\/{rel}","templated":true}]}}