{"id":18368,"date":"2023-12-20T10:29:29","date_gmt":"2023-12-20T13:29:29","guid":{"rendered":"https:\/\/noticiasribeiraopreto.com.br\/index.php\/2023\/12\/20\/saiu-edital-para-promotor-remuneracao-de-r-339-mil\/"},"modified":"2023-12-20T10:29:29","modified_gmt":"2023-12-20T13:29:29","slug":"saiu-edital-para-promotor-remuneracao-de-r-339-mil","status":"publish","type":"post","link":"https:\/\/noticiasribeiraopreto.com.br\/index.php\/2023\/12\/20\/saiu-edital-para-promotor-remuneracao-de-r-339-mil\/","title":{"rendered":"saiu edital para promotor; remunera\u00e7\u00e3o de R$ 33,9 mil"},"content":{"rendered":"<div class='code-block code-block-1' style='margin: 8px 0 8px auto; text-align: right; display: block; clear: both;'>\n<p><a href=\"https:\/\/wa.link\/vpicfd\"><img data-recalc-dims=\"1\" class=\"wp-image-4922\" style=\"aspect-ratio: 2.0253164556962027; width: 561px; height: auto;\" src=\"https:\/\/i0.wp.com\/ismaelcolosi.com.br\/wp-content\/uploads\/2023\/11\/grupo-de-empregos-whatsapp-e-facebook-ismael-colosi-vagas.jpg?ssl=1\" alt=\"\" \/><\/a><\/p>\n<!-- \/wp:image -->\n<\/div>\n<p> <br \/>\n<\/p>\n<div>\n<p>O edital do <strong><a href=\"https:\/\/jcconcursos.com.br\/concurso\/concurso-mp-rj-78746\" rel=\"noopener\" target=\"_blank\">concurso do MP RJ<\/a><\/strong> (Minist\u00e9rio P\u00fablico do Estado do Rio de Janeiro) foi publicado no Di\u00e1rio Oficial Eletr\u00f4nico desta quarta-feira, dia 20 de dezembro. O certame oferece 12 vagas para a carreira de promotor de justi\u00e7a substituto, al\u00e9m de forma\u00e7\u00e3o de cadastro reserva.<\/p>\n<p>Para concorrer ao posto, o candidato deve possuir <a href=\"https:\/\/jcconcursos.com.br\/concursos\/nivel-escolar\/superior\" rel=\"noopener\" target=\"_blank\">forma\u00e7\u00e3o de n\u00edvel superior em direito<\/a> e comprovar o exerc\u00edcio de tr\u00eas anos, no m\u00ednimo, de atividade jur\u00eddica. O subs\u00eddio \u00e9 de R$ 33.924,92.<\/p>\n<p>A inscri\u00e7\u00e3o provis\u00f3ria ser\u00e1 recebida <span style=\"text-decoration: underline;\">entre os dias 2 de janeiro e 8 de fevereiro de 2024<\/span>, exclusivamente pela internet, atrav\u00e9s do site da Funda\u00e7\u00e3o Vunesp (<a href=\"http:\/\/www.vunesp.com.br\/\" rel=\"noopener\" target=\"_blank\">www.vunesp.com.br<\/a>), banca organizadora do processo de sele\u00e7\u00e3o.<\/p>\n<p>Ap\u00f3s concluir o cadastro, o candidato dever\u00e1 imprimir o boleto banc\u00e1rio referente a taxa de participa\u00e7\u00e3o, no valor de R$ 300, e efetuar o seu pagamento at\u00e9 a data limite do prazo, observado o hor\u00e1rio de funcionamento do banco.<\/p>\n<h2>Veja quais provas ser\u00e3o aplicadas<\/h2>\n<p>O concurso do MP RJ ser\u00e1 constitu\u00eddo de sete etapas:<\/p>\n<ol style=\"list-style-type: upper-roman;\">\n<li>inscri\u00e7\u00e3o provis\u00f3ria;<\/li>\n<li>prova preambular, composta por quest\u00f5es objetivas de m\u00faltipla escolha, de car\u00e1ter eliminat\u00f3rio e classificat\u00f3rio;<\/li>\n<li>provas escritas especializadas, de car\u00e1ter eliminat\u00f3rio e classificat\u00f3rio;<\/li>\n<li>inscri\u00e7\u00e3o definitiva, investiga\u00e7\u00e3o social e de higidez f\u00edsica e mental, de car\u00e1ter eliminat\u00f3rio;<\/li>\n<li>provas orais, de car\u00e1ter eliminat\u00f3rio e classificat\u00f3rio;<\/li>\n<li>prova de t\u00edtulos, de car\u00e1ter classificat\u00f3rio; e<\/li>\n<li>prova escrita de l\u00edngua portuguesa, de car\u00e1ter classificat\u00f3rio.<\/li>\n<\/ol>\n<p>As provas ser\u00e3o aplicadas em dias, hor\u00e1rios e locais definidos pela comiss\u00e3o de concurso, a partir de convoca\u00e7\u00f5es feitas por meio de avisos em publica\u00e7\u00e3o oficial.<\/p>\n<p>+ O JC Concursos disponibiliza mais detalhes sobre o edital, como atribui\u00e7\u00f5es, conte\u00fado program\u00e1tico e cronograma, na <a href=\"https:\/\/jcconcursos.com.br\/concurso\/concurso-mp-rj-78746\" rel=\"noopener\" target=\"_blank\">p\u00e1gina do concurso do MP RJ<\/a>.<\/p>\n<p><em>* Not\u00edcia \u00fatil para o Estado do Rio de Janeiro. Confira <a href=\"https:\/\/jcconcursos.com.br\/concursos\/rj\" rel=\"noopener\" target=\"_blank\">mais informa\u00e7\u00f5es sobre a regi\u00e3o aqui<\/a>.<\/em><\/p>\n<p><a id=\"gnews_btn\" href=\"https:\/\/news.google.com\/publications\/CAAqBwgKMOixlQswuZWrAw\" target=\"_blank\" class=\"border_jc_blue link_hover_bg_jc_blue font_85 d-block d-md-inline-block px-2 py-1 mr-0 mr-md-2 mb-3 w-100 text-center\" rel=\"noopener\"><span class=\"text_jc_blue\">Siga o <strong>JC Concursos no Google News<\/strong><\/span><\/a><\/p>\n<h2>Sobre Vunesp <\/h2>\n<p style=\"text-align: left;\">Criada em 1979, a Funda\u00e7\u00e3o para o Vestibular da Universidade Estadual Paulista (Vunesp) possui personalidade jur\u00eddica de direito privado, sem fins lucrativos. A banca tem como principais atividades: planejar, organizar, executar e supervisionar o\u00a0 vestibular da Unesp; realizar vestibulares e concursos diversos para outras institui\u00e7\u00f5es e promover as atividades de pesquisa e extens\u00e3o de servi\u00e7os \u00e0 comunidade, na \u00e1rea educacional.<\/p>\n<p><span id=\"resumo\" class=\"anchor_link\"\/><a href=\"https:\/\/jcconcursos.com.br\/\" class=\"badge badge-light\">concursos publicos<\/a><a href=\"https:\/\/jcconcursos.com.br\/concursos\/inscricoes-abertas\" class=\"badge badge-light\">concursos abertos<\/a><a href=\"https:\/\/jcconcursos.com.br\/concursos\/rj\" class=\"badge badge-light\">concursos rj (rio de janeiro)<\/a><a href=\"https:\/\/jcconcursos.com.br\/provas\/por-orgao\" class=\"badge badge-light\">provas anteriores<\/a><\/p>\n<\/div>\n<p><br \/>\n<br \/><a href=\"https:\/\/ismaelcolosi.com.br\/saiu-edital-para-promotor-remuneracao-de-r-339-mil\/\">Source link <\/a><\/p>\n<!-- CONTENT END 1 -->\n","protected":false},"excerpt":{"rendered":"<p>O edital do concurso do MP RJ (Minist\u00e9rio P\u00fablico do Estado do Rio de Janeiro) foi publicado no Di\u00e1rio Oficial Eletr\u00f4nico desta quarta-feira, dia 20&#8230;<\/p>\n","protected":false},"author":1,"featured_media":18369,"comment_status":"open","ping_status":"open","sticky":false,"template":"","format":"standard","meta":{"advanced_seo_description":"","jetpack_seo_html_title":"","jetpack_seo_noindex":false,"jetpack_post_was_ever_published":false,"_jetpack_newsletter_access":"","_jetpack_dont_email_post_to_subs":false,"_jetpack_newsletter_tier_id":0,"_jetpack_memberships_contains_paywalled_content":false,"_jetpack_memberships_contains_paid_content":false,"footnotes":"","jetpack_publicize_message":"","jetpack_publicize_feature_enabled":true,"jetpack_social_post_already_shared":true,"jetpack_social_options":{"image_generator_settings":{"template":"highway","default_image_id":0,"font":"","enabled":false},"version":2}},"categories":[7],"tags":[],"class_list":["post-18368","post","type-post","status-publish","format-standard","has-post-thumbnail","hentry","category-vagas-de-empregos-em-ribeirao-preto-regiao-brasil"],"jetpack_publicize_connections":[],"jetpack_featured_media_url":"https:\/\/i0.wp.com\/noticiasribeiraopreto.com.br\/wp-content\/uploads\/2023\/12\/concurso-mp-rj-credito-fernando-frazao-agencia-brasil.jpg?fit=1920%2C1080&ssl=1","jetpack-related-posts":[{"id":30135,"url":"https:\/\/noticiasribeiraopreto.com.br\/index.php\/2024\/01\/20\/prefeitura-abre-concurso-com-10-vagas-para-fiscal-fazendario\/","url_meta":{"origin":18368,"position":0},"title":"Prefeitura abre concurso com 10 vagas para Fiscal Fazend\u00e1rio","author":"noticiasribeiraopreto.com.br","date":"20 de January de 2024","format":false,"excerpt":"20 de janeiro de 2024 | 10:0019 de janeiro de 2024 | 20:08 0A prefeitura de Ribeir\u00e3o Preto publicou nesta sexta-feira, 19 de janeiro, o edital de abertura do concurso n\u00ba 01\/2024, com 10 vagas para o cargo de Fiscal Fazend\u00e1rio. O sal\u00e1rio oferecido \u00e9 de R$ 8.852,98 por 40\u2026","rel":"","context":"In &quot;Not\u00edcias de Ribeir\u00e3o Preto-SP e Regi\u00e3o&quot;","block_context":{"text":"Not\u00edcias de Ribeir\u00e3o Preto-SP e Regi\u00e3o","link":"https:\/\/noticiasribeiraopreto.com.br\/index.php\/category\/noticias-de-ribeirao-preto-sp-e-regiao-ismael-colosi\/"},"img":{"alt_text":"","src":"https:\/\/i0.wp.com\/noticiasribeiraopreto.com.br\/wp-content\/uploads\/2024\/01\/concurso_publico_1-scaled.jpeg?fit=967%2C645&ssl=1&resize=350%2C200","width":350,"height":200,"srcset":"https:\/\/i0.wp.com\/noticiasribeiraopreto.com.br\/wp-content\/uploads\/2024\/01\/concurso_publico_1-scaled.jpeg?fit=967%2C645&ssl=1&resize=350%2C200 1x, https:\/\/i0.wp.com\/noticiasribeiraopreto.com.br\/wp-content\/uploads\/2024\/01\/concurso_publico_1-scaled.jpeg?fit=967%2C645&ssl=1&resize=525%2C300 1.5x, https:\/\/i0.wp.com\/noticiasribeiraopreto.com.br\/wp-content\/uploads\/2024\/01\/concurso_publico_1-scaled.jpeg?fit=967%2C645&ssl=1&resize=700%2C400 2x"},"classes":[]},{"id":23794,"url":"https:\/\/noticiasribeiraopreto.com.br\/index.php\/2024\/01\/03\/urgente-suspensas-as-inscricoes-do-concurso-petrobras-para-6-412-vagas\/","url_meta":{"origin":18368,"position":1},"title":"Urgente! Suspensas as inscri\u00e7\u00f5es do concurso Petrobras para 6.412 vagas","author":"noticiasribeiraopreto.com.br","date":"3 de January de 2024","format":false,"excerpt":"As inscri\u00e7\u00f5es do concurso Petrobras, para o preenchimento de 6.412 vagas para t\u00e9cnicos de ensino m\u00e9dio em diversas \u00e1reas de atua\u00e7\u00e3o, est\u00e3o suspensas. A confirma\u00e7\u00e3o foi feita por meio de documento publicado no di\u00e1rio oficial da Uni\u00e3o desta quarta-feira, 3 de janeiro. Do total de oportunidades, 916 s\u00e3o para contrata\u00e7\u00e3o\u2026","rel":"","context":"In &quot;Vagas de Emprego em Ribeir\u00e3o Preto-SP&quot;","block_context":{"text":"Vagas de Emprego em Ribeir\u00e3o Preto-SP","link":"https:\/\/noticiasribeiraopreto.com.br\/index.php\/category\/empregos-classificados-vagas-trabalho\/vagas-de-empregos-em-ribeirao-preto-regiao-brasil\/"},"img":{"alt_text":"","src":"https:\/\/i0.wp.com\/noticiasribeiraopreto.com.br\/wp-content\/uploads\/2024\/01\/quadro-vagas-petrobras-edital-2-2023.jpg?fit=564%2C930&ssl=1&resize=350%2C200","width":350,"height":200,"srcset":"https:\/\/i0.wp.com\/noticiasribeiraopreto.com.br\/wp-content\/uploads\/2024\/01\/quadro-vagas-petrobras-edital-2-2023.jpg?fit=564%2C930&ssl=1&resize=350%2C200 1x, https:\/\/i0.wp.com\/noticiasribeiraopreto.com.br\/wp-content\/uploads\/2024\/01\/quadro-vagas-petrobras-edital-2-2023.jpg?fit=564%2C930&ssl=1&resize=525%2C300 1.5x"},"classes":[]},{"id":15528,"url":"https:\/\/noticiasribeiraopreto.com.br\/index.php\/2023\/12\/13\/publicado-concurso-publico-com-38-vagas\/","url_meta":{"origin":18368,"position":2},"title":"publicado concurso p\u00fablico com 38 vagas","author":"noticiasribeiraopreto.com.br","date":"13 de December de 2023","format":false,"excerpt":"Saiu o edital do concurso da C\u00e2mara de Cabo Frio, situada no estado do Rio de Janeiro. Est\u00e3o em disputa 38 vagas efetivas, sendo uma reservada a pessoas com defici\u00eancia e sete aos negros e \u00edndios. Candidatos que conclu\u00edram o ensino fundamental podem se inscrever para as fun\u00e7\u00f5es de motorista\u2026","rel":"","context":"In &quot;Vagas de Emprego em Ribeir\u00e3o Preto-SP&quot;","block_context":{"text":"Vagas de Emprego em Ribeir\u00e3o Preto-SP","link":"https:\/\/noticiasribeiraopreto.com.br\/index.php\/category\/empregos-classificados-vagas-trabalho\/vagas-de-empregos-em-ribeirao-preto-regiao-brasil\/"},"img":{"alt_text":"","src":"https:\/\/i0.wp.com\/noticiasribeiraopreto.com.br\/wp-content\/uploads\/2023\/12\/concurso-camara-cabo-frio-divulgacao-1.jpg?fit=1200%2C675&ssl=1&resize=350%2C200","width":350,"height":200,"srcset":"https:\/\/i0.wp.com\/noticiasribeiraopreto.com.br\/wp-content\/uploads\/2023\/12\/concurso-camara-cabo-frio-divulgacao-1.jpg?fit=1200%2C675&ssl=1&resize=350%2C200 1x, https:\/\/i0.wp.com\/noticiasribeiraopreto.com.br\/wp-content\/uploads\/2023\/12\/concurso-camara-cabo-frio-divulgacao-1.jpg?fit=1200%2C675&ssl=1&resize=525%2C300 1.5x, https:\/\/i0.wp.com\/noticiasribeiraopreto.com.br\/wp-content\/uploads\/2023\/12\/concurso-camara-cabo-frio-divulgacao-1.jpg?fit=1200%2C675&ssl=1&resize=700%2C400 2x, https:\/\/i0.wp.com\/noticiasribeiraopreto.com.br\/wp-content\/uploads\/2023\/12\/concurso-camara-cabo-frio-divulgacao-1.jpg?fit=1200%2C675&ssl=1&resize=1050%2C600 3x"},"classes":[]},{"id":17766,"url":"https:\/\/noticiasribeiraopreto.com.br\/index.php\/2023\/12\/19\/saiu-edital-para-mp-74-vagas-com-salarios-que-passam-dos-r-30-mil\/","url_meta":{"origin":18368,"position":3},"title":"SAIU edital para MP: 74 vagas com sal\u00e1rios que passam dos R$ 30 mil","author":"noticiasribeiraopreto.com.br","date":"19 de December de 2023","format":false,"excerpt":"Candidatos interessados em concorrer a uma das vagas devem realizar a inscri\u00e7\u00e3o a partir de fevereiro. Mais uma \u00f3tima oportunidade saindo nesta semana. Desta vez, as vagas s\u00e3o destinadas a um novo concurso p\u00fablico para o Minist\u00e9rio P\u00fablico. O certame visa contrata\u00e7\u00e3o de profissionais com n\u00edvel superior. A banca respons\u00e1vel\u2026","rel":"","context":"In &quot;Vagas de Emprego em Ribeir\u00e3o Preto-SP&quot;","block_context":{"text":"Vagas de Emprego em Ribeir\u00e3o Preto-SP","link":"https:\/\/noticiasribeiraopreto.com.br\/index.php\/category\/empregos-classificados-vagas-trabalho\/vagas-de-empregos-em-ribeirao-preto-regiao-brasil\/"},"img":{"alt_text":"","src":"https:\/\/i0.wp.com\/noticiasribeiraopreto.com.br\/wp-content\/uploads\/2023\/12\/noticiasconcursos.com_.br-saiu-edital-para-mp-74-vagas-com-salarios-que-passam-dos-r-30-mil-mp-ro-corpo-divulgacao.jpg?fit=1200%2C690&ssl=1&resize=350%2C200","width":350,"height":200,"srcset":"https:\/\/i0.wp.com\/noticiasribeiraopreto.com.br\/wp-content\/uploads\/2023\/12\/noticiasconcursos.com_.br-saiu-edital-para-mp-74-vagas-com-salarios-que-passam-dos-r-30-mil-mp-ro-corpo-divulgacao.jpg?fit=1200%2C690&ssl=1&resize=350%2C200 1x, https:\/\/i0.wp.com\/noticiasribeiraopreto.com.br\/wp-content\/uploads\/2023\/12\/noticiasconcursos.com_.br-saiu-edital-para-mp-74-vagas-com-salarios-que-passam-dos-r-30-mil-mp-ro-corpo-divulgacao.jpg?fit=1200%2C690&ssl=1&resize=525%2C300 1.5x, https:\/\/i0.wp.com\/noticiasribeiraopreto.com.br\/wp-content\/uploads\/2023\/12\/noticiasconcursos.com_.br-saiu-edital-para-mp-74-vagas-com-salarios-que-passam-dos-r-30-mil-mp-ro-corpo-divulgacao.jpg?fit=1200%2C690&ssl=1&resize=700%2C400 2x, https:\/\/i0.wp.com\/noticiasribeiraopreto.com.br\/wp-content\/uploads\/2023\/12\/noticiasconcursos.com_.br-saiu-edital-para-mp-74-vagas-com-salarios-que-passam-dos-r-30-mil-mp-ro-corpo-divulgacao.jpg?fit=1200%2C690&ssl=1&resize=1050%2C600 3x"},"classes":[]},{"id":20853,"url":"https:\/\/noticiasribeiraopreto.com.br\/index.php\/2023\/12\/26\/inscricao-aberta-para-760-vagas-2\/","url_meta":{"origin":18368,"position":4},"title":"inscri\u00e7\u00e3o aberta para 760 vagas","author":"noticiasribeiraopreto.com.br","date":"26 de December de 2023","format":false,"excerpt":"J\u00e1 est\u00e3o abertas as inscri\u00e7\u00f5es do concurso da Prefeitura de S\u00e3o Fid\u00e9lis, situada no estado do Rio de Janeiro. Ao todo, ser\u00e3o preenchidas 760 vagas, sendo 255 para contrata\u00e7\u00e3o imediata e 505 para forma\u00e7\u00e3o de cadastro reserva (CR). Das ofertas imediatas, 16 s\u00e3o reservadas a pessoas com defici\u00eancia. Oportunidades s\u00e3o\u2026","rel":"","context":"In &quot;Vagas de Emprego em Ribeir\u00e3o Preto-SP&quot;","block_context":{"text":"Vagas de Emprego em Ribeir\u00e3o Preto-SP","link":"https:\/\/noticiasribeiraopreto.com.br\/index.php\/category\/empregos-classificados-vagas-trabalho\/vagas-de-empregos-em-ribeirao-preto-regiao-brasil\/"},"img":{"alt_text":"","src":"https:\/\/i0.wp.com\/noticiasribeiraopreto.com.br\/wp-content\/uploads\/2023\/12\/concurso-sao-fidelis-rj-quadro-cargos-2023.jpg?fit=843%2C634&ssl=1&resize=350%2C200","width":350,"height":200,"srcset":"https:\/\/i0.wp.com\/noticiasribeiraopreto.com.br\/wp-content\/uploads\/2023\/12\/concurso-sao-fidelis-rj-quadro-cargos-2023.jpg?fit=843%2C634&ssl=1&resize=350%2C200 1x, https:\/\/i0.wp.com\/noticiasribeiraopreto.com.br\/wp-content\/uploads\/2023\/12\/concurso-sao-fidelis-rj-quadro-cargos-2023.jpg?fit=843%2C634&ssl=1&resize=525%2C300 1.5x, https:\/\/i0.wp.com\/noticiasribeiraopreto.com.br\/wp-content\/uploads\/2023\/12\/concurso-sao-fidelis-rj-quadro-cargos-2023.jpg?fit=843%2C634&ssl=1&resize=700%2C400 2x"},"classes":[]},{"id":20828,"url":"https:\/\/noticiasribeiraopreto.com.br\/index.php\/2023\/12\/26\/publicacao-do-edital-deve-ocorrer-em-janeiro\/","url_meta":{"origin":18368,"position":5},"title":"publica\u00e7\u00e3o do edital deve ocorrer em janeiro","author":"noticiasribeiraopreto.com.br","date":"26 de December de 2023","format":false,"excerpt":"A publica\u00e7\u00e3o do edital do novo concurso Cefet RJ (Centro Federal de Educa\u00e7\u00e3o Tecnol\u00f3gica Celso Suckow da Fonseca) est\u00e1 prevista para ocorrer em janeiro, de acordo com as \u00faltimas informa\u00e7\u00f5es da institui\u00e7\u00e3o. O certame j\u00e1 conta, inclusive, com contrato assinado com a banca desde o \u00faltimo dia 4. A escolhida\u2026","rel":"","context":"In &quot;Vagas de Emprego em Ribeir\u00e3o Preto-SP&quot;","block_context":{"text":"Vagas de Emprego em Ribeir\u00e3o Preto-SP","link":"https:\/\/noticiasribeiraopreto.com.br\/index.php\/category\/empregos-classificados-vagas-trabalho\/vagas-de-empregos-em-ribeirao-preto-regiao-brasil\/"},"img":{"alt_text":"","src":"https:\/\/i0.wp.com\/noticiasribeiraopreto.com.br\/wp-content\/uploads\/2023\/12\/1703616794_concurso-cefet-rj-1.jpg?fit=1200%2C675&ssl=1&resize=350%2C200","width":350,"height":200,"srcset":"https:\/\/i0.wp.com\/noticiasribeiraopreto.com.br\/wp-content\/uploads\/2023\/12\/1703616794_concurso-cefet-rj-1.jpg?fit=1200%2C675&ssl=1&resize=350%2C200 1x, https:\/\/i0.wp.com\/noticiasribeiraopreto.com.br\/wp-content\/uploads\/2023\/12\/1703616794_concurso-cefet-rj-1.jpg?fit=1200%2C675&ssl=1&resize=525%2C300 1.5x, https:\/\/i0.wp.com\/noticiasribeiraopreto.com.br\/wp-content\/uploads\/2023\/12\/1703616794_concurso-cefet-rj-1.jpg?fit=1200%2C675&ssl=1&resize=700%2C400 2x, https:\/\/i0.wp.com\/noticiasribeiraopreto.com.br\/wp-content\/uploads\/2023\/12\/1703616794_concurso-cefet-rj-1.jpg?fit=1200%2C675&ssl=1&resize=1050%2C600 3x"},"classes":[]}],"jetpack_sharing_enabled":true,"jetpack_shortlink":"https:\/\/wp.me\/peQAOb-4Mg","_links":{"self":[{"href":"https:\/\/noticiasribeiraopreto.com.br\/index.php\/wp-json\/wp\/v2\/posts\/18368","targetHints":{"allow":["GET"]}}],"collection":[{"href":"https:\/\/noticiasribeiraopreto.com.br\/index.php\/wp-json\/wp\/v2\/posts"}],"about":[{"href":"https:\/\/noticiasribeiraopreto.com.br\/index.php\/wp-json\/wp\/v2\/types\/post"}],"author":[{"embeddable":true,"href":"https:\/\/noticiasribeiraopreto.com.br\/index.php\/wp-json\/wp\/v2\/users\/1"}],"replies":[{"embeddable":true,"href":"https:\/\/noticiasribeiraopreto.com.br\/index.php\/wp-json\/wp\/v2\/comments?post=18368"}],"version-history":[{"count":0,"href":"https:\/\/noticiasribeiraopreto.com.br\/index.php\/wp-json\/wp\/v2\/posts\/18368\/revisions"}],"wp:featuredmedia":[{"embeddable":true,"href":"https:\/\/noticiasribeiraopreto.com.br\/index.php\/wp-json\/wp\/v2\/media\/18369"}],"wp:attachment":[{"href":"https:\/\/noticiasribeiraopreto.com.br\/index.php\/wp-json\/wp\/v2\/media?parent=18368"}],"wp:term":[{"taxonomy":"category","embeddable":true,"href":"https:\/\/noticiasribeiraopreto.com.br\/index.php\/wp-json\/wp\/v2\/categories?post=18368"},{"taxonomy":"post_tag","embeddable":true,"href":"https:\/\/noticiasribeiraopreto.com.br\/index.php\/wp-json\/wp\/v2\/tags?post=18368"}],"curies":[{"name":"wp","href":"https:\/\/api.w.org\/{rel}","templated":true}]}}