{"id":18407,"date":"2023-12-20T11:57:20","date_gmt":"2023-12-20T14:57:20","guid":{"rendered":"https:\/\/noticiasribeiraopreto.com.br\/index.php\/2023\/12\/20\/trump-inelegivel-por-que-a-decisao-no-colorado-ainda-nao-e-o-fim-da-linha-para-o-ex-presidente-dos-eua\/"},"modified":"2023-12-20T11:57:20","modified_gmt":"2023-12-20T14:57:20","slug":"trump-inelegivel-por-que-a-decisao-no-colorado-ainda-nao-e-o-fim-da-linha-para-o-ex-presidente-dos-eua","status":"publish","type":"post","link":"https:\/\/noticiasribeiraopreto.com.br\/index.php\/2023\/12\/20\/trump-inelegivel-por-que-a-decisao-no-colorado-ainda-nao-e-o-fim-da-linha-para-o-ex-presidente-dos-eua\/","title":{"rendered":"Trump ineleg\u00edvel: por que a decis\u00e3o no Colorado (ainda) n\u00e3o \u00e9 o fim da linha para o ex-presidente dos EUA"},"content":{"rendered":"<div class='code-block code-block-1' style='margin: 8px 0 8px auto; text-align: right; display: block; clear: both;'>\n<p><a href=\"https:\/\/wa.link\/vpicfd\"><img data-recalc-dims=\"1\" class=\"wp-image-4922\" style=\"aspect-ratio: 2.0253164556962027; width: 561px; height: auto;\" src=\"https:\/\/i0.wp.com\/ismaelcolosi.com.br\/wp-content\/uploads\/2023\/11\/grupo-de-empregos-whatsapp-e-facebook-ismael-colosi-vagas.jpg?ssl=1\" alt=\"\" \/><\/a><\/p>\n<!-- \/wp:image -->\n<\/div>\n<p> <br \/>\n<\/p>\n<div id=\"js-first-letter\">\n<p>Poucos s\u00e3o os crimes capazes de tornar um pol\u00edtico ineleg\u00edvel nos EUA. Na opini\u00e3o da Suprema Corte do Estado do Colorado, por\u00e9m, o ex-presidente norte-americano, <strong>Donald Trump<\/strong>, cometeu um deles.<\/p>\n<p>Por 4 votos a favor e 3 contra, a mais alta inst\u00e2ncia da justi\u00e7a estadual do Colorado concluiu que Trump incorreu em \u201cinsurrei\u00e7\u00e3o e rebeli\u00e3o\u201d durante a invas\u00e3o do Capit\u00f3lio, em 6 de janeiro de 2021.<\/p>\n<p>Com isso, o nome de Trump n\u00e3o poder\u00e1 aparecer em nenhuma c\u00e9dula eleitoral durante as prim\u00e1rias do Partido Republicano no Estado, marcadas para 5 de mar\u00e7o do ano que vem.<\/p>\n<p>No entanto, a puni\u00e7\u00e3o passar\u00e1 a ter validade somente no dia 4 de janeiro e Trump j\u00e1 prometeu recorrer \u00e0 Suprema Corte dos Estados Unidos \u2014 o que pode manter a decis\u00e3o em suspenso at\u00e9 um eventual julgamento do caso.<\/p>\n<h2 class=\"wp-block-heading\" id=\"h-a-decisao-contra-trump\">A decis\u00e3o contra Trump<\/h2>\n<p>Embora o Colorado tenha se convertido em um Estado majoritariamente democrata no decorrer das \u00faltimas duas d\u00e9cadas, a hist\u00f3rica decis\u00e3o anunciada na noite de ter\u00e7a-feira (19) surpreendeu os observadores.<\/p>\n<p>A a\u00e7\u00e3o foi movida por um grupo de eleitores e baseou-se na 14\u00aa Emenda \u00e0 Constitui\u00e7\u00e3o dos EUA, que pro\u00edbe o exerc\u00edcio de cargos p\u00fablicos por pessoas condenadas por insurrei\u00e7\u00e3o ou rebeli\u00e3o, bem como por apoiar ou confortar insurretos ou rebeldes.<\/p>\n<p>A Suprema Corte do Colorado manteve a conclus\u00e3o de uma inst\u00e2ncia inferior de que a invas\u00e3o do Capit\u00f3lio foi uma insurrei\u00e7\u00e3o e que Trump participou dela.<\/p>\n<p>A reda\u00e7\u00e3o da senten\u00e7a deixa claro que os ju\u00edzes est\u00e3o cientes do car\u00e1ter hist\u00f3rico da decis\u00e3o.<\/p>\n<p>\u201cN\u00e3o chegamos a estas conclus\u00f5es de modo leviano\u201d, escreveram os ju\u00edzes favor\u00e1veis \u00e0 condena\u00e7\u00e3o. O documento tem 134 p\u00e1ginas.<\/p>\n<p>&#8220;Estamos cientes da magnitude e do peso das quest\u00f5es que agora temos diante de n\u00f3s. Estamos igualmente cientes do nosso dever solene de aplicar a lei, sem medo nem favorecimento, e sem sermos influenciados pela rea\u00e7\u00e3o p\u00fablica \u00e0s decis\u00f5es que a lei exige que tomemos.&#8221;<\/p>\n<p>A dividida decis\u00e3o responsabiliza Trump pela tentativa frustrada de reverter violentamente o resultado das elei\u00e7\u00f5es presidenciais de 2020.<\/p>\n<p>\u201cO [ent\u00e3o] presidente Trump incitou e encorajou o uso da viol\u00eancia e de a\u00e7\u00f5es ilegais para perturbar a transi\u00e7\u00e3o pac\u00edfica de poder\u201d, escreveram os ju\u00edzes.<\/p>\n<h3 class=\"wp-block-heading\" id=\"h-a-dinheirista-vendi-meu-vale-alimentacao-e-agora-estou-sendo-ameacada\"><a href=\"https:\/\/youtu.be\/plZodys_sF0\">A DINHEIRISTA<\/a>\u00a0&#8211; VENDI MEU VALE-ALIMENTA\u00c7\u00c3O E AGORA ESTOU SENDO AMEA\u00c7ADA!<\/h3>\n<figure class=\"wp-block-embed is-type-video is-provider-youtube wp-block-embed-youtube wp-embed-aspect-16-9 wp-has-aspect-ratio\">\n<p>\n<iframe loading=\"lazy\" title=\"VENDI MEU VALE-ALIMENTA\u00c7\u00c3O E AGORA ESTOU SENDO AMEA\u00c7ADA! I A DINHEIRISTA\" width=\"500\" height=\"281\" src=\"https:\/\/www.youtube.com\/embed\/plZodys_sF0?feature=oembed\" frameborder=\"0\" allow=\"accelerometer; autoplay; clipboard-write; encrypted-media; gyroscope; picture-in-picture; web-share\" referrerpolicy=\"strict-origin-when-cross-origin\" allowfullscreen><\/iframe>\n<\/p>\n<\/figure>\n<h2 class=\"wp-block-heading\" id=\"h-fim-da-linha-para-trump\">Fim da linha para Trump?<\/h2>\n<p>No entanto, seria apressado afirmar que a senten\u00e7a representa o fim da linha para Trump.<\/p>\n<p>Primeiro porque o pr\u00f3prio tribunal decidiu que, se o ex-presidente recorrer \u00e0 Suprema Corte at\u00e9 4 de janeiro, a puni\u00e7\u00e3o ficar\u00e1 em suspenso at\u00e9 que esta decida se vai avaliar o caso ou n\u00e3o.<\/p>\n<p>Em caso positivo, as chances de a Suprema Corte norte-americana derrubar a decis\u00e3o do Colorado s\u00e3o elevadas.<\/p>\n<p>Isso porque seis dos nove ju\u00edzes da inst\u00e2ncia m\u00e1xima da justi\u00e7a do pa\u00eds s\u00e3o identificados com o Partido Republicano \u2014 e tr\u00eas deles foram indicados por Trump em pessoa.<\/p>\n<p>Al\u00e9m disso, apesar de o Colorado ter-se convertido em um Estado predominantemente democrata, ele tem somente 10 delegados no Col\u00e9gio Eleitoral \u2014 a inst\u00e2ncia que define o resultado das elei\u00e7\u00f5es presidenciais nos EUA em vota\u00e7\u00e3o indireta.<\/p>\n<p>Ao mesmo tempo, o ex-presidente tem mostrado uma not\u00e1vel capacidade de convencer parte dos eleitores de que est\u00e1 sendo \u201cperseguido\u201d e aparece \u00e0 frente do rival democrata Joe Biden em pesquisas de inten\u00e7\u00e3o de voto em Estados decisivos como Michigan e Georgia.<\/p>\n<p>Em contrapartida, a decis\u00e3o \u201ccoloca toda a campanha eleitoral de Trump em s\u00e9rio risco jur\u00eddico\u201d, disse Derek Muller, especialista em direito eleitoral da Escola de Direito Notre Dame, em entrevista \u00e0 CNN.<\/p>\n<p>Tribunais de outros Estados norte-americanos recha\u00e7aram uma s\u00e9rie de a\u00e7\u00f5es similares.<\/p>\n<p>Em Minnesota, a Suprema Corte Estadual rejeitou uma tentativa de desqualificar Trump das prim\u00e1rias republicanas no Estado, mas n\u00e3o se pronunciou sobre a sua elegibilidade.<\/p>\n<p>Agora, apesar da inclina\u00e7\u00e3o conservadora na Suprema Corte dos EUA, os defensores da inelegibilidade de Trump torcem por uma decis\u00e3o imparcial diante das evid\u00eancias aceitas pelo tribunal do Colorado.<\/p>\n<p>*<em>Com informa\u00e7\u00f5es da Reuters e da CNN<\/em>.<\/p>\n<\/div>\n<p><br \/>\n<br \/><a href=\"https:\/\/www.seudinheiro.com\/2023\/internacional\/donald-trump-inelegivel-colorado-rsgp\/\">Source link <\/a><\/p>\n<!-- CONTENT END 1 -->\n","protected":false},"excerpt":{"rendered":"<p>Poucos s\u00e3o os crimes capazes de tornar um pol\u00edtico ineleg\u00edvel nos EUA. Na opini\u00e3o da Suprema Corte do Estado do Colorado, por\u00e9m, o ex-presidente norte-americano,&#8230;<\/p>\n","protected":false},"author":1,"featured_media":18408,"comment_status":"open","ping_status":"open","sticky":false,"template":"","format":"standard","meta":{"advanced_seo_description":"","jetpack_seo_html_title":"","jetpack_seo_noindex":false,"jetpack_post_was_ever_published":false,"_jetpack_newsletter_access":"","_jetpack_dont_email_post_to_subs":false,"_jetpack_newsletter_tier_id":0,"_jetpack_memberships_contains_paywalled_content":false,"_jetpack_memberships_contains_paid_content":false,"footnotes":"","jetpack_publicize_message":"","jetpack_publicize_feature_enabled":true,"jetpack_social_post_already_shared":true,"jetpack_social_options":{"image_generator_settings":{"template":"highway","default_image_id":0,"font":"","enabled":false},"version":2}},"categories":[1235],"tags":[],"class_list":["post-18407","post","type-post","status-publish","format-standard","has-post-thumbnail","hentry","category-dinheiro-e-investimento-como-fazer-como-ganhar"],"jetpack_publicize_connections":[],"jetpack_featured_media_url":"https:\/\/i0.wp.com\/noticiasribeiraopreto.com.br\/wp-content\/uploads\/2023\/12\/Imagem-do-ex-presidente-Donald-Trump-gerada-por-Inteligencia-Artificial-Wepik-do-Freepik-715x402.jpg?fit=715%2C402&ssl=1","jetpack-related-posts":[{"id":24614,"url":"https:\/\/noticiasribeiraopreto.com.br\/index.php\/2024\/01\/04\/a-tempestade-politica-que-trump-pode-causar\/","url_meta":{"origin":18407,"position":0},"title":"a tempestade pol\u00edtica que Trump pode causar","author":"noticiasribeiraopreto.com.br","date":"4 de January de 2024","format":false,"excerpt":"A previs\u00e3o do tempo indica que uma tempestade pol\u00edtica avan\u00e7a na dire\u00e7\u00e3o da maior economia do mundo e ela tem nome: Donald Trump. Depois das declara\u00e7\u00f5es pol\u00eamicas, dos ataques aos inimigos e at\u00e9 da pris\u00e3o, o ex-presidente norte-americano promete levar o caos \u00e0 justi\u00e7a dos EUA.\u00a0 Tudo porque o Colorado\u2026","rel":"","context":"In &quot;Dinheiro e Investimento&quot;","block_context":{"text":"Dinheiro e Investimento","link":"https:\/\/noticiasribeiraopreto.com.br\/index.php\/category\/dinheiro-e-investimento-como-fazer-como-ganhar\/"},"img":{"alt_text":"","src":"https:\/\/i0.wp.com\/noticiasribeiraopreto.com.br\/wp-content\/uploads\/2024\/01\/shutterstock_636139745-628x353.jpg?fit=628%2C353&ssl=1&resize=350%2C200","width":350,"height":200,"srcset":"https:\/\/i0.wp.com\/noticiasribeiraopreto.com.br\/wp-content\/uploads\/2024\/01\/shutterstock_636139745-628x353.jpg?fit=628%2C353&ssl=1&resize=350%2C200 1x, https:\/\/i0.wp.com\/noticiasribeiraopreto.com.br\/wp-content\/uploads\/2024\/01\/shutterstock_636139745-628x353.jpg?fit=628%2C353&ssl=1&resize=525%2C300 1.5x"},"classes":[]},{"id":82636,"url":"https:\/\/noticiasribeiraopreto.com.br\/index.php\/2026\/02\/21\/supremo-dos-eua-derruba-tarifaco\/","url_meta":{"origin":18407,"position":1},"title":"Supremo dos EUA derruba tarifa\u00e7o","author":"noticiasribeiraopreto.com.br","date":"21 de February de 2026","format":false,"excerpt":"A Suprema Corte dos Estados Unidos derrubou nesta sexta-feira, 20 de fevereiro, as tarifas sobre produtos importados impostas globalmente pelo presidente Donald Trump. Por seis votos a tr\u00eas, foi mantida a decis\u00e3o de um tribunal inferior que definiu excesso de autoridade do republicano. Em contrapartida, o mandat\u00e1rio norte-americano anunciou tarifa\u2026","rel":"","context":"In &quot;Not\u00edcias de Ribeir\u00e3o Preto-SP e Regi\u00e3o&quot;","block_context":{"text":"Not\u00edcias de Ribeir\u00e3o Preto-SP e Regi\u00e3o","link":"https:\/\/noticiasribeiraopreto.com.br\/index.php\/category\/noticias-de-ribeirao-preto-sp-e-regiao-ismael-colosi\/"},"img":{"alt_text":"","src":"https:\/\/i0.wp.com\/noticiasribeiraopreto.com.br\/wp-content\/uploads\/2026\/02\/Tarifa-Carlos-Barria-Reuters.jpg?fit=1170%2C700&ssl=1&resize=350%2C200","width":350,"height":200,"srcset":"https:\/\/i0.wp.com\/noticiasribeiraopreto.com.br\/wp-content\/uploads\/2026\/02\/Tarifa-Carlos-Barria-Reuters.jpg?fit=1170%2C700&ssl=1&resize=350%2C200 1x, https:\/\/i0.wp.com\/noticiasribeiraopreto.com.br\/wp-content\/uploads\/2026\/02\/Tarifa-Carlos-Barria-Reuters.jpg?fit=1170%2C700&ssl=1&resize=525%2C300 1.5x, https:\/\/i0.wp.com\/noticiasribeiraopreto.com.br\/wp-content\/uploads\/2026\/02\/Tarifa-Carlos-Barria-Reuters.jpg?fit=1170%2C700&ssl=1&resize=700%2C400 2x, https:\/\/i0.wp.com\/noticiasribeiraopreto.com.br\/wp-content\/uploads\/2026\/02\/Tarifa-Carlos-Barria-Reuters.jpg?fit=1170%2C700&ssl=1&resize=1050%2C600 3x"},"classes":[]},{"id":74876,"url":"https:\/\/noticiasribeiraopreto.com.br\/index.php\/2025\/07\/30\/governo-trump-pune-alexandre-de-moraes-com-lei-magnitsky\/","url_meta":{"origin":18407,"position":2},"title":"Governo Trump pune Alexandre de Moraes com Lei Magnitsky","author":"noticiasribeiraopreto.com.br","date":"30 de July de 2025","format":false,"excerpt":"30 de julho de 2025 14:144 Compartilhar0 O governo de Donald Trump puniu nesta quarta-feira, 30, o ministro do Supremo Tribunal Federal Alexandre de Moraes com a Lei Magnitsky. A decis\u00e3o do governo norte-americano bloqueia as contas banc\u00e1rias, restringe seu acesso ao sistema financeiro dos Estados Unidos e trava o\u2026","rel":"","context":"In &quot;Not\u00edcias de Ribeir\u00e3o Preto-SP e Regi\u00e3o&quot;","block_context":{"text":"Not\u00edcias de Ribeir\u00e3o Preto-SP e Regi\u00e3o","link":"https:\/\/noticiasribeiraopreto.com.br\/index.php\/category\/noticias-de-ribeirao-preto-sp-e-regiao-ismael-colosi\/"},"img":{"alt_text":"","src":"https:\/\/i0.wp.com\/noticiasribeiraopreto.com.br\/wp-content\/uploads\/2025\/07\/trump.jpeg?fit=700%2C467&ssl=1&resize=350%2C200","width":350,"height":200,"srcset":"https:\/\/i0.wp.com\/noticiasribeiraopreto.com.br\/wp-content\/uploads\/2025\/07\/trump.jpeg?fit=700%2C467&ssl=1&resize=350%2C200 1x, https:\/\/i0.wp.com\/noticiasribeiraopreto.com.br\/wp-content\/uploads\/2025\/07\/trump.jpeg?fit=700%2C467&ssl=1&resize=525%2C300 1.5x, https:\/\/i0.wp.com\/noticiasribeiraopreto.com.br\/wp-content\/uploads\/2025\/07\/trump.jpeg?fit=700%2C467&ssl=1&resize=700%2C400 2x"},"classes":[]},{"id":25043,"url":"https:\/\/noticiasribeiraopreto.com.br\/index.php\/2024\/01\/05\/trump-banido-para-sempre-por-que-uma-procuradora-de-nova-york-quer-expulsar-o-ex-presidente-de-um-dos-negocios-mais-rentaveis\/","url_meta":{"origin":18407,"position":3},"title":"Trump banido para sempre? Por que uma procuradora de Nova York quer expulsar o ex-presidente de um dos neg\u00f3cios mais rent\u00e1veis","author":"noticiasribeiraopreto.com.br","date":"5 de January de 2024","format":false,"excerpt":"Ao que tudo indica, o nome de Donald Trump n\u00e3o vai sair das manchetes em 2024 \u2014 seja pelas elei\u00e7\u00f5es presidenciais dos EUA ou pelos problemas do ex-presidente norte-americano com a justi\u00e7a. Nesta sexta-feira (5), a procuradora-geral de Nova York, Letitia James, pediu a um juiz que banisse Trump do\u2026","rel":"","context":"In &quot;Dinheiro e Investimento&quot;","block_context":{"text":"Dinheiro e Investimento","link":"https:\/\/noticiasribeiraopreto.com.br\/index.php\/category\/dinheiro-e-investimento-como-fazer-como-ganhar\/"},"img":{"alt_text":"","src":"https:\/\/i0.wp.com\/noticiasribeiraopreto.com.br\/wp-content\/uploads\/2024\/01\/31-628x353.png?fit=628%2C353&ssl=1&resize=350%2C200","width":350,"height":200,"srcset":"https:\/\/i0.wp.com\/noticiasribeiraopreto.com.br\/wp-content\/uploads\/2024\/01\/31-628x353.png?fit=628%2C353&ssl=1&resize=350%2C200 1x, https:\/\/i0.wp.com\/noticiasribeiraopreto.com.br\/wp-content\/uploads\/2024\/01\/31-628x353.png?fit=628%2C353&ssl=1&resize=525%2C300 1.5x"},"classes":[]},{"id":81420,"url":"https:\/\/noticiasribeiraopreto.com.br\/index.php\/2026\/01\/05\/apos-venezuela-trump-ameaca-tomar-groenlandia-e-atacar-colombia\/","url_meta":{"origin":18407,"position":4},"title":"Ap\u00f3s Venezuela, Trump amea\u00e7a tomar Groenl\u00e2ndia e atacar Col\u00f4mbia","author":"noticiasribeiraopreto.com.br","date":"5 de January de 2026","format":false,"excerpt":"Um dia ap\u00f3s bombardear a Venezuela e sequestrar o presidente Nicol\u00e1s Maduro, o presidente dos Estados Unidos (EUA), Donald Trump, amea\u00e7ou anexar a Groenl\u00e2ndia, territ\u00f3rio semiaut\u00f4nomo ligado \u00e0 Dinamarca, e sugeriu uma a\u00e7\u00e3o militar contra o governo da Col\u00f4mbia, de Gustavo Petro A primeira-ministra da Dinamarca, Mette Frederiksen, emitiu nota\u2026","rel":"","context":"In &quot;Not\u00edcias de Ribeir\u00e3o Preto-SP e Regi\u00e3o&quot;","block_context":{"text":"Not\u00edcias de Ribeir\u00e3o Preto-SP e Regi\u00e3o","link":"https:\/\/noticiasribeiraopreto.com.br\/index.php\/category\/noticias-de-ribeirao-preto-sp-e-regiao-ismael-colosi\/"},"img":{"alt_text":"","src":"https:\/\/i0.wp.com\/noticiasribeiraopreto.com.br\/wp-content\/uploads\/2026\/01\/groelandia-.jpg?fit=1170%2C700&ssl=1&resize=350%2C200","width":350,"height":200,"srcset":"https:\/\/i0.wp.com\/noticiasribeiraopreto.com.br\/wp-content\/uploads\/2026\/01\/groelandia-.jpg?fit=1170%2C700&ssl=1&resize=350%2C200 1x, https:\/\/i0.wp.com\/noticiasribeiraopreto.com.br\/wp-content\/uploads\/2026\/01\/groelandia-.jpg?fit=1170%2C700&ssl=1&resize=525%2C300 1.5x, https:\/\/i0.wp.com\/noticiasribeiraopreto.com.br\/wp-content\/uploads\/2026\/01\/groelandia-.jpg?fit=1170%2C700&ssl=1&resize=700%2C400 2x, https:\/\/i0.wp.com\/noticiasribeiraopreto.com.br\/wp-content\/uploads\/2026\/01\/groelandia-.jpg?fit=1170%2C700&ssl=1&resize=1050%2C600 3x"},"classes":[]},{"id":32341,"url":"https:\/\/noticiasribeiraopreto.com.br\/index.php\/2024\/01\/24\/a-furia-de-trump-chega-a-carolina-do-sul\/","url_meta":{"origin":18407,"position":5},"title":"a f\u00faria de Trump chega \u00e0 Carolina do Sul","author":"noticiasribeiraopreto.com.br","date":"24 de January de 2024","format":false,"excerpt":"A vit\u00f3ria de Donald Trump em New Hampshire n\u00e3o serviria apenas para colocar o ex-presidente dos EUA mais pr\u00f3ximo da indica\u00e7\u00e3o republicana \u00e0 Casa Branca \u2014 o plano era fazer a sua \u00fanica rival, Nikki Haley, desistir a ponto de nem disputar os votos na Carolina do Sul, no m\u00eas\u2026","rel":"","context":"In &quot;Dinheiro e Investimento&quot;","block_context":{"text":"Dinheiro e Investimento","link":"https:\/\/noticiasribeiraopreto.com.br\/index.php\/category\/dinheiro-e-investimento-como-fazer-como-ganhar\/"},"img":{"alt_text":"","src":"https:\/\/i0.wp.com\/noticiasribeiraopreto.com.br\/wp-content\/uploads\/2024\/01\/shutterstock_590366933-628x353.jpg?fit=628%2C353&ssl=1&resize=350%2C200","width":350,"height":200,"srcset":"https:\/\/i0.wp.com\/noticiasribeiraopreto.com.br\/wp-content\/uploads\/2024\/01\/shutterstock_590366933-628x353.jpg?fit=628%2C353&ssl=1&resize=350%2C200 1x, https:\/\/i0.wp.com\/noticiasribeiraopreto.com.br\/wp-content\/uploads\/2024\/01\/shutterstock_590366933-628x353.jpg?fit=628%2C353&ssl=1&resize=525%2C300 1.5x"},"classes":[]}],"jetpack_sharing_enabled":true,"jetpack_shortlink":"https:\/\/wp.me\/peQAOb-4MT","_links":{"self":[{"href":"https:\/\/noticiasribeiraopreto.com.br\/index.php\/wp-json\/wp\/v2\/posts\/18407","targetHints":{"allow":["GET"]}}],"collection":[{"href":"https:\/\/noticiasribeiraopreto.com.br\/index.php\/wp-json\/wp\/v2\/posts"}],"about":[{"href":"https:\/\/noticiasribeiraopreto.com.br\/index.php\/wp-json\/wp\/v2\/types\/post"}],"author":[{"embeddable":true,"href":"https:\/\/noticiasribeiraopreto.com.br\/index.php\/wp-json\/wp\/v2\/users\/1"}],"replies":[{"embeddable":true,"href":"https:\/\/noticiasribeiraopreto.com.br\/index.php\/wp-json\/wp\/v2\/comments?post=18407"}],"version-history":[{"count":0,"href":"https:\/\/noticiasribeiraopreto.com.br\/index.php\/wp-json\/wp\/v2\/posts\/18407\/revisions"}],"wp:featuredmedia":[{"embeddable":true,"href":"https:\/\/noticiasribeiraopreto.com.br\/index.php\/wp-json\/wp\/v2\/media\/18408"}],"wp:attachment":[{"href":"https:\/\/noticiasribeiraopreto.com.br\/index.php\/wp-json\/wp\/v2\/media?parent=18407"}],"wp:term":[{"taxonomy":"category","embeddable":true,"href":"https:\/\/noticiasribeiraopreto.com.br\/index.php\/wp-json\/wp\/v2\/categories?post=18407"},{"taxonomy":"post_tag","embeddable":true,"href":"https:\/\/noticiasribeiraopreto.com.br\/index.php\/wp-json\/wp\/v2\/tags?post=18407"}],"curies":[{"name":"wp","href":"https:\/\/api.w.org\/{rel}","templated":true}]}}