{"id":18411,"date":"2023-12-20T12:03:04","date_gmt":"2023-12-20T15:03:04","guid":{"rendered":"https:\/\/noticiasribeiraopreto.com.br\/index.php\/2023\/12\/20\/azul-gol-e-latam-terao-cotas-de-passagens-por-ate-r-799\/"},"modified":"2023-12-20T12:03:04","modified_gmt":"2023-12-20T15:03:04","slug":"azul-gol-e-latam-terao-cotas-de-passagens-por-ate-r-799","status":"publish","type":"post","link":"https:\/\/noticiasribeiraopreto.com.br\/index.php\/2023\/12\/20\/azul-gol-e-latam-terao-cotas-de-passagens-por-ate-r-799\/","title":{"rendered":"Azul, Gol e Latam ter\u00e3o cotas de passagens por at\u00e9 R$ 799"},"content":{"rendered":"<div class='code-block code-block-1' style='margin: 8px 0 8px auto; text-align: right; display: block; clear: both;'>\n<p><a href=\"https:\/\/wa.link\/vpicfd\"><img data-recalc-dims=\"1\" class=\"wp-image-4922\" style=\"aspect-ratio: 2.0253164556962027; width: 561px; height: auto;\" src=\"https:\/\/i0.wp.com\/ismaelcolosi.com.br\/wp-content\/uploads\/2023\/11\/grupo-de-empregos-whatsapp-e-facebook-ismael-colosi-vagas.jpg?ssl=1\" alt=\"\" \/><\/a><\/p>\n<!-- \/wp:image -->\n<\/div>\n<p> <br \/>\n<\/p>\n<div>\n<p>As companhias Azul, Gol e Latam anunciaram o primeiro passo do plano que <a href=\"https:\/\/catracalivre.com.br\/viagem-livre\/google-indica-melhor-momento-para-comprar-passagens-aereas\/\">visa reduzir o valor<\/a> das passagens a\u00e9reas.<\/p>\n<p>Pelo Plano de Universaliza\u00e7\u00e3o do Transporte A\u00e9reo, do Minist\u00e9rio dos Portos e Aeroportos, a tr\u00eas empresas que operam voos dom\u00e9sticos no pa\u00eds ter\u00e3o cotas para passagens com limites de valor entre R$ 699 e R$ 799.<\/p>\n<div id=\"attachment_2276722\" class=\"wp-caption aligncenter\">\n<div class=\"d-flex justify-content-center\" data-attachment-id=\"2276722\">\n<div class=\"position-relative d-inline-block\"><img data-recalc-dims=\"1\" data-portal-copyright=\"Tomaz Silva\/Ag\u00eancia Brasil\" fetchpriority=\"high\" decoding=\"async\" class=\"size-large wp-image-2276722\" src=\"https:\/\/i0.wp.com\/catracalivre.com.br\/wp-content\/uploads\/2023\/06\/passagens-aereas-em-queda-910x544.jpg?resize=910%2C544&#038;ssl=1\" alt=\"Azul, Gol e Latam ter\u00e3o cotas de passagens por at\u00e9 R$ 799\" width=\"910\" height=\"544\" srcset=\"https:\/\/catracalivre.com.br\/wp-content\/uploads\/2023\/06\/passagens-aereas-em-queda-910x544.jpg 910w, https:\/\/catracalivre.com.br\/wp-content\/uploads\/2023\/06\/passagens-aereas-em-queda-450x269.jpg 450w, https:\/\/catracalivre.com.br\/wp-content\/uploads\/2023\/06\/passagens-aereas-em-queda-768x459.jpg 768w\" sizes=\"(max-width: 910px) 100vw, 910px\"\/><\/p>\n<p>Cr\u00e9ditos: Tomaz Silva\/Ag\u00eancia Brasil<\/p>\n<\/div>\n<\/div>\n<p><span class=\"post-imagem__legenda\">Azul, Gol e Latam ter\u00e3o cotas de passagens por at\u00e9 R$ 799<\/span><\/p>\n<\/div>\n<p>As cotas de passagens mais baratas servir\u00e3o para compras feitas com, pelo menos, 14 dias de anteced\u00eancia.<\/p>\n<p>Ao todo, Azul, Gol e Latam prometem oferta de 30 mil passagens a\u00e9reas dentro do plano, que j\u00e1 deve valer a partir de 2024.<\/p>\n<p>O programa prev\u00ea ainda inclus\u00e3o de servi\u00e7os de remarca\u00e7\u00e3o sem cobran\u00e7a de taxa adicional, oferta de tarifas mais acess\u00edveis para compras realizadas em determinados dias da semana, al\u00e9m do aumento no n\u00famero de oferta de voos e gratuidade no despacho de bagagens.<\/p>\n<h2>Pre\u00e7o m\u00e9dio das passagens<\/h2>\n<p>Os pre\u00e7os dos bilhetes a\u00e9reos com tarifas m\u00e1ximas, de R$ 699 e R$ 799 por trecho, ficaram, no entanto, acima da tarifa a\u00e9rea real m\u00e9dia em voos dom\u00e9sticos, divulgada pela Ag\u00eancia Nacional de Avia\u00e7\u00e3o Civil (Anac).<\/p>\n<p>No \u00faltimo levantamento da ag\u00eancia reguladora, em setembro de 2023, o pre\u00e7o m\u00e9dio chegou a R$ 748, o maior do ano. O <a href=\"https:\/\/app.powerbi.com\/view?r=eyJrIjoiMjdjODE3MzUtOTM5MC00MjEzLTk3YjktMzc0Y2JkZGVkYzc2IiwidCI6ImI1NzQ4ZjZlLWI0YTQtNGIyYi1hYjJhLWVmOTUyMjM2ODM2NiIsImMiOjR9\" target=\"_blank\" rel=\"noopener\">painel da Anac<\/a> apresenta os dados das tarifas a\u00e9reas comercializadas desde 2002.<\/p>\n<div id=\"attachment_2016782\" class=\"wp-caption aligncenter\">\n<div class=\"d-flex justify-content-center\" data-attachment-id=\"2016782\">\n<div class=\"position-relative d-inline-block\"><img data-recalc-dims=\"1\" loading=\"lazy\" data-portal-copyright=\"BrianAJackson\/iStock\" decoding=\"async\" class=\"size-large wp-image-2016782\" src=\"https:\/\/i0.wp.com\/catracalivre.com.br\/wp-content\/uploads\/2020\/03\/lata-bagagem-despachada-910x607.jpg?resize=910%2C607&#038;ssl=1\" alt=\"Plano prev\u00ea tamb\u00e9m despacho gratuito de bagagem\" width=\"910\" height=\"607\" srcset=\"https:\/\/catracalivre.com.br\/wp-content\/uploads\/2020\/03\/lata-bagagem-despachada-910x607.jpg 910w, https:\/\/catracalivre.com.br\/wp-content\/uploads\/2020\/03\/lata-bagagem-despachada-450x300.jpg 450w, https:\/\/catracalivre.com.br\/wp-content\/uploads\/2020\/03\/lata-bagagem-despachada-768x512.jpg 768w\" sizes=\"auto, (max-width: 910px) 100vw, 910px\"\/><\/p>\n<p>Cr\u00e9ditos: BrianAJackson\/iStock<\/p>\n<\/div>\n<\/div>\n<p><span class=\"post-imagem__legenda\">Plano prev\u00ea tamb\u00e9m despacho gratuito de bagagem<\/span><\/p>\n<\/div>\n<p>Questionado sobre como as tarifas anunciadas pelas companhias acima do recorde apurado pela Anac tornariam as passagens mais baratas, o ministro Silvio Costa Filho (Portos e Aeroportos), entende que, ainda assim, a popula\u00e7\u00e3o poder\u00e1 ser beneficiada.<\/p>\n<p>\u201cA gente est\u00e1 perseguindo esse valor para que possa haver uma redu\u00e7\u00e3o, mas sem d\u00favida alguma, a gente vai ter, sobretudo, comprando com anteced\u00eancia, passagens mais baratas, nessa agenda que a gente tem trabalhado\u201d, avalia o ministro.<\/p>\n<h3>Planos das companhias a\u00e9reas<\/h3>\n<p>As propostas das tr\u00eas companhias a\u00e9reas ser\u00e3o v\u00e1lidas a partir de 2024. Confira as principais medidas anunciadas.<\/p>\n<h3>Azul<\/h3>\n<ul>\n<li>oferta de 10 milh\u00f5es de passagens por at\u00e9 R$ 799 por trecho, por ano, para compras com anteced\u00eancia de at\u00e9 14 dias;<\/li>\n<li>marca\u00e7\u00e3o de assento e bagagem despachada gratuitamente para compras realizadas de \u00faltima hora;<\/li>\n<\/ul>\n<h3>Gol<\/h3>\n<ul>\n<li>15 milh\u00f5es de passagens por at\u00e9 R$ 699 por trecho para compras com anteced\u00eancia m\u00ednima de 14 dias;<\/li>\n<li>\u00a0promo\u00e7\u00e3o com voos de R$ 600 a R$ 800, nas compras realizadas com 21 dias de anteced\u00eancia da data do voo;<\/li>\n<li>despacho gratuito da bagagem para o passageiro que comprar o bilhete de \u00faltima hora;<\/li>\n<li>tarifas de assist\u00eancia emergencial com desconto de at\u00e9 80% na tarifa dispon\u00edvel, quando ocorrer o falecimento de um familiar direto.<\/li>\n<\/ul>\n<h3>Latam<\/h3>\n<ul>\n<li>campanhas publicit\u00e1rias para ensinar os consumidores sobre como comprar passagens a\u00e9reas mais baratas, com planejamento;<\/li>\n<li>promo\u00e7\u00e3o com um destino semanal com tarifa abaixo de R$ 199;<\/li>\n<li>atualiza\u00e7\u00e3o do programa de fidelidade, que deixa de ter validade para uso das milhagens;<\/li>\n<li>aumento da oferta em 3 milh\u00f5es assentos, com a m\u00e9dia de 10 mil assentos di\u00e1rios nos voos da companhia.<\/li>\n<\/ul>\n<\/div>\n<p><script>\n\t\t! function(f, b, e, v, n, t, s) {\n\t\t\tif (f.fbq) return;\n\t\t\tn = f.fbq = function() {\n\t\t\t\tn.callMethod ?\n\t\t\t\t\tn.callMethod.apply(n, arguments) : n.queue.push(arguments)\n\t\t\t};\n\t\t\tif (!f._fbq) f._fbq = n;\n\t\t\tn.push = n;\n\t\t\tn.loaded = !0;\n\t\t\tn.version = '2.0';\n\t\t\tn.queue = [];\n\t\t\tt = b.createElement(e);\n\t\t\tt.async = !0;\n\t\t\tt.src = v;\n\t\t\ts = b.getElementsByTagName(e)[0];\n\t\t\ts.parentNode.insertBefore(t, s)\n\t\t}(window, document, 'script',\n\t\t\t'https:\/\/connect.facebook.net\/en_US\/fbevents.js');\n\t\tfbq('init', '338315473262380');\n\t\tfbq('track', 'PageView');\n\t<\/script><br \/>\n<br \/><br \/>\n<br \/><a href=\"https:\/\/catracalivre.com.br\/viagem-livre\/azul-gol-e-latam-terao-cotas-de-passagens-por-ate-r-799\/\">Source link <\/a><\/p>\n<!-- CONTENT END 1 -->\n","protected":false},"excerpt":{"rendered":"<p>As companhias Azul, Gol e Latam anunciaram o primeiro passo do plano que visa reduzir o valor das passagens a\u00e9reas. Pelo Plano de Universaliza\u00e7\u00e3o do&#8230;<\/p>\n","protected":false},"author":1,"featured_media":18412,"comment_status":"open","ping_status":"open","sticky":false,"template":"","format":"standard","meta":{"advanced_seo_description":"","jetpack_seo_html_title":"","jetpack_seo_noindex":false,"jetpack_post_was_ever_published":false,"_jetpack_newsletter_access":"","_jetpack_dont_email_post_to_subs":false,"_jetpack_newsletter_tier_id":0,"_jetpack_memberships_contains_paywalled_content":false,"_jetpack_memberships_contains_paid_content":false,"footnotes":"","jetpack_publicize_message":"","jetpack_publicize_feature_enabled":true,"jetpack_social_post_already_shared":true,"jetpack_social_options":{"image_generator_settings":{"template":"highway","default_image_id":0,"font":"","enabled":false},"version":2}},"categories":[19],"tags":[],"class_list":["post-18411","post","type-post","status-publish","format-standard","has-post-thumbnail","hentry","category-variedades"],"jetpack_publicize_connections":[],"jetpack_featured_media_url":"https:\/\/i0.wp.com\/noticiasribeiraopreto.com.br\/wp-content\/uploads\/2023\/12\/passagens-aereas-em-queda.jpg?fit=1200%2C638&ssl=1","jetpack-related-posts":[{"id":19267,"url":"https:\/\/noticiasribeiraopreto.com.br\/index.php\/2023\/12\/22\/reducao-nos-precos-das-passagens-aereas-em-2024-e-anunciado-pelo-governo-e-companhias-aereas\/","url_meta":{"origin":18411,"position":0},"title":"Redu\u00e7\u00e3o nos pre\u00e7os das passagens a\u00e9reas em 2024 \u00e9 anunciado pelo governo e companhias a\u00e9reas","author":"noticiasribeiraopreto.com.br","date":"22 de December de 2023","format":false,"excerpt":"Azul, GOL e Latam, em conjunto com os Minist\u00e9rios de Portos e Aeroportos, revelaram a primeira fase de um plano para reduzir os pre\u00e7os das passagens a\u00e9reas. Essa iniciativa faz parte do projeto de universaliza\u00e7\u00e3o do transporte a\u00e9reo pelo governo, visando tornar esse mercado mais inclusivo e acess\u00edvel \u00e0 popula\u00e7\u00e3o\u2026","rel":"","context":"In &quot;Vagas de Emprego em Ribeir\u00e3o Preto-SP&quot;","block_context":{"text":"Vagas de Emprego em Ribeir\u00e3o Preto-SP","link":"https:\/\/noticiasribeiraopreto.com.br\/index.php\/category\/empregos-classificados-vagas-trabalho\/vagas-de-empregos-em-ribeirao-preto-regiao-brasil\/"},"img":{"alt_text":"","src":"","width":0,"height":0},"classes":[]},{"id":17600,"url":"https:\/\/noticiasribeiraopreto.com.br\/index.php\/2023\/12\/18\/gol-goll4-e-azul-azul4-anunciam-programa-de-passagens-de-ate-r-800-acoes-sobem-na-b3\/","url_meta":{"origin":18411,"position":1},"title":"Gol (GOLL4) e Azul (AZUL4) anunciam programa de passagens de at\u00e9 R$ 800; a\u00e7\u00f5es sobem na B3","author":"noticiasribeiraopreto.com.br","date":"18 de December de 2023","format":false,"excerpt":"O per\u00edodo de f\u00e9rias que se aproxima junto com as festas de fim de ano costuma ser o mais movimentado nos aeroportos. Enquanto isso, as a\u00e7\u00f5es das empresas a\u00e9reas como Gol (GOLL4) e Azul (AZUL4) tamb\u00e9m aparecem em destaque na bolsa. Al\u00e9m da fraqueza do d\u00f3lar em rela\u00e7\u00e3o ao real\u2026","rel":"","context":"In &quot;Dinheiro e Investimento&quot;","block_context":{"text":"Dinheiro e Investimento","link":"https:\/\/noticiasribeiraopreto.com.br\/index.php\/category\/dinheiro-e-investimento-como-fazer-como-ganhar\/"},"img":{"alt_text":"","src":"https:\/\/i0.wp.com\/noticiasribeiraopreto.com.br\/wp-content\/uploads\/2023\/12\/viagem-viajar-passagens-aereas-R_-200-voa-brasil-CAPA-SD-min-715x402.jpeg?fit=715%2C402&ssl=1&resize=350%2C200","width":350,"height":200,"srcset":"https:\/\/i0.wp.com\/noticiasribeiraopreto.com.br\/wp-content\/uploads\/2023\/12\/viagem-viajar-passagens-aereas-R_-200-voa-brasil-CAPA-SD-min-715x402.jpeg?fit=715%2C402&ssl=1&resize=350%2C200 1x, https:\/\/i0.wp.com\/noticiasribeiraopreto.com.br\/wp-content\/uploads\/2023\/12\/viagem-viajar-passagens-aereas-R_-200-voa-brasil-CAPA-SD-min-715x402.jpeg?fit=715%2C402&ssl=1&resize=525%2C300 1.5x, https:\/\/i0.wp.com\/noticiasribeiraopreto.com.br\/wp-content\/uploads\/2023\/12\/viagem-viajar-passagens-aereas-R_-200-voa-brasil-CAPA-SD-min-715x402.jpeg?fit=715%2C402&ssl=1&resize=700%2C400 2x"},"classes":[]},{"id":25422,"url":"https:\/\/noticiasribeiraopreto.com.br\/index.php\/2024\/01\/07\/programa-de-passagens-aereas-mais-baratas-sera-lancado-ate-fevereiro-diz-jornal\/","url_meta":{"origin":18411,"position":2},"title":"Programa de passagens a\u00e9reas mais baratas ser\u00e1 lan\u00e7ado at\u00e9 fevereiro, diz jornal\u00a0","author":"noticiasribeiraopreto.com.br","date":"7 de January de 2024","format":false,"excerpt":"Em negocia\u00e7\u00e3o h\u00e1 meses, o programa de passagens a\u00e9reas de at\u00e9 R$ 200 deve estar nos ajustes finais para o lan\u00e7amento.\u00a0 De acordo com a coluna do Lauro Jardim, no jornal O Globo, o \u201cVoa Brasil\u201d pode come\u00e7ar a valer em fevereiro.\u00a0 Isso porque o ministro de Portos e Aeroportos,\u2026","rel":"","context":"In &quot;Dinheiro e Investimento&quot;","block_context":{"text":"Dinheiro e Investimento","link":"https:\/\/noticiasribeiraopreto.com.br\/index.php\/category\/dinheiro-e-investimento-como-fazer-como-ganhar\/"},"img":{"alt_text":"","src":"https:\/\/i0.wp.com\/noticiasribeiraopreto.com.br\/wp-content\/uploads\/2024\/01\/shutterstock_210539380-628x353.jpg?fit=628%2C353&ssl=1&resize=350%2C200","width":350,"height":200,"srcset":"https:\/\/i0.wp.com\/noticiasribeiraopreto.com.br\/wp-content\/uploads\/2024\/01\/shutterstock_210539380-628x353.jpg?fit=628%2C353&ssl=1&resize=350%2C200 1x, https:\/\/i0.wp.com\/noticiasribeiraopreto.com.br\/wp-content\/uploads\/2024\/01\/shutterstock_210539380-628x353.jpg?fit=628%2C353&ssl=1&resize=525%2C300 1.5x"},"classes":[]},{"id":17862,"url":"https:\/\/noticiasribeiraopreto.com.br\/index.php\/2023\/12\/19\/companhias-aereas-anunciam-plano-com-passagens-a-r-799-em-2024\/","url_meta":{"origin":18411,"position":3},"title":"Companhias a\u00e9reas anunciam plano com passagens a R$ 799 em 2024 \u2013 Folha de Ribeir\u00e3o","author":"noticiasribeiraopreto.com.br","date":"19 de December de 2023","format":false,"excerpt":"As tr\u00eas maiores companhias a\u00e9reas do Brasil \u2013\u00a0Azul, Gol\u00a0e a Latam \u2013\u00a0anunciaram, nesta segunda-feira (18), em Bras\u00edlia, oferta passagens entre R$ 699 e R$ 799 por trecho viajado em 2024.\u00a0Juntas, ir\u00e3o disponibilizar mais de 25 milh\u00f5es de bilhetes a\u00e9reos. A medida faz parte da primeira etapa do Programa de Universaliza\u00e7\u00e3o\u2026","rel":"","context":"In &quot;Not\u00edcias de Ribeir\u00e3o Preto-SP e Regi\u00e3o&quot;","block_context":{"text":"Not\u00edcias de Ribeir\u00e3o Preto-SP e Regi\u00e3o","link":"https:\/\/noticiasribeiraopreto.com.br\/index.php\/category\/noticias-de-ribeirao-preto-sp-e-regiao-ismael-colosi\/"},"img":{"alt_text":"Bras\u00edlia (DF), 18\/12\/2023, O CEO da Gol linha a\u00e9reas, Celso Ferrer, o diretor-presidente substituto da Ag\u00eancia Nacional de Avia\u00e7\u00e3o Civil, Tiago Pereira, o ministro de Portos e Aeroportos, Silvio Costa Filho, o secret\u00e1rio nacional de avia\u00e7\u00e3o civil do minist\u00e9rio de portos e aeroportos, Juliano Noman, durante entrevista coletiva para apresentar e detalhar as medidas da primeira etapa do plano de universaliza\u00e7\u00e3o do transporte a\u00e9reo.  Foto: Jose Cruz\/Ag\u00eancia Brasil","src":"https:\/\/i0.wp.com\/imagens.ebc.com.br\/wUqoTgP2NIfaHKnPj7cuBHq_pN4%3D\/463x0\/smart\/https%3A\/\/agenciabrasil.ebc.com.br\/sites\/default\/files\/thumbnails\/image\/124a4658.jpg?resize=350%2C200&ssl=1","width":350,"height":200,"srcset":"https:\/\/i0.wp.com\/imagens.ebc.com.br\/wUqoTgP2NIfaHKnPj7cuBHq_pN4%3D\/463x0\/smart\/https%3A\/\/agenciabrasil.ebc.com.br\/sites\/default\/files\/thumbnails\/image\/124a4658.jpg?resize=350%2C200&ssl=1 1x, https:\/\/i0.wp.com\/imagens.ebc.com.br\/wUqoTgP2NIfaHKnPj7cuBHq_pN4%3D\/463x0\/smart\/https%3A\/\/agenciabrasil.ebc.com.br\/sites\/default\/files\/thumbnails\/image\/124a4658.jpg?resize=525%2C300&ssl=1 1.5x, https:\/\/i0.wp.com\/imagens.ebc.com.br\/wUqoTgP2NIfaHKnPj7cuBHq_pN4%3D\/463x0\/smart\/https%3A\/\/agenciabrasil.ebc.com.br\/sites\/default\/files\/thumbnails\/image\/124a4658.jpg?resize=700%2C400&ssl=1 2x, https:\/\/i0.wp.com\/imagens.ebc.com.br\/wUqoTgP2NIfaHKnPj7cuBHq_pN4%3D\/463x0\/smart\/https%3A\/\/agenciabrasil.ebc.com.br\/sites\/default\/files\/thumbnails\/image\/124a4658.jpg?resize=1050%2C600&ssl=1 3x"},"classes":[]},{"id":17731,"url":"https:\/\/noticiasribeiraopreto.com.br\/index.php\/2023\/12\/19\/governo-anuncia-primeiras-medidas-para-reducao-dos-precos-das-passagens-aereas\/","url_meta":{"origin":18411,"position":4},"title":"Governo anuncia primeiras medidas para redu\u00e7\u00e3o dos pre\u00e7os das passagens a\u00e9reas","author":"noticiasribeiraopreto.com.br","date":"19 de December de 2023","format":false,"excerpt":"Por Luiz Ara\u00fajo O Minist\u00e9rio de Portos e Aeroportos (MPor) anunciou, nesta segunda-feira (18), as primeiras medidas para redu\u00e7\u00e3o dos pre\u00e7os das passagens a\u00e9reas. O an\u00fancio, feito em conjunto com representantes das companhias, foi focado na promessa de maior volume de promo\u00e7\u00f5es. Ainda assim, o titular do MPor, Silvio Costa\u2026","rel":"","context":"In &quot;Not\u00edcias de Ribeir\u00e3o Preto-SP e Regi\u00e3o&quot;","block_context":{"text":"Not\u00edcias de Ribeir\u00e3o Preto-SP e Regi\u00e3o","link":"https:\/\/noticiasribeiraopreto.com.br\/index.php\/category\/noticias-de-ribeirao-preto-sp-e-regiao-ismael-colosi\/"},"img":{"alt_text":"","src":"https:\/\/i0.wp.com\/noticiasribeiraopreto.com.br\/wp-content\/uploads\/2023\/12\/aviao-voando-em-um-ceu-nublado-scaled.jpg?fit=1200%2C700&ssl=1&resize=350%2C200","width":350,"height":200,"srcset":"https:\/\/i0.wp.com\/noticiasribeiraopreto.com.br\/wp-content\/uploads\/2023\/12\/aviao-voando-em-um-ceu-nublado-scaled.jpg?fit=1200%2C700&ssl=1&resize=350%2C200 1x, https:\/\/i0.wp.com\/noticiasribeiraopreto.com.br\/wp-content\/uploads\/2023\/12\/aviao-voando-em-um-ceu-nublado-scaled.jpg?fit=1200%2C700&ssl=1&resize=525%2C300 1.5x, https:\/\/i0.wp.com\/noticiasribeiraopreto.com.br\/wp-content\/uploads\/2023\/12\/aviao-voando-em-um-ceu-nublado-scaled.jpg?fit=1200%2C700&ssl=1&resize=700%2C400 2x, https:\/\/i0.wp.com\/noticiasribeiraopreto.com.br\/wp-content\/uploads\/2023\/12\/aviao-voando-em-um-ceu-nublado-scaled.jpg?fit=1200%2C700&ssl=1&resize=1050%2C600 3x"},"classes":[]},{"id":32570,"url":"https:\/\/noticiasribeiraopreto.com.br\/index.php\/2024\/01\/25\/ceu-de-brigadeiro-o-impulso-bilionario-que-faz-as-acoes-da-gol-goll4-e-azul-azul4-subirem-na-b3-hoje\/","url_meta":{"origin":18411,"position":5},"title":"C\u00e9u de brigadeiro: o impulso bilion\u00e1rio que faz as a\u00e7\u00f5es da Gol (GOLL4) e Azul (AZUL4) subirem na B3 hoje","author":"noticiasribeiraopreto.com.br","date":"25 de January de 2024","format":false,"excerpt":"Com o dia nublado em S\u00e3o Paulo e alertas de fortes chuvas em v\u00e1rios estados no Brasil, o tempo n\u00e3o est\u00e1 para voo nesta quinta-feira (25). Mas, somente nos aeroportos. Na B3, as companhias a\u00e9reas operam em condi\u00e7\u00f5es de \"c\u00e9u azul\". Por volta das 16h30 (hor\u00e1rio de Bras\u00edlia), os pap\u00e9is\u2026","rel":"","context":"In &quot;Dinheiro e Investimento&quot;","block_context":{"text":"Dinheiro e Investimento","link":"https:\/\/noticiasribeiraopreto.com.br\/index.php\/category\/dinheiro-e-investimento-como-fazer-como-ganhar\/"},"img":{"alt_text":"","src":"https:\/\/i0.wp.com\/noticiasribeiraopreto.com.br\/wp-content\/uploads\/2024\/01\/aviao-628x353.jpg?fit=628%2C353&ssl=1&resize=350%2C200","width":350,"height":200,"srcset":"https:\/\/i0.wp.com\/noticiasribeiraopreto.com.br\/wp-content\/uploads\/2024\/01\/aviao-628x353.jpg?fit=628%2C353&ssl=1&resize=350%2C200 1x, https:\/\/i0.wp.com\/noticiasribeiraopreto.com.br\/wp-content\/uploads\/2024\/01\/aviao-628x353.jpg?fit=628%2C353&ssl=1&resize=525%2C300 1.5x"},"classes":[]}],"jetpack_sharing_enabled":true,"jetpack_shortlink":"https:\/\/wp.me\/peQAOb-4MX","_links":{"self":[{"href":"https:\/\/noticiasribeiraopreto.com.br\/index.php\/wp-json\/wp\/v2\/posts\/18411","targetHints":{"allow":["GET"]}}],"collection":[{"href":"https:\/\/noticiasribeiraopreto.com.br\/index.php\/wp-json\/wp\/v2\/posts"}],"about":[{"href":"https:\/\/noticiasribeiraopreto.com.br\/index.php\/wp-json\/wp\/v2\/types\/post"}],"author":[{"embeddable":true,"href":"https:\/\/noticiasribeiraopreto.com.br\/index.php\/wp-json\/wp\/v2\/users\/1"}],"replies":[{"embeddable":true,"href":"https:\/\/noticiasribeiraopreto.com.br\/index.php\/wp-json\/wp\/v2\/comments?post=18411"}],"version-history":[{"count":0,"href":"https:\/\/noticiasribeiraopreto.com.br\/index.php\/wp-json\/wp\/v2\/posts\/18411\/revisions"}],"wp:featuredmedia":[{"embeddable":true,"href":"https:\/\/noticiasribeiraopreto.com.br\/index.php\/wp-json\/wp\/v2\/media\/18412"}],"wp:attachment":[{"href":"https:\/\/noticiasribeiraopreto.com.br\/index.php\/wp-json\/wp\/v2\/media?parent=18411"}],"wp:term":[{"taxonomy":"category","embeddable":true,"href":"https:\/\/noticiasribeiraopreto.com.br\/index.php\/wp-json\/wp\/v2\/categories?post=18411"},{"taxonomy":"post_tag","embeddable":true,"href":"https:\/\/noticiasribeiraopreto.com.br\/index.php\/wp-json\/wp\/v2\/tags?post=18411"}],"curies":[{"name":"wp","href":"https:\/\/api.w.org\/{rel}","templated":true}]}}