{"id":18413,"date":"2023-12-20T12:05:20","date_gmt":"2023-12-20T15:05:20","guid":{"rendered":"https:\/\/noticiasribeiraopreto.com.br\/index.php\/2023\/12\/20\/segundo-colunista-alexandre-correa-tem-nova-acusacao-dos-crimes-de-associacao-criminosa-e-esquema-de-piramide\/"},"modified":"2023-12-20T12:05:20","modified_gmt":"2023-12-20T15:05:20","slug":"segundo-colunista-alexandre-correa-tem-nova-acusacao-dos-crimes-de-associacao-criminosa-e-esquema-de-piramide","status":"publish","type":"post","link":"https:\/\/noticiasribeiraopreto.com.br\/index.php\/2023\/12\/20\/segundo-colunista-alexandre-correa-tem-nova-acusacao-dos-crimes-de-associacao-criminosa-e-esquema-de-piramide\/","title":{"rendered":"Segundo colunista, Alexandre Correa tem nova acusa\u00e7\u00e3o dos crimes de associa\u00e7\u00e3o criminosa e esquema de pir\u00e2mide"},"content":{"rendered":"<div class='code-block code-block-1' style='margin: 8px 0 8px auto; text-align: right; display: block; clear: both;'>\n<p><a href=\"https:\/\/wa.link\/vpicfd\"><img data-recalc-dims=\"1\" class=\"wp-image-4922\" style=\"aspect-ratio: 2.0253164556962027; width: 561px; height: auto;\" src=\"https:\/\/i0.wp.com\/ismaelcolosi.com.br\/wp-content\/uploads\/2023\/11\/grupo-de-empregos-whatsapp-e-facebook-ismael-colosi-vagas.jpg?ssl=1\" alt=\"\" \/><\/a><\/p>\n<!-- \/wp:image -->\n<\/div>\n<p> <br \/>\n<\/p>\n<div itemprop=\"text\">\n<p>Em meio a diversos processos abertos, o ex casal Ana Hickmann e Alexandre Correa parece que n\u00e3o v\u00e3o parar de se enfrentar judicialmente t\u00e3o cedo.<\/p>\n<p>Na \u00faltima ter\u00e7a feira, 19 de dezembro, segundo a colunista M\u00f4nica Bergamo, a apresentadora registrou uma not\u00edcia-crime na Delegacia Geral de Pol\u00edcia de S\u00e3o Paulo contra Alexandre.<\/p>\n<p>Segundo ela, ele estaria envolvido nos crimes de falsidade documental, falsidade ideol\u00f3gica, uso de documentos falsos, lavagem de dinheiro, associa\u00e7\u00e3o criminosa, estelionato e crime contra a economia popular.<\/p>\n<p>A suspeita do esquema milion\u00e1rio do esquema de pir\u00e2mide teria sido descoberta por uma per\u00edcia particular contratada pela defesa de Ana Hickmann.<\/p>\n<div class=\"code-block code-block-9\" style=\"margin: 8px auto; text-align: center; display: block; clear: both;\">\n<p><span style=\"font-size: xx-small;\"><b>PUBLICIDADE<\/b><\/span><\/p>\n<div class=\"separator\" style=\"clear: both; text-align: center;\"><a href=\"https:\/\/breeze.bet\/?c=1&amp;utm_source=fbs\" imageanchor=\"1\" style=\"margin-left: 1em; margin-right: 1em;\" target=\"_blank\" rel=\"noopener\"><img data-recalc-dims=\"1\" loading=\"lazy\" decoding=\"async\" border=\"0\" data-original-height=\"250\" data-original-width=\"300\" height=\"250\" src=\"https:\/\/i0.wp.com\/blogger.googleusercontent.com\/img\/b\/R29vZ2xl\/AVvXsEhHMStsQpenim-wcfJXHMndm0o0P6BrbXYcb_zvAoVvLcdQw8AP_XKlfa98ltKcznGeZ-LpsBl2FxLCp8WOYwgFSB3cRFm5w-61F-0aTWm387IgHB-GZMFhX20JbEzho8NVK1flhSUYOat_fFInLDqTMO3djGgM3zf7gMkbu8Ut7Zlm-7-ZYF292G63voBG\/s1600\/at%C3%A9%20X2500.png?resize=300%2C250&#038;ssl=1\" width=\"300\"\/><\/a><\/div>\n<\/div>\n<p>No esquema, Alexandre, funcion\u00e1rios da pr\u00f3pria empresa, de um cart\u00f3rio e um banco estariam envolvidos. Segundo a den\u00fancia, Alexandre teria recebido valores milion\u00e1rios. A defesa do empres\u00e1rio n\u00e3o se manifestou.<\/p>\n<p>O ex casal se separou ap\u00f3s uma briga na resid\u00eancia em que moravam terminar com um registro de um boletim de ocorr\u00eancia feito por Ana contra o pai de seu filho. Segundo ela, ela foi agredida por ele e amea\u00e7ada de levar uma cabe\u00e7ada.<\/p>\n<p>Ana exp\u00f4s detalhes do momento da briga em entrevista ao Domingo Espetacular e chegou a exibir o hematoma em seu bra\u00e7o que alegou ter sido feito por ele. Alexandre nega todas as acusa\u00e7\u00f5es e acusou a apresentadora de aliena\u00e7\u00e3o parental, por ter ficado 30 dias sem ver o filho. Atualmente, ele passar\u00e1 a conviver com o filho com dias determinados pela justi\u00e7a.<\/p>\n<\/div>\n<p><br \/>\n<br \/><a href=\"https:\/\/fnmais.com\/segundo-colunista-alexandre-correa-tem-nova-acusacao-crimes-associacao-criminosa-esquema-piramide\/\">Source link <\/a><\/p>\n<!-- CONTENT END 1 -->\n","protected":false},"excerpt":{"rendered":"<p>Em meio a diversos processos abertos, o ex casal Ana Hickmann e Alexandre Correa parece que n\u00e3o v\u00e3o parar de se enfrentar judicialmente t\u00e3o cedo&#8230;.<\/p>\n","protected":false},"author":1,"featured_media":18414,"comment_status":"open","ping_status":"open","sticky":false,"template":"","format":"standard","meta":{"advanced_seo_description":"","jetpack_seo_html_title":"","jetpack_seo_noindex":false,"jetpack_post_was_ever_published":false,"_jetpack_newsletter_access":"","_jetpack_dont_email_post_to_subs":false,"_jetpack_newsletter_tier_id":0,"_jetpack_memberships_contains_paywalled_content":false,"_jetpack_memberships_contains_paid_content":false,"footnotes":"","jetpack_publicize_message":"","jetpack_publicize_feature_enabled":true,"jetpack_social_post_already_shared":true,"jetpack_social_options":{"image_generator_settings":{"template":"highway","default_image_id":0,"font":"","enabled":false},"version":2}},"categories":[1],"tags":[],"class_list":["post-18413","post","type-post","status-publish","format-standard","has-post-thumbnail","hentry","category-blog"],"jetpack_publicize_connections":[],"jetpack_featured_media_url":"https:\/\/i0.wp.com\/noticiasribeiraopreto.com.br\/wp-content\/uploads\/2023\/12\/postimg-658302489619c9192.jpg?fit=1200%2C628&ssl=1","jetpack-related-posts":[{"id":18448,"url":"https:\/\/noticiasribeiraopreto.com.br\/index.php\/2023\/12\/20\/bomba-alem-de-agressao-ana-hickmann-denuncia-outros-crimes-graves-de-alexandre-correa\/","url_meta":{"origin":18413,"position":0},"title":"Bomba! Al\u00e9m de agress\u00e3o, Ana Hickmann denuncia outros crimes graves de Alexandre Correa","author":"noticiasribeiraopreto.com.br","date":"20 de December de 2023","format":false,"excerpt":"A vida pessoal da apresentadora Ana Hickmann n\u00e3o para de render assunto nos portais de not\u00edcias e redes sociais desde que ela denunciou o marido por agress\u00e3o. A famosa, de 42 anos, foi agredida fisicamente por Alexandre Correa e fez um boletim de ocorr\u00eancia na delegacia de Itu, no interior\u2026","rel":"","context":"In &quot;Blog&quot;","block_context":{"text":"Blog","link":"https:\/\/noticiasribeiraopreto.com.br\/index.php\/category\/blog\/"},"img":{"alt_text":"","src":"https:\/\/i0.wp.com\/noticiasribeiraopreto.com.br\/wp-content\/uploads\/2023\/12\/postimg-6582eaee3d2f03256.jpg?fit=1200%2C628&ssl=1&resize=350%2C200","width":350,"height":200,"srcset":"https:\/\/i0.wp.com\/noticiasribeiraopreto.com.br\/wp-content\/uploads\/2023\/12\/postimg-6582eaee3d2f03256.jpg?fit=1200%2C628&ssl=1&resize=350%2C200 1x, https:\/\/i0.wp.com\/noticiasribeiraopreto.com.br\/wp-content\/uploads\/2023\/12\/postimg-6582eaee3d2f03256.jpg?fit=1200%2C628&ssl=1&resize=525%2C300 1.5x, https:\/\/i0.wp.com\/noticiasribeiraopreto.com.br\/wp-content\/uploads\/2023\/12\/postimg-6582eaee3d2f03256.jpg?fit=1200%2C628&ssl=1&resize=700%2C400 2x, https:\/\/i0.wp.com\/noticiasribeiraopreto.com.br\/wp-content\/uploads\/2023\/12\/postimg-6582eaee3d2f03256.jpg?fit=1200%2C628&ssl=1&resize=1050%2C600 3x"},"classes":[]},{"id":14996,"url":"https:\/\/noticiasribeiraopreto.com.br\/index.php\/2023\/12\/12\/nova-acusacao-alega-que-alexandre-correa-desviou-r-25-milhoes\/","url_meta":{"origin":18413,"position":1},"title":"nova acusa\u00e7\u00e3o alega que Alexandre Correa desviou R$ 25 milh\u00f5es","author":"noticiasribeiraopreto.com.br","date":"12 de December de 2023","format":false,"excerpt":"A vida da apresentadora Ana Hickmann segue com mais uma novidade. Ap\u00f3s ter entrado com um processo de separa\u00e7\u00e3o alegando ter sido agredida por Alexandre Correa, agora ela acusa o marido de desvio de dinheiro.Segundo ela, o ex marido teria desviado pelo menos R$ 25 milh\u00f5es de reais da conta\u2026","rel":"","context":"In &quot;Blog&quot;","block_context":{"text":"Blog","link":"https:\/\/noticiasribeiraopreto.com.br\/index.php\/category\/blog\/"},"img":{"alt_text":"","src":"https:\/\/i0.wp.com\/noticiasribeiraopreto.com.br\/wp-content\/uploads\/2023\/12\/postimg-6578f4cd082202750.jpg?fit=1200%2C628&ssl=1&resize=350%2C200","width":350,"height":200,"srcset":"https:\/\/i0.wp.com\/noticiasribeiraopreto.com.br\/wp-content\/uploads\/2023\/12\/postimg-6578f4cd082202750.jpg?fit=1200%2C628&ssl=1&resize=350%2C200 1x, https:\/\/i0.wp.com\/noticiasribeiraopreto.com.br\/wp-content\/uploads\/2023\/12\/postimg-6578f4cd082202750.jpg?fit=1200%2C628&ssl=1&resize=525%2C300 1.5x, https:\/\/i0.wp.com\/noticiasribeiraopreto.com.br\/wp-content\/uploads\/2023\/12\/postimg-6578f4cd082202750.jpg?fit=1200%2C628&ssl=1&resize=700%2C400 2x, https:\/\/i0.wp.com\/noticiasribeiraopreto.com.br\/wp-content\/uploads\/2023\/12\/postimg-6578f4cd082202750.jpg?fit=1200%2C628&ssl=1&resize=1050%2C600 3x"},"classes":[]},{"id":76391,"url":"https:\/\/noticiasribeiraopreto.com.br\/index.php\/2025\/08\/28\/megaoperacao-investiga-esquema-bilionario-de-combustiveis-controlado-pelo-crime-organizado\/","url_meta":{"origin":18413,"position":2},"title":"Megaopera\u00e7\u00e3o investiga esquema bilion\u00e1rio de combust\u00edveis controlado pelo crime organizado","author":"noticiasribeiraopreto.com.br","date":"28 de August de 2025","format":false,"excerpt":"Uma for\u00e7a-tarefa nacional com cerca de 1.400 agentes cumpre, na manh\u00e3 desta quinta-feira (28), cerca de 350 mandados de busca e apreens\u00e3o em oito estados brasileiros para desarticular um esquema de fraudes e lavagem de dinheiro no setor de combust\u00edveis controlado pelo crime organizado. Na regi\u00e3o, mandados est\u00e3o sendo cumpridos\u2026","rel":"","context":"In &quot;Not\u00edcias de Ribeir\u00e3o Preto-SP e Regi\u00e3o&quot;","block_context":{"text":"Not\u00edcias de Ribeir\u00e3o Preto-SP e Regi\u00e3o","link":"https:\/\/noticiasribeiraopreto.com.br\/index.php\/category\/noticias-de-ribeirao-preto-sp-e-regiao-ismael-colosi\/"},"img":{"alt_text":"","src":"https:\/\/i0.wp.com\/noticiasribeiraopreto.com.br\/wp-content\/uploads\/2025\/08\/Copia-de-Copia-de-Copia-de-TAMANHO-EXATO-PARA-FOTOS-NO-SISTEMA-NOVO-2025-08-28T082231.866_2025-08-28_11-22-38.webp.webp?fit=1200%2C675&ssl=1&resize=350%2C200","width":350,"height":200,"srcset":"https:\/\/i0.wp.com\/noticiasribeiraopreto.com.br\/wp-content\/uploads\/2025\/08\/Copia-de-Copia-de-Copia-de-TAMANHO-EXATO-PARA-FOTOS-NO-SISTEMA-NOVO-2025-08-28T082231.866_2025-08-28_11-22-38.webp.webp?fit=1200%2C675&ssl=1&resize=350%2C200 1x, https:\/\/i0.wp.com\/noticiasribeiraopreto.com.br\/wp-content\/uploads\/2025\/08\/Copia-de-Copia-de-Copia-de-TAMANHO-EXATO-PARA-FOTOS-NO-SISTEMA-NOVO-2025-08-28T082231.866_2025-08-28_11-22-38.webp.webp?fit=1200%2C675&ssl=1&resize=525%2C300 1.5x, https:\/\/i0.wp.com\/noticiasribeiraopreto.com.br\/wp-content\/uploads\/2025\/08\/Copia-de-Copia-de-Copia-de-TAMANHO-EXATO-PARA-FOTOS-NO-SISTEMA-NOVO-2025-08-28T082231.866_2025-08-28_11-22-38.webp.webp?fit=1200%2C675&ssl=1&resize=700%2C400 2x, https:\/\/i0.wp.com\/noticiasribeiraopreto.com.br\/wp-content\/uploads\/2025\/08\/Copia-de-Copia-de-Copia-de-TAMANHO-EXATO-PARA-FOTOS-NO-SISTEMA-NOVO-2025-08-28T082231.866_2025-08-28_11-22-38.webp.webp?fit=1200%2C675&ssl=1&resize=1050%2C600 3x"},"classes":[]},{"id":50400,"url":"https:\/\/noticiasribeiraopreto.com.br\/index.php\/2024\/05\/16\/pf-de-ribeirao-faz-operacao-contra-lavagem-de-dinheiro-do-trafico-de-drogas-e-contrabando\/","url_meta":{"origin":18413,"position":3},"title":"PF de Ribeir\u00e3o faz opera\u00e7\u00e3o contra lavagem de dinheiro do tr\u00e1fico de drogas e contrabando","author":"noticiasribeiraopreto.com.br","date":"16 de May de 2024","format":false,"excerpt":"A PF (Pol\u00edcia Federal) de Ribeir\u00e3o Preto deflagrou nesta quinta-feira (16) a opera\u00e7\u00e3o Pallium contra uma quadrilha suspeita de integrar em um esquema de lavagem de dinheiro do tr\u00e1fico de drogas e de contrabando. Segundo a PF, s\u00e3o cumpridos 20 mandados de busca em dez cidades localizadas nos estados de\u2026","rel":"","context":"In &quot;Not\u00edcias de Ribeir\u00e3o Preto-SP e Regi\u00e3o&quot;","block_context":{"text":"Not\u00edcias de Ribeir\u00e3o Preto-SP e Regi\u00e3o","link":"https:\/\/noticiasribeiraopreto.com.br\/index.php\/category\/noticias-de-ribeirao-preto-sp-e-regiao-ismael-colosi\/"},"img":{"alt_text":"","src":"https:\/\/i0.wp.com\/noticiasribeiraopreto.com.br\/wp-content\/uploads\/2024\/05\/WhatsApp-Image-2024-05-16-at-08.09.44_2024-05-16_12-05-48_jpeg_2024-05-16_12-05-48.webp.webp?fit=1200%2C554&ssl=1&resize=350%2C200","width":350,"height":200,"srcset":"https:\/\/i0.wp.com\/noticiasribeiraopreto.com.br\/wp-content\/uploads\/2024\/05\/WhatsApp-Image-2024-05-16-at-08.09.44_2024-05-16_12-05-48_jpeg_2024-05-16_12-05-48.webp.webp?fit=1200%2C554&ssl=1&resize=350%2C200 1x, https:\/\/i0.wp.com\/noticiasribeiraopreto.com.br\/wp-content\/uploads\/2024\/05\/WhatsApp-Image-2024-05-16-at-08.09.44_2024-05-16_12-05-48_jpeg_2024-05-16_12-05-48.webp.webp?fit=1200%2C554&ssl=1&resize=525%2C300 1.5x, https:\/\/i0.wp.com\/noticiasribeiraopreto.com.br\/wp-content\/uploads\/2024\/05\/WhatsApp-Image-2024-05-16-at-08.09.44_2024-05-16_12-05-48_jpeg_2024-05-16_12-05-48.webp.webp?fit=1200%2C554&ssl=1&resize=700%2C400 2x, https:\/\/i0.wp.com\/noticiasribeiraopreto.com.br\/wp-content\/uploads\/2024\/05\/WhatsApp-Image-2024-05-16-at-08.09.44_2024-05-16_12-05-48_jpeg_2024-05-16_12-05-48.webp.webp?fit=1200%2C554&ssl=1&resize=1050%2C600 3x"},"classes":[]},{"id":7273,"url":"https:\/\/noticiasribeiraopreto.com.br\/index.php\/2023\/11\/27\/alexandre-alega-estar-sendo-vitima-e-acusa-ana-hickmann-de-perseguicao-obsessiva\/","url_meta":{"origin":18413,"position":4},"title":"Alexandre alega estar sendo v\u00edtima e acusa Ana Hickmann de &#8216;persegui\u00e7\u00e3o obsessiva&#8217;","author":"noticiasribeiraopreto.com.br","date":"27 de November de 2023","format":false,"excerpt":"No \u00faltimo domingo (26\/11), uma reportagem especial sobre o caso Ana Hickmann deu o que falar. Em entrevista, a apresentadora fez fortes revela\u00e7\u00f5es e acusa\u00e7\u00f5es contra o empres\u00e1rio Alexandre Correa.Os dois viveram um relacionamento por cerca de 25 anos, mas o t\u00e9rmino da rela\u00e7\u00e3o tem sido conturbado. Os dois est\u00e3o\u2026","rel":"","context":"In &quot;Blog&quot;","block_context":{"text":"Blog","link":"https:\/\/noticiasribeiraopreto.com.br\/index.php\/category\/blog\/"},"img":{"alt_text":"","src":"https:\/\/i0.wp.com\/noticiasribeiraopreto.com.br\/wp-content\/uploads\/2023\/11\/postimg-65652f87a3a619659.jpg?fit=1200%2C628&ssl=1&resize=350%2C200","width":350,"height":200,"srcset":"https:\/\/i0.wp.com\/noticiasribeiraopreto.com.br\/wp-content\/uploads\/2023\/11\/postimg-65652f87a3a619659.jpg?fit=1200%2C628&ssl=1&resize=350%2C200 1x, https:\/\/i0.wp.com\/noticiasribeiraopreto.com.br\/wp-content\/uploads\/2023\/11\/postimg-65652f87a3a619659.jpg?fit=1200%2C628&ssl=1&resize=525%2C300 1.5x, https:\/\/i0.wp.com\/noticiasribeiraopreto.com.br\/wp-content\/uploads\/2023\/11\/postimg-65652f87a3a619659.jpg?fit=1200%2C628&ssl=1&resize=700%2C400 2x, https:\/\/i0.wp.com\/noticiasribeiraopreto.com.br\/wp-content\/uploads\/2023\/11\/postimg-65652f87a3a619659.jpg?fit=1200%2C628&ssl=1&resize=1050%2C600 3x"},"classes":[]},{"id":9967,"url":"https:\/\/noticiasribeiraopreto.com.br\/index.php\/2023\/12\/03\/alexandre-correa-desiste-de-acao-de-divorcio-contra-ana-hickmann-apos-receber-noticia-que-o-emocionou\/","url_meta":{"origin":18413,"position":5},"title":"Alexandre Correa desiste de a\u00e7\u00e3o de div\u00f3rcio contra Ana Hickmann ap\u00f3s receber not\u00edcia que o emocionou","author":"noticiasribeiraopreto.com.br","date":"3 de December de 2023","format":false,"excerpt":"Alexandre Correa decidiu retirar a a\u00e7\u00e3o de div\u00f3rcio que havia movido contra Ana Hickmann. Segundo informa\u00e7\u00f5es, o processo de separa\u00e7\u00e3o do casal prossegue, mas agora sob uma a\u00e7\u00e3o iniciada pela funcion\u00e1ria da Record.O advogado Enio Martins, representante de Alexandre Correa, em entrevista ao Estad\u00e3o, explicou que a desist\u00eancia ocorreu ap\u00f3s\u2026","rel":"","context":"In &quot;Blog&quot;","block_context":{"text":"Blog","link":"https:\/\/noticiasribeiraopreto.com.br\/index.php\/category\/blog\/"},"img":{"alt_text":"","src":"https:\/\/i0.wp.com\/noticiasribeiraopreto.com.br\/wp-content\/uploads\/2023\/12\/postimg-656c8d9fa0fe08046.jpg?fit=1200%2C628&ssl=1&resize=350%2C200","width":350,"height":200,"srcset":"https:\/\/i0.wp.com\/noticiasribeiraopreto.com.br\/wp-content\/uploads\/2023\/12\/postimg-656c8d9fa0fe08046.jpg?fit=1200%2C628&ssl=1&resize=350%2C200 1x, https:\/\/i0.wp.com\/noticiasribeiraopreto.com.br\/wp-content\/uploads\/2023\/12\/postimg-656c8d9fa0fe08046.jpg?fit=1200%2C628&ssl=1&resize=525%2C300 1.5x, https:\/\/i0.wp.com\/noticiasribeiraopreto.com.br\/wp-content\/uploads\/2023\/12\/postimg-656c8d9fa0fe08046.jpg?fit=1200%2C628&ssl=1&resize=700%2C400 2x, https:\/\/i0.wp.com\/noticiasribeiraopreto.com.br\/wp-content\/uploads\/2023\/12\/postimg-656c8d9fa0fe08046.jpg?fit=1200%2C628&ssl=1&resize=1050%2C600 3x"},"classes":[]}],"jetpack_sharing_enabled":true,"jetpack_shortlink":"https:\/\/wp.me\/peQAOb-4MZ","_links":{"self":[{"href":"https:\/\/noticiasribeiraopreto.com.br\/index.php\/wp-json\/wp\/v2\/posts\/18413","targetHints":{"allow":["GET"]}}],"collection":[{"href":"https:\/\/noticiasribeiraopreto.com.br\/index.php\/wp-json\/wp\/v2\/posts"}],"about":[{"href":"https:\/\/noticiasribeiraopreto.com.br\/index.php\/wp-json\/wp\/v2\/types\/post"}],"author":[{"embeddable":true,"href":"https:\/\/noticiasribeiraopreto.com.br\/index.php\/wp-json\/wp\/v2\/users\/1"}],"replies":[{"embeddable":true,"href":"https:\/\/noticiasribeiraopreto.com.br\/index.php\/wp-json\/wp\/v2\/comments?post=18413"}],"version-history":[{"count":0,"href":"https:\/\/noticiasribeiraopreto.com.br\/index.php\/wp-json\/wp\/v2\/posts\/18413\/revisions"}],"wp:featuredmedia":[{"embeddable":true,"href":"https:\/\/noticiasribeiraopreto.com.br\/index.php\/wp-json\/wp\/v2\/media\/18414"}],"wp:attachment":[{"href":"https:\/\/noticiasribeiraopreto.com.br\/index.php\/wp-json\/wp\/v2\/media?parent=18413"}],"wp:term":[{"taxonomy":"category","embeddable":true,"href":"https:\/\/noticiasribeiraopreto.com.br\/index.php\/wp-json\/wp\/v2\/categories?post=18413"},{"taxonomy":"post_tag","embeddable":true,"href":"https:\/\/noticiasribeiraopreto.com.br\/index.php\/wp-json\/wp\/v2\/tags?post=18413"}],"curies":[{"name":"wp","href":"https:\/\/api.w.org\/{rel}","templated":true}]}}