{"id":18424,"date":"2023-12-20T12:22:41","date_gmt":"2023-12-20T15:22:41","guid":{"rendered":"https:\/\/noticiasribeiraopreto.com.br\/index.php\/2023\/12\/20\/morre-a-atriz-veterana-que-ganhou-destaque-por-seus-trabalhos-prefeitura-decreta-luto-oficial\/"},"modified":"2023-12-20T12:22:41","modified_gmt":"2023-12-20T15:22:41","slug":"morre-a-atriz-veterana-que-ganhou-destaque-por-seus-trabalhos-prefeitura-decreta-luto-oficial","status":"publish","type":"post","link":"https:\/\/noticiasribeiraopreto.com.br\/index.php\/2023\/12\/20\/morre-a-atriz-veterana-que-ganhou-destaque-por-seus-trabalhos-prefeitura-decreta-luto-oficial\/","title":{"rendered":"Morre a atriz veterana que ganhou destaque por seus trabalhos; prefeitura decreta luto oficial"},"content":{"rendered":"<div class='code-block code-block-1' style='margin: 8px 0 8px auto; text-align: right; display: block; clear: both;'>\n<p><a href=\"https:\/\/wa.link\/vpicfd\"><img data-recalc-dims=\"1\" class=\"wp-image-4922\" style=\"aspect-ratio: 2.0253164556962027; width: 561px; height: auto;\" src=\"https:\/\/i0.wp.com\/ismaelcolosi.com.br\/wp-content\/uploads\/2023\/11\/grupo-de-empregos-whatsapp-e-facebook-ismael-colosi-vagas.jpg?ssl=1\" alt=\"\" \/><\/a><\/p>\n<!-- \/wp:image -->\n<\/div>\n<p> <br \/>\n<\/p>\n<div itemprop=\"text\">\n<p>Na tarde da \u00faltima ter\u00e7a-feira (19\/12), foi a \u00f3bito a atriz Nitis Jacon, que tinha 88 anos de idade. A artista faleceu na cidade de Arapongas, no norte do Paran\u00e1, onde morava atualmente. At\u00e9 o encerramento desta nota, a causa da morte da famosa ainda n\u00e3o havia sido divulgada ao p\u00fablico.<\/p>\n<p>Nascida em Len\u00e7\u00f3is Paulista, no interior do estado, Nitis passou a ser considerada uma das pessoas mais influentes e importante da cultura paranaense devido a qualidade de seus trabalhos no meio art\u00edstico. Ainda muito pequena, j\u00e1 apresentava gosto pela leitura, o que a impulsinou para esta profiss\u00e3o que exerceu com maestria.<\/p>\n<p><img data-recalc-dims=\"1\" decoding=\"async\" src=\"https:\/\/i0.wp.com\/fnmais.com\/wp-content\/uploads\/2023\/12\/postiimg-6582eb7a13f031688.jpeg?ssl=1\" alt=\"Nitis Jacon Foto Arquivo\"\/><\/p>\n<p>Al\u00e9m de atriz, Nitis tamb\u00e9m atuou como m\u00e9dica e diretora teatral, deixando seu talento em evid\u00eancia. A artista ainda trabalhou no cargo de vice-reitora da Universidade Estadual de Londrina (UEL), diretora dos Grupos de Teatro de Arapongas e M\u00e9dica Psiquiatra e Diretora da Casa de Sa\u00fade de Rol\u00e2ndia.<\/p>\n<div class=\"code-block code-block-9\" style=\"margin: 8px auto; text-align: center; display: block; clear: both;\">\n<p><span style=\"font-size: xx-small;\"><b>PUBLICIDADE<\/b><\/span><\/p>\n<div class=\"separator\" style=\"clear: both; text-align: center;\"><a href=\"https:\/\/breeze.bet\/?c=1&amp;utm_source=fbs\" imageanchor=\"1\" style=\"margin-left: 1em; margin-right: 1em;\" target=\"_blank\" rel=\"noopener\"><img data-recalc-dims=\"1\" loading=\"lazy\" decoding=\"async\" border=\"0\" data-original-height=\"250\" data-original-width=\"300\" height=\"250\" src=\"https:\/\/i0.wp.com\/blogger.googleusercontent.com\/img\/b\/R29vZ2xl\/AVvXsEhHMStsQpenim-wcfJXHMndm0o0P6BrbXYcb_zvAoVvLcdQw8AP_XKlfa98ltKcznGeZ-LpsBl2FxLCp8WOYwgFSB3cRFm5w-61F-0aTWm387IgHB-GZMFhX20JbEzho8NVK1flhSUYOat_fFInLDqTMO3djGgM3zf7gMkbu8Ut7Zlm-7-ZYF292G63voBG\/s1600\/at%C3%A9%20X2500.png?resize=300%2C250&#038;ssl=1\" width=\"300\"\/><\/a><\/div>\n<\/div>\n<p>Ap\u00f3s a confirma\u00e7\u00e3o da morte de Nitis, a prefeitura de Londrina declarou luto oficial pela perda da artista. Amigos, familiares e os f\u00e3s que acompanharam sua trajet\u00f3ria art\u00edstica lamentaram a partida da famosa por meio das redes sociais.<\/p>\n<p>A prefeitura de Londrina decretou luto oficial de pela morta de Nitis. O corpo da artista deve ser levado \u00e0s 10h desta quarta-feira na cidade onde ela morava. O enterro ser\u00e1 no Cemit\u00e9rio Jardim das Ac\u00e1cias.<\/p>\n<p>A causa da morte de Nitis pode ser divulgada a qualquer momento.<\/p>\n<\/div>\n<p><br \/>\n<br \/><a href=\"https:\/\/fnmais.com\/morre-atriz-veterana-que-ganhou-destaque-por-seus-trabalhos-prefeitura-decreta-luto-oficial\/\">Source link <\/a><\/p>\n<!-- CONTENT END 1 -->\n","protected":false},"excerpt":{"rendered":"<p>Na tarde da \u00faltima ter\u00e7a-feira (19\/12), foi a \u00f3bito a atriz Nitis Jacon, que tinha 88 anos de idade. A artista faleceu na cidade de&#8230;<\/p>\n","protected":false},"author":1,"featured_media":18425,"comment_status":"open","ping_status":"open","sticky":false,"template":"","format":"standard","meta":{"advanced_seo_description":"","jetpack_seo_html_title":"","jetpack_seo_noindex":false,"jetpack_post_was_ever_published":false,"_jetpack_newsletter_access":"","_jetpack_dont_email_post_to_subs":false,"_jetpack_newsletter_tier_id":0,"_jetpack_memberships_contains_paywalled_content":false,"_jetpack_memberships_contains_paid_content":false,"footnotes":"","jetpack_publicize_message":"","jetpack_publicize_feature_enabled":true,"jetpack_social_post_already_shared":true,"jetpack_social_options":{"image_generator_settings":{"template":"highway","default_image_id":0,"font":"","enabled":false},"version":2}},"categories":[1],"tags":[],"class_list":["post-18424","post","type-post","status-publish","format-standard","has-post-thumbnail","hentry","category-blog"],"jetpack_publicize_connections":[],"jetpack_featured_media_url":"https:\/\/i0.wp.com\/noticiasribeiraopreto.com.br\/wp-content\/uploads\/2023\/12\/postimg-6582eb7c6caf88719.jpg?fit=1200%2C628&ssl=1","jetpack-related-posts":[{"id":2428,"url":"https:\/\/noticiasribeiraopreto.com.br\/index.php\/2023\/11\/15\/quem-era-isis-freitas-atriz-que-perdeu-sua-vida-precocemente-aos-22-anos-famosos-lamentaram\/","url_meta":{"origin":18424,"position":0},"title":"Quem era Isis Freitas, atriz que perdeu sua vida precocemente aos 22 anos; famosos lamentaram","author":"noticiasribeiraopreto.com.br","date":"15 de November de 2023","format":false,"excerpt":"Neste domingo, dia 12 de novembro, foi anunciada a morte da atriz Isis Freira que morreu precocemente aos 22 anos de idade. A informa\u00e7\u00e3o chegou a ser confirmada por sua equipe nas redes sociais, mas a causa de sua morte, por enquanto, n\u00e3o foi informada.\u201c\u00c9 com muito pesar e tristeza\u2026","rel":"","context":"In &quot;Blog&quot;","block_context":{"text":"Blog","link":"https:\/\/noticiasribeiraopreto.com.br\/index.php\/category\/blog\/"},"img":{"alt_text":"","src":"https:\/\/i0.wp.com\/noticiasribeiraopreto.com.br\/wp-content\/uploads\/2023\/11\/postimg-65537b09ec7af1451.jpg?fit=1200%2C628&ssl=1&resize=350%2C200","width":350,"height":200,"srcset":"https:\/\/i0.wp.com\/noticiasribeiraopreto.com.br\/wp-content\/uploads\/2023\/11\/postimg-65537b09ec7af1451.jpg?fit=1200%2C628&ssl=1&resize=350%2C200 1x, https:\/\/i0.wp.com\/noticiasribeiraopreto.com.br\/wp-content\/uploads\/2023\/11\/postimg-65537b09ec7af1451.jpg?fit=1200%2C628&ssl=1&resize=525%2C300 1.5x, https:\/\/i0.wp.com\/noticiasribeiraopreto.com.br\/wp-content\/uploads\/2023\/11\/postimg-65537b09ec7af1451.jpg?fit=1200%2C628&ssl=1&resize=700%2C400 2x, https:\/\/i0.wp.com\/noticiasribeiraopreto.com.br\/wp-content\/uploads\/2023\/11\/postimg-65537b09ec7af1451.jpg?fit=1200%2C628&ssl=1&resize=1050%2C600 3x"},"classes":[]},{"id":5380,"url":"https:\/\/noticiasribeiraopreto.com.br\/index.php\/2023\/11\/23\/atriz-falece-poucos-meses-apos-diagnostico-de-tumor-no-cerebro-sua-ultima-publicacao-causa-comocao\/","url_meta":{"origin":18424,"position":1},"title":"Atriz falece poucos meses ap\u00f3s diagn\u00f3stico de tumor no c\u00e9rebro; sua \u00faltima publica\u00e7\u00e3o causa como\u00e7\u00e3o","author":"noticiasribeiraopreto.com.br","date":"23 de November de 2023","format":false,"excerpt":"Uma atriz, apresentadora e modelo morreu apenas poucos meses depois de ter recebido o diagn\u00f3stico de c\u00e2ncer na regi\u00e3o de seu c\u00e9rebro. A morte dela causou como\u00e7\u00e3o por conta de sua \u00faltima publica\u00e7\u00e3o nas redes sociais.Annabel Giles partiu aos 64 anos de idade. Ela descobriu a doen\u00e7a em julho de\u2026","rel":"","context":"In &quot;Blog&quot;","block_context":{"text":"Blog","link":"https:\/\/noticiasribeiraopreto.com.br\/index.php\/category\/blog\/"},"img":{"alt_text":"","src":"https:\/\/i0.wp.com\/noticiasribeiraopreto.com.br\/wp-content\/uploads\/2023\/11\/postimg-655f8a8d10fd02713.jpg?fit=1200%2C628&ssl=1&resize=350%2C200","width":350,"height":200,"srcset":"https:\/\/i0.wp.com\/noticiasribeiraopreto.com.br\/wp-content\/uploads\/2023\/11\/postimg-655f8a8d10fd02713.jpg?fit=1200%2C628&ssl=1&resize=350%2C200 1x, https:\/\/i0.wp.com\/noticiasribeiraopreto.com.br\/wp-content\/uploads\/2023\/11\/postimg-655f8a8d10fd02713.jpg?fit=1200%2C628&ssl=1&resize=525%2C300 1.5x, https:\/\/i0.wp.com\/noticiasribeiraopreto.com.br\/wp-content\/uploads\/2023\/11\/postimg-655f8a8d10fd02713.jpg?fit=1200%2C628&ssl=1&resize=700%2C400 2x, https:\/\/i0.wp.com\/noticiasribeiraopreto.com.br\/wp-content\/uploads\/2023\/11\/postimg-655f8a8d10fd02713.jpg?fit=1200%2C628&ssl=1&resize=1050%2C600 3x"},"classes":[]},{"id":45960,"url":"https:\/\/noticiasribeiraopreto.com.br\/index.php\/2024\/04\/08\/zendaya-e-uma-atriz-vibrante-afirma-luca-guadagnino-sobre-protagonismo-da-artista-em-rivais\/","url_meta":{"origin":18424,"position":2},"title":"&#8220;Zendaya \u00e9 uma atriz vibrante&#8221;, afirma Luca Guadagnino sobre protagonismo da artista em Rivais","author":"noticiasribeiraopreto.com.br","date":"8 de April de 2024","format":false,"excerpt":"\u201cZendaya \u00e9 uma atriz vibrante\u201d, afirma Luca Guadagnino sobre protagonismo da artista em RivaisFilme que estreia em 25 de abril nos cinemas brasileiros marca o primeiro trabalho do diretor italiano com a vencedora do Emmy de Melhor Atriz Em reta final para a estreia de\u00a0Rivais, que chega aos cinemas no\u2026","rel":"","context":"In &quot;Not\u00edcias de Ribeir\u00e3o Preto-SP e Regi\u00e3o&quot;","block_context":{"text":"Not\u00edcias de Ribeir\u00e3o Preto-SP e Regi\u00e3o","link":"https:\/\/noticiasribeiraopreto.com.br\/index.php\/category\/noticias-de-ribeirao-preto-sp-e-regiao-ismael-colosi\/"},"img":{"alt_text":"","src":"https:\/\/i0.wp.com\/noticiasribeiraopreto.com.br\/wp-content\/uploads\/2024\/04\/Zendaya.webp.webp?fit=1200%2C676&ssl=1&resize=350%2C200","width":350,"height":200,"srcset":"https:\/\/i0.wp.com\/noticiasribeiraopreto.com.br\/wp-content\/uploads\/2024\/04\/Zendaya.webp.webp?fit=1200%2C676&ssl=1&resize=350%2C200 1x, https:\/\/i0.wp.com\/noticiasribeiraopreto.com.br\/wp-content\/uploads\/2024\/04\/Zendaya.webp.webp?fit=1200%2C676&ssl=1&resize=525%2C300 1.5x, https:\/\/i0.wp.com\/noticiasribeiraopreto.com.br\/wp-content\/uploads\/2024\/04\/Zendaya.webp.webp?fit=1200%2C676&ssl=1&resize=700%2C400 2x, https:\/\/i0.wp.com\/noticiasribeiraopreto.com.br\/wp-content\/uploads\/2024\/04\/Zendaya.webp.webp?fit=1200%2C676&ssl=1&resize=1050%2C600 3x"},"classes":[]},{"id":4014,"url":"https:\/\/noticiasribeiraopreto.com.br\/index.php\/2023\/11\/20\/lembra-dela-fernanda-vasconcellos-se-tornou-mae-e-esta-afastada-das-telinhas-para-cuidar-de-seu-filho-ela-mudou-muito\/","url_meta":{"origin":18424,"position":3},"title":"Lembra dela? Fernanda Vasconcellos se tornou m\u00e3e e est\u00e1 afastada das telinhas para cuidar de seu filho; ela mudou muito","author":"noticiasribeiraopreto.com.br","date":"20 de November de 2023","format":false,"excerpt":"Fernanda Vasconcellos \u00e9 uma atriz de grande sucesso que se tornou bastante conhecida por ter protagonizado diversas novelas ao decorrer de sua vida.E aos 38 anos de idade, ela se tornou m\u00e3e. Fernanda ficou muito conhecida pelo seu personagem Betina, de Malha\u00e7\u00e3o 2005. Betina se tornou o pontap\u00e9 inicial para\u2026","rel":"","context":"In &quot;Blog&quot;","block_context":{"text":"Blog","link":"https:\/\/noticiasribeiraopreto.com.br\/index.php\/category\/blog\/"},"img":{"alt_text":"","src":"https:\/\/i0.wp.com\/noticiasribeiraopreto.com.br\/wp-content\/uploads\/2023\/11\/postimg-655b96115bece1562.jpg?fit=1200%2C628&ssl=1&resize=350%2C200","width":350,"height":200,"srcset":"https:\/\/i0.wp.com\/noticiasribeiraopreto.com.br\/wp-content\/uploads\/2023\/11\/postimg-655b96115bece1562.jpg?fit=1200%2C628&ssl=1&resize=350%2C200 1x, https:\/\/i0.wp.com\/noticiasribeiraopreto.com.br\/wp-content\/uploads\/2023\/11\/postimg-655b96115bece1562.jpg?fit=1200%2C628&ssl=1&resize=525%2C300 1.5x, https:\/\/i0.wp.com\/noticiasribeiraopreto.com.br\/wp-content\/uploads\/2023\/11\/postimg-655b96115bece1562.jpg?fit=1200%2C628&ssl=1&resize=700%2C400 2x, https:\/\/i0.wp.com\/noticiasribeiraopreto.com.br\/wp-content\/uploads\/2023\/11\/postimg-655b96115bece1562.jpg?fit=1200%2C628&ssl=1&resize=1050%2C600 3x"},"classes":[]},{"id":20006,"url":"https:\/\/noticiasribeiraopreto.com.br\/index.php\/2023\/12\/23\/triste-noticia-sobre-a-atriz-claudia-alencar-e-exposta-por-seu-filho-em-estado-grave\/","url_meta":{"origin":18424,"position":4},"title":"Triste not\u00edcia sobre a atriz Cl\u00e1udia Alencar \u00e9 exposta por seu filho: em estado grave","author":"noticiasribeiraopreto.com.br","date":"23 de December de 2023","format":false,"excerpt":"Uma triste not\u00edcia sobre a atriz Claudia Alencar, que j\u00e1 participou de v\u00e1rias produ\u00e7\u00f5es de sucesso na TV brasileira, veio \u00e0 tona atrav\u00e9s de seu filho.De acordo com Yann Hatchuel, filho da atriz Claudia Alencar, afirmou que ela est\u00e1 internada em estado grave na Cl\u00ednica S\u00e3o Vicente, localizada na Zona\u2026","rel":"","context":"In &quot;Blog&quot;","block_context":{"text":"Blog","link":"https:\/\/noticiasribeiraopreto.com.br\/index.php\/category\/blog\/"},"img":{"alt_text":"","src":"https:\/\/i0.wp.com\/noticiasribeiraopreto.com.br\/wp-content\/uploads\/2023\/12\/postimg-65876af6465702076.jpg?fit=1200%2C628&ssl=1&resize=350%2C200","width":350,"height":200,"srcset":"https:\/\/i0.wp.com\/noticiasribeiraopreto.com.br\/wp-content\/uploads\/2023\/12\/postimg-65876af6465702076.jpg?fit=1200%2C628&ssl=1&resize=350%2C200 1x, https:\/\/i0.wp.com\/noticiasribeiraopreto.com.br\/wp-content\/uploads\/2023\/12\/postimg-65876af6465702076.jpg?fit=1200%2C628&ssl=1&resize=525%2C300 1.5x, https:\/\/i0.wp.com\/noticiasribeiraopreto.com.br\/wp-content\/uploads\/2023\/12\/postimg-65876af6465702076.jpg?fit=1200%2C628&ssl=1&resize=700%2C400 2x, https:\/\/i0.wp.com\/noticiasribeiraopreto.com.br\/wp-content\/uploads\/2023\/12\/postimg-65876af6465702076.jpg?fit=1200%2C628&ssl=1&resize=1050%2C600 3x"},"classes":[]},{"id":23652,"url":"https:\/\/noticiasribeiraopreto.com.br\/index.php\/2024\/01\/02\/apos-foto-suspeita-larissa-manoela-abre-o-jogo-e-fala-sobre-noticia-da-chegada-de-primeiro-filho\/","url_meta":{"origin":18424,"position":5},"title":"Ap\u00f3s foto suspeita, Larissa Manoela abre o jogo e fala sobre not\u00edcia da chegada de primeiro filho","author":"noticiasribeiraopreto.com.br","date":"2 de January de 2024","format":false,"excerpt":"Larissa Manoela, renomada atriz brasileira, que recentemente oficializou sua uni\u00e3o com o ator Andr\u00e9 Luiz Frambach em uma cerim\u00f4nia discreta, quebrou o sil\u00eancio sobre os crescentes rumores que circulavam nas redes sociais sobre uma suposta gravidez.Os boatos ganharam for\u00e7a quando imagens de uma celebra\u00e7\u00e3o de Ano Novo foram compartilhadas pela\u2026","rel":"","context":"In &quot;Blog&quot;","block_context":{"text":"Blog","link":"https:\/\/noticiasribeiraopreto.com.br\/index.php\/category\/blog\/"},"img":{"alt_text":"","src":"https:\/\/i0.wp.com\/noticiasribeiraopreto.com.br\/wp-content\/uploads\/2024\/01\/postimg-65948d8a8c9207081.jpg?fit=1200%2C628&ssl=1&resize=350%2C200","width":350,"height":200,"srcset":"https:\/\/i0.wp.com\/noticiasribeiraopreto.com.br\/wp-content\/uploads\/2024\/01\/postimg-65948d8a8c9207081.jpg?fit=1200%2C628&ssl=1&resize=350%2C200 1x, https:\/\/i0.wp.com\/noticiasribeiraopreto.com.br\/wp-content\/uploads\/2024\/01\/postimg-65948d8a8c9207081.jpg?fit=1200%2C628&ssl=1&resize=525%2C300 1.5x, https:\/\/i0.wp.com\/noticiasribeiraopreto.com.br\/wp-content\/uploads\/2024\/01\/postimg-65948d8a8c9207081.jpg?fit=1200%2C628&ssl=1&resize=700%2C400 2x, https:\/\/i0.wp.com\/noticiasribeiraopreto.com.br\/wp-content\/uploads\/2024\/01\/postimg-65948d8a8c9207081.jpg?fit=1200%2C628&ssl=1&resize=1050%2C600 3x"},"classes":[]}],"jetpack_sharing_enabled":true,"jetpack_shortlink":"https:\/\/wp.me\/peQAOb-4Na","_links":{"self":[{"href":"https:\/\/noticiasribeiraopreto.com.br\/index.php\/wp-json\/wp\/v2\/posts\/18424","targetHints":{"allow":["GET"]}}],"collection":[{"href":"https:\/\/noticiasribeiraopreto.com.br\/index.php\/wp-json\/wp\/v2\/posts"}],"about":[{"href":"https:\/\/noticiasribeiraopreto.com.br\/index.php\/wp-json\/wp\/v2\/types\/post"}],"author":[{"embeddable":true,"href":"https:\/\/noticiasribeiraopreto.com.br\/index.php\/wp-json\/wp\/v2\/users\/1"}],"replies":[{"embeddable":true,"href":"https:\/\/noticiasribeiraopreto.com.br\/index.php\/wp-json\/wp\/v2\/comments?post=18424"}],"version-history":[{"count":0,"href":"https:\/\/noticiasribeiraopreto.com.br\/index.php\/wp-json\/wp\/v2\/posts\/18424\/revisions"}],"wp:featuredmedia":[{"embeddable":true,"href":"https:\/\/noticiasribeiraopreto.com.br\/index.php\/wp-json\/wp\/v2\/media\/18425"}],"wp:attachment":[{"href":"https:\/\/noticiasribeiraopreto.com.br\/index.php\/wp-json\/wp\/v2\/media?parent=18424"}],"wp:term":[{"taxonomy":"category","embeddable":true,"href":"https:\/\/noticiasribeiraopreto.com.br\/index.php\/wp-json\/wp\/v2\/categories?post=18424"},{"taxonomy":"post_tag","embeddable":true,"href":"https:\/\/noticiasribeiraopreto.com.br\/index.php\/wp-json\/wp\/v2\/tags?post=18424"}],"curies":[{"name":"wp","href":"https:\/\/api.w.org\/{rel}","templated":true}]}}