{"id":18426,"date":"2023-12-20T12:24:52","date_gmt":"2023-12-20T15:24:52","guid":{"rendered":"https:\/\/noticiasribeiraopreto.com.br\/index.php\/2023\/12\/20\/gazelle-e-tugdock-firmam-parceria-pioneira-em-energia-eolica-offshore-flutuante-renews-noticias-de-energia-renovavel\/"},"modified":"2023-12-20T12:24:52","modified_gmt":"2023-12-20T15:24:52","slug":"gazelle-e-tugdock-firmam-parceria-pioneira-em-energia-eolica-offshore-flutuante-renews-noticias-de-energia-renovavel","status":"publish","type":"post","link":"https:\/\/noticiasribeiraopreto.com.br\/index.php\/2023\/12\/20\/gazelle-e-tugdock-firmam-parceria-pioneira-em-energia-eolica-offshore-flutuante-renews-noticias-de-energia-renovavel\/","title":{"rendered":"Gazelle e Tugdock firmam parceria pioneira em energia e\u00f3lica offshore flutuante &#8211; reNews &#8211; Not\u00edcias de Energia Renov\u00e1vel"},"content":{"rendered":"<div class='code-block code-block-1' style='margin: 8px 0 8px auto; text-align: right; display: block; clear: both;'>\n<p><a href=\"https:\/\/wa.link\/vpicfd\"><img data-recalc-dims=\"1\" class=\"wp-image-4922\" style=\"aspect-ratio: 2.0253164556962027; width: 561px; height: auto;\" src=\"https:\/\/i0.wp.com\/ismaelcolosi.com.br\/wp-content\/uploads\/2023\/11\/grupo-de-empregos-whatsapp-e-facebook-ismael-colosi-vagas.jpg?ssl=1\" alt=\"\" \/><\/a><\/p>\n<!-- \/wp:image -->\n<\/div>\n<p> <br \/>\n<\/p>\n<div>\n<figure><picture><source srcset=\"https:\/\/clickpetroleoegas.com.br\/wp-content\/uploads\/2023\/12\/gazelle-e-tugdock-firmam-parceria-pioneira-em-energia-eolica-offshore-flutuante-renews-noticias-de-energia-renovavel-830x450.jpg.webp\" type=\"image\/webp\"><img data-recalc-dims=\"1\" loading=\"lazy\" width=\"830\" height=\"450\" src=\"https:\/\/i0.wp.com\/clickpetroleoegas.com.br\/wp-content\/uploads\/2023\/12\/gazelle-e-tugdock-firmam-parceria-pioneira-em-energia-eolica-offshore-flutuante-renews-noticias-de-energia-renovavel-830x450.jpg?resize=830%2C450&#038;ssl=1\" class=\"fdnw-post-thumbnail fdnw-first-card-thumbnail wp-post-image\" alt=\"energia renov\u00e1vel, energia sustent\u00e1vel\" decoding=\"async\" data-eio=\"p\"\/><\/source><\/picture><figcaption class=\"fdnw-image-caption\">Parceria pioneira em energia e\u00f3lica offshore flutuante \u2013 FOTO: \u00a92023 Re News.Biz<\/figcaption><\/figure>\n<h2 class=\"wp-block-heading\" id=\"h-par-para-codesenvolver-sistema-modular-de-montagem-eolica-offshore-no-mar-adriatico-utilizando-plataforma-submersivel-e-turbinas\">Par para co-desenvolver sistema modular de montagem e\u00f3lica offshore no Mar Adri\u00e1tico, utilizando Plataforma Submers\u00edvel e turbinas.<\/h2>\n<p>A empresa Gazelle Wind Power e a Tugdock, especializada em plataformas e\u00f3licas flutuantes, fecharam um acordo para co-desenvolver um sistema modular de montagem e\u00f3lica offshore. Este novo sistema ser\u00e1 utilizado no projeto Molise Offshore Wind Farm, na It\u00e1lia, o maior parque e\u00f3lico offshore do pa\u00eds, com o objetivo de gerar 1,05 GW de energia atrav\u00e9s da energia e\u00f3lica. O projeto abranger\u00e1 uma \u00e1rea total de 219 quil\u00f4metros quadrados. A primeira plataforma est\u00e1 prevista para ser lan\u00e7ada em <a href=\"https:\/\/clickpetroleoegas.com.br\/petrorio-compra-plataforma-semi-submersivel-da-ventura-petroleo-para-atuar-no-campo-de-tubarao-martelo\/\">janeiro de 2028.<\/a><\/p>\n<p>Essa parceria representa um avan\u00e7o na ind\u00fastria de energia renov\u00e1vel, demonstrando o poder da colabora\u00e7\u00e3o para promover a sustentabilidade. A Gazelle Wind Power est\u00e1 empenhada em acelerar a ind\u00fastria e\u00f3lica offshore flutuante, garantindo a satisfa\u00e7\u00e3o dos clientes e cumprindo as metas de zero emiss\u00f5es l\u00edquidas atrav\u00e9s de solu\u00e7\u00f5es inovadoras e sustent\u00e1veis que promovam a energia renov\u00e1vel. A nova colabora\u00e7\u00e3o com a Tugdock representa um passo significativo nessa jornada.\u2019<\/p>\n<p> <span class=\"fdnw-card-article-related\"> <span class=\"h4 fdnw-card-article-related-title\">Artigos recomendados<\/span> <\/span> <\/p>\n<h2 class=\"wp-block-heading\" id=\"h-energia-eolica-e-a-plataforma-submersivel-no-mar-adriatico\">Energia E\u00f3lica e a Plataforma Submers\u00edvel no Mar Adri\u00e1tico<\/h2>\n<p>A energia e\u00f3lica \u00e9 uma forma de energia renov\u00e1vel que tem ganhado destaque nos \u00faltimos anos. A utiliza\u00e7\u00e3o de <a href=\"https:\/\/clickpetroleoegas.com.br\/vestas-se-prepara-para-dominar-o-mercado-de-turbinas-vanguard-de-28-gw\/\" target=\"_blank\" rel=\"noopener\">turbinas<\/a> e\u00f3licas em alto-mar tem se mostrado uma alternativa vi\u00e1vel e sustent\u00e1vel para a gera\u00e7\u00e3o de eletricidade. No Mar Adri\u00e1tico, uma nova tecnologia est\u00e1 sendo desenvolvida: a Plataforma Submers\u00edvel, que tem o potencial de revolucionar a forma como a energia e\u00f3lica \u00e9 captada e convertida em energia el\u00e9trica.<\/p>\n<p>A Plataforma Submers\u00edvel consiste em uma estrutura que \u00e9 instalada no fundo do mar, onde as correntes e\u00f3licas s\u00e3o mais regulares e intensas. Isso permite uma maior efici\u00eancia na capta\u00e7\u00e3o da energia e\u00f3lica, tornando-a uma op\u00e7\u00e3o ainda mais atrativa em compara\u00e7\u00e3o com as turbinas e\u00f3licas tradicionais. Al\u00e9m disso, a instala\u00e7\u00e3o das plataformas submers\u00edveis no Mar Adri\u00e1tico tem o potencial de minimizar os impactos visuais e sonoros das turbinas e\u00f3licas em \u00e1reas costeiras.<\/p>\n<p>Com a crescente demanda por fontes de energia sustent\u00e1veis, a utiliza\u00e7\u00e3o da energia e\u00f3lica em plataformas submers\u00edveis pode se tornar uma solu\u00e7\u00e3o promissora para a gera\u00e7\u00e3o de eletricidade. A sua localiza\u00e7\u00e3o no Mar Adri\u00e1tico oferece uma oportunidade \u00fanica para aproveitar as condi\u00e7\u00f5es favor\u00e1veis de vento e mar\u00e9, tornando-a uma alternativa ainda mais atraente. Espera-se que essa tecnologia inovadora possa contribuir significativamente para a diversifica\u00e7\u00e3o da matriz energ\u00e9tica na regi\u00e3o.<\/p>\n<p>Portanto, a combina\u00e7\u00e3o da energia e\u00f3lica, a instala\u00e7\u00e3o de plataformas submers\u00edveis e o potencial do Mar Adri\u00e1tico tornam essa iniciativa uma promissora fonte de energia renov\u00e1vel. Com investimentos e pesquisas cont\u00ednuas, a utiliza\u00e7\u00e3o da energia e\u00f3lica em plataformas submers\u00edveis pode se tornar uma realidade vi\u00e1vel e eficaz no futuro pr\u00f3ximo.<\/p>\n<p>Fonte: <b>\u00a9 Re News.Biz<\/b><\/p>\n<div class=\"code-block code-block-10\" style=\"margin: 8px auto; text-align: center; display: block; clear: both;\">\n<hr class=\"wp-block-separator has-alpha-channel-opacity is-style-wide\"\/>\n<p>Voc\u00ea quer receber apenas not\u00edcias e vagas de emprego do seu interesse? A solu\u00e7\u00e3o chegou atrav\u00e9s do app <a href=\"https:\/\/play.google.com\/store\/apps\/details?id=com.clickpetroleoapp&amp;hl=pt&amp;gl=US\" class=\"external\" rel=\"nofollow noopener\" target=\"_blank\"><strong>CPG VAGAS E NOT\u00cdCIAS!<\/strong><\/a> Se voc\u00ea \u00e9 pintor, vai receber no seu celular apenas oportunidades neste cargo. E ser\u00e1 assim com pedreiro, t\u00e9cnico, engenheiro e etc\u2026.. N\u00e3o perca nada do que acontece no mercado de trabalho e econ\u00f4mico do Brasil, baixe agora o app <a href=\"https:\/\/play.google.com\/store\/apps\/details?id=com.clickpetroleoapp&amp;hl=pt&amp;gl=US\" class=\"external\" rel=\"nofollow noopener\" target=\"_blank\">CPG VAGAS E NOT\u00cdCIAS, dispon\u00edvel para Android e IOS!<\/a><\/p>\n<figure class=\"wp-block-image aligncenter size-full\"><a href=\"https:\/\/play.google.com\/store\/apps\/details?id=com.clickpetroleoapp&amp;hl=pt&amp;gl=US\" target=\"_blank\" rel=\"noreferrer noopener nofollow\" class=\"external\"><img data-recalc-dims=\"1\" decoding=\"async\" width=\"1280\" height=\"387\" alt=\"APP CPG VAGAS E NOT\u00cdCIAS\" class=\"wp-image-105306 ewww_webp_lazy_load lazy\" src=\"https:\/\/i0.wp.com\/clickpetroleoegas.com.br\/wp-content\/uploads\/2023\/09\/Aplicativo-de-vagas-de-empregos-e-noticias-da-sua-regiao.jpg.webp?resize=1280%2C387&#038;ssl=1\" loading=\"lazy\"\/><noscript><img data-recalc-dims=\"1\" loading=\"lazy\" decoding=\"async\" width=\"1280\" height=\"387\" alt=\"APP CPG VAGAS E NOT\u00cdCIAS\" class=\"wp-image-105306 ewww_webp_lazy_load\" src=\"https:\/\/i0.wp.com\/clickpetroleoegas.com.br\/wp-content\/uploads\/2023\/09\/Aplicativo-de-vagas-de-empregos-e-noticias-da-sua-regiao.jpg.webp?resize=1280%2C387&#038;ssl=1\"\/><\/noscript><noscript><img data-recalc-dims=\"1\" loading=\"lazy\" decoding=\"async\" width=\"1280\" height=\"387\" src=\"https:\/\/i0.wp.com\/clickpetroleoegas.com.br\/wp-content\/uploads\/2023\/09\/Aplicativo-de-vagas-de-empregos-e-noticias-da-sua-regiao.jpg?resize=1280%2C387&#038;ssl=1\" alt=\"APP CPG VAGAS E NOT\u00cdCIAS\" class=\"wp-image-105306\"\/><\/noscript><\/a><\/figure>\n<\/p><\/div>\n<\/p><\/div>\n<p><script type=\"text\/plain\" data-service=\"facebook\" data-category=\"marketing\">\n!function(f,b,e,v,n,t,s)\n{if(f.fbq)return;n=f.fbq=function(){n.callMethod?\nn.callMethod.apply(n,arguments):n.queue.push(arguments)};\nif(!f._fbq)f._fbq=n;n.push=n;n.loaded=!0;n.version='2.0';\nn.queue=[];t=b.createElement(e);t.async=!0;\nt.src=v;s=b.getElementsByTagName(e)[0];\ns.parentNode.insertBefore(t,s)}(window, document,'script',\n'https:\/\/connect.facebook.net\/en_US\/fbevents.js');\nfbq('init', '5536651029690406');\nfbq('track', 'PageView');\n<\/script><script type=\"text\/plain\" data-service=\"facebook\" data-category=\"marketing\" async defer crossorigin=\"anonymous\" data-rocket-data-cmplz-src=\"https:\/\/connect.facebook.net\/en_US\/sdk.js#xfbml=1&#038;version=v12.0&amp;appId=1127332727839552&#038;autoLogAppEvents=1\">\n<\/script><br \/>\n<br \/><br \/>\n<br \/><a href=\"https:\/\/ismaelcolosi.com.br\/gazelle-e-tugdock-firmam-parceria-pioneira-em-energia-eolica-offshore-flutuante-renews-noticias-de-energia-renovavel\/\">Source link <\/a><\/p>\n<!-- CONTENT END 1 -->\n","protected":false},"excerpt":{"rendered":"<p>Parceria pioneira em energia e\u00f3lica offshore flutuante \u2013 FOTO: \u00a92023 Re News.Biz Par para co-desenvolver sistema modular de montagem e\u00f3lica offshore no Mar Adri\u00e1tico, utilizando&#8230;<\/p>\n","protected":false},"author":1,"featured_media":18427,"comment_status":"open","ping_status":"open","sticky":false,"template":"","format":"standard","meta":{"advanced_seo_description":"","jetpack_seo_html_title":"","jetpack_seo_noindex":false,"jetpack_post_was_ever_published":false,"_jetpack_newsletter_access":"","_jetpack_dont_email_post_to_subs":false,"_jetpack_newsletter_tier_id":0,"_jetpack_memberships_contains_paywalled_content":false,"_jetpack_memberships_contains_paid_content":false,"footnotes":"","jetpack_publicize_message":"","jetpack_publicize_feature_enabled":true,"jetpack_social_post_already_shared":true,"jetpack_social_options":{"image_generator_settings":{"template":"highway","default_image_id":0,"font":"","enabled":false},"version":2}},"categories":[7],"tags":[],"class_list":["post-18426","post","type-post","status-publish","format-standard","has-post-thumbnail","hentry","category-vagas-de-empregos-em-ribeirao-preto-regiao-brasil"],"jetpack_publicize_connections":[],"jetpack_featured_media_url":"https:\/\/i0.wp.com\/noticiasribeiraopreto.com.br\/wp-content\/uploads\/2023\/12\/gazelle-e-tugdock-firmam-parceria-pioneira-em-energia-eolica-offshore-flutuante-renews-noticias-de-energia-renovavel-830x450.jpg?fit=830%2C450&ssl=1","jetpack-related-posts":[{"id":23833,"url":"https:\/\/noticiasribeiraopreto.com.br\/index.php\/2024\/01\/03\/aker-solutions-testara-plataforma-submarina-para-distribuicao-de-energia-eolica-flutuante\/","url_meta":{"origin":18426,"position":0},"title":"Aker Solutions testar\u00e1 plataforma submarina para distribui\u00e7\u00e3o de energia e\u00f3lica flutuante","author":"noticiasribeiraopreto.com.br","date":"3 de January de 2024","format":false,"excerpt":"Aker Solutions testar\u00e1 plataforma de distribui\u00e7\u00e3o de energia submarina para energia e\u00f3lica flutuante \u2013 FOTO: \u00a92024 AtCoMedia. Inc A plataforma Aker Solutions acaba de fechar um acordo para realizar testes de uma nova tecnologia de sistema de energia submarina em parceria com o Centro de Testes de Energia Marinha (METCentre)\u2026","rel":"","context":"In &quot;Vagas de Emprego em Ribeir\u00e3o Preto-SP&quot;","block_context":{"text":"Vagas de Emprego em Ribeir\u00e3o Preto-SP","link":"https:\/\/noticiasribeiraopreto.com.br\/index.php\/category\/empregos-classificados-vagas-trabalho\/vagas-de-empregos-em-ribeirao-preto-regiao-brasil\/"},"img":{"alt_text":"","src":"https:\/\/i0.wp.com\/noticiasribeiraopreto.com.br\/wp-content\/uploads\/2024\/01\/aker-solutions-testara-plataforma-submarina-para-distribuicao-de-energia-eolica-flutuante.jpg?fit=800%2C449&ssl=1&resize=350%2C200","width":350,"height":200,"srcset":"https:\/\/i0.wp.com\/noticiasribeiraopreto.com.br\/wp-content\/uploads\/2024\/01\/aker-solutions-testara-plataforma-submarina-para-distribuicao-de-energia-eolica-flutuante.jpg?fit=800%2C449&ssl=1&resize=350%2C200 1x, https:\/\/i0.wp.com\/noticiasribeiraopreto.com.br\/wp-content\/uploads\/2024\/01\/aker-solutions-testara-plataforma-submarina-para-distribuicao-de-energia-eolica-flutuante.jpg?fit=800%2C449&ssl=1&resize=525%2C300 1.5x, https:\/\/i0.wp.com\/noticiasribeiraopreto.com.br\/wp-content\/uploads\/2024\/01\/aker-solutions-testara-plataforma-submarina-para-distribuicao-de-energia-eolica-flutuante.jpg?fit=800%2C449&ssl=1&resize=700%2C400 2x"},"classes":[]},{"id":15697,"url":"https:\/\/noticiasribeiraopreto.com.br\/index.php\/2023\/12\/14\/projeto-noruegues-para-desenvolver-solucao-de-elevacao-offshore-controlada-remotamente-renews-noticias-de-energia-renovavel\/","url_meta":{"origin":18426,"position":1},"title":"Projeto noruegu\u00eas para desenvolver solu\u00e7\u00e3o de eleva\u00e7\u00e3o offshore controlada remotamente &#8211; reNews &#8211; Not\u00edcias de Energia Renov\u00e1vel","author":"noticiasribeiraopreto.com.br","date":"14 de December de 2023","format":false,"excerpt":"Desenvolvimento de solu\u00e7\u00e3o de eleva\u00e7\u00e3o autom\u00e1tica e controlada remotamente para turbinas e\u00f3licas offshore \u2013 FOTO: \u00a92023 Re News.Biz Um cons\u00f3rcio l\u00edder em desenvolvimento de projetos recebeu uma subven\u00e7\u00e3o norueguesa condicional para desenvolver uma solu\u00e7\u00e3o de eleva\u00e7\u00e3o autom\u00e1tica e controlada remotamente para a ind\u00fastria e\u00f3lica offshore. A subven\u00e7\u00e3o de 75,2 milh\u00f5es\u2026","rel":"","context":"In &quot;Vagas de Emprego em Ribeir\u00e3o Preto-SP&quot;","block_context":{"text":"Vagas de Emprego em Ribeir\u00e3o Preto-SP","link":"https:\/\/noticiasribeiraopreto.com.br\/index.php\/category\/empregos-classificados-vagas-trabalho\/vagas-de-empregos-em-ribeirao-preto-regiao-brasil\/"},"img":{"alt_text":"","src":"https:\/\/i0.wp.com\/noticiasribeiraopreto.com.br\/wp-content\/uploads\/2023\/12\/projeto-noruegues-para-desenvolver-solucao-de-elevacao-offshore-controlada-remotamente-renews-noticias-de-energia-renovavel.jpg?fit=770%2C440&ssl=1&resize=350%2C200","width":350,"height":200,"srcset":"https:\/\/i0.wp.com\/noticiasribeiraopreto.com.br\/wp-content\/uploads\/2023\/12\/projeto-noruegues-para-desenvolver-solucao-de-elevacao-offshore-controlada-remotamente-renews-noticias-de-energia-renovavel.jpg?fit=770%2C440&ssl=1&resize=350%2C200 1x, https:\/\/i0.wp.com\/noticiasribeiraopreto.com.br\/wp-content\/uploads\/2023\/12\/projeto-noruegues-para-desenvolver-solucao-de-elevacao-offshore-controlada-remotamente-renews-noticias-de-energia-renovavel.jpg?fit=770%2C440&ssl=1&resize=525%2C300 1.5x, https:\/\/i0.wp.com\/noticiasribeiraopreto.com.br\/wp-content\/uploads\/2023\/12\/projeto-noruegues-para-desenvolver-solucao-de-elevacao-offshore-controlada-remotamente-renews-noticias-de-energia-renovavel.jpg?fit=770%2C440&ssl=1&resize=700%2C400 2x"},"classes":[]},{"id":15855,"url":"https:\/\/noticiasribeiraopreto.com.br\/index.php\/2023\/12\/14\/conheca-a-piramide-eolica-offshore-que-promete-cortar-custos-e-elevar-a-producao-de-energia-limpa\/","url_meta":{"origin":18426,"position":2},"title":"Conhe\u00e7a a pir\u00e2mide e\u00f3lica offshore que promete CORTAR CUSTOS e elevar a produ\u00e7\u00e3o de energia limpa\u00a0","author":"noticiasribeiraopreto.com.br","date":"14 de December de 2023","format":false,"excerpt":"Foto: Olhar Digital\/Reprodu\u00e7\u00e3o Empresa dos EUA anuncia prot\u00f3tipo de uma pir\u00e2mide de energia e\u00f3lica. A vers\u00e3o final da pir\u00e2mide e\u00f3lica offshore poder\u00e1 ter at\u00e9 120 metros de altura. A energia e\u00f3lica tem capacidade para transformar energia cin\u00e9tica do movimento em energia el\u00e9trica de forma muito mais barata e sem gerar\u2026","rel":"","context":"In &quot;Vagas de Emprego em Ribeir\u00e3o Preto-SP&quot;","block_context":{"text":"Vagas de Emprego em Ribeir\u00e3o Preto-SP","link":"https:\/\/noticiasribeiraopreto.com.br\/index.php\/category\/empregos-classificados-vagas-trabalho\/vagas-de-empregos-em-ribeirao-preto-regiao-brasil\/"},"img":{"alt_text":"","src":"https:\/\/i0.wp.com\/noticiasribeiraopreto.com.br\/wp-content\/uploads\/2023\/12\/Conheca-a-piramide-eolica-offshore-que-promete-CORTAR-CUSTOS-e-elevar-a-producao-de-energia-limpa-830x450.jpg?fit=830%2C450&ssl=1&resize=350%2C200","width":350,"height":200,"srcset":"https:\/\/i0.wp.com\/noticiasribeiraopreto.com.br\/wp-content\/uploads\/2023\/12\/Conheca-a-piramide-eolica-offshore-que-promete-CORTAR-CUSTOS-e-elevar-a-producao-de-energia-limpa-830x450.jpg?fit=830%2C450&ssl=1&resize=350%2C200 1x, https:\/\/i0.wp.com\/noticiasribeiraopreto.com.br\/wp-content\/uploads\/2023\/12\/Conheca-a-piramide-eolica-offshore-que-promete-CORTAR-CUSTOS-e-elevar-a-producao-de-energia-limpa-830x450.jpg?fit=830%2C450&ssl=1&resize=525%2C300 1.5x, https:\/\/i0.wp.com\/noticiasribeiraopreto.com.br\/wp-content\/uploads\/2023\/12\/Conheca-a-piramide-eolica-offshore-que-promete-CORTAR-CUSTOS-e-elevar-a-producao-de-energia-limpa-830x450.jpg?fit=830%2C450&ssl=1&resize=700%2C400 2x"},"classes":[]},{"id":19319,"url":"https:\/\/noticiasribeiraopreto.com.br\/index.php\/2023\/12\/22\/vattenfall-demonstra-compromisso-com-o-setor-offshore-no-reino-unido-renews-noticias-de-energias-renovaveis-no-reino-unido\/","url_meta":{"origin":18426,"position":3},"title":"Vattenfall demonstra compromisso com o setor offshore no Reino Unido &#8211; reNews &#8211; Not\u00edcias de Energias Renov\u00e1veis no Reino Unido","author":"noticiasribeiraopreto.com.br","date":"22 de December de 2023","format":false,"excerpt":"Vattenfall e a transi\u00e7\u00e3o para energia offshore no Reino Unido \u2013 FOTO: \u00a92023 Re News.Biz RWE adquire zona e\u00f3lica de Norfolk por 4,2 GW. Compromisso refor\u00e7a capacidade e\u00f3lica offshore da empresa e eletricidade livre. A Vattenfall reafirmou seu compromisso com o setor e\u00f3lico offshore ap\u00f3s assinar um acordo com a\u2026","rel":"","context":"In &quot;Vagas de Emprego em Ribeir\u00e3o Preto-SP&quot;","block_context":{"text":"Vagas de Emprego em Ribeir\u00e3o Preto-SP","link":"https:\/\/noticiasribeiraopreto.com.br\/index.php\/category\/empregos-classificados-vagas-trabalho\/vagas-de-empregos-em-ribeirao-preto-regiao-brasil\/"},"img":{"alt_text":"","src":"https:\/\/i0.wp.com\/noticiasribeiraopreto.com.br\/wp-content\/uploads\/2023\/12\/vattenfall-demonstra-compromisso-com-o-setor-offshore-no-reino-unido-renews-noticias-de-energias-renovaveis-no-reino-unido.jpg?fit=624%2C450&ssl=1&resize=350%2C200","width":350,"height":200,"srcset":"https:\/\/i0.wp.com\/noticiasribeiraopreto.com.br\/wp-content\/uploads\/2023\/12\/vattenfall-demonstra-compromisso-com-o-setor-offshore-no-reino-unido-renews-noticias-de-energias-renovaveis-no-reino-unido.jpg?fit=624%2C450&ssl=1&resize=350%2C200 1x, https:\/\/i0.wp.com\/noticiasribeiraopreto.com.br\/wp-content\/uploads\/2023\/12\/vattenfall-demonstra-compromisso-com-o-setor-offshore-no-reino-unido-renews-noticias-de-energias-renovaveis-no-reino-unido.jpg?fit=624%2C450&ssl=1&resize=525%2C300 1.5x"},"classes":[]},{"id":15176,"url":"https:\/\/noticiasribeiraopreto.com.br\/index.php\/2023\/12\/13\/rwe-assegura-projeto-de-energia-eolica-offshore-no-japao-renews-noticias-de-energia-renovavel\/","url_meta":{"origin":18426,"position":4},"title":"RWE assegura projeto de energia e\u00f3lica offshore no Jap\u00e3o &#8211; reNews &#8211; Not\u00edcias de Energia Renov\u00e1vel","author":"noticiasribeiraopreto.com.br","date":"13 de December de 2023","format":false,"excerpt":"RWE \u00e9 selecionada para entregar projeto e\u00f3lico offshore no Jap\u00e3o \u2013 FOTO: \u00a92023 Re News.Biz 684MW offshore wind project planned in partnership with Mitsui and Osaka Gas, consortium, wind turbines, bidding, green energy, Ministry of Economy. A RWE Offshore Wind Japan Murakami-Tainai K K, em cons\u00f3rcio com Mitsui & Co\u2026","rel":"","context":"In &quot;Vagas de Emprego em Ribeir\u00e3o Preto-SP&quot;","block_context":{"text":"Vagas de Emprego em Ribeir\u00e3o Preto-SP","link":"https:\/\/noticiasribeiraopreto.com.br\/index.php\/category\/empregos-classificados-vagas-trabalho\/vagas-de-empregos-em-ribeirao-preto-regiao-brasil\/"},"img":{"alt_text":"","src":"https:\/\/i0.wp.com\/noticiasribeiraopreto.com.br\/wp-content\/uploads\/2023\/12\/rwe-assegura-projeto-de-energia-eolica-offshore-no-japao-renews-noticias-de-energia-renovavel-770x450.jpg?fit=770%2C450&ssl=1&resize=350%2C200","width":350,"height":200,"srcset":"https:\/\/i0.wp.com\/noticiasribeiraopreto.com.br\/wp-content\/uploads\/2023\/12\/rwe-assegura-projeto-de-energia-eolica-offshore-no-japao-renews-noticias-de-energia-renovavel-770x450.jpg?fit=770%2C450&ssl=1&resize=350%2C200 1x, https:\/\/i0.wp.com\/noticiasribeiraopreto.com.br\/wp-content\/uploads\/2023\/12\/rwe-assegura-projeto-de-energia-eolica-offshore-no-japao-renews-noticias-de-energia-renovavel-770x450.jpg?fit=770%2C450&ssl=1&resize=525%2C300 1.5x, https:\/\/i0.wp.com\/noticiasribeiraopreto.com.br\/wp-content\/uploads\/2023\/12\/rwe-assegura-projeto-de-energia-eolica-offshore-no-japao-renews-noticias-de-energia-renovavel-770x450.jpg?fit=770%2C450&ssl=1&resize=700%2C400 2x"},"classes":[]},{"id":15158,"url":"https:\/\/noticiasribeiraopreto.com.br\/index.php\/2023\/12\/13\/wood-thilsted-projetara-fundacoes-para-o-projeto-eolico-offshore-bc-wind-renews-noticias-de-energias-renovaveis\/","url_meta":{"origin":18426,"position":5},"title":"Wood Thilsted projetar\u00e1 funda\u00e7\u00f5es para o Projeto E\u00f3lico Offshore BC-Wind &#8211; reNews &#8211; Not\u00edcias de Energias Renov\u00e1veis","author":"noticiasribeiraopreto.com.br","date":"13 de December de 2023","format":false,"excerpt":"Wood Thilsted lidera o projeto de funda\u00e7\u00f5es BC-Wind para energias renov\u00e1veis \u2013 FOTO: \u00a92023 Re News.Biz A Ocean Winds est\u00e1 confiando na Wood Thilsted (WT) para finalizar os projetos preliminares de funda\u00e7\u00e3o para o projeto e\u00f3lico offshore BC-Wind. Como parte do contrato, a WT ser\u00e1 o projetista de funda\u00e7\u00e3o WTG\u2026","rel":"","context":"In &quot;Vagas de Emprego em Ribeir\u00e3o Preto-SP&quot;","block_context":{"text":"Vagas de Emprego em Ribeir\u00e3o Preto-SP","link":"https:\/\/noticiasribeiraopreto.com.br\/index.php\/category\/empregos-classificados-vagas-trabalho\/vagas-de-empregos-em-ribeirao-preto-regiao-brasil\/"},"img":{"alt_text":"","src":"https:\/\/i0.wp.com\/noticiasribeiraopreto.com.br\/wp-content\/uploads\/2023\/12\/wood-thilsted-projetara-fundacoes-para-o-projeto-eolico-offshore-bcwind-renews-noticias-de-energias-renovaveis-830x450.jpg?fit=830%2C450&ssl=1&resize=350%2C200","width":350,"height":200,"srcset":"https:\/\/i0.wp.com\/noticiasribeiraopreto.com.br\/wp-content\/uploads\/2023\/12\/wood-thilsted-projetara-fundacoes-para-o-projeto-eolico-offshore-bcwind-renews-noticias-de-energias-renovaveis-830x450.jpg?fit=830%2C450&ssl=1&resize=350%2C200 1x, https:\/\/i0.wp.com\/noticiasribeiraopreto.com.br\/wp-content\/uploads\/2023\/12\/wood-thilsted-projetara-fundacoes-para-o-projeto-eolico-offshore-bcwind-renews-noticias-de-energias-renovaveis-830x450.jpg?fit=830%2C450&ssl=1&resize=525%2C300 1.5x, https:\/\/i0.wp.com\/noticiasribeiraopreto.com.br\/wp-content\/uploads\/2023\/12\/wood-thilsted-projetara-fundacoes-para-o-projeto-eolico-offshore-bcwind-renews-noticias-de-energias-renovaveis-830x450.jpg?fit=830%2C450&ssl=1&resize=700%2C400 2x"},"classes":[]}],"jetpack_sharing_enabled":true,"jetpack_shortlink":"https:\/\/wp.me\/peQAOb-4Nc","_links":{"self":[{"href":"https:\/\/noticiasribeiraopreto.com.br\/index.php\/wp-json\/wp\/v2\/posts\/18426","targetHints":{"allow":["GET"]}}],"collection":[{"href":"https:\/\/noticiasribeiraopreto.com.br\/index.php\/wp-json\/wp\/v2\/posts"}],"about":[{"href":"https:\/\/noticiasribeiraopreto.com.br\/index.php\/wp-json\/wp\/v2\/types\/post"}],"author":[{"embeddable":true,"href":"https:\/\/noticiasribeiraopreto.com.br\/index.php\/wp-json\/wp\/v2\/users\/1"}],"replies":[{"embeddable":true,"href":"https:\/\/noticiasribeiraopreto.com.br\/index.php\/wp-json\/wp\/v2\/comments?post=18426"}],"version-history":[{"count":0,"href":"https:\/\/noticiasribeiraopreto.com.br\/index.php\/wp-json\/wp\/v2\/posts\/18426\/revisions"}],"wp:featuredmedia":[{"embeddable":true,"href":"https:\/\/noticiasribeiraopreto.com.br\/index.php\/wp-json\/wp\/v2\/media\/18427"}],"wp:attachment":[{"href":"https:\/\/noticiasribeiraopreto.com.br\/index.php\/wp-json\/wp\/v2\/media?parent=18426"}],"wp:term":[{"taxonomy":"category","embeddable":true,"href":"https:\/\/noticiasribeiraopreto.com.br\/index.php\/wp-json\/wp\/v2\/categories?post=18426"},{"taxonomy":"post_tag","embeddable":true,"href":"https:\/\/noticiasribeiraopreto.com.br\/index.php\/wp-json\/wp\/v2\/tags?post=18426"}],"curies":[{"name":"wp","href":"https:\/\/api.w.org\/{rel}","templated":true}]}}