{"id":18487,"date":"2023-12-20T14:29:29","date_gmt":"2023-12-20T17:29:29","guid":{"rendered":"https:\/\/noticiasribeiraopreto.com.br\/index.php\/2023\/12\/20\/utm_sourcerssutm_mediumrssutm_campaignpolicia-evita-roubo-e-prende-bandidos-em-franca\/"},"modified":"2023-12-20T14:29:29","modified_gmt":"2023-12-20T17:29:29","slug":"utm_sourcerssutm_mediumrssutm_campaignpolicia-evita-roubo-e-prende-bandidos-em-franca","status":"publish","type":"post","link":"https:\/\/noticiasribeiraopreto.com.br\/index.php\/2023\/12\/20\/utm_sourcerssutm_mediumrssutm_campaignpolicia-evita-roubo-e-prende-bandidos-em-franca\/","title":{"rendered":"Pol\u00edcia evita roubo e prende bandidos em Franca \u2013 X Tudo Ribeir\u00e3o"},"content":{"rendered":"<div class='code-block code-block-1' style='margin: 8px 0 8px auto; text-align: right; display: block; clear: both;'>\n<p><a href=\"https:\/\/wa.link\/vpicfd\"><img data-recalc-dims=\"1\" class=\"wp-image-4922\" style=\"aspect-ratio: 2.0253164556962027; width: 561px; height: auto;\" src=\"https:\/\/i0.wp.com\/ismaelcolosi.com.br\/wp-content\/uploads\/2023\/11\/grupo-de-empregos-whatsapp-e-facebook-ismael-colosi-vagas.jpg?ssl=1\" alt=\"\" \/><\/a><\/p>\n<!-- \/wp:image -->\n<\/div>\n<p> <br \/>\n<\/p>\n<div>\n<p>Tr\u00eas marginais foram presos pela Pol\u00edcia Civil ap\u00f3s uma tentativa de roubo que foi frustada pela equipe da Delegacia de Investiga\u00e7\u00f5es Gerais (DIG), na cidade de Franca.<\/p>\n<p>Segundo informa\u00e7\u00f5es da Pol\u00edcia Civil, os Policiais da DIG receberam informa\u00e7\u00f5es que uma quadrilha estava preparando para assaltar uma resid\u00eancia de um empres\u00e1rio na Vila Champagnat.<\/p>\n<p>Diante das informa\u00e7\u00f5es, os Policiais deflagraram uma Opera\u00e7\u00e3o, surpreendendo os bandidos momento que invadiram a casa da v\u00edtima.<\/p>\n<p><strong>VEJA O MOMENTO QUE OS POLICIAIS SURPREENDEM OS LIXOS<\/strong><\/p>\n<figure class=\"wp-block-embed is-type-video is-provider-youtube wp-block-embed-youtube wp-embed-aspect-16-9 wp-has-aspect-ratio\">\n<div class=\"wp-block-embed__wrapper\">\n<p><iframe loading=\"lazy\" title=\"Pol\u00edcia evita roubo e prende bandidos em Franca\" width=\"500\" height=\"281\" src=\"https:\/\/www.youtube.com\/embed\/7jDa8VbW6Kg?feature=oembed\" frameborder=\"0\" allow=\"accelerometer; autoplay; clipboard-write; encrypted-media; gyroscope; picture-in-picture; web-share\" referrerpolicy=\"strict-origin-when-cross-origin\" allowfullscreen><\/iframe><\/p>\n<\/div>\n<\/figure>\n<p>Dois bandidos tentaram fugir a p\u00e9, e houve troca de tiros com os policiais onde os bandidos foram baleados na avenida Ismael Alonso y Alonso.<\/p>\n<p>O terceiro assaltante tentou fugir em um carro, mas acabou abandonando o ve\u00edculo, onde foi preso e levado para a delegacia.<\/p>\n<p>Os bandidos foram presos em flagrante.<\/p>\n<\/p><\/div>\n<p><br \/>\n<br \/><a href=\"https:\/\/xtudoribeirao.com.br\/2023\/12\/20\/policia-evita-roubo-e-prende-bandidos-em-franca\/?utm_source=rss&#038;utm_medium=rss&#038;utm_campaign=policia-evita-roubo-e-prende-bandidos-em-franca\">Source link <\/a><\/p>\n<!-- CONTENT END 1 -->\n","protected":false},"excerpt":{"rendered":"<p>Tr\u00eas marginais foram presos pela Pol\u00edcia Civil ap\u00f3s uma tentativa de roubo que foi frustada pela equipe da Delegacia de Investiga\u00e7\u00f5es Gerais (DIG), na cidade&#8230;<\/p>\n","protected":false},"author":1,"featured_media":18488,"comment_status":"open","ping_status":"open","sticky":false,"template":"","format":"standard","meta":{"advanced_seo_description":"","jetpack_seo_html_title":"","jetpack_seo_noindex":false,"jetpack_post_was_ever_published":false,"_jetpack_newsletter_access":"","_jetpack_dont_email_post_to_subs":false,"_jetpack_newsletter_tier_id":0,"_jetpack_memberships_contains_paywalled_content":false,"_jetpack_memberships_contains_paid_content":false,"footnotes":"","jetpack_publicize_message":"","jetpack_publicize_feature_enabled":true,"jetpack_social_post_already_shared":true,"jetpack_social_options":{"image_generator_settings":{"template":"highway","default_image_id":0,"font":"","enabled":false},"version":2}},"categories":[11],"tags":[322,2476,957,20,969,26,999,43],"class_list":["post-18487","post","type-post","status-publish","format-standard","has-post-thumbnail","hentry","category-noticias-de-ribeirao-preto-sp-e-regiao-ismael-colosi","tag-bandidos","tag-evita","tag-franca","tag-policia","tag-prende","tag-ribeirao","tag-roubo","tag-tudo"],"jetpack_publicize_connections":[],"jetpack_featured_media_url":"https:\/\/i0.wp.com\/noticiasribeiraopreto.com.br\/wp-content\/uploads\/2023\/12\/cf5b30a6-fe7b-4e38-81d6-1dbb6d8e0a5b.jpeg?fit=1200%2C976&ssl=1","jetpack-related-posts":[{"id":35411,"url":"https:\/\/noticiasribeiraopreto.com.br\/index.php\/2024\/02\/06\/utm_sourcerssutm_mediumrssutm_campaignpolicia-civil-prende-bandidos-envolvidos-no-roubo-do-malote-do-banco-da-sicoob-em-serrana\/","url_meta":{"origin":18487,"position":0},"title":"Pol\u00edcia Civil prende bandidos envolvidos no roubo do malote do banco da SICOOB em Serrana \u2013 X Tudo Ribeir\u00e3o","author":"noticiasribeiraopreto.com.br","date":"6 de February de 2024","format":false,"excerpt":"A Pol\u00edcia Civil prendeu na manh\u00e3 desta ter\u00e7a-feira (6\/2), os bandidos envolvidos no roubo do malote defronte ao banco Sicoob no m\u00eas de novembro do ano passado na cidade de Serrana.\u00a0(CLIQUE E LEIA A MAT\u00c9RIA) Segundo apurado com EXCLUSIVIDADE, ap\u00f3s o roubo os Policiais Civis iniciaram as investiga\u00e7\u00f5es, chegando na\u2026","rel":"","context":"In &quot;Not\u00edcias de Ribeir\u00e3o Preto-SP e Regi\u00e3o&quot;","block_context":{"text":"Not\u00edcias de Ribeir\u00e3o Preto-SP e Regi\u00e3o","link":"https:\/\/noticiasribeiraopreto.com.br\/index.php\/category\/noticias-de-ribeirao-preto-sp-e-regiao-ismael-colosi\/"},"img":{"alt_text":"","src":"https:\/\/i0.wp.com\/noticiasribeiraopreto.com.br\/wp-content\/uploads\/2024\/02\/policial-e-morto-durante-tentativa-de-assalto-na-zona-oeste-do-rio.jpg?fit=1110%2C550&ssl=1&resize=350%2C200","width":350,"height":200,"srcset":"https:\/\/i0.wp.com\/noticiasribeiraopreto.com.br\/wp-content\/uploads\/2024\/02\/policial-e-morto-durante-tentativa-de-assalto-na-zona-oeste-do-rio.jpg?fit=1110%2C550&ssl=1&resize=350%2C200 1x, https:\/\/i0.wp.com\/noticiasribeiraopreto.com.br\/wp-content\/uploads\/2024\/02\/policial-e-morto-durante-tentativa-de-assalto-na-zona-oeste-do-rio.jpg?fit=1110%2C550&ssl=1&resize=525%2C300 1.5x, https:\/\/i0.wp.com\/noticiasribeiraopreto.com.br\/wp-content\/uploads\/2024\/02\/policial-e-morto-durante-tentativa-de-assalto-na-zona-oeste-do-rio.jpg?fit=1110%2C550&ssl=1&resize=700%2C400 2x, https:\/\/i0.wp.com\/noticiasribeiraopreto.com.br\/wp-content\/uploads\/2024\/02\/policial-e-morto-durante-tentativa-de-assalto-na-zona-oeste-do-rio.jpg?fit=1110%2C550&ssl=1&resize=1050%2C600 3x"},"classes":[]},{"id":3411,"url":"https:\/\/noticiasribeiraopreto.com.br\/index.php\/2023\/11\/18\/utm_sourcerssutm_mediumrssutm_campaignladroes-de-carro-morrem-apos-troca-de-tiros-com-a-forca-tatica-em-rp\/","url_meta":{"origin":18487,"position":1},"title":"Ladr\u00f5es de carro morrem ap\u00f3s troca de tiros com a For\u00e7a T\u00e1tica em RP \u2013 X Tudo Ribeir\u00e3o","author":"noticiasribeiraopreto.com.br","date":"18 de November de 2023","format":false,"excerpt":"Dois bandidos morreram no final da madrugada deste s\u00e1bado (18\/11), ap\u00f3s roubarem um carro na cidade de Batatais, e durante a fuga trocarem tiros com os Policiais da For\u00e7a T\u00e1tica na Vila Mariana, na zona Norte de Ribeir\u00e3o Preto. Segundo informa\u00e7\u00f5es da Pol\u00edcia, durante o turno de trabalho foi informado\u2026","rel":"","context":"In &quot;Not\u00edcias de Ribeir\u00e3o Preto-SP e Regi\u00e3o&quot;","block_context":{"text":"Not\u00edcias de Ribeir\u00e3o Preto-SP e Regi\u00e3o","link":"https:\/\/noticiasribeiraopreto.com.br\/index.php\/category\/noticias-de-ribeirao-preto-sp-e-regiao-ismael-colosi\/"},"img":{"alt_text":"","src":"https:\/\/i0.wp.com\/noticiasribeiraopreto.com.br\/wp-content\/uploads\/2023\/11\/19f8bbf6-4a70-439f-b23c-f4a7d5d62957.jpeg?fit=900%2C1200&ssl=1&resize=350%2C200","width":350,"height":200,"srcset":"https:\/\/i0.wp.com\/noticiasribeiraopreto.com.br\/wp-content\/uploads\/2023\/11\/19f8bbf6-4a70-439f-b23c-f4a7d5d62957.jpeg?fit=900%2C1200&ssl=1&resize=350%2C200 1x, https:\/\/i0.wp.com\/noticiasribeiraopreto.com.br\/wp-content\/uploads\/2023\/11\/19f8bbf6-4a70-439f-b23c-f4a7d5d62957.jpeg?fit=900%2C1200&ssl=1&resize=525%2C300 1.5x, https:\/\/i0.wp.com\/noticiasribeiraopreto.com.br\/wp-content\/uploads\/2023\/11\/19f8bbf6-4a70-439f-b23c-f4a7d5d62957.jpeg?fit=900%2C1200&ssl=1&resize=700%2C400 2x"},"classes":[]},{"id":33136,"url":"https:\/\/noticiasribeiraopreto.com.br\/index.php\/2024\/01\/27\/utm_sourcerssutm_mediumrssutm_campaignmulher-tem-dedos-cortado-e-e-mordida-por-bandido-durante-roubo-na-rua-triunfo-em-rp-o-bandido-foi-preso-em-flagrante\/","url_meta":{"origin":18487,"position":2},"title":"Mulher tem dedos cortado e \u00e9 mordida por bandido durante roubo na rua Triunfo em RP; o bandido foi preso em flagrante \u2013 X Tudo Ribeir\u00e3o","author":"noticiasribeiraopreto.com.br","date":"27 de January de 2024","format":false,"excerpt":"Um bandido foi preso pela PM (Pol\u00edcia Militar) ap\u00f3s agredir uma mulher durante um roubo a resid\u00eancia na madrugada deste s\u00e1bado (27\/1),\u00a0 no bairro Santa Cruz, na zona Leste de Ribeir\u00e3o Preto. A mulher teve os dedos cortados, foi mordida e agredida com socos pelo bandido.\u00a0 Segundo informa\u00e7\u00f5es da PM,\u2026","rel":"","context":"In &quot;Not\u00edcias de Ribeir\u00e3o Preto-SP e Regi\u00e3o&quot;","block_context":{"text":"Not\u00edcias de Ribeir\u00e3o Preto-SP e Regi\u00e3o","link":"https:\/\/noticiasribeiraopreto.com.br\/index.php\/category\/noticias-de-ribeirao-preto-sp-e-regiao-ismael-colosi\/"},"img":{"alt_text":"","src":"https:\/\/i0.wp.com\/noticiasribeiraopreto.com.br\/wp-content\/uploads\/2024\/01\/algemas1-scaled.jpg?fit=1200%2C800&ssl=1&resize=350%2C200","width":350,"height":200,"srcset":"https:\/\/i0.wp.com\/noticiasribeiraopreto.com.br\/wp-content\/uploads\/2024\/01\/algemas1-scaled.jpg?fit=1200%2C800&ssl=1&resize=350%2C200 1x, https:\/\/i0.wp.com\/noticiasribeiraopreto.com.br\/wp-content\/uploads\/2024\/01\/algemas1-scaled.jpg?fit=1200%2C800&ssl=1&resize=525%2C300 1.5x, https:\/\/i0.wp.com\/noticiasribeiraopreto.com.br\/wp-content\/uploads\/2024\/01\/algemas1-scaled.jpg?fit=1200%2C800&ssl=1&resize=700%2C400 2x, https:\/\/i0.wp.com\/noticiasribeiraopreto.com.br\/wp-content\/uploads\/2024\/01\/algemas1-scaled.jpg?fit=1200%2C800&ssl=1&resize=1050%2C600 3x"},"classes":[]},{"id":13134,"url":"https:\/\/noticiasribeiraopreto.com.br\/index.php\/2023\/12\/09\/utm_sourcerssutm_mediumrssutm_campaignbandidos-abusam-sexualmente-de-mulher-durante-roubo-a-uma-fazenda-em-serra-azul\/","url_meta":{"origin":18487,"position":3},"title":"Bandidos abusam sexualmente de mulher durante roubo a uma fazenda em Serra Azul \u2013 X Tudo Ribeir\u00e3o","author":"noticiasribeiraopreto.com.br","date":"9 de December de 2023","format":false,"excerpt":"Quatro vagabundos abusaram sexualmente de uma jovem durante um assalto a uma fazenda na zona Rural da cidade de Serra Azul.\u00a0 Segundo informa\u00e7\u00f5es da Pol\u00edcia, durante a madrugada quatro vagabundos armados em um Monza invadiram a fazenda. Ap\u00f3s render o casal e os dois filhos, as v\u00edtimas foram divididas e\u2026","rel":"","context":"In &quot;Not\u00edcias de Ribeir\u00e3o Preto-SP e Regi\u00e3o&quot;","block_context":{"text":"Not\u00edcias de Ribeir\u00e3o Preto-SP e Regi\u00e3o","link":"https:\/\/noticiasribeiraopreto.com.br\/index.php\/category\/noticias-de-ribeirao-preto-sp-e-regiao-ismael-colosi\/"},"img":{"alt_text":"","src":"https:\/\/i0.wp.com\/noticiasribeiraopreto.com.br\/wp-content\/uploads\/2023\/12\/estupro.jpg?fit=1000%2C667&ssl=1&resize=350%2C200","width":350,"height":200,"srcset":"https:\/\/i0.wp.com\/noticiasribeiraopreto.com.br\/wp-content\/uploads\/2023\/12\/estupro.jpg?fit=1000%2C667&ssl=1&resize=350%2C200 1x, https:\/\/i0.wp.com\/noticiasribeiraopreto.com.br\/wp-content\/uploads\/2023\/12\/estupro.jpg?fit=1000%2C667&ssl=1&resize=525%2C300 1.5x, https:\/\/i0.wp.com\/noticiasribeiraopreto.com.br\/wp-content\/uploads\/2023\/12\/estupro.jpg?fit=1000%2C667&ssl=1&resize=700%2C400 2x"},"classes":[]},{"id":13195,"url":"https:\/\/noticiasribeiraopreto.com.br\/index.php\/2023\/12\/09\/utm_sourcerssutm_mediumrssutm_campaignpolicia-prende-um-dos-vagabundos-que-roubou-e-estuprou-uma-mulher-na-zona-rural-de-serra-azul\/","url_meta":{"origin":18487,"position":4},"title":"Pol\u00edcia prende um dos VAGABUNDOS que roubou e estuprou uma mulher na zona Rural de Serra Azul \u2013 X Tudo Ribeir\u00e3o","author":"noticiasribeiraopreto.com.br","date":"9 de December de 2023","format":false,"excerpt":"A PM (Pol\u00edcia Militar) prendeu na manh\u00e3 deste s\u00e1bado (9\/12), em Ribeir\u00e3o Preto, um dos vagabundos envolvido no estupro e roubo a uma Fazenda na zona Rural da cidade de Serra Azul, que ocorreu durante a madrugada.\u00a0(CLIQUE E LEIA A MAT\u00c9RIA) Segundo \u00e0 PM, ap\u00f3s o roubo os Policiais Militares\u2026","rel":"","context":"In &quot;Not\u00edcias de Ribeir\u00e3o Preto-SP e Regi\u00e3o&quot;","block_context":{"text":"Not\u00edcias de Ribeir\u00e3o Preto-SP e Regi\u00e3o","link":"https:\/\/noticiasribeiraopreto.com.br\/index.php\/category\/noticias-de-ribeirao-preto-sp-e-regiao-ismael-colosi\/"},"img":{"alt_text":"","src":"https:\/\/i0.wp.com\/noticiasribeiraopreto.com.br\/wp-content\/uploads\/2023\/12\/WhatsApp-Image-2023-12-09-at-12.45.57-scaled.jpeg?fit=1200%2C900&ssl=1&resize=350%2C200","width":350,"height":200,"srcset":"https:\/\/i0.wp.com\/noticiasribeiraopreto.com.br\/wp-content\/uploads\/2023\/12\/WhatsApp-Image-2023-12-09-at-12.45.57-scaled.jpeg?fit=1200%2C900&ssl=1&resize=350%2C200 1x, https:\/\/i0.wp.com\/noticiasribeiraopreto.com.br\/wp-content\/uploads\/2023\/12\/WhatsApp-Image-2023-12-09-at-12.45.57-scaled.jpeg?fit=1200%2C900&ssl=1&resize=525%2C300 1.5x, https:\/\/i0.wp.com\/noticiasribeiraopreto.com.br\/wp-content\/uploads\/2023\/12\/WhatsApp-Image-2023-12-09-at-12.45.57-scaled.jpeg?fit=1200%2C900&ssl=1&resize=700%2C400 2x, https:\/\/i0.wp.com\/noticiasribeiraopreto.com.br\/wp-content\/uploads\/2023\/12\/WhatsApp-Image-2023-12-09-at-12.45.57-scaled.jpeg?fit=1200%2C900&ssl=1&resize=1050%2C600 3x"},"classes":[]},{"id":20033,"url":"https:\/\/noticiasribeiraopreto.com.br\/index.php\/2023\/12\/23\/utm_sourcerssutm_mediumrssutm_campaignsementinhas-do-crime-de-serrana-sao-detidas-apos-tentativa-de-roubo-em-ribeirao-preto\/","url_meta":{"origin":18487,"position":5},"title":"Sementinhas do crime de Serrana s\u00e3o detidas ap\u00f3s tentativa de roubo em Ribeir\u00e3o Preto \u2013 X Tudo Ribeir\u00e3o","author":"noticiasribeiraopreto.com.br","date":"23 de December de 2023","format":false,"excerpt":"Duas sementinhas do crime da cidade de Serrana, foram detidas ap\u00f3s uma tentativa de roubo pr\u00f3ximo a faculdade Unaerp em Ribeir\u00e3o Preto. Segundo informa\u00e7\u00f5es da Pol\u00edcia Militar, testemunhas acionaram os Policiais versando sobre dois bandidos que teriam tentado abordar um pedestre pr\u00f3ximo da Unaerp. Rapidamente os PMs foram at\u00e9 o\u2026","rel":"","context":"In &quot;Not\u00edcias de Ribeir\u00e3o Preto-SP e Regi\u00e3o&quot;","block_context":{"text":"Not\u00edcias de Ribeir\u00e3o Preto-SP e Regi\u00e3o","link":"https:\/\/noticiasribeiraopreto.com.br\/index.php\/category\/noticias-de-ribeirao-preto-sp-e-regiao-ismael-colosi\/"},"img":{"alt_text":"","src":"https:\/\/i0.wp.com\/noticiasribeiraopreto.com.br\/wp-content\/uploads\/2023\/12\/WhatsApp-Image-2023-12-23-at-21.46.47-2.jpeg?fit=1149%2C630&ssl=1&resize=350%2C200","width":350,"height":200,"srcset":"https:\/\/i0.wp.com\/noticiasribeiraopreto.com.br\/wp-content\/uploads\/2023\/12\/WhatsApp-Image-2023-12-23-at-21.46.47-2.jpeg?fit=1149%2C630&ssl=1&resize=350%2C200 1x, https:\/\/i0.wp.com\/noticiasribeiraopreto.com.br\/wp-content\/uploads\/2023\/12\/WhatsApp-Image-2023-12-23-at-21.46.47-2.jpeg?fit=1149%2C630&ssl=1&resize=525%2C300 1.5x, https:\/\/i0.wp.com\/noticiasribeiraopreto.com.br\/wp-content\/uploads\/2023\/12\/WhatsApp-Image-2023-12-23-at-21.46.47-2.jpeg?fit=1149%2C630&ssl=1&resize=700%2C400 2x, https:\/\/i0.wp.com\/noticiasribeiraopreto.com.br\/wp-content\/uploads\/2023\/12\/WhatsApp-Image-2023-12-23-at-21.46.47-2.jpeg?fit=1149%2C630&ssl=1&resize=1050%2C600 3x"},"classes":[]}],"jetpack_sharing_enabled":true,"jetpack_shortlink":"https:\/\/wp.me\/peQAOb-4Ob","_links":{"self":[{"href":"https:\/\/noticiasribeiraopreto.com.br\/index.php\/wp-json\/wp\/v2\/posts\/18487","targetHints":{"allow":["GET"]}}],"collection":[{"href":"https:\/\/noticiasribeiraopreto.com.br\/index.php\/wp-json\/wp\/v2\/posts"}],"about":[{"href":"https:\/\/noticiasribeiraopreto.com.br\/index.php\/wp-json\/wp\/v2\/types\/post"}],"author":[{"embeddable":true,"href":"https:\/\/noticiasribeiraopreto.com.br\/index.php\/wp-json\/wp\/v2\/users\/1"}],"replies":[{"embeddable":true,"href":"https:\/\/noticiasribeiraopreto.com.br\/index.php\/wp-json\/wp\/v2\/comments?post=18487"}],"version-history":[{"count":0,"href":"https:\/\/noticiasribeiraopreto.com.br\/index.php\/wp-json\/wp\/v2\/posts\/18487\/revisions"}],"wp:featuredmedia":[{"embeddable":true,"href":"https:\/\/noticiasribeiraopreto.com.br\/index.php\/wp-json\/wp\/v2\/media\/18488"}],"wp:attachment":[{"href":"https:\/\/noticiasribeiraopreto.com.br\/index.php\/wp-json\/wp\/v2\/media?parent=18487"}],"wp:term":[{"taxonomy":"category","embeddable":true,"href":"https:\/\/noticiasribeiraopreto.com.br\/index.php\/wp-json\/wp\/v2\/categories?post=18487"},{"taxonomy":"post_tag","embeddable":true,"href":"https:\/\/noticiasribeiraopreto.com.br\/index.php\/wp-json\/wp\/v2\/tags?post=18487"}],"curies":[{"name":"wp","href":"https:\/\/api.w.org\/{rel}","templated":true}]}}