{"id":18572,"date":"2023-12-20T17:08:40","date_gmt":"2023-12-20T20:08:40","guid":{"rendered":"https:\/\/noticiasribeiraopreto.com.br\/index.php\/2023\/12\/20\/recorde-maioria-dos-adolescentes-que-trabalham-atuam-fora-da-legalidade-2\/"},"modified":"2023-12-20T17:08:40","modified_gmt":"2023-12-20T20:08:40","slug":"recorde-maioria-dos-adolescentes-que-trabalham-atuam-fora-da-legalidade-2","status":"publish","type":"post","link":"https:\/\/noticiasribeiraopreto.com.br\/index.php\/2023\/12\/20\/recorde-maioria-dos-adolescentes-que-trabalham-atuam-fora-da-legalidade-2\/","title":{"rendered":"Recorde! Maioria dos adolescentes que trabalham atuam fora da legalidade"},"content":{"rendered":"<div class='code-block code-block-1' style='margin: 8px 0 8px auto; text-align: right; display: block; clear: both;'>\n<p><a href=\"https:\/\/wa.link\/vpicfd\"><img data-recalc-dims=\"1\" class=\"wp-image-4922\" style=\"aspect-ratio: 2.0253164556962027; width: 561px; height: auto;\" src=\"https:\/\/i0.wp.com\/ismaelcolosi.com.br\/wp-content\/uploads\/2023\/11\/grupo-de-empregos-whatsapp-e-facebook-ismael-colosi-vagas.jpg?ssl=1\" alt=\"\" \/><\/a><\/p>\n<!-- \/wp:image -->\n<\/div>\n<p> <br \/>\n<\/p>\n<div>\n<p>Os dados da pesquisa \u201cPnad Cont\u00ednua Trabalho de Crian\u00e7as e Adolescentes\u201d, divulgada nesta quarta-feira pelo <a href=\"https:\/\/www.ibge.gov.br\/\">Instituto Brasileiro de Geografia e Estat\u00edstica (IBGE)<\/a>, revelam uma realidade alarmante para os adolescentes brasileiros de 16 a 17 anos inseridos no mercado de trabalho. No ano passado, cerca de 76% desses jovens estavam na informalidade, constituindo o mais alto n\u00edvel registrado desde o in\u00edcio da s\u00e9rie hist\u00f3rica em 2016.<\/p>\n<p>A pesquisa, que marca o retorno da coleta de dados p\u00f3s-pandemia, interrompida em 2020, revelou que 810 mil adolescentes dessa faixa et\u00e1ria estavam envolvidos em algum tipo de trabalho inadequado, ou seja, fora do que a legisla\u00e7\u00e3o brasileira prev\u00ea.<\/p>\n<p>O aumento da informalidade entre os adolescentes foi uma tend\u00eancia observada ao longo dos anos. Ap\u00f3s um breve recuo de 2016 (75,4%) para 2017 (76,0%), a taxa teve um decl\u00ednio em 2018 para 73,6%. No entanto, em 2019, houve um novo aumento para 73,9%, e em 2022, atingiu o recorde de 76,6%.<\/p>\n<h2>Lei restringe o trabalho noturno, insalubre e perigoso para adolescentes<\/h2>\n<p>A maioria dos jovens informais em 2022 trabalhava no setor privado sem carteira de trabalho assinada e em trabalhos dom\u00e9sticos (67,9%), seguido por conta pr\u00f3pria e empregador sem CNPJ (16,9%) e trabalhadores familiares auxiliares (15,2%).<\/p>\n<p>A legisla\u00e7\u00e3o brasileira pro\u00edbe o trabalho de adolescentes de 16 e 17 anos sem carteira assinada, documento obrigat\u00f3rio para qualquer tipo de emprego, seja ele urbano, rural ou tempor\u00e1rio.<\/p>\n<p>Al\u00e9m da informalidade, a pesquisa revelou o tempo dedicado pelos menores ao trabalho irregular, muitas vezes \u00e0 custa de seu tempo de lazer e outros direitos previstos na inf\u00e2ncia e adolesc\u00eancia. Entre os adolescentes de 16 a 17 anos, mais de um ter\u00e7o (32,4%) dedicava jornadas de trabalho de 40 horas ou mais, alcan\u00e7ando o n\u00edvel mais alto desde o in\u00edcio da s\u00e9rie hist\u00f3rica em 2016.<\/p>\n<p>Vale ressaltar que a lei restringe o trabalho noturno, insalubre e perigoso para adolescentes de 16 e 17 anos em outras contrata\u00e7\u00f5es com carteira assinada, visando proteger esses jovens de condi\u00e7\u00f5es prejudiciais \u00e0 sua sa\u00fade e bem-estar.<\/p>\n<p>+ Acompanhe as principais informa\u00e7\u00f5es sobre\u00a0<a href=\"https:\/\/jcconcursos.com.br\/noticia\/brasil\/\" rel=\"noopener\" target=\"_blank\">Sociedade e Brasil no JC Concursos<\/a><\/p>\n<p><a id=\"gnews_btn\" href=\"https:\/\/news.google.com\/publications\/CAAqBwgKMOixlQswuZWrAw\" target=\"_blank\" class=\"border_jc_blue link_hover_bg_jc_blue font_85 d-block d-md-inline-block px-2 py-1 mr-0 mr-md-2 mb-3 w-100 text-center\" rel=\"noopener\"><span class=\"text_jc_blue\">Siga o <strong>JC Concursos no Google News<\/strong><\/span><\/a><a href=\"https:\/\/jcconcursos.com.br\/noticia\/brasil\/\" class=\"badge badge-light\">Sociedade<\/a><a href=\"https:\/\/jcconcursos.com.br\/noticia\/brasil\/\" class=\"badge badge-light\">Brasil<\/a><\/p>\n<\/div>\n<p><br \/>\n<br \/><a href=\"https:\/\/ismaelcolosi.com.br\/recorde-maioria-dos-adolescentes-que-trabalham-atuam-fora-da-legalidade\/\">Source link <\/a><\/p>\n<!-- CONTENT END 1 -->\n","protected":false},"excerpt":{"rendered":"<p>Os dados da pesquisa \u201cPnad Cont\u00ednua Trabalho de Crian\u00e7as e Adolescentes\u201d, divulgada nesta quarta-feira pelo Instituto Brasileiro de Geografia e Estat\u00edstica (IBGE), revelam uma realidade&#8230;<\/p>\n","protected":false},"author":1,"featured_media":18573,"comment_status":"open","ping_status":"open","sticky":false,"template":"","format":"standard","meta":{"advanced_seo_description":"","jetpack_seo_html_title":"","jetpack_seo_noindex":false,"jetpack_post_was_ever_published":false,"_jetpack_newsletter_access":"","_jetpack_dont_email_post_to_subs":false,"_jetpack_newsletter_tier_id":0,"_jetpack_memberships_contains_paywalled_content":false,"_jetpack_memberships_contains_paid_content":false,"footnotes":"","jetpack_publicize_message":"","jetpack_publicize_feature_enabled":true,"jetpack_social_post_already_shared":true,"jetpack_social_options":{"image_generator_settings":{"template":"highway","default_image_id":0,"font":"","enabled":false},"version":2}},"categories":[7],"tags":[],"class_list":["post-18572","post","type-post","status-publish","format-standard","has-post-thumbnail","hentry","category-vagas-de-empregos-em-ribeirao-preto-regiao-brasil"],"jetpack_publicize_connections":[],"jetpack_featured_media_url":"https:\/\/i0.wp.com\/noticiasribeiraopreto.com.br\/wp-content\/uploads\/2023\/12\/trabalho_adolescente_2_-_foto_jc_concursoscanva.jpg?fit=1920%2C1080&ssl=1","jetpack-related-posts":[{"id":18668,"url":"https:\/\/noticiasribeiraopreto.com.br\/index.php\/2023\/12\/20\/mais-de-50-de-criancas-e-adolescentes-de-5-a-17-anos-cumpriam-tarefas-domesticas-em-2022\/","url_meta":{"origin":18572,"position":0},"title":"Mais de 50% de crian\u00e7as e adolescentes de 5 a 17 anos cumpriam tarefas dom\u00e9sticas em 2022","author":"noticiasribeiraopreto.com.br","date":"20 de December de 2023","format":false,"excerpt":"20 de dezembro de 2023 | 18:0020 de dezembro de 2023 | 15:41 0Mais da metade das crian\u00e7as e adolescentes brasileiros de 5 a 17 anos, um contingente de 20,1 milh\u00f5es de pessoas, realizava afazeres dom\u00e9sticos ou era respons\u00e1vel pelo cuidado de outras pessoas, como irm\u00e3os mais novos, segundo os\u2026","rel":"","context":"In &quot;Not\u00edcias de Ribeir\u00e3o Preto-SP e Regi\u00e3o&quot;","block_context":{"text":"Not\u00edcias de Ribeir\u00e3o Preto-SP e Regi\u00e3o","link":"https:\/\/noticiasribeiraopreto.com.br\/index.php\/category\/noticias-de-ribeirao-preto-sp-e-regiao-ismael-colosi\/"},"img":{"alt_text":"","src":"https:\/\/i0.wp.com\/noticiasribeiraopreto.com.br\/wp-content\/uploads\/2023\/12\/trabalho-infantil_6Yc0GQy.jpg?fit=800%2C445&ssl=1&resize=350%2C200","width":350,"height":200,"srcset":"https:\/\/i0.wp.com\/noticiasribeiraopreto.com.br\/wp-content\/uploads\/2023\/12\/trabalho-infantil_6Yc0GQy.jpg?fit=800%2C445&ssl=1&resize=350%2C200 1x, https:\/\/i0.wp.com\/noticiasribeiraopreto.com.br\/wp-content\/uploads\/2023\/12\/trabalho-infantil_6Yc0GQy.jpg?fit=800%2C445&ssl=1&resize=525%2C300 1.5x, https:\/\/i0.wp.com\/noticiasribeiraopreto.com.br\/wp-content\/uploads\/2023\/12\/trabalho-infantil_6Yc0GQy.jpg?fit=800%2C445&ssl=1&resize=700%2C400 2x"},"classes":[]},{"id":69407,"url":"https:\/\/noticiasribeiraopreto.com.br\/index.php\/2025\/05\/05\/jornal-da-franca-adolescentes-com-pior-saude-mental-passam-mais-tempo-nas-redes-sociais\/","url_meta":{"origin":18572,"position":1},"title":"Jornal da Franca &#8211; Adolescentes com pior sa\u00fade mental passam mais tempo nas redes sociais","author":"noticiasribeiraopreto.com.br","date":"5 de May de 2025","format":false,"excerpt":"compartilhar no whatsapp compartilhar no telegram compartilhar no facebook compartilhar no linkedin Novo estudo mostra tamb\u00e9m menor satisfa\u00e7\u00e3o com o n\u00famero de amigos nas m\u00eddias sociais, em compara\u00e7\u00e3o com adolescentes sem condi\u00e7\u00f5es de sa\u00fade mental Adolescentes com pior sa\u00fade mental s\u00e3o os que mais usam as redes sociais \u2013 foto\u2026","rel":"","context":"In &quot;Not\u00edcias de Franca-SP&quot;","block_context":{"text":"Not\u00edcias de Franca-SP","link":"https:\/\/noticiasribeiraopreto.com.br\/index.php\/category\/noticias-de-ribeirao-preto-sp-e-regiao-ismael-colosi\/noticias-franca-sp\/"},"img":{"alt_text":"","src":"https:\/\/i0.wp.com\/noticiasribeiraopreto.com.br\/wp-content\/uploads\/2025\/05\/adolescente-com-celular.jpg?fit=1200%2C675&ssl=1&resize=350%2C200","width":350,"height":200,"srcset":"https:\/\/i0.wp.com\/noticiasribeiraopreto.com.br\/wp-content\/uploads\/2025\/05\/adolescente-com-celular.jpg?fit=1200%2C675&ssl=1&resize=350%2C200 1x, https:\/\/i0.wp.com\/noticiasribeiraopreto.com.br\/wp-content\/uploads\/2025\/05\/adolescente-com-celular.jpg?fit=1200%2C675&ssl=1&resize=525%2C300 1.5x, https:\/\/i0.wp.com\/noticiasribeiraopreto.com.br\/wp-content\/uploads\/2025\/05\/adolescente-com-celular.jpg?fit=1200%2C675&ssl=1&resize=700%2C400 2x, https:\/\/i0.wp.com\/noticiasribeiraopreto.com.br\/wp-content\/uploads\/2025\/05\/adolescente-com-celular.jpg?fit=1200%2C675&ssl=1&resize=1050%2C600 3x"},"classes":[]},{"id":17630,"url":"https:\/\/noticiasribeiraopreto.com.br\/index.php\/2023\/12\/18\/brasileiros-buscam-na-informalidade-uma-alternativa-ao-desemprego-2\/","url_meta":{"origin":18572,"position":2},"title":"brasileiros buscam na informalidade uma alternativa ao desemprego","author":"noticiasribeiraopreto.com.br","date":"18 de December de 2023","format":false,"excerpt":"O Brasil enfrenta uma crise no mercado de trabalho h\u00e1 d\u00e9cadas, com um n\u00famero crescente de pessoas fora da for\u00e7a de trabalho ou trabalhando em condi\u00e7\u00f5es prec\u00e1rias. Segundo dados do IBGE, apenas 44 milh\u00f5es de brasileiros t\u00eam trabalho formal, com carteira assinada ou contrato de trabalho. Outros 40 milh\u00f5es estariam\u2026","rel":"","context":"In &quot;Vagas de Emprego em Ribeir\u00e3o Preto-SP&quot;","block_context":{"text":"Vagas de Emprego em Ribeir\u00e3o Preto-SP","link":"https:\/\/noticiasribeiraopreto.com.br\/index.php\/category\/empregos-classificados-vagas-trabalho\/vagas-de-empregos-em-ribeirao-preto-regiao-brasil\/"},"img":{"alt_text":"","src":"https:\/\/i0.wp.com\/noticiasribeiraopreto.com.br\/wp-content\/uploads\/2023\/12\/trabalho_informal_informalidade_-_foto_divulgacaoconceitos.jpg?fit=1200%2C675&ssl=1&resize=350%2C200","width":350,"height":200,"srcset":"https:\/\/i0.wp.com\/noticiasribeiraopreto.com.br\/wp-content\/uploads\/2023\/12\/trabalho_informal_informalidade_-_foto_divulgacaoconceitos.jpg?fit=1200%2C675&ssl=1&resize=350%2C200 1x, https:\/\/i0.wp.com\/noticiasribeiraopreto.com.br\/wp-content\/uploads\/2023\/12\/trabalho_informal_informalidade_-_foto_divulgacaoconceitos.jpg?fit=1200%2C675&ssl=1&resize=525%2C300 1.5x, https:\/\/i0.wp.com\/noticiasribeiraopreto.com.br\/wp-content\/uploads\/2023\/12\/trabalho_informal_informalidade_-_foto_divulgacaoconceitos.jpg?fit=1200%2C675&ssl=1&resize=700%2C400 2x, https:\/\/i0.wp.com\/noticiasribeiraopreto.com.br\/wp-content\/uploads\/2023\/12\/trabalho_informal_informalidade_-_foto_divulgacaoconceitos.jpg?fit=1200%2C675&ssl=1&resize=1050%2C600 3x"},"classes":[]},{"id":68140,"url":"https:\/\/noticiasribeiraopreto.com.br\/index.php\/2025\/04\/22\/jornal-da-franca-metade-dos-adolescentes-diz-que-redes-sociais-fazem-mal-a-saude-mental\/","url_meta":{"origin":18572,"position":3},"title":"Jornal da Franca &#8211; Metade dos adolescentes diz que redes sociais fazem mal \u00e0 sa\u00fade mental","author":"noticiasribeiraopreto.com.br","date":"22 de April de 2025","format":false,"excerpt":"compartilhar no whatsapp compartilhar no telegram compartilhar no facebook compartilhar no linkedin Pesquisa oferece uma vis\u00e3o atualizada de como os adolescentes veem seu pr\u00f3prio uso das redes sociais Em pesquisa, quase metade dos adolescentes afirma que redes sociais t\u00eam efeito negativo na sa\u00fade mental \u2013 foto Arquivo \u00a0 O impacto\u2026","rel":"","context":"In &quot;Not\u00edcias de Franca-SP&quot;","block_context":{"text":"Not\u00edcias de Franca-SP","link":"https:\/\/noticiasribeiraopreto.com.br\/index.php\/category\/noticias-de-ribeirao-preto-sp-e-regiao-ismael-colosi\/noticias-franca-sp\/"},"img":{"alt_text":"","src":"https:\/\/i0.wp.com\/noticiasribeiraopreto.com.br\/wp-content\/uploads\/2025\/04\/adolescente-com-celular.jpg?fit=1200%2C675&ssl=1&resize=350%2C200","width":350,"height":200,"srcset":"https:\/\/i0.wp.com\/noticiasribeiraopreto.com.br\/wp-content\/uploads\/2025\/04\/adolescente-com-celular.jpg?fit=1200%2C675&ssl=1&resize=350%2C200 1x, https:\/\/i0.wp.com\/noticiasribeiraopreto.com.br\/wp-content\/uploads\/2025\/04\/adolescente-com-celular.jpg?fit=1200%2C675&ssl=1&resize=525%2C300 1.5x, https:\/\/i0.wp.com\/noticiasribeiraopreto.com.br\/wp-content\/uploads\/2025\/04\/adolescente-com-celular.jpg?fit=1200%2C675&ssl=1&resize=700%2C400 2x, https:\/\/i0.wp.com\/noticiasribeiraopreto.com.br\/wp-content\/uploads\/2025\/04\/adolescente-com-celular.jpg?fit=1200%2C675&ssl=1&resize=1050%2C600 3x"},"classes":[]},{"id":84232,"url":"https:\/\/noticiasribeiraopreto.com.br\/index.php\/2026\/04\/05\/corpo-de-adolescente-de-14-anos-e-localizado-apos-desaparecer-em-rio\/","url_meta":{"origin":18572,"position":4},"title":"Corpo de adolescente de 14 anos \u00e9 localizado ap\u00f3s desaparecer em rio","author":"noticiasribeiraopreto.com.br","date":"5 de April de 2026","format":false,"excerpt":"Ler o resumo da not\u00edcia Corpo de adolescente de 14 anos \u00e9 localizado ap\u00f3s desaparecer em rio O corpo da adolescente Isabelly Silva Pimentel, de 14 anos, foi encontrado na manh\u00e3 deste domingo (5) pelo Corpo de Bombeiros, em Guar\u00e1, no interior de S\u00e3o Paulo. A informa\u00e7\u00e3o foi confirmada pela\u2026","rel":"","context":"In &quot;Not\u00edcias de Ribeir\u00e3o Preto-SP e Regi\u00e3o&quot;","block_context":{"text":"Not\u00edcias de Ribeir\u00e3o Preto-SP e Regi\u00e3o","link":"https:\/\/noticiasribeiraopreto.com.br\/index.php\/category\/noticias-de-ribeirao-preto-sp-e-regiao-ismael-colosi\/"},"img":{"alt_text":"","src":"https:\/\/i0.wp.com\/noticiasribeiraopreto.com.br\/wp-content\/uploads\/2026\/04\/image_2026-04-05_14-55-51.webp.webp?fit=984%2C616&ssl=1&resize=350%2C200","width":350,"height":200,"srcset":"https:\/\/i0.wp.com\/noticiasribeiraopreto.com.br\/wp-content\/uploads\/2026\/04\/image_2026-04-05_14-55-51.webp.webp?fit=984%2C616&ssl=1&resize=350%2C200 1x, https:\/\/i0.wp.com\/noticiasribeiraopreto.com.br\/wp-content\/uploads\/2026\/04\/image_2026-04-05_14-55-51.webp.webp?fit=984%2C616&ssl=1&resize=525%2C300 1.5x, https:\/\/i0.wp.com\/noticiasribeiraopreto.com.br\/wp-content\/uploads\/2026\/04\/image_2026-04-05_14-55-51.webp.webp?fit=984%2C616&ssl=1&resize=700%2C400 2x"},"classes":[]},{"id":64968,"url":"https:\/\/noticiasribeiraopreto.com.br\/index.php\/2025\/03\/14\/adolescentes-de-17-anos-usam-arma-de-brinquedo-para-cometer-furtos-no-jardim-luiza\/","url_meta":{"origin":18572,"position":5},"title":"Adolescentes de 17 anos usam arma de brinquedo para cometer furtos no Jardim Luiza","author":"noticiasribeiraopreto.com.br","date":"14 de March de 2025","format":false,"excerpt":"A Pol\u00edcia Militar apreendeu dois adolescentes, de 17 anos, com diversas por\u00e7\u00f5es de maconha, balan\u00e7a de precis\u00e3o e tamb\u00e9m uma arma de brinquedo. Eles foram localizados no Jardim Luiza, durante ronda feita pela PM na noite de quarta-feira (12). Os policiais militares j\u00e1 haviam recebido den\u00fancia que havia duas pessoas\u2026","rel":"","context":"In &quot;Not\u00edcias de Franca-SP&quot;","block_context":{"text":"Not\u00edcias de Franca-SP","link":"https:\/\/noticiasribeiraopreto.com.br\/index.php\/category\/noticias-de-ribeirao-preto-sp-e-regiao-ismael-colosi\/noticias-franca-sp\/"},"img":{"alt_text":"","src":"https:\/\/i0.wp.com\/noticiasribeiraopreto.com.br\/wp-content\/uploads\/2025\/03\/15bpm_batalhao.jpg?fit=700%2C470&ssl=1&resize=350%2C200","width":350,"height":200,"srcset":"https:\/\/i0.wp.com\/noticiasribeiraopreto.com.br\/wp-content\/uploads\/2025\/03\/15bpm_batalhao.jpg?fit=700%2C470&ssl=1&resize=350%2C200 1x, https:\/\/i0.wp.com\/noticiasribeiraopreto.com.br\/wp-content\/uploads\/2025\/03\/15bpm_batalhao.jpg?fit=700%2C470&ssl=1&resize=525%2C300 1.5x, https:\/\/i0.wp.com\/noticiasribeiraopreto.com.br\/wp-content\/uploads\/2025\/03\/15bpm_batalhao.jpg?fit=700%2C470&ssl=1&resize=700%2C400 2x"},"classes":[]}],"jetpack_sharing_enabled":true,"jetpack_shortlink":"https:\/\/wp.me\/peQAOb-4Py","_links":{"self":[{"href":"https:\/\/noticiasribeiraopreto.com.br\/index.php\/wp-json\/wp\/v2\/posts\/18572","targetHints":{"allow":["GET"]}}],"collection":[{"href":"https:\/\/noticiasribeiraopreto.com.br\/index.php\/wp-json\/wp\/v2\/posts"}],"about":[{"href":"https:\/\/noticiasribeiraopreto.com.br\/index.php\/wp-json\/wp\/v2\/types\/post"}],"author":[{"embeddable":true,"href":"https:\/\/noticiasribeiraopreto.com.br\/index.php\/wp-json\/wp\/v2\/users\/1"}],"replies":[{"embeddable":true,"href":"https:\/\/noticiasribeiraopreto.com.br\/index.php\/wp-json\/wp\/v2\/comments?post=18572"}],"version-history":[{"count":0,"href":"https:\/\/noticiasribeiraopreto.com.br\/index.php\/wp-json\/wp\/v2\/posts\/18572\/revisions"}],"wp:featuredmedia":[{"embeddable":true,"href":"https:\/\/noticiasribeiraopreto.com.br\/index.php\/wp-json\/wp\/v2\/media\/18573"}],"wp:attachment":[{"href":"https:\/\/noticiasribeiraopreto.com.br\/index.php\/wp-json\/wp\/v2\/media?parent=18572"}],"wp:term":[{"taxonomy":"category","embeddable":true,"href":"https:\/\/noticiasribeiraopreto.com.br\/index.php\/wp-json\/wp\/v2\/categories?post=18572"},{"taxonomy":"post_tag","embeddable":true,"href":"https:\/\/noticiasribeiraopreto.com.br\/index.php\/wp-json\/wp\/v2\/tags?post=18572"}],"curies":[{"name":"wp","href":"https:\/\/api.w.org\/{rel}","templated":true}]}}