{"id":18580,"date":"2023-12-20T17:25:14","date_gmt":"2023-12-20T20:25:14","guid":{"rendered":"https:\/\/noticiasribeiraopreto.com.br\/index.php\/2023\/12\/20\/quem-era-o-jogador-de-17-anos-que-morreu-em-grave-acidente-de-moto-em-sc\/"},"modified":"2023-12-20T17:25:14","modified_gmt":"2023-12-20T20:25:14","slug":"quem-era-o-jogador-de-17-anos-que-morreu-em-grave-acidente-de-moto-em-sc","status":"publish","type":"post","link":"https:\/\/noticiasribeiraopreto.com.br\/index.php\/2023\/12\/20\/quem-era-o-jogador-de-17-anos-que-morreu-em-grave-acidente-de-moto-em-sc\/","title":{"rendered":"Quem era o jogador de 17 anos que morreu em grave acidente de moto em SC"},"content":{"rendered":"<div class='code-block code-block-1' style='margin: 8px 0 8px auto; text-align: right; display: block; clear: both;'>\n<p><a href=\"https:\/\/wa.link\/vpicfd\"><img data-recalc-dims=\"1\" class=\"wp-image-4922\" style=\"aspect-ratio: 2.0253164556962027; width: 561px; height: auto;\" src=\"https:\/\/i0.wp.com\/ismaelcolosi.com.br\/wp-content\/uploads\/2023\/11\/grupo-de-empregos-whatsapp-e-facebook-ismael-colosi-vagas.jpg?ssl=1\" alt=\"\" \/><\/a><\/p>\n<!-- \/wp:image -->\n<\/div>\n<p> <br \/>\n<\/p>\n<div itemprop=\"text\">\n<p>O mundo do futebol em Rio do Campo, no Vale do Itaja\u00ed, foi atingido por uma devastadora not\u00edcia: Erick Douglas Cordeiro, um jovem talentoso de 17 anos, teve sua jornada interrompida de maneira abrupta em um tr\u00e1gico acidente de tr\u00e2nsito.<\/p>\n<p>Descrito por seu treinador, Mauricio Felippe Marian, como uma promessa promissora e admir\u00e1vel, o adolescente encontrou seu destino fat\u00eddico em uma colis\u00e3o entre a motocicleta que pilotava e um ve\u00edculo na noite da \u00faltima ter\u00e7a, dia 19 de dezembro.<\/p>\n<p>Com uma dedica\u00e7\u00e3o incans\u00e1vel e uma personalidade tranquila, Erick era um membro ativo da secretaria municipal de esportes e estava prestes a ingressar em um clube amador na categoria sub-20 no pr\u00f3ximo ano.<\/p>\n<p>Sua paix\u00e3o pelo esporte era evidente para aqueles que o conheciam de perto, especialmente seu treinador, que destacou n\u00e3o apenas suas habilidades esportivas, mas tamb\u00e9m sua humildade, responsabilidade e educa\u00e7\u00e3o.<\/p>\n<div class=\"code-block code-block-9\" style=\"margin: 8px auto; text-align: center; display: block; clear: both;\">\n<p><span style=\"font-size: xx-small;\"><b>PUBLICIDADE<\/b><\/span><\/p>\n<div class=\"separator\" style=\"clear: both; text-align: center;\"><a href=\"https:\/\/breeze.bet\/?c=1&amp;utm_source=fbs\" imageanchor=\"1\" style=\"margin-left: 1em; margin-right: 1em;\" target=\"_blank\" rel=\"noopener\"><img data-recalc-dims=\"1\" loading=\"lazy\" decoding=\"async\" border=\"0\" data-original-height=\"250\" data-original-width=\"300\" height=\"250\" src=\"https:\/\/i0.wp.com\/blogger.googleusercontent.com\/img\/b\/R29vZ2xl\/AVvXsEhHMStsQpenim-wcfJXHMndm0o0P6BrbXYcb_zvAoVvLcdQw8AP_XKlfa98ltKcznGeZ-LpsBl2FxLCp8WOYwgFSB3cRFm5w-61F-0aTWm387IgHB-GZMFhX20JbEzho8NVK1flhSUYOat_fFInLDqTMO3djGgM3zf7gMkbu8Ut7Zlm-7-ZYF292G63voBG\/s1600\/at%C3%A9%20X2500.png?resize=300%2C250&#038;ssl=1\" width=\"300\"\/><\/a><\/div>\n<\/div>\n<p>O impacto da perda de Erick reverberou profundamente na pequena comunidade de Rio do Campo, composta por apenas 6 mil habitantes. Sua popularidade e conex\u00e3o com muitos jovens na regi\u00e3o, especialmente aqueles ligados ao meio esportivo, provocaram uma onda de como\u00e7\u00e3o e tristeza.<\/p>\n<p>O futuro promissor de Erick foi tragicamente interrompido no momento em que se preparava para jogar no Sport Club de Rio do Campo na categoria sub-20 em 2024, uma oportunidade que poderia abrir portas para sua carreira no futebol profissional.<\/p>\n<p>A Liga Riosulense de Futebol expressou seu pesar pela perda irrepar\u00e1vel do jovem atleta, unindo-se em solidariedade \u00e0 fam\u00edlia, ao clube e aos amigos.<\/p>\n<\/div>\n<p><br \/>\n<br \/><a href=\"https:\/\/fnmais.com\/quem-era-jogador-17-anos-que-morreu-em-grave-acidente-moto-em-sc\/\">Source link <\/a><\/p>\n<!-- CONTENT END 1 -->\n","protected":false},"excerpt":{"rendered":"<p>O mundo do futebol em Rio do Campo, no Vale do Itaja\u00ed, foi atingido por uma devastadora not\u00edcia: Erick Douglas Cordeiro, um jovem talentoso de&#8230;<\/p>\n","protected":false},"author":1,"featured_media":18581,"comment_status":"open","ping_status":"open","sticky":false,"template":"","format":"standard","meta":{"advanced_seo_description":"","jetpack_seo_html_title":"","jetpack_seo_noindex":false,"jetpack_post_was_ever_published":false,"_jetpack_newsletter_access":"","_jetpack_dont_email_post_to_subs":false,"_jetpack_newsletter_tier_id":0,"_jetpack_memberships_contains_paywalled_content":false,"_jetpack_memberships_contains_paid_content":false,"footnotes":"","jetpack_publicize_message":"","jetpack_publicize_feature_enabled":true,"jetpack_social_post_already_shared":true,"jetpack_social_options":{"image_generator_settings":{"template":"highway","default_image_id":0,"font":"","enabled":false},"version":2}},"categories":[1],"tags":[],"class_list":["post-18580","post","type-post","status-publish","format-standard","has-post-thumbnail","hentry","category-blog"],"jetpack_publicize_connections":[],"jetpack_featured_media_url":"https:\/\/i0.wp.com\/noticiasribeiraopreto.com.br\/wp-content\/uploads\/2023\/12\/postimg-65833449e33157208.jpg?fit=1200%2C628&ssl=1","jetpack-related-posts":[{"id":24949,"url":"https:\/\/noticiasribeiraopreto.com.br\/index.php\/2024\/01\/05\/empresario-de-42-anos-morre-em-grave-acidente-na-br-373\/","url_meta":{"origin":18580,"position":0},"title":"Empres\u00e1rio de 42 anos morre em grave acidente na BR-373","author":"noticiasribeiraopreto.com.br","date":"5 de January de 2024","format":false,"excerpt":"Um tr\u00e1gico acidente rodovi\u00e1rio ceifou a vida de Samuel Eurich, um empres\u00e1rio de 42 anos, na BR-373, pr\u00f3ximo a Imbituva, nos Campos Gerais do Paran\u00e1. O incidente ocorreu na tarde da \u00faltima quarta-feira, quando Eurich, dirigindo seu ve\u00edculo, colidiu frontalmente com um caminh\u00e3o.A Pol\u00edcia Rodovi\u00e1ria Federal relatou que Eurich estava\u2026","rel":"","context":"In &quot;Blog&quot;","block_context":{"text":"Blog","link":"https:\/\/noticiasribeiraopreto.com.br\/index.php\/category\/blog\/"},"img":{"alt_text":"","src":"https:\/\/i0.wp.com\/noticiasribeiraopreto.com.br\/wp-content\/uploads\/2024\/01\/postimg-65983397ceb483205.jpg?fit=1200%2C628&ssl=1&resize=350%2C200","width":350,"height":200,"srcset":"https:\/\/i0.wp.com\/noticiasribeiraopreto.com.br\/wp-content\/uploads\/2024\/01\/postimg-65983397ceb483205.jpg?fit=1200%2C628&ssl=1&resize=350%2C200 1x, https:\/\/i0.wp.com\/noticiasribeiraopreto.com.br\/wp-content\/uploads\/2024\/01\/postimg-65983397ceb483205.jpg?fit=1200%2C628&ssl=1&resize=525%2C300 1.5x, https:\/\/i0.wp.com\/noticiasribeiraopreto.com.br\/wp-content\/uploads\/2024\/01\/postimg-65983397ceb483205.jpg?fit=1200%2C628&ssl=1&resize=700%2C400 2x, https:\/\/i0.wp.com\/noticiasribeiraopreto.com.br\/wp-content\/uploads\/2024\/01\/postimg-65983397ceb483205.jpg?fit=1200%2C628&ssl=1&resize=1050%2C600 3x"},"classes":[]},{"id":25175,"url":"https:\/\/noticiasribeiraopreto.com.br\/index.php\/2024\/01\/06\/tetracampeao-do-mundo-zagallo-tem-falecimento-confirmado-aos-92-anos-de-idade\/","url_meta":{"origin":18580,"position":1},"title":"Tetracampe\u00e3o do mundo, Zagallo tem falecimento confirmado aos 92 anos de idade","author":"noticiasribeiraopreto.com.br","date":"6 de January de 2024","format":false,"excerpt":"Recentemente, foi divulgado a not\u00edcia do falecimento de M\u00e1rio Jorge Lobo Zagallo, mais conhecido como \u2018Velho Lobo\u2019, sendo considerado uma das figuras mais emblem\u00e1ticas do futebol brasileiro, ele deixou a muitos de luto.Ele faleceu aos 92 anos de idade, nesta \u00faltima s\u00e1bado, dia 6 de janeiro. O ex-atleta foi considerado\u2026","rel":"","context":"In &quot;Blog&quot;","block_context":{"text":"Blog","link":"https:\/\/noticiasribeiraopreto.com.br\/index.php\/category\/blog\/"},"img":{"alt_text":"","src":"https:\/\/i0.wp.com\/noticiasribeiraopreto.com.br\/wp-content\/uploads\/2024\/01\/postimg-6598d7b1c8ac16502.jpg?fit=1200%2C628&ssl=1&resize=350%2C200","width":350,"height":200,"srcset":"https:\/\/i0.wp.com\/noticiasribeiraopreto.com.br\/wp-content\/uploads\/2024\/01\/postimg-6598d7b1c8ac16502.jpg?fit=1200%2C628&ssl=1&resize=350%2C200 1x, https:\/\/i0.wp.com\/noticiasribeiraopreto.com.br\/wp-content\/uploads\/2024\/01\/postimg-6598d7b1c8ac16502.jpg?fit=1200%2C628&ssl=1&resize=525%2C300 1.5x, https:\/\/i0.wp.com\/noticiasribeiraopreto.com.br\/wp-content\/uploads\/2024\/01\/postimg-6598d7b1c8ac16502.jpg?fit=1200%2C628&ssl=1&resize=700%2C400 2x, https:\/\/i0.wp.com\/noticiasribeiraopreto.com.br\/wp-content\/uploads\/2024\/01\/postimg-6598d7b1c8ac16502.jpg?fit=1200%2C628&ssl=1&resize=1050%2C600 3x"},"classes":[]},{"id":4533,"url":"https:\/\/noticiasribeiraopreto.com.br\/index.php\/2023\/11\/21\/medico-perde-a-vida-em-sp-e-causa-de-seu-falecimento-e-exposta\/","url_meta":{"origin":18580,"position":2},"title":"M\u00e9dico perde a vida em SP e causa de seu falecimento \u00e9 exposta","author":"noticiasribeiraopreto.com.br","date":"21 de November de 2023","format":false,"excerpt":"No \u00faltimo domingo, 19 de novembro, foi confirmada a morte de um m\u00e9dico fisioculturista que morreu ap\u00f3s ter sofrido uma hemorragia no f\u00edgado, na regi\u00e3o de S\u00e3o Paulo, em um hospital.O profissional da sa\u00fade, identificado pelo nome de Rodolfo Duarte dos Santos, de 33 anos, teve a causa poss\u00edvel de\u2026","rel":"","context":"In &quot;Blog&quot;","block_context":{"text":"Blog","link":"https:\/\/noticiasribeiraopreto.com.br\/index.php\/category\/blog\/"},"img":{"alt_text":"","src":"https:\/\/i0.wp.com\/noticiasribeiraopreto.com.br\/wp-content\/uploads\/2023\/11\/postimg-655cdcf1efb0f9112.jpg?fit=1200%2C628&ssl=1&resize=350%2C200","width":350,"height":200,"srcset":"https:\/\/i0.wp.com\/noticiasribeiraopreto.com.br\/wp-content\/uploads\/2023\/11\/postimg-655cdcf1efb0f9112.jpg?fit=1200%2C628&ssl=1&resize=350%2C200 1x, https:\/\/i0.wp.com\/noticiasribeiraopreto.com.br\/wp-content\/uploads\/2023\/11\/postimg-655cdcf1efb0f9112.jpg?fit=1200%2C628&ssl=1&resize=525%2C300 1.5x, https:\/\/i0.wp.com\/noticiasribeiraopreto.com.br\/wp-content\/uploads\/2023\/11\/postimg-655cdcf1efb0f9112.jpg?fit=1200%2C628&ssl=1&resize=700%2C400 2x, https:\/\/i0.wp.com\/noticiasribeiraopreto.com.br\/wp-content\/uploads\/2023\/11\/postimg-655cdcf1efb0f9112.jpg?fit=1200%2C628&ssl=1&resize=1050%2C600 3x"},"classes":[]},{"id":10971,"url":"https:\/\/noticiasribeiraopreto.com.br\/index.php\/2023\/12\/05\/iremos-lembrar-sempre-do-seu-sorriso-video-do-acidente\/","url_meta":{"origin":18580,"position":3},"title":"&#8220;Iremos lembrar sempre do seu sorriso&#8221;; v\u00eddeo do acidente","author":"noticiasribeiraopreto.com.br","date":"5 de December de 2023","format":false,"excerpt":"Uma mulher perdeu sua vida ap\u00f3s se envolver em um tr\u00e1gico acidente de tr\u00e2nsito na regi\u00e3o de Recife, em Pernambuco. Al\u00e9m dela, um homem tamb\u00e9m n\u00e3o resistiu, devido a gravidade de toda a situa\u00e7\u00e3o.A v\u00edtima foi identificada pelo nome de Emily Matias, de 25 anos de idade. Ela era ex-produtora\u2026","rel":"","context":"In &quot;Blog&quot;","block_context":{"text":"Blog","link":"https:\/\/noticiasribeiraopreto.com.br\/index.php\/category\/blog\/"},"img":{"alt_text":"","src":"https:\/\/i0.wp.com\/noticiasribeiraopreto.com.br\/wp-content\/uploads\/2023\/12\/postimg-656f36ec9f1603811.jpg?fit=1200%2C628&ssl=1&resize=350%2C200","width":350,"height":200,"srcset":"https:\/\/i0.wp.com\/noticiasribeiraopreto.com.br\/wp-content\/uploads\/2023\/12\/postimg-656f36ec9f1603811.jpg?fit=1200%2C628&ssl=1&resize=350%2C200 1x, https:\/\/i0.wp.com\/noticiasribeiraopreto.com.br\/wp-content\/uploads\/2023\/12\/postimg-656f36ec9f1603811.jpg?fit=1200%2C628&ssl=1&resize=525%2C300 1.5x, https:\/\/i0.wp.com\/noticiasribeiraopreto.com.br\/wp-content\/uploads\/2023\/12\/postimg-656f36ec9f1603811.jpg?fit=1200%2C628&ssl=1&resize=700%2C400 2x, https:\/\/i0.wp.com\/noticiasribeiraopreto.com.br\/wp-content\/uploads\/2023\/12\/postimg-656f36ec9f1603811.jpg?fit=1200%2C628&ssl=1&resize=1050%2C600 3x"},"classes":[]},{"id":60544,"url":"https:\/\/noticiasribeiraopreto.com.br\/index.php\/2024\/11\/17\/quem-era-o-cantor-que-morreu-em-acidente-no-interior-de-sp-depois-de-curar-um-cancer\/","url_meta":{"origin":18580,"position":4},"title":"Quem era o cantor que morreu em acidente no interior de SP depois de curar um c\u00e2ncer","author":"noticiasribeiraopreto.com.br","date":"17 de November de 2024","format":false,"excerpt":"O cantor Cau\u00ea Felici Muniz dos Santos, de 34 anos, morreu em um acidente de carro na rodovia Washington Lu\u00eds (SP-310), em Araraquara, no interior de S\u00e3o Paulo, na madrugada de s\u00e1bado (16), aos 34 anos. Cau\u00ea foi diagnosticado com c\u00e2ncer aos 18 anos, e estava curado \u2013 saiba mais\u2026","rel":"","context":"In &quot;Not\u00edcias de Ribeir\u00e3o Preto-SP e Regi\u00e3o&quot;","block_context":{"text":"Not\u00edcias de Ribeir\u00e3o Preto-SP e Regi\u00e3o","link":"https:\/\/noticiasribeiraopreto.com.br\/index.php\/category\/noticias-de-ribeirao-preto-sp-e-regiao-ismael-colosi\/"},"img":{"alt_text":"","src":"https:\/\/i0.wp.com\/noticiasribeiraopreto.com.br\/wp-content\/uploads\/2024\/11\/322848539_501442848744271_29082597581295656_n_2024-11-17_18-02-09_jpg_2024-11-17_18-02-09.webp.webp?fit=1013%2C1013&ssl=1&resize=350%2C200","width":350,"height":200,"srcset":"https:\/\/i0.wp.com\/noticiasribeiraopreto.com.br\/wp-content\/uploads\/2024\/11\/322848539_501442848744271_29082597581295656_n_2024-11-17_18-02-09_jpg_2024-11-17_18-02-09.webp.webp?fit=1013%2C1013&ssl=1&resize=350%2C200 1x, https:\/\/i0.wp.com\/noticiasribeiraopreto.com.br\/wp-content\/uploads\/2024\/11\/322848539_501442848744271_29082597581295656_n_2024-11-17_18-02-09_jpg_2024-11-17_18-02-09.webp.webp?fit=1013%2C1013&ssl=1&resize=525%2C300 1.5x, https:\/\/i0.wp.com\/noticiasribeiraopreto.com.br\/wp-content\/uploads\/2024\/11\/322848539_501442848744271_29082597581295656_n_2024-11-17_18-02-09_jpg_2024-11-17_18-02-09.webp.webp?fit=1013%2C1013&ssl=1&resize=700%2C400 2x"},"classes":[]},{"id":56004,"url":"https:\/\/noticiasribeiraopreto.com.br\/index.php\/2024\/08\/08\/conheca-alison-dos-santos-o-piu-atleta-que-disputa-final-olimpica-em-paris\/","url_meta":{"origin":18580,"position":5},"title":"Conhe\u00e7a Alison dos Santos, o Piu, atleta que disputa final ol\u00edmpica em Paris","author":"noticiasribeiraopreto.com.br","date":"8 de August de 2024","format":false,"excerpt":"Nesta sexta-feira (9), o atleta Alison dos Santos, o Piu, disputa a final dos 400 metros com barreiras, nos Jogos Ol\u00edmpicos de Paris 2024. O corredor, que \u00e9 nascido em S\u00e3o Joaquim da Barra, na regi\u00e3o de Ribeir\u00e3o Preto, \u00e9 um dos cotados ao p\u00f3dio na prova, que acontece \u00e0s\u2026","rel":"","context":"In &quot;Not\u00edcias de Ribeir\u00e3o Preto-SP e Regi\u00e3o&quot;","block_context":{"text":"Not\u00edcias de Ribeir\u00e3o Preto-SP e Regi\u00e3o","link":"https:\/\/noticiasribeiraopreto.com.br\/index.php\/category\/noticias-de-ribeirao-preto-sp-e-regiao-ismael-colosi\/"},"img":{"alt_text":"","src":"https:\/\/i0.wp.com\/noticiasribeiraopreto.com.br\/wp-content\/uploads\/2024\/08\/alison-dos-santos-piu_2024-08-08_19-02-19_jpg_2024-08-08_19-02-19.webp.webp?fit=1080%2C717&ssl=1&resize=350%2C200","width":350,"height":200,"srcset":"https:\/\/i0.wp.com\/noticiasribeiraopreto.com.br\/wp-content\/uploads\/2024\/08\/alison-dos-santos-piu_2024-08-08_19-02-19_jpg_2024-08-08_19-02-19.webp.webp?fit=1080%2C717&ssl=1&resize=350%2C200 1x, https:\/\/i0.wp.com\/noticiasribeiraopreto.com.br\/wp-content\/uploads\/2024\/08\/alison-dos-santos-piu_2024-08-08_19-02-19_jpg_2024-08-08_19-02-19.webp.webp?fit=1080%2C717&ssl=1&resize=525%2C300 1.5x, https:\/\/i0.wp.com\/noticiasribeiraopreto.com.br\/wp-content\/uploads\/2024\/08\/alison-dos-santos-piu_2024-08-08_19-02-19_jpg_2024-08-08_19-02-19.webp.webp?fit=1080%2C717&ssl=1&resize=700%2C400 2x, https:\/\/i0.wp.com\/noticiasribeiraopreto.com.br\/wp-content\/uploads\/2024\/08\/alison-dos-santos-piu_2024-08-08_19-02-19_jpg_2024-08-08_19-02-19.webp.webp?fit=1080%2C717&ssl=1&resize=1050%2C600 3x"},"classes":[]}],"jetpack_sharing_enabled":true,"jetpack_shortlink":"https:\/\/wp.me\/peQAOb-4PG","_links":{"self":[{"href":"https:\/\/noticiasribeiraopreto.com.br\/index.php\/wp-json\/wp\/v2\/posts\/18580","targetHints":{"allow":["GET"]}}],"collection":[{"href":"https:\/\/noticiasribeiraopreto.com.br\/index.php\/wp-json\/wp\/v2\/posts"}],"about":[{"href":"https:\/\/noticiasribeiraopreto.com.br\/index.php\/wp-json\/wp\/v2\/types\/post"}],"author":[{"embeddable":true,"href":"https:\/\/noticiasribeiraopreto.com.br\/index.php\/wp-json\/wp\/v2\/users\/1"}],"replies":[{"embeddable":true,"href":"https:\/\/noticiasribeiraopreto.com.br\/index.php\/wp-json\/wp\/v2\/comments?post=18580"}],"version-history":[{"count":0,"href":"https:\/\/noticiasribeiraopreto.com.br\/index.php\/wp-json\/wp\/v2\/posts\/18580\/revisions"}],"wp:featuredmedia":[{"embeddable":true,"href":"https:\/\/noticiasribeiraopreto.com.br\/index.php\/wp-json\/wp\/v2\/media\/18581"}],"wp:attachment":[{"href":"https:\/\/noticiasribeiraopreto.com.br\/index.php\/wp-json\/wp\/v2\/media?parent=18580"}],"wp:term":[{"taxonomy":"category","embeddable":true,"href":"https:\/\/noticiasribeiraopreto.com.br\/index.php\/wp-json\/wp\/v2\/categories?post=18580"},{"taxonomy":"post_tag","embeddable":true,"href":"https:\/\/noticiasribeiraopreto.com.br\/index.php\/wp-json\/wp\/v2\/tags?post=18580"}],"curies":[{"name":"wp","href":"https:\/\/api.w.org\/{rel}","templated":true}]}}