{"id":18584,"date":"2023-12-20T17:28:00","date_gmt":"2023-12-20T20:28:00","guid":{"rendered":"https:\/\/noticiasribeiraopreto.com.br\/index.php\/2023\/12\/20\/como-os-fabricantes-conseguiram-dobrar-a-potencia-das-placas-solares-em-tao-pouco-tempo\/"},"modified":"2023-12-20T17:28:00","modified_gmt":"2023-12-20T20:28:00","slug":"como-os-fabricantes-conseguiram-dobrar-a-potencia-das-placas-solares-em-tao-pouco-tempo","status":"publish","type":"post","link":"https:\/\/noticiasribeiraopreto.com.br\/index.php\/2023\/12\/20\/como-os-fabricantes-conseguiram-dobrar-a-potencia-das-placas-solares-em-tao-pouco-tempo\/","title":{"rendered":"como os fabricantes conseguiram dobrar a pot\u00eancia das placas solares em t\u00e3o pouco tempo?"},"content":{"rendered":"<div class='code-block code-block-1' style='margin: 8px 0 8px auto; text-align: right; display: block; clear: both;'>\n<p><a href=\"https:\/\/wa.link\/vpicfd\"><img data-recalc-dims=\"1\" class=\"wp-image-4922\" style=\"aspect-ratio: 2.0253164556962027; width: 561px; height: auto;\" src=\"https:\/\/i0.wp.com\/ismaelcolosi.com.br\/wp-content\/uploads\/2023\/11\/grupo-de-empregos-whatsapp-e-facebook-ismael-colosi-vagas.jpg?ssl=1\" alt=\"\" \/><\/a><\/p>\n<!-- \/wp:image -->\n<\/div>\n<p> <br \/>\n<\/p>\n<div>\n<figure><picture><source srcset=\"https:\/\/clickpetroleoegas.com.br\/wp-content\/uploads\/2023\/12\/Placa-solar-como-os-fabricantes-conseguiram-dobrar-a-potencia-das-placas-solares-em-tao-pouco-tempo-830x450.jpg.webp\" type=\"image\/webp\"><img data-recalc-dims=\"1\" loading=\"lazy\" width=\"830\" height=\"450\" src=\"https:\/\/i0.wp.com\/clickpetroleoegas.com.br\/wp-content\/uploads\/2023\/12\/Placa-solar-como-os-fabricantes-conseguiram-dobrar-a-potencia-das-placas-solares-em-tao-pouco-tempo-830x450.jpg?resize=830%2C450&#038;ssl=1\" class=\"fdnw-post-thumbnail fdnw-first-card-thumbnail wp-post-image\" alt=\"Placa solar: como os fabricantes conseguiram dobrar a pot\u00eancia das placas solares em t\u00e3o pouco tempo?\" decoding=\"async\" data-eio=\"p\"\/><\/source><\/picture><figcaption class=\"fdnw-image-caption\">Foto: Divulga\u00e7\u00e3o\/Placa solar<\/figcaption><\/figure>\n<h2 class=\"wp-block-heading\" id=\"h-descubra-como-as-novas-tecnologias-em-paineis-solares-estao-aumentando-a-eficiencia-e-potencia-das-placas-solares\">Descubra como as novas tecnologias em pain\u00e9is solares est\u00e3o aumentando a efici\u00eancia e pot\u00eancia das placas solares.<\/h2>\n<p>A evolu\u00e7\u00e3o tecnol\u00f3gica no campo dos pain\u00e9is solares tem sido notavelmente r\u00e1pida nos \u00faltimos anos. Um exemplo claro \u00e9 a transi\u00e7\u00e3o de placas solares de 265 watts para modelos que hoje alcan\u00e7am 560, 580 e at\u00e9 670 watts. Essa mudan\u00e7a impressionante levanta uma quest\u00e3o crucial: como os fabricantes conseguiram dobrar a pot\u00eancia das placas solares em t\u00e3o pouco tempo?<\/p>\n<p>A resposta est\u00e1 nas <strong>inova\u00e7\u00f5es tecnol\u00f3gicas aplicadas \u00e0s c\u00e9lulas fotovoltaicas<\/strong>. Uma das principais \u00e9 a tecnologia NSP (Nitrogen-doped Silicon Phosphorus), que mudou a maneira como as c\u00e9lulas solares s\u00e3o fabricadas. Tradicionalmente, as <a href=\"https:\/\/clickpetroleoegas.com.br\/como-realmente-funciona-as-placas-solares-funcionamento-tipos-de-celulas-solares-e-eficiencia\/\">c\u00e9lulas solares<\/a> tipo P eram predominantes, mas as c\u00e9lulas tipo N est\u00e3o ganhando espa\u00e7o devido a sua <strong>maior efici\u00eancia<\/strong>. A diferen\u00e7a fundamental entre esses dois tipos de c\u00e9lulas reside no m\u00e9todo de dopagem utilizado na produ\u00e7\u00e3o. Enquanto as c\u00e9lulas tipo P s\u00e3o dopadas com boro, as c\u00e9lulas tipo N s\u00e3o<strong> feitas com f\u00f3sforo<\/strong>, o que evita a degrada\u00e7\u00e3o causada pela luz, comum nas c\u00e9lulas tipo P.<\/p>\n<p> <span class=\"fdnw-card-article-related\"> <span class=\"h4 fdnw-card-article-related-title\">Artigos recomendados<\/span> <\/span> <\/p>\n<p>Al\u00e9m de evitar a degrada\u00e7\u00e3o induzida pela luz, as c\u00e9lulas tipo N t\u00eam um coeficiente de temperatura mais favor\u00e1vel, o que significa que elas s\u00e3o menos afetadas por temperaturas elevadas. Isso resulta em<strong> pain\u00e9is solares com desempenho superior<\/strong>, principalmente em <a href=\"https:\/\/clickpetroleoegas.com.br\/energia-solar-no-brasil-diante-do-calor-aparece-a-sunew-100-brasileira-trazendo-inovacoes-como-paineis-solares-organicos-sendo-mais-flexiveis\/\">climas quentes<\/a>, como o do Brasil. A efici\u00eancia melhorada das c\u00e9lulas tipo N permite que os pain\u00e9is gerem mais energia sem um aumento significativo no tamanho ou no peso, uma preocupa\u00e7\u00e3o comum entre os instaladores.<\/p>\n<h2 class=\"wp-block-heading\" id=\"h-paineis-solares-bifaciais\">Pain\u00e9is solares bifaciais<\/h2>\n<p>Outra inova\u00e7\u00e3o not\u00e1vel s\u00e3o os pain\u00e9is solares bifaciais, que t\u00eam a<strong> capacidade de gerar energia em ambos os lados<\/strong>. Esses pain\u00e9is podem aumentar a efici\u00eancia em at\u00e9 25% em compara\u00e7\u00e3o com os pain\u00e9is convencionais. Para maximizar os benef\u00edcios dos pain\u00e9is bifaciais, \u00e9 crucial considerar fatores como a estrutura de montagem, altura, \u00e2ngulo de inclina\u00e7\u00e3o e a superf\u00edcie de instala\u00e7\u00e3o. Superf\u00edcies reflexivas, por exemplo, podem aumentar significativamente a efici\u00eancia ao refletir mais luz nas c\u00e9lulas solares.<\/p>\n<figure class=\"wp-block-embed is-type-video is-provider-youtube wp-block-embed-youtube wp-embed-aspect-16-9 wp-has-aspect-ratio\">\n<p><noscript><iframe loading=\"lazy\" title=\"PLACA SOLAR: dilema da ENERGIA SOLAR ser\u00e1 resolvido com essas TECNOLOGIAS?\" width=\"500\" height=\"281\" src=\"https:\/\/www.youtube.com\/embed\/o1j3R0Caa80?feature=oembed\" frameborder=\"0\" allow=\"accelerometer; autoplay; clipboard-write; encrypted-media; gyroscope; picture-in-picture; web-share\" referrerpolicy=\"strict-origin-when-cross-origin\" allowfullscreen><\/iframe><\/noscript><\/p>\n<\/figure>\n<p>A tend\u00eancia no mercado de energia solar \u00e9 clara: busca-se cada vez mais efici\u00eancia sem necessariamente aumentar o tamanho dos pain\u00e9is. Isso \u00e9 <a href=\"https:\/\/www.energiasolarphb.com.br\/wp-content\/uploads\/2022\/05\/JAS-Manual-de-instalacao-Bifacial-Double-glass_20221007.pdf\" class=\"external\" rel=\"nofollow noopener\" target=\"_blank\">essencial para instala\u00e7\u00f5es<\/a> em locais como telhados de resid\u00eancias e condom\u00ednios, onde o espa\u00e7o \u00e9 limitado. As inova\u00e7\u00f5es tecnol\u00f3gicas, como as c\u00e9lulas do tipo N e os pain\u00e9is bifaciais, est\u00e3o atendendo a essa demanda, tornando a energia solar uma op\u00e7\u00e3o ainda mais vi\u00e1vel e atraente.<\/p>\n<p>Dessa forma, as placas solares est\u00e3o passando por uma revolu\u00e7\u00e3o tecnol\u00f3gica. As inova\u00e7\u00f5es recentes em c\u00e9lulas fotovoltaicas e no design dos pain\u00e9is est\u00e3o <a href=\"https:\/\/clickpetroleoegas.com.br\/placa-solar-de-560-watts-mantem-ar-condicionado-ligado-por-quanto-tempo-veja-tambem-de-quantos-paineis-vai-precisar\/\">aumentando a efici\u00eancia<\/a> e a pot\u00eancia, abrindo novas possibilidades para a gera\u00e7\u00e3o de energia solar, especialmente em aplica\u00e7\u00f5es como pain\u00e9is solares para condom\u00ednios, casas, pr\u00e9dios e empresas. \u00c0 medida que essas tecnologias continuam a se desenvolver, \u00e9 prov\u00e1vel que vejamos ainda mais avan\u00e7os que tornar\u00e3o a energia solar uma escolha ainda mais atraente para o futuro sustent\u00e1vel.<\/p>\n<div class=\"code-block code-block-10\" style=\"margin: 8px auto; text-align: center; display: block; clear: both;\">\n<hr class=\"wp-block-separator has-alpha-channel-opacity is-style-wide\"\/>\n<p>Voc\u00ea quer receber apenas not\u00edcias e vagas de emprego do seu interesse? A solu\u00e7\u00e3o chegou atrav\u00e9s do app <a href=\"https:\/\/play.google.com\/store\/apps\/details?id=com.clickpetroleoapp&amp;hl=pt&amp;gl=US\" class=\"external\" rel=\"nofollow noopener\" target=\"_blank\"><strong>CPG VAGAS E NOT\u00cdCIAS!<\/strong><\/a> Se voc\u00ea \u00e9 pintor, vai receber no seu celular apenas oportunidades neste cargo. E ser\u00e1 assim com pedreiro, t\u00e9cnico, engenheiro e etc\u2026.. N\u00e3o perca nada do que acontece no mercado de trabalho e econ\u00f4mico do Brasil, baixe agora o app <a href=\"https:\/\/play.google.com\/store\/apps\/details?id=com.clickpetroleoapp&amp;hl=pt&amp;gl=US\" class=\"external\" rel=\"nofollow noopener\" target=\"_blank\">CPG VAGAS E NOT\u00cdCIAS, dispon\u00edvel para Android e IOS!<\/a><\/p>\n<figure class=\"wp-block-image aligncenter size-full\"><a href=\"https:\/\/play.google.com\/store\/apps\/details?id=com.clickpetroleoapp&amp;hl=pt&amp;gl=US\" target=\"_blank\" rel=\"noreferrer noopener nofollow\" class=\"external\"><img data-recalc-dims=\"1\" loading=\"lazy\" decoding=\"async\" width=\"1280\" height=\"387\" http=\"\" alt=\"APP CPG VAGAS E NOT\u00cdCIAS\" class=\"wp-image-105306 ewww_webp_lazy_load\" src=\"https:\/\/i0.wp.com\/clickpetroleoegas.com.br\/wp-content\/uploads\/2023\/09\/Aplicativo-de-vagas-de-empregos-e-noticias-da-sua-regiao.jpg?resize=1280%2C387&#038;ssl=1\" src-webp=\"https:\/\/clickpetroleoegas.com.br\/wp-content\/uploads\/2023\/09\/Aplicativo-de-vagas-de-empregos-e-noticias-da-sua-regiao.jpg.webp\"\/><noscript><img data-recalc-dims=\"1\" loading=\"lazy\" decoding=\"async\" width=\"1280\" height=\"387\" src=\"https:\/\/i0.wp.com\/clickpetroleoegas.com.br\/wp-content\/uploads\/2023\/09\/Aplicativo-de-vagas-de-empregos-e-noticias-da-sua-regiao.jpg?resize=1280%2C387&#038;ssl=1\" alt=\"APP CPG VAGAS E NOT\u00cdCIAS\" class=\"wp-image-105306\"\/><\/noscript><\/a><\/figure>\n<\/p><\/div>\n<\/p><\/div>\n<p><script type=\"text\/plain\" data-service=\"facebook\" data-category=\"marketing\">\n!function(f,b,e,v,n,t,s)\n{if(f.fbq)return;n=f.fbq=function(){n.callMethod?\nn.callMethod.apply(n,arguments):n.queue.push(arguments)};\nif(!f._fbq)f._fbq=n;n.push=n;n.loaded=!0;n.version='2.0';\nn.queue=[];t=b.createElement(e);t.async=!0;\nt.src=v;s=b.getElementsByTagName(e)[0];\ns.parentNode.insertBefore(t,s)}(window, document,'script',\n'https:\/\/connect.facebook.net\/en_US\/fbevents.js');\nfbq('init', '5536651029690406');\nfbq('track', 'PageView');\n<\/script><script type=\"text\/plain\" data-service=\"facebook\" data-category=\"marketing\" async defer crossorigin=\"anonymous\" data-rocket-data-cmplz-src=\"https:\/\/connect.facebook.net\/en_US\/sdk.js#xfbml=1&#038;version=v12.0&amp;appId=1127332727839552&#038;autoLogAppEvents=1\">\n<\/script><br \/>\n<br \/><br \/>\n<br \/><a href=\"https:\/\/ismaelcolosi.com.br\/como-os-fabricantes-conseguiram-dobrar-a-potencia-das-placas-solares-em-tao-pouco-tempo\/\">Source link <\/a><\/p>\n<!-- CONTENT END 1 -->\n","protected":false},"excerpt":{"rendered":"<p>Foto: Divulga\u00e7\u00e3o\/Placa solar Descubra como as novas tecnologias em pain\u00e9is solares est\u00e3o aumentando a efici\u00eancia e pot\u00eancia das placas solares. A evolu\u00e7\u00e3o tecnol\u00f3gica no campo&#8230;<\/p>\n","protected":false},"author":1,"featured_media":18585,"comment_status":"open","ping_status":"open","sticky":false,"template":"","format":"standard","meta":{"advanced_seo_description":"","jetpack_seo_html_title":"","jetpack_seo_noindex":false,"jetpack_post_was_ever_published":false,"_jetpack_newsletter_access":"","_jetpack_dont_email_post_to_subs":false,"_jetpack_newsletter_tier_id":0,"_jetpack_memberships_contains_paywalled_content":false,"_jetpack_memberships_contains_paid_content":false,"footnotes":"","jetpack_publicize_message":"","jetpack_publicize_feature_enabled":true,"jetpack_social_post_already_shared":true,"jetpack_social_options":{"image_generator_settings":{"template":"highway","default_image_id":0,"font":"","enabled":false},"version":2}},"categories":[7],"tags":[],"class_list":["post-18584","post","type-post","status-publish","format-standard","has-post-thumbnail","hentry","category-vagas-de-empregos-em-ribeirao-preto-regiao-brasil"],"jetpack_publicize_connections":[],"jetpack_featured_media_url":"https:\/\/i0.wp.com\/noticiasribeiraopreto.com.br\/wp-content\/uploads\/2023\/12\/Placa-solar-como-os-fabricantes-conseguiram-dobrar-a-potencia-das-placas-solares-em-tao-pouco-tempo-830x450.jpg?fit=830%2C450&ssl=1","jetpack-related-posts":[{"id":16677,"url":"https:\/\/noticiasribeiraopreto.com.br\/index.php\/2023\/12\/16\/placa-solar-de-560-watts-mantem-ar-condicionado-ligado-por-quanto-tempo-veja-tambem-de-quantos-paineis-vai-precisar\/","url_meta":{"origin":18584,"position":0},"title":"Placa solar de 560 watts mant\u00e9m ar condicionado ligado por quanto tempo? Veja tamb\u00e9m de quantos pain\u00e9is vai precisar","author":"noticiasribeiraopreto.com.br","date":"16 de December de 2023","format":false,"excerpt":"Foto: Divulga\u00e7\u00e3o Uma an\u00e1lise detalhada revela que uma placa solar de 560 watts pode manter um ar condicionado de 9.000 BTU funcionando por quase 3 horas e 38 minutos. Descubra como a energia solar est\u00e1 transformando o uso dom\u00e9stico de aparelhos. Em um mundo onde o consumo consciente de energia\u2026","rel":"","context":"In &quot;Vagas de Emprego em Ribeir\u00e3o Preto-SP&quot;","block_context":{"text":"Vagas de Emprego em Ribeir\u00e3o Preto-SP","link":"https:\/\/noticiasribeiraopreto.com.br\/index.php\/category\/empregos-classificados-vagas-trabalho\/vagas-de-empregos-em-ribeirao-preto-regiao-brasil\/"},"img":{"alt_text":"","src":"https:\/\/i0.wp.com\/noticiasribeiraopreto.com.br\/wp-content\/uploads\/2023\/12\/Placa-solar-de-560-watts-mantem-ar-condicionado-ligado-por-quanto-tempo-Veja-tambem-de-quantos-paineis-vai-precisar-830x450.jpg?fit=830%2C450&ssl=1&resize=350%2C200","width":350,"height":200,"srcset":"https:\/\/i0.wp.com\/noticiasribeiraopreto.com.br\/wp-content\/uploads\/2023\/12\/Placa-solar-de-560-watts-mantem-ar-condicionado-ligado-por-quanto-tempo-Veja-tambem-de-quantos-paineis-vai-precisar-830x450.jpg?fit=830%2C450&ssl=1&resize=350%2C200 1x, https:\/\/i0.wp.com\/noticiasribeiraopreto.com.br\/wp-content\/uploads\/2023\/12\/Placa-solar-de-560-watts-mantem-ar-condicionado-ligado-por-quanto-tempo-Veja-tambem-de-quantos-paineis-vai-precisar-830x450.jpg?fit=830%2C450&ssl=1&resize=525%2C300 1.5x, https:\/\/i0.wp.com\/noticiasribeiraopreto.com.br\/wp-content\/uploads\/2023\/12\/Placa-solar-de-560-watts-mantem-ar-condicionado-ligado-por-quanto-tempo-Veja-tambem-de-quantos-paineis-vai-precisar-830x450.jpg?fit=830%2C450&ssl=1&resize=700%2C400 2x"},"classes":[]},{"id":74370,"url":"https:\/\/noticiasribeiraopreto.com.br\/index.php\/2025\/07\/21\/jovem-e-preso-por-furto-de-placas-solares-avaliadas-em-r-100-mil-em-fazenda\/","url_meta":{"origin":18584,"position":1},"title":"Jovem \u00e9 preso por furto de placas solares avaliadas em R$ 100 mil em fazenda","author":"noticiasribeiraopreto.com.br","date":"21 de July de 2025","format":false,"excerpt":"Um jovem de 20 anos foi preso neste domingo (20), em Ituverava, a 100 quil\u00f4metros de Ribeir\u00e3o Preto, suspeito de furto de 50 placas solares em uma fazenda de caf\u00e9, em Pedregulho. O crime ocorreu na noite do s\u00e1bado (19) e as placas s\u00e3o avaliadas em R$ 100 mil. De\u2026","rel":"","context":"In &quot;Not\u00edcias de Ribeir\u00e3o Preto-SP e Regi\u00e3o&quot;","block_context":{"text":"Not\u00edcias de Ribeir\u00e3o Preto-SP e Regi\u00e3o","link":"https:\/\/noticiasribeiraopreto.com.br\/index.php\/category\/noticias-de-ribeirao-preto-sp-e-regiao-ismael-colosi\/"},"img":{"alt_text":"","src":"https:\/\/i0.wp.com\/noticiasribeiraopreto.com.br\/wp-content\/uploads\/2025\/07\/WhatsApp-Image-2025-07-21-at-09.16.12_2025-07-21_14-57-09.webp.webp?fit=1200%2C900&ssl=1&resize=350%2C200","width":350,"height":200,"srcset":"https:\/\/i0.wp.com\/noticiasribeiraopreto.com.br\/wp-content\/uploads\/2025\/07\/WhatsApp-Image-2025-07-21-at-09.16.12_2025-07-21_14-57-09.webp.webp?fit=1200%2C900&ssl=1&resize=350%2C200 1x, https:\/\/i0.wp.com\/noticiasribeiraopreto.com.br\/wp-content\/uploads\/2025\/07\/WhatsApp-Image-2025-07-21-at-09.16.12_2025-07-21_14-57-09.webp.webp?fit=1200%2C900&ssl=1&resize=525%2C300 1.5x, https:\/\/i0.wp.com\/noticiasribeiraopreto.com.br\/wp-content\/uploads\/2025\/07\/WhatsApp-Image-2025-07-21-at-09.16.12_2025-07-21_14-57-09.webp.webp?fit=1200%2C900&ssl=1&resize=700%2C400 2x, https:\/\/i0.wp.com\/noticiasribeiraopreto.com.br\/wp-content\/uploads\/2025\/07\/WhatsApp-Image-2025-07-21-at-09.16.12_2025-07-21_14-57-09.webp.webp?fit=1200%2C900&ssl=1&resize=1050%2C600 3x"},"classes":[]},{"id":1368,"url":"https:\/\/noticiasribeiraopreto.com.br\/index.php\/2023\/11\/12\/pequenas-empresas-poderao-escolher-fornecedor-de-energia\/","url_meta":{"origin":18584,"position":2},"title":"Pequenas empresas poder\u00e3o escolher fornecedor de energia","author":"noticiasribeiraopreto.com.br","date":"12 de November de 2023","format":false,"excerpt":"A partir de janeiro de 2024, empresas de pequeno e m\u00e9dio porte poder\u00e3o escolher seu fornecedor de energia. O chamado grupo A \u00e9 composto por cerca de 165 mil empresas e ter\u00e1 a op\u00e7\u00e3o de escolher seus pr\u00f3prios fornecedores al\u00e9m das concession\u00e1rias tradicionais. Atualmente, o mercado livre de energia \u00e9\u2026","rel":"","context":"In &quot;Not\u00edcias de Ribeir\u00e3o Preto-SP e Regi\u00e3o&quot;","block_context":{"text":"Not\u00edcias de Ribeir\u00e3o Preto-SP e Regi\u00e3o","link":"https:\/\/noticiasribeiraopreto.com.br\/index.php\/category\/noticias-de-ribeirao-preto-sp-e-regiao-ismael-colosi\/"},"img":{"alt_text":"","src":"https:\/\/i0.wp.com\/noticiasribeiraopreto.com.br\/wp-content\/uploads\/2023\/11\/2-fotoenergiaescolamunicipal-creditoCCS-scaled.jpg?fit=967%2C645&ssl=1&resize=350%2C200","width":350,"height":200,"srcset":"https:\/\/i0.wp.com\/noticiasribeiraopreto.com.br\/wp-content\/uploads\/2023\/11\/2-fotoenergiaescolamunicipal-creditoCCS-scaled.jpg?fit=967%2C645&ssl=1&resize=350%2C200 1x, https:\/\/i0.wp.com\/noticiasribeiraopreto.com.br\/wp-content\/uploads\/2023\/11\/2-fotoenergiaescolamunicipal-creditoCCS-scaled.jpg?fit=967%2C645&ssl=1&resize=525%2C300 1.5x, https:\/\/i0.wp.com\/noticiasribeiraopreto.com.br\/wp-content\/uploads\/2023\/11\/2-fotoenergiaescolamunicipal-creditoCCS-scaled.jpg?fit=967%2C645&ssl=1&resize=700%2C400 2x"},"classes":[]},{"id":16024,"url":"https:\/\/noticiasribeiraopreto.com.br\/index.php\/2023\/12\/14\/eb3a-bluetti-a-incrivel-estacao-de-energia-solar-portatil-que-chega-pronta-para-uso-e-conecta-tudo\/","url_meta":{"origin":18584,"position":3},"title":"EB3A BLUETTI &#8211; A incr\u00edvel esta\u00e7\u00e3o de energia solar port\u00e1til que chega pronta para uso e conecta tudo","author":"noticiasribeiraopreto.com.br","date":"14 de December de 2023","format":false,"excerpt":"Foto: BLUETTI\/Divulga\u00e7\u00e3o Nova esta\u00e7\u00e3o de energia solar port\u00e1til chega ao mercado para os amantes de acampamento. Chamada de EB3A BLUETTI, o equipamento pode carregar diversos dispositivos de at\u00e9 1200W. A fabricante Bluetti, empresa especializada em esta\u00e7\u00f5es de armazenamento e fornecimento de energia el\u00e9trica, est\u00e1 chegando oficialmente no Brasil. A marca\u2026","rel":"","context":"In &quot;Vagas de Emprego em Ribeir\u00e3o Preto-SP&quot;","block_context":{"text":"Vagas de Emprego em Ribeir\u00e3o Preto-SP","link":"https:\/\/noticiasribeiraopreto.com.br\/index.php\/category\/empregos-classificados-vagas-trabalho\/vagas-de-empregos-em-ribeirao-preto-regiao-brasil\/"},"img":{"alt_text":"","src":"https:\/\/i0.wp.com\/noticiasribeiraopreto.com.br\/wp-content\/uploads\/2023\/12\/EB3A-BLUETTI-A-incrivel-estacao-de-energia-solar-portatil-que-chega-pronta-para-uso-e-conecta-tudo-830x450.jpg?fit=830%2C450&ssl=1&resize=350%2C200","width":350,"height":200,"srcset":"https:\/\/i0.wp.com\/noticiasribeiraopreto.com.br\/wp-content\/uploads\/2023\/12\/EB3A-BLUETTI-A-incrivel-estacao-de-energia-solar-portatil-que-chega-pronta-para-uso-e-conecta-tudo-830x450.jpg?fit=830%2C450&ssl=1&resize=350%2C200 1x, https:\/\/i0.wp.com\/noticiasribeiraopreto.com.br\/wp-content\/uploads\/2023\/12\/EB3A-BLUETTI-A-incrivel-estacao-de-energia-solar-portatil-que-chega-pronta-para-uso-e-conecta-tudo-830x450.jpg?fit=830%2C450&ssl=1&resize=525%2C300 1.5x, https:\/\/i0.wp.com\/noticiasribeiraopreto.com.br\/wp-content\/uploads\/2023\/12\/EB3A-BLUETTI-A-incrivel-estacao-de-energia-solar-portatil-que-chega-pronta-para-uso-e-conecta-tudo-830x450.jpg?fit=830%2C450&ssl=1&resize=700%2C400 2x"},"classes":[]},{"id":66394,"url":"https:\/\/noticiasribeiraopreto.com.br\/index.php\/2025\/03\/31\/cinema-itinerante-movido-a-energia-solar-chega-a-ribeirao-preto\/","url_meta":{"origin":18584,"position":4},"title":"Cinema itinerante movido a energia solar chega a Ribeir\u00e3o Preto","author":"noticiasribeiraopreto.com.br","date":"31 de March de 2025","format":false,"excerpt":"O CineSolarzinho, primeiro cinema itinerante do Brasil movido a energia solar, chega a Ribeir\u00e3o Preto nesta quarta-feira (2), para uma sess\u00e3o de filmes com foco em sustentabilidade. O evento \u00e9 gratuito e acontece a partir das 19h, no Centro Cultural Vila Tecnol\u00f3gica, no Jd. Alexandre Balbo. A programa\u00e7\u00e3o inclui nove\u2026","rel":"","context":"In &quot;Not\u00edcias de Ribeir\u00e3o Preto-SP e Regi\u00e3o&quot;","block_context":{"text":"Not\u00edcias de Ribeir\u00e3o Preto-SP e Regi\u00e3o","link":"https:\/\/noticiasribeiraopreto.com.br\/index.php\/category\/noticias-de-ribeirao-preto-sp-e-regiao-ismael-colosi\/"},"img":{"alt_text":"","src":"https:\/\/i0.wp.com\/noticiasribeiraopreto.com.br\/wp-content\/uploads\/2025\/03\/cinesolar.texto__2025-03-31_20-39-56_jpg_2025-03-31_20-39-56.webp.webp?fit=1000%2C666&ssl=1&resize=350%2C200","width":350,"height":200,"srcset":"https:\/\/i0.wp.com\/noticiasribeiraopreto.com.br\/wp-content\/uploads\/2025\/03\/cinesolar.texto__2025-03-31_20-39-56_jpg_2025-03-31_20-39-56.webp.webp?fit=1000%2C666&ssl=1&resize=350%2C200 1x, https:\/\/i0.wp.com\/noticiasribeiraopreto.com.br\/wp-content\/uploads\/2025\/03\/cinesolar.texto__2025-03-31_20-39-56_jpg_2025-03-31_20-39-56.webp.webp?fit=1000%2C666&ssl=1&resize=525%2C300 1.5x, https:\/\/i0.wp.com\/noticiasribeiraopreto.com.br\/wp-content\/uploads\/2025\/03\/cinesolar.texto__2025-03-31_20-39-56_jpg_2025-03-31_20-39-56.webp.webp?fit=1000%2C666&ssl=1&resize=700%2C400 2x"},"classes":[]},{"id":18005,"url":"https:\/\/noticiasribeiraopreto.com.br\/index.php\/2023\/12\/19\/conheca-a-mesa-solar-da-technaxx-que-pode-ser-usada-para-refeicoes-ao-ar-livre-e-geracao-de-energia-renovavel\/","url_meta":{"origin":18584,"position":5},"title":"Conhe\u00e7a a Mesa Solar da Technaxx, que pode ser usada para refei\u00e7\u00f5es ao ar livre e gera\u00e7\u00e3o de energia renov\u00e1vel","author":"noticiasribeiraopreto.com.br","date":"19 de December de 2023","format":false,"excerpt":"Foto: Technaxx Ap\u00f3s comprar a Mesa Solar da Technaxx, voc\u00ea ter\u00e1 um equipamento 2 em 1 em sua casa. Funciona como mesa convencional e tamb\u00e9m gera energia renov\u00e1vel. A Technaxx, renomada empresa alem\u00e3, est\u00e1 na vanguarda da inova\u00e7\u00e3o no mercado de energia solar com o lan\u00e7amento de uma mesa multifuncional\u2026","rel":"","context":"In &quot;Vagas de Emprego em Ribeir\u00e3o Preto-SP&quot;","block_context":{"text":"Vagas de Emprego em Ribeir\u00e3o Preto-SP","link":"https:\/\/noticiasribeiraopreto.com.br\/index.php\/category\/empregos-classificados-vagas-trabalho\/vagas-de-empregos-em-ribeirao-preto-regiao-brasil\/"},"img":{"alt_text":"","src":"https:\/\/i0.wp.com\/noticiasribeiraopreto.com.br\/wp-content\/uploads\/2023\/12\/conheca-a-mesa-solar-da-technaxx-que-pode-ser-usada-para-refeicoes-ao-ar-livre-e-geracao-de-energia-renovavel-830x450.jpg?fit=830%2C450&ssl=1&resize=350%2C200","width":350,"height":200,"srcset":"https:\/\/i0.wp.com\/noticiasribeiraopreto.com.br\/wp-content\/uploads\/2023\/12\/conheca-a-mesa-solar-da-technaxx-que-pode-ser-usada-para-refeicoes-ao-ar-livre-e-geracao-de-energia-renovavel-830x450.jpg?fit=830%2C450&ssl=1&resize=350%2C200 1x, https:\/\/i0.wp.com\/noticiasribeiraopreto.com.br\/wp-content\/uploads\/2023\/12\/conheca-a-mesa-solar-da-technaxx-que-pode-ser-usada-para-refeicoes-ao-ar-livre-e-geracao-de-energia-renovavel-830x450.jpg?fit=830%2C450&ssl=1&resize=525%2C300 1.5x, https:\/\/i0.wp.com\/noticiasribeiraopreto.com.br\/wp-content\/uploads\/2023\/12\/conheca-a-mesa-solar-da-technaxx-que-pode-ser-usada-para-refeicoes-ao-ar-livre-e-geracao-de-energia-renovavel-830x450.jpg?fit=830%2C450&ssl=1&resize=700%2C400 2x"},"classes":[]}],"jetpack_sharing_enabled":true,"jetpack_shortlink":"https:\/\/wp.me\/peQAOb-4PK","_links":{"self":[{"href":"https:\/\/noticiasribeiraopreto.com.br\/index.php\/wp-json\/wp\/v2\/posts\/18584","targetHints":{"allow":["GET"]}}],"collection":[{"href":"https:\/\/noticiasribeiraopreto.com.br\/index.php\/wp-json\/wp\/v2\/posts"}],"about":[{"href":"https:\/\/noticiasribeiraopreto.com.br\/index.php\/wp-json\/wp\/v2\/types\/post"}],"author":[{"embeddable":true,"href":"https:\/\/noticiasribeiraopreto.com.br\/index.php\/wp-json\/wp\/v2\/users\/1"}],"replies":[{"embeddable":true,"href":"https:\/\/noticiasribeiraopreto.com.br\/index.php\/wp-json\/wp\/v2\/comments?post=18584"}],"version-history":[{"count":0,"href":"https:\/\/noticiasribeiraopreto.com.br\/index.php\/wp-json\/wp\/v2\/posts\/18584\/revisions"}],"wp:featuredmedia":[{"embeddable":true,"href":"https:\/\/noticiasribeiraopreto.com.br\/index.php\/wp-json\/wp\/v2\/media\/18585"}],"wp:attachment":[{"href":"https:\/\/noticiasribeiraopreto.com.br\/index.php\/wp-json\/wp\/v2\/media?parent=18584"}],"wp:term":[{"taxonomy":"category","embeddable":true,"href":"https:\/\/noticiasribeiraopreto.com.br\/index.php\/wp-json\/wp\/v2\/categories?post=18584"},{"taxonomy":"post_tag","embeddable":true,"href":"https:\/\/noticiasribeiraopreto.com.br\/index.php\/wp-json\/wp\/v2\/tags?post=18584"}],"curies":[{"name":"wp","href":"https:\/\/api.w.org\/{rel}","templated":true}]}}