{"id":18730,"date":"2023-12-20T22:39:55","date_gmt":"2023-12-21T01:39:55","guid":{"rendered":"https:\/\/noticiasribeiraopreto.com.br\/index.php\/2023\/12\/20\/ritmo-de-natal-filme-mostra-natal-a-moda-brasileira-meu-valor-digital\/"},"modified":"2023-12-20T22:39:55","modified_gmt":"2023-12-21T01:39:55","slug":"ritmo-de-natal-filme-mostra-natal-a-moda-brasileira-meu-valor-digital","status":"publish","type":"post","link":"https:\/\/noticiasribeiraopreto.com.br\/index.php\/2023\/12\/20\/ritmo-de-natal-filme-mostra-natal-a-moda-brasileira-meu-valor-digital\/","title":{"rendered":"Ritmo de Natal: filme mostra Natal \u00e0 moda brasileira &#8211; Meu Valor Digital"},"content":{"rendered":"<div class='code-block code-block-1' style='margin: 8px 0 8px auto; text-align: right; display: block; clear: both;'>\n<p><a href=\"https:\/\/wa.link\/vpicfd\"><img data-recalc-dims=\"1\" class=\"wp-image-4922\" style=\"aspect-ratio: 2.0253164556962027; width: 561px; height: auto;\" src=\"https:\/\/i0.wp.com\/ismaelcolosi.com.br\/wp-content\/uploads\/2023\/11\/grupo-de-empregos-whatsapp-e-facebook-ismael-colosi-vagas.jpg?ssl=1\" alt=\"\" \/><\/a><\/p>\n<!-- \/wp:image -->\n<\/div>\n<p> <br \/>\n<\/p>\n<div>\n<p>Um filme brasileiro com uma hist\u00f3ria de Natal. Geralmente nesta \u00e9poca, s\u00e3o as produ\u00e7\u00f5es americanas que tomam conta da tela.\u00a0<\/p>\n<p>\u201cRitmo de Natal\u201d \u00e9 um filme brasileiro de com\u00e9dia rom\u00e2ntica dirigido por Allan Fiterman. A trama segue a cantora de funk Mileny (Clara Moneke) e o violinista Dante (Isacque Lopes), que se conhecem e, imediatamente, se apaixonam um pelo outro.<\/p>\n<p>Agora, eles v\u00e3o passar o primeiro <a href=\"https:\/\/meuvalordigital.com.br\/panetone-esta-mais-caro-e-pode-ficar-fora-da-ceia-de-natal\/\" target=\"_blank\" rel=\"noreferrer noopener\">Natal juntos.<\/a> Para isso, v\u00e3o reunir suas fam\u00edlias para celebrar a data especial. Logo, os dois percebem que existem muitas diferen\u00e7as entre as fam\u00edlias e que v\u00e3o precisar enfrentar alguns desafios.<\/p>\n<p>Mileny \u00e9 filha de Soraya (Vilma Melo) e MC Barbatana (Paulo Tiefenthaler), \u00edcones do funk carioca; e Dante \u00e9 filho de In\u00eas (Ta\u00eds Ara\u00fajo), uma pianista de renome. O filme aborda a celebra\u00e7\u00e3o das diferen\u00e7as e mostra como o preconceito pode afastar as pessoas dos afetos.<\/p>\n<p>O filme foi lan\u00e7ado no Globoplay em 30 de novembro de 2023 e exibido pela TV Globo em 18 de dezembro de 2023. Voc\u00ea pode assistir ao filme no Globoplay.<\/p>\n<h2 class=\"wp-block-heading\" id=\"h-a-sinopse\">A sinopse<\/h2>\n<p>A com\u00e9dia rom\u00e2ntica segue Mileny (Clara Moneke), uma cantora de funk que se apaixona por Dante (Isacque Lopes), um violinista cl\u00e1ssico. Eles enfrentam um desafio ao passar o primeiro Natal juntos, reunindo suas fam\u00edlias de origens completamente distintas.\u00a0<\/p>\n<p>Mileny \u00e9 filha de Soraya (Vilma Melo) e MC Barbatana (Paulo Tiefenthaler), um dos casais mais conhecidos da antiga cena do funk carioca. Por outro lado, Dante \u00e9 filho de In\u00eas (Ta\u00eds Ara\u00fajo), uma pianista renomada. Os choques culturais e as diferen\u00e7as de personalidade entre os membros das fam\u00edlias provocam conflitos que impactam o relacionamento do casal.<\/p>\n<p>Leia tamb\u00e9m | <strong><a href=\"https:\/\/meuvalordigital.com.br\/como-descobrir-no-que-voce-e-bom-de-verdade\/\" target=\"_blank\" rel=\"noreferrer noopener\">Como descobrir no que voc\u00ea \u00e9 bom de verdade<\/a><\/strong><\/p>\n<h2 class=\"wp-block-heading\" id=\"h-elenco\">Elenco<\/h2>\n<p><strong>Clara Moneke<\/strong> como Mileny<\/p>\n<p><strong>Isacque Lopes <\/strong>como Dante Augusto<\/p>\n<p><strong>Ta\u00eds Ara\u00fajo<\/strong> como In\u00eas<\/p>\n<p><strong>Vilma Melo <\/strong>como Soraya Suyane (Mulher Damasco)<\/p>\n<p><strong>Paulo Tiefenthaler<\/strong> como MC Barbatana<\/p>\n<p><strong>Teca Pereira <\/strong>como Vov\u00f3 Gorete<\/p>\n<p><strong>Guthierry Sotero<\/strong> como Maikon<\/p>\n<p><strong>Nina Tomsic<\/strong> como Patr\u00edcia<\/p>\n<p><strong>Carol Marra <\/strong>como Val<\/p>\n<p><strong>Dig Verardi<\/strong> como Lago<\/p>\n<p>O filme marca a primeira produ\u00e7\u00e3o original criada pelo N\u00facleo de Filmes dos Est\u00fadios Globo em parceria com o Globoplay e a TV Globo. \u201cRitmo de Natal\u201d, de acordo com Juan Jullian, \u00e9 um filme que aborda a celebra\u00e7\u00e3o das diferen\u00e7as e destaca como o preconceito pode impedir que as pessoas sejam aut\u00eanticas, afastando-as do que realmente importa na vida: os afetos.<\/p>\n<\/div>\n<p><br \/>\n<br \/><a href=\"https:\/\/meuvalordigital.com.br\/ritmo-de-natal-filme-mostra-natal-a-moda-brasileira\/\">Source link <\/a><\/p>\n<!-- CONTENT END 1 -->\n","protected":false},"excerpt":{"rendered":"<p>Um filme brasileiro com uma hist\u00f3ria de Natal. Geralmente nesta \u00e9poca, s\u00e3o as produ\u00e7\u00f5es americanas que tomam conta da tela.\u00a0 \u201cRitmo de Natal\u201d \u00e9 um&#8230;<\/p>\n","protected":false},"author":1,"featured_media":18731,"comment_status":"open","ping_status":"open","sticky":false,"template":"","format":"standard","meta":{"advanced_seo_description":"","jetpack_seo_html_title":"","jetpack_seo_noindex":false,"jetpack_post_was_ever_published":false,"_jetpack_newsletter_access":"","_jetpack_dont_email_post_to_subs":false,"_jetpack_newsletter_tier_id":0,"_jetpack_memberships_contains_paywalled_content":false,"_jetpack_memberships_contains_paid_content":false,"footnotes":"","jetpack_publicize_message":"","jetpack_publicize_feature_enabled":true,"jetpack_social_post_already_shared":true,"jetpack_social_options":{"image_generator_settings":{"template":"highway","default_image_id":0,"font":"","enabled":false},"version":2}},"categories":[7],"tags":[],"class_list":["post-18730","post","type-post","status-publish","format-standard","has-post-thumbnail","hentry","category-vagas-de-empregos-em-ribeirao-preto-regiao-brasil"],"jetpack_publicize_connections":[],"jetpack_featured_media_url":"https:\/\/i0.wp.com\/noticiasribeiraopreto.com.br\/wp-content\/uploads\/2023\/12\/Ritmo-de-Natal.jpg?fit=1242%2C800&ssl=1","jetpack-related-posts":[{"id":16724,"url":"https:\/\/noticiasribeiraopreto.com.br\/index.php\/2023\/12\/16\/5-filmes-natalinos-brasileiros-para-ver-nos-streamings-hoje-mesmo\/","url_meta":{"origin":18730,"position":0},"title":"5 filmes natalinos brasileiros para ver nos streamings hoje mesmo","author":"noticiasribeiraopreto.com.br","date":"16 de December de 2023","format":false,"excerpt":"Cr\u00e9ditos: Depositphotos\/serezniyFilmes natalinos brasileiros para ver neste ano A melhor \u00e9poca do ano chegou e voc\u00ea j\u00e1 pode conferir os melhores filmes de Natal nos streamings. Desta vez, a Catraca Livre separou alguns longas nacionais com a tem\u00e1tica natalina. Abaixo, voc\u00ea vai conhecer cinco t\u00edtulos que prometem te conquistar. Os\u2026","rel":"","context":"In &quot;Variedades&quot;","block_context":{"text":"Variedades","link":"https:\/\/noticiasribeiraopreto.com.br\/index.php\/category\/variedades\/"},"img":{"alt_text":"","src":"https:\/\/i0.wp.com\/noticiasribeiraopreto.com.br\/wp-content\/uploads\/2023\/12\/depositphotos-687386008-xl-scaled-e1702434773775.jpg?fit=1200%2C638&ssl=1&resize=350%2C200","width":350,"height":200,"srcset":"https:\/\/i0.wp.com\/noticiasribeiraopreto.com.br\/wp-content\/uploads\/2023\/12\/depositphotos-687386008-xl-scaled-e1702434773775.jpg?fit=1200%2C638&ssl=1&resize=350%2C200 1x, https:\/\/i0.wp.com\/noticiasribeiraopreto.com.br\/wp-content\/uploads\/2023\/12\/depositphotos-687386008-xl-scaled-e1702434773775.jpg?fit=1200%2C638&ssl=1&resize=525%2C300 1.5x, https:\/\/i0.wp.com\/noticiasribeiraopreto.com.br\/wp-content\/uploads\/2023\/12\/depositphotos-687386008-xl-scaled-e1702434773775.jpg?fit=1200%2C638&ssl=1&resize=700%2C400 2x, https:\/\/i0.wp.com\/noticiasribeiraopreto.com.br\/wp-content\/uploads\/2023\/12\/depositphotos-687386008-xl-scaled-e1702434773775.jpg?fit=1200%2C638&ssl=1&resize=1050%2C600 3x"},"classes":[]},{"id":7206,"url":"https:\/\/noticiasribeiraopreto.com.br\/index.php\/2023\/11\/27\/quais-filmes-e-series-estreiam-nesta-semana-nos-streamings-veja-a-lista\/","url_meta":{"origin":18730,"position":1},"title":"Quais filmes e s\u00e9ries estreiam nesta semana nos streamings? Veja a lista","author":"noticiasribeiraopreto.com.br","date":"27 de November de 2023","format":false,"excerpt":"Cr\u00e9ditos: reprodu\u00e7\u00e3o\/DisneyNovos filmes e s\u00e9ries estreiam nos streamings; veja a llista Entre 26 de dezembro e 2 de dezembro, os streamings prometem as estreias de grandes filmes e s\u00e9ries. Para entrar em clima de Natal, \u201cRitmo de Natal\u201d, do Globoplay, e \u201cA Batalha de Natal\u201d, do Prime Video, est\u00e3o entre\u2026","rel":"","context":"In &quot;Variedades&quot;","block_context":{"text":"Variedades","link":"https:\/\/noticiasribeiraopreto.com.br\/index.php\/category\/variedades\/"},"img":{"alt_text":"","src":"https:\/\/i0.wp.com\/noticiasribeiraopreto.com.br\/wp-content\/uploads\/2023\/11\/fotos-catraca-2023-11-27t132847745.png?fit=1200%2C638&ssl=1&resize=350%2C200","width":350,"height":200,"srcset":"https:\/\/i0.wp.com\/noticiasribeiraopreto.com.br\/wp-content\/uploads\/2023\/11\/fotos-catraca-2023-11-27t132847745.png?fit=1200%2C638&ssl=1&resize=350%2C200 1x, https:\/\/i0.wp.com\/noticiasribeiraopreto.com.br\/wp-content\/uploads\/2023\/11\/fotos-catraca-2023-11-27t132847745.png?fit=1200%2C638&ssl=1&resize=525%2C300 1.5x, https:\/\/i0.wp.com\/noticiasribeiraopreto.com.br\/wp-content\/uploads\/2023\/11\/fotos-catraca-2023-11-27t132847745.png?fit=1200%2C638&ssl=1&resize=700%2C400 2x, https:\/\/i0.wp.com\/noticiasribeiraopreto.com.br\/wp-content\/uploads\/2023\/11\/fotos-catraca-2023-11-27t132847745.png?fit=1200%2C638&ssl=1&resize=1050%2C600 3x"},"classes":[]},{"id":15681,"url":"https:\/\/noticiasribeiraopreto.com.br\/index.php\/2023\/12\/14\/estes-5-filmes-de-natal-sao-os-melhores-do-prime-video-e-voce-ainda-nao-viu\/","url_meta":{"origin":18730,"position":2},"title":"Estes 5 filmes de Natal s\u00e3o os melhores do Prime V\u00eddeo e voc\u00ea ainda n\u00e3o viu","author":"noticiasribeiraopreto.com.br","date":"14 de December de 2023","format":false,"excerpt":"Cr\u00e9ditos: iStock\/demaerreFilmes de Natal para ver na Prime Video Dezembro chegou e, com ele, \u00e9 hora de conferir aqueles cl\u00e1ssicos filmes natalinos que o p\u00fablico ama. Para isso, o Prime Video tem uma variedade de longas escondidos no cat\u00e1logo.\u00a0 A \u00e9poca \u00e9 t\u00e3o especial para centenas de assinantes, que um\u2026","rel":"","context":"In &quot;Variedades&quot;","block_context":{"text":"Variedades","link":"https:\/\/noticiasribeiraopreto.com.br\/index.php\/category\/variedades\/"},"img":{"alt_text":"","src":"https:\/\/i0.wp.com\/noticiasribeiraopreto.com.br\/wp-content\/uploads\/2023\/12\/istock-1434838235.jpg?fit=1200%2C638&ssl=1&resize=350%2C200","width":350,"height":200,"srcset":"https:\/\/i0.wp.com\/noticiasribeiraopreto.com.br\/wp-content\/uploads\/2023\/12\/istock-1434838235.jpg?fit=1200%2C638&ssl=1&resize=350%2C200 1x, https:\/\/i0.wp.com\/noticiasribeiraopreto.com.br\/wp-content\/uploads\/2023\/12\/istock-1434838235.jpg?fit=1200%2C638&ssl=1&resize=525%2C300 1.5x, https:\/\/i0.wp.com\/noticiasribeiraopreto.com.br\/wp-content\/uploads\/2023\/12\/istock-1434838235.jpg?fit=1200%2C638&ssl=1&resize=700%2C400 2x, https:\/\/i0.wp.com\/noticiasribeiraopreto.com.br\/wp-content\/uploads\/2023\/12\/istock-1434838235.jpg?fit=1200%2C638&ssl=1&resize=1050%2C600 3x"},"classes":[]},{"id":5115,"url":"https:\/\/noticiasribeiraopreto.com.br\/index.php\/2023\/11\/22\/5-filmes-para-assistir-hoje-na-netflix-e-entrar-no-clima-natalino\/","url_meta":{"origin":18730,"position":3},"title":"5 filmes para assistir hoje na Netflix e entrar no clima natalino","author":"noticiasribeiraopreto.com.br","date":"22 de November de 2023","format":false,"excerpt":"Cr\u00e9ditos: Divulga\u00e7\u00e3o\/Netflix Filmes de Natal para ver na Netflix Pois \u00e9\u2026 Falta pouco mais de um m\u00eas para o Natal e chegou a hora de entrar no clima. Todos os anos, a Netflix lan\u00e7a diversos filmes e s\u00e9ries com a tem\u00e1tica natalina e em 2023 n\u00e3o ser\u00e1 diferente. Os filmes\u2026","rel":"","context":"In &quot;Variedades&quot;","block_context":{"text":"Variedades","link":"https:\/\/noticiasribeiraopreto.com.br\/index.php\/category\/variedades\/"},"img":{"alt_text":"","src":"https:\/\/i0.wp.com\/noticiasribeiraopreto.com.br\/wp-content\/uploads\/2023\/11\/filme-natal.jpg?fit=1200%2C638&ssl=1&resize=350%2C200","width":350,"height":200,"srcset":"https:\/\/i0.wp.com\/noticiasribeiraopreto.com.br\/wp-content\/uploads\/2023\/11\/filme-natal.jpg?fit=1200%2C638&ssl=1&resize=350%2C200 1x, https:\/\/i0.wp.com\/noticiasribeiraopreto.com.br\/wp-content\/uploads\/2023\/11\/filme-natal.jpg?fit=1200%2C638&ssl=1&resize=525%2C300 1.5x, https:\/\/i0.wp.com\/noticiasribeiraopreto.com.br\/wp-content\/uploads\/2023\/11\/filme-natal.jpg?fit=1200%2C638&ssl=1&resize=700%2C400 2x, https:\/\/i0.wp.com\/noticiasribeiraopreto.com.br\/wp-content\/uploads\/2023\/11\/filme-natal.jpg?fit=1200%2C638&ssl=1&resize=1050%2C600 3x"},"classes":[]},{"id":20318,"url":"https:\/\/noticiasribeiraopreto.com.br\/index.php\/2023\/12\/25\/10-filmes-de-natal-na-netflix-para-assistir-hoje-meu-valor-digital\/","url_meta":{"origin":18730,"position":4},"title":"10 filmes de Natal na Netflix para assistir hoje &#8211; Meu Valor Digital","author":"noticiasribeiraopreto.com.br","date":"25 de December de 2023","format":false,"excerpt":"Hoje \u00e9 Natal, uma data que brilha no calend\u00e1rio com luzes cintilantes e a promessa de momentos alegres. Enquanto as casas se enchem de risos e os cora\u00e7\u00f5es se aquecem com o esp\u00edrito natalino, n\u00e3o h\u00e1 nada como se aconchegar no sof\u00e1 e mergulhar no mundo m\u00e1gico dos filmes. A\u2026","rel":"","context":"In &quot;Vagas de Emprego em Ribeir\u00e3o Preto-SP&quot;","block_context":{"text":"Vagas de Emprego em Ribeir\u00e3o Preto-SP","link":"https:\/\/noticiasribeiraopreto.com.br\/index.php\/category\/empregos-classificados-vagas-trabalho\/vagas-de-empregos-em-ribeirao-preto-regiao-brasil\/"},"img":{"alt_text":"","src":"https:\/\/i0.wp.com\/noticiasribeiraopreto.com.br\/wp-content\/uploads\/2023\/12\/Filmes-de-Natal.jpg?fit=1200%2C773&ssl=1&resize=350%2C200","width":350,"height":200,"srcset":"https:\/\/i0.wp.com\/noticiasribeiraopreto.com.br\/wp-content\/uploads\/2023\/12\/Filmes-de-Natal.jpg?fit=1200%2C773&ssl=1&resize=350%2C200 1x, https:\/\/i0.wp.com\/noticiasribeiraopreto.com.br\/wp-content\/uploads\/2023\/12\/Filmes-de-Natal.jpg?fit=1200%2C773&ssl=1&resize=525%2C300 1.5x, https:\/\/i0.wp.com\/noticiasribeiraopreto.com.br\/wp-content\/uploads\/2023\/12\/Filmes-de-Natal.jpg?fit=1200%2C773&ssl=1&resize=700%2C400 2x, https:\/\/i0.wp.com\/noticiasribeiraopreto.com.br\/wp-content\/uploads\/2023\/12\/Filmes-de-Natal.jpg?fit=1200%2C773&ssl=1&resize=1050%2C600 3x"},"classes":[]},{"id":16927,"url":"https:\/\/noticiasribeiraopreto.com.br\/index.php\/2023\/12\/16\/veja-as-series-e-filmes-para-voce-assistir-no-natal-meu-valor-digital\/","url_meta":{"origin":18730,"position":5},"title":"Veja as s\u00e9ries e filmes para voc\u00ea assistir no Natal &#8211; Meu Valor Digital","author":"noticiasribeiraopreto.com.br","date":"16 de December de 2023","format":false,"excerpt":"Estamos todos em ritmo de Natal. Muita gente est\u00e1 atr\u00e1s do presente perfeito. Tem aqueles que j\u00e1 compraram o presente bem antes. Em dias de crise, as lembrancinhas v\u00e3o fazer sucesso. Mas existem pessoas que amam o Natal e curtem ficar diante da TV, do computador, do celular e assistir\u2026","rel":"","context":"In &quot;Vagas de Emprego em Ribeir\u00e3o Preto-SP&quot;","block_context":{"text":"Vagas de Emprego em Ribeir\u00e3o Preto-SP","link":"https:\/\/noticiasribeiraopreto.com.br\/index.php\/category\/empregos-classificados-vagas-trabalho\/vagas-de-empregos-em-ribeirao-preto-regiao-brasil\/"},"img":{"alt_text":"","src":"https:\/\/i0.wp.com\/noticiasribeiraopreto.com.br\/wp-content\/uploads\/2023\/12\/A-Familia-Noel-3-1.jpg?fit=1200%2C774&ssl=1&resize=350%2C200","width":350,"height":200,"srcset":"https:\/\/i0.wp.com\/noticiasribeiraopreto.com.br\/wp-content\/uploads\/2023\/12\/A-Familia-Noel-3-1.jpg?fit=1200%2C774&ssl=1&resize=350%2C200 1x, https:\/\/i0.wp.com\/noticiasribeiraopreto.com.br\/wp-content\/uploads\/2023\/12\/A-Familia-Noel-3-1.jpg?fit=1200%2C774&ssl=1&resize=525%2C300 1.5x, https:\/\/i0.wp.com\/noticiasribeiraopreto.com.br\/wp-content\/uploads\/2023\/12\/A-Familia-Noel-3-1.jpg?fit=1200%2C774&ssl=1&resize=700%2C400 2x, https:\/\/i0.wp.com\/noticiasribeiraopreto.com.br\/wp-content\/uploads\/2023\/12\/A-Familia-Noel-3-1.jpg?fit=1200%2C774&ssl=1&resize=1050%2C600 3x"},"classes":[]}],"jetpack_sharing_enabled":true,"jetpack_shortlink":"https:\/\/wp.me\/peQAOb-4S6","_links":{"self":[{"href":"https:\/\/noticiasribeiraopreto.com.br\/index.php\/wp-json\/wp\/v2\/posts\/18730","targetHints":{"allow":["GET"]}}],"collection":[{"href":"https:\/\/noticiasribeiraopreto.com.br\/index.php\/wp-json\/wp\/v2\/posts"}],"about":[{"href":"https:\/\/noticiasribeiraopreto.com.br\/index.php\/wp-json\/wp\/v2\/types\/post"}],"author":[{"embeddable":true,"href":"https:\/\/noticiasribeiraopreto.com.br\/index.php\/wp-json\/wp\/v2\/users\/1"}],"replies":[{"embeddable":true,"href":"https:\/\/noticiasribeiraopreto.com.br\/index.php\/wp-json\/wp\/v2\/comments?post=18730"}],"version-history":[{"count":0,"href":"https:\/\/noticiasribeiraopreto.com.br\/index.php\/wp-json\/wp\/v2\/posts\/18730\/revisions"}],"wp:featuredmedia":[{"embeddable":true,"href":"https:\/\/noticiasribeiraopreto.com.br\/index.php\/wp-json\/wp\/v2\/media\/18731"}],"wp:attachment":[{"href":"https:\/\/noticiasribeiraopreto.com.br\/index.php\/wp-json\/wp\/v2\/media?parent=18730"}],"wp:term":[{"taxonomy":"category","embeddable":true,"href":"https:\/\/noticiasribeiraopreto.com.br\/index.php\/wp-json\/wp\/v2\/categories?post=18730"},{"taxonomy":"post_tag","embeddable":true,"href":"https:\/\/noticiasribeiraopreto.com.br\/index.php\/wp-json\/wp\/v2\/tags?post=18730"}],"curies":[{"name":"wp","href":"https:\/\/api.w.org\/{rel}","templated":true}]}}