{"id":18754,"date":"2023-12-20T23:48:00","date_gmt":"2023-12-21T02:48:00","guid":{"rendered":"https:\/\/noticiasribeiraopreto.com.br\/index.php\/2023\/12\/20\/passo-a-passo-facil-para-criar-um-cartao-de-natal-e-enviar-no-whatsapp\/"},"modified":"2023-12-20T23:48:00","modified_gmt":"2023-12-21T02:48:00","slug":"passo-a-passo-facil-para-criar-um-cartao-de-natal-e-enviar-no-whatsapp","status":"publish","type":"post","link":"https:\/\/noticiasribeiraopreto.com.br\/index.php\/2023\/12\/20\/passo-a-passo-facil-para-criar-um-cartao-de-natal-e-enviar-no-whatsapp\/","title":{"rendered":"Passo a passo f\u00e1cil para criar um cart\u00e3o de Natal e enviar no WhatsApp"},"content":{"rendered":"<div class='code-block code-block-1' style='margin: 8px 0 8px auto; text-align: right; display: block; clear: both;'>\n<p><a href=\"https:\/\/wa.link\/vpicfd\"><img data-recalc-dims=\"1\" class=\"wp-image-4922\" style=\"aspect-ratio: 2.0253164556962027; width: 561px; height: auto;\" src=\"https:\/\/i0.wp.com\/ismaelcolosi.com.br\/wp-content\/uploads\/2023\/11\/grupo-de-empregos-whatsapp-e-facebook-ismael-colosi-vagas.jpg?ssl=1\" alt=\"\" \/><\/a><\/p>\n<!-- \/wp:image -->\n<\/div>\n<p> <br \/>\n<\/p>\n<div>\n<div id=\"attachment_2329024\" class=\"wp-caption alignnone\">\n<div class=\"d-flex justify-content-center\" data-attachment-id=\"2329024\">\n<div class=\"position-relative d-inline-block\"><img data-recalc-dims=\"1\" data-portal-copyright=\"Captura de tela do WhatsApp\" fetchpriority=\"high\" decoding=\"async\" class=\"size-full wp-image-2329024\" src=\"https:\/\/i0.wp.com\/catracalivre.com.br\/wp-content\/uploads\/2023\/12\/img-20231218-wa0440.jpg?resize=828%2C710&#038;ssl=1\" alt=\"Aprenda a criar um cart\u00e3o de Natal para enviar no WhatsApp\" width=\"828\" height=\"710\" srcset=\"https:\/\/catracalivre.com.br\/wp-content\/uploads\/2023\/12\/img-20231218-wa0440.jpg 828w, https:\/\/catracalivre.com.br\/wp-content\/uploads\/2023\/12\/img-20231218-wa0440-450x386.jpg 450w, https:\/\/catracalivre.com.br\/wp-content\/uploads\/2023\/12\/img-20231218-wa0440-768x659.jpg 768w\" sizes=\"(max-width: 828px) 100vw, 828px\"\/><\/p>\n<p>Cr\u00e9ditos: Captura de tela do WhatsApp<\/p>\n<\/div>\n<\/div>\n<p><span class=\"post-imagem__legenda\">Aprenda a criar um cart\u00e3o de Natal para enviar no WhatsApp<\/span><\/p>\n<\/div>\n<p>Se voc\u00ea acha que criar um <a href=\"https:\/\/catracalivre.com.br\/agenda\/o-que-fazer-no-natal-em-sp\/\" target=\"_blank\" rel=\"noopener\">cart\u00e3o de Natal<\/a> ou de <a href=\"https:\/\/catracalivre.com.br\/agenda\/ano-novo-sao-paulo\/\" target=\"_blank\" rel=\"noopener\">Ano Novo<\/a> para compartilhar no <a href=\"https:\/\/catracalivre.com.br\/entretenimento\/whatsapp-anuncia-novidade-no-envio-de-mensagens-aprenda-a-usar\/\" target=\"_blank\" rel=\"noopener\">WhatsApp<\/a> \u00e9 um desafio apenas para quem possui habilidades com ferramentas complexas, como o Photoshop, a <a href=\"https:\/\/catracalivre.com.br\/\" target=\"_blank\" rel=\"noopener\">Catraca Livre<\/a> tem uma \u00f3tima not\u00edcia para voc\u00ea.<\/p>\n<p>Atualmente, existe uma variedade de sites e <a href=\"https:\/\/catracalivre.com.br\/educacao\/4-aplicativos-de-emprego-que-voce-precisa-conhecer\/\" target=\"_blank\" rel=\"noopener\">aplicativos<\/a> que facilitam a cria\u00e7\u00e3o de lindos cart\u00f5es de boas festas, ent\u00e3o a arte especial virou uma atividade ao alcance de qualquer um. Com uma rica variedade de modelos gratuitos, voc\u00ea poder\u00e1 baixar, personalizar e compartilhar diretamente no seu WhatsApp.<\/p>\n<p>Ent\u00e3o, caso voc\u00ea esteja querendo entrar no ritmo festivo do final do ano e animar seus amigos e entes queridos com mensagens personalizadas de Natal e Ano Novo, veja o passo a passo usando uma ferramenta online a seguir.<\/p>\n<h2>Qual \u00e9 a ferramenta para criar cart\u00e3o de Natal?<\/h2>\n<p>Abaixo, voc\u00ea vai aprender a criar um cart\u00e3o de boas festas no Canva, uma ferramenta com recursos gratuitos, que est\u00e1 dispon\u00edvel em aplicativo para iOS (iPhone) ou Android, ou ainda para navegador.<\/p>\n<p>Na plataforma, voc\u00ea poder\u00e1 gerar um cart\u00e3o de Natal personalizado, com as cores, imagens e textos de acordo com a sua prefer\u00eancia. Aprenda com o passo a passo a seguir.<\/p>\n<ul>\n<li>Abra o Canva \u2013 voc\u00ea pode baixar o aplicativo no seu celular ou usar online no seu navegador clicando <a href=\"https:\/\/www.canva.com\/\" target=\"_blank\" rel=\"noopener\">aqui<\/a>;<\/li>\n<li>Com a ferramenta aberta, crie uma conta ou fa\u00e7a login se voc\u00ea j\u00e1 tiver uma;<\/li>\n<li>Agora, na tela inicial do Canva, toque na aba modelos, na barra inferior;<\/li>\n<li>Na tela seguinte voc\u00ea ver\u00e1 diversas op\u00e7\u00f5es de artes, procure pela op\u00e7\u00e3o de \u201cCart\u00f5es\u201d e aperte em \u201cVer tudo\u201d;<\/li>\n<li>Arraste o menu superior para o lado e escolha a op\u00e7\u00e3o \u201cTema\u201d;<\/li>\n<li>Escolha \u201cFestas de fim de ano\u201d, \u201cNatal\u201d e toque em \u201cAplicar\u201d;<\/li>\n<\/ul>\n<div id=\"attachment_2329019\" class=\"wp-caption alignnone\">\n<div class=\"d-flex justify-content-center\" data-attachment-id=\"2329019\">\n<div class=\"position-relative d-inline-block\"><img data-recalc-dims=\"1\" loading=\"lazy\" data-portal-copyright=\"Captura de tela do Canva\" decoding=\"async\" class=\"size-full wp-image-2329019\" src=\"https:\/\/i0.wp.com\/catracalivre.com.br\/wp-content\/uploads\/2023\/12\/img-20231218-wa0435-scaled.jpg?resize=2560%2C1237&#038;ssl=1\" alt=\"Siga o passo a passo no Canva como nas imagens\" width=\"2560\" height=\"1237\" srcset=\"https:\/\/catracalivre.com.br\/wp-content\/uploads\/2023\/12\/img-20231218-wa0435-scaled.jpg 2560w, https:\/\/catracalivre.com.br\/wp-content\/uploads\/2023\/12\/img-20231218-wa0435-450x217.jpg 450w, https:\/\/catracalivre.com.br\/wp-content\/uploads\/2023\/12\/img-20231218-wa0435-768x371.jpg 768w\" sizes=\"auto, (max-width: 2560px) 100vw, 2560px\"\/><\/p>\n<p>Cr\u00e9ditos: Captura de tela do Canva<\/p>\n<\/div>\n<\/div>\n<p><span class=\"post-imagem__legenda\">Siga o passo a passo no Canva como nas imagens<\/span><\/p>\n<\/div>\n<ul>\n<li>Agora basta procurar pelo cart\u00e3o desejado em meio \u00e0s op\u00e7\u00f5es gratuitas dispon\u00edveis \u2013 geralmente os modelos pagos est\u00e3o indicados como \u201cPro\u201d, no canto inferior do cart\u00e3o;<\/li>\n<li>Ap\u00f3s escolher o modelo que mais lhe agradou, personalize o cart\u00e3o como desejar, sendo que voc\u00ea pode editar o texto, a imagem, mudar as cores, a fonte, o tamanho ou adicionar mais elementos.<\/li>\n<\/ul>\n<div id=\"attachment_2329018\" class=\"wp-caption alignnone\">\n<div class=\"d-flex justify-content-center\" data-attachment-id=\"2329018\">\n<div class=\"position-relative d-inline-block\"><img data-recalc-dims=\"1\" loading=\"lazy\" data-portal-copyright=\"Captura de tela do Canva\" decoding=\"async\" class=\"size-full wp-image-2329018\" src=\"https:\/\/i0.wp.com\/catracalivre.com.br\/wp-content\/uploads\/2023\/12\/img-20231218-wa0439-scaled.jpg?resize=2560%2C1211&#038;ssl=1\" alt=\"Voc\u00ea ter\u00e1 diversas op\u00e7\u00f5es para editar seu cart\u00e3o de Natal\" width=\"2560\" height=\"1211\" srcset=\"https:\/\/catracalivre.com.br\/wp-content\/uploads\/2023\/12\/img-20231218-wa0439-scaled.jpg 2560w, https:\/\/catracalivre.com.br\/wp-content\/uploads\/2023\/12\/img-20231218-wa0439-450x213.jpg 450w, https:\/\/catracalivre.com.br\/wp-content\/uploads\/2023\/12\/img-20231218-wa0439-768x363.jpg 768w\" sizes=\"auto, (max-width: 2560px) 100vw, 2560px\"\/><\/p>\n<p>Cr\u00e9ditos: Captura de tela do Canva<\/p>\n<\/div>\n<\/div>\n<p><span class=\"post-imagem__legenda\">Voc\u00ea ter\u00e1 diversas op\u00e7\u00f5es para editar seu cart\u00e3o de Natal<\/span><\/p>\n<\/div>\n<h2>Como compartilhar o cart\u00e3o no WhatsApp?<\/h2>\n<p>Depois que seu cart\u00e3o estiver finalizado, para enviar para algu\u00e9m basta tocar no \u00edcone de compartilhamento, no canto superior direito, e rolar as op\u00e7\u00f5es at\u00e9 encontrar o WhatsApp.<\/p>\n<p>Assim que encontrar o mensageiro, escolha para qual conversa ou grupo voc\u00ea deseja enviar. Voc\u00ea tamb\u00e9m pode mandar o cart\u00e3o para uma conversa consigo mesmo(a) e, no dia 25 de dezembro, encaminhar de l\u00e1 para todos os contatos que desejar.<\/p>\n<div id=\"attachment_2329017\" class=\"wp-caption alignnone\">\n<div class=\"d-flex justify-content-center\" data-attachment-id=\"2329017\">\n<div class=\"position-relative d-inline-block\"><img data-recalc-dims=\"1\" data-portal-copyright=\"Captura de tela\" loading=\"lazy\" decoding=\"async\" class=\"wp-image-2329017 size-full\" src=\"https:\/\/i0.wp.com\/catracalivre.com.br\/wp-content\/uploads\/2023\/12\/img-20231218-wa0437-scaled-e1702938666576.jpg?resize=2551%2C1318&#038;ssl=1\" alt=\"Veja como compartilhar o cart\u00e3o de Natal depois de pronto\" width=\"2551\" height=\"1318\" srcset=\"https:\/\/catracalivre.com.br\/wp-content\/uploads\/2023\/12\/img-20231218-wa0437-scaled-e1702938666576.jpg 2551w, https:\/\/catracalivre.com.br\/wp-content\/uploads\/2023\/12\/img-20231218-wa0437-scaled-e1702938666576-450x232.jpg 450w, https:\/\/catracalivre.com.br\/wp-content\/uploads\/2023\/12\/img-20231218-wa0437-scaled-e1702938666576-768x397.jpg 768w\" sizes=\"auto, (max-width: 2551px) 100vw, 2551px\"\/><\/p>\n<p>Cr\u00e9ditos: Captura de tela<\/p>\n<\/div>\n<\/div>\n<p><span class=\"post-imagem__legenda\">Veja como compartilhar o cart\u00e3o de Natal depois de pronto<\/span><\/p>\n<\/div>\n<p>Al\u00e9m disso, voc\u00ea tamb\u00e9m pode fazer seu cart\u00e3o hoje mesmo e deixar salvo no pr\u00f3prio Canva para enviar somente na noite de Natal. Ou ainda tem a possibilidade de baixar o cart\u00e3o na ferramenta e deixar salvo na galeria do celular para usar depois.<\/p>\n<\/div>\n<p><script>\n\t\t! function(f, b, e, v, n, t, s) {\n\t\t\tif (f.fbq) return;\n\t\t\tn = f.fbq = function() {\n\t\t\t\tn.callMethod ?\n\t\t\t\t\tn.callMethod.apply(n, arguments) : n.queue.push(arguments)\n\t\t\t};\n\t\t\tif (!f._fbq) f._fbq = n;\n\t\t\tn.push = n;\n\t\t\tn.loaded = !0;\n\t\t\tn.version = '2.0';\n\t\t\tn.queue = [];\n\t\t\tt = b.createElement(e);\n\t\t\tt.async = !0;\n\t\t\tt.src = v;\n\t\t\ts = b.getElementsByTagName(e)[0];\n\t\t\ts.parentNode.insertBefore(t, s)\n\t\t}(window, document, 'script',\n\t\t\t'https:\/\/connect.facebook.net\/en_US\/fbevents.js');\n\t\tfbq('init', '338315473262380');\n\t\tfbq('track', 'PageView');\n\t<\/script><br \/>\n<br \/><br \/>\n<br \/><a href=\"https:\/\/catracalivre.com.br\/entretenimento\/passo-a-passo-facil-para-criar-um-cartao-de-natal-e-enviar-no-whatsapp\/\">Source link <\/a><\/p>\n<!-- CONTENT END 1 -->\n","protected":false},"excerpt":{"rendered":"<p>Cr\u00e9ditos: Captura de tela do WhatsApp Aprenda a criar um cart\u00e3o de Natal para enviar no WhatsApp Se voc\u00ea acha que criar um cart\u00e3o de&#8230;<\/p>\n","protected":false},"author":1,"featured_media":18755,"comment_status":"open","ping_status":"open","sticky":false,"template":"","format":"standard","meta":{"advanced_seo_description":"","jetpack_seo_html_title":"","jetpack_seo_noindex":false,"jetpack_post_was_ever_published":false,"_jetpack_newsletter_access":"","_jetpack_dont_email_post_to_subs":false,"_jetpack_newsletter_tier_id":0,"_jetpack_memberships_contains_paywalled_content":false,"_jetpack_memberships_contains_paid_content":false,"footnotes":"","jetpack_publicize_message":"","jetpack_publicize_feature_enabled":true,"jetpack_social_post_already_shared":true,"jetpack_social_options":{"image_generator_settings":{"template":"highway","default_image_id":0,"font":"","enabled":false},"version":2}},"categories":[19],"tags":[],"class_list":["post-18754","post","type-post","status-publish","format-standard","has-post-thumbnail","hentry","category-variedades"],"jetpack_publicize_connections":[],"jetpack_featured_media_url":"https:\/\/i0.wp.com\/noticiasribeiraopreto.com.br\/wp-content\/uploads\/2023\/12\/img-20231218-wa0440.jpg?fit=1200%2C638&ssl=1","jetpack-related-posts":[{"id":36124,"url":"https:\/\/noticiasribeiraopreto.com.br\/index.php\/2024\/02\/08\/banco-nubank-libera-limite-sem-analise-no-spc-e-serasa-veja-o-passo-a-passo-para-solicitar-seu-cartao\/","url_meta":{"origin":18754,"position":0},"title":"Banco Nubank libera limite sem an\u00e1lise no SPC e Serasa? Veja o passo a passo para solicitar seu cart\u00e3o","author":"noticiasribeiraopreto.com.br","date":"8 de February de 2024","format":false,"excerpt":"Imagem: Google Fundado em 2013, o Nubank \u00e9 um dos maiores bancos digitais do Brasil, com mais de 70 milh\u00f5es de usu\u00e1rios. Al\u00e9m disso, a institui\u00e7\u00e3o atua em outros pa\u00edses da Am\u00e9rica Latina, como M\u00e9xico e Col\u00f4mbia. Por isso, a fintech j\u00e1 atingiu a marca de mais de 80 milh\u00f5es\u2026","rel":"","context":"In &quot;Dinheiro e Investimento&quot;","block_context":{"text":"Dinheiro e Investimento","link":"https:\/\/noticiasribeiraopreto.com.br\/index.php\/category\/dinheiro-e-investimento-como-fazer-como-ganhar\/"},"img":{"alt_text":"","src":"https:\/\/i0.wp.com\/noticiasribeiraopreto.com.br\/wp-content\/uploads\/2024\/02\/nubank.webp.jpeg?fit=860%2C484&ssl=1&resize=350%2C200","width":350,"height":200,"srcset":"https:\/\/i0.wp.com\/noticiasribeiraopreto.com.br\/wp-content\/uploads\/2024\/02\/nubank.webp.jpeg?fit=860%2C484&ssl=1&resize=350%2C200 1x, https:\/\/i0.wp.com\/noticiasribeiraopreto.com.br\/wp-content\/uploads\/2024\/02\/nubank.webp.jpeg?fit=860%2C484&ssl=1&resize=525%2C300 1.5x, https:\/\/i0.wp.com\/noticiasribeiraopreto.com.br\/wp-content\/uploads\/2024\/02\/nubank.webp.jpeg?fit=860%2C484&ssl=1&resize=700%2C400 2x"},"classes":[]},{"id":21152,"url":"https:\/\/noticiasribeiraopreto.com.br\/index.php\/2023\/12\/27\/passo-a-passo-para-criar-seu-proprio-modelo-no-sua-vez-do-instagram\/","url_meta":{"origin":18754,"position":1},"title":"Passo a passo para criar seu pr\u00f3prio modelo no &#8216;Sua vez&#8217; do Instagram","author":"noticiasribeiraopreto.com.br","date":"27 de December de 2023","format":false,"excerpt":"Se voc\u00ea \u00e9 um usu\u00e1rio \u00e1vido do Instagram, provavelmente j\u00e1 notou a chegada de uma nova figurinha chamada \u201cSua vez\u201d. A novidade transforma o seu Story em um modelo personaliz\u00e1vel, que pode acabar facilmente partilhado por outros usu\u00e1rios da rede social. A \u201cSua vez\u201d est\u00e1 sendo amplamente utilizada para a\u2026","rel":"","context":"In &quot;Variedades&quot;","block_context":{"text":"Variedades","link":"https:\/\/noticiasribeiraopreto.com.br\/index.php\/category\/variedades\/"},"img":{"alt_text":"","src":"https:\/\/i0.wp.com\/noticiasribeiraopreto.com.br\/wp-content\/uploads\/2023\/12\/img-20231218-wa0462-scaled.jpg?fit=1200%2C638&ssl=1&resize=350%2C200","width":350,"height":200,"srcset":"https:\/\/i0.wp.com\/noticiasribeiraopreto.com.br\/wp-content\/uploads\/2023\/12\/img-20231218-wa0462-scaled.jpg?fit=1200%2C638&ssl=1&resize=350%2C200 1x, https:\/\/i0.wp.com\/noticiasribeiraopreto.com.br\/wp-content\/uploads\/2023\/12\/img-20231218-wa0462-scaled.jpg?fit=1200%2C638&ssl=1&resize=525%2C300 1.5x, https:\/\/i0.wp.com\/noticiasribeiraopreto.com.br\/wp-content\/uploads\/2023\/12\/img-20231218-wa0462-scaled.jpg?fit=1200%2C638&ssl=1&resize=700%2C400 2x, https:\/\/i0.wp.com\/noticiasribeiraopreto.com.br\/wp-content\/uploads\/2023\/12\/img-20231218-wa0462-scaled.jpg?fit=1200%2C638&ssl=1&resize=1050%2C600 3x"},"classes":[]},{"id":6005,"url":"https:\/\/noticiasribeiraopreto.com.br\/index.php\/2023\/11\/24\/como-criar-um-plano-de-acao-financeiro-para-os-proximos-12-meses\/","url_meta":{"origin":18754,"position":2},"title":"Como criar um plano de a\u00e7\u00e3o financeiro para os pr\u00f3ximos 12 meses","author":"noticiasribeiraopreto.com.br","date":"24 de November de 2023","format":false,"excerpt":"O in\u00edcio de um novo ano \u00e9 uma \u00f3tima oportunidade para organizar as finan\u00e7as e tra\u00e7ar metas para o futuro. Mas como fazer isso de forma eficaz e realista? A resposta \u00e9: criando um plano de a\u00e7\u00e3o financeiro para os pr\u00f3ximos 12 meses. Cr\u00e9ditos: iSTockComo criar um plano de a\u00e7\u00e3o\u2026","rel":"","context":"In &quot;Variedades&quot;","block_context":{"text":"Variedades","link":"https:\/\/noticiasribeiraopreto.com.br\/index.php\/category\/variedades\/"},"img":{"alt_text":"","src":"https:\/\/i0.wp.com\/noticiasribeiraopreto.com.br\/wp-content\/uploads\/2023\/11\/plano-acao-financeiro.jpg?fit=1200%2C638&ssl=1&resize=350%2C200","width":350,"height":200,"srcset":"https:\/\/i0.wp.com\/noticiasribeiraopreto.com.br\/wp-content\/uploads\/2023\/11\/plano-acao-financeiro.jpg?fit=1200%2C638&ssl=1&resize=350%2C200 1x, https:\/\/i0.wp.com\/noticiasribeiraopreto.com.br\/wp-content\/uploads\/2023\/11\/plano-acao-financeiro.jpg?fit=1200%2C638&ssl=1&resize=525%2C300 1.5x, https:\/\/i0.wp.com\/noticiasribeiraopreto.com.br\/wp-content\/uploads\/2023\/11\/plano-acao-financeiro.jpg?fit=1200%2C638&ssl=1&resize=700%2C400 2x, https:\/\/i0.wp.com\/noticiasribeiraopreto.com.br\/wp-content\/uploads\/2023\/11\/plano-acao-financeiro.jpg?fit=1200%2C638&ssl=1&resize=1050%2C600 3x"},"classes":[]},{"id":12813,"url":"https:\/\/noticiasribeiraopreto.com.br\/index.php\/2023\/12\/08\/smartphones-xiaomi-com-super-descontos-de-natal\/","url_meta":{"origin":18754,"position":3},"title":"Smartphones Xiaomi com super descontos de Natal","author":"noticiasribeiraopreto.com.br","date":"8 de December de 2023","format":false,"excerpt":"Smartphones Xiaomi com super descontos de Natal - Ismael Colosi Pular para o conte\u00fado Navega\u00e7\u00e3o de Post Posts Recentes Arquivo Para fornecer as melhores experi\u00eancias, usamos tecnologias como cookies para armazenar e\/ou acessar informa\u00e7\u00f5es do dispositivo. O consentimento para essas tecnologias nos permitir\u00e1 processar dados como comportamento de navega\u00e7\u00e3o ou\u2026","rel":"","context":"In &quot;Vagas de Emprego em Ribeir\u00e3o Preto-SP&quot;","block_context":{"text":"Vagas de Emprego em Ribeir\u00e3o Preto-SP","link":"https:\/\/noticiasribeiraopreto.com.br\/index.php\/category\/empregos-classificados-vagas-trabalho\/vagas-de-empregos-em-ribeirao-preto-regiao-brasil\/"},"img":{"alt_text":"","src":"https:\/\/i0.wp.com\/mliq9rbhanfv.i.optimole.com\/w%3A1200\/h%3A675\/q%3Amauto\/f%3Abest\/https%3A\/\/ismaelcolosi.com.br\/wp-content\/uploads\/2023\/12\/xiaomitop2_widelg.png?resize=350%2C200&ssl=1","width":350,"height":200,"srcset":"https:\/\/i0.wp.com\/mliq9rbhanfv.i.optimole.com\/w%3A1200\/h%3A675\/q%3Amauto\/f%3Abest\/https%3A\/\/ismaelcolosi.com.br\/wp-content\/uploads\/2023\/12\/xiaomitop2_widelg.png?resize=350%2C200&ssl=1 1x, https:\/\/i0.wp.com\/mliq9rbhanfv.i.optimole.com\/w%3A1200\/h%3A675\/q%3Amauto\/f%3Abest\/https%3A\/\/ismaelcolosi.com.br\/wp-content\/uploads\/2023\/12\/xiaomitop2_widelg.png?resize=525%2C300&ssl=1 1.5x, https:\/\/i0.wp.com\/mliq9rbhanfv.i.optimole.com\/w%3A1200\/h%3A675\/q%3Amauto\/f%3Abest\/https%3A\/\/ismaelcolosi.com.br\/wp-content\/uploads\/2023\/12\/xiaomitop2_widelg.png?resize=700%2C400&ssl=1 2x, https:\/\/i0.wp.com\/mliq9rbhanfv.i.optimole.com\/w%3A1200\/h%3A675\/q%3Amauto\/f%3Abest\/https%3A\/\/ismaelcolosi.com.br\/wp-content\/uploads\/2023\/12\/xiaomitop2_widelg.png?resize=1050%2C600&ssl=1 3x"},"classes":[]},{"id":11880,"url":"https:\/\/noticiasribeiraopreto.com.br\/index.php\/2023\/12\/07\/aprenda-a-publicar-um-gif-direto-nos-stories-do-instagram\/","url_meta":{"origin":18754,"position":4},"title":"Aprenda a publicar um gif direto nos Stories do Instagram","author":"noticiasribeiraopreto.com.br","date":"7 de December de 2023","format":false,"excerpt":"Cr\u00e9ditos: Reprodu\u00e7\u00e3o\/InstagramComo usar gif nos Stories do Instagram? Voc\u00ea gosta de compartilhar sua rotina atrav\u00e9s de fotos e v\u00eddeos no Instagram? O que talvez seja um fato novo para voc\u00ea \u00e9 que tamb\u00e9m \u00e9 poss\u00edvel usar gifs nos Stories. Sim, aquelas imagens animadas que, muitas vezes, s\u00e3o usadas para expressar\u2026","rel":"","context":"In &quot;Variedades&quot;","block_context":{"text":"Variedades","link":"https:\/\/noticiasribeiraopreto.com.br\/index.php\/category\/variedades\/"},"img":{"alt_text":"","src":"https:\/\/i0.wp.com\/noticiasribeiraopreto.com.br\/wp-content\/uploads\/2023\/12\/img-20231126-wa0031-scaled.jpg?fit=1200%2C638&ssl=1&resize=350%2C200","width":350,"height":200,"srcset":"https:\/\/i0.wp.com\/noticiasribeiraopreto.com.br\/wp-content\/uploads\/2023\/12\/img-20231126-wa0031-scaled.jpg?fit=1200%2C638&ssl=1&resize=350%2C200 1x, https:\/\/i0.wp.com\/noticiasribeiraopreto.com.br\/wp-content\/uploads\/2023\/12\/img-20231126-wa0031-scaled.jpg?fit=1200%2C638&ssl=1&resize=525%2C300 1.5x, https:\/\/i0.wp.com\/noticiasribeiraopreto.com.br\/wp-content\/uploads\/2023\/12\/img-20231126-wa0031-scaled.jpg?fit=1200%2C638&ssl=1&resize=700%2C400 2x, https:\/\/i0.wp.com\/noticiasribeiraopreto.com.br\/wp-content\/uploads\/2023\/12\/img-20231126-wa0031-scaled.jpg?fit=1200%2C638&ssl=1&resize=1050%2C600 3x"},"classes":[]},{"id":16526,"url":"https:\/\/noticiasribeiraopreto.com.br\/index.php\/2023\/12\/15\/o-natal-do-pequeno-batman-filme-da-dc-chega-ao-prime-video-meu-valor-digital\/","url_meta":{"origin":18754,"position":5},"title":"O Natal do Pequeno Batman: filme da DC chega ao Prime Video &#8211; Meu Valor Digital","author":"noticiasribeiraopreto.com.br","date":"15 de December de 2023","format":false,"excerpt":"O Prime Video reservou uma surpresa para quem ama as aventuras do Batman. Dessa vez, voc\u00ea vai curtir uma anima\u00e7\u00e3o natalina que gira em torno de Damian, o filho de Bruce Wayne, o Batman. O sonho do menino \u00e9 seguir os passos do pai e se tornar um super-her\u00f3i. \u201cO\u2026","rel":"","context":"In &quot;Vagas de Emprego em Ribeir\u00e3o Preto-SP&quot;","block_context":{"text":"Vagas de Emprego em Ribeir\u00e3o Preto-SP","link":"https:\/\/noticiasribeiraopreto.com.br\/index.php\/category\/empregos-classificados-vagas-trabalho\/vagas-de-empregos-em-ribeirao-preto-regiao-brasil\/"},"img":{"alt_text":"","src":"https:\/\/i0.wp.com\/noticiasribeiraopreto.com.br\/wp-content\/uploads\/2023\/12\/O-Natal-do-Pequeno-Batman-1.jpg?fit=1200%2C773&ssl=1&resize=350%2C200","width":350,"height":200,"srcset":"https:\/\/i0.wp.com\/noticiasribeiraopreto.com.br\/wp-content\/uploads\/2023\/12\/O-Natal-do-Pequeno-Batman-1.jpg?fit=1200%2C773&ssl=1&resize=350%2C200 1x, https:\/\/i0.wp.com\/noticiasribeiraopreto.com.br\/wp-content\/uploads\/2023\/12\/O-Natal-do-Pequeno-Batman-1.jpg?fit=1200%2C773&ssl=1&resize=525%2C300 1.5x, https:\/\/i0.wp.com\/noticiasribeiraopreto.com.br\/wp-content\/uploads\/2023\/12\/O-Natal-do-Pequeno-Batman-1.jpg?fit=1200%2C773&ssl=1&resize=700%2C400 2x, https:\/\/i0.wp.com\/noticiasribeiraopreto.com.br\/wp-content\/uploads\/2023\/12\/O-Natal-do-Pequeno-Batman-1.jpg?fit=1200%2C773&ssl=1&resize=1050%2C600 3x"},"classes":[]}],"jetpack_sharing_enabled":true,"jetpack_shortlink":"https:\/\/wp.me\/peQAOb-4Su","_links":{"self":[{"href":"https:\/\/noticiasribeiraopreto.com.br\/index.php\/wp-json\/wp\/v2\/posts\/18754","targetHints":{"allow":["GET"]}}],"collection":[{"href":"https:\/\/noticiasribeiraopreto.com.br\/index.php\/wp-json\/wp\/v2\/posts"}],"about":[{"href":"https:\/\/noticiasribeiraopreto.com.br\/index.php\/wp-json\/wp\/v2\/types\/post"}],"author":[{"embeddable":true,"href":"https:\/\/noticiasribeiraopreto.com.br\/index.php\/wp-json\/wp\/v2\/users\/1"}],"replies":[{"embeddable":true,"href":"https:\/\/noticiasribeiraopreto.com.br\/index.php\/wp-json\/wp\/v2\/comments?post=18754"}],"version-history":[{"count":0,"href":"https:\/\/noticiasribeiraopreto.com.br\/index.php\/wp-json\/wp\/v2\/posts\/18754\/revisions"}],"wp:featuredmedia":[{"embeddable":true,"href":"https:\/\/noticiasribeiraopreto.com.br\/index.php\/wp-json\/wp\/v2\/media\/18755"}],"wp:attachment":[{"href":"https:\/\/noticiasribeiraopreto.com.br\/index.php\/wp-json\/wp\/v2\/media?parent=18754"}],"wp:term":[{"taxonomy":"category","embeddable":true,"href":"https:\/\/noticiasribeiraopreto.com.br\/index.php\/wp-json\/wp\/v2\/categories?post=18754"},{"taxonomy":"post_tag","embeddable":true,"href":"https:\/\/noticiasribeiraopreto.com.br\/index.php\/wp-json\/wp\/v2\/tags?post=18754"}],"curies":[{"name":"wp","href":"https:\/\/api.w.org\/{rel}","templated":true}]}}