{"id":18783,"date":"2023-12-21T01:26:15","date_gmt":"2023-12-21T04:26:15","guid":{"rendered":"https:\/\/noticiasribeiraopreto.com.br\/index.php\/2023\/12\/21\/conselho-de-fonoaudiologia-anuncia-ultimo-dia-de-inscricao-para-concurso-com-80-vagas\/"},"modified":"2023-12-21T01:26:15","modified_gmt":"2023-12-21T04:26:15","slug":"conselho-de-fonoaudiologia-anuncia-ultimo-dia-de-inscricao-para-concurso-com-80-vagas","status":"publish","type":"post","link":"https:\/\/noticiasribeiraopreto.com.br\/index.php\/2023\/12\/21\/conselho-de-fonoaudiologia-anuncia-ultimo-dia-de-inscricao-para-concurso-com-80-vagas\/","title":{"rendered":"Conselho de Fonoaudiologia anuncia \u00faltimo dia de inscri\u00e7\u00e3o para concurso com 80 vagas"},"content":{"rendered":"<div class='code-block code-block-1' style='margin: 8px 0 8px auto; text-align: right; display: block; clear: both;'>\n<p><a href=\"https:\/\/wa.link\/vpicfd\"><img data-recalc-dims=\"1\" class=\"wp-image-4922\" style=\"aspect-ratio: 2.0253164556962027; width: 561px; height: auto;\" src=\"https:\/\/i0.wp.com\/ismaelcolosi.com.br\/wp-content\/uploads\/2023\/11\/grupo-de-empregos-whatsapp-e-facebook-ismael-colosi-vagas.jpg?ssl=1\" alt=\"\" \/><\/a><\/p>\n<!-- \/wp:image -->\n<\/div>\n<p> <br \/>\n<\/p>\n<div>\n<h2><strong>Confira os cargos deste concurso<\/strong><\/h2>\n<p>As vagas do concurso s\u00e3o imediatas e forma\u00e7\u00e3o de cadastro reserva. Ao todo s\u00e3o 80 vagas e grandes chances de mudar de vida.<\/p>\n<p>Ficou interessado? Confira e inscreva-se!<\/p>\n<h2><strong> Concurso do CFFa\u00a0<\/strong><\/h2>\n<p>Chegou o \u00faltimo dia para participar do aguardado concurso do CFFa (Conselho Federal de Fonoaudiologia), que disponibiliza 80 vagas para a carreira de analista superior \u2013 fonoaudi\u00f3logo. Desse total, uma vaga \u00e9 destinada \u00e0 contrata\u00e7\u00e3o imediata, enquanto as outras 79 comp\u00f5em o cadastro reserva.<\/p>\n<h3><strong>Requisitos e Remunera\u00e7\u00e3o Atrativa<\/strong><\/h3>\n<p>Os interessados devem possuir diploma registrado de conclus\u00e3o de curso de gradua\u00e7\u00e3o em fonoaudiologia, al\u00e9m de registro ativo e adimplente no Conselho Regional de Fonoaudiologia (Crefono). A remunera\u00e7\u00e3o para a carreira \u00e9 de R$ 5.102,97, em uma carga hor\u00e1ria semanal de 30 horas.<\/p>\n<h2><strong>Benef\u00edcios Valorizados pelo concurso\u00a0<\/strong><\/h2>\n<p>O Conselho Federal de Fonoaudiologia demonstra seu apre\u00e7o pelos colaboradores, oferecendo benef\u00edcios que incluem vale-refei\u00e7\u00e3o de R$ 396 por m\u00eas, vale-alimenta\u00e7\u00e3o de R$ 1.034 por m\u00eas, plano de sa\u00fade (m\u00e9dico, hospitalar e odontol\u00f3gico) totalmente subsidiado para o funcion\u00e1rio e 50% subsidiado para dependentes, plano de cargos e sal\u00e1rios, e vale-transporte.<\/p>\n<div class=\"bs-irp left bs-irp-thumbnail-1\">\n<p>&#13;<br \/><span class=\"h-text heading-typo\">Voc\u00ea tamb\u00e9m pode gostar:<\/span>&#13; <\/p>\n<\/p><\/div>\n<p><strong>Etapas do Concurso e Avalia\u00e7\u00f5es<\/strong><\/p>\n<p>O processo seletivo do CFFa compreende duas fases:<\/p>\n<ul>\n<li><strong>Prova Objetiva:<\/strong> Com 60 quest\u00f5es de m\u00faltipla escolha, abrangendo l\u00edngua portuguesa, no\u00e7\u00f5es de inform\u00e1tica, legisla\u00e7\u00e3o do CFFa, \u00e9tica no servi\u00e7o p\u00fablico e conhecimentos espec\u00edficos.<\/li>\n<li><strong>Prova de T\u00edtulos:<\/strong> Com car\u00e1ter classificat\u00f3rio, essa etapa avaliar\u00e1 os t\u00edtulos apresentados pelos candidatos.<\/li>\n<\/ul>\n<h2><strong>Data da Prova Objetiva e Local do concurso\u00a0<\/strong><\/h2>\n<p>A prova objetiva est\u00e1 agendada para 18 de fevereiro de 2024, a ser realizada em Bras\u00edlia\/DF.<\/p>\n<p>Este concurso \u00e9 uma oportunidade imperd\u00edvel para fonoaudi\u00f3logos que desejam integrar uma institui\u00e7\u00e3o de renome, valorizando n\u00e3o apenas a expertise t\u00e9cnica, mas tamb\u00e9m o bem-estar de seus profissionais. Aqueles que atendem aos requisitos t\u00eam a chance de iniciar ou consolidar uma carreira promissora no CFFa.<\/p>\n<figure id=\"attachment_781262\" aria-describedby=\"caption-attachment-781262\" style=\"width: 1280px\" class=\"wp-caption aligncenter\"><img data-recalc-dims=\"1\" fetchpriority=\"high\" decoding=\"async\" class=\"wp-image-781262 size-full\" http=\"\" alt=\"Conselho de Fonoaudiologia anuncia \u00faltimo dia de inscri\u00e7\u00e3o para concurso com 80 vagas\" width=\"1280\" height=\"853\" srcset=\"https:\/\/noticiasconcursos.com.br\/wp-content\/uploads\/2023\/12\/noticiasconcursos.com.br-conselho-de-fonoaudiologia-anuncia-ultimo-dia-de-inscricao-para-concurso-com-80-vagas-home-office-1207834-1280.jpg 1280w, https:\/\/noticiasconcursos.com.br\/wp-content\/uploads\/2023\/12\/noticiasconcursos.com.br-conselho-de-fonoaudiologia-anuncia-ultimo-dia-de-inscricao-para-concurso-com-80-vagas-home-office-1207834-1280-300x200.jpg 300w, https:\/\/noticiasconcursos.com.br\/wp-content\/uploads\/2023\/12\/noticiasconcursos.com.br-conselho-de-fonoaudiologia-anuncia-ultimo-dia-de-inscricao-para-concurso-com-80-vagas-home-office-1207834-1280-1200x800.jpg 1200w, https:\/\/noticiasconcursos.com.br\/wp-content\/uploads\/2023\/12\/noticiasconcursos.com.br-conselho-de-fonoaudiologia-anuncia-ultimo-dia-de-inscricao-para-concurso-com-80-vagas-home-office-1207834-1280-768x512.jpg 768w\" data-lazy-sizes=\"(max-width: 1280px) 100vw, 1280px\" src=\"https:\/\/i0.wp.com\/noticiasconcursos.com.br\/wp-content\/uploads\/2023\/12\/noticiasconcursos.com.br-conselho-de-fonoaudiologia-anuncia-ultimo-dia-de-inscricao-para-concurso-com-80-vagas-home-office-1207834-1280.jpg?resize=1280%2C853&#038;ssl=1\"\/><noscript><img data-recalc-dims=\"1\" fetchpriority=\"high\" decoding=\"async\" class=\"wp-image-781262 size-full\" src=\"https:\/\/i0.wp.com\/noticiasconcursos.com.br\/wp-content\/uploads\/2023\/12\/noticiasconcursos.com.br-conselho-de-fonoaudiologia-anuncia-ultimo-dia-de-inscricao-para-concurso-com-80-vagas-home-office-1207834-1280.jpg?resize=1280%2C853&#038;ssl=1\" alt=\"Conselho de Fonoaudiologia anuncia \u00faltimo dia de inscri\u00e7\u00e3o para concurso com 80 vagas\" width=\"1280\" height=\"853\" srcset=\"https:\/\/noticiasconcursos.com.br\/wp-content\/uploads\/2023\/12\/noticiasconcursos.com.br-conselho-de-fonoaudiologia-anuncia-ultimo-dia-de-inscricao-para-concurso-com-80-vagas-home-office-1207834-1280.jpg 1280w, https:\/\/noticiasconcursos.com.br\/wp-content\/uploads\/2023\/12\/noticiasconcursos.com.br-conselho-de-fonoaudiologia-anuncia-ultimo-dia-de-inscricao-para-concurso-com-80-vagas-home-office-1207834-1280-300x200.jpg 300w, https:\/\/noticiasconcursos.com.br\/wp-content\/uploads\/2023\/12\/noticiasconcursos.com.br-conselho-de-fonoaudiologia-anuncia-ultimo-dia-de-inscricao-para-concurso-com-80-vagas-home-office-1207834-1280-1200x800.jpg 1200w, https:\/\/noticiasconcursos.com.br\/wp-content\/uploads\/2023\/12\/noticiasconcursos.com.br-conselho-de-fonoaudiologia-anuncia-ultimo-dia-de-inscricao-para-concurso-com-80-vagas-home-office-1207834-1280-768x512.jpg 768w\" sizes=\"(max-width: 1280px) 100vw, 1280px\"\/><\/noscript><figcaption id=\"caption-attachment-781262\" class=\"wp-caption-text\">Conselho de Fonoaudiologia anuncia \u00faltimo dia de inscri\u00e7\u00e3o para concurso com 80 vagas. Imagem: Reprodu\u00e7\u00e3o<\/figcaption><\/figure>\n<h2><strong>Como se inscrever neste concurso\u00a0<\/strong><\/h2>\n<p>Os interessados poder\u00e3o se inscrever no site do Instituto de Desenvolvimento Institucional Brasileiro \u2013 IDIB (<a href=\"https:\/\/www.idib.org.br\/Concurso.aspx?ID=271\" target=\"_blank\" rel=\"noopener\">www.idib.org.br<\/a>), banca organizadora<\/p>\n<h2><strong>Sobre o cargo<\/strong><\/h2>\n<p>O papel espec\u00edfico de um Analista Superior pode variar amplamente dependendo da \u00e1rea de atua\u00e7\u00e3o e do setor. Em geral, esses profissionais s\u00e3o respons\u00e1veis por desempenhar fun\u00e7\u00f5es que requerem conhecimento especializado, habilidades anal\u00edticas e capacidade de tomar decis\u00f5es complexas. Al\u00e9m disso, podem ser envolvidos em atividades como pesquisa, planejamento, gest\u00e3o, elabora\u00e7\u00e3o de relat\u00f3rios, an\u00e1lise de dados, entre outras.<\/p>\n<p>Por exemplo, em \u00f3rg\u00e3os governamentais, um Analista Superior pode trabalhar em diversas \u00e1reas, como administra\u00e7\u00e3o, finan\u00e7as, recursos humanos, tecnologia da informa\u00e7\u00e3o, planejamento estrat\u00e9gico, entre outras. Em empresas privadas, o termo pode ser utilizado de maneira semelhante, indicando uma posi\u00e7\u00e3o que requer forma\u00e7\u00e3o superior e expertise na \u00e1rea de atua\u00e7\u00e3o da empresa.<\/p>\n<p>Para entender as responsabilidades espec\u00edficas de um Analista Superior, \u00e9 necess\u00e1rio analisar a descri\u00e7\u00e3o do cargo presente nos documentos oficiais do \u00f3rg\u00e3o ou empresa que est\u00e1 realizando a contrata\u00e7\u00e3o.<\/p>\n<h2><strong>Detalhes do \u00f3rg\u00e3o<\/strong><\/h2>\n<p>A fun\u00e7\u00e3o do CFFa \u00e9 zelar pela qualidade dos servi\u00e7os prestados pelos profissionais de fonoaudiologia, assegurando que esses servi\u00e7os atendam aos padr\u00f5es \u00e9ticos e t\u00e9cnicos estabelecidos pela legisla\u00e7\u00e3o.<\/p>\n<p>As principais fun\u00e7\u00f5es do CFFa incluem:<\/p>\n<ul>\n<li><strong>Regulamenta\u00e7\u00e3o da Profiss\u00e3o:<\/strong> Estabelecer normas e diretrizes para o exerc\u00edcio da profiss\u00e3o de fonoaudi\u00f3logo, definindo as compet\u00eancias e atribui\u00e7\u00f5es dessa categoria profissional.<\/li>\n<li><strong>Registro Profissional:<\/strong> Emitir e fiscalizar o registro profissional dos fonoaudi\u00f3logos, garantindo que apenas aqueles que atendem aos requisitos legais possam exercer a profiss\u00e3o.<\/li>\n<li><strong>\u00c9tica Profissional:<\/strong> Elaborar e fazer cumprir o C\u00f3digo de \u00c9tica da Fonoaudiologia, estabelecendo princ\u00edpios e normas \u00e9ticas que os profissionais devem seguir em sua pr\u00e1tica.<\/li>\n<li><strong>Fiscaliza\u00e7\u00e3o:<\/strong> Fiscalizar o exerc\u00edcio da profiss\u00e3o, verificando se os profissionais cumprem as normas estabelecidas e garantindo a qualidade dos servi\u00e7os prestados \u00e0 popula\u00e7\u00e3o.<\/li>\n<li><strong>Normatiza\u00e7\u00e3o de Procedimentos:<\/strong> Estabelecer diretrizes e normas t\u00e9cnicas para a realiza\u00e7\u00e3o de procedimentos fonoaudiol\u00f3gicos, visando a uniformiza\u00e7\u00e3o e qualidade nos servi\u00e7os oferecidos.<\/li>\n<li><strong>Atualiza\u00e7\u00e3o Profissional:<\/strong> Promover a atualiza\u00e7\u00e3o e aperfei\u00e7oamento cont\u00ednuo dos profissionais de fonoaudiologia, oferecendo eventos, cursos e informa\u00e7\u00f5es relevantes para a pr\u00e1tica profissional.<\/li>\n<\/ul>\n<p> <noscript><iframe loading=\"lazy\" title=\"Conhe\u00e7a os principais requisitos para ingresso no servi\u00e7o p\u00fablico!\" width=\"500\" height=\"281\" src=\"https:\/\/www.youtube.com\/embed\/SkAYwHIBoVk?feature=oembed\" frameborder=\"0\" allow=\"accelerometer; autoplay; clipboard-write; encrypted-media; gyroscope; picture-in-picture; web-share\" referrerpolicy=\"strict-origin-when-cross-origin\" allowfullscreen><\/iframe><\/noscript> <\/p>\n<\/div>\n<p><br \/>\n<br \/><a href=\"https:\/\/ismaelcolosi.com.br\/conselho-de-fonoaudiologia-anuncia-ultimo-dia-de-inscricao-para-concurso-com-80-vagas\/\">Source link <\/a><\/p>\n<!-- CONTENT END 1 -->\n","protected":false},"excerpt":{"rendered":"<p>Confira os cargos deste concurso As vagas do concurso s\u00e3o imediatas e forma\u00e7\u00e3o de cadastro reserva. Ao todo s\u00e3o 80 vagas e grandes chances de&#8230;<\/p>\n","protected":false},"author":1,"featured_media":18784,"comment_status":"open","ping_status":"open","sticky":false,"template":"","format":"standard","meta":{"advanced_seo_description":"","jetpack_seo_html_title":"","jetpack_seo_noindex":false,"jetpack_post_was_ever_published":false,"_jetpack_newsletter_access":"","_jetpack_dont_email_post_to_subs":false,"_jetpack_newsletter_tier_id":0,"_jetpack_memberships_contains_paywalled_content":false,"_jetpack_memberships_contains_paid_content":false,"footnotes":"","jetpack_publicize_message":"","jetpack_publicize_feature_enabled":true,"jetpack_social_post_already_shared":true,"jetpack_social_options":{"image_generator_settings":{"template":"highway","default_image_id":0,"font":"","enabled":false},"version":2}},"categories":[7],"tags":[],"class_list":["post-18783","post","type-post","status-publish","format-standard","has-post-thumbnail","hentry","category-vagas-de-empregos-em-ribeirao-preto-regiao-brasil"],"jetpack_publicize_connections":[],"jetpack_featured_media_url":"https:\/\/i0.wp.com\/noticiasribeiraopreto.com.br\/wp-content\/uploads\/2023\/12\/noticiasconcursos.com_.br-conselho-de-fonoaudiologia-anuncia-ultimo-dia-de-inscricao-para-concurso-com-80-vagas-home-office-1207834-1280.jpg?fit=1280%2C853&ssl=1","jetpack-related-posts":[{"id":16695,"url":"https:\/\/noticiasribeiraopreto.com.br\/index.php\/2023\/12\/16\/conselho-regional-de-quimica-da-12a-regiao-abre-concurso-com-325-vagas\/","url_meta":{"origin":18783,"position":0},"title":"Conselho Regional de Qu\u00edmica da 12\u00aa Regi\u00e3o abre concurso com 325 vagas","author":"noticiasribeiraopreto.com.br","date":"16 de December de 2023","format":false,"excerpt":"Cr\u00e9ditos: IStockConcurso P\u00fablico Conselho Regional de Qu\u00edmica O Conselho Regional de Qu\u00edmica da 12\u00aa Regi\u00e3o, respons\u00e1vel pela gest\u00e3o nos estados de Goi\u00e1s, Tocantins e Distrito Federal, lan\u00e7a edital n\u00ba 1\/2023 para preenchimento de seu quadro de pessoal atrav\u00e9s de concurso p\u00fablico. Com um total de 325 vagas, entre imediatas e\u2026","rel":"","context":"In &quot;Variedades&quot;","block_context":{"text":"Variedades","link":"https:\/\/noticiasribeiraopreto.com.br\/index.php\/category\/variedades\/"},"img":{"alt_text":"","src":"https:\/\/i0.wp.com\/noticiasribeiraopreto.com.br\/wp-content\/uploads\/2023\/12\/istock-478002684.jpg?fit=1200%2C638&ssl=1&resize=350%2C200","width":350,"height":200,"srcset":"https:\/\/i0.wp.com\/noticiasribeiraopreto.com.br\/wp-content\/uploads\/2023\/12\/istock-478002684.jpg?fit=1200%2C638&ssl=1&resize=350%2C200 1x, https:\/\/i0.wp.com\/noticiasribeiraopreto.com.br\/wp-content\/uploads\/2023\/12\/istock-478002684.jpg?fit=1200%2C638&ssl=1&resize=525%2C300 1.5x, https:\/\/i0.wp.com\/noticiasribeiraopreto.com.br\/wp-content\/uploads\/2023\/12\/istock-478002684.jpg?fit=1200%2C638&ssl=1&resize=700%2C400 2x, https:\/\/i0.wp.com\/noticiasribeiraopreto.com.br\/wp-content\/uploads\/2023\/12\/istock-478002684.jpg?fit=1200%2C638&ssl=1&resize=1050%2C600 3x"},"classes":[]},{"id":19637,"url":"https:\/\/noticiasribeiraopreto.com.br\/index.php\/2023\/12\/22\/inmetro-anuncia-edital-de-concurso-publico-com-860-vagas-para-profissionais-de-nivel-superior\/","url_meta":{"origin":18783,"position":1},"title":"INMETRO anuncia edital de concurso p\u00fablico com 860 vagas para profissionais de n\u00edvel superior","author":"noticiasribeiraopreto.com.br","date":"22 de December de 2023","format":false,"excerpt":"Cr\u00e9ditos: IStockConcurso p\u00fablico INMETRO O aguardado edital de n\u00ba 1\/2023 para concurso p\u00fablico do Instituto Nacional de Metrologia, Qualidade e Tecnologia (INMETRO) foi finalmente divulgado, abrindo caminho para o preenchimento de 860 vagas voltadas a profissionais com forma\u00e7\u00e3o de n\u00edvel superior. Desse total, 100 oportunidades est\u00e3o imediatamente dispon\u00edveis, enquanto 760\u2026","rel":"","context":"In &quot;Variedades&quot;","block_context":{"text":"Variedades","link":"https:\/\/noticiasribeiraopreto.com.br\/index.php\/category\/variedades\/"},"img":{"alt_text":"","src":"https:\/\/i0.wp.com\/noticiasribeiraopreto.com.br\/wp-content\/uploads\/2023\/12\/istock-1455111368.jpg?fit=1200%2C638&ssl=1&resize=350%2C200","width":350,"height":200,"srcset":"https:\/\/i0.wp.com\/noticiasribeiraopreto.com.br\/wp-content\/uploads\/2023\/12\/istock-1455111368.jpg?fit=1200%2C638&ssl=1&resize=350%2C200 1x, https:\/\/i0.wp.com\/noticiasribeiraopreto.com.br\/wp-content\/uploads\/2023\/12\/istock-1455111368.jpg?fit=1200%2C638&ssl=1&resize=525%2C300 1.5x, https:\/\/i0.wp.com\/noticiasribeiraopreto.com.br\/wp-content\/uploads\/2023\/12\/istock-1455111368.jpg?fit=1200%2C638&ssl=1&resize=700%2C400 2x, https:\/\/i0.wp.com\/noticiasribeiraopreto.com.br\/wp-content\/uploads\/2023\/12\/istock-1455111368.jpg?fit=1200%2C638&ssl=1&resize=1050%2C600 3x"},"classes":[]},{"id":22136,"url":"https:\/\/noticiasribeiraopreto.com.br\/index.php\/2023\/12\/29\/concurso-crbio-3-rs-deve-ocorrer-em-breve-para-cargos-de-niveis-medio-e-superior\/","url_meta":{"origin":18783,"position":2},"title":"Concurso CRBio 3 RS deve ocorrer em breve para cargos de n\u00edveis m\u00e9dio e superior","author":"noticiasribeiraopreto.com.br","date":"29 de December de 2023","format":false,"excerpt":"Um novo concurso CRBio 3 RS (Conselho Regional de Biologia da 3 Regi\u00e3o), no Rio Grande do Sul, deve ser realizado em breve. O primeiro passo ocorreu nesta sexta-feira, 29 de dezembro, com a publica\u00e7\u00e3o, no di\u00e1rio oficial da Uni\u00e3o, do aviso de licita\u00e7\u00e3o para a escolha da banca organizadora,\u2026","rel":"","context":"In &quot;Vagas de Emprego em Ribeir\u00e3o Preto-SP&quot;","block_context":{"text":"Vagas de Emprego em Ribeir\u00e3o Preto-SP","link":"https:\/\/noticiasribeiraopreto.com.br\/index.php\/category\/empregos-classificados-vagas-trabalho\/vagas-de-empregos-em-ribeirao-preto-regiao-brasil\/"},"img":{"alt_text":"","src":"https:\/\/i0.wp.com\/noticiasribeiraopreto.com.br\/wp-content\/uploads\/2023\/12\/crbio3.jpg?fit=1012%2C618&ssl=1&resize=350%2C200","width":350,"height":200,"srcset":"https:\/\/i0.wp.com\/noticiasribeiraopreto.com.br\/wp-content\/uploads\/2023\/12\/crbio3.jpg?fit=1012%2C618&ssl=1&resize=350%2C200 1x, https:\/\/i0.wp.com\/noticiasribeiraopreto.com.br\/wp-content\/uploads\/2023\/12\/crbio3.jpg?fit=1012%2C618&ssl=1&resize=525%2C300 1.5x, https:\/\/i0.wp.com\/noticiasribeiraopreto.com.br\/wp-content\/uploads\/2023\/12\/crbio3.jpg?fit=1012%2C618&ssl=1&resize=700%2C400 2x"},"classes":[]},{"id":19790,"url":"https:\/\/noticiasribeiraopreto.com.br\/index.php\/2023\/12\/23\/inmetro-lanca-edital-de-concurso-com-860-vagas-para-nivel-superior\/","url_meta":{"origin":18783,"position":3},"title":"INMETRO lan\u00e7a edital de concurso com 860 vagas para n\u00edvel superior","author":"noticiasribeiraopreto.com.br","date":"23 de December de 2023","format":false,"excerpt":"Cr\u00e9ditos: IStockConcurso p\u00fablico INMETROO Instituto Nacional de Metrologia, Qualidade e Tecnologia (INMETRO) revelou o aguardado edital de n\u00ba 1\/2023 para seu concurso p\u00fablico, visando o preenchimento de 860 vagas para profissionais de n\u00edvel superior. Deste total, 100 s\u00e3o oportunidades imediatas, enquanto 760 s\u00e3o destinadas \u00e0 forma\u00e7\u00e3o de cadastro reserva (CR).No\u2026","rel":"","context":"In &quot;Variedades&quot;","block_context":{"text":"Variedades","link":"https:\/\/noticiasribeiraopreto.com.br\/index.php\/category\/variedades\/"},"img":{"alt_text":"","src":"https:\/\/i0.wp.com\/noticiasribeiraopreto.com.br\/wp-content\/uploads\/2023\/12\/istock-535847793-1.jpg?fit=1200%2C638&ssl=1&resize=350%2C200","width":350,"height":200,"srcset":"https:\/\/i0.wp.com\/noticiasribeiraopreto.com.br\/wp-content\/uploads\/2023\/12\/istock-535847793-1.jpg?fit=1200%2C638&ssl=1&resize=350%2C200 1x, https:\/\/i0.wp.com\/noticiasribeiraopreto.com.br\/wp-content\/uploads\/2023\/12\/istock-535847793-1.jpg?fit=1200%2C638&ssl=1&resize=525%2C300 1.5x, https:\/\/i0.wp.com\/noticiasribeiraopreto.com.br\/wp-content\/uploads\/2023\/12\/istock-535847793-1.jpg?fit=1200%2C638&ssl=1&resize=700%2C400 2x, https:\/\/i0.wp.com\/noticiasribeiraopreto.com.br\/wp-content\/uploads\/2023\/12\/istock-535847793-1.jpg?fit=1200%2C638&ssl=1&resize=1050%2C600 3x"},"classes":[]},{"id":16014,"url":"https:\/\/noticiasribeiraopreto.com.br\/index.php\/2023\/12\/14\/concurso-publico-inmetro-tem-edital-com-860-vagas\/","url_meta":{"origin":18783,"position":4},"title":"Concurso p\u00fablico INMETRO tem edital com 860 vagas","author":"noticiasribeiraopreto.com.br","date":"14 de December de 2023","format":false,"excerpt":"Cr\u00e9ditos: IStockConcurso P\u00fablico INMETROO Instituto Nacional de Metrologia (INMETRO)\u00a0anuncia edital de n\u00ba 1\/2023 de concurso p\u00fablico,\u00a0para contrata\u00e7\u00e3o de novos servidores efetivos de n\u00edvel superior. O documento informa que est\u00e3o abertas\u00a0860 oportunidades, das quais 100 s\u00e3o vagas imediatas e as outras 760 s\u00e3o para forma\u00e7\u00e3o de cadastro reserva (CR).A remunera\u00e7\u00e3o prevista\u2026","rel":"","context":"In &quot;Variedades&quot;","block_context":{"text":"Variedades","link":"https:\/\/noticiasribeiraopreto.com.br\/index.php\/category\/variedades\/"},"img":{"alt_text":"","src":"https:\/\/i0.wp.com\/noticiasribeiraopreto.com.br\/wp-content\/uploads\/2023\/12\/istock-1091216916.jpg?fit=1200%2C638&ssl=1&resize=350%2C200","width":350,"height":200,"srcset":"https:\/\/i0.wp.com\/noticiasribeiraopreto.com.br\/wp-content\/uploads\/2023\/12\/istock-1091216916.jpg?fit=1200%2C638&ssl=1&resize=350%2C200 1x, https:\/\/i0.wp.com\/noticiasribeiraopreto.com.br\/wp-content\/uploads\/2023\/12\/istock-1091216916.jpg?fit=1200%2C638&ssl=1&resize=525%2C300 1.5x, https:\/\/i0.wp.com\/noticiasribeiraopreto.com.br\/wp-content\/uploads\/2023\/12\/istock-1091216916.jpg?fit=1200%2C638&ssl=1&resize=700%2C400 2x, https:\/\/i0.wp.com\/noticiasribeiraopreto.com.br\/wp-content\/uploads\/2023\/12\/istock-1091216916.jpg?fit=1200%2C638&ssl=1&resize=1050%2C600 3x"},"classes":[]},{"id":77221,"url":"https:\/\/noticiasribeiraopreto.com.br\/index.php\/2025\/09\/14\/cra-sp-abre-inscricoes-para-concurso-publico-com-mais-de-700-vagas\/","url_meta":{"origin":18783,"position":5},"title":"CRA-SP abre inscri\u00e7\u00f5es para concurso p\u00fablico com mais de 700 vagas","author":"noticiasribeiraopreto.com.br","date":"14 de September de 2025","format":false,"excerpt":"O CRA-SP (Conselho Regional de Administra\u00e7\u00e3o de S\u00e3o Paulo) abriu as inscri\u00e7\u00f5es de concurso p\u00fablico com 730 vagas, sendo 15 para contrata\u00e7\u00e3o imediata \u2013 as outras s\u00e3o para o cadastro de reserva. Os sal\u00e1rios variam entre R$ 1.622 e R$ 5.968. As inscri\u00e7\u00f5es devem ser realizadas pela internet (clique aqui)\u2026","rel":"","context":"In &quot;Not\u00edcias de Ribeir\u00e3o Preto-SP e Regi\u00e3o&quot;","block_context":{"text":"Not\u00edcias de Ribeir\u00e3o Preto-SP e Regi\u00e3o","link":"https:\/\/noticiasribeiraopreto.com.br\/index.php\/category\/noticias-de-ribeirao-preto-sp-e-regiao-ismael-colosi\/"},"img":{"alt_text":"","src":"https:\/\/i0.wp.com\/noticiasribeiraopreto.com.br\/wp-content\/uploads\/2025\/07\/concurso_2025-01-07_18-14-44_jpg_2025-01-07_18-14-45.webp.webp?fit=1200%2C800&ssl=1&resize=350%2C200","width":350,"height":200,"srcset":"https:\/\/i0.wp.com\/noticiasribeiraopreto.com.br\/wp-content\/uploads\/2025\/07\/concurso_2025-01-07_18-14-44_jpg_2025-01-07_18-14-45.webp.webp?fit=1200%2C800&ssl=1&resize=350%2C200 1x, https:\/\/i0.wp.com\/noticiasribeiraopreto.com.br\/wp-content\/uploads\/2025\/07\/concurso_2025-01-07_18-14-44_jpg_2025-01-07_18-14-45.webp.webp?fit=1200%2C800&ssl=1&resize=525%2C300 1.5x, https:\/\/i0.wp.com\/noticiasribeiraopreto.com.br\/wp-content\/uploads\/2025\/07\/concurso_2025-01-07_18-14-44_jpg_2025-01-07_18-14-45.webp.webp?fit=1200%2C800&ssl=1&resize=700%2C400 2x, https:\/\/i0.wp.com\/noticiasribeiraopreto.com.br\/wp-content\/uploads\/2025\/07\/concurso_2025-01-07_18-14-44_jpg_2025-01-07_18-14-45.webp.webp?fit=1200%2C800&ssl=1&resize=1050%2C600 3x"},"classes":[]}],"jetpack_sharing_enabled":true,"jetpack_shortlink":"https:\/\/wp.me\/peQAOb-4SX","_links":{"self":[{"href":"https:\/\/noticiasribeiraopreto.com.br\/index.php\/wp-json\/wp\/v2\/posts\/18783","targetHints":{"allow":["GET"]}}],"collection":[{"href":"https:\/\/noticiasribeiraopreto.com.br\/index.php\/wp-json\/wp\/v2\/posts"}],"about":[{"href":"https:\/\/noticiasribeiraopreto.com.br\/index.php\/wp-json\/wp\/v2\/types\/post"}],"author":[{"embeddable":true,"href":"https:\/\/noticiasribeiraopreto.com.br\/index.php\/wp-json\/wp\/v2\/users\/1"}],"replies":[{"embeddable":true,"href":"https:\/\/noticiasribeiraopreto.com.br\/index.php\/wp-json\/wp\/v2\/comments?post=18783"}],"version-history":[{"count":0,"href":"https:\/\/noticiasribeiraopreto.com.br\/index.php\/wp-json\/wp\/v2\/posts\/18783\/revisions"}],"wp:featuredmedia":[{"embeddable":true,"href":"https:\/\/noticiasribeiraopreto.com.br\/index.php\/wp-json\/wp\/v2\/media\/18784"}],"wp:attachment":[{"href":"https:\/\/noticiasribeiraopreto.com.br\/index.php\/wp-json\/wp\/v2\/media?parent=18783"}],"wp:term":[{"taxonomy":"category","embeddable":true,"href":"https:\/\/noticiasribeiraopreto.com.br\/index.php\/wp-json\/wp\/v2\/categories?post=18783"},{"taxonomy":"post_tag","embeddable":true,"href":"https:\/\/noticiasribeiraopreto.com.br\/index.php\/wp-json\/wp\/v2\/tags?post=18783"}],"curies":[{"name":"wp","href":"https:\/\/api.w.org\/{rel}","templated":true}]}}