{"id":18787,"date":"2023-12-21T01:42:50","date_gmt":"2023-12-21T04:42:50","guid":{"rendered":"https:\/\/noticiasribeiraopreto.com.br\/index.php\/2023\/12\/21\/saque-do-fgts-mudando-em-2024\/"},"modified":"2023-12-21T01:42:50","modified_gmt":"2023-12-21T04:42:50","slug":"saque-do-fgts-mudando-em-2024","status":"publish","type":"post","link":"https:\/\/noticiasribeiraopreto.com.br\/index.php\/2023\/12\/21\/saque-do-fgts-mudando-em-2024\/","title":{"rendered":"Saque do FGTS MUDANDO em 2024?"},"content":{"rendered":"<div class='code-block code-block-1' style='margin: 8px 0 8px auto; text-align: right; display: block; clear: both;'>\n<p><a href=\"https:\/\/wa.link\/vpicfd\"><img data-recalc-dims=\"1\" class=\"wp-image-4922\" style=\"aspect-ratio: 2.0253164556962027; width: 561px; height: auto;\" src=\"https:\/\/i0.wp.com\/ismaelcolosi.com.br\/wp-content\/uploads\/2023\/11\/grupo-de-empregos-whatsapp-e-facebook-ismael-colosi-vagas.jpg?ssl=1\" alt=\"\" \/><\/a><\/p>\n<!-- \/wp:image -->\n<\/div>\n<p> <br \/>\n<\/p>\n<div>\n<p>O titular da pasta laboral, Luiz Marinho, divulgou que a iniciativa de revisar as normas do <strong>saque do FGTS<\/strong>, mais especificamente do saque-anivers\u00e1rio, ser\u00e1 submetida ao Parlamento no come\u00e7o do ano subsequente. Atualmente, as diretrizes permanecem inalteradas. Assim, os empregados podem optar por retirar uma por\u00e7\u00e3o do montante do Fundo de Garantia uma vez ao ano, no m\u00eas correlato ao seu nascimento.<\/p>\n<p>As altera\u00e7\u00f5es em considera\u00e7\u00e3o possuem a capacidade de influenciar de modo direto os colaboradores. Isso porque, possivelmente, ser\u00e1 autorizado o <strong>saque do FGTS<\/strong> restante na conta de forma integral em eventos de <strong><a href=\"https:\/\/noticiasconcursos.com.br\/brasileiros-pediram-e-foram-atendidos-caixa-economica-libera-mais-de-r-5-mil-para-cada-um-hoje-12-09\/\">dispensa injustificada<\/a><\/strong>.<\/p>\n<h2>Propostas novas para o saque do FGTS vinculado ao anivers\u00e1rio<\/h2>\n<p>No decorrer de um pronunciamento efetuado em novembro, Marinho ressaltou o empenho do executivo em salvaguardar o FGTS. Dessa forma, simultaneamente, se garante o direito de retirar a totalidade do fundo em cen\u00e1rios de demiss\u00e3o sem motiva\u00e7\u00e3o espec\u00edfica, embora n\u00e3o tenha detalhado os meios para tal.<\/p>\n<p>As normativas vigentes restringem o resgate completo da conta unicamente ao valor relacionado \u00e0 indeniza\u00e7\u00e3o por t\u00e9rmino de contrato em situa\u00e7\u00f5es de rescis\u00e3o.<\/p>\n<p>O projeto de Marinho introduz algumas altera\u00e7\u00f5es. Se validado, os empregados teriam a liberdade de abandonar a modalidade de saque-anivers\u00e1rio quando desejarem. Assim, poder\u00e3o extrair o saldo remanescente em circunst\u00e2ncias de t\u00e9rmino de contrato.<\/p>\n<p>Nesse sentido, n\u00e3o haver\u00e1 mais a obrigatoriedade de aguardar um intervalo de 24 meses, como \u00e9 o protocolo na situa\u00e7\u00e3o presente. Tal cen\u00e1rio poderia representar um i<strong><a href=\"https:\/\/noticiasconcursos.com.br\/voce-tem-alguma-conta-inativa-do-fgts-entao-precisa-saber-desta-noticia\/\">nfluxo econ\u00f4mico potencial de at\u00e9 R$ 14 bilh\u00f5es<\/a><\/strong>.<\/p>\n<figure id=\"attachment_763332\" aria-describedby=\"caption-attachment-763332\" style=\"width: 1200px\" class=\"wp-caption aligncenter\"><img data-recalc-dims=\"1\" fetchpriority=\"high\" decoding=\"async\" class=\"size-full wp-image-763332\" http=\"\" alt=\"Saque do FGTS MUDANDO em 2024? Entenda o que ACONTECER\u00c1\" width=\"1200\" height=\"800\" srcset=\"https:\/\/noticiasconcursos.com.br\/wp-content\/uploads\/2023\/11\/noticiasconcursos.com.br-fgts-1.jpg 1200w, https:\/\/noticiasconcursos.com.br\/wp-content\/uploads\/2023\/11\/noticiasconcursos.com.br-fgts-1-300x200.jpg 300w, https:\/\/noticiasconcursos.com.br\/wp-content\/uploads\/2023\/11\/noticiasconcursos.com.br-fgts-1-768x512.jpg 768w\" data-lazy-sizes=\"(max-width: 1200px) 100vw, 1200px\" src=\"https:\/\/i0.wp.com\/noticiasconcursos.com.br\/wp-content\/uploads\/2023\/11\/noticiasconcursos.com.br-fgts-1.jpg?resize=1200%2C800&#038;ssl=1\"\/><noscript><img data-recalc-dims=\"1\" fetchpriority=\"high\" decoding=\"async\" class=\"size-full wp-image-763332\" src=\"https:\/\/i0.wp.com\/noticiasconcursos.com.br\/wp-content\/uploads\/2023\/11\/noticiasconcursos.com.br-fgts-1.jpg?resize=1200%2C800&#038;ssl=1\" alt=\"Saque do FGTS MUDANDO em 2024? Entenda o que ACONTECER\u00c1\" width=\"1200\" height=\"800\" srcset=\"https:\/\/noticiasconcursos.com.br\/wp-content\/uploads\/2023\/11\/noticiasconcursos.com.br-fgts-1.jpg 1200w, https:\/\/noticiasconcursos.com.br\/wp-content\/uploads\/2023\/11\/noticiasconcursos.com.br-fgts-1-300x200.jpg 300w, https:\/\/noticiasconcursos.com.br\/wp-content\/uploads\/2023\/11\/noticiasconcursos.com.br-fgts-1-768x512.jpg 768w\" sizes=\"(max-width: 1200px) 100vw, 1200px\"\/><\/noscript><figcaption id=\"caption-attachment-763332\" class=\"wp-caption-text\">Luiz Marinho pretende revisar as normas de retirada do Fundo de Garantia \u2013 Imagem: Shutterstock<\/figcaption><\/figure>\n<h3>Vers\u00e3o vigente do Saque-Anivers\u00e1rio<\/h3>\n<div class=\"bs-irp left bs-irp-thumbnail-1\">\n<p>&#13;<br \/><span class=\"h-text heading-typo\">Voc\u00ea tamb\u00e9m pode gostar:<\/span>&#13; <\/p>\n<\/p><\/div>\n<ul>\n<li>Anualmente, no per\u00edodo do anivers\u00e1rio, \u00e9 fact\u00edvel retirar uma fra\u00e7\u00e3o do saldo do FGTS, variando entre 5% e 50% do montante presente no fundo, acrescido de uma quantia suplementar, conforme o quadro estipulado;<\/li>\n<li>Em eventos de dispensa, o resgate fica restrito \u00e0 compensa\u00e7\u00e3o indenizat\u00f3ria, sem abarcar o valor integral da conta.<\/li>\n<\/ul>\n<h3>Esquema proposto por Marinho para saque do FGTS<\/h3>\n<ul>\n<li>Faculta o <strong><a href=\"https:\/\/noticiasconcursos.com.br\/brasileiros-pediram-e-foram-atendidos-caixa-economica-libera-mais-de-r-5-mil-para-cada-um-hoje-12-09\/\">desligamento da modalidade<\/a> <\/strong>de saque anual em qualquer instante;<\/li>\n<li>Autoriza a retirada completa em situa\u00e7\u00f5es de despedida, sem o aguardo do bi\u00eanio;<\/li>\n<li>A opera\u00e7\u00e3o retrospectiva tem o potencial de adicionar at\u00e9 R$ 14 bilh\u00f5es na atividade econ\u00f4mica.<\/li>\n<\/ul>\n<h3>Altera\u00e7\u00f5es nas normas<\/h3>\n<ul>\n<li>Possibilita a retirada integral do FGTS ao ser dispensado, mesmo se estiver na modalidade de saque-anivers\u00e1rio;<\/li>\n<li>Os que escolherem essa op\u00e7\u00e3o n\u00e3o ter\u00e3o a capacidade de voltar \u00e0 modalidade no futuro.<\/li>\n<\/ul>\n<h2>Adiantamento do saque do FGTS<\/h2>\n<p>Desde o ano de 2020, determinadas institui\u00e7\u00f5es financeiras disponibilizam empr\u00e9stimos denominados \u201cadiantamento do saque-anivers\u00e1rio\u201d. Isso possibilita que os empregados antecipem os valores previstos para os pr\u00f3ximos cinco anos como garantia de quita\u00e7\u00e3o do empr\u00e9stimo.<\/p>\n<p>Com a iniciativa governamental, em situa\u00e7\u00f5es de t\u00e9rmino de contrato, o colaborador poderia recuperar o saldo restante. No entanto, somente a discrep\u00e2ncia entre o total de presta\u00e7\u00f5es a serem liquidadas \u00e0 institui\u00e7\u00e3o banc\u00e1ria e o montante alocado no FGTS.<\/p>\n<h2>Estrutura do saque anual do FGTS<\/h2>\n<p>O montante anual resgat\u00e1vel nesta configura\u00e7\u00e3o \u00e9 estabelecido pela utiliza\u00e7\u00e3o de uma taxa, oscilando de 5% a 50% sobre o total dos saldos das contas do FGTS do trabalhador, somada a uma quantia extra.<\/p>\n<h3>Limites das categorias de saldo (em R$)<\/h3>\n<p>Taxa Adicional\u00a0\u00a0 \u00a0\u00a0\u00a0\u00a0\u00a0\u00a0\u00a0\u00a0\u00a0\u00a0\u00a0\u00a0\u00a0\u00a0\u00a0\u00a0\u00a0\u00a0\u00a0\u00a0\u00a0\u00a0\u00a0\u00a0\u00a0\u00a0\u00a0\u00a0\u00a0\u00a0\u00a0\u00a0\u00a0\u00a0\u00a0\u00a0\u00a0\u00a0\u00a0\u00a0\u00a0 Quantia Extra (em R$)<\/p>\n<p>At\u00e9 500,00 (50,0%)<\/p>\n<p>500,01 at\u00e9 1.000,00 (40,0%) \u00a0\u00a0\u00a0\u00a0\u00a0\u00a0\u00a0\u00a0\u00a0\u00a0\u00a0\u00a0\u00a0 50,00<\/p>\n<p>1.000,01 at\u00e9 5.000,00 (30,0%)\u00a0\u00a0\u00a0\u00a0\u00a0\u00a0\u00a0\u00a0\u00a0\u00a0\u00a0 150,00<\/p>\n<p>5.000,01 at\u00e9 10.000,00 (20,0%)\u00a0\u00a0\u00a0\u00a0\u00a0\u00a0\u00a0\u00a0 650,00<\/p>\n<p>10.000,01 at\u00e9 15.000,00 (15,0%)\u00a0\u00a0\u00a0\u00a0\u00a0\u00a0 1150,00<\/p>\n<p>15.000,01 at\u00e9 20.000,00 (10,0%)\u00a0\u00a0\u00a0\u00a0\u00a0\u00a0 1.900,00<\/p>\n<p>Acima de 20.000,01 (5,0%)\u00a0\u00a0\u00a0\u00a0\u00a0\u00a0\u00a0\u00a0 \u00a0\u00a0\u00a0\u00a0\u00a0\u00a0\u00a0\u00a0\u00a0\u00a0\u00a0\u00a0\u00a0\u00a0 2.900,00<\/p>\n<h2>Demiss\u00e3o: quais s\u00e3o os efeitos sobre a indeniza\u00e7\u00e3o contratual?<\/h2>\n<ul>\n<li>Colaborador com Saque-Anivers\u00e1rio do FGTS: ter\u00e1 a possibilidade de resgatar apenas a quantia relativa \u00e0 compensa\u00e7\u00e3o indenizat\u00f3ria. O saldo restante no Fundo de Garantia ter\u00e1 condi\u00e7\u00f5es de resgate em futuros saques-anivers\u00e1rios;<\/li>\n<li>Empregado com <strong><a href=\"https:\/\/noticiasconcursos.com.br\/direitos-trabalhador\/fgts\/\">Saque-Rescis\u00e3o<\/a><\/strong> do FGTS: quando despedido sem justa causa, tem a prerrogativa de retirar a totalidade da conta do FGTS, incorporando a indeniza\u00e7\u00e3o, quando cab\u00edvel.<\/li>\n<\/ul>\n<p> <noscript><iframe loading=\"lazy\" title=\"PAGAMENTO ANTECIPADO: Caixa antecipa distribui\u00e7\u00e3o dos lucros do FGTS. Pagamentos j\u00e1 come\u00e7aram\" width=\"500\" height=\"281\" src=\"https:\/\/www.youtube.com\/embed\/g6eiEnrLadg?feature=oembed\" frameborder=\"0\" allow=\"accelerometer; autoplay; clipboard-write; encrypted-media; gyroscope; picture-in-picture; web-share\" referrerpolicy=\"strict-origin-when-cross-origin\" allowfullscreen><\/iframe><\/noscript> <\/p>\n<\/div>\n<p><br \/>\n<br \/><a href=\"https:\/\/ismaelcolosi.com.br\/saque-do-fgts-mudando-em-2024\/\">Source link <\/a><\/p>\n<!-- CONTENT END 1 -->\n","protected":false},"excerpt":{"rendered":"<p>O titular da pasta laboral, Luiz Marinho, divulgou que a iniciativa de revisar as normas do saque do FGTS, mais especificamente do saque-anivers\u00e1rio, ser\u00e1 submetida&#8230;<\/p>\n","protected":false},"author":1,"featured_media":18788,"comment_status":"open","ping_status":"open","sticky":false,"template":"","format":"standard","meta":{"advanced_seo_description":"","jetpack_seo_html_title":"","jetpack_seo_noindex":false,"jetpack_post_was_ever_published":false,"_jetpack_newsletter_access":"","_jetpack_dont_email_post_to_subs":false,"_jetpack_newsletter_tier_id":0,"_jetpack_memberships_contains_paywalled_content":false,"_jetpack_memberships_contains_paid_content":false,"footnotes":"","jetpack_publicize_message":"","jetpack_publicize_feature_enabled":true,"jetpack_social_post_already_shared":true,"jetpack_social_options":{"image_generator_settings":{"template":"highway","default_image_id":0,"font":"","enabled":false},"version":2}},"categories":[7],"tags":[],"class_list":["post-18787","post","type-post","status-publish","format-standard","has-post-thumbnail","hentry","category-vagas-de-empregos-em-ribeirao-preto-regiao-brasil"],"jetpack_publicize_connections":[],"jetpack_featured_media_url":"https:\/\/i0.wp.com\/noticiasribeiraopreto.com.br\/wp-content\/uploads\/2023\/12\/noticiasconcursos.com_.br-fgts-1.jpg?fit=1200%2C800&ssl=1","jetpack-related-posts":[{"id":19950,"url":"https:\/\/noticiasribeiraopreto.com.br\/index.php\/2023\/12\/23\/importante-a-partir-de-2024-o-saque-aniversario-do-fgts-apresenta-novas-diretrizes-e-valores-confira\/","url_meta":{"origin":18787,"position":0},"title":"Importante! A partir de 2024, o Saque-Anivers\u00e1rio do FGTS apresenta novas diretrizes e valores; confira","author":"noticiasribeiraopreto.com.br","date":"23 de December de 2023","format":false,"excerpt":"O Fundo de Garantia por Tempo de Servi\u00e7o (FGTS) em 2024 est\u00e1 prestes a passar por transforma\u00e7\u00f5es significativas, com discuss\u00f5es e estudos intensificados em torno da reestrutura\u00e7\u00e3o do saque-anivers\u00e1rio, ap\u00f3s o pronunciamento do ministro do Trabalho e Emprego (MTE), Luiz Marinho. O an\u00fancio de um Projeto de Lei (PL) que\u2026","rel":"","context":"In &quot;Vagas de Emprego em Ribeir\u00e3o Preto-SP&quot;","block_context":{"text":"Vagas de Emprego em Ribeir\u00e3o Preto-SP","link":"https:\/\/noticiasribeiraopreto.com.br\/index.php\/category\/empregos-classificados-vagas-trabalho\/vagas-de-empregos-em-ribeirao-preto-regiao-brasil\/"},"img":{"alt_text":"","src":"https:\/\/i0.wp.com\/noticiasribeiraopreto.com.br\/wp-content\/uploads\/2023\/12\/noticiasconcursos.com_.br-importante-a-partir-de-2024-o-saque-aniversario-do-fgts-apresenta-novas-diretrizes-e-valores-confira-fgts.jpg?fit=852%2C523&ssl=1&resize=350%2C200","width":350,"height":200,"srcset":"https:\/\/i0.wp.com\/noticiasribeiraopreto.com.br\/wp-content\/uploads\/2023\/12\/noticiasconcursos.com_.br-importante-a-partir-de-2024-o-saque-aniversario-do-fgts-apresenta-novas-diretrizes-e-valores-confira-fgts.jpg?fit=852%2C523&ssl=1&resize=350%2C200 1x, https:\/\/i0.wp.com\/noticiasribeiraopreto.com.br\/wp-content\/uploads\/2023\/12\/noticiasconcursos.com_.br-importante-a-partir-de-2024-o-saque-aniversario-do-fgts-apresenta-novas-diretrizes-e-valores-confira-fgts.jpg?fit=852%2C523&ssl=1&resize=525%2C300 1.5x, https:\/\/i0.wp.com\/noticiasribeiraopreto.com.br\/wp-content\/uploads\/2023\/12\/noticiasconcursos.com_.br-importante-a-partir-de-2024-o-saque-aniversario-do-fgts-apresenta-novas-diretrizes-e-valores-confira-fgts.jpg?fit=852%2C523&ssl=1&resize=700%2C400 2x"},"classes":[]},{"id":20580,"url":"https:\/\/noticiasribeiraopreto.com.br\/index.php\/2023\/12\/26\/governo-ameaca-excluir-modalidade-de-saque-do-fgts-entenda\/","url_meta":{"origin":18787,"position":1},"title":"Governo amea\u00e7a excluir modalidade de saque do FGTS; Entenda!","author":"noticiasribeiraopreto.com.br","date":"26 de December de 2023","format":false,"excerpt":"Voc\u00ea sabia que o pr\u00f3ximo ano trar\u00e1 altera\u00e7\u00f5es significativas no Fundo de Garantia por Tempo de Servi\u00e7o (FGTS)? \u00c9 crucial que voc\u00ea, caso dependa do FGTS, compreenda as propostas previstas para 2024. Estamos aqui para desvendar essas mudan\u00e7as em potencial para voc\u00ea. Saldo no FGTS \u00c9 essencial ressaltar que tais\u2026","rel":"","context":"In &quot;Vagas de Emprego em Ribeir\u00e3o Preto-SP&quot;","block_context":{"text":"Vagas de Emprego em Ribeir\u00e3o Preto-SP","link":"https:\/\/noticiasribeiraopreto.com.br\/index.php\/category\/empregos-classificados-vagas-trabalho\/vagas-de-empregos-em-ribeirao-preto-regiao-brasil\/"},"img":{"alt_text":"","src":"","width":0,"height":0},"classes":[]},{"id":16866,"url":"https:\/\/noticiasribeiraopreto.com.br\/index.php\/2023\/12\/16\/saque-aniversario-do-fgts-sofrera-mudancas-em-2024\/","url_meta":{"origin":18787,"position":2},"title":"Saque-anivers\u00e1rio do FGTS sofrer\u00e1 mudan\u00e7as em 2024","author":"noticiasribeiraopreto.com.br","date":"16 de December de 2023","format":false,"excerpt":"Ministro do Trabalho e Emprego revela planos para o saque-anivers\u00e1rio do FGTS em 2024. 16 de dezembro de 2023 \u00e0s 18:06 Por: Reda\u00e7\u00e3o Cr\u00e9ditos: Ag\u00eancia Brasil\/Marcelo CamargoSaiba como sacar o FGTS Saque-Anivers\u00e1rio do FGTS, criado em 2019 e implementado em 2020, est\u00e1 prestes a passar por importantes mudan\u00e7as em 2024,\u2026","rel":"","context":"In &quot;Variedades&quot;","block_context":{"text":"Variedades","link":"https:\/\/noticiasribeiraopreto.com.br\/index.php\/category\/variedades\/"},"img":{"alt_text":"","src":"https:\/\/i0.wp.com\/noticiasribeiraopreto.com.br\/wp-content\/uploads\/2023\/12\/1702761907_fgts-digital.jpg?fit=1200%2C638&ssl=1&resize=350%2C200","width":350,"height":200,"srcset":"https:\/\/i0.wp.com\/noticiasribeiraopreto.com.br\/wp-content\/uploads\/2023\/12\/1702761907_fgts-digital.jpg?fit=1200%2C638&ssl=1&resize=350%2C200 1x, https:\/\/i0.wp.com\/noticiasribeiraopreto.com.br\/wp-content\/uploads\/2023\/12\/1702761907_fgts-digital.jpg?fit=1200%2C638&ssl=1&resize=525%2C300 1.5x, https:\/\/i0.wp.com\/noticiasribeiraopreto.com.br\/wp-content\/uploads\/2023\/12\/1702761907_fgts-digital.jpg?fit=1200%2C638&ssl=1&resize=700%2C400 2x, https:\/\/i0.wp.com\/noticiasribeiraopreto.com.br\/wp-content\/uploads\/2023\/12\/1702761907_fgts-digital.jpg?fit=1200%2C638&ssl=1&resize=1050%2C600 3x"},"classes":[]},{"id":22526,"url":"https:\/\/noticiasribeiraopreto.com.br\/index.php\/2023\/12\/30\/decisao-governamental-sobre-a-continuidade-do-saque-aniversario-do-fgts-em-2024-e-anunciada\/","url_meta":{"origin":18787,"position":3},"title":"Decis\u00e3o governamental sobre a continuidade do Saque-Anivers\u00e1rio do FGTS em 2024 \u00e9 anunciada","author":"noticiasribeiraopreto.com.br","date":"30 de December de 2023","format":false,"excerpt":"O ministro do Trabalho e Emprego, Luiz Marinho, expressou recentemente sua frustra\u00e7\u00e3o por n\u00e3o ter conseguido eliminar o saque-anivers\u00e1rio do FGTS em 2023. Sempre um cr\u00edtico contundente dessa modalidade de resgate, o chefe da pasta agora almeja avan\u00e7os significativos nessa quest\u00e3o at\u00e9 mar\u00e7o de 2024. Inclusive, vale ressaltar que, a\u2026","rel":"","context":"In &quot;Vagas de Emprego em Ribeir\u00e3o Preto-SP&quot;","block_context":{"text":"Vagas de Emprego em Ribeir\u00e3o Preto-SP","link":"https:\/\/noticiasribeiraopreto.com.br\/index.php\/category\/empregos-classificados-vagas-trabalho\/vagas-de-empregos-em-ribeirao-preto-regiao-brasil\/"},"img":{"alt_text":"","src":"https:\/\/i0.wp.com\/noticiasribeiraopreto.com.br\/wp-content\/uploads\/2023\/12\/noticiasconcursos.com_.br-decisao-governamental-sobre-a-continuidade-do-saque-aniversario-do-fgts-em-2024-e-anunciada-saque-aniversario.jpg?fit=781%2C456&ssl=1&resize=350%2C200","width":350,"height":200,"srcset":"https:\/\/i0.wp.com\/noticiasribeiraopreto.com.br\/wp-content\/uploads\/2023\/12\/noticiasconcursos.com_.br-decisao-governamental-sobre-a-continuidade-do-saque-aniversario-do-fgts-em-2024-e-anunciada-saque-aniversario.jpg?fit=781%2C456&ssl=1&resize=350%2C200 1x, https:\/\/i0.wp.com\/noticiasribeiraopreto.com.br\/wp-content\/uploads\/2023\/12\/noticiasconcursos.com_.br-decisao-governamental-sobre-a-continuidade-do-saque-aniversario-do-fgts-em-2024-e-anunciada-saque-aniversario.jpg?fit=781%2C456&ssl=1&resize=525%2C300 1.5x, https:\/\/i0.wp.com\/noticiasribeiraopreto.com.br\/wp-content\/uploads\/2023\/12\/noticiasconcursos.com_.br-decisao-governamental-sobre-a-continuidade-do-saque-aniversario-do-fgts-em-2024-e-anunciada-saque-aniversario.jpg?fit=781%2C456&ssl=1&resize=700%2C400 2x"},"classes":[]},{"id":22975,"url":"https:\/\/noticiasribeiraopreto.com.br\/index.php\/2023\/12\/31\/fgts-2024-confira-as-mudancas-aprovadas-para-o-saque-aniversario\/","url_meta":{"origin":18787,"position":4},"title":"FGTS 2024: Confira as MUDAN\u00c7AS aprovadas para o Saque-Anivers\u00e1rio","author":"noticiasribeiraopreto.com.br","date":"31 de December de 2023","format":false,"excerpt":"Em 2024, o FGTS pode ganhar maior flexibilidade, especialmente para os que optaram pelo saque-anivers\u00e1rio. Uma importante proposta \u00e9 a possibilidade de saque integral em casos de demiss\u00e3o sem justa causa, semelhante ao saque por rescis\u00e3o. Atualmente, quem optou pelo saque-anivers\u00e1rio s\u00f3 pode retirar a multa rescis\u00f3ria de 40% em\u2026","rel":"","context":"In &quot;Vagas de Emprego em Ribeir\u00e3o Preto-SP&quot;","block_context":{"text":"Vagas de Emprego em Ribeir\u00e3o Preto-SP","link":"https:\/\/noticiasribeiraopreto.com.br\/index.php\/category\/empregos-classificados-vagas-trabalho\/vagas-de-empregos-em-ribeirao-preto-regiao-brasil\/"},"img":{"alt_text":"","src":"","width":0,"height":0},"classes":[]},{"id":22672,"url":"https:\/\/noticiasribeiraopreto.com.br\/index.php\/2023\/12\/30\/saque-aniversario-do-fgts-tera-alteracoes-nas-normas-em-2024\/","url_meta":{"origin":18787,"position":5},"title":"Saque-Anivers\u00e1rio do FGTS ter\u00e1 altera\u00e7\u00f5es nas normas em 2024","author":"noticiasribeiraopreto.com.br","date":"30 de December de 2023","format":false,"excerpt":"O ministro do Trabalho, Luiz Marinho, anunciou recentemente as novidades para o ano de 2024 na modalidade de saque-anivers\u00e1rio do FGTS (Fundo de Garantia por Tempo de Servi\u00e7o). Esta modalidade, em vigor desde 2019, est\u00e1 programada para passar por um aprimoramento, conforme as previs\u00f5es do ministro. Parte de um projeto\u2026","rel":"","context":"In &quot;Vagas de Emprego em Ribeir\u00e3o Preto-SP&quot;","block_context":{"text":"Vagas de Emprego em Ribeir\u00e3o Preto-SP","link":"https:\/\/noticiasribeiraopreto.com.br\/index.php\/category\/empregos-classificados-vagas-trabalho\/vagas-de-empregos-em-ribeirao-preto-regiao-brasil\/"},"img":{"alt_text":"","src":"","width":0,"height":0},"classes":[]}],"jetpack_sharing_enabled":true,"jetpack_shortlink":"https:\/\/wp.me\/peQAOb-4T1","_links":{"self":[{"href":"https:\/\/noticiasribeiraopreto.com.br\/index.php\/wp-json\/wp\/v2\/posts\/18787","targetHints":{"allow":["GET"]}}],"collection":[{"href":"https:\/\/noticiasribeiraopreto.com.br\/index.php\/wp-json\/wp\/v2\/posts"}],"about":[{"href":"https:\/\/noticiasribeiraopreto.com.br\/index.php\/wp-json\/wp\/v2\/types\/post"}],"author":[{"embeddable":true,"href":"https:\/\/noticiasribeiraopreto.com.br\/index.php\/wp-json\/wp\/v2\/users\/1"}],"replies":[{"embeddable":true,"href":"https:\/\/noticiasribeiraopreto.com.br\/index.php\/wp-json\/wp\/v2\/comments?post=18787"}],"version-history":[{"count":0,"href":"https:\/\/noticiasribeiraopreto.com.br\/index.php\/wp-json\/wp\/v2\/posts\/18787\/revisions"}],"wp:featuredmedia":[{"embeddable":true,"href":"https:\/\/noticiasribeiraopreto.com.br\/index.php\/wp-json\/wp\/v2\/media\/18788"}],"wp:attachment":[{"href":"https:\/\/noticiasribeiraopreto.com.br\/index.php\/wp-json\/wp\/v2\/media?parent=18787"}],"wp:term":[{"taxonomy":"category","embeddable":true,"href":"https:\/\/noticiasribeiraopreto.com.br\/index.php\/wp-json\/wp\/v2\/categories?post=18787"},{"taxonomy":"post_tag","embeddable":true,"href":"https:\/\/noticiasribeiraopreto.com.br\/index.php\/wp-json\/wp\/v2\/tags?post=18787"}],"curies":[{"name":"wp","href":"https:\/\/api.w.org\/{rel}","templated":true}]}}