{"id":18789,"date":"2023-12-21T01:44:05","date_gmt":"2023-12-21T04:44:05","guid":{"rendered":"https:\/\/noticiasribeiraopreto.com.br\/index.php\/2023\/12\/21\/botafogo-anuncia-nova-iluminacao-no-estadio-santa-cruz\/"},"modified":"2023-12-21T01:44:05","modified_gmt":"2023-12-21T04:44:05","slug":"botafogo-anuncia-nova-iluminacao-no-estadio-santa-cruz","status":"publish","type":"post","link":"https:\/\/noticiasribeiraopreto.com.br\/index.php\/2023\/12\/21\/botafogo-anuncia-nova-iluminacao-no-estadio-santa-cruz\/","title":{"rendered":"Botafogo anuncia nova ilumina\u00e7\u00e3o no est\u00e1dio Santa Cruz\u00a0\u00a0"},"content":{"rendered":"<div class='code-block code-block-1' style='margin: 8px 0 8px auto; text-align: right; display: block; clear: both;'>\n<p><a href=\"https:\/\/wa.link\/vpicfd\"><img data-recalc-dims=\"1\" class=\"wp-image-4922\" style=\"aspect-ratio: 2.0253164556962027; width: 561px; height: auto;\" src=\"https:\/\/i0.wp.com\/ismaelcolosi.com.br\/wp-content\/uploads\/2023\/11\/grupo-de-empregos-whatsapp-e-facebook-ismael-colosi-vagas.jpg?ssl=1\" alt=\"\" \/><\/a><\/p>\n<!-- \/wp:image -->\n<\/div>\n<p> <br \/>\n<\/p>\n<div id=\"\">\n<p> <span class=\"entry-meta-item penci-posted-on\"><i class=\"fa fa-clock-o\"\/><time class=\"entry-date published\" datetime=\"2023-12-20T16:00:15-03:00\">20 de dezembro de 2023 | 16:00<\/time><time class=\"updated\" datetime=\"2023-12-20T12:05:56-03:00\">20 de dezembro de 2023 | 12:05<\/time><\/span><\/p>\n<p> <span class=\"penci-social-buttons penci-social-share-footer\"><a href=\"#\" class=\"penci-post-like penci_post-meta_item  single-like-button penci-social-item like\" data-post_id=\"367932\" title=\"Like\" data-like=\"Like\" data-unlike=\"Unlike\"><i class=\"fa fa-thumbs-o-up\"\/><span class=\"penci-share-number\">0<\/span><\/a><i class=\"fa fa-facebook\"\/><a class=\"penci-social-item twitter\" target=\"_blank\" rel=\"noopener\" title=\"\" href=\"https:\/\/twitter.com\/intent\/tweet?text=Botafogo%20anuncia%20nova%20ilumina\u00e7\u00e3o%20no%20est\u00e1dio%20Santa%20Cruz\u00a0\u00a0%20-%20https:\/\/www.tribunaribeirao.com.br\/site\/botafogo-anuncia-nova-iluminacao-no-estadio-santa-cruz\/\"><i class=\"fa fa-twitter\"\/><\/a><i class=\"fa fa-whatsapp\"\/><\/span><\/div>\n<div>\n<p><span data-contrast=\"auto\">O Botafogo Futebol SA deu mais um passo no projeto de moderniza\u00e7\u00e3o do Est\u00e1dio Santa Cruz. Nesta ter\u00e7a-feira (19), o Tricolor fechou parceria com a Novvaligth, fabricante de lumin\u00e1rias industriais, e ter\u00e1 uma ilumina\u00e7\u00e3o de \u00faltima gera\u00e7\u00e3o em seu est\u00e1dio.<\/span><span data-ccp-props=\"{&quot;201341983&quot;:0,&quot;335551550&quot;:6,&quot;335551620&quot;:6,&quot;335559739&quot;:200,&quot;335559740&quot;:276}\">\u00a0<\/span><\/p>\n<p><span data-contrast=\"auto\">Com a troca no sistema de ilumina\u00e7\u00e3o, o Tricolor se adequar\u00e1 as exig\u00eancias da CBF (Confedera\u00e7\u00e3o Brasileira de Futebol).<\/span><span data-ccp-props=\"{&quot;201341983&quot;:0,&quot;335551550&quot;:6,&quot;335551620&quot;:6,&quot;335559739&quot;:200,&quot;335559740&quot;:276}\">\u00a0<\/span><\/p>\n<p><span data-contrast=\"auto\">O novo sistema permitir\u00e1 a programa\u00e7\u00e3o de hor\u00e1rios de acendimento e a redu\u00e7\u00e3o de pot\u00eancia, o que proporcionar\u00e1 diminuir o consumo de energia.<\/span><span data-ccp-props=\"{&quot;201341983&quot;:0,&quot;335551550&quot;:6,&quot;335551620&quot;:6,&quot;335559739&quot;:200,&quot;335559740&quot;:276}\">\u00a0<\/span><\/p>\n<p><span data-contrast=\"auto\">Com a parceria, a Novvaligth estampar\u00e1 sua marca na barra das costas da camisa durante o Campeonato Paulista.<\/span><span data-ccp-props=\"{&quot;201341983&quot;:0,&quot;335551550&quot;:6,&quot;335551620&quot;:6,&quot;335559739&quot;:200,&quot;335559740&quot;:276}\">\u00a0<\/span><\/p>\n<p><span data-contrast=\"auto\">A estreia do novo sistema de ilumina\u00e7\u00e3o ser\u00e1 diante do Santos, pela primeira rodada do Estadual. A data e o hor\u00e1rio da partida, por\u00e9m, ainda n\u00e3o foram divulgados pela FPF (Federa\u00e7\u00e3o Paulista de Futebol).<\/span><span data-ccp-props=\"{&quot;201341983&quot;:0,&quot;335551550&quot;:6,&quot;335551620&quot;:6,&quot;335559739&quot;:200,&quot;335559740&quot;:276}\">\u00a0<\/span><\/p>\n<p><span data-contrast=\"auto\">\u201cO Est\u00e1dio Santa Cruz ter\u00e1 uma ilumina\u00e7\u00e3o de \u00faltima gera\u00e7\u00e3o, com ganhos de efici\u00eancia, facilidade de manuten\u00e7\u00e3o e proje\u00e7\u00e3o calculada sem impactos negativos no meio ambiente, j\u00e1 que o segmento dos esportes \u00e9 um dos que mais causam impactos em polui\u00e7\u00e3o luminosa\u201d, explica o CEO da Novvalight, Roberto Payaro.<\/span><span data-ccp-props=\"{&quot;201341983&quot;:0,&quot;335551550&quot;:6,&quot;335551620&quot;:6,&quot;335559739&quot;:200,&quot;335559740&quot;:276}\">\u00a0<\/span><\/p>\n<p><span data-contrast=\"auto\">A Novvalight foi respons\u00e1vel pela reforma no sistema de ilumina\u00e7\u00e3o de quatro est\u00e1dios da Copa Am\u00e9rica, de duas sedes da Copa do Mundo Sub-20, do Est\u00e1dio Brinco de Ouro da Princesa, em Campinas, e no Dr. Jorge Ismael de Biasi, em Novo Horizonte.<\/span><span data-ccp-props=\"{&quot;201341983&quot;:0,&quot;335551550&quot;:6,&quot;335551620&quot;:6,&quot;335559739&quot;:200,&quot;335559740&quot;:276}\">\u00a0<\/span><\/p>\n<p>\u00a0<\/p>\n<\/div>\n<p><script async src=\"\/\/platform.twitter.com\/widgets.js\" charset=\"utf-8\"><\/script><br \/>\n<br \/><br \/>\n<br \/><a href=\"https:\/\/www.tribunaribeirao.com.br\/site\/botafogo-anuncia-nova-iluminacao-no-estadio-santa-cruz\/\">Source link <\/a><\/p>\n<!-- CONTENT END 1 -->\n","protected":false},"excerpt":{"rendered":"<p>20 de dezembro de 2023 | 16:0020 de dezembro de 2023 | 12:05 0 O Botafogo Futebol SA deu mais um passo no projeto de&#8230;<\/p>\n","protected":false},"author":1,"featured_media":18790,"comment_status":"open","ping_status":"open","sticky":false,"template":"","format":"standard","meta":{"advanced_seo_description":"","jetpack_seo_html_title":"","jetpack_seo_noindex":false,"jetpack_post_was_ever_published":false,"_jetpack_newsletter_access":"","_jetpack_dont_email_post_to_subs":false,"_jetpack_newsletter_tier_id":0,"_jetpack_memberships_contains_paywalled_content":false,"_jetpack_memberships_contains_paid_content":false,"footnotes":"","jetpack_publicize_message":"","jetpack_publicize_feature_enabled":true,"jetpack_social_post_already_shared":true,"jetpack_social_options":{"image_generator_settings":{"template":"highway","default_image_id":0,"font":"","enabled":false},"version":2}},"categories":[11],"tags":[175,52,2466,2465,2464,422,764],"class_list":["post-18789","post","type-post","status-publish","format-standard","has-post-thumbnail","hentry","category-noticias-de-ribeirao-preto-sp-e-regiao-ismael-colosi","tag-anuncia","tag-botafogo","tag-cruz","tag-estadio","tag-iluminacao","tag-nova","tag-santa"],"jetpack_publicize_connections":[],"jetpack_featured_media_url":"https:\/\/i0.wp.com\/noticiasribeiraopreto.com.br\/wp-content\/uploads\/2023\/12\/Botafogo-2-2.jpg?fit=960%2C539&ssl=1","jetpack-related-posts":[{"id":18442,"url":"https:\/\/noticiasribeiraopreto.com.br\/index.php\/2023\/12\/20\/botafogo-anuncia-modernizacao-da-iluminacao-do-estadio-santa-cruz\/","url_meta":{"origin":18789,"position":0},"title":"Botafogo anuncia moderniza\u00e7\u00e3o da ilumina\u00e7\u00e3o do est\u00e1dio Santa Cruz","author":"noticiasribeiraopreto.com.br","date":"20 de December de 2023","format":false,"excerpt":"O Botafogo Futebol SA, de Ribeir\u00e3o Preto, anunciou a moderniza\u00e7\u00e3o da ilumina\u00e7\u00e3o do est\u00e1dio Santa Cruz. Nesta ter\u00e7a-feira (19), o Tricolor fechou parceria com a Novvalight, fabricante de lumin\u00e1rias industriais, e ter\u00e1 uma ilumina\u00e7\u00e3o de \u00faltima gera\u00e7\u00e3o. Com a troca no sistema de ilumina\u00e7\u00e3o, o Tricolor se adequar\u00e1 as exig\u00eancias\u2026","rel":"","context":"In &quot;Not\u00edcias de Ribeir\u00e3o Preto-SP e Regi\u00e3o&quot;","block_context":{"text":"Not\u00edcias de Ribeir\u00e3o Preto-SP e Regi\u00e3o","link":"https:\/\/noticiasribeiraopreto.com.br\/index.php\/category\/noticias-de-ribeirao-preto-sp-e-regiao-ismael-colosi\/"},"img":{"alt_text":"","src":"https:\/\/i0.wp.com\/noticiasribeiraopreto.com.br\/wp-content\/uploads\/2023\/12\/WhatsApp-Image-2023-12-20-at-11.55.00.jpeg?fit=1200%2C676&ssl=1&resize=350%2C200","width":350,"height":200,"srcset":"https:\/\/i0.wp.com\/noticiasribeiraopreto.com.br\/wp-content\/uploads\/2023\/12\/WhatsApp-Image-2023-12-20-at-11.55.00.jpeg?fit=1200%2C676&ssl=1&resize=350%2C200 1x, https:\/\/i0.wp.com\/noticiasribeiraopreto.com.br\/wp-content\/uploads\/2023\/12\/WhatsApp-Image-2023-12-20-at-11.55.00.jpeg?fit=1200%2C676&ssl=1&resize=525%2C300 1.5x, https:\/\/i0.wp.com\/noticiasribeiraopreto.com.br\/wp-content\/uploads\/2023\/12\/WhatsApp-Image-2023-12-20-at-11.55.00.jpeg?fit=1200%2C676&ssl=1&resize=700%2C400 2x, https:\/\/i0.wp.com\/noticiasribeiraopreto.com.br\/wp-content\/uploads\/2023\/12\/WhatsApp-Image-2023-12-20-at-11.55.00.jpeg?fit=1200%2C676&ssl=1&resize=1050%2C600 3x"},"classes":[]},{"id":30147,"url":"https:\/\/noticiasribeiraopreto.com.br\/index.php\/2024\/01\/20\/botafogo-recebe-o-santos-na-estreia-do-paulistao\/","url_meta":{"origin":18789,"position":1},"title":"Botafogo recebe o Santos na estreia do Paulist\u00e3o\u00a0\u00a0","author":"noticiasribeiraopreto.com.br","date":"20 de January de 2024","format":false,"excerpt":"20 de janeiro de 2024 | 11:0019 de janeiro de 2024 | 22:03 0O Botafogo est\u00e1 pronto para estrear no Campeonato Paulista. Depois de pouco menos de um m\u00eas de prepara\u00e7\u00e3o, o Pantera duela com o Santos no est\u00e1dio Santa Cruz neste s\u00e1bado, \u00e0s 18h.\u00a0\u00a0A partida marca tamb\u00e9m o inicio\u2026","rel":"","context":"In &quot;Not\u00edcias de Ribeir\u00e3o Preto-SP e Regi\u00e3o&quot;","block_context":{"text":"Not\u00edcias de Ribeir\u00e3o Preto-SP e Regi\u00e3o","link":"https:\/\/noticiasribeiraopreto.com.br\/index.php\/category\/noticias-de-ribeirao-preto-sp-e-regiao-ismael-colosi\/"},"img":{"alt_text":"","src":"https:\/\/i0.wp.com\/noticiasribeiraopreto.com.br\/wp-content\/uploads\/2024\/01\/Botafogo-2-7-scaled.jpg?fit=967%2C645&ssl=1&resize=350%2C200","width":350,"height":200,"srcset":"https:\/\/i0.wp.com\/noticiasribeiraopreto.com.br\/wp-content\/uploads\/2024\/01\/Botafogo-2-7-scaled.jpg?fit=967%2C645&ssl=1&resize=350%2C200 1x, https:\/\/i0.wp.com\/noticiasribeiraopreto.com.br\/wp-content\/uploads\/2024\/01\/Botafogo-2-7-scaled.jpg?fit=967%2C645&ssl=1&resize=525%2C300 1.5x, https:\/\/i0.wp.com\/noticiasribeiraopreto.com.br\/wp-content\/uploads\/2024\/01\/Botafogo-2-7-scaled.jpg?fit=967%2C645&ssl=1&resize=700%2C400 2x"},"classes":[]},{"id":12899,"url":"https:\/\/noticiasribeiraopreto.com.br\/index.php\/2023\/12\/08\/botafogo-encara-o-santos-na-estreia-do-paulistao\/","url_meta":{"origin":18789,"position":2},"title":"Botafogo encara o Santos na estreia do Paulist\u00e3o\u00a0\u00a0","author":"noticiasribeiraopreto.com.br","date":"8 de December de 2023","format":false,"excerpt":"8 de dezembro de 2023 | 17:308 de dezembro de 2023 | 15:19 0O Botafogo estrear\u00e1 em casa no Campeonato Paulista-2024. A tabela foi divulgada oficialmente pela FPF (Federa\u00e7\u00e3o Paulista de Futebol) na tarde desta quinta-feira (7).\u00a0O primeiro advers\u00e1rio do Tricolor ser\u00e1 o Santos. A princ\u00edpio, a partida est\u00e1 marcada\u2026","rel":"","context":"In &quot;Not\u00edcias de Ribeir\u00e3o Preto-SP e Regi\u00e3o&quot;","block_context":{"text":"Not\u00edcias de Ribeir\u00e3o Preto-SP e Regi\u00e3o","link":"https:\/\/noticiasribeiraopreto.com.br\/index.php\/category\/noticias-de-ribeirao-preto-sp-e-regiao-ismael-colosi\/"},"img":{"alt_text":"","src":"https:\/\/i0.wp.com\/noticiasribeiraopreto.com.br\/wp-content\/uploads\/2023\/12\/Botafogo-Paulistao-scaled.jpg?fit=967%2C645&ssl=1&resize=350%2C200","width":350,"height":200,"srcset":"https:\/\/i0.wp.com\/noticiasribeiraopreto.com.br\/wp-content\/uploads\/2023\/12\/Botafogo-Paulistao-scaled.jpg?fit=967%2C645&ssl=1&resize=350%2C200 1x, https:\/\/i0.wp.com\/noticiasribeiraopreto.com.br\/wp-content\/uploads\/2023\/12\/Botafogo-Paulistao-scaled.jpg?fit=967%2C645&ssl=1&resize=525%2C300 1.5x, https:\/\/i0.wp.com\/noticiasribeiraopreto.com.br\/wp-content\/uploads\/2023\/12\/Botafogo-Paulistao-scaled.jpg?fit=967%2C645&ssl=1&resize=700%2C400 2x"},"classes":[]},{"id":32149,"url":"https:\/\/noticiasribeiraopreto.com.br\/index.php\/2024\/01\/24\/arena-nicnet\/","url_meta":{"origin":18789,"position":3},"title":"Arena NicNet &#8211; Jornal Tribuna Ribeir\u00e3o","author":"noticiasribeiraopreto.com.br","date":"24 de January de 2024","format":false,"excerpt":"24 de janeiro de 2024 | 9:0323 de janeiro de 2024 | 12:45 0O Botafogo anunciou a extens\u00e3o da parceria com a Nicnet, empresa de internet de fibra \u00f3ptica, sediada em Cravinhos. A marca batizou, de forma exclusiva, o nome do Est\u00e1dio Santa Cruz, que ser\u00e1 chamado de apenas Est\u00e1dio\u2026","rel":"","context":"In &quot;Not\u00edcias de Ribeir\u00e3o Preto-SP e Regi\u00e3o&quot;","block_context":{"text":"Not\u00edcias de Ribeir\u00e3o Preto-SP e Regi\u00e3o","link":"https:\/\/noticiasribeiraopreto.com.br\/index.php\/category\/noticias-de-ribeirao-preto-sp-e-regiao-ismael-colosi\/"},"img":{"alt_text":"","src":"https:\/\/i0.wp.com\/noticiasribeiraopreto.com.br\/wp-content\/uploads\/2024\/01\/1-1-scaled.jpg?fit=484%2C645&ssl=1&resize=350%2C200","width":350,"height":200},"classes":[]},{"id":21534,"url":"https:\/\/noticiasribeiraopreto.com.br\/index.php\/2023\/12\/27\/botafogo-inicia-pre-temporada-visando-2024\/","url_meta":{"origin":18789,"position":4},"title":"Botafogo inicia pr\u00e9-temporada visando 2024\u00a0\u00a0","author":"noticiasribeiraopreto.com.br","date":"27 de December de 2023","format":false,"excerpt":"O Botafogo iniciou oficialmente nesta ter\u00e7a-feira (26) a prepara\u00e7\u00e3o para a pr\u00f3xima temporada.\u00a0No per\u00edodo da manh\u00e3, Paulo Pelaipe, diretor de futebol do Botafogo, se reuniu com a comiss\u00e3o t\u00e9cnica e o departamento de futebol no audit\u00f3rio do Hotel Z, inaugurado em maio do ano passado.\u00a0Logo ap\u00f3s o almo\u00e7o, o novo\u2026","rel":"","context":"In &quot;Not\u00edcias de Ribeir\u00e3o Preto-SP e Regi\u00e3o&quot;","block_context":{"text":"Not\u00edcias de Ribeir\u00e3o Preto-SP e Regi\u00e3o","link":"https:\/\/noticiasribeiraopreto.com.br\/index.php\/category\/noticias-de-ribeirao-preto-sp-e-regiao-ismael-colosi\/"},"img":{"alt_text":"","src":"https:\/\/i0.wp.com\/noticiasribeiraopreto.com.br\/wp-content\/uploads\/2023\/12\/Botafogo-2-3-scaled.jpg?fit=967%2C645&ssl=1&resize=350%2C200","width":350,"height":200,"srcset":"https:\/\/i0.wp.com\/noticiasribeiraopreto.com.br\/wp-content\/uploads\/2023\/12\/Botafogo-2-3-scaled.jpg?fit=967%2C645&ssl=1&resize=350%2C200 1x, https:\/\/i0.wp.com\/noticiasribeiraopreto.com.br\/wp-content\/uploads\/2023\/12\/Botafogo-2-3-scaled.jpg?fit=967%2C645&ssl=1&resize=525%2C300 1.5x, https:\/\/i0.wp.com\/noticiasribeiraopreto.com.br\/wp-content\/uploads\/2023\/12\/Botafogo-2-3-scaled.jpg?fit=967%2C645&ssl=1&resize=700%2C400 2x"},"classes":[]},{"id":84750,"url":"https:\/\/noticiasribeiraopreto.com.br\/index.php\/2026\/04\/15\/estadio-de-ribeirao-preto-e-selecionado-como-ct-para-copa-do-mundo-feminina\/","url_meta":{"origin":18789,"position":5},"title":"Est\u00e1dio de Ribeir\u00e3o Preto \u00e9 selecionado como CT para Copa do Mundo Feminina","author":"noticiasribeiraopreto.com.br","date":"15 de April de 2026","format":false,"excerpt":"Ler o resumo da not\u00edcia Est\u00e1dio Santa Cruz\/Arena Nicnet, em Ribeir\u00e3o Preto, foi aprovado pela Fifa como Centro de Treinamento para a Copa do Mundo Feminina de 2027. O Mundial ser\u00e1 realizado no Brasil entre 24 de junho e 25 de julho de 2027; a lista com 38 centros foi\u2026","rel":"","context":"In &quot;Not\u00edcias de Ribeir\u00e3o Preto-SP e Regi\u00e3o&quot;","block_context":{"text":"Not\u00edcias de Ribeir\u00e3o Preto-SP e Regi\u00e3o","link":"https:\/\/noticiasribeiraopreto.com.br\/index.php\/category\/noticias-de-ribeirao-preto-sp-e-regiao-ismael-colosi\/"},"img":{"alt_text":"","src":"https:\/\/i0.wp.com\/noticiasribeiraopreto.com.br\/wp-content\/uploads\/2026\/04\/estadio-santa-cruz_2026-04-15_15-07-24.webp.webp?fit=960%2C539&ssl=1&resize=350%2C200","width":350,"height":200,"srcset":"https:\/\/i0.wp.com\/noticiasribeiraopreto.com.br\/wp-content\/uploads\/2026\/04\/estadio-santa-cruz_2026-04-15_15-07-24.webp.webp?fit=960%2C539&ssl=1&resize=350%2C200 1x, https:\/\/i0.wp.com\/noticiasribeiraopreto.com.br\/wp-content\/uploads\/2026\/04\/estadio-santa-cruz_2026-04-15_15-07-24.webp.webp?fit=960%2C539&ssl=1&resize=525%2C300 1.5x, https:\/\/i0.wp.com\/noticiasribeiraopreto.com.br\/wp-content\/uploads\/2026\/04\/estadio-santa-cruz_2026-04-15_15-07-24.webp.webp?fit=960%2C539&ssl=1&resize=700%2C400 2x"},"classes":[]}],"jetpack_sharing_enabled":true,"jetpack_shortlink":"https:\/\/wp.me\/peQAOb-4T3","_links":{"self":[{"href":"https:\/\/noticiasribeiraopreto.com.br\/index.php\/wp-json\/wp\/v2\/posts\/18789","targetHints":{"allow":["GET"]}}],"collection":[{"href":"https:\/\/noticiasribeiraopreto.com.br\/index.php\/wp-json\/wp\/v2\/posts"}],"about":[{"href":"https:\/\/noticiasribeiraopreto.com.br\/index.php\/wp-json\/wp\/v2\/types\/post"}],"author":[{"embeddable":true,"href":"https:\/\/noticiasribeiraopreto.com.br\/index.php\/wp-json\/wp\/v2\/users\/1"}],"replies":[{"embeddable":true,"href":"https:\/\/noticiasribeiraopreto.com.br\/index.php\/wp-json\/wp\/v2\/comments?post=18789"}],"version-history":[{"count":0,"href":"https:\/\/noticiasribeiraopreto.com.br\/index.php\/wp-json\/wp\/v2\/posts\/18789\/revisions"}],"wp:featuredmedia":[{"embeddable":true,"href":"https:\/\/noticiasribeiraopreto.com.br\/index.php\/wp-json\/wp\/v2\/media\/18790"}],"wp:attachment":[{"href":"https:\/\/noticiasribeiraopreto.com.br\/index.php\/wp-json\/wp\/v2\/media?parent=18789"}],"wp:term":[{"taxonomy":"category","embeddable":true,"href":"https:\/\/noticiasribeiraopreto.com.br\/index.php\/wp-json\/wp\/v2\/categories?post=18789"},{"taxonomy":"post_tag","embeddable":true,"href":"https:\/\/noticiasribeiraopreto.com.br\/index.php\/wp-json\/wp\/v2\/tags?post=18789"}],"curies":[{"name":"wp","href":"https:\/\/api.w.org\/{rel}","templated":true}]}}