{"id":18881,"date":"2023-12-21T08:55:24","date_gmt":"2023-12-21T11:55:24","guid":{"rendered":"https:\/\/noticiasribeiraopreto.com.br\/index.php\/2023\/12\/21\/camara-entra-em-recesso-nesta-sexta-22\/"},"modified":"2023-12-21T08:55:24","modified_gmt":"2023-12-21T11:55:24","slug":"camara-entra-em-recesso-nesta-sexta-22","status":"publish","type":"post","link":"https:\/\/noticiasribeiraopreto.com.br\/index.php\/2023\/12\/21\/camara-entra-em-recesso-nesta-sexta-22\/","title":{"rendered":"C\u00e2mara entra em recesso nesta sexta\u00a0(22)"},"content":{"rendered":"<div class='code-block code-block-1' style='margin: 8px 0 8px auto; text-align: right; display: block; clear: both;'>\n<p><a href=\"https:\/\/wa.link\/vpicfd\"><img data-recalc-dims=\"1\" class=\"wp-image-4922\" style=\"aspect-ratio: 2.0253164556962027; width: 561px; height: auto;\" src=\"https:\/\/i0.wp.com\/ismaelcolosi.com.br\/wp-content\/uploads\/2023\/11\/grupo-de-empregos-whatsapp-e-facebook-ismael-colosi-vagas.jpg?ssl=1\" alt=\"\" \/><\/a><\/p>\n<!-- \/wp:image -->\n<\/div>\n<p> <br \/>\n<\/p>\n<div id=\"post-367982\">\n<header class=\"entry-header penci-entry-header penci-title-center\">\n<p> <span class=\"entry-meta-item penci-posted-on\"><i class=\"fa fa-clock-o\"\/><time class=\"entry-date published\" datetime=\"2023-12-21T08:30:46-03:00\">21 de dezembro de 2023 | 8:30<\/time><time class=\"updated\" datetime=\"2023-12-20T19:46:15-03:00\">20 de dezembro de 2023 | 19:46<\/time><\/span><\/p>\n<p> <span class=\"penci-social-buttons penci-social-share-footer\"><a href=\"#\" class=\"penci-post-like penci_post-meta_item  single-like-button penci-social-item like\" data-post_id=\"367982\" title=\"Like\" data-like=\"Like\" data-unlike=\"Unlike\"><i class=\"fa fa-thumbs-o-up\"\/><span class=\"penci-share-number\">0<\/span><\/a><i class=\"fa fa-facebook\"\/><a class=\"penci-social-item twitter\" target=\"_blank\" rel=\"noopener\" title=\"\" href=\"https:\/\/twitter.com\/intent\/tweet?text=C\u00e2mara%20entra%20em%20recesso%20nesta%20sexta\u00a0(22)%20-%20https:\/\/www.tribunaribeirao.com.br\/site\/camara-entra-em-recesso-nesta-sexta-22\/\"><i class=\"fa fa-twitter\"\/><\/a><i class=\"fa fa-whatsapp\"\/><\/span><\/header>\n<div class=\"penci-entry-content entry-content\">\n<p><span data-contrast=\"auto\">A C\u00e2mara de Ribeir\u00e3o Preto realiza nesta quinta-feira, 21 de dezembro, a \u00faltima sess\u00e3o ordin\u00e1ria antes do recesso parlamentar de dezembro. A partir de sexta-feira (22) e at\u00e9 o dia 31 de janeiro n\u00e3o haver\u00e1 sess\u00f5es. A primeira sess\u00e3o do pr\u00f3ximo ano ser\u00e1 no dia 1 de fevereiro, j\u00e1 presidida pelo novo presidente, Isaac Antunes (PL). Durante o recesso, os gabinetes dos vereadores continuam funcionado e atendendo a popula\u00e7\u00e3o.<\/span><span data-ccp-props=\"{&quot;201341983&quot;:0,&quot;335559739&quot;:160,&quot;335559740&quot;:259}\">\u00a0<\/span><\/p>\n<p><span data-contrast=\"auto\">Entre os projetos que dever\u00e3o ser votados no pr\u00f3ximo ano est\u00e1 o de emenda \u00e0 Lei Org\u00e2nica de Ribeir\u00e3o Preto quer criar as chamadas \u201cemendas impositivas\u201d no or\u00e7amento municipal.<\/span><span data-ccp-props=\"{&quot;201341983&quot;:0,&quot;335559739&quot;:160,&quot;335559740&quot;:259}\">\u00a0<\/span><\/p>\n<p><span data-contrast=\"auto\">\u00a0A proposta \u00e9 do vereador e atual presidente daquela Casa, vereador Franco Ferro (PRTB).\u00a0 O projeto prev\u00ea que at\u00e9 0,45% da Receita Corrente L\u00edquida Municipal sejam destinadas \u00e0s emendas individuais, dos quais metade do valor ser\u00e1 direcionado aos servi\u00e7os de sa\u00fade. Os recursos seriam divididos entre os 22 vereadores. O projeto ainda prev\u00ea que at\u00e9 25% dos recursos possam ser destinados para pessoas jur\u00eddicas de direito privada que tenham atua\u00e7\u00e3o na \u00e1rea da sa\u00fade e de assist\u00eancia social.<\/span><span data-ccp-props=\"{&quot;201341983&quot;:0,&quot;335559739&quot;:160,&quot;335559740&quot;:259}\">\u00a0<\/span><\/p>\n<p>\u00a0<\/p>\n<\/div>\n<footer class=\"penci-entry-footer\"\/><\/div>\n<p><script async src=\"\/\/platform.twitter.com\/widgets.js\" charset=\"utf-8\"><\/script><br \/>\n<br \/><br \/>\n<br \/><a href=\"https:\/\/www.tribunaribeirao.com.br\/site\/camara-entra-em-recesso-nesta-sexta-22\/\">Source link <\/a><\/p>\n<!-- CONTENT END 1 -->\n","protected":false},"excerpt":{"rendered":"<p>21 de dezembro de 2023 | 8:3020 de dezembro de 2023 | 19:46 0 A C\u00e2mara de Ribeir\u00e3o Preto realiza nesta quinta-feira, 21 de dezembro,&#8230;<\/p>\n","protected":false},"author":1,"featured_media":18882,"comment_status":"open","ping_status":"open","sticky":false,"template":"","format":"standard","meta":{"advanced_seo_description":"","jetpack_seo_html_title":"","jetpack_seo_noindex":false,"jetpack_post_was_ever_published":false,"_jetpack_newsletter_access":"","_jetpack_dont_email_post_to_subs":false,"_jetpack_newsletter_tier_id":0,"_jetpack_memberships_contains_paywalled_content":false,"_jetpack_memberships_contains_paid_content":false,"footnotes":"","jetpack_publicize_message":"","jetpack_publicize_feature_enabled":true,"jetpack_social_post_already_shared":true,"jetpack_social_options":{"image_generator_settings":{"template":"highway","default_image_id":0,"font":"","enabled":false},"version":2}},"categories":[11],"tags":[154,2499,207,2500,2501],"class_list":["post-18881","post","type-post","status-publish","format-standard","has-post-thumbnail","hentry","category-noticias-de-ribeirao-preto-sp-e-regiao-ismael-colosi","tag-camara","tag-entra","tag-nesta","tag-recesso","tag-sexta22"],"jetpack_publicize_connections":[],"jetpack_featured_media_url":"https:\/\/i0.wp.com\/noticiasribeiraopreto.com.br\/wp-content\/uploads\/2023\/12\/3-recesso-alfredo-risk-scaled.jpg?fit=967%2C645&ssl=1","jetpack-related-posts":[{"id":17454,"url":"https:\/\/noticiasribeiraopreto.com.br\/index.php\/2023\/12\/18\/mega-sena-entra-em-recesso-agora-e-so-a-mega-da-virada\/","url_meta":{"origin":18881,"position":0},"title":"Mega-Sena entra em \u2018recesso\u2019; agora \u00e9 s\u00f3 a Mega da Virada!","author":"noticiasribeiraopreto.com.br","date":"18 de December de 2023","format":false,"excerpt":"Ningu\u00e9m acertou as dezenas v\u00e1lidas pelo concurso 2669 da Mega-Sena, sorteadas no \u00faltimo s\u00e1bado (16). Agora todas as aten\u00e7\u00f5es voltam-se para a Mega da Virada. A partir desta segunda-feira (18), quem est\u00e1 acostumado com os sorteios regulares do carro-chefe das loterias da Caixa Econ\u00f4mica Federal vai ter que esperar um\u2026","rel":"","context":"In &quot;Dinheiro e Investimento&quot;","block_context":{"text":"Dinheiro e Investimento","link":"https:\/\/noticiasribeiraopreto.com.br\/index.php\/category\/dinheiro-e-investimento-como-fazer-como-ganhar\/"},"img":{"alt_text":"","src":"https:\/\/i0.wp.com\/noticiasribeiraopreto.com.br\/wp-content\/uploads\/2023\/12\/mega-sena-virada-apostas-05122019185738291-1024x576_Easy-Resize.com_-628x353.jpg?fit=628%2C353&ssl=1&resize=350%2C200","width":350,"height":200,"srcset":"https:\/\/i0.wp.com\/noticiasribeiraopreto.com.br\/wp-content\/uploads\/2023\/12\/mega-sena-virada-apostas-05122019185738291-1024x576_Easy-Resize.com_-628x353.jpg?fit=628%2C353&ssl=1&resize=350%2C200 1x, https:\/\/i0.wp.com\/noticiasribeiraopreto.com.br\/wp-content\/uploads\/2023\/12\/mega-sena-virada-apostas-05122019185738291-1024x576_Easy-Resize.com_-628x353.jpg?fit=628%2C353&ssl=1&resize=525%2C300 1.5x"},"classes":[]},{"id":81232,"url":"https:\/\/noticiasribeiraopreto.com.br\/index.php\/2025\/12\/29\/sp-define-pontos-facultativos-para-2026-veja-o-calendario\/","url_meta":{"origin":18881,"position":1},"title":"SP define pontos facultativos para 2026; Veja o calend\u00e1rio","author":"noticiasribeiraopreto.com.br","date":"29 de December de 2025","format":false,"excerpt":"O Governo de S\u00e3o Paulo publicou na sexta-feira (26) o Decreto n\u00ba 70.273, que disp\u00f5e sobre o expediente dos servidores nas reparti\u00e7\u00f5es p\u00fablicas estaduais em 2026. O texto define os pontos facultativos do ano, o recesso de fim de ano e as regras para compensa\u00e7\u00e3o de horas n\u00e3o trabalhadas. Ser\u00e3o\u2026","rel":"","context":"In &quot;Not\u00edcias de Ribeir\u00e3o Preto-SP e Regi\u00e3o&quot;","block_context":{"text":"Not\u00edcias de Ribeir\u00e3o Preto-SP e Regi\u00e3o","link":"https:\/\/noticiasribeiraopreto.com.br\/index.php\/category\/noticias-de-ribeirao-preto-sp-e-regiao-ismael-colosi\/"},"img":{"alt_text":"","src":"https:\/\/i0.wp.com\/noticiasribeiraopreto.com.br\/wp-content\/uploads\/2025\/12\/Calendario-Freepik-944x531-1_2024-07-01_13-15-58_jpg_2024-07-01_13-15-58.webp.webp?fit=944%2C531&ssl=1&resize=350%2C200","width":350,"height":200,"srcset":"https:\/\/i0.wp.com\/noticiasribeiraopreto.com.br\/wp-content\/uploads\/2025\/12\/Calendario-Freepik-944x531-1_2024-07-01_13-15-58_jpg_2024-07-01_13-15-58.webp.webp?fit=944%2C531&ssl=1&resize=350%2C200 1x, https:\/\/i0.wp.com\/noticiasribeiraopreto.com.br\/wp-content\/uploads\/2025\/12\/Calendario-Freepik-944x531-1_2024-07-01_13-15-58_jpg_2024-07-01_13-15-58.webp.webp?fit=944%2C531&ssl=1&resize=525%2C300 1.5x, https:\/\/i0.wp.com\/noticiasribeiraopreto.com.br\/wp-content\/uploads\/2025\/12\/Calendario-Freepik-944x531-1_2024-07-01_13-15-58_jpg_2024-07-01_13-15-58.webp.webp?fit=944%2C531&ssl=1&resize=700%2C400 2x"},"classes":[]},{"id":81437,"url":"https:\/\/noticiasribeiraopreto.com.br\/index.php\/2026\/01\/06\/veja-como-esta-o-plenario-da-camara-de-ribeirao-preto-predio-passa-por-obras\/","url_meta":{"origin":18881,"position":2},"title":"Veja como est\u00e1 o plen\u00e1rio da C\u00e2mara de Ribeir\u00e3o Preto; pr\u00e9dio passa por obras","author":"noticiasribeiraopreto.com.br","date":"6 de January de 2026","format":false,"excerpt":"A C\u00e2mara de Ribeir\u00e3o Preto divulgou nesta segunda-feira (5) fotos das obras no plen\u00e1rio do Legislativo \u2013 veja acima. As obras come\u00e7aram em 2 de dezembro de 2025 e fazem parte do processo de moderniza\u00e7\u00e3o e adequa\u00e7\u00e3o do pr\u00e9dio, que n\u00e3o possui o AVCB (Auto de Vistoria do Corpo de\u2026","rel":"","context":"In &quot;Not\u00edcias de Ribeir\u00e3o Preto-SP e Regi\u00e3o&quot;","block_context":{"text":"Not\u00edcias de Ribeir\u00e3o Preto-SP e Regi\u00e3o","link":"https:\/\/noticiasribeiraopreto.com.br\/index.php\/category\/noticias-de-ribeirao-preto-sp-e-regiao-ismael-colosi\/"},"img":{"alt_text":"","src":"https:\/\/i0.wp.com\/noticiasribeiraopreto.com.br\/wp-content\/uploads\/2026\/01\/camara-ribeirao-preto-2_2026-01-05_20-30-33.webp.webp?fit=1200%2C800&ssl=1&resize=350%2C200","width":350,"height":200,"srcset":"https:\/\/i0.wp.com\/noticiasribeiraopreto.com.br\/wp-content\/uploads\/2026\/01\/camara-ribeirao-preto-2_2026-01-05_20-30-33.webp.webp?fit=1200%2C800&ssl=1&resize=350%2C200 1x, https:\/\/i0.wp.com\/noticiasribeiraopreto.com.br\/wp-content\/uploads\/2026\/01\/camara-ribeirao-preto-2_2026-01-05_20-30-33.webp.webp?fit=1200%2C800&ssl=1&resize=525%2C300 1.5x, https:\/\/i0.wp.com\/noticiasribeiraopreto.com.br\/wp-content\/uploads\/2026\/01\/camara-ribeirao-preto-2_2026-01-05_20-30-33.webp.webp?fit=1200%2C800&ssl=1&resize=700%2C400 2x, https:\/\/i0.wp.com\/noticiasribeiraopreto.com.br\/wp-content\/uploads\/2026\/01\/camara-ribeirao-preto-2_2026-01-05_20-30-33.webp.webp?fit=1200%2C800&ssl=1&resize=1050%2C600 3x"},"classes":[]},{"id":81445,"url":"https:\/\/noticiasribeiraopreto.com.br\/index.php\/2026\/01\/06\/obras-na-camara-de-rp-devem-terminar-em-maio\/","url_meta":{"origin":18881,"position":3},"title":"Obras na C\u00e2mara de RP devem terminar em maio","author":"noticiasribeiraopreto.com.br","date":"6 de January de 2026","format":false,"excerpt":"\r \r \r 6 de janeiro de 2026 09:03 \r Compartilhar0 Com custo de R$ 4,7 milh\u00f5es, a reforma e moderniza\u00e7\u00e3o dos plen\u00e1rios do Legislativo tamb\u00e9m foram necess\u00e1rias para que a C\u00e2mara regularize definitivamente o Auto de Vistoria do Corpo de Bombeiros (AVCB). As obras de reforma dos Plen\u00e1rios I\u2026","rel":"","context":"In &quot;Not\u00edcias de Ribeir\u00e3o Preto-SP e Regi\u00e3o&quot;","block_context":{"text":"Not\u00edcias de Ribeir\u00e3o Preto-SP e Regi\u00e3o","link":"https:\/\/noticiasribeiraopreto.com.br\/index.php\/category\/noticias-de-ribeirao-preto-sp-e-regiao-ismael-colosi\/"},"img":{"alt_text":"","src":"https:\/\/i0.wp.com\/noticiasribeiraopreto.com.br\/wp-content\/uploads\/2026\/01\/3-obras-camara-risk-scaled.jpeg?fit=1040%2C780&ssl=1&resize=350%2C200","width":350,"height":200,"srcset":"https:\/\/i0.wp.com\/noticiasribeiraopreto.com.br\/wp-content\/uploads\/2026\/01\/3-obras-camara-risk-scaled.jpeg?fit=1040%2C780&ssl=1&resize=350%2C200 1x, https:\/\/i0.wp.com\/noticiasribeiraopreto.com.br\/wp-content\/uploads\/2026\/01\/3-obras-camara-risk-scaled.jpeg?fit=1040%2C780&ssl=1&resize=525%2C300 1.5x, https:\/\/i0.wp.com\/noticiasribeiraopreto.com.br\/wp-content\/uploads\/2026\/01\/3-obras-camara-risk-scaled.jpeg?fit=1040%2C780&ssl=1&resize=700%2C400 2x"},"classes":[]},{"id":81653,"url":"https:\/\/noticiasribeiraopreto.com.br\/index.php\/2026\/01\/13\/agenda-adia-divulgacao-de-avaliacao-de-terrenos\/","url_meta":{"origin":18881,"position":4},"title":"Agenda adia divulga\u00e7\u00e3o\u2028 de avalia\u00e7\u00e3o de terrenos","author":"noticiasribeiraopreto.com.br","date":"13 de January de 2026","format":false,"excerpt":"Avalia\u00e7\u00e3o feita pelo CreciSP est\u00e1 pronta desde dezembro, mas ainda n\u00e3o foi entregue \u00e0 prefeitura por incompatibilidade de agendas T\u00e9cnicos do Conselho Regional de Corretores de Im\u00f3veis de S\u00e3o Paulo (CreciSP)\u00a0 j\u00e1 conclu\u00edram a avalia\u00e7\u00e3o de um terreno na Zona Sul e uma edifica\u00e7\u00e3o no Centro envolvidos na permuta que\u2026","rel":"","context":"In &quot;Not\u00edcias de Ribeir\u00e3o Preto-SP e Regi\u00e3o&quot;","block_context":{"text":"Not\u00edcias de Ribeir\u00e3o Preto-SP e Regi\u00e3o","link":"https:\/\/noticiasribeiraopreto.com.br\/index.php\/category\/noticias-de-ribeirao-preto-sp-e-regiao-ismael-colosi\/"},"img":{"alt_text":"","src":"https:\/\/i0.wp.com\/noticiasribeiraopreto.com.br\/wp-content\/uploads\/2026\/01\/CentroRP-Bra-Alfredo-Risk-scaled.jpg?fit=1200%2C662&ssl=1&resize=350%2C200","width":350,"height":200,"srcset":"https:\/\/i0.wp.com\/noticiasribeiraopreto.com.br\/wp-content\/uploads\/2026\/01\/CentroRP-Bra-Alfredo-Risk-scaled.jpg?fit=1200%2C662&ssl=1&resize=350%2C200 1x, https:\/\/i0.wp.com\/noticiasribeiraopreto.com.br\/wp-content\/uploads\/2026\/01\/CentroRP-Bra-Alfredo-Risk-scaled.jpg?fit=1200%2C662&ssl=1&resize=525%2C300 1.5x, https:\/\/i0.wp.com\/noticiasribeiraopreto.com.br\/wp-content\/uploads\/2026\/01\/CentroRP-Bra-Alfredo-Risk-scaled.jpg?fit=1200%2C662&ssl=1&resize=700%2C400 2x, https:\/\/i0.wp.com\/noticiasribeiraopreto.com.br\/wp-content\/uploads\/2026\/01\/CentroRP-Bra-Alfredo-Risk-scaled.jpg?fit=1200%2C662&ssl=1&resize=1050%2C600 3x"},"classes":[]},{"id":34989,"url":"https:\/\/noticiasribeiraopreto.com.br\/index.php\/2024\/02\/04\/aulas-voltam-nesta-segunda-feira-5\/","url_meta":{"origin":18881,"position":5},"title":"Aulas voltam nesta segunda-feira, 5 \u00a0","author":"noticiasribeiraopreto.com.br","date":"4 de February de 2024","format":false,"excerpt":"O ano letivo da rede municipal de ensino de Ribeir\u00e3o Preto ter\u00e1 in\u00edcio nesta segunda-feira, 5 de fevereiro, para todos os cerca de 50 mil alunos da educa\u00e7\u00e3o infantil, ensino fundamental, educa\u00e7\u00e3o especial, educa\u00e7\u00e3o de jovens e adultos e ensino profissionalizante. \u201cTodas as nossas escolas est\u00e3o prontas para mais um\u2026","rel":"","context":"In &quot;Not\u00edcias de Ribeir\u00e3o Preto-SP e Regi\u00e3o&quot;","block_context":{"text":"Not\u00edcias de Ribeir\u00e3o Preto-SP e Regi\u00e3o","link":"https:\/\/noticiasribeiraopreto.com.br\/index.php\/category\/noticias-de-ribeirao-preto-sp-e-regiao-ismael-colosi\/"},"img":{"alt_text":"","src":"https:\/\/i0.wp.com\/noticiasribeiraopreto.com.br\/wp-content\/uploads\/2024\/02\/AulaRP-Guilherme-Sircili-scaled.jpg?fit=967%2C645&ssl=1&resize=350%2C200","width":350,"height":200,"srcset":"https:\/\/i0.wp.com\/noticiasribeiraopreto.com.br\/wp-content\/uploads\/2024\/02\/AulaRP-Guilherme-Sircili-scaled.jpg?fit=967%2C645&ssl=1&resize=350%2C200 1x, https:\/\/i0.wp.com\/noticiasribeiraopreto.com.br\/wp-content\/uploads\/2024\/02\/AulaRP-Guilherme-Sircili-scaled.jpg?fit=967%2C645&ssl=1&resize=525%2C300 1.5x, https:\/\/i0.wp.com\/noticiasribeiraopreto.com.br\/wp-content\/uploads\/2024\/02\/AulaRP-Guilherme-Sircili-scaled.jpg?fit=967%2C645&ssl=1&resize=700%2C400 2x"},"classes":[]}],"jetpack_sharing_enabled":true,"jetpack_shortlink":"https:\/\/wp.me\/peQAOb-4Ux","_links":{"self":[{"href":"https:\/\/noticiasribeiraopreto.com.br\/index.php\/wp-json\/wp\/v2\/posts\/18881","targetHints":{"allow":["GET"]}}],"collection":[{"href":"https:\/\/noticiasribeiraopreto.com.br\/index.php\/wp-json\/wp\/v2\/posts"}],"about":[{"href":"https:\/\/noticiasribeiraopreto.com.br\/index.php\/wp-json\/wp\/v2\/types\/post"}],"author":[{"embeddable":true,"href":"https:\/\/noticiasribeiraopreto.com.br\/index.php\/wp-json\/wp\/v2\/users\/1"}],"replies":[{"embeddable":true,"href":"https:\/\/noticiasribeiraopreto.com.br\/index.php\/wp-json\/wp\/v2\/comments?post=18881"}],"version-history":[{"count":0,"href":"https:\/\/noticiasribeiraopreto.com.br\/index.php\/wp-json\/wp\/v2\/posts\/18881\/revisions"}],"wp:featuredmedia":[{"embeddable":true,"href":"https:\/\/noticiasribeiraopreto.com.br\/index.php\/wp-json\/wp\/v2\/media\/18882"}],"wp:attachment":[{"href":"https:\/\/noticiasribeiraopreto.com.br\/index.php\/wp-json\/wp\/v2\/media?parent=18881"}],"wp:term":[{"taxonomy":"category","embeddable":true,"href":"https:\/\/noticiasribeiraopreto.com.br\/index.php\/wp-json\/wp\/v2\/categories?post=18881"},{"taxonomy":"post_tag","embeddable":true,"href":"https:\/\/noticiasribeiraopreto.com.br\/index.php\/wp-json\/wp\/v2\/tags?post=18881"}],"curies":[{"name":"wp","href":"https:\/\/api.w.org\/{rel}","templated":true}]}}