{"id":18891,"date":"2023-12-21T09:25:30","date_gmt":"2023-12-21T12:25:30","guid":{"rendered":"https:\/\/noticiasribeiraopreto.com.br\/index.php\/2023\/12\/21\/brasil-ganha-reforma-tributaria-mas-implementacao-vai-levar-tempo\/"},"modified":"2023-12-21T09:25:30","modified_gmt":"2023-12-21T12:25:30","slug":"brasil-ganha-reforma-tributaria-mas-implementacao-vai-levar-tempo","status":"publish","type":"post","link":"https:\/\/noticiasribeiraopreto.com.br\/index.php\/2023\/12\/21\/brasil-ganha-reforma-tributaria-mas-implementacao-vai-levar-tempo\/","title":{"rendered":"Brasil ganha reforma tribut\u00e1ria, mas implementa\u00e7\u00e3o vai levar tempo"},"content":{"rendered":"<div class='code-block code-block-1' style='margin: 8px 0 8px auto; text-align: right; display: block; clear: both;'>\n<p><a href=\"https:\/\/wa.link\/vpicfd\"><img data-recalc-dims=\"1\" class=\"wp-image-4922\" style=\"aspect-ratio: 2.0253164556962027; width: 561px; height: auto;\" src=\"https:\/\/i0.wp.com\/ismaelcolosi.com.br\/wp-content\/uploads\/2023\/11\/grupo-de-empregos-whatsapp-e-facebook-ismael-colosi-vagas.jpg?ssl=1\" alt=\"\" \/><\/a><\/p>\n<!-- \/wp:image -->\n<\/div>\n<p> <br \/>\n<\/p>\n<div id=\"js-first-letter\">\n<p>A aprova\u00e7\u00e3o da primeira reforma tribut\u00e1ria desde a ditadura vem dominando o notici\u00e1rio econ\u00f4mico neste fim de ano.<\/p>\n<p>E a vit\u00f3ria do governo na \u00faltima quarta-feira (20) j\u00e1 vem rendendo frutos: a ag\u00eancia de classifica\u00e7\u00e3o de risco de cr\u00e9dito <a href=\"https:\/\/www.seudinheiro.com\/2023\/economia\/sp-eleva-nota-de-credito-do-brasil-vinp\/\" target=\"_blank\" rel=\"noreferrer noopener\">S&amp;P elevou o <em>rating<\/em> do Brasil<\/a>, deixando o pa\u00eds a apenas dois degraus de recuperar a indica\u00e7\u00e3o de \u201cgrau de investimento\u201d.<\/p>\n<p>A euforia, no entanto, pode se perder em meio ao longo caminho que a reforma ainda precisa percorrer para estar plenamente em vigor. Isso porque o desafio agora ser\u00e1 a regulamenta\u00e7\u00e3o por meio de leis complementares, que ser\u00e3o enviadas pelo governo ao Legislativo em 2024.<\/p>\n<p>A aprova\u00e7\u00e3o das leis complementares tende a ser mais f\u00e1cil para o governo, j\u00e1 que \u00e9 necess\u00e1rio o apoio de no m\u00ednimo 257 deputados e 41 senadores. Isso porque, para passar Propostas de Emenda \u00e0 Constitui\u00e7\u00e3o (PEC) como a da reforma tribut\u00e1ria, s\u00e3o necess\u00e1rios 308 votos na C\u00e2mara e 49 no Senado para passar.<\/p>\n<p>Contudo, quem est\u00e1 animado com a reforma, \u00e9 melhor pegar uma cadeira e se sentar. Para al\u00e9m do prazo para a aprova\u00e7\u00e3o das leis complementares, a expectativa \u00e9 de que as mudan\u00e7as previstas pela reforma sejam conclu\u00eddas somente em 2033.<\/p>\n<p><strong>VEJA TAMB\u00c9M: A DINHEIRISTA &#8211;<\/strong> <a href=\"https:\/\/youtu.be\/plZodys_sF0\" target=\"_blank\" rel=\"noreferrer noopener\">VENDI MEU VALE-ALIMENTA\u00c7\u00c3O E AGORA ESTOU SENDO AMEA\u00c7ADA!<\/a><\/p>\n<figure class=\"wp-block-embed is-type-video is-provider-youtube wp-block-embed-youtube wp-embed-aspect-16-9 wp-has-aspect-ratio\">\n<p>\n<iframe loading=\"lazy\" title=\"VENDI MEU VALE-ALIMENTA\u00c7\u00c3O E AGORA ESTOU SENDO AMEA\u00c7ADA! I A DINHEIRISTA\" width=\"500\" height=\"281\" src=\"https:\/\/www.youtube.com\/embed\/plZodys_sF0?feature=oembed\" frameborder=\"0\" allow=\"accelerometer; autoplay; clipboard-write; encrypted-media; gyroscope; picture-in-picture; web-share\" referrerpolicy=\"strict-origin-when-cross-origin\" allowfullscreen><\/iframe>\n<\/p>\n<\/figure>\n<p>A reforma tribut\u00e1ria cria o Imposto sobre Bens e Servi\u00e7os (IBS), que substituir\u00e1 o ICMS estadual e o ISS municipal. Al\u00e9m disso, tamb\u00e9m altera a Contribui\u00e7\u00e3o sobre Bens e Servi\u00e7os (CBS), que ficar\u00e1 no lugar de tributos federais, como o PIS e a Cofins.<\/p>\n<p>A proposta estabelece ainda um Imposto Seletivo que compensar\u00e1 o fim do IPI e servir\u00e1 para desestimular o uso de produtos que fazem mal \u00e0 sa\u00fade e ao meio ambiente.\u00a0<\/p>\n<p>O princ\u00edpio da reforma \u00e9 deslocar a cobran\u00e7a do imposto da origem (onde a mercadoria \u00e9 produzida) para o destino (onde \u00e9 consumida).<\/p>\n<h2 class=\"wp-block-heading\" id=\"h-os-prazos-para-as-leis-complementares\">Os prazos para as leis complementares<\/h2>\n<p>O governo ter\u00e1 um prazo de 180 dias para elaborar os projetos que ser\u00e3o enviados ao Congresso para regulamentar as novas regras de tributa\u00e7\u00e3o do consumo.<\/p>\n<p>O secret\u00e1rio extraordin\u00e1rio do Minist\u00e9rio da Fazenda para a reforma, Bernard Appy, planeja concluir os textos antes do fim do prazo, com um trabalho conjunto da Uni\u00e3o, Estados, munic\u00edpios e parlamento.<\/p>\n<h2 class=\"wp-block-heading\" id=\"h-o-impacto-das-leis-complementares-na-reforma-tributaria\">O impacto das leis complementares na reforma tribut\u00e1ria<\/h2>\n<p>As leis complementares v\u00e3o definir, por exemplo, a al\u00edquota do Imposto sobre Valor Agregado (IVA) dual, que re\u00fane o IBS estadual e a CBS federal.\u00a0<\/p>\n<p>Tamb\u00e9m ser\u00e1 por meio da regulamenta\u00e7\u00e3o que ficar\u00e1 mais claro como funcionar\u00e3o os regimes diferenciados e as al\u00edquotas reduzidas para determinados setores.<\/p>\n<p>No ano que vem, governo e Congresso tamb\u00e9m definir\u00e3o, por meio de lei complementar, a atua\u00e7\u00e3o do Comit\u00ea Gestor do IBS, que distribuir\u00e1 os recursos arrecadados para Estados e munic\u00edpios.\u00a0<\/p>\n<p>Em 2024, tamb\u00e9m ser\u00e3o definidos a composi\u00e7\u00e3o da cesta b\u00e1sica nacional, o sistema de <em>cashback<\/em> (devolu\u00e7\u00e3o de tributos) e a implementa\u00e7\u00e3o do Imposto Seletivo.<\/p>\n<p>O presidente da C\u00e2mara, Arthur Lira (PP-AL) j\u00e1 sinalizou uma poss\u00edvel cria\u00e7\u00e3o de grupos de trabalho para dar celeridade \u00e0 tramita\u00e7\u00e3o das leis complementares.<\/p>\n<p>O modelo de grupo de trabalho foi o escolhido pelo presidente da C\u00e2mara para acelerar o andamento da reforma este ano.<\/p>\n<p>Esse trabalho ter\u00e1 tr\u00eas eixos principais. A parte estrutural lidar\u00e1 com fato gerador, base de c\u00e1lculo e modelo de cobran\u00e7a. O tratamento dos regimes espec\u00edficos trar\u00e1 a defini\u00e7\u00e3o clara dos bens e servi\u00e7os nas al\u00edquotas reduzidas.\u00a0<\/p>\n<p>Por fim, o comit\u00ea gestor ser\u00e1 um projeto mais relevante para Estados e munic\u00edpios do que para a Uni\u00e3o.<\/p>\n<p><em>*Com informa\u00e7\u00f5es do Estad\u00e3o Conte\u00fado<\/em><\/p>\n<\/div>\n<p><br \/>\n<br \/><a href=\"https:\/\/www.seudinheiro.com\/2023\/economia\/antes-tarde-do-que-nunca-brasil-ganha-reforma-tributaria-apos-30-anos-de-debates-mas-implementacao-ainda-vai-levar-tempo-davs\/\">Source link <\/a><\/p>\n<!-- CONTENT END 1 -->\n","protected":false},"excerpt":{"rendered":"<p>A aprova\u00e7\u00e3o da primeira reforma tribut\u00e1ria desde a ditadura vem dominando o notici\u00e1rio econ\u00f4mico neste fim de ano. E a vit\u00f3ria do governo na \u00faltima&#8230;<\/p>\n","protected":false},"author":1,"featured_media":18892,"comment_status":"open","ping_status":"open","sticky":false,"template":"","format":"standard","meta":{"advanced_seo_description":"","jetpack_seo_html_title":"","jetpack_seo_noindex":false,"jetpack_post_was_ever_published":false,"_jetpack_newsletter_access":"","_jetpack_dont_email_post_to_subs":false,"_jetpack_newsletter_tier_id":0,"_jetpack_memberships_contains_paywalled_content":false,"_jetpack_memberships_contains_paid_content":false,"footnotes":"","jetpack_publicize_message":"","jetpack_publicize_feature_enabled":true,"jetpack_social_post_already_shared":true,"jetpack_social_options":{"image_generator_settings":{"template":"highway","default_image_id":0,"font":"","enabled":false},"version":2}},"categories":[1235],"tags":[],"class_list":["post-18891","post","type-post","status-publish","format-standard","has-post-thumbnail","hentry","category-dinheiro-e-investimento-como-fazer-como-ganhar"],"jetpack_publicize_connections":[],"jetpack_featured_media_url":"https:\/\/i0.wp.com\/noticiasribeiraopreto.com.br\/wp-content\/uploads\/2023\/12\/a81t0135.jpeg?fit=1024%2C768&ssl=1","jetpack-related-posts":[{"id":17694,"url":"https:\/\/noticiasribeiraopreto.com.br\/index.php\/2023\/12\/18\/o-que-esperar-para-a-geracao-de-empregos-e-negocios\/","url_meta":{"origin":18891,"position":0},"title":"o que esperar para a gera\u00e7\u00e3o de empregos e neg\u00f3cios?","author":"noticiasribeiraopreto.com.br","date":"18 de December de 2023","format":false,"excerpt":"A reforma tribut\u00e1ria, aprovada no Senado em novembro de 2023, prev\u00ea a cria\u00e7\u00e3o de um imposto sobre valor agregado (IVA) dual, com al\u00edquotas de 17% e 27,5%. As al\u00edquotas mais altas ser\u00e3o aplicadas aos servi\u00e7os, que ter\u00e3o uma carga tribut\u00e1ria estimada em 27,5%, mais alta que os atuais 9,25% do\u2026","rel":"","context":"In &quot;Vagas de Emprego em Ribeir\u00e3o Preto-SP&quot;","block_context":{"text":"Vagas de Emprego em Ribeir\u00e3o Preto-SP","link":"https:\/\/noticiasribeiraopreto.com.br\/index.php\/category\/empregos-classificados-vagas-trabalho\/vagas-de-empregos-em-ribeirao-preto-regiao-brasil\/"},"img":{"alt_text":"","src":"https:\/\/i0.wp.com\/noticiasribeiraopreto.com.br\/wp-content\/uploads\/2023\/12\/1702951498_real-novo-65-1.jpg?fit=1200%2C675&ssl=1&resize=350%2C200","width":350,"height":200,"srcset":"https:\/\/i0.wp.com\/noticiasribeiraopreto.com.br\/wp-content\/uploads\/2023\/12\/1702951498_real-novo-65-1.jpg?fit=1200%2C675&ssl=1&resize=350%2C200 1x, https:\/\/i0.wp.com\/noticiasribeiraopreto.com.br\/wp-content\/uploads\/2023\/12\/1702951498_real-novo-65-1.jpg?fit=1200%2C675&ssl=1&resize=525%2C300 1.5x, https:\/\/i0.wp.com\/noticiasribeiraopreto.com.br\/wp-content\/uploads\/2023\/12\/1702951498_real-novo-65-1.jpg?fit=1200%2C675&ssl=1&resize=700%2C400 2x, https:\/\/i0.wp.com\/noticiasribeiraopreto.com.br\/wp-content\/uploads\/2023\/12\/1702951498_real-novo-65-1.jpg?fit=1200%2C675&ssl=1&resize=1050%2C600 3x"},"classes":[]},{"id":17822,"url":"https:\/\/noticiasribeiraopreto.com.br\/index.php\/2023\/12\/19\/promulgacao-da-reforma-tributaria-ja-tem-data-certa-saiba-quando-medidas-comecam-a-valer-2\/","url_meta":{"origin":18891,"position":1},"title":"Promulga\u00e7\u00e3o da Reforma Tribut\u00e1ria j\u00e1 tem data certa; Saiba quando medidas come\u00e7am a valer","author":"noticiasribeiraopreto.com.br","date":"19 de December de 2023","format":false,"excerpt":"Ap\u00f3s debates intensos, a reforma tribut\u00e1ria, que visa transformar o cen\u00e1rio da tributa\u00e7\u00e3o do consumo no Brasil, foi aprovada na semana passada e j\u00e1 tem data marcada para sua promulga\u00e7\u00e3o. A sess\u00e3o conjunta do Congresso Nacional que oficializar\u00e1 as mudan\u00e7as est\u00e1 agendada para a pr\u00f3xima quarta-feira, 20 de dezembro. O\u2026","rel":"","context":"In &quot;Vagas de Emprego em Ribeir\u00e3o Preto-SP&quot;","block_context":{"text":"Vagas de Emprego em Ribeir\u00e3o Preto-SP","link":"https:\/\/noticiasribeiraopreto.com.br\/index.php\/category\/empregos-classificados-vagas-trabalho\/vagas-de-empregos-em-ribeirao-preto-regiao-brasil\/"},"img":{"alt_text":"","src":"https:\/\/i0.wp.com\/noticiasribeiraopreto.com.br\/wp-content\/uploads\/2023\/12\/1702981785_moeda-real-34.jpg?fit=1200%2C675&ssl=1&resize=350%2C200","width":350,"height":200,"srcset":"https:\/\/i0.wp.com\/noticiasribeiraopreto.com.br\/wp-content\/uploads\/2023\/12\/1702981785_moeda-real-34.jpg?fit=1200%2C675&ssl=1&resize=350%2C200 1x, https:\/\/i0.wp.com\/noticiasribeiraopreto.com.br\/wp-content\/uploads\/2023\/12\/1702981785_moeda-real-34.jpg?fit=1200%2C675&ssl=1&resize=525%2C300 1.5x, https:\/\/i0.wp.com\/noticiasribeiraopreto.com.br\/wp-content\/uploads\/2023\/12\/1702981785_moeda-real-34.jpg?fit=1200%2C675&ssl=1&resize=700%2C400 2x, https:\/\/i0.wp.com\/noticiasribeiraopreto.com.br\/wp-content\/uploads\/2023\/12\/1702981785_moeda-real-34.jpg?fit=1200%2C675&ssl=1&resize=1050%2C600 3x"},"classes":[]},{"id":35954,"url":"https:\/\/noticiasribeiraopreto.com.br\/index.php\/2024\/02\/08\/entenda-como-as-novas-regras-da-reforma-tributaria-vao-afetar-o-seu-dia-a-dia\/","url_meta":{"origin":18891,"position":2},"title":"Entenda como as novas regras da Reforma tribut\u00e1ria v\u00e3o afetar o seu dia a dia","author":"noticiasribeiraopreto.com.br","date":"8 de February de 2024","format":false,"excerpt":"Imagem: Google A reforma tribut\u00e1ria, que terminou sua vota\u00e7\u00e3o na C\u00e2mara dos Deputados na madrugada desta sexta-feira (7), traz diversas mudan\u00e7as nos impostos relacionados ao consumo, inclusive aqueles voltados para cestas b\u00e1sicas e medicamentos, afetando o dia a dia do povo brasileiro. Isso porque essas mudan\u00e7as afetam diretamente o consumidor\u2026","rel":"","context":"In &quot;Dinheiro e Investimento&quot;","block_context":{"text":"Dinheiro e Investimento","link":"https:\/\/noticiasribeiraopreto.com.br\/index.php\/category\/dinheiro-e-investimento-como-fazer-como-ganhar\/"},"img":{"alt_text":"","src":"https:\/\/i0.wp.com\/noticiasribeiraopreto.com.br\/wp-content\/uploads\/2024\/02\/front-view-finance-business-elements-assortment.webp.jpeg?fit=1200%2C675&ssl=1&resize=350%2C200","width":350,"height":200,"srcset":"https:\/\/i0.wp.com\/noticiasribeiraopreto.com.br\/wp-content\/uploads\/2024\/02\/front-view-finance-business-elements-assortment.webp.jpeg?fit=1200%2C675&ssl=1&resize=350%2C200 1x, https:\/\/i0.wp.com\/noticiasribeiraopreto.com.br\/wp-content\/uploads\/2024\/02\/front-view-finance-business-elements-assortment.webp.jpeg?fit=1200%2C675&ssl=1&resize=525%2C300 1.5x, https:\/\/i0.wp.com\/noticiasribeiraopreto.com.br\/wp-content\/uploads\/2024\/02\/front-view-finance-business-elements-assortment.webp.jpeg?fit=1200%2C675&ssl=1&resize=700%2C400 2x, https:\/\/i0.wp.com\/noticiasribeiraopreto.com.br\/wp-content\/uploads\/2024\/02\/front-view-finance-business-elements-assortment.webp.jpeg?fit=1200%2C675&ssl=1&resize=1050%2C600 3x"},"classes":[]},{"id":774,"url":"https:\/\/noticiasribeiraopreto.com.br\/index.php\/2023\/11\/09\/senado-aprova-texto-da-reforma-tributaria\/","url_meta":{"origin":18891,"position":3},"title":"Senado aprova texto da reforma tribut\u00e1ria","author":"noticiasribeiraopreto.com.br","date":"9 de November de 2023","format":false,"excerpt":"O Senado aprovou nesta quarta-feira, 8 de novembro, em dois turnos, o texto-base da reforma tribut\u00e1ria por 53 votos a 24. A aprova\u00e7\u00e3o se deu por uma margem apertada, j\u00e1 que eram necess\u00e1rios 49 votos para que o texto tivesse a chancela dos senadores. Como passou por modifica\u00e7\u00f5es no Senado\u2026","rel":"","context":"In &quot;Not\u00edcias de Ribeir\u00e3o Preto-SP e Regi\u00e3o&quot;","block_context":{"text":"Not\u00edcias de Ribeir\u00e3o Preto-SP e Regi\u00e3o","link":"https:\/\/noticiasribeiraopreto.com.br\/index.php\/category\/noticias-de-ribeirao-preto-sp-e-regiao-ismael-colosi\/"},"img":{"alt_text":"","src":"https:\/\/i0.wp.com\/noticiasribeiraopreto.com.br\/wp-content\/uploads\/2023\/11\/reformatributaria-1-scaled.jpg?fit=1000%2C598&ssl=1&resize=350%2C200","width":350,"height":200,"srcset":"https:\/\/i0.wp.com\/noticiasribeiraopreto.com.br\/wp-content\/uploads\/2023\/11\/reformatributaria-1-scaled.jpg?fit=1000%2C598&ssl=1&resize=350%2C200 1x, https:\/\/i0.wp.com\/noticiasribeiraopreto.com.br\/wp-content\/uploads\/2023\/11\/reformatributaria-1-scaled.jpg?fit=1000%2C598&ssl=1&resize=525%2C300 1.5x, https:\/\/i0.wp.com\/noticiasribeiraopreto.com.br\/wp-content\/uploads\/2023\/11\/reformatributaria-1-scaled.jpg?fit=1000%2C598&ssl=1&resize=700%2C400 2x"},"classes":[]},{"id":54420,"url":"https:\/\/noticiasribeiraopreto.com.br\/index.php\/2024\/07\/10\/entenda-como-as-novas-regras-da-reforma-tributaria-vao-afetar-o-seu-dia-a-dia-2\/","url_meta":{"origin":18891,"position":4},"title":"Entenda como as novas regras da Reforma tribut\u00e1ria v\u00e3o afetar o seu dia a dia","author":"noticiasribeiraopreto.com.br","date":"10 de July de 2024","format":false,"excerpt":"Imagem: Google A reforma tribut\u00e1ria, que terminou sua vota\u00e7\u00e3o na C\u00e2mara dos Deputados na madrugada desta sexta-feira (7), traz diversas mudan\u00e7as nos impostos relacionados ao consumo, inclusive aqueles voltados para cestas b\u00e1sicas e medicamentos, afetando o dia a dia do povo brasileiro. Isso porque essas mudan\u00e7as afetam diretamente o consumidor\u2026","rel":"","context":"In &quot;Dinheiro e Investimento&quot;","block_context":{"text":"Dinheiro e Investimento","link":"https:\/\/noticiasribeiraopreto.com.br\/index.php\/category\/dinheiro-e-investimento-como-fazer-como-ganhar\/"},"img":{"alt_text":"","src":"https:\/\/i0.wp.com\/noticiasribeiraopreto.com.br\/wp-content\/uploads\/2024\/07\/front-view-finance-business-elements-assortment.webp.webp?fit=1200%2C675&ssl=1&resize=350%2C200","width":350,"height":200,"srcset":"https:\/\/i0.wp.com\/noticiasribeiraopreto.com.br\/wp-content\/uploads\/2024\/07\/front-view-finance-business-elements-assortment.webp.webp?fit=1200%2C675&ssl=1&resize=350%2C200 1x, https:\/\/i0.wp.com\/noticiasribeiraopreto.com.br\/wp-content\/uploads\/2024\/07\/front-view-finance-business-elements-assortment.webp.webp?fit=1200%2C675&ssl=1&resize=525%2C300 1.5x, https:\/\/i0.wp.com\/noticiasribeiraopreto.com.br\/wp-content\/uploads\/2024\/07\/front-view-finance-business-elements-assortment.webp.webp?fit=1200%2C675&ssl=1&resize=700%2C400 2x, https:\/\/i0.wp.com\/noticiasribeiraopreto.com.br\/wp-content\/uploads\/2024\/07\/front-view-finance-business-elements-assortment.webp.webp?fit=1200%2C675&ssl=1&resize=1050%2C600 3x"},"classes":[]},{"id":16744,"url":"https:\/\/noticiasribeiraopreto.com.br\/index.php\/2023\/12\/16\/congresso-finalmente-aprova-reforma-tributaria-agora-so-falta-um-passo-para-ela-entrar-em-vigor\/","url_meta":{"origin":18891,"position":5},"title":"Congresso finalmente aprova reforma tribut\u00e1ria; agora s\u00f3 falta um passo para ela entrar em vigor","author":"noticiasribeiraopreto.com.br","date":"16 de December de 2023","format":false,"excerpt":"Falta apenas um passo para que a reforma tribut\u00e1ria sobre o consumo no Brasil entre em vigor. No fim da noite de sexta-feira (15), a C\u00e2mara dos Deputados aprovou em segundo turno o texto-base da reforma. Foram 365 votos a favor, 116 contra e uma absten\u00e7\u00e3o. Logo em seguida, os\u2026","rel":"","context":"In &quot;Dinheiro e Investimento&quot;","block_context":{"text":"Dinheiro e Investimento","link":"https:\/\/noticiasribeiraopreto.com.br\/index.php\/category\/dinheiro-e-investimento-como-fazer-como-ganhar\/"},"img":{"alt_text":"","src":"https:\/\/i0.wp.com\/noticiasribeiraopreto.com.br\/wp-content\/uploads\/2023\/12\/Congresso-Mercados-v4-Alta-628x353.jpg?fit=628%2C353&ssl=1&resize=350%2C200","width":350,"height":200,"srcset":"https:\/\/i0.wp.com\/noticiasribeiraopreto.com.br\/wp-content\/uploads\/2023\/12\/Congresso-Mercados-v4-Alta-628x353.jpg?fit=628%2C353&ssl=1&resize=350%2C200 1x, https:\/\/i0.wp.com\/noticiasribeiraopreto.com.br\/wp-content\/uploads\/2023\/12\/Congresso-Mercados-v4-Alta-628x353.jpg?fit=628%2C353&ssl=1&resize=525%2C300 1.5x"},"classes":[]}],"jetpack_sharing_enabled":true,"jetpack_shortlink":"https:\/\/wp.me\/peQAOb-4UH","_links":{"self":[{"href":"https:\/\/noticiasribeiraopreto.com.br\/index.php\/wp-json\/wp\/v2\/posts\/18891","targetHints":{"allow":["GET"]}}],"collection":[{"href":"https:\/\/noticiasribeiraopreto.com.br\/index.php\/wp-json\/wp\/v2\/posts"}],"about":[{"href":"https:\/\/noticiasribeiraopreto.com.br\/index.php\/wp-json\/wp\/v2\/types\/post"}],"author":[{"embeddable":true,"href":"https:\/\/noticiasribeiraopreto.com.br\/index.php\/wp-json\/wp\/v2\/users\/1"}],"replies":[{"embeddable":true,"href":"https:\/\/noticiasribeiraopreto.com.br\/index.php\/wp-json\/wp\/v2\/comments?post=18891"}],"version-history":[{"count":0,"href":"https:\/\/noticiasribeiraopreto.com.br\/index.php\/wp-json\/wp\/v2\/posts\/18891\/revisions"}],"wp:featuredmedia":[{"embeddable":true,"href":"https:\/\/noticiasribeiraopreto.com.br\/index.php\/wp-json\/wp\/v2\/media\/18892"}],"wp:attachment":[{"href":"https:\/\/noticiasribeiraopreto.com.br\/index.php\/wp-json\/wp\/v2\/media?parent=18891"}],"wp:term":[{"taxonomy":"category","embeddable":true,"href":"https:\/\/noticiasribeiraopreto.com.br\/index.php\/wp-json\/wp\/v2\/categories?post=18891"},{"taxonomy":"post_tag","embeddable":true,"href":"https:\/\/noticiasribeiraopreto.com.br\/index.php\/wp-json\/wp\/v2\/tags?post=18891"}],"curies":[{"name":"wp","href":"https:\/\/api.w.org\/{rel}","templated":true}]}}