{"id":18897,"date":"2023-12-21T09:48:11","date_gmt":"2023-12-21T12:48:11","guid":{"rendered":"https:\/\/noticiasribeiraopreto.com.br\/index.php\/2023\/12\/21\/os-lancamentos-mais-aguardados-nos-cinemas-em-2024-veja-a-lista\/"},"modified":"2023-12-21T09:48:11","modified_gmt":"2023-12-21T12:48:11","slug":"os-lancamentos-mais-aguardados-nos-cinemas-em-2024-veja-a-lista","status":"publish","type":"post","link":"https:\/\/noticiasribeiraopreto.com.br\/index.php\/2023\/12\/21\/os-lancamentos-mais-aguardados-nos-cinemas-em-2024-veja-a-lista\/","title":{"rendered":"Os lan\u00e7amentos mais aguardados nos cinemas em 2024; veja a lista"},"content":{"rendered":"<div class='code-block code-block-1' style='margin: 8px 0 8px auto; text-align: right; display: block; clear: both;'>\n<p><a href=\"https:\/\/wa.link\/vpicfd\"><img data-recalc-dims=\"1\" class=\"wp-image-4922\" style=\"aspect-ratio: 2.0253164556962027; width: 561px; height: auto;\" src=\"https:\/\/i0.wp.com\/ismaelcolosi.com.br\/wp-content\/uploads\/2023\/11\/grupo-de-empregos-whatsapp-e-facebook-ismael-colosi-vagas.jpg?ssl=1\" alt=\"\" \/><\/a><\/p>\n<!-- \/wp:image -->\n<\/div>\n<p> <br \/>\n<\/p>\n<div>\n<div id=\"attachment_2329390\" class=\"wp-caption alignnone\">\n<div class=\"d-flex justify-content-center\" data-attachment-id=\"2329390\">\n<div class=\"position-relative d-inline-block\"><img data-recalc-dims=\"1\" data-portal-copyright=\"divulga\u00e7\u00e3o\" fetchpriority=\"high\" decoding=\"async\" class=\"size-full wp-image-2329390\" src=\"https:\/\/i0.wp.com\/catracalivre.com.br\/wp-content\/uploads\/2023\/12\/fotos-catraca-2023-12-20t000813537.png?resize=1200%2C660&#038;ssl=1\" alt=\"Lan\u00e7amentos marcados para 2024 nos cinemas\" width=\"1200\" height=\"660\" srcset=\"https:\/\/catracalivre.com.br\/wp-content\/uploads\/2023\/12\/fotos-catraca-2023-12-20t000813537.png 1200w, https:\/\/catracalivre.com.br\/wp-content\/uploads\/2023\/12\/fotos-catraca-2023-12-20t000813537-450x248.png 450w, https:\/\/catracalivre.com.br\/wp-content\/uploads\/2023\/12\/fotos-catraca-2023-12-20t000813537-768x422.png 768w\" sizes=\"(max-width: 1200px) 100vw, 1200px\"\/><\/p>\n<p>Cr\u00e9ditos: divulga\u00e7\u00e3o<\/p>\n<\/div>\n<\/div>\n<p><span class=\"post-imagem__legenda\">Lan\u00e7amentos marcados para 2024 nos cinemas<\/span><\/p>\n<\/div>\n<p><span style=\"font-weight: 400;\">Aos cin\u00e9filos de plant\u00e3o, a espera est\u00e1 acabando! O ano de <a href=\"https:\/\/catracalivre.com.br\/entretenimento\/novo-streaming-brasileiro-deve-chegar-em-2024-veja-o-que-se-sabe\/\" target=\"_blank\" rel=\"noopener\">2024<\/a> est\u00e1 chegando e com ele os lan\u00e7amentos mais aguardados nos cinemas.\u00a0<\/span><\/p>\n<p><span style=\"font-weight: 400;\">Com <\/span><a href=\"https:\/\/catracalivre.com.br\/entretenimento\/22-producoes-chegam-ao-catalogo-do-globoplay-em-dezembro-veja-a-lista\/\"><span style=\"font-weight: 400;\">produ\u00e7\u00f5es<\/span><\/a><span style=\"font-weight: 400;\"> incr\u00edveis, o novo ano <\/span><span style=\"font-weight: 400;\">promete muita a\u00e7\u00e3o e emo\u00e7\u00e3o, trazendo diversos tramas, como \u201cMeninas Malvadas: O Musical\u201d, \u201c<\/span><a href=\"https:\/\/catracalivre.com.br\/viagem-livre\/5-destinos-no-brasil-para-se-sentir-em-duna\/\"><span style=\"font-weight: 400;\">Duna<\/span><\/a><span style=\"font-weight: 400;\">: Parte 2\u2033, \u201cDivertida Mente 2\u201d, mais filmes de super-her\u00f3is, sequ\u00eancias de franquias e muito mais.\u00a0<\/span><\/p>\n<p><b>A seguir, veja os principais lan\u00e7amentos, juntamente com a previs\u00e3o de estreia e mais detalhes interessantes.<\/b><\/p>\n<ul>\n<li>\n<h2><b>\u201cWish: o Poder dos Desejos\u201d<\/b><\/h2>\n<\/li>\n<\/ul>\n<p><b>Data de estreia:<\/b><span style=\"font-weight: 400;\"> 4 de janeiro<br \/><\/span><b>Dire\u00e7\u00e3o:<\/b> <span style=\"font-weight: 400;\">Chris Buck; Fawn Veerasunthorn<br \/><\/span><b>Elenco: <\/b><span style=\"font-weight: 400;\">Ariana DeBose, Chris Pine, Alan Tudyk, Evan Peters<\/span><\/p>\n<p class=\"embed-responsive embed-responsive-16by9 mb-3 d-block\"><iframe loading=\"lazy\" title=\"Wish: O Poder dos Desejos | Trailer Oficial Dublado\" width=\"500\" height=\"281\" src=\"https:\/\/www.youtube.com\/embed\/oNCi0ejFPC4?feature=oembed\" frameborder=\"0\" allow=\"accelerometer; autoplay; clipboard-write; encrypted-media; gyroscope; picture-in-picture; web-share\" referrerpolicy=\"strict-origin-when-cross-origin\" allowfullscreen><\/iframe><\/p>\n<ul>\n<li>\n<h2><b>\u201cMeninas Malvadas: O Musical\u201d<\/b><\/h2>\n<\/li>\n<\/ul>\n<p><b>Data de estreia:<\/b><span style=\"font-weight: 400;\"> 11 de janeiro<br \/><\/span><b>Dire\u00e7\u00e3o:<\/b> <span style=\"font-weight: 400;\">Samantha Jayne<\/span><span style=\"font-weight: 400;\">, Arturo Perez Jr.<br \/><\/span><b>Elenco:<\/b><span style=\"font-weight: 400;\"> Rene\u00e9 Rapp, Angourie Rice, Christopher Briney, Tina Fey<\/span><\/p>\n<p class=\"embed-responsive embed-responsive-16by9 mb-3 d-block\"><iframe loading=\"lazy\" title=\"Mean Girls | Official Trailer (2024 Movie)\" width=\"500\" height=\"281\" src=\"https:\/\/www.youtube.com\/embed\/fFtdbEgnUOk?feature=oembed\" frameborder=\"0\" allow=\"accelerometer; autoplay; clipboard-write; encrypted-media; gyroscope; picture-in-picture; web-share\" referrerpolicy=\"strict-origin-when-cross-origin\" allowfullscreen><\/iframe><\/p>\n<ul>\n<li>\n<h2>\u201cTurma da M\u00f4nica Jovem: Reflexos do Medo\u201d<\/h2>\n<\/li>\n<\/ul>\n<p><b>Data de estreia:<\/b><span style=\"font-weight: 400;\"> 18 de janeiro<br \/><\/span><b>Dire\u00e7\u00e3o:<\/b> Mauricio E\u00e7a,\u00a0Christiano Metri<span style=\"font-weight: 400;\"><br \/><\/span><b>Elenco:\u00a0<\/b>Sophia Valverde,\u00a0Xande Valois,\u00a0Bianca Paiva<\/p>\n<p class=\"embed-responsive embed-responsive-16by9 mb-3 d-block\"><iframe loading=\"lazy\" title=\"Turma da M\u00f4nica Jovem: Reflexos do Medo | Trailer 2 | 18 de janeiro nos cinemas\" width=\"500\" height=\"281\" src=\"https:\/\/www.youtube.com\/embed\/n-KylsGYIwQ?feature=oembed\" frameborder=\"0\" allow=\"accelerometer; autoplay; clipboard-write; encrypted-media; gyroscope; picture-in-picture; web-share\" referrerpolicy=\"strict-origin-when-cross-origin\" allowfullscreen><\/iframe><\/p>\n<p><b>Data de estreia:<\/b><span style=\"font-weight: 400;\"> 2 de fevereiro<br \/><\/span><b>Dire\u00e7\u00e3o:<\/b> <span style=\"font-weight: 400;\">Matthew Vaughn<br \/><\/span><b>Elenco: <\/b><span style=\"font-weight: 400;\">Dua Lipa, Henry Cavill, Bryce Dallas Howard<\/span><\/p>\n<p class=\"embed-responsive embed-responsive-16by9 mb-3 d-block\"><iframe loading=\"lazy\" title=\"ARGYLLE - O SUPERESPI\u00c3O | Trailer 1 Oficial (Universal Studios) - HD\" width=\"500\" height=\"281\" src=\"https:\/\/www.youtube.com\/embed\/tFcCMZExr5Q?feature=oembed\" frameborder=\"0\" allow=\"accelerometer; autoplay; clipboard-write; encrypted-media; gyroscope; picture-in-picture; web-share\" referrerpolicy=\"strict-origin-when-cross-origin\" allowfullscreen><\/iframe><\/p>\n<p><b>Data de estreia:<\/b><span style=\"font-weight: 400;\"> 9 de fevereiro<br \/><\/span><b>Dire\u00e7\u00e3o:<\/b><span style=\"font-weight: 400;\"> Justin Baldoni<br \/><\/span><b>Elenco:<\/b><span style=\"font-weight: 400;\"> Blake Lively, Brandon Sklenar, Justin Baldoni\u00a0\u00a0<\/span><\/p>\n<p><i><span style=\"font-weight: 400;\">Trailer oficial n\u00e3o divulgado.<\/span><\/i><\/p>\n<p><b>Data de estreia:<\/b><span style=\"font-weight: 400;\"> 9 de fevereiro<br \/><\/span><b>Dire\u00e7\u00e3o:<\/b> <span style=\"font-weight: 400;\">Zelda Williams<br \/><\/span><b>Elenco:<\/b> Kathryn Newton, Liza Soberano, Cole Sprouse<\/p>\n<p class=\"embed-responsive embed-responsive-16by9 mb-3 d-block\"><iframe loading=\"lazy\" title=\"LISA FRANKENSTEIN - Official Teaser Trailer\" width=\"500\" height=\"281\" src=\"https:\/\/www.youtube.com\/embed\/8XGQ0n9T61o?feature=oembed\" frameborder=\"0\" allow=\"accelerometer; autoplay; clipboard-write; encrypted-media; gyroscope; picture-in-picture; web-share\" referrerpolicy=\"strict-origin-when-cross-origin\" allowfullscreen><\/iframe><\/p>\n<p><b>Data de estreia:<\/b><span style=\"font-weight: 400;\"> 15 de fevereiro<br \/><\/span><b>Dire\u00e7\u00e3o:<\/b> <span style=\"font-weight: 400;\">S. J. Clarkson<br \/><\/span><b>Elenco:<\/b><span style=\"font-weight: 400;\"> Sydney Sweeney, Dakota Johnson, Isabela Merced, Emma Roberts\u00a0<\/span><\/p>\n<p class=\"embed-responsive embed-responsive-16by9 mb-3 d-block\"><iframe loading=\"lazy\" title=\"Madame Teia | Trailer Oficial Dublado\" width=\"500\" height=\"281\" src=\"https:\/\/www.youtube.com\/embed\/yGouqVQ-wUw?feature=oembed\" frameborder=\"0\" allow=\"accelerometer; autoplay; clipboard-write; encrypted-media; gyroscope; picture-in-picture; web-share\" referrerpolicy=\"strict-origin-when-cross-origin\" allowfullscreen><\/iframe><\/p>\n<p><b>Data de estreia:<\/b><span style=\"font-weight: 400;\"> 7 de mar\u00e7o<br \/><\/span><b>Dire\u00e7\u00e3o:<\/b> <span style=\"font-weight: 400;\">Mike Mitchell<br \/><\/span><b>Elenco:<\/b><span style=\"font-weight: 400;\"> Jack Black, Awkwafina, Jackie Chan<\/span><\/p>\n<p class=\"embed-responsive embed-responsive-16by9 mb-3 d-block\"><iframe loading=\"lazy\" title=\"Kung Fu Panda 4 | Trailer Oficial Dublado (Universal Pictures) - HD\" width=\"500\" height=\"281\" src=\"https:\/\/www.youtube.com\/embed\/yzXz9r5EyxU?feature=oembed\" frameborder=\"0\" allow=\"accelerometer; autoplay; clipboard-write; encrypted-media; gyroscope; picture-in-picture; web-share\" referrerpolicy=\"strict-origin-when-cross-origin\" allowfullscreen><\/iframe><\/p>\n<ul>\n<li>\n<h2><b>\u201cUm Lugar Silencioso: Um Dia\u201d<\/b><\/h2>\n<\/li>\n<\/ul>\n<p><b>Data de estreia:<\/b><span style=\"font-weight: 400;\"> 7 de mar\u00e7o<br \/><\/span><b>Dire\u00e7\u00e3o:<\/b> <span style=\"font-weight: 400;\">Michael Sarnoski<br \/><\/span><b>Elenco:<\/b><span style=\"font-weight: 400;\"> Emily Blunt, Joseph Quinn, Millicent Simmonds<\/span><\/p>\n<p><i><span style=\"font-weight: 400;\">Trailer oficial n\u00e3o divulgado.<\/span><\/i><\/p>\n<p><b>Data de estreia:<\/b><span style=\"font-weight: 400;\"> 14 de mar\u00e7o<br \/><\/span><b>Dire\u00e7\u00e3o:<\/b> <span style=\"font-weight: 400;\">Denis Villeneuve<br \/><\/span><b>Elenco:<\/b><span style=\"font-weight: 400;\"> Timoth\u00e9e Chalamet, Austin Butler, Florence Pugh, Zendaya<\/span><\/p>\n<p class=\"embed-responsive embed-responsive-16by9 mb-3 d-block\"><iframe loading=\"lazy\" title=\"Duna: Parte 2 | Trailer Oficial\" width=\"500\" height=\"281\" src=\"https:\/\/www.youtube.com\/embed\/QqmbrvluQRA?feature=oembed\" frameborder=\"0\" allow=\"accelerometer; autoplay; clipboard-write; encrypted-media; gyroscope; picture-in-picture; web-share\" referrerpolicy=\"strict-origin-when-cross-origin\" allowfullscreen><\/iframe><\/p>\n<ul>\n<li>\n<h2><b>\u201cHomem-Aranha: Al\u00e9m do Aranhaverso\u201d<\/b><\/h2>\n<\/li>\n<\/ul>\n<p><b>Data de estreia:<\/b><span style=\"font-weight: 400;\"> 28 de mar\u00e7o<br \/><\/span><b>Dire\u00e7\u00e3o:<\/b> <span style=\"font-weight: 400;\">Joaquim Dos Santos<\/span><span style=\"font-weight: 400;\">, Kemp Powers, Justin K. Thompson<br \/><\/span><b>Elenco:<\/b> Hailee Steinfeld, Shameik Moore, Karan Soni, Daniel Kaluuya<\/p>\n<p class=\"embed-responsive embed-responsive-16by9 mb-3 d-block\"><iframe loading=\"lazy\" title=\"SPIDER-MAN: BEYOND THE SPIDER-VERSE \u2013 First Look Trailer (2024) Sony Pictures (HD)\" width=\"500\" height=\"281\" src=\"https:\/\/www.youtube.com\/embed\/1XKQwdMKqA0?feature=oembed\" frameborder=\"0\" allow=\"accelerometer; autoplay; clipboard-write; encrypted-media; gyroscope; picture-in-picture; web-share\" referrerpolicy=\"strict-origin-when-cross-origin\" allowfullscreen><\/iframe><\/p>\n<ul>\n<li>\n<h2><b>\u201cGodzilla vs Kong: O Novo Imp\u00e9rio\u201d<\/b><\/h2>\n<\/li>\n<\/ul>\n<p><b>Data de estreia:<\/b><span style=\"font-weight: 400;\"> 12 de abril<br \/><\/span><b>Dire\u00e7\u00e3o:<\/b> <span style=\"font-weight: 400;\">Adam Wingard<br \/><\/span><b>Elenco:<\/b> Kaylee Hottle, Millie Bobby Brown, Nicola Crisa, Dan Stevens<\/p>\n<p class=\"embed-responsive embed-responsive-16by9 mb-3 d-block\"><iframe loading=\"lazy\" title=\"Godzilla e Kong: O Novo Imp\u00e9rio | Trailer Oficial\" width=\"500\" height=\"281\" src=\"https:\/\/www.youtube.com\/embed\/LOIMD084NlE?feature=oembed\" frameborder=\"0\" allow=\"accelerometer; autoplay; clipboard-write; encrypted-media; gyroscope; picture-in-picture; web-share\" referrerpolicy=\"strict-origin-when-cross-origin\" allowfullscreen><\/iframe><\/p>\n<ul>\n<li>\n<h2><b>\u201cGarfield: Fora de Casa\u201d<\/b><\/h2>\n<\/li>\n<\/ul>\n<p><b>Data de estreia:<\/b><span style=\"font-weight: 400;\"> 23 de maio<br \/><\/span><b>Dire\u00e7\u00e3o:<\/b> <span style=\"font-weight: 400;\">Mark Dindal<br \/><\/span><b>Elenco:<\/b><span style=\"font-weight: 400;\"> Chris Pratt, Samuel L. Jackson, Nicholas Hoult<\/span><\/p>\n<p class=\"embed-responsive embed-responsive-16by9 mb-3 d-block\"><iframe loading=\"lazy\" title=\"GARFIELD: FORA DE CASA Trailer Brasileiro (2024)\" width=\"500\" height=\"281\" src=\"https:\/\/www.youtube.com\/embed\/uYy2ZJdgDuE?feature=oembed\" frameborder=\"0\" allow=\"accelerometer; autoplay; clipboard-write; encrypted-media; gyroscope; picture-in-picture; web-share\" referrerpolicy=\"strict-origin-when-cross-origin\" allowfullscreen><\/iframe><\/p>\n<p><b>Data de estreia:<\/b><span style=\"font-weight: 400;\"> 24 de maio<br \/><\/span><b>Dire\u00e7\u00e3o:<\/b> <span style=\"font-weight: 400;\">George Miller<br \/><\/span><b>Elenco:<\/b><span style=\"font-weight: 400;\"> Anya Taylor-Joy, Chris Hemsworth, Charlize Teron<\/span><\/p>\n<p class=\"embed-responsive embed-responsive-16by9 mb-3 d-block\"><iframe loading=\"lazy\" title=\"FURIOSA : A MAD MAX SAGA | OFFICIAL TRAILER #1\" width=\"500\" height=\"281\" src=\"https:\/\/www.youtube.com\/embed\/XJMuhwVlca4?feature=oembed\" frameborder=\"0\" allow=\"accelerometer; autoplay; clipboard-write; encrypted-media; gyroscope; picture-in-picture; web-share\" referrerpolicy=\"strict-origin-when-cross-origin\" allowfullscreen><\/iframe><\/p>\n<ul>\n<li>\n<h2><b>\u201cDivertida Mente 2\u201d\u00a0<\/b><\/h2>\n<\/li>\n<\/ul>\n<p><b>Data de estreia:<\/b><span style=\"font-weight: 400;\"> 14 de junho<br \/><\/span><b>Dire\u00e7\u00e3o:<\/b> <span style=\"font-weight: 400;\">Kelsey Mann<br \/><\/span><b>Elenco:<\/b> Maya Hawke, Amy Poehler, Lewis Black, Phyllis Smith<\/p>\n<p class=\"embed-responsive embed-responsive-16by9 mb-3 d-block\"><iframe loading=\"lazy\" title=\"Divertida Mente 2 | Teaser Trailer Oficial Dublado\" width=\"500\" height=\"281\" src=\"https:\/\/www.youtube.com\/embed\/ebo1jNfIgA4?feature=oembed\" frameborder=\"0\" allow=\"accelerometer; autoplay; clipboard-write; encrypted-media; gyroscope; picture-in-picture; web-share\" referrerpolicy=\"strict-origin-when-cross-origin\" allowfullscreen><\/iframe><\/p>\n<p><b>Data de estreia:<\/b><span style=\"font-weight: 400;\"> 14 de junho<br \/><\/span><b>Dire\u00e7\u00e3o:<\/b> <span style=\"font-weight: 400;\">Adil El Arbi, Bilall Fallah<br \/><\/span><b>Elenco: <\/b><span style=\"font-weight: 400;\">Will Smith, Martin Lawrence, Lex Elle, Vanessa Hudgens<\/span><\/p>\n<p><i><span style=\"font-weight: 400;\">Trailer oficial n\u00e3o divulgado.<\/span><\/i><\/p>\n<ul>\n<li>\n<h2><b>\u201cMeu Malvado Favorito 4\u201d<\/b><\/h2>\n<\/li>\n<\/ul>\n<p><b>Data de estreia:<\/b><span style=\"font-weight: 400;\"> 4 de julho<br \/><\/span><b>Dire\u00e7\u00e3o:<\/b> <span style=\"font-weight: 400;\">Patrick Delage, Chris Renaud<br \/><\/span><b>Elenco:<\/b><span style=\"font-weight: 400;\">\u00a0 Steve Carell, Kristen Wiig, Miranda Cosgrove<\/span><\/p>\n<p class=\"embed-responsive embed-responsive-16by9 mb-3 d-block\"><iframe loading=\"lazy\" title=\"DESPICABLE ME 4 \u2013 Teaser Trailer (2024) Illumination | Universal Pictures\" width=\"500\" height=\"281\" src=\"https:\/\/www.youtube.com\/embed\/74RIFFCiQDk?feature=oembed\" frameborder=\"0\" allow=\"accelerometer; autoplay; clipboard-write; encrypted-media; gyroscope; picture-in-picture; web-share\" referrerpolicy=\"strict-origin-when-cross-origin\" allowfullscreen><\/iframe><\/p>\n<p><b>Data de estreia:<\/b><span style=\"font-weight: 400;\"> 26 de julho<br \/><\/span><b>Dire\u00e7\u00e3o:<\/b> Shawn Levy<br \/><b>Elenco:<\/b><span style=\"font-weight: 400;\"> Ryan Reynolds, Leslie Uggams, Hugh Jackman, Morena Baccarin<\/span><\/p>\n<p class=\"embed-responsive embed-responsive-16by9 mb-3 d-block\"><iframe loading=\"lazy\" title=\"Marvel Studios\u2019 Deadpool 3 Trailer (2024) (HD)\" width=\"500\" height=\"281\" src=\"https:\/\/www.youtube.com\/embed\/2Z8me1bwZJE?feature=oembed\" frameborder=\"0\" allow=\"accelerometer; autoplay; clipboard-write; encrypted-media; gyroscope; picture-in-picture; web-share\" referrerpolicy=\"strict-origin-when-cross-origin\" allowfullscreen><\/iframe><\/p>\n<ul>\n<li>\n<h2><b>\u201cKraven \u2013 O Ca\u00e7ador\u201d<\/b><\/h2>\n<\/li>\n<\/ul>\n<p><b>Data de estreia:<\/b><span style=\"font-weight: 400;\"> 30 de agosto<br \/><\/span><b>Dire\u00e7\u00e3o:<\/b> <span style=\"font-weight: 400;\">\u00a0<\/span><span style=\"font-weight: 400;\">J.C. Chandor<br \/><\/span><b>Elenco:<\/b><span style=\"font-weight: 400;\"> Aaron Taylor-Johnson, Russell Crowe, Ariana DeBose, Alessandro Nivola<\/span><\/p>\n<p class=\"embed-responsive embed-responsive-16by9 mb-3 d-block\"><iframe loading=\"lazy\" title=\"KRAVEN THE HUNTER \u2013 Official Red Band Trailer (Tamil) | October 6th | English, Hindi, Tamil &amp; Telugu\" width=\"500\" height=\"281\" src=\"https:\/\/www.youtube.com\/embed\/4EJ-O-1rWKg?feature=oembed\" frameborder=\"0\" allow=\"accelerometer; autoplay; clipboard-write; encrypted-media; gyroscope; picture-in-picture; web-share\" referrerpolicy=\"strict-origin-when-cross-origin\" allowfullscreen><\/iframe><\/p>\n<ul>\n<li>\n<h2><b>\u201cOs Fantasmas se Divertem 2\u201d<\/b><\/h2>\n<\/li>\n<\/ul>\n<p><b>Data de estreia:<\/b><span style=\"font-weight: 400;\"> 6 de setembro<br \/><\/span><b>Dire\u00e7\u00e3o:<\/b> <span style=\"font-weight: 400;\">Tim Burton<br \/><\/span><b>Elenco: <\/b><span style=\"font-weight: 400;\">Michael Keaton, Winona Ryder, Jenna Ortega\u00a0<\/span><\/p>\n<p class=\"embed-responsive embed-responsive-16by9 mb-3 d-block\"><iframe loading=\"lazy\" title=\"BEETLEJUICE 2 \u2013 The Full Trailer | Jenna Ortega, Michael Keaton (2024) Warner Bros\" width=\"500\" height=\"281\" src=\"https:\/\/www.youtube.com\/embed\/llnuyh1wo8A?feature=oembed\" frameborder=\"0\" allow=\"accelerometer; autoplay; clipboard-write; encrypted-media; gyroscope; picture-in-picture; web-share\" referrerpolicy=\"strict-origin-when-cross-origin\" allowfullscreen><\/iframe><\/p>\n<p><b>Data de estreia:<\/b><span style=\"font-weight: 400;\"> 14 de setembro<br \/><\/span><b>Dire\u00e7\u00e3o:<\/b> <span style=\"font-weight: 400;\">Luca Guadagnino<br \/><\/span><b>Elenco:<\/b><span style=\"font-weight: 400;\"> Zendaya, Mike Faist, Josh O\u2019Connor\u00a0<\/span><\/p>\n<p class=\"embed-responsive embed-responsive-16by9 mb-3 d-block\"><iframe loading=\"lazy\" title=\"CHALLENGERS | Official Trailer\" width=\"500\" height=\"281\" src=\"https:\/\/www.youtube.com\/embed\/MDnVk5jIJr0?feature=oembed\" frameborder=\"0\" allow=\"accelerometer; autoplay; clipboard-write; encrypted-media; gyroscope; picture-in-picture; web-share\" referrerpolicy=\"strict-origin-when-cross-origin\" allowfullscreen><\/iframe><\/p>\n<ul>\n<li>\n<h2><b>\u201cCoringa: Loucura a Dois\u201d<\/b><\/h2>\n<\/li>\n<\/ul>\n<p><b>Data de estreia:<\/b><span style=\"font-weight: 400;\"> 4 de outubro<br \/><\/span><b>Dire\u00e7\u00e3o:<\/b> <span style=\"font-weight: 400;\">Todd Phillips<br \/><\/span><b>Elenco:<\/b><span style=\"font-weight: 400;\"> Joaquin Phoenix, Lady Gaga, Zazie Beetz<\/span><\/p>\n<p class=\"embed-responsive embed-responsive-16by9 mb-3 d-block\"><iframe loading=\"lazy\" title=\"JOKER 2: Folie \u00e0 Deux \u2013 Full Trailer (2024) Lady Gaga, Joaquin Phoenix Movie | Warner Bros\" width=\"500\" height=\"281\" src=\"https:\/\/www.youtube.com\/embed\/X6hRhGklEvA?feature=oembed\" frameborder=\"0\" allow=\"accelerometer; autoplay; clipboard-write; encrypted-media; gyroscope; picture-in-picture; web-share\" referrerpolicy=\"strict-origin-when-cross-origin\" allowfullscreen><\/iframe><\/p>\n<p><b>Data de estreia:<\/b><span style=\"font-weight: 400;\"> 8 de novembro<br \/><\/span><b>Dire\u00e7\u00e3o:<\/b> <span style=\"font-weight: 400;\">Kelly Marcel<br \/><\/span><b>Elenco:<\/b><span style=\"font-weight: 400;\"> Tom Hardy, Michelle Williams, Andrew Garfield<\/span><\/p>\n<p class=\"embed-responsive embed-responsive-16by9 mb-3 d-block\"><iframe loading=\"lazy\" title=\"VENOM 3: ALONG CAME A SPIDER \u2013 Trailer | Tom Hardy, Andrew Garfield, Tom Holland | Sony Pictures\" width=\"500\" height=\"281\" src=\"https:\/\/www.youtube.com\/embed\/PGW-hsD_9ok?feature=oembed\" frameborder=\"0\" allow=\"accelerometer; autoplay; clipboard-write; encrypted-media; gyroscope; picture-in-picture; web-share\" referrerpolicy=\"strict-origin-when-cross-origin\" allowfullscreen><\/iframe><\/p>\n<ul>\n<li>\n<h2><b>\u201cO Senhor dos An\u00e9is: A Batalha de Rohirrim\u201d<\/b><\/h2>\n<\/li>\n<\/ul>\n<p><b>Data de estreia:<\/b><span style=\"font-weight: 400;\"> 13 de dezembro<br \/><\/span><b>Dire\u00e7\u00e3o:<\/b> <span style=\"font-weight: 400;\">Kenji Kamiyama<br \/><\/span><b>Elenco:<\/b><span style=\"font-weight: 400;\"> Miranda Otto, Gaia Wise, Brian Cox, Luke Pasqualino<\/span><\/p>\n<p><i><span style=\"font-weight: 400;\">Trailer oficial n\u00e3o divulgado.<\/span><\/i><\/p>\n<ul>\n<li>\n<h2><b>\u201cMufasa: O Rei Le\u00e3o\u201d<\/b><\/h2>\n<\/li>\n<\/ul>\n<p><b>Data de estreia:<\/b><span style=\"font-weight: 400;\"> 20 de dezembro<br \/><\/span><b>Dire\u00e7\u00e3o: <\/b><span style=\"font-weight: 400;\">Barry Jenkins<br \/><\/span><b>Elenco:<\/b><span style=\"font-weight: 400;\"> Aaron Pierre, Seth Rogen, Billy Eichner, Kelvin Harrison<\/span><\/p>\n<p class=\"embed-responsive embed-responsive-16by9 mb-3 d-block\"><iframe loading=\"lazy\" title=\"MUFASA: The Lion King - TEASER TRAILER (2024) Live-Action Movie | Disney+ (HD)\" width=\"500\" height=\"281\" src=\"https:\/\/www.youtube.com\/embed\/aY2yo7H2XUo?feature=oembed\" frameborder=\"0\" allow=\"accelerometer; autoplay; clipboard-write; encrypted-media; gyroscope; picture-in-picture; web-share\" referrerpolicy=\"strict-origin-when-cross-origin\" allowfullscreen><\/iframe><\/p>\n<ul>\n<li>\n<h2><b>\u201cSonic 3 \u2013 O Filme\u201d<\/b><\/h2>\n<\/li>\n<\/ul>\n<p><b>Data de estreia:<\/b><span style=\"font-weight: 400;\"> 20 de dezembro<br \/><\/span><b>Dire\u00e7\u00e3o:<\/b> <span style=\"font-weight: 400;\">Jeff Fowler<br \/><\/span><b>Elenco:<\/b><span style=\"font-weight: 400;\"> Jim Carrey, Ben Schwartz, Idris Elba<\/span><\/p>\n<p><i><span style=\"font-weight: 400;\">Trailer oficial n\u00e3o divulgado.<\/span><\/i><\/p>\n<h2><strong>\u00a0Mais estreias imperd\u00edveis<\/strong><\/h2>\n<p>Al\u00e9m dos filmes listados acima, outros longas tamb\u00e9m t\u00eam previs\u00e3o de estreia para 2024, mas ainda n\u00e3o ganharam uma data e nem o trailer oficial. S\u00e3o eles:<\/p>\n<\/div>\n<p><script>\n\t\t! function(f, b, e, v, n, t, s) {\n\t\t\tif (f.fbq) return;\n\t\t\tn = f.fbq = function() {\n\t\t\t\tn.callMethod ?\n\t\t\t\t\tn.callMethod.apply(n, arguments) : n.queue.push(arguments)\n\t\t\t};\n\t\t\tif (!f._fbq) f._fbq = n;\n\t\t\tn.push = n;\n\t\t\tn.loaded = !0;\n\t\t\tn.version = '2.0';\n\t\t\tn.queue = [];\n\t\t\tt = b.createElement(e);\n\t\t\tt.async = !0;\n\t\t\tt.src = v;\n\t\t\ts = b.getElementsByTagName(e)[0];\n\t\t\ts.parentNode.insertBefore(t, s)\n\t\t}(window, document, 'script',\n\t\t\t'https:\/\/connect.facebook.net\/en_US\/fbevents.js');\n\t\tfbq('init', '338315473262380');\n\t\tfbq('track', 'PageView');\n\t<\/script><br \/>\n<br \/><br \/>\n<br \/><a href=\"https:\/\/catracalivre.com.br\/entretenimento\/os-lancamentos-mais-aguardados-nos-cinemas-em-2024-veja-a-lista\/\">Source link <\/a><\/p>\n<!-- CONTENT END 1 -->\n","protected":false},"excerpt":{"rendered":"<p>Cr\u00e9ditos: divulga\u00e7\u00e3o Lan\u00e7amentos marcados para 2024 nos cinemas Aos cin\u00e9filos de plant\u00e3o, a espera est\u00e1 acabando! O ano de 2024 est\u00e1 chegando e com ele&#8230;<\/p>\n","protected":false},"author":1,"featured_media":18898,"comment_status":"open","ping_status":"open","sticky":false,"template":"","format":"standard","meta":{"advanced_seo_description":"","jetpack_seo_html_title":"","jetpack_seo_noindex":false,"jetpack_post_was_ever_published":false,"_jetpack_newsletter_access":"","_jetpack_dont_email_post_to_subs":false,"_jetpack_newsletter_tier_id":0,"_jetpack_memberships_contains_paywalled_content":false,"_jetpack_memberships_contains_paid_content":false,"footnotes":"","jetpack_publicize_message":"","jetpack_publicize_feature_enabled":true,"jetpack_social_post_already_shared":true,"jetpack_social_options":{"image_generator_settings":{"template":"highway","default_image_id":0,"font":"","enabled":false},"version":2}},"categories":[19],"tags":[],"class_list":["post-18897","post","type-post","status-publish","format-standard","has-post-thumbnail","hentry","category-variedades"],"jetpack_publicize_connections":[],"jetpack_featured_media_url":"https:\/\/i0.wp.com\/noticiasribeiraopreto.com.br\/wp-content\/uploads\/2023\/12\/fotos-catraca-2023-12-20t000813537.png?fit=1200%2C638&ssl=1","jetpack-related-posts":[{"id":24711,"url":"https:\/\/noticiasribeiraopreto.com.br\/index.php\/2024\/01\/04\/remake-de-meninas-malvadas-estreia-nos-cinemas-no-dia-11-meu-valor-digital\/","url_meta":{"origin":18897,"position":0},"title":"Remake de &#8220;Meninas Malvadas&#8221; estreia nos cinemas no dia 11 &#8211; Meu Valor Digital","author":"noticiasribeiraopreto.com.br","date":"4 de January de 2024","format":false,"excerpt":"Remake de \"Meninas Malvadas\" estreia nos cinemas no dia 11 - Meu Valor Digital - Not\u00edcias atualizadas In\u00edcioChamadasRemake de \u201cMeninas Malvadas\u201d estreia nos cinemas no dia 11 Source link","rel":"","context":"In &quot;Vagas de Emprego em Ribeir\u00e3o Preto-SP&quot;","block_context":{"text":"Vagas de Emprego em Ribeir\u00e3o Preto-SP","link":"https:\/\/noticiasribeiraopreto.com.br\/index.php\/category\/empregos-classificados-vagas-trabalho\/vagas-de-empregos-em-ribeirao-preto-regiao-brasil\/"},"img":{"alt_text":"","src":"https:\/\/i0.wp.com\/noticiasribeiraopreto.com.br\/wp-content\/uploads\/2024\/01\/Meninas-Malvadas-1.jpg?fit=1200%2C773&ssl=1&resize=350%2C200","width":350,"height":200,"srcset":"https:\/\/i0.wp.com\/noticiasribeiraopreto.com.br\/wp-content\/uploads\/2024\/01\/Meninas-Malvadas-1.jpg?fit=1200%2C773&ssl=1&resize=350%2C200 1x, https:\/\/i0.wp.com\/noticiasribeiraopreto.com.br\/wp-content\/uploads\/2024\/01\/Meninas-Malvadas-1.jpg?fit=1200%2C773&ssl=1&resize=525%2C300 1.5x, https:\/\/i0.wp.com\/noticiasribeiraopreto.com.br\/wp-content\/uploads\/2024\/01\/Meninas-Malvadas-1.jpg?fit=1200%2C773&ssl=1&resize=700%2C400 2x, https:\/\/i0.wp.com\/noticiasribeiraopreto.com.br\/wp-content\/uploads\/2024\/01\/Meninas-Malvadas-1.jpg?fit=1200%2C773&ssl=1&resize=1050%2C600 3x"},"classes":[]},{"id":17708,"url":"https:\/\/noticiasribeiraopreto.com.br\/index.php\/2023\/12\/18\/veja-6-filmes-que-vao-estrear-nos-cinemas-neste-final-de-ano-meu-valor-digital\/","url_meta":{"origin":18897,"position":1},"title":"Veja 6 filmes que v\u00e3o estrear nos cinemas neste final de ano &#8211; Meu Valor Digital","author":"noticiasribeiraopreto.com.br","date":"18 de December de 2023","format":false,"excerpt":"Veja 6 filmes que v\u00e3o estrear nos cinemas neste final de ano - Meu Valor Digital - Not\u00edcias atualizadas In\u00edcioChamadasVeja 6 filmes que v\u00e3o estrear nos cinemas neste final de ano Source link","rel":"","context":"In &quot;Vagas de Emprego em Ribeir\u00e3o Preto-SP&quot;","block_context":{"text":"Vagas de Emprego em Ribeir\u00e3o Preto-SP","link":"https:\/\/noticiasribeiraopreto.com.br\/index.php\/category\/empregos-classificados-vagas-trabalho\/vagas-de-empregos-em-ribeirao-preto-regiao-brasil\/"},"img":{"alt_text":"","src":"https:\/\/i0.wp.com\/noticiasribeiraopreto.com.br\/wp-content\/uploads\/2023\/12\/Mamonas-Assassinas-O-Filme-1.jpg?fit=1200%2C774&ssl=1&resize=350%2C200","width":350,"height":200,"srcset":"https:\/\/i0.wp.com\/noticiasribeiraopreto.com.br\/wp-content\/uploads\/2023\/12\/Mamonas-Assassinas-O-Filme-1.jpg?fit=1200%2C774&ssl=1&resize=350%2C200 1x, https:\/\/i0.wp.com\/noticiasribeiraopreto.com.br\/wp-content\/uploads\/2023\/12\/Mamonas-Assassinas-O-Filme-1.jpg?fit=1200%2C774&ssl=1&resize=525%2C300 1.5x, https:\/\/i0.wp.com\/noticiasribeiraopreto.com.br\/wp-content\/uploads\/2023\/12\/Mamonas-Assassinas-O-Filme-1.jpg?fit=1200%2C774&ssl=1&resize=700%2C400 2x, https:\/\/i0.wp.com\/noticiasribeiraopreto.com.br\/wp-content\/uploads\/2023\/12\/Mamonas-Assassinas-O-Filme-1.jpg?fit=1200%2C774&ssl=1&resize=1050%2C600 3x"},"classes":[]},{"id":25282,"url":"https:\/\/noticiasribeiraopreto.com.br\/index.php\/2024\/01\/06\/priscilla-de-sofia-coppola-estreou-nos-cinemas-brasileiros\/","url_meta":{"origin":18897,"position":2},"title":"Priscilla, de Sofia Coppola, estreou nos cinemas brasileiros\u00a0","author":"noticiasribeiraopreto.com.br","date":"6 de January de 2024","format":false,"excerpt":"6 de janeiro de 2024 | 15:006 de janeiro de 2024 | 12:44 0Priscilla, o mais recente e aguardado drama da diretora e roteirista vencedora do Oscar, Sofia Coppola, estreou na quinta-feira (04) nos cinemas brasileiros. O longa-metragem fez sua estreia mundial no 80\u00ba Festival Internacional de Veneza, seguido pela\u2026","rel":"","context":"In &quot;Not\u00edcias de Ribeir\u00e3o Preto-SP e Regi\u00e3o&quot;","block_context":{"text":"Not\u00edcias de Ribeir\u00e3o Preto-SP e Regi\u00e3o","link":"https:\/\/noticiasribeiraopreto.com.br\/index.php\/category\/noticias-de-ribeirao-preto-sp-e-regiao-ismael-colosi\/"},"img":{"alt_text":"","src":"https:\/\/i0.wp.com\/noticiasribeiraopreto.com.br\/wp-content\/uploads\/2024\/01\/2-priscilla-scaled.jpg?fit=968%2C645&ssl=1&resize=350%2C200","width":350,"height":200,"srcset":"https:\/\/i0.wp.com\/noticiasribeiraopreto.com.br\/wp-content\/uploads\/2024\/01\/2-priscilla-scaled.jpg?fit=968%2C645&ssl=1&resize=350%2C200 1x, https:\/\/i0.wp.com\/noticiasribeiraopreto.com.br\/wp-content\/uploads\/2024\/01\/2-priscilla-scaled.jpg?fit=968%2C645&ssl=1&resize=525%2C300 1.5x, https:\/\/i0.wp.com\/noticiasribeiraopreto.com.br\/wp-content\/uploads\/2024\/01\/2-priscilla-scaled.jpg?fit=968%2C645&ssl=1&resize=700%2C400 2x"},"classes":[]},{"id":57741,"url":"https:\/\/noticiasribeiraopreto.com.br\/index.php\/2024\/09\/09\/semana-do-cinema-tera-ingressos-por-r-12-veja-quando-comeca\/","url_meta":{"origin":18897,"position":3},"title":"Semana do Cinema ter\u00e1 ingressos por R$ 12; Veja quando come\u00e7a","author":"noticiasribeiraopreto.com.br","date":"9 de September de 2024","format":false,"excerpt":"A Semana Do Cinema acontece pela segunda vez este ano e proporciona aos cin\u00e9filos ingressos por R$ 12. A iniciativa come\u00e7a nesta quinta-feira (12) e segue at\u00e9 quarta-feira (18). Essa \u00e9 a quinta edi\u00e7\u00e3o da Semana do Cinema, que al\u00e9m do desconto nos valores dos ingressos, tamb\u00e9m conta com promo\u00e7\u00f5es\u2026","rel":"","context":"In &quot;Not\u00edcias de Ribeir\u00e3o Preto-SP e Regi\u00e3o&quot;","block_context":{"text":"Not\u00edcias de Ribeir\u00e3o Preto-SP e Regi\u00e3o","link":"https:\/\/noticiasribeiraopreto.com.br\/index.php\/category\/noticias-de-ribeirao-preto-sp-e-regiao-ismael-colosi\/"},"img":{"alt_text":"","src":"https:\/\/i0.wp.com\/noticiasribeiraopreto.com.br\/wp-content\/uploads\/2024\/09\/pexels-tima-miroshnichenko-7991158_2024-09-09_14-25-55.webp.webp?fit=888%2C592&ssl=1&resize=350%2C200","width":350,"height":200,"srcset":"https:\/\/i0.wp.com\/noticiasribeiraopreto.com.br\/wp-content\/uploads\/2024\/09\/pexels-tima-miroshnichenko-7991158_2024-09-09_14-25-55.webp.webp?fit=888%2C592&ssl=1&resize=350%2C200 1x, https:\/\/i0.wp.com\/noticiasribeiraopreto.com.br\/wp-content\/uploads\/2024\/09\/pexels-tima-miroshnichenko-7991158_2024-09-09_14-25-55.webp.webp?fit=888%2C592&ssl=1&resize=525%2C300 1.5x, https:\/\/i0.wp.com\/noticiasribeiraopreto.com.br\/wp-content\/uploads\/2024\/09\/pexels-tima-miroshnichenko-7991158_2024-09-09_14-25-55.webp.webp?fit=888%2C592&ssl=1&resize=700%2C400 2x"},"classes":[]},{"id":60888,"url":"https:\/\/noticiasribeiraopreto.com.br\/index.php\/2024\/11\/28\/moana-2-e-a-contadora-de-filmes-estreiam-nos-cinemas-de-ribeirao-preto\/","url_meta":{"origin":18897,"position":4},"title":"\u2018Moana 2\u2019 e \u2018A Contadora de Filmes\u2019 estreiam nos cinemas de Ribeir\u00e3o Preto","author":"noticiasribeiraopreto.com.br","date":"28 de November de 2024","format":false,"excerpt":"Esta quinta-feira (28) \u00e9 marcada pelo lan\u00e7amento de dois filmes nos cinemas de Ribeir\u00e3o Preto. Uma das grandes apostas do ano \u201cMoana 2\u201d e o longa chileno \u201cA Contadora de Filmes\u201d entram em cartaz. Ribeir\u00e3o Preto conta com quatro cinemas, o UCI localizado no Ribeir\u00e3o Shopping, o Cinep\u00f3lis nos shoppings\u2026","rel":"","context":"In &quot;Not\u00edcias de Ribeir\u00e3o Preto-SP e Regi\u00e3o&quot;","block_context":{"text":"Not\u00edcias de Ribeir\u00e3o Preto-SP e Regi\u00e3o","link":"https:\/\/noticiasribeiraopreto.com.br\/index.php\/category\/noticias-de-ribeirao-preto-sp-e-regiao-ismael-colosi\/"},"img":{"alt_text":"","src":"https:\/\/i0.wp.com\/noticiasribeiraopreto.com.br\/wp-content\/uploads\/2024\/11\/novo-poster-moana_2024-11-28_12-14-29.webp.webp?fit=1200%2C675&ssl=1&resize=350%2C200","width":350,"height":200,"srcset":"https:\/\/i0.wp.com\/noticiasribeiraopreto.com.br\/wp-content\/uploads\/2024\/11\/novo-poster-moana_2024-11-28_12-14-29.webp.webp?fit=1200%2C675&ssl=1&resize=350%2C200 1x, https:\/\/i0.wp.com\/noticiasribeiraopreto.com.br\/wp-content\/uploads\/2024\/11\/novo-poster-moana_2024-11-28_12-14-29.webp.webp?fit=1200%2C675&ssl=1&resize=525%2C300 1.5x, https:\/\/i0.wp.com\/noticiasribeiraopreto.com.br\/wp-content\/uploads\/2024\/11\/novo-poster-moana_2024-11-28_12-14-29.webp.webp?fit=1200%2C675&ssl=1&resize=700%2C400 2x, https:\/\/i0.wp.com\/noticiasribeiraopreto.com.br\/wp-content\/uploads\/2024\/11\/novo-poster-moana_2024-11-28_12-14-29.webp.webp?fit=1200%2C675&ssl=1&resize=1050%2C600 3x"},"classes":[]},{"id":49259,"url":"https:\/\/noticiasribeiraopreto.com.br\/index.php\/2024\/05\/09\/planeta-dos-macacos-o-reinado-estreia-nos-cinemas-de-ribeirao-preto\/","url_meta":{"origin":18897,"position":5},"title":"\u2018Planeta dos Macacos: O Reinado\u2019 estreia nos cinemas de Ribeir\u00e3o Preto","author":"noticiasribeiraopreto.com.br","date":"9 de May de 2024","format":false,"excerpt":"O filme \u201cPlaneta dos Macacos: O Reinado\u201d estreia nesta quinta-feira (8) nos cinemas de Ribeir\u00e3o Preto. A trama que traz continua\u00e7\u00e3o da trilogia feita entre 2011 e 2017, tamb\u00e9m marca uma tentativa de reiniciar a saga. A hist\u00f3ria se passa anos ap\u00f3s a morte do chimpanz\u00e9 C\u00e9sar. Os macacos s\u00e3o\u2026","rel":"","context":"In &quot;Not\u00edcias de Ribeir\u00e3o Preto-SP e Regi\u00e3o&quot;","block_context":{"text":"Not\u00edcias de Ribeir\u00e3o Preto-SP e Regi\u00e3o","link":"https:\/\/noticiasribeiraopreto.com.br\/index.php\/category\/noticias-de-ribeirao-preto-sp-e-regiao-ismael-colosi\/"},"img":{"alt_text":"","src":"https:\/\/i0.wp.com\/noticiasribeiraopreto.com.br\/wp-content\/uploads\/2024\/05\/planeta-dos-macacos-o-reinado_x9v9_2024-05-09_12-40-54_jpg_2024-05-09_12-40-54.webp.webp?fit=1200%2C675&ssl=1&resize=350%2C200","width":350,"height":200,"srcset":"https:\/\/i0.wp.com\/noticiasribeiraopreto.com.br\/wp-content\/uploads\/2024\/05\/planeta-dos-macacos-o-reinado_x9v9_2024-05-09_12-40-54_jpg_2024-05-09_12-40-54.webp.webp?fit=1200%2C675&ssl=1&resize=350%2C200 1x, https:\/\/i0.wp.com\/noticiasribeiraopreto.com.br\/wp-content\/uploads\/2024\/05\/planeta-dos-macacos-o-reinado_x9v9_2024-05-09_12-40-54_jpg_2024-05-09_12-40-54.webp.webp?fit=1200%2C675&ssl=1&resize=525%2C300 1.5x, https:\/\/i0.wp.com\/noticiasribeiraopreto.com.br\/wp-content\/uploads\/2024\/05\/planeta-dos-macacos-o-reinado_x9v9_2024-05-09_12-40-54_jpg_2024-05-09_12-40-54.webp.webp?fit=1200%2C675&ssl=1&resize=700%2C400 2x, https:\/\/i0.wp.com\/noticiasribeiraopreto.com.br\/wp-content\/uploads\/2024\/05\/planeta-dos-macacos-o-reinado_x9v9_2024-05-09_12-40-54_jpg_2024-05-09_12-40-54.webp.webp?fit=1200%2C675&ssl=1&resize=1050%2C600 3x"},"classes":[]}],"jetpack_sharing_enabled":true,"jetpack_shortlink":"https:\/\/wp.me\/peQAOb-4UN","_links":{"self":[{"href":"https:\/\/noticiasribeiraopreto.com.br\/index.php\/wp-json\/wp\/v2\/posts\/18897","targetHints":{"allow":["GET"]}}],"collection":[{"href":"https:\/\/noticiasribeiraopreto.com.br\/index.php\/wp-json\/wp\/v2\/posts"}],"about":[{"href":"https:\/\/noticiasribeiraopreto.com.br\/index.php\/wp-json\/wp\/v2\/types\/post"}],"author":[{"embeddable":true,"href":"https:\/\/noticiasribeiraopreto.com.br\/index.php\/wp-json\/wp\/v2\/users\/1"}],"replies":[{"embeddable":true,"href":"https:\/\/noticiasribeiraopreto.com.br\/index.php\/wp-json\/wp\/v2\/comments?post=18897"}],"version-history":[{"count":0,"href":"https:\/\/noticiasribeiraopreto.com.br\/index.php\/wp-json\/wp\/v2\/posts\/18897\/revisions"}],"wp:featuredmedia":[{"embeddable":true,"href":"https:\/\/noticiasribeiraopreto.com.br\/index.php\/wp-json\/wp\/v2\/media\/18898"}],"wp:attachment":[{"href":"https:\/\/noticiasribeiraopreto.com.br\/index.php\/wp-json\/wp\/v2\/media?parent=18897"}],"wp:term":[{"taxonomy":"category","embeddable":true,"href":"https:\/\/noticiasribeiraopreto.com.br\/index.php\/wp-json\/wp\/v2\/categories?post=18897"},{"taxonomy":"post_tag","embeddable":true,"href":"https:\/\/noticiasribeiraopreto.com.br\/index.php\/wp-json\/wp\/v2\/tags?post=18897"}],"curies":[{"name":"wp","href":"https:\/\/api.w.org\/{rel}","templated":true}]}}