{"id":18899,"date":"2023-12-21T09:54:33","date_gmt":"2023-12-21T12:54:33","guid":{"rendered":"https:\/\/noticiasribeiraopreto.com.br\/index.php\/2023\/12\/21\/definida-banca-para-cargos-de-niveis-medio-e-superior-3\/"},"modified":"2023-12-21T09:54:33","modified_gmt":"2023-12-21T12:54:33","slug":"definida-banca-para-cargos-de-niveis-medio-e-superior-3","status":"publish","type":"post","link":"https:\/\/noticiasribeiraopreto.com.br\/index.php\/2023\/12\/21\/definida-banca-para-cargos-de-niveis-medio-e-superior-3\/","title":{"rendered":"definida banca para cargos de n\u00edveis m\u00e9dio e superior"},"content":{"rendered":"<div class='code-block code-block-1' style='margin: 8px 0 8px auto; text-align: right; display: block; clear: both;'>\n<p><a href=\"https:\/\/wa.link\/vpicfd\"><img data-recalc-dims=\"1\" class=\"wp-image-4922\" style=\"aspect-ratio: 2.0253164556962027; width: 561px; height: auto;\" src=\"https:\/\/i0.wp.com\/ismaelcolosi.com.br\/wp-content\/uploads\/2023\/11\/grupo-de-empregos-whatsapp-e-facebook-ismael-colosi-vagas.jpg?ssl=1\" alt=\"\" \/><\/a><\/p>\n<!-- \/wp:image -->\n<\/div>\n<p> <br \/>\n<\/p>\n<div>\n<p>O novo <a href=\"https:\/\/jcconcursos.com.br\/concurso\/concurso-crf-pi-79103\" rel=\"noopener\" target=\"_blank\">concurso CRF PI<\/a> (Conselho Regional de Farm\u00e1cia do Piau\u00ed) j\u00e1 conta com banca organizadora definida. A escolhida \u00e9 a <a href=\"http:\/\/www.gabrielexcelencia.net.br\/\" rel=\"noopener\" target=\"_blank\">Gabriel Excel\u00eancia<\/a>, pelo crit\u00e9rio de carta convite, de acordo com documento publicado no di\u00e1rio oficial da Uni\u00e3o desta quinta-feira, 21 de dezembro. Com isso, o pr\u00f3ximo passo \u00e9 a assinatura do contrato, que deve ocorrer em breve. Somente ent\u00e3o poder\u00e1 ser confirmada a data precisa do in\u00edcio da sele\u00e7\u00e3o. <a href=\"https:\/\/jcconcursos.com.br\/noticia\/concursos\/concurso-crf-pi-nova-selecao-em-breve-para-cargos-de-niveis-medio-e-superior-119926\" rel=\"noopener\" target=\"_blank\">O certame estava em fase de escolha da empresa desde o in\u00edcio de dezembro<\/a>.\u00a0<\/p>\n<p>O <a href=\"https:\/\/crfpi.org\/\" rel=\"noopener\" target=\"_blank\">conselho<\/a> deve oferecer, ao todo, 10 vagas para o preenchimento imediato, al\u00e9m de formar cadastro reserva de pessoal, para cargos de n\u00edveis <a href=\"https:\/\/jcconcursos.com.br\/concursos\/nivel-escolar\/medio\" rel=\"noopener\" target=\"_blank\">m\u00e9dio<\/a> e <a href=\"https:\/\/jcconcursos.com.br\/concursos\/nivel-escolar\/superior\" rel=\"noopener\" target=\"_blank\">superior<\/a>. As remunera\u00e7\u00f5es iniciais ainda dever\u00e3o ser confirmadas.<\/p>\n<p>De acordo com o projeto b\u00e1sico, as inscri\u00e7\u00f5es ter\u00e3o in\u00edcio cinco dias ap\u00f3s a publica\u00e7\u00e3o do edital. J\u00e1 a aplica\u00e7\u00e3o das provas est\u00e1 prevista para ocorrer 50 dias ap\u00f3s o in\u00edcio da sele\u00e7\u00e3o.<\/p>\n<p>No caso de <strong>ensino m\u00e9dio<\/strong>, a oferta ser\u00e1 de 2 vagas imediatas para o cargo de assistente administrativo, com jornada de trabalho de 40 horas semanais.<\/p>\n<p>Para <strong>n\u00edvel superior<\/strong>, a distribui\u00e7\u00e3o das vagas imediatas \u00e9 a seguinte:<\/p>\n<ul>\n<li>farmac\u00eautico fiscal \u2013 1 vaga, com 40 horas semanais<\/li>\n<li>faramec\u00eautio analista \u2013 1 vaga, com 20 horas semanais<\/li>\n<li>contador \u2013 1 vaga, com 20 horas semanais<\/li>\n<li>procurador jur\u00eddico \u2013 1 vaga, com 40 horas semanais<\/li>\n<li>procurador jur\u00eddico \u2013 1 vaga, com 20 horas semanais<\/li>\n<li>controlador \u2013 1 vaga, com 20 horas semanais<\/li>\n<li>analista de sistemas \u2013 1 vaga, com 40 horas semanais<\/li>\n<li>analista financeiro \u2013 1 vaga, com 40 horas semanais<\/li>\n<\/ul>\n<p>A sele\u00e7\u00e3o deve contar com as seguintes etapas:<\/p>\n<ul>\n<li>provas objetivas<\/li>\n<li>an\u00e1lise de t\u00edtulos<\/li>\n<\/ul>\n<h2>Concurso CRF PI: veja publica\u00e7\u00e3o oficial<\/h2>\n<p>RESULTADO DE JULGAMENTO<\/p>\n<p>CARTA CONVITE N\u00b0 2\/2023<\/p>\n<p>(PRAZO PARA RECURSO)<\/p>\n<p>O Conselho Regional de Farm\u00e1cia do Piau\u00ed, atrav\u00e9s da CPL, torna p\u00fablico, para os licitantes e interessados que a Carta Convite n\u00b0 002\/2023, Processo Administrativo n\u00ba 269\/2023, do tipo Menor Pre\u00e7o e Adjudica\u00e7\u00e3o Por Item, tendo como objeto: Contrata\u00e7\u00e3o de pessoa jur\u00eddica para presta\u00e7\u00e3o de servi\u00e7os t\u00e9cnicos especializados de organiza\u00e7\u00e3o, planejamento e realiza\u00e7\u00e3o de concurso p\u00fablico destinado ao preenchimento de vagas e forma\u00e7\u00e3o de cadastro de reserva de cargos de provimento efetivo, de n\u00edvel m\u00e9dio e superior, do quadro de pessoal do Conselho Regional de Farm\u00e1cia do Piau\u00ed, teve a sess\u00e3o p\u00fablica presencial no dia 20\/12\/2023 \u00e0s 09:10h na sede desta autarquia, e teve como vencedora do certame a empresa Gabriel &amp; Gabriel Consultoria, Projetos e Servi\u00e7os LTDA, CNPJ n\u00ba 10.590.815\/0001-21 com valor de R$ 149.000,00 (cento e quarenta e nove mil reais).<\/p>\n<p>Teresina-PI, 21 de dezembro de 2023.<\/p>\n<p>ALBERTO PINHEIRO SOARES<\/p>\n<p>Presidente da CPL<\/p>\n<h2>Saiba como foi a \u00faltima sele\u00e7\u00e3o<\/h2>\n<p>O \u00faltimo <strong>concurso CRF PI<\/strong> ocorreu em 2021, quando foram oferecidas quatro vagas para o preenchimento imediato. A banca organizadora foi o Instituto Consulpam.<\/p>\n<p>Do total de ofertas, tr\u00eas foram para o cargo de assistente administrativo, que requer diploma de conclus\u00e3o de curso de ensino m\u00e9dio.<\/p>\n<p>Para n\u00edvel superior, o concurso contou com uma vaga para o cargo de farmac\u00eautico fiscal.<\/p>\n<p><a id=\"gnews_btn\" href=\"https:\/\/news.google.com\/publications\/CAAqBwgKMOixlQswuZWrAw\" target=\"_blank\" class=\"border_jc_blue link_hover_bg_jc_blue font_85 d-block d-md-inline-block px-2 py-1 mr-0 mr-md-2 mb-3 w-100 text-center\" rel=\"noopener\"><span class=\"text_jc_blue\">Siga o <strong>JC Concursos no Google News<\/strong><\/span><\/a><span id=\"resumo\" class=\"anchor_link\"\/><a href=\"https:\/\/jcconcursos.com.br\/\" class=\"badge badge-light\">concursos<\/a><a href=\"https:\/\/jcconcursos.com.br\/concursos\/pi\" class=\"badge badge-light\">concursos pi (piau\u00ed)<\/a><a href=\"https:\/\/jcconcursos.com.br\/concursos\/previstos\" class=\"badge badge-light\">concursos 2023<\/a><a href=\"https:\/\/jcconcursos.com.br\/provas\/por-orgao\" class=\"badge badge-light\">provas anteriores<\/a><\/p>\n<\/div>\n<p><br \/>\n<br \/><a href=\"https:\/\/ismaelcolosi.com.br\/definida-banca-para-cargos-de-niveis-medio-e-superior\/\">Source link <\/a><\/p>\n<!-- CONTENT END 1 -->\n","protected":false},"excerpt":{"rendered":"<p>O novo concurso CRF PI (Conselho Regional de Farm\u00e1cia do Piau\u00ed) j\u00e1 conta com banca organizadora definida. A escolhida \u00e9 a Gabriel Excel\u00eancia, pelo crit\u00e9rio&#8230;<\/p>\n","protected":false},"author":1,"featured_media":18900,"comment_status":"open","ping_status":"open","sticky":false,"template":"","format":"standard","meta":{"advanced_seo_description":"","jetpack_seo_html_title":"","jetpack_seo_noindex":false,"jetpack_post_was_ever_published":false,"_jetpack_newsletter_access":"","_jetpack_dont_email_post_to_subs":false,"_jetpack_newsletter_tier_id":0,"_jetpack_memberships_contains_paywalled_content":false,"_jetpack_memberships_contains_paid_content":false,"footnotes":"","jetpack_publicize_message":"","jetpack_publicize_feature_enabled":true,"jetpack_social_post_already_shared":true,"jetpack_social_options":{"image_generator_settings":{"template":"highway","default_image_id":0,"font":"","enabled":false},"version":2}},"categories":[7],"tags":[],"class_list":["post-18899","post","type-post","status-publish","format-standard","has-post-thumbnail","hentry","category-vagas-de-empregos-em-ribeirao-preto-regiao-brasil"],"jetpack_publicize_connections":[],"jetpack_featured_media_url":"https:\/\/i0.wp.com\/noticiasribeiraopreto.com.br\/wp-content\/uploads\/2023\/12\/crf_pi_novooo.jpg?fit=1920%2C1080&ssl=1","jetpack-related-posts":[{"id":23436,"url":"https:\/\/noticiasribeiraopreto.com.br\/index.php\/2024\/01\/02\/nova-selecao-e-autorizada-edital-em-breve\/","url_meta":{"origin":18899,"position":0},"title":"nova sele\u00e7\u00e3o \u00e9 autorizada; edital em breve","author":"noticiasribeiraopreto.com.br","date":"2 de January de 2024","format":false,"excerpt":"Um novo concurso CRF DF (Conselho Regional de Farm\u00e1cia do Distrito Federal) deve ser realizado em breve. O primeiro passo ocorreu nesta ter\u00e7a-feira, 2 de janeiro, com a publica\u00e7\u00e3o, no di\u00e1rio oficial da Uni\u00e3o, da portaria 16, de 26 de dezembro, que autoriza a realiza\u00e7\u00e3o do certame. De acordo com\u2026","rel":"","context":"In &quot;Vagas de Emprego em Ribeir\u00e3o Preto-SP&quot;","block_context":{"text":"Vagas de Emprego em Ribeir\u00e3o Preto-SP","link":"https:\/\/noticiasribeiraopreto.com.br\/index.php\/category\/empregos-classificados-vagas-trabalho\/vagas-de-empregos-em-ribeirao-preto-regiao-brasil\/"},"img":{"alt_text":"","src":"https:\/\/i0.wp.com\/noticiasribeiraopreto.com.br\/wp-content\/uploads\/2024\/01\/crf_df.jpg?fit=1200%2C675&ssl=1&resize=350%2C200","width":350,"height":200,"srcset":"https:\/\/i0.wp.com\/noticiasribeiraopreto.com.br\/wp-content\/uploads\/2024\/01\/crf_df.jpg?fit=1200%2C675&ssl=1&resize=350%2C200 1x, https:\/\/i0.wp.com\/noticiasribeiraopreto.com.br\/wp-content\/uploads\/2024\/01\/crf_df.jpg?fit=1200%2C675&ssl=1&resize=525%2C300 1.5x, https:\/\/i0.wp.com\/noticiasribeiraopreto.com.br\/wp-content\/uploads\/2024\/01\/crf_df.jpg?fit=1200%2C675&ssl=1&resize=700%2C400 2x, https:\/\/i0.wp.com\/noticiasribeiraopreto.com.br\/wp-content\/uploads\/2024\/01\/crf_df.jpg?fit=1200%2C675&ssl=1&resize=1050%2C600 3x"},"classes":[]},{"id":22136,"url":"https:\/\/noticiasribeiraopreto.com.br\/index.php\/2023\/12\/29\/concurso-crbio-3-rs-deve-ocorrer-em-breve-para-cargos-de-niveis-medio-e-superior\/","url_meta":{"origin":18899,"position":1},"title":"Concurso CRBio 3 RS deve ocorrer em breve para cargos de n\u00edveis m\u00e9dio e superior","author":"noticiasribeiraopreto.com.br","date":"29 de December de 2023","format":false,"excerpt":"Um novo concurso CRBio 3 RS (Conselho Regional de Biologia da 3 Regi\u00e3o), no Rio Grande do Sul, deve ser realizado em breve. O primeiro passo ocorreu nesta sexta-feira, 29 de dezembro, com a publica\u00e7\u00e3o, no di\u00e1rio oficial da Uni\u00e3o, do aviso de licita\u00e7\u00e3o para a escolha da banca organizadora,\u2026","rel":"","context":"In &quot;Vagas de Emprego em Ribeir\u00e3o Preto-SP&quot;","block_context":{"text":"Vagas de Emprego em Ribeir\u00e3o Preto-SP","link":"https:\/\/noticiasribeiraopreto.com.br\/index.php\/category\/empregos-classificados-vagas-trabalho\/vagas-de-empregos-em-ribeirao-preto-regiao-brasil\/"},"img":{"alt_text":"","src":"https:\/\/i0.wp.com\/noticiasribeiraopreto.com.br\/wp-content\/uploads\/2023\/12\/crbio3.jpg?fit=1012%2C618&ssl=1&resize=350%2C200","width":350,"height":200,"srcset":"https:\/\/i0.wp.com\/noticiasribeiraopreto.com.br\/wp-content\/uploads\/2023\/12\/crbio3.jpg?fit=1012%2C618&ssl=1&resize=350%2C200 1x, https:\/\/i0.wp.com\/noticiasribeiraopreto.com.br\/wp-content\/uploads\/2023\/12\/crbio3.jpg?fit=1012%2C618&ssl=1&resize=525%2C300 1.5x, https:\/\/i0.wp.com\/noticiasribeiraopreto.com.br\/wp-content\/uploads\/2023\/12\/crbio3.jpg?fit=1012%2C618&ssl=1&resize=700%2C400 2x"},"classes":[]},{"id":15164,"url":"https:\/\/noticiasribeiraopreto.com.br\/index.php\/2023\/12\/13\/definida-banca-para-mais-de-40-cargos\/","url_meta":{"origin":18899,"position":2},"title":"definida banca para mais de 40 cargos","author":"noticiasribeiraopreto.com.br","date":"13 de December de 2023","format":false,"excerpt":"O novo concurso Prefeitura de S\u00e3o Bernardo do Campo SP, no ABC paulista, j\u00e1 conta com banca organizadora definida. A escolhida \u00e9 a Funda\u00e7\u00e3o Vunesp, pelo crit\u00e9rio de dispensa de licita\u00e7\u00e3o, de acordo com documento publicado no di\u00e1rio oficial desta quarta-feira, 13 de dezembro. Com isso, o pr\u00f3ximo passo \u00e9\u2026","rel":"","context":"In &quot;Vagas de Emprego em Ribeir\u00e3o Preto-SP&quot;","block_context":{"text":"Vagas de Emprego em Ribeir\u00e3o Preto-SP","link":"https:\/\/noticiasribeiraopreto.com.br\/index.php\/category\/empregos-classificados-vagas-trabalho\/vagas-de-empregos-em-ribeirao-preto-regiao-brasil\/"},"img":{"alt_text":"","src":"https:\/\/i0.wp.com\/noticiasribeiraopreto.com.br\/wp-content\/uploads\/2023\/12\/concurso-prefeitura-sao-bernardo-do-campo-sp.jpg?fit=1200%2C675&ssl=1&resize=350%2C200","width":350,"height":200,"srcset":"https:\/\/i0.wp.com\/noticiasribeiraopreto.com.br\/wp-content\/uploads\/2023\/12\/concurso-prefeitura-sao-bernardo-do-campo-sp.jpg?fit=1200%2C675&ssl=1&resize=350%2C200 1x, https:\/\/i0.wp.com\/noticiasribeiraopreto.com.br\/wp-content\/uploads\/2023\/12\/concurso-prefeitura-sao-bernardo-do-campo-sp.jpg?fit=1200%2C675&ssl=1&resize=525%2C300 1.5x, https:\/\/i0.wp.com\/noticiasribeiraopreto.com.br\/wp-content\/uploads\/2023\/12\/concurso-prefeitura-sao-bernardo-do-campo-sp.jpg?fit=1200%2C675&ssl=1&resize=700%2C400 2x, https:\/\/i0.wp.com\/noticiasribeiraopreto.com.br\/wp-content\/uploads\/2023\/12\/concurso-prefeitura-sao-bernardo-do-campo-sp.jpg?fit=1200%2C675&ssl=1&resize=1050%2C600 3x"},"classes":[]},{"id":21663,"url":"https:\/\/noticiasribeiraopreto.com.br\/index.php\/2023\/12\/28\/definida-banca-para-novo-edital-de-tecnicos-e-analistas-2\/","url_meta":{"origin":18899,"position":3},"title":"definida banca para novo edital de t\u00e9cnicos e analistas","author":"noticiasribeiraopreto.com.br","date":"28 de December de 2023","format":false,"excerpt":"Um novo concurso TRF 1 (Tribunal Regional Federal da 1 Regi\u00e3o) deve ser realizado em breve. O primeiro passo ocorreu nesta quinta-feira, 28 de dezembro, com a publica\u00e7\u00e3o, no di\u00e1rio oficial da Un\u00e3o, do nome da banca organizadora, que ser\u00e1 a Funda\u00e7\u00e3o Get\u00falio Vargas (FGV), escolhida pelo crit\u00e9rio de dispensa\u2026","rel":"","context":"In &quot;Vagas de Emprego em Ribeir\u00e3o Preto-SP&quot;","block_context":{"text":"Vagas de Emprego em Ribeir\u00e3o Preto-SP","link":"https:\/\/noticiasribeiraopreto.com.br\/index.php\/category\/empregos-classificados-vagas-trabalho\/vagas-de-empregos-em-ribeirao-preto-regiao-brasil\/"},"img":{"alt_text":"","src":"https:\/\/i0.wp.com\/noticiasribeiraopreto.com.br\/wp-content\/uploads\/2023\/12\/trf__1_novo.jpg?fit=1200%2C675&ssl=1&resize=350%2C200","width":350,"height":200,"srcset":"https:\/\/i0.wp.com\/noticiasribeiraopreto.com.br\/wp-content\/uploads\/2023\/12\/trf__1_novo.jpg?fit=1200%2C675&ssl=1&resize=350%2C200 1x, https:\/\/i0.wp.com\/noticiasribeiraopreto.com.br\/wp-content\/uploads\/2023\/12\/trf__1_novo.jpg?fit=1200%2C675&ssl=1&resize=525%2C300 1.5x, https:\/\/i0.wp.com\/noticiasribeiraopreto.com.br\/wp-content\/uploads\/2023\/12\/trf__1_novo.jpg?fit=1200%2C675&ssl=1&resize=700%2C400 2x, https:\/\/i0.wp.com\/noticiasribeiraopreto.com.br\/wp-content\/uploads\/2023\/12\/trf__1_novo.jpg?fit=1200%2C675&ssl=1&resize=1050%2C600 3x"},"classes":[]},{"id":16618,"url":"https:\/\/noticiasribeiraopreto.com.br\/index.php\/2023\/12\/15\/concurso-anatel-banca-e-definida-e-edital-confirmado-50-vagas-com-salarios-ate-r-17-mil\/","url_meta":{"origin":18899,"position":4},"title":"Concurso ANATEL: banca \u00e9 definida e edital confirmado; 50 vagas com sal\u00e1rios at\u00e9 R$ 17 mil","author":"noticiasribeiraopreto.com.br","date":"15 de December de 2023","format":false,"excerpt":"Mesmo com o prazo apertado, a ANATEL conseguir realizar a defini\u00e7\u00e3o da banca. Edital est\u00e1 previsto para janeiro. O concurso ANATEL j\u00e1 tem banca organizadora. A estatal revelou que a empresa contratada para dar seguimento ao edital \u00e9 o Cebraspe. Agora, com a defini\u00e7\u00e3o da banca, a expectativa \u00e9 pela\u2026","rel":"","context":"In &quot;Vagas de Emprego em Ribeir\u00e3o Preto-SP&quot;","block_context":{"text":"Vagas de Emprego em Ribeir\u00e3o Preto-SP","link":"https:\/\/noticiasribeiraopreto.com.br\/index.php\/category\/empregos-classificados-vagas-trabalho\/vagas-de-empregos-em-ribeirao-preto-regiao-brasil\/"},"img":{"alt_text":"","src":"https:\/\/i0.wp.com\/noticiasribeiraopreto.com.br\/wp-content\/uploads\/2023\/12\/noticiasconcursos.com_.br-anatel-capa.jpg?fit=1200%2C877&ssl=1&resize=350%2C200","width":350,"height":200,"srcset":"https:\/\/i0.wp.com\/noticiasribeiraopreto.com.br\/wp-content\/uploads\/2023\/12\/noticiasconcursos.com_.br-anatel-capa.jpg?fit=1200%2C877&ssl=1&resize=350%2C200 1x, https:\/\/i0.wp.com\/noticiasribeiraopreto.com.br\/wp-content\/uploads\/2023\/12\/noticiasconcursos.com_.br-anatel-capa.jpg?fit=1200%2C877&ssl=1&resize=525%2C300 1.5x, https:\/\/i0.wp.com\/noticiasribeiraopreto.com.br\/wp-content\/uploads\/2023\/12\/noticiasconcursos.com_.br-anatel-capa.jpg?fit=1200%2C877&ssl=1&resize=700%2C400 2x, https:\/\/i0.wp.com\/noticiasribeiraopreto.com.br\/wp-content\/uploads\/2023\/12\/noticiasconcursos.com_.br-anatel-capa.jpg?fit=1200%2C877&ssl=1&resize=1050%2C600 3x"},"classes":[]},{"id":17385,"url":"https:\/\/noticiasribeiraopreto.com.br\/index.php\/2023\/12\/18\/definida-banca-organizadora-para-edital-com-260-vagas\/","url_meta":{"origin":18899,"position":5},"title":"definida banca organizadora para edital com 260 vagas","author":"noticiasribeiraopreto.com.br","date":"18 de December de 2023","format":false,"excerpt":"Um novo concurso SEAP PR (Secretaria de Planejamento e Previd\u00eancia Social do Paran\u00e1) deve ser realizado em breve, para o preenchimento de 260 vagas, para cargos de n\u00edveis m\u00e9dio, t\u00e9cnico e superior, com remunera\u00e7\u00f5es iniciais que variam de R$ 4.231,60 a R$ 7.616,80. De acordo com informa\u00e7\u00f5es preliminares, a sele\u00e7\u00e3o\u2026","rel":"","context":"In &quot;Vagas de Emprego em Ribeir\u00e3o Preto-SP&quot;","block_context":{"text":"Vagas de Emprego em Ribeir\u00e3o Preto-SP","link":"https:\/\/noticiasribeiraopreto.com.br\/index.php\/category\/empregos-classificados-vagas-trabalho\/vagas-de-empregos-em-ribeirao-preto-regiao-brasil\/"},"img":{"alt_text":"","src":"https:\/\/i0.wp.com\/noticiasribeiraopreto.com.br\/wp-content\/uploads\/2023\/12\/seap_pr.jpg?fit=1200%2C675&ssl=1&resize=350%2C200","width":350,"height":200,"srcset":"https:\/\/i0.wp.com\/noticiasribeiraopreto.com.br\/wp-content\/uploads\/2023\/12\/seap_pr.jpg?fit=1200%2C675&ssl=1&resize=350%2C200 1x, https:\/\/i0.wp.com\/noticiasribeiraopreto.com.br\/wp-content\/uploads\/2023\/12\/seap_pr.jpg?fit=1200%2C675&ssl=1&resize=525%2C300 1.5x, https:\/\/i0.wp.com\/noticiasribeiraopreto.com.br\/wp-content\/uploads\/2023\/12\/seap_pr.jpg?fit=1200%2C675&ssl=1&resize=700%2C400 2x, https:\/\/i0.wp.com\/noticiasribeiraopreto.com.br\/wp-content\/uploads\/2023\/12\/seap_pr.jpg?fit=1200%2C675&ssl=1&resize=1050%2C600 3x"},"classes":[]}],"jetpack_sharing_enabled":true,"jetpack_shortlink":"https:\/\/wp.me\/peQAOb-4UP","_links":{"self":[{"href":"https:\/\/noticiasribeiraopreto.com.br\/index.php\/wp-json\/wp\/v2\/posts\/18899","targetHints":{"allow":["GET"]}}],"collection":[{"href":"https:\/\/noticiasribeiraopreto.com.br\/index.php\/wp-json\/wp\/v2\/posts"}],"about":[{"href":"https:\/\/noticiasribeiraopreto.com.br\/index.php\/wp-json\/wp\/v2\/types\/post"}],"author":[{"embeddable":true,"href":"https:\/\/noticiasribeiraopreto.com.br\/index.php\/wp-json\/wp\/v2\/users\/1"}],"replies":[{"embeddable":true,"href":"https:\/\/noticiasribeiraopreto.com.br\/index.php\/wp-json\/wp\/v2\/comments?post=18899"}],"version-history":[{"count":0,"href":"https:\/\/noticiasribeiraopreto.com.br\/index.php\/wp-json\/wp\/v2\/posts\/18899\/revisions"}],"wp:featuredmedia":[{"embeddable":true,"href":"https:\/\/noticiasribeiraopreto.com.br\/index.php\/wp-json\/wp\/v2\/media\/18900"}],"wp:attachment":[{"href":"https:\/\/noticiasribeiraopreto.com.br\/index.php\/wp-json\/wp\/v2\/media?parent=18899"}],"wp:term":[{"taxonomy":"category","embeddable":true,"href":"https:\/\/noticiasribeiraopreto.com.br\/index.php\/wp-json\/wp\/v2\/categories?post=18899"},{"taxonomy":"post_tag","embeddable":true,"href":"https:\/\/noticiasribeiraopreto.com.br\/index.php\/wp-json\/wp\/v2\/tags?post=18899"}],"curies":[{"name":"wp","href":"https:\/\/api.w.org\/{rel}","templated":true}]}}