{"id":18905,"date":"2023-12-21T10:03:46","date_gmt":"2023-12-21T13:03:46","guid":{"rendered":"https:\/\/noticiasribeiraopreto.com.br\/index.php\/2023\/12\/21\/o-enquadro-da-policia-federal-na-braskem-brkm5-operacao-investiga-possiveis-crimes-em-exploracao-da-empresa-em-maceio\/"},"modified":"2023-12-21T10:03:46","modified_gmt":"2023-12-21T13:03:46","slug":"o-enquadro-da-policia-federal-na-braskem-brkm5-operacao-investiga-possiveis-crimes-em-exploracao-da-empresa-em-maceio","status":"publish","type":"post","link":"https:\/\/noticiasribeiraopreto.com.br\/index.php\/2023\/12\/21\/o-enquadro-da-policia-federal-na-braskem-brkm5-operacao-investiga-possiveis-crimes-em-exploracao-da-empresa-em-maceio\/","title":{"rendered":"O enquadro da Pol\u00edcia Federal na Braskem (BRKM5): Opera\u00e7\u00e3o investiga poss\u00edveis crimes em explora\u00e7\u00e3o da empresa em Macei\u00f3"},"content":{"rendered":"<div class='code-block code-block-1' style='margin: 8px 0 8px auto; text-align: right; display: block; clear: both;'>\n<p><a href=\"https:\/\/wa.link\/vpicfd\"><img data-recalc-dims=\"1\" class=\"wp-image-4922\" style=\"aspect-ratio: 2.0253164556962027; width: 561px; height: auto;\" src=\"https:\/\/i0.wp.com\/ismaelcolosi.com.br\/wp-content\/uploads\/2023\/11\/grupo-de-empregos-whatsapp-e-facebook-ismael-colosi-vagas.jpg?ssl=1\" alt=\"\" \/><\/a><\/p>\n<!-- \/wp:image -->\n<\/div>\n<p> <br \/>\n<\/p>\n<div id=\"js-first-letter\">\n<p>A <strong>Braskem <\/strong>(<strong>BRKM5<\/strong>) acaba de entrar na mira da Pol\u00edcia Federal. A PF abriu na manh\u00e3 desta quinta-feira (21) uma investiga\u00e7\u00e3o sobre poss\u00edveis crimes cometidos durante os anos de explora\u00e7\u00e3o de sal-gema pela empresa em Macei\u00f3. <\/p>\n<p>A opera\u00e7\u00e3o foi batizada de L\u00e1grimas de Sal, uma &#8220;refer\u00eancia ao sofrimento causado \u00e0 popula\u00e7\u00e3o pela atividade de explora\u00e7\u00e3o de sal-gema&#8221;.<\/p>\n<p>A explora\u00e7\u00e3o do min\u00e9rio pela Braskem na capital de Alagoas aconteceu de 1976 a 2019 e resultou em uma grave instabilidade no solo de bairros como Pinheiro, Mutange, Bebedouro e \u00e1reas pr\u00f3ximas. <\/p>\n<p>A regi\u00e3o se tornou inabit\u00e1vel, uma vez que trouxe riscos de desmoronamento de casas, ruas e fechamento do com\u00e9rcio, levando mais de 60 mil pessoas a terem que deixar os bairros.<\/p>\n<p>As investiga\u00e7\u00f5es da Pol\u00edcia Federal apuraram ind\u00edcios de que as atividades de minera\u00e7\u00e3o desenvolvidas no local n\u00e3o \u201cseguiram os par\u00e2metros de seguran\u00e7a previstos na literatura cient\u00edfica e nos respectivos planos de lavra&#8221;.<\/p>\n<p>Esses requisitos procuravam garantir a estabilidade das minas e a seguran\u00e7a da popula\u00e7\u00e3o da regi\u00e3o.<\/p>\n<h2 class=\"wp-block-heading\" id=\"h-a-investigacao-da-braskem-brkm5-pela-policia-federal\">A investiga\u00e7\u00e3o da Braskem (BRKM5) pela Pol\u00edcia Federal<\/h2>\n<p>A Pol\u00edcia Federal afirma que foram identificados ind\u00edcios de apresenta\u00e7\u00e3o de \u201cdados falsos e omiss\u00e3o de informa\u00e7\u00f5es relevantes aos \u00f3rg\u00e3os p\u00fablicos respons\u00e1veis pela fiscaliza\u00e7\u00e3o da atividade&#8221;.<\/p>\n<p>De acordo com o comunicado da PF, esses dados permitiram a continuidade dos trabalhos de explora\u00e7\u00e3o, &#8220;mesmo quando j\u00e1 presentes problemas de estabilidade das cavidades de sal e sinais de subsid\u00eancia do solo acima das minas\u201d.<\/p>\n<p>Segundo a PF, a Braskem (BRKM5) e os demais investigados poder\u00e3o responder pelos crimes de polui\u00e7\u00e3o qualificada, usurpa\u00e7\u00e3o de recursos da Uni\u00e3o, apresenta\u00e7\u00e3o de estudos ambientais falsos ou enganosos, inclusive por omiss\u00e3o.<\/p>\n<p>Aproximadamente 60 policiais federais cumprem 14 mandados judiciais de busca e apreens\u00e3o em endere\u00e7os relacionados aos investigados em Macei\u00f3, no Rio de Janeiro e em Aracaju. <\/p>\n<p>Os mandados foram expedidos pela Justi\u00e7a Federal no estado de Alagoas.<\/p>\n<p><em>*Com informa\u00e7\u00f5es de Ag\u00eancia Brasil.<\/em><\/p>\n<\/div>\n<p><br \/>\n<br \/><a href=\"https:\/\/www.seudinheiro.com\/2023\/empresas\/o-enquadro-da-policia-federal-na-braskem-brkm5-operacao-investiga-possiveis-crimes-em-exploracao-da-empresa-em-maceio-miql\/\">Source link <\/a><\/p>\n<!-- CONTENT END 1 -->\n","protected":false},"excerpt":{"rendered":"<p>A Braskem (BRKM5) acaba de entrar na mira da Pol\u00edcia Federal. A PF abriu na manh\u00e3 desta quinta-feira (21) uma investiga\u00e7\u00e3o sobre poss\u00edveis crimes cometidos&#8230;<\/p>\n","protected":false},"author":1,"featured_media":18906,"comment_status":"open","ping_status":"open","sticky":false,"template":"","format":"standard","meta":{"advanced_seo_description":"","jetpack_seo_html_title":"","jetpack_seo_noindex":false,"jetpack_post_was_ever_published":false,"_jetpack_newsletter_access":"","_jetpack_dont_email_post_to_subs":false,"_jetpack_newsletter_tier_id":0,"_jetpack_memberships_contains_paywalled_content":false,"_jetpack_memberships_contains_paid_content":false,"footnotes":"","jetpack_publicize_message":"","jetpack_publicize_feature_enabled":true,"jetpack_social_post_already_shared":true,"jetpack_social_options":{"image_generator_settings":{"template":"highway","default_image_id":0,"font":"","enabled":false},"version":2}},"categories":[1235],"tags":[],"class_list":["post-18905","post","type-post","status-publish","format-standard","has-post-thumbnail","hentry","category-dinheiro-e-investimento-como-fazer-como-ganhar"],"jetpack_publicize_connections":[],"jetpack_featured_media_url":"https:\/\/i0.wp.com\/noticiasribeiraopreto.com.br\/wp-content\/uploads\/2023\/12\/1703163831_Planta-Cloro-Soda_Maceio-braskem-628x353.jpg?fit=628%2C353&ssl=1","jetpack-related-posts":[{"id":18958,"url":"https:\/\/noticiasribeiraopreto.com.br\/index.php\/2023\/12\/21\/policia-federal-investiga-crimes-ambientais-na-exploracao-de-sal-gema-em-maceio-2\/","url_meta":{"origin":18905,"position":0},"title":"Pol\u00edcia Federal investiga crimes ambientais na explora\u00e7\u00e3o de sal-gema em Macei\u00f3","author":"noticiasribeiraopreto.com.br","date":"21 de December de 2023","format":false,"excerpt":"Na manh\u00e3 desta quinta-feira (21), a Pol\u00edcia Federal (PF) iniciou a Opera\u00e7\u00e3o L\u00e1grimas de Sal, desdobrando esfor\u00e7os para investigar poss\u00edveis crimes decorrentes da explora\u00e7\u00e3o de sal-gema pela empresa Braskem em Macei\u00f3 ao longo de d\u00e9cadas. A capital alagoana testemunhou a explora\u00e7\u00e3o de sal-gema entre 1976 e 2019, resultando em s\u00e9ria\u2026","rel":"","context":"In &quot;Vagas de Emprego em Ribeir\u00e3o Preto-SP&quot;","block_context":{"text":"Vagas de Emprego em Ribeir\u00e3o Preto-SP","link":"https:\/\/noticiasribeiraopreto.com.br\/index.php\/category\/empregos-classificados-vagas-trabalho\/vagas-de-empregos-em-ribeirao-preto-regiao-brasil\/"},"img":{"alt_text":"","src":"https:\/\/i0.wp.com\/noticiasribeiraopreto.com.br\/wp-content\/uploads\/2023\/12\/1703172498_mina_da_braskem_em_maceio_-_foto_thais_magalhaes.jpg?fit=1200%2C675&ssl=1&resize=350%2C200","width":350,"height":200,"srcset":"https:\/\/i0.wp.com\/noticiasribeiraopreto.com.br\/wp-content\/uploads\/2023\/12\/1703172498_mina_da_braskem_em_maceio_-_foto_thais_magalhaes.jpg?fit=1200%2C675&ssl=1&resize=350%2C200 1x, https:\/\/i0.wp.com\/noticiasribeiraopreto.com.br\/wp-content\/uploads\/2023\/12\/1703172498_mina_da_braskem_em_maceio_-_foto_thais_magalhaes.jpg?fit=1200%2C675&ssl=1&resize=525%2C300 1.5x, https:\/\/i0.wp.com\/noticiasribeiraopreto.com.br\/wp-content\/uploads\/2023\/12\/1703172498_mina_da_braskem_em_maceio_-_foto_thais_magalhaes.jpg?fit=1200%2C675&ssl=1&resize=700%2C400 2x, https:\/\/i0.wp.com\/noticiasribeiraopreto.com.br\/wp-content\/uploads\/2023\/12\/1703172498_mina_da_braskem_em_maceio_-_foto_thais_magalhaes.jpg?fit=1200%2C675&ssl=1&resize=1050%2C600 3x"},"classes":[]},{"id":21172,"url":"https:\/\/noticiasribeiraopreto.com.br\/index.php\/2023\/12\/27\/um-presente-de-natal-para-a-braskem-brkm5-justica-rejeita-pedido-de-bloqueio-de-r-1-bilhao-da-petroquimica\/","url_meta":{"origin":18905,"position":1},"title":"Um presente de Natal para a Braskem (BRKM5)? Justi\u00e7a rejeita pedido de bloqueio de R$ 1 bilh\u00e3o da petroqu\u00edmica","author":"noticiasribeiraopreto.com.br","date":"27 de December de 2023","format":false,"excerpt":"Um presente de Natal caiu aos p\u00e9s da \u00e1rvore da Braskem (BRKM5) nesta semana. A Justi\u00e7a Federal em Alagoas negou pedido do Minist\u00e9rio P\u00fablico Federal (MPF) e da Defensoria P\u00fablica da Uni\u00e3o (DPU) para bloquear R$ 1 bilh\u00e3o nas contas da petroqu\u00edmica. Isso porque no dia 14 de dezembro, os\u2026","rel":"","context":"In &quot;Dinheiro e Investimento&quot;","block_context":{"text":"Dinheiro e Investimento","link":"https:\/\/noticiasribeiraopreto.com.br\/index.php\/category\/dinheiro-e-investimento-como-fazer-como-ganhar\/"},"img":{"alt_text":"","src":"https:\/\/i0.wp.com\/noticiasribeiraopreto.com.br\/wp-content\/uploads\/2023\/12\/1703680514_Planta-Cloro-Soda_Maceio-braskem-628x353.jpg?fit=628%2C353&ssl=1&resize=350%2C200","width":350,"height":200,"srcset":"https:\/\/i0.wp.com\/noticiasribeiraopreto.com.br\/wp-content\/uploads\/2023\/12\/1703680514_Planta-Cloro-Soda_Maceio-braskem-628x353.jpg?fit=628%2C353&ssl=1&resize=350%2C200 1x, https:\/\/i0.wp.com\/noticiasribeiraopreto.com.br\/wp-content\/uploads\/2023\/12\/1703680514_Planta-Cloro-Soda_Maceio-braskem-628x353.jpg?fit=628%2C353&ssl=1&resize=525%2C300 1.5x"},"classes":[]},{"id":13191,"url":"https:\/\/noticiasribeiraopreto.com.br\/index.php\/2023\/12\/09\/braskem-brkm5-confirma-que-prefeitura-de-maceio-quer-rever-valor-da-indenizacao-por-afundamento-de-bairros\/","url_meta":{"origin":18905,"position":2},"title":"Braskem (BRKM5) confirma que Prefeitura de Macei\u00f3 quer rever valor da indeniza\u00e7\u00e3o por afundamento de bairros","author":"noticiasribeiraopreto.com.br","date":"9 de December de 2023","format":false,"excerpt":"A Braskem (BRKM5) confirmou \u00e0 Comiss\u00e3o de Valores Mobili\u00e1rios (CVM), na noite da \u00faltima sexta-feira (09), que recebeu correspond\u00eancia da Prefeitura de Macei\u00f3 com pedido para reabrir acordo selado em julho em que a petroqu\u00edmica se comprometeu a pagar indeniza\u00e7\u00e3o de R$ 1,7 bilh\u00e3o ao munic\u00edpio em raz\u00e3o do afundamento\u2026","rel":"","context":"In &quot;Dinheiro e Investimento&quot;","block_context":{"text":"Dinheiro e Investimento","link":"https:\/\/noticiasribeiraopreto.com.br\/index.php\/category\/dinheiro-e-investimento-como-fazer-como-ganhar\/"},"img":{"alt_text":"","src":"https:\/\/i0.wp.com\/noticiasribeiraopreto.com.br\/wp-content\/uploads\/2023\/12\/1702138274_Planta-Cloro-Soda_Maceio-braskem-628x353.jpg?fit=628%2C353&ssl=1&resize=350%2C200","width":350,"height":200,"srcset":"https:\/\/i0.wp.com\/noticiasribeiraopreto.com.br\/wp-content\/uploads\/2023\/12\/1702138274_Planta-Cloro-Soda_Maceio-braskem-628x353.jpg?fit=628%2C353&ssl=1&resize=350%2C200 1x, https:\/\/i0.wp.com\/noticiasribeiraopreto.com.br\/wp-content\/uploads\/2023\/12\/1702138274_Planta-Cloro-Soda_Maceio-braskem-628x353.jpg?fit=628%2C353&ssl=1&resize=525%2C300 1.5x"},"classes":[]},{"id":9637,"url":"https:\/\/noticiasribeiraopreto.com.br\/index.php\/2023\/12\/02\/maceio-registra-abalo-sismico-na-regiao-de-mina-da-braskem-brkm5-ameacada-de-desabamento\/","url_meta":{"origin":18905,"position":3},"title":"Macei\u00f3 registra abalo s\u00edsmico na regi\u00e3o de mina da Braskem (BRKM5) amea\u00e7ada de desabamento","author":"noticiasribeiraopreto.com.br","date":"2 de December de 2023","format":false,"excerpt":"A Defesa Civil de Macei\u00f3 informou que na \u00faltima sexta-feira (1) foi registrado um evento s\u00edsmico de magnitude de 0,39Ml a 330m de profundidade na regi\u00e3o do Mutange, onde est\u00e1 localizada a mina n\u00famero 18 de explora\u00e7\u00e3o de sal-gema pela Braskem (BRKM5). O \u00f3rg\u00e3o informou que mant\u00e9m alerta m\u00e1ximo e\u2026","rel":"","context":"In &quot;Dinheiro e Investimento&quot;","block_context":{"text":"Dinheiro e Investimento","link":"https:\/\/noticiasribeiraopreto.com.br\/index.php\/category\/dinheiro-e-investimento-como-fazer-como-ganhar\/"},"img":{"alt_text":"","src":"https:\/\/i0.wp.com\/noticiasribeiraopreto.com.br\/wp-content\/uploads\/2023\/12\/Planta-Cloro-Soda_Maceio-braskem-628x353.jpg?fit=628%2C353&ssl=1&resize=350%2C200","width":350,"height":200,"srcset":"https:\/\/i0.wp.com\/noticiasribeiraopreto.com.br\/wp-content\/uploads\/2023\/12\/Planta-Cloro-Soda_Maceio-braskem-628x353.jpg?fit=628%2C353&ssl=1&resize=350%2C200 1x, https:\/\/i0.wp.com\/noticiasribeiraopreto.com.br\/wp-content\/uploads\/2023\/12\/Planta-Cloro-Soda_Maceio-braskem-628x353.jpg?fit=628%2C353&ssl=1&resize=525%2C300 1.5x"},"classes":[]},{"id":13572,"url":"https:\/\/noticiasribeiraopreto.com.br\/index.php\/2023\/12\/10\/antiga-mina-da-braskem-brkm5-se-rompe-em-maceio-apos-solo-ter-afundado-125cm-em-24-horas-veja-video\/","url_meta":{"origin":18905,"position":4},"title":"Antiga mina da Braskem (BRKM5) se rompe em Macei\u00f3, ap\u00f3s solo ter afundado 12,5cm em 24 horas; veja v\u00eddeo","author":"noticiasribeiraopreto.com.br","date":"10 de December de 2023","format":false,"excerpt":"A Defesa Civil de Macei\u00f3 informou, na come\u00e7o da tarde deste domingo (18), que a mina 18, antiga mina da Braskem (BRKM5), sofreu um rompimento parcial \u00e0s 13h15 que p\u00f4de ser percebido num trecho da Lagoa Munda\u00fa, no bairro do Mutange. \"No momento, t\u00e9cnicos da Defesa Civil est\u00e3o monitorando o\u2026","rel":"","context":"In &quot;Dinheiro e Investimento&quot;","block_context":{"text":"Dinheiro e Investimento","link":"https:\/\/noticiasribeiraopreto.com.br\/index.php\/category\/dinheiro-e-investimento-como-fazer-como-ganhar\/"},"img":{"alt_text":"","src":"https:\/\/i0.wp.com\/noticiasribeiraopreto.com.br\/wp-content\/uploads\/2023\/12\/rompimento-mina-braskem-mod-715x402.jpg?fit=715%2C402&ssl=1&resize=350%2C200","width":350,"height":200,"srcset":"https:\/\/i0.wp.com\/noticiasribeiraopreto.com.br\/wp-content\/uploads\/2023\/12\/rompimento-mina-braskem-mod-715x402.jpg?fit=715%2C402&ssl=1&resize=350%2C200 1x, https:\/\/i0.wp.com\/noticiasribeiraopreto.com.br\/wp-content\/uploads\/2023\/12\/rompimento-mina-braskem-mod-715x402.jpg?fit=715%2C402&ssl=1&resize=525%2C300 1.5x, https:\/\/i0.wp.com\/noticiasribeiraopreto.com.br\/wp-content\/uploads\/2023\/12\/rompimento-mina-braskem-mod-715x402.jpg?fit=715%2C402&ssl=1&resize=700%2C400 2x"},"classes":[]},{"id":10529,"url":"https:\/\/noticiasribeiraopreto.com.br\/index.php\/2023\/12\/04\/braskem-brkm5-segue-no-indice-das-empresas-mais-sustentaveis-da-b3-apesar-dos-problemas-em-maceio\/","url_meta":{"origin":18905,"position":5},"title":"Braskem (BRKM5) segue no \u00edndice das empresas mais sustent\u00e1veis da B3 apesar dos problemas em Macei\u00f3","author":"noticiasribeiraopreto.com.br","date":"4 de December de 2023","format":false,"excerpt":"Uma empresa apontada como respons\u00e1vel por um desastre ambiental pode ser considerada sustent\u00e1vel? Pelo menos no caso da Braskem (BRKM5), a resposta \u00e9 sim. Apesar dos problemas com o afundamento de bairros em Macei\u00f3 (AL), a petroqu\u00edmica se mant\u00e9m em um grupo seleto: o do \u00cdndice de Sustentabilidade Empresarial (ISE)\u2026","rel":"","context":"In &quot;Dinheiro e Investimento&quot;","block_context":{"text":"Dinheiro e Investimento","link":"https:\/\/noticiasribeiraopreto.com.br\/index.php\/category\/dinheiro-e-investimento-como-fazer-como-ganhar\/"},"img":{"alt_text":"","src":"https:\/\/i0.wp.com\/noticiasribeiraopreto.com.br\/wp-content\/uploads\/2023\/12\/Unidade-da-Braskem-715x402.jpg?fit=715%2C402&ssl=1&resize=350%2C200","width":350,"height":200,"srcset":"https:\/\/i0.wp.com\/noticiasribeiraopreto.com.br\/wp-content\/uploads\/2023\/12\/Unidade-da-Braskem-715x402.jpg?fit=715%2C402&ssl=1&resize=350%2C200 1x, https:\/\/i0.wp.com\/noticiasribeiraopreto.com.br\/wp-content\/uploads\/2023\/12\/Unidade-da-Braskem-715x402.jpg?fit=715%2C402&ssl=1&resize=525%2C300 1.5x, https:\/\/i0.wp.com\/noticiasribeiraopreto.com.br\/wp-content\/uploads\/2023\/12\/Unidade-da-Braskem-715x402.jpg?fit=715%2C402&ssl=1&resize=700%2C400 2x"},"classes":[]}],"jetpack_sharing_enabled":true,"jetpack_shortlink":"https:\/\/wp.me\/peQAOb-4UV","_links":{"self":[{"href":"https:\/\/noticiasribeiraopreto.com.br\/index.php\/wp-json\/wp\/v2\/posts\/18905","targetHints":{"allow":["GET"]}}],"collection":[{"href":"https:\/\/noticiasribeiraopreto.com.br\/index.php\/wp-json\/wp\/v2\/posts"}],"about":[{"href":"https:\/\/noticiasribeiraopreto.com.br\/index.php\/wp-json\/wp\/v2\/types\/post"}],"author":[{"embeddable":true,"href":"https:\/\/noticiasribeiraopreto.com.br\/index.php\/wp-json\/wp\/v2\/users\/1"}],"replies":[{"embeddable":true,"href":"https:\/\/noticiasribeiraopreto.com.br\/index.php\/wp-json\/wp\/v2\/comments?post=18905"}],"version-history":[{"count":0,"href":"https:\/\/noticiasribeiraopreto.com.br\/index.php\/wp-json\/wp\/v2\/posts\/18905\/revisions"}],"wp:featuredmedia":[{"embeddable":true,"href":"https:\/\/noticiasribeiraopreto.com.br\/index.php\/wp-json\/wp\/v2\/media\/18906"}],"wp:attachment":[{"href":"https:\/\/noticiasribeiraopreto.com.br\/index.php\/wp-json\/wp\/v2\/media?parent=18905"}],"wp:term":[{"taxonomy":"category","embeddable":true,"href":"https:\/\/noticiasribeiraopreto.com.br\/index.php\/wp-json\/wp\/v2\/categories?post=18905"},{"taxonomy":"post_tag","embeddable":true,"href":"https:\/\/noticiasribeiraopreto.com.br\/index.php\/wp-json\/wp\/v2\/tags?post=18905"}],"curies":[{"name":"wp","href":"https:\/\/api.w.org\/{rel}","templated":true}]}}