{"id":18913,"date":"2023-12-21T10:26:27","date_gmt":"2023-12-21T13:26:27","guid":{"rendered":"https:\/\/noticiasribeiraopreto.com.br\/index.php\/2023\/12\/21\/assinado-contrato-com-banca-e-edital-ja-pode-sair-13\/"},"modified":"2023-12-21T10:26:27","modified_gmt":"2023-12-21T13:26:27","slug":"assinado-contrato-com-banca-e-edital-ja-pode-sair-13","status":"publish","type":"post","link":"https:\/\/noticiasribeiraopreto.com.br\/index.php\/2023\/12\/21\/assinado-contrato-com-banca-e-edital-ja-pode-sair-13\/","title":{"rendered":"assinado contrato com banca e edital j\u00e1 pode sair"},"content":{"rendered":"<div class='code-block code-block-1' style='margin: 8px 0 8px auto; text-align: right; display: block; clear: both;'>\n<p><a href=\"https:\/\/wa.link\/vpicfd\"><img data-recalc-dims=\"1\" class=\"wp-image-4922\" style=\"aspect-ratio: 2.0253164556962027; width: 561px; height: auto;\" src=\"https:\/\/i0.wp.com\/ismaelcolosi.com.br\/wp-content\/uploads\/2023\/11\/grupo-de-empregos-whatsapp-e-facebook-ismael-colosi-vagas.jpg?ssl=1\" alt=\"\" \/><\/a><\/p>\n<!-- \/wp:image -->\n<\/div>\n<p> <br \/>\n<\/p>\n<div>\n<p>O edital do novo <a href=\"https:\/\/jcconcursos.com.br\/concurso\/concurso-cau-rn-79003\" rel=\"noopener\" target=\"_blank\">concurso CAU RN<\/a> (Conselho Regional de Arquitetura e Urbanismo do Rio Grande do Norte) j\u00e1 pode sair. Acontece que foi publicado, no di\u00e1rio oficial da Uni\u00e3o desta quinta-feira, 21 de dezembro, o extrato de contrato com a banca organizadora, que ser\u00e1 o <a href=\"https:\/\/www.quadrix.org.br\/\" rel=\"noopener\" target=\"_blank\">Instituto Quadrix<\/a>. <a href=\"https:\/\/jcconcursos.com.br\/concursos\/concurso-cau-rn-banca-e-cargos-definidos-edital-em-breve-120224\" rel=\"noopener\" target=\"_blank\">O nome da empresa havia sido anunciado na \u00faltima quarta, dia 20.<\/a><\/p>\n<p>De acordo com o novo documento,\u00a0 a assinatura ocorreu em 19 de dezembro, com validade at\u00e9 19 de dezembro de 2024, prazo necess\u00e1rio para a realiza\u00e7\u00e3o de todos os procedimentos da sele\u00e7\u00e3o, incluindo a publica\u00e7\u00e3o do edital, recebimento de inscri\u00e7\u00f5es, aplica\u00e7\u00e3o das provas e divulga\u00e7\u00e3o dos resultados.<\/p>\n<p>Embora a oferta de vagas ainda n\u00e3o tenha sido anunciada, a banca j\u00e1 antecipou quais cargos ser\u00e3o oferecidos pelo <a href=\"https:\/\/www.caurn.gov.br\/\" rel=\"noopener\" target=\"_blank\">CAU RN,<\/a> com oportunidades de n\u00edveis m\u00e9dio e superior, com inciais de at\u00e9 R$ 7.648,28.<\/p>\n<p>No caso de <a href=\"https:\/\/jcconcursos.com.br\/concursos\/nivel-escolar\/medio\" rel=\"noopener\" target=\"_blank\">ensino m\u00e9dio<\/a>, a sele\u00e7\u00e3o ser\u00e1 para o cargo de assistente administrativo, com remunera\u00e7\u00e3o inicial de R$ 2.959,63.<\/p>\n<p>Por fim, para <a href=\"https:\/\/jcconcursos.com.br\/concursos\/nivel-escolar\/superior\" rel=\"noopener\" target=\"_blank\">n\u00edvel superior<\/a>, a oferta ser\u00e1 para a carreira de analista de fiscaliza\u00e7\u00e3o, com inicial de R$ 7.648,28.<\/p>\n<p>Tamb\u00e9m j\u00e1 est\u00e1 certo que a lota\u00e7\u00e3o dos aprovados ser\u00e1 nas seguintes cidades:<\/p>\n<h2>Concurso CAU RN: veja publica\u00e7\u00e3o oficial<\/h2>\n<p>EXTRATO DE CONTRATO<\/p>\n<p>CAU\/RN PROCESSO PROTOCOLO SEI N\u00ba 00173.000030\/2023-39.<\/p>\n<p>Contratado: INSTITUTO QUADRIX (08.412.130\/0001-43).<\/p>\n<p>Descri\u00e7\u00e3o: Contrata\u00e7\u00e3o de empresa organizadora de Concurso P\u00fablico para provimento dos cargos de servidores(as) do Quadro Pessoal do CAU\/RN.<\/p>\n<p>Vig\u00eancia: 19\/12\/2023 a 19\/12\/2024.<\/p>\n<h2>Saiba como foi a \u00faltima sele\u00e7\u00e3o<\/h2>\n<p>O \u00faltimo <strong>concurso CAU RN<\/strong> ocorreu em 2013, por meio do concurso CAU nacional unificado, com uma oferta de 2.570 vagas, sendo 190 imediatas e 2.380 para cadastro reserva, com remunera\u00e7\u00f5es iniciais de R$ 678 a R$ 7.286,61. A banca organizadora, na ocasi\u00e3o, foi o Instituto Iades.<\/p>\n<p>Os cargos oferecidos foram os seguintes:<\/p>\n<ul>\n<li>advogado,<\/li>\n<li>agente de fiscaliza\u00e7\u00e3o,<\/li>\n<li>agente de fiscaliza\u00e7\u00e3o \u2013 arquiteto e urbanista,<\/li>\n<li>agente fiscal,<\/li>\n<li>analista arquiteto,<\/li>\n<li>analista de comunica\u00e7\u00e3o,<\/li>\n<li>analista de planejamento e gest\u00e3o estrat\u00e9gica,<\/li>\n<li>analista de documenta\u00e7\u00e3o e protocolo,<\/li>\n<li>analista de processos,<\/li>\n<li>analista de eventos e passagens,<\/li>\n<li>analista de gest\u00e3o de pessoas,<\/li>\n<li>analista de compras, contratos, conv\u00eanios e licita\u00e7\u00f5es,<\/li>\n<li>analista de controladoria,<\/li>\n<li>analista financeiro-cont\u00e1bil,<\/li>\n<li>analista de finan\u00e7as,<\/li>\n<li>analista fiscal,<\/li>\n<li>analista jur\u00eddico,<\/li>\n<li>analista de or\u00e7amento,<\/li>\n<li>analista de rela\u00e7\u00f5es legislativas,<\/li>\n<li>analista de geotecnologia,<\/li>\n<li>analista de sistemas,<\/li>\n<li>analista de infraestrutura de tecnologia da informa\u00e7\u00e3o,<\/li>\n<li>analista de inform\u00e1tica,<\/li>\n<li>analista t\u00e9cnico,<\/li>\n<li>analista de ouvidoria,<\/li>\n<li>analista de rela\u00e7\u00f5es institucionais,<\/li>\n<li>analista t\u00e9cnico de \u00f3rg\u00e3os colegiados,<\/li>\n<li>assessor jur\u00eddico<\/li>\n<li>assistente administrativo,<\/li>\n<li>assistente t\u00e9cnico-administrativo,<\/li>\n<li>assistente t\u00e9cnico,<\/li>\n<li>assistente de atendimento,<\/li>\n<li>assistente de registro e atendimento,<\/li>\n<li>assistente de inform\u00e1tica,<\/li>\n<li>assistente de contabilidade,<\/li>\n<li>assistente de or\u00e7amento e finan\u00e7as,<\/li>\n<li>assistente t\u00e9cnico-cont\u00e1bil,<\/li>\n<li>coordenador t\u00e9cnico,<\/li>\n<li>contador,<\/li>\n<li>tesoureiro,<\/li>\n<li>t\u00e9cnico em inform\u00e1tica,<\/li>\n<li>analista de fiscaliza\u00e7\u00e3o,<\/li>\n<li>auxiliar administrativo,<\/li>\n<li>auxiliar de servi\u00e7os gerais,<\/li>\n<li>gerente t\u00e9cnico,<\/li>\n<li>gerente administrativo,<\/li>\n<li>gerente administrativo e financeiro,<\/li>\n<li>assistente de tecnologia da informa\u00e7\u00e3o,<\/li>\n<li>secret\u00e1rio,<\/li>\n<li>secret\u00e1rio executivo,<\/li>\n<li>secret\u00e1rio geral<\/li>\n<li>ouvidor<\/li>\n<\/ul>\n<p>J\u00e1 a lota\u00e7\u00e3o ocorreu nos seguintes estados:<\/p>\n<ul>\n<li>Acre,<\/li>\n<li>Alagoas,<\/li>\n<li>Amazonas,<\/li>\n<li>Amap\u00e1,<\/li>\n<li>Cear\u00e1,<\/li>\n<li>Esp\u00edrito Santo,<\/li>\n<li>Goi\u00e1s,<\/li>\n<li>Maranh\u00e3o,<\/li>\n<li>Mato Grosso do Sul,<\/li>\n<li>Mato Grosso,<\/li>\n<li>Par\u00e1,<\/li>\n<li>Para\u00edba,<\/li>\n<li>Pernambuco,<\/li>\n<li>Piau\u00ed,<\/li>\n<li>Rio Grande do Norte,<\/li>\n<li>Roraima,<\/li>\n<li>Rond\u00f4nia,<\/li>\n<li>Sergipe,<\/li>\n<li>Tocantins<\/li>\n<li>Distrito Federal<\/li>\n<\/ul>\n<p><a id=\"gnews_btn\" href=\"https:\/\/news.google.com\/publications\/CAAqBwgKMOixlQswuZWrAw\" target=\"_blank\" class=\"border_jc_blue link_hover_bg_jc_blue font_85 d-block d-md-inline-block px-2 py-1 mr-0 mr-md-2 mb-3 w-100 text-center\" rel=\"noopener\"><span class=\"text_jc_blue\">Siga o <strong>JC Concursos no Google News<\/strong><\/span><\/a><\/p>\n<h2>Sobre Quadrix \u2013 Instituto Quadrix<\/h2>\n<p>Presente no mercado desde 1997, o Instituto Quadrix organiza sele\u00e7\u00f5es em \u00e2mbito municipal, estadual e federal. Mant\u00e9m escrit\u00f3rios em S\u00e3o Paulo, Rio de Janeiro, Salvador, Porto Alegre, Curitiba, Bras\u00edlia e Belo Horizonte. <\/p>\n<p><span id=\"resumo\" class=\"anchor_link\"\/><a href=\"https:\/\/jcconcursos.com.br\/\" class=\"badge badge-light\">concursos<\/a><a href=\"https:\/\/jcconcursos.com.br\/concursos\/previstos\" class=\"badge badge-light\">concursos 2023<\/a><a href=\"https:\/\/jcconcursos.com.br\/concursos\/rn\" class=\"badge badge-light\">concursos rn (rio grande do norte)<\/a><a href=\"https:\/\/jcconcursos.com.br\/provas\/por-orgao\" class=\"badge badge-light\">provas anteriores<\/a><\/p>\n<\/div>\n<p><br \/>\n<br \/><a href=\"https:\/\/ismaelcolosi.com.br\/assinado-contrato-com-banca-e-edital-ja-pode-sair-12\/\">Source link <\/a><\/p>\n<!-- CONTENT END 1 -->\n","protected":false},"excerpt":{"rendered":"<p>O edital do novo concurso CAU RN (Conselho Regional de Arquitetura e Urbanismo do Rio Grande do Norte) j\u00e1 pode sair. Acontece que foi publicado,&#8230;<\/p>\n","protected":false},"author":1,"featured_media":18914,"comment_status":"open","ping_status":"open","sticky":false,"template":"","format":"standard","meta":{"advanced_seo_description":"","jetpack_seo_html_title":"","jetpack_seo_noindex":false,"jetpack_post_was_ever_published":false,"_jetpack_newsletter_access":"","_jetpack_dont_email_post_to_subs":false,"_jetpack_newsletter_tier_id":0,"_jetpack_memberships_contains_paywalled_content":false,"_jetpack_memberships_contains_paid_content":false,"footnotes":"","jetpack_publicize_message":"","jetpack_publicize_feature_enabled":true,"jetpack_social_post_already_shared":true,"jetpack_social_options":{"image_generator_settings":{"template":"highway","default_image_id":0,"font":"","enabled":false},"version":2}},"categories":[7],"tags":[],"class_list":["post-18913","post","type-post","status-publish","format-standard","has-post-thumbnail","hentry","category-vagas-de-empregos-em-ribeirao-preto-regiao-brasil"],"jetpack_publicize_connections":[],"jetpack_featured_media_url":"https:\/\/i0.wp.com\/noticiasribeiraopreto.com.br\/wp-content\/uploads\/2023\/12\/cau_rn.jpg?fit=1920%2C1080&ssl=1","jetpack-related-posts":[{"id":17860,"url":"https:\/\/noticiasribeiraopreto.com.br\/index.php\/2023\/12\/19\/assinado-contrato-com-banca-e-edital-ja-pode-sair-10\/","url_meta":{"origin":18913,"position":0},"title":"assinado contrato com banca e edital j\u00e1 pode sair","author":"noticiasribeiraopreto.com.br","date":"19 de December de 2023","format":false,"excerpt":"O edital do novo concurso IFAP AP (Instituto Federal de Educa\u00e7\u00e3o, Ci\u00eancias e Tecnologia do Amap\u00e1) para carreiras docentes j\u00e1 pode sair. Acontece que foi publicado, no di\u00e1rio oficial da Uni\u00e3o desta ter\u00e7a-feira, 19 de dezembro, o extrato de contrato com a banca organizadora, que ser\u00e1 o Instituto Idecan. O\u2026","rel":"","context":"In &quot;Vagas de Emprego em Ribeir\u00e3o Preto-SP&quot;","block_context":{"text":"Vagas de Emprego em Ribeir\u00e3o Preto-SP","link":"https:\/\/noticiasribeiraopreto.com.br\/index.php\/category\/empregos-classificados-vagas-trabalho\/vagas-de-empregos-em-ribeirao-preto-regiao-brasil\/"},"img":{"alt_text":"","src":"https:\/\/i0.wp.com\/noticiasribeiraopreto.com.br\/wp-content\/uploads\/2023\/12\/ifap_ap.jpg?fit=1200%2C675&ssl=1&resize=350%2C200","width":350,"height":200,"srcset":"https:\/\/i0.wp.com\/noticiasribeiraopreto.com.br\/wp-content\/uploads\/2023\/12\/ifap_ap.jpg?fit=1200%2C675&ssl=1&resize=350%2C200 1x, https:\/\/i0.wp.com\/noticiasribeiraopreto.com.br\/wp-content\/uploads\/2023\/12\/ifap_ap.jpg?fit=1200%2C675&ssl=1&resize=525%2C300 1.5x, https:\/\/i0.wp.com\/noticiasribeiraopreto.com.br\/wp-content\/uploads\/2023\/12\/ifap_ap.jpg?fit=1200%2C675&ssl=1&resize=700%2C400 2x, https:\/\/i0.wp.com\/noticiasribeiraopreto.com.br\/wp-content\/uploads\/2023\/12\/ifap_ap.jpg?fit=1200%2C675&ssl=1&resize=1050%2C600 3x"},"classes":[]},{"id":13873,"url":"https:\/\/noticiasribeiraopreto.com.br\/index.php\/2023\/12\/11\/assinado-contrato-com-banca-edital-ja-pode-sair\/","url_meta":{"origin":18913,"position":1},"title":"assinado contrato com banca; edital j\u00e1 pode sair","author":"noticiasribeiraopreto.com.br","date":"11 de December de 2023","format":false,"excerpt":"O edital de abertura de inscri\u00e7\u00f5es do concurso C\u00e2mara de Fortaleza CE (C\u00e2mara Municipal de Fortaleza), no Cear\u00e1, pode ser publicado no decorrer dos pr\u00f3ximos dias, ainda em dezembro. Acontece que, na \u00faltima sexta-feira, 8 de dezembro, o presidente da casa, vereador Gardel Rolim (PDT), confirmou que j\u00e1 est\u00e1 assinado\u2026","rel":"","context":"In &quot;Vagas de Emprego em Ribeir\u00e3o Preto-SP&quot;","block_context":{"text":"Vagas de Emprego em Ribeir\u00e3o Preto-SP","link":"https:\/\/noticiasribeiraopreto.com.br\/index.php\/category\/empregos-classificados-vagas-trabalho\/vagas-de-empregos-em-ribeirao-preto-regiao-brasil\/"},"img":{"alt_text":"","src":"https:\/\/i0.wp.com\/noticiasribeiraopreto.com.br\/wp-content\/uploads\/2023\/12\/camara_de_fortaleza_ce.jpg?fit=1200%2C675&ssl=1&resize=350%2C200","width":350,"height":200,"srcset":"https:\/\/i0.wp.com\/noticiasribeiraopreto.com.br\/wp-content\/uploads\/2023\/12\/camara_de_fortaleza_ce.jpg?fit=1200%2C675&ssl=1&resize=350%2C200 1x, https:\/\/i0.wp.com\/noticiasribeiraopreto.com.br\/wp-content\/uploads\/2023\/12\/camara_de_fortaleza_ce.jpg?fit=1200%2C675&ssl=1&resize=525%2C300 1.5x, https:\/\/i0.wp.com\/noticiasribeiraopreto.com.br\/wp-content\/uploads\/2023\/12\/camara_de_fortaleza_ce.jpg?fit=1200%2C675&ssl=1&resize=700%2C400 2x, https:\/\/i0.wp.com\/noticiasribeiraopreto.com.br\/wp-content\/uploads\/2023\/12\/camara_de_fortaleza_ce.jpg?fit=1200%2C675&ssl=1&resize=1050%2C600 3x"},"classes":[]},{"id":20760,"url":"https:\/\/noticiasribeiraopreto.com.br\/index.php\/2023\/12\/26\/assinado-contrato-com-banca-e-novo-edital-ja-pode-sair-2\/","url_meta":{"origin":18913,"position":2},"title":"assinado contrato com banca e novo edital j\u00e1 pode sair","author":"noticiasribeiraopreto.com.br","date":"26 de December de 2023","format":false,"excerpt":"O edital do novo concurso MP GO (Minist\u00e9rio P\u00fablico do Estado de Goi\u00e1s) j\u00e1 pode sair. Acontece que foi publicado, no di\u00e1rio oficial do estado desta ter\u00e7a-feira, 26 de dezembro, o extrato de contrato com a banca organizadora, que ser\u00e1 o Cebraspe. O nome da empresa j\u00e1 havia sido anunciado\u2026","rel":"","context":"In &quot;Vagas de Emprego em Ribeir\u00e3o Preto-SP&quot;","block_context":{"text":"Vagas de Emprego em Ribeir\u00e3o Preto-SP","link":"https:\/\/noticiasribeiraopreto.com.br\/index.php\/category\/empregos-classificados-vagas-trabalho\/vagas-de-empregos-em-ribeirao-preto-regiao-brasil\/"},"img":{"alt_text":"","src":"https:\/\/i0.wp.com\/noticiasribeiraopreto.com.br\/wp-content\/uploads\/2023\/12\/mp_go_novooo.jpg?fit=1200%2C675&ssl=1&resize=350%2C200","width":350,"height":200,"srcset":"https:\/\/i0.wp.com\/noticiasribeiraopreto.com.br\/wp-content\/uploads\/2023\/12\/mp_go_novooo.jpg?fit=1200%2C675&ssl=1&resize=350%2C200 1x, https:\/\/i0.wp.com\/noticiasribeiraopreto.com.br\/wp-content\/uploads\/2023\/12\/mp_go_novooo.jpg?fit=1200%2C675&ssl=1&resize=525%2C300 1.5x, https:\/\/i0.wp.com\/noticiasribeiraopreto.com.br\/wp-content\/uploads\/2023\/12\/mp_go_novooo.jpg?fit=1200%2C675&ssl=1&resize=700%2C400 2x, https:\/\/i0.wp.com\/noticiasribeiraopreto.com.br\/wp-content\/uploads\/2023\/12\/mp_go_novooo.jpg?fit=1200%2C675&ssl=1&resize=1050%2C600 3x"},"classes":[]},{"id":22120,"url":"https:\/\/noticiasribeiraopreto.com.br\/index.php\/2023\/12\/29\/assinado-contrato-com-banca-e-edital-ja-pode-sair-18\/","url_meta":{"origin":18913,"position":3},"title":"assinado contrato com banca e edital j\u00e1 pode sair","author":"noticiasribeiraopreto.com.br","date":"29 de December de 2023","format":false,"excerpt":"O edital do novo concurso Semae Mogi das Cruzes SP (Servi\u00e7o Municipal de \u00c1guas e Esgotos de Mogi das Cruzes), na regi\u00e3o metropolitana de S\u00e3o Paulo, j\u00e1 pode sair. Acontece que foi publicado, no di\u00e1rio oficial desta sexta-feira, 29 de dezembro, o extrato de contrato com a banca organizadora, que\u2026","rel":"","context":"In &quot;Vagas de Emprego em Ribeir\u00e3o Preto-SP&quot;","block_context":{"text":"Vagas de Emprego em Ribeir\u00e3o Preto-SP","link":"https:\/\/noticiasribeiraopreto.com.br\/index.php\/category\/empregos-classificados-vagas-trabalho\/vagas-de-empregos-em-ribeirao-preto-regiao-brasil\/"},"img":{"alt_text":"","src":"https:\/\/i0.wp.com\/noticiasribeiraopreto.com.br\/wp-content\/uploads\/2023\/12\/1703848431_semae_mogi_das_cruzes_sp_novoo.jpg?fit=1200%2C675&ssl=1&resize=350%2C200","width":350,"height":200,"srcset":"https:\/\/i0.wp.com\/noticiasribeiraopreto.com.br\/wp-content\/uploads\/2023\/12\/1703848431_semae_mogi_das_cruzes_sp_novoo.jpg?fit=1200%2C675&ssl=1&resize=350%2C200 1x, https:\/\/i0.wp.com\/noticiasribeiraopreto.com.br\/wp-content\/uploads\/2023\/12\/1703848431_semae_mogi_das_cruzes_sp_novoo.jpg?fit=1200%2C675&ssl=1&resize=525%2C300 1.5x, https:\/\/i0.wp.com\/noticiasribeiraopreto.com.br\/wp-content\/uploads\/2023\/12\/1703848431_semae_mogi_das_cruzes_sp_novoo.jpg?fit=1200%2C675&ssl=1&resize=700%2C400 2x, https:\/\/i0.wp.com\/noticiasribeiraopreto.com.br\/wp-content\/uploads\/2023\/12\/1703848431_semae_mogi_das_cruzes_sp_novoo.jpg?fit=1200%2C675&ssl=1&resize=1050%2C600 3x"},"classes":[]},{"id":19323,"url":"https:\/\/noticiasribeiraopreto.com.br\/index.php\/2023\/12\/22\/assinado-contrato-com-banca-e-edital-ja-pode-sair-15\/","url_meta":{"origin":18913,"position":4},"title":"assinado contrato com banca e edital j\u00e1 pode sair","author":"noticiasribeiraopreto.com.br","date":"22 de December de 2023","format":false,"excerpt":"O edital do novo concurso CVM (Comiss\u00e3o de Valores Mobili\u00e1rios) j\u00e1 pode sair. Acontece que o \u00faltimo entrave para o in\u00edcio da sele\u00e7\u00e3o foi superado nesta sexta-feira, 22 de dezembro, com a publica\u00e7\u00e3o, no di\u00e1rio oficial da Uni\u00e3o, do extrato de contrato com a banca organizadora, que ser\u00e1 a Funda\u00e7\u00e3o\u2026","rel":"","context":"In &quot;Vagas de Emprego em Ribeir\u00e3o Preto-SP&quot;","block_context":{"text":"Vagas de Emprego em Ribeir\u00e3o Preto-SP","link":"https:\/\/noticiasribeiraopreto.com.br\/index.php\/category\/empregos-classificados-vagas-trabalho\/vagas-de-empregos-em-ribeirao-preto-regiao-brasil\/"},"img":{"alt_text":"","src":"https:\/\/i0.wp.com\/noticiasribeiraopreto.com.br\/wp-content\/uploads\/2023\/12\/1703239020_concurso-cvm-maps-sede-rj.jpg?fit=1200%2C675&ssl=1&resize=350%2C200","width":350,"height":200,"srcset":"https:\/\/i0.wp.com\/noticiasribeiraopreto.com.br\/wp-content\/uploads\/2023\/12\/1703239020_concurso-cvm-maps-sede-rj.jpg?fit=1200%2C675&ssl=1&resize=350%2C200 1x, https:\/\/i0.wp.com\/noticiasribeiraopreto.com.br\/wp-content\/uploads\/2023\/12\/1703239020_concurso-cvm-maps-sede-rj.jpg?fit=1200%2C675&ssl=1&resize=525%2C300 1.5x, https:\/\/i0.wp.com\/noticiasribeiraopreto.com.br\/wp-content\/uploads\/2023\/12\/1703239020_concurso-cvm-maps-sede-rj.jpg?fit=1200%2C675&ssl=1&resize=700%2C400 2x, https:\/\/i0.wp.com\/noticiasribeiraopreto.com.br\/wp-content\/uploads\/2023\/12\/1703239020_concurso-cvm-maps-sede-rj.jpg?fit=1200%2C675&ssl=1&resize=1050%2C600 3x"},"classes":[]},{"id":18253,"url":"https:\/\/noticiasribeiraopreto.com.br\/index.php\/2023\/12\/20\/assinado-contrato-com-banca-e-edital-ja-pode-sair-12\/","url_meta":{"origin":18913,"position":5},"title":"assinado contrato com banca e edital j\u00e1 pode sair","author":"noticiasribeiraopreto.com.br","date":"20 de December de 2023","format":false,"excerpt":"O edital do novo concurso ANA (Ag\u00eancia Nacional de \u00c1guas)\u00a0 j\u00e1 pode sair. Acontece que o \u00faltimo entrave para o in\u00edcio da sele\u00e7\u00e3o foi superado nesta quarta-feira, 20 de dezembro, com a publica\u00e7\u00e3o, no di\u00e1rio oficial da Uni\u00e3o, do extrato de contrato com a banca organizadora, que ser\u00e1 o Cebraspe.\u2026","rel":"","context":"In &quot;Vagas de Emprego em Ribeir\u00e3o Preto-SP&quot;","block_context":{"text":"Vagas de Emprego em Ribeir\u00e3o Preto-SP","link":"https:\/\/noticiasribeiraopreto.com.br\/index.php\/category\/empregos-classificados-vagas-trabalho\/vagas-de-empregos-em-ribeirao-preto-regiao-brasil\/"},"img":{"alt_text":"","src":"https:\/\/i0.wp.com\/noticiasribeiraopreto.com.br\/wp-content\/uploads\/2023\/12\/1703050179_ana_novoo.jpg?fit=1200%2C675&ssl=1&resize=350%2C200","width":350,"height":200,"srcset":"https:\/\/i0.wp.com\/noticiasribeiraopreto.com.br\/wp-content\/uploads\/2023\/12\/1703050179_ana_novoo.jpg?fit=1200%2C675&ssl=1&resize=350%2C200 1x, https:\/\/i0.wp.com\/noticiasribeiraopreto.com.br\/wp-content\/uploads\/2023\/12\/1703050179_ana_novoo.jpg?fit=1200%2C675&ssl=1&resize=525%2C300 1.5x, https:\/\/i0.wp.com\/noticiasribeiraopreto.com.br\/wp-content\/uploads\/2023\/12\/1703050179_ana_novoo.jpg?fit=1200%2C675&ssl=1&resize=700%2C400 2x, https:\/\/i0.wp.com\/noticiasribeiraopreto.com.br\/wp-content\/uploads\/2023\/12\/1703050179_ana_novoo.jpg?fit=1200%2C675&ssl=1&resize=1050%2C600 3x"},"classes":[]}],"jetpack_sharing_enabled":true,"jetpack_shortlink":"https:\/\/wp.me\/peQAOb-4V3","_links":{"self":[{"href":"https:\/\/noticiasribeiraopreto.com.br\/index.php\/wp-json\/wp\/v2\/posts\/18913","targetHints":{"allow":["GET"]}}],"collection":[{"href":"https:\/\/noticiasribeiraopreto.com.br\/index.php\/wp-json\/wp\/v2\/posts"}],"about":[{"href":"https:\/\/noticiasribeiraopreto.com.br\/index.php\/wp-json\/wp\/v2\/types\/post"}],"author":[{"embeddable":true,"href":"https:\/\/noticiasribeiraopreto.com.br\/index.php\/wp-json\/wp\/v2\/users\/1"}],"replies":[{"embeddable":true,"href":"https:\/\/noticiasribeiraopreto.com.br\/index.php\/wp-json\/wp\/v2\/comments?post=18913"}],"version-history":[{"count":0,"href":"https:\/\/noticiasribeiraopreto.com.br\/index.php\/wp-json\/wp\/v2\/posts\/18913\/revisions"}],"wp:featuredmedia":[{"embeddable":true,"href":"https:\/\/noticiasribeiraopreto.com.br\/index.php\/wp-json\/wp\/v2\/media\/18914"}],"wp:attachment":[{"href":"https:\/\/noticiasribeiraopreto.com.br\/index.php\/wp-json\/wp\/v2\/media?parent=18913"}],"wp:term":[{"taxonomy":"category","embeddable":true,"href":"https:\/\/noticiasribeiraopreto.com.br\/index.php\/wp-json\/wp\/v2\/categories?post=18913"},{"taxonomy":"post_tag","embeddable":true,"href":"https:\/\/noticiasribeiraopreto.com.br\/index.php\/wp-json\/wp\/v2\/tags?post=18913"}],"curies":[{"name":"wp","href":"https:\/\/api.w.org\/{rel}","templated":true}]}}