{"id":18970,"date":"2023-12-21T12:45:06","date_gmt":"2023-12-21T15:45:06","guid":{"rendered":"https:\/\/noticiasribeiraopreto.com.br\/index.php\/2023\/12\/21\/reforco-na-frota-de-plataformas-valaris-com-a-aquisicao-de-dois-novos-navios-sonda\/"},"modified":"2023-12-21T12:45:06","modified_gmt":"2023-12-21T15:45:06","slug":"reforco-na-frota-de-plataformas-valaris-com-a-aquisicao-de-dois-novos-navios-sonda","status":"publish","type":"post","link":"https:\/\/noticiasribeiraopreto.com.br\/index.php\/2023\/12\/21\/reforco-na-frota-de-plataformas-valaris-com-a-aquisicao-de-dois-novos-navios-sonda\/","title":{"rendered":"Refor\u00e7o na frota de plataformas Valaris com a aquisi\u00e7\u00e3o de dois novos navios-sonda."},"content":{"rendered":"<div class='code-block code-block-1' style='margin: 8px 0 8px auto; text-align: right; display: block; clear: both;'>\n<p><a href=\"https:\/\/wa.link\/vpicfd\"><img data-recalc-dims=\"1\" class=\"wp-image-4922\" style=\"aspect-ratio: 2.0253164556962027; width: 561px; height: auto;\" src=\"https:\/\/i0.wp.com\/ismaelcolosi.com.br\/wp-content\/uploads\/2023\/11\/grupo-de-empregos-whatsapp-e-facebook-ismael-colosi-vagas.jpg?ssl=1\" alt=\"\" \/><\/a><\/p>\n<!-- \/wp:image -->\n<\/div>\n<p> <br \/>\n<\/p>\n<div>\n<figure><picture><source srcset=\"https:\/\/clickpetroleoegas.com.br\/wp-content\/uploads\/2023\/12\/reforco-na-frota-de-plataformas-valaris-com-a-aquisicao-de-dois-novos-naviossonda-830x445.jpg.webp 830w, https:\/\/clickpetroleoegas.com.br\/wp-content\/uploads\/2023\/12\/reforco-na-frota-de-plataformas-valaris-com-a-aquisicao-de-dois-novos-naviossonda-430x230.jpg.webp 430w\" sizes=\"(max-width: 830px) 100vw, 830px\" type=\"image\/webp\"><img data-recalc-dims=\"1\" loading=\"lazy\" width=\"830\" height=\"445\" src=\"https:\/\/i0.wp.com\/clickpetroleoegas.com.br\/wp-content\/uploads\/2023\/12\/reforco-na-frota-de-plataformas-valaris-com-a-aquisicao-de-dois-novos-naviossonda-830x445.jpg?resize=830%2C445&#038;ssl=1\" class=\"fdnw-post-thumbnail fdnw-first-card-thumbnail wp-post-image\" alt=\"plataformas de perfura\u00e7\u00e3o, embarca\u00e7\u00f5es de perfura\u00e7\u00e3o, unidades de perfura\u00e7\u00e3o\" decoding=\"async\" srcset=\"https:\/\/clickpetroleoegas.com.br\/wp-content\/uploads\/2023\/12\/reforco-na-frota-de-plataformas-valaris-com-a-aquisicao-de-dois-novos-naviossonda-830x445.jpg 830w, https:\/\/clickpetroleoegas.com.br\/wp-content\/uploads\/2023\/12\/reforco-na-frota-de-plataformas-valaris-com-a-aquisicao-de-dois-novos-naviossonda-430x230.jpg 430w\" sizes=\"auto, (max-width: 830px) 100vw, 830px\" data-eio=\"p\"\/><\/source><\/picture><figcaption class=\"fdnw-image-caption\">Aquisi\u00e7\u00e3o de dois navios-sonda refor\u00e7a frota de plataformas Valaris \u2013 FOTO: \u00a92023 OFF Shore Energy<\/figcaption><\/figure>\n<h2 class=\"wp-block-heading\" id=\"h-a-valaris-limited-exerceu-opcao-de-compra-e-recebeu-dois-naviossonda-da-dsme-agora-prontos-para-mobilizacao-e-contratacao-novos-contratos-em-breve\">A Valaris Limited exerceu op\u00e7\u00e3o de compra e recebeu dois navios-sonda da DSME. Agora, prontos para mobiliza\u00e7\u00e3o e contrata\u00e7\u00e3o. Novos contratos em breve.<\/h2>\n<p><strong>A empreiteira de perfura\u00e7\u00e3o offshore Valaris Limited adquiriu duas novas unidades de perfura\u00e7\u00e3o da Daewoo Shipbuilding &amp; Marine Engineering (DSME), ap\u00f3s <a href=\"https:\/\/clickpetroleoegas.com.br\/ge-vernova-firma-acordo-para-expansao-de-colaboracao-eolica-na-espanha-com-turbina-de-700-mw\/\">optar por compr\u00e1-las.<\/a><\/strong><\/p>\n<p>A Valaris teve a op\u00e7\u00e3o de adquirir dois navios-sonda rec\u00e9m-constru\u00eddos, <strong>Valaris DS-13<\/strong> e <strong>Valaris DS-14<\/strong>, at\u00e9 o final do ano, de um estaleiro na Coreia do Sul. Em mar\u00e7o de 2021, a empreiteira de perfura\u00e7\u00e3o offshore <strong>alcan\u00e7ou um acordo<\/strong> com a DSME para modificar os contratos, buscando postergar a entrega das unidades de perfura\u00e7\u00e3o.<\/p>\n<p> <span class=\"fdnw-card-article-related\"> <span class=\"h4 fdnw-card-article-related-title\">Artigos recomendados<\/span> <\/span> <\/p>\n<h2 class=\"wp-block-heading\" id=\"h-valaris-divulga-acordo-de-financiamento-para-aquisicao-de-naviossonda\">Valaris divulga acordo de financiamento para aquisi\u00e7\u00e3o de navios-sonda<\/h2>\n<p>Em agosto de 2023, a Valaris Limited e sua subsidi\u00e1ria integral, Valaris Finance Company LLC, <b>divulgaram um pre\u00e7o de US$ 400 milh\u00f5es<\/b> aumentaram a coloca\u00e7\u00e3o privada de notas adicionais de segunda garantia com garantia s\u00eanior de 8,375% com vencimento em 2030. Prev\u00ea-se que os recursos l\u00edquidos da oferta sejam usados \u200b\u200bpara financiar a compra dos dois navios-sonda da DSME.<\/p>\n<h2 class=\"wp-block-heading\" id=\"h-detalhes-dos-naviossonda-dsme-12000\">Detalhes dos navios-sonda DSME 12000<\/h2>\n<p>Ambos os navios-sonda s\u00e3o do <a href=\"https:\/\/pt.wikipedia.org\/wiki\/Transtornos_do_espectro_autista\" target=\"_blank\" rel=\"noopener nofollow\" class=\"external\">projeto DSME 12000<\/a>. Os pagamentos finais do <a>Valaris DS -13<\/a> e <a> Valaris DS-14<\/a> foram estimados em aproximadamente US$ 119 milh\u00f5es e US$ 218 milh\u00f5es, respectivamente, assumindo uma entrega em 31 de dezembro de 2023.<\/p>\n<p>De acordo com Valaris, esses navios-sonda rec\u00e9m-constru\u00eddos foram adquiridos por um pre\u00e7o de compra agregado de aproximadamente US$ 337 milh\u00f5es. Os Valaris DS-13 e DS-14 ser\u00e3o mobilizados da Coreia do Sul para Las Palmas, na Espanha, onde as plataformas ser\u00e3o empilhadas at\u00e9 serem contratadas para trabalho.<\/p>\n<h2 class=\"wp-block-heading\" id=\"h-declaracao-do-presidente-valaris-sobre-a-aquisicao\">Declara\u00e7\u00e3o do presidente Valaris sobre a aquisi\u00e7\u00e3o<\/h2>\n<p><strong>Anton Dibowitz<\/strong>, presidente e CEO da Valaris, comentou: <em>\u2018Estamos muito satisfeitos em adicionar essas duas plataformas, os navios-sonda de mais alta especifica\u00e7\u00e3o remanescentes nos estaleiros sul-coreanos, \u00e0 nossa frota. . Essas adi\u00e7\u00f5es aumentam nossa frota de navios-sonda para 13 plataformas, refor\u00e7ando sua posi\u00e7\u00e3o como uma das mais capazes tecnicamente do setor.\u2019<\/em><\/p>\n<h2 class=\"wp-block-heading\" id=\"h-impacto-financeiro-e-projecoes-futuras\">Impacto financeiro e proje\u00e7\u00f5es futuras<\/h2>\n<p>Al\u00e9m disso, espera-se que a compra das plataformas aumente as despesas de capital da empresa no 4T 2023 em cerca de US$ 355 milh\u00f5es, representando o pre\u00e7o de compra das plataformas e os custos associados \u00e0 sua prepara\u00e7\u00e3o para a mudan\u00e7a da Coreia do Sul para Las Palmas. Al\u00e9m disso, a Valaris prev\u00ea despesas de capital para 2024 de cerca de US$ 35 milh\u00f5es, principalmente relacionadas a custos de mobiliza\u00e7\u00e3o.<\/p>\n<p>Dibowitz acrescentou: <em>\u2018Ap\u00f3s a contrata\u00e7\u00e3o bem-sucedida de seis de nossos navios-sonda empilhados desde meados de 2021, a compra do Valaris DS-13 e DS-14 aumenta nossa alavancagem operacional para o atraente mercado de flutuadores em \u00e1guas ultraprofundas.<\/em><\/p>\n<h2 class=\"wp-block-heading\" id=\"h-expansao-da-carteira-de-contratos\">Expans\u00e3o da carteira de contratos<\/h2>\n<p><em>\u2018Com base em nossa perspectiva positiva de mercado, na crescente demanda futura e no forte interesse dos clientes por essas plataformas, acreditamos que a compra desses navios-sonda de alta especifica\u00e7\u00e3o a pre\u00e7os atraentes gerar\u00e1 retornos atraentes.\u2019<\/em><\/p>\n<p>Valaris <b>revelou uma infinidade de novos contratos e extens\u00f5es<\/b> em seu relat\u00f3rio de status da frota de 1\u00ba de novembro de 2023. Isso envolve neg\u00f3cios para quatro flutuadores e cinco jack-ups com TotalEnergies, Petrobras, ExxonMobil, Eni, BP, TAQA e Perenco, permitindo ao propriet\u00e1rio da plataforma realizar opera\u00e7\u00f5es no Brasil, Angola, M\u00e9xico, Trinidad, Indon\u00e9sia, Holanda e Reino Unido.<\/p>\n<p>Gra\u00e7as \u00e0 nova s\u00e9rie de acordos de plataformas com uma carteira de contratos associada de cerca de <strong>US$ 480 milh\u00f5es<\/strong>, excluindo pagamentos fixos, como taxas de mobiliza\u00e7\u00e3o e reembolsos de capital, a carteira total de contratos da empresa aumentou para <strong> US$ 3,2 bilh\u00f5es<\/strong> no final de outubro de 2023.<\/p>\n<p>Fonte: <b>\u00a9 OFF Shore Energy<\/b><\/p>\n<div class=\"code-block code-block-10\" style=\"margin: 8px auto; text-align: center; display: block; clear: both;\">\n<hr class=\"wp-block-separator has-alpha-channel-opacity is-style-wide\"\/>\n<p>Voc\u00ea quer receber apenas not\u00edcias e vagas de emprego do seu interesse? A solu\u00e7\u00e3o chegou atrav\u00e9s do app <a href=\"https:\/\/play.google.com\/store\/apps\/details?id=com.clickpetroleoapp&amp;hl=pt&amp;gl=US\" class=\"external\" rel=\"nofollow noopener\" target=\"_blank\"><strong>CPG VAGAS E NOT\u00cdCIAS!<\/strong><\/a> Se voc\u00ea \u00e9 pintor, vai receber no seu celular apenas oportunidades neste cargo. E ser\u00e1 assim com pedreiro, t\u00e9cnico, engenheiro e etc\u2026.. N\u00e3o perca nada do que acontece no mercado de trabalho e econ\u00f4mico do Brasil, baixe agora o app <a href=\"https:\/\/play.google.com\/store\/apps\/details?id=com.clickpetroleoapp&amp;hl=pt&amp;gl=US\" class=\"external\" rel=\"nofollow noopener\" target=\"_blank\">CPG VAGAS E NOT\u00cdCIAS, dispon\u00edvel para Android e IOS!<\/a><\/p>\n<figure class=\"wp-block-image aligncenter size-full\"><a href=\"https:\/\/play.google.com\/store\/apps\/details?id=com.clickpetroleoapp&amp;hl=pt&amp;gl=US\" target=\"_blank\" rel=\"noreferrer noopener nofollow\" class=\"external\"><img data-recalc-dims=\"1\" decoding=\"async\" width=\"1280\" height=\"387\" alt=\"APP CPG VAGAS E NOT\u00cdCIAS\" class=\"wp-image-105306 ewww_webp_lazy_load lazy\" src=\"https:\/\/i0.wp.com\/clickpetroleoegas.com.br\/wp-content\/uploads\/2023\/09\/Aplicativo-de-vagas-de-empregos-e-noticias-da-sua-regiao.jpg.webp?resize=1280%2C387&#038;ssl=1\" loading=\"lazy\"\/><noscript><img data-recalc-dims=\"1\" loading=\"lazy\" decoding=\"async\" width=\"1280\" height=\"387\" alt=\"APP CPG VAGAS E NOT\u00cdCIAS\" class=\"wp-image-105306 ewww_webp_lazy_load\" src=\"https:\/\/i0.wp.com\/clickpetroleoegas.com.br\/wp-content\/uploads\/2023\/09\/Aplicativo-de-vagas-de-empregos-e-noticias-da-sua-regiao.jpg.webp?resize=1280%2C387&#038;ssl=1\"\/><\/noscript><noscript><img data-recalc-dims=\"1\" loading=\"lazy\" decoding=\"async\" width=\"1280\" height=\"387\" src=\"https:\/\/i0.wp.com\/clickpetroleoegas.com.br\/wp-content\/uploads\/2023\/09\/Aplicativo-de-vagas-de-empregos-e-noticias-da-sua-regiao.jpg?resize=1280%2C387&#038;ssl=1\" alt=\"APP CPG VAGAS E NOT\u00cdCIAS\" class=\"wp-image-105306\"\/><\/noscript><\/a><\/figure>\n<\/p><\/div>\n<\/p><\/div>\n<p><script type=\"text\/plain\" data-service=\"facebook\" data-category=\"marketing\">\n!function(f,b,e,v,n,t,s)\n{if(f.fbq)return;n=f.fbq=function(){n.callMethod?\nn.callMethod.apply(n,arguments):n.queue.push(arguments)};\nif(!f._fbq)f._fbq=n;n.push=n;n.loaded=!0;n.version='2.0';\nn.queue=[];t=b.createElement(e);t.async=!0;\nt.src=v;s=b.getElementsByTagName(e)[0];\ns.parentNode.insertBefore(t,s)}(window, document,'script',\n'https:\/\/connect.facebook.net\/en_US\/fbevents.js');\nfbq('init', '5536651029690406');\nfbq('track', 'PageView');\n<\/script><script type=\"text\/plain\" data-service=\"facebook\" data-category=\"marketing\" async defer crossorigin=\"anonymous\" data-rocket-data-cmplz-src=\"https:\/\/connect.facebook.net\/en_US\/sdk.js#xfbml=1&#038;version=v12.0&amp;appId=1127332727839552&#038;autoLogAppEvents=1\">\n<\/script><br \/>\n<br \/><br \/>\n<br \/><a href=\"https:\/\/ismaelcolosi.com.br\/reforco-na-frota-de-plataformas-valaris-com-a-aquisicao-de-dois-novos-navios-sonda\/\">Source link <\/a><\/p>\n<!-- CONTENT END 1 -->\n","protected":false},"excerpt":{"rendered":"<p>Aquisi\u00e7\u00e3o de dois navios-sonda refor\u00e7a frota de plataformas Valaris \u2013 FOTO: \u00a92023 OFF Shore Energy A Valaris Limited exerceu op\u00e7\u00e3o de compra e recebeu dois&#8230;<\/p>\n","protected":false},"author":1,"featured_media":18971,"comment_status":"open","ping_status":"open","sticky":false,"template":"","format":"standard","meta":{"advanced_seo_description":"","jetpack_seo_html_title":"","jetpack_seo_noindex":false,"jetpack_post_was_ever_published":false,"_jetpack_newsletter_access":"","_jetpack_dont_email_post_to_subs":false,"_jetpack_newsletter_tier_id":0,"_jetpack_memberships_contains_paywalled_content":false,"_jetpack_memberships_contains_paid_content":false,"footnotes":"","jetpack_publicize_message":"","jetpack_publicize_feature_enabled":true,"jetpack_social_post_already_shared":true,"jetpack_social_options":{"image_generator_settings":{"template":"highway","default_image_id":0,"font":"","enabled":false},"version":2}},"categories":[7],"tags":[],"class_list":["post-18970","post","type-post","status-publish","format-standard","has-post-thumbnail","hentry","category-vagas-de-empregos-em-ribeirao-preto-regiao-brasil"],"jetpack_publicize_connections":[],"jetpack_featured_media_url":"https:\/\/i0.wp.com\/noticiasribeiraopreto.com.br\/wp-content\/uploads\/2023\/12\/reforco-na-frota-de-plataformas-valaris-com-a-aquisicao-de-dois-novos-naviossonda-830x445.jpg?fit=830%2C445&ssl=1","jetpack-related-posts":[{"id":20326,"url":"https:\/\/noticiasribeiraopreto.com.br\/index.php\/2023\/12\/25\/dois-navios-sonda-da-seadrill-asseguram-us-11-bilhao-para-operar-no-brasil\/","url_meta":{"origin":18970,"position":0},"title":"Dois navios-sonda da Seadrill asseguram US$ 1,1 bilh\u00e3o para operar no Brasil.","author":"noticiasribeiraopreto.com.br","date":"25 de December de 2023","format":false,"excerpt":"Seadrill assegura US$ 1,1 bilh\u00e3o em contratos para operar no Brasil \u2013 FOTO: \u00a92023 OFF Shore Energy A empresa de perfura\u00e7\u00e3o offshore Seadrill adquiriu contratos de longo prazo para dois navios-sonda com a Petrobras, a gigante estatal brasileira de petr\u00f3leo e g\u00e1s. Os navios-sonda West Auriga e West Polaris garantiram\u2026","rel":"","context":"In &quot;Vagas de Emprego em Ribeir\u00e3o Preto-SP&quot;","block_context":{"text":"Vagas de Emprego em Ribeir\u00e3o Preto-SP","link":"https:\/\/noticiasribeiraopreto.com.br\/index.php\/category\/empregos-classificados-vagas-trabalho\/vagas-de-empregos-em-ribeirao-preto-regiao-brasil\/"},"img":{"alt_text":"","src":"https:\/\/i0.wp.com\/noticiasribeiraopreto.com.br\/wp-content\/uploads\/2023\/12\/dois-naviossonda-da-seadrill-asseguram-us-11-bilhao-para-operar-no-brasil-673x450.jpg?fit=673%2C450&ssl=1&resize=350%2C200","width":350,"height":200,"srcset":"https:\/\/i0.wp.com\/noticiasribeiraopreto.com.br\/wp-content\/uploads\/2023\/12\/dois-naviossonda-da-seadrill-asseguram-us-11-bilhao-para-operar-no-brasil-673x450.jpg?fit=673%2C450&ssl=1&resize=350%2C200 1x, https:\/\/i0.wp.com\/noticiasribeiraopreto.com.br\/wp-content\/uploads\/2023\/12\/dois-naviossonda-da-seadrill-asseguram-us-11-bilhao-para-operar-no-brasil-673x450.jpg?fit=673%2C450&ssl=1&resize=525%2C300 1.5x"},"classes":[]},{"id":18835,"url":"https:\/\/noticiasribeiraopreto.com.br\/index.php\/2023\/12\/21\/fugro-fortalecera-sua-frota-geotecnica-com-a-aquisicao-de-dois-navios-renews-noticias-de-energia-renovavel\/","url_meta":{"origin":18970,"position":1},"title":"Fugro fortalecer\u00e1 sua frota geot\u00e9cnica com a aquisi\u00e7\u00e3o de dois navios &#8211; reNews &#8211; Not\u00edcias de Energia Renov\u00e1vel","author":"noticiasribeiraopreto.com.br","date":"21 de December de 2023","format":false,"excerpt":"Aquisi\u00e7\u00e3o de navios fortalecer\u00e1 frota geot\u00e9cnica da Fugro \u2013 FOTO: \u00a92023 Re News.Biz Primeiro navio geot\u00e9cnico operacional em 2025 para atender escassez de embarca\u00e7\u00f5es no mercado global de energia e\u00f3lica offshore. Entrega do Sea Goldcrest e convers\u00e3o para ativo geot\u00e9cnico. A Fugro est\u00e1 em processo de aquisi\u00e7\u00e3o de dois navios\u2026","rel":"","context":"In &quot;Vagas de Emprego em Ribeir\u00e3o Preto-SP&quot;","block_context":{"text":"Vagas de Emprego em Ribeir\u00e3o Preto-SP","link":"https:\/\/noticiasribeiraopreto.com.br\/index.php\/category\/empregos-classificados-vagas-trabalho\/vagas-de-empregos-em-ribeirao-preto-regiao-brasil\/"},"img":{"alt_text":"","src":"https:\/\/i0.wp.com\/noticiasribeiraopreto.com.br\/wp-content\/uploads\/2023\/12\/fugro-fortalecera-sua-frota-geotecnica-com-a-aquisicao-de-dois-navios-renews-noticias-de-energia-renovavel.jpg?fit=770%2C439&ssl=1&resize=350%2C200","width":350,"height":200,"srcset":"https:\/\/i0.wp.com\/noticiasribeiraopreto.com.br\/wp-content\/uploads\/2023\/12\/fugro-fortalecera-sua-frota-geotecnica-com-a-aquisicao-de-dois-navios-renews-noticias-de-energia-renovavel.jpg?fit=770%2C439&ssl=1&resize=350%2C200 1x, https:\/\/i0.wp.com\/noticiasribeiraopreto.com.br\/wp-content\/uploads\/2023\/12\/fugro-fortalecera-sua-frota-geotecnica-com-a-aquisicao-de-dois-navios-renews-noticias-de-energia-renovavel.jpg?fit=770%2C439&ssl=1&resize=525%2C300 1.5x, https:\/\/i0.wp.com\/noticiasribeiraopreto.com.br\/wp-content\/uploads\/2023\/12\/fugro-fortalecera-sua-frota-geotecnica-com-a-aquisicao-de-dois-navios-renews-noticias-de-energia-renovavel.jpg?fit=770%2C439&ssl=1&resize=700%2C400 2x"},"classes":[]},{"id":15154,"url":"https:\/\/noticiasribeiraopreto.com.br\/index.php\/2023\/12\/13\/dof-vende-um-de-seus-navios-para-reduzir-a-frota\/","url_meta":{"origin":18970,"position":2},"title":"DOF vende um de seus navios para reduzir a frota.","author":"noticiasribeiraopreto.com.br","date":"13 de December de 2023","format":false,"excerpt":"DOF vende uma de suas embarca\u00e7\u00f5es para reduzir sua frota \u2013 FOTO: \u00a92023 OFF Shore Energy A DOF Rederi, uma subsidi\u00e1ria integral do propriet\u00e1rio de navios noruegu\u00eas DOF Group, est\u00e1 atualmente em processo de aliena\u00e7\u00e3o de um de seus navios de abastecimento de plataformas (PSVs). A empresa anunciou que estava\u2026","rel":"","context":"In &quot;Vagas de Emprego em Ribeir\u00e3o Preto-SP&quot;","block_context":{"text":"Vagas de Emprego em Ribeir\u00e3o Preto-SP","link":"https:\/\/noticiasribeiraopreto.com.br\/index.php\/category\/empregos-classificados-vagas-trabalho\/vagas-de-empregos-em-ribeirao-preto-regiao-brasil\/"},"img":{"alt_text":"","src":"https:\/\/i0.wp.com\/noticiasribeiraopreto.com.br\/wp-content\/uploads\/2023\/12\/dof-vende-um-de-seus-navios-para-reduzir-a-frota.jpg?fit=557%2C346&ssl=1&resize=350%2C200","width":350,"height":200,"srcset":"https:\/\/i0.wp.com\/noticiasribeiraopreto.com.br\/wp-content\/uploads\/2023\/12\/dof-vende-um-de-seus-navios-para-reduzir-a-frota.jpg?fit=557%2C346&ssl=1&resize=350%2C200 1x, https:\/\/i0.wp.com\/noticiasribeiraopreto.com.br\/wp-content\/uploads\/2023\/12\/dof-vende-um-de-seus-navios-para-reduzir-a-frota.jpg?fit=557%2C346&ssl=1&resize=525%2C300 1.5x"},"classes":[]},{"id":31311,"url":"https:\/\/noticiasribeiraopreto.com.br\/index.php\/2024\/01\/21\/vaga-para-assistente-de-frota-em-cravinhos-2\/","url_meta":{"origin":18970,"position":3},"title":"Vaga para Assistente de Frota em Cravinhos","author":"noticiasribeiraopreto.com.br","date":"21 de January de 2024","format":false,"excerpt":"Vaga para Assistente de Frota em Cravinhos Vaga para Eletricista de Manuten\u00e7\u00e3o em Ribeir\u00e3o Preto Vaga para Operador de M\u00e1quina de Usinagem CNC em Monte Alto - SP - Brasilh\u00e1 3 dias 1 vaga para Lavador em Cravinhos - SPh\u00e1 4 dias Vaga para Auxiliar de Produ\u00e7\u00e3o em Ribeir\u00e3o Preto\u2026","rel":"","context":"In &quot;Vagas de Emprego em Ribeir\u00e3o Preto-SP&quot;","block_context":{"text":"Vagas de Emprego em Ribeir\u00e3o Preto-SP","link":"https:\/\/noticiasribeiraopreto.com.br\/index.php\/category\/empregos-classificados-vagas-trabalho\/vagas-de-empregos-em-ribeirao-preto-regiao-brasil\/"},"img":{"alt_text":"","src":"https:\/\/i0.wp.com\/noticiasribeiraopreto.com.br\/wp-content\/uploads\/2024\/01\/1705879893_8228989.jpg?fit=1200%2C675&ssl=1&resize=350%2C200","width":350,"height":200,"srcset":"https:\/\/i0.wp.com\/noticiasribeiraopreto.com.br\/wp-content\/uploads\/2024\/01\/1705879893_8228989.jpg?fit=1200%2C675&ssl=1&resize=350%2C200 1x, https:\/\/i0.wp.com\/noticiasribeiraopreto.com.br\/wp-content\/uploads\/2024\/01\/1705879893_8228989.jpg?fit=1200%2C675&ssl=1&resize=525%2C300 1.5x, https:\/\/i0.wp.com\/noticiasribeiraopreto.com.br\/wp-content\/uploads\/2024\/01\/1705879893_8228989.jpg?fit=1200%2C675&ssl=1&resize=700%2C400 2x, https:\/\/i0.wp.com\/noticiasribeiraopreto.com.br\/wp-content\/uploads\/2024\/01\/1705879893_8228989.jpg?fit=1200%2C675&ssl=1&resize=1050%2C600 3x"},"classes":[]},{"id":29983,"url":"https:\/\/noticiasribeiraopreto.com.br\/index.php\/2024\/01\/19\/vaga-para-assistente-de-frota-em-cravinhos\/","url_meta":{"origin":18970,"position":4},"title":"Vaga para Assistente de Frota em Cravinhos","author":"noticiasribeiraopreto.com.br","date":"19 de January de 2024","format":false,"excerpt":"Vaga para Assistente de Frota em Cravinhos Vaga para Eletricista de Manuten\u00e7\u00e3o em Ribeir\u00e3o Preto Vaga para Operador de M\u00e1quina de Usinagem CNC em Monte Alto - SP - Brasilh\u00e1 1 dia 1 vaga para Lavador em Cravinhos - SPh\u00e1 2 dias Vaga para Auxiliar de Produ\u00e7\u00e3o em Ribeir\u00e3o Preto\u2026","rel":"","context":"In &quot;Vagas de Emprego em Ribeir\u00e3o Preto-SP&quot;","block_context":{"text":"Vagas de Emprego em Ribeir\u00e3o Preto-SP","link":"https:\/\/noticiasribeiraopreto.com.br\/index.php\/category\/empregos-classificados-vagas-trabalho\/vagas-de-empregos-em-ribeirao-preto-regiao-brasil\/"},"img":{"alt_text":"","src":"https:\/\/i0.wp.com\/noticiasribeiraopreto.com.br\/wp-content\/uploads\/2024\/01\/1705705892_8228989.jpg?fit=1200%2C675&ssl=1&resize=350%2C200","width":350,"height":200,"srcset":"https:\/\/i0.wp.com\/noticiasribeiraopreto.com.br\/wp-content\/uploads\/2024\/01\/1705705892_8228989.jpg?fit=1200%2C675&ssl=1&resize=350%2C200 1x, https:\/\/i0.wp.com\/noticiasribeiraopreto.com.br\/wp-content\/uploads\/2024\/01\/1705705892_8228989.jpg?fit=1200%2C675&ssl=1&resize=525%2C300 1.5x, https:\/\/i0.wp.com\/noticiasribeiraopreto.com.br\/wp-content\/uploads\/2024\/01\/1705705892_8228989.jpg?fit=1200%2C675&ssl=1&resize=700%2C400 2x, https:\/\/i0.wp.com\/noticiasribeiraopreto.com.br\/wp-content\/uploads\/2024\/01\/1705705892_8228989.jpg?fit=1200%2C675&ssl=1&resize=1050%2C600 3x"},"classes":[]},{"id":19461,"url":"https:\/\/noticiasribeiraopreto.com.br\/index.php\/2023\/12\/22\/shape-digital-amplia-implementacao-de-plataforma-digital-em-navios-brasileiros\/","url_meta":{"origin":18970,"position":5},"title":"Shape Digital amplia implementa\u00e7\u00e3o de plataforma digital em navios brasileiros","author":"noticiasribeiraopreto.com.br","date":"22 de December de 2023","format":false,"excerpt":"Foto: https:\/\/www.shapedigital.com\/pt\/nossa-em Plataforma Lighthouse revoluciona gest\u00e3o de ativos em FPSOs Shape Digital, uma empresa inovadora no setor de servi\u00e7os digitais para plantas industriais, ampliou a aplica\u00e7\u00e3o de sua plataforma digital Lighthouse em dois importantes FPSOs (Floating Production Storage and Offloading) operados pela Petrobras no Brasil. O Lighthouse, focado na Gest\u00e3o\u2026","rel":"","context":"In &quot;Vagas de Emprego em Ribeir\u00e3o Preto-SP&quot;","block_context":{"text":"Vagas de Emprego em Ribeir\u00e3o Preto-SP","link":"https:\/\/noticiasribeiraopreto.com.br\/index.php\/category\/empregos-classificados-vagas-trabalho\/vagas-de-empregos-em-ribeirao-preto-regiao-brasil\/"},"img":{"alt_text":"","src":"https:\/\/i0.wp.com\/noticiasribeiraopreto.com.br\/wp-content\/uploads\/2023\/12\/shutterstock_599557121-2-830x450.jpg?fit=830%2C450&ssl=1&resize=350%2C200","width":350,"height":200,"srcset":"https:\/\/i0.wp.com\/noticiasribeiraopreto.com.br\/wp-content\/uploads\/2023\/12\/shutterstock_599557121-2-830x450.jpg?fit=830%2C450&ssl=1&resize=350%2C200 1x, https:\/\/i0.wp.com\/noticiasribeiraopreto.com.br\/wp-content\/uploads\/2023\/12\/shutterstock_599557121-2-830x450.jpg?fit=830%2C450&ssl=1&resize=525%2C300 1.5x, https:\/\/i0.wp.com\/noticiasribeiraopreto.com.br\/wp-content\/uploads\/2023\/12\/shutterstock_599557121-2-830x450.jpg?fit=830%2C450&ssl=1&resize=700%2C400 2x"},"classes":[]}],"jetpack_sharing_enabled":true,"jetpack_shortlink":"https:\/\/wp.me\/peQAOb-4VY","_links":{"self":[{"href":"https:\/\/noticiasribeiraopreto.com.br\/index.php\/wp-json\/wp\/v2\/posts\/18970","targetHints":{"allow":["GET"]}}],"collection":[{"href":"https:\/\/noticiasribeiraopreto.com.br\/index.php\/wp-json\/wp\/v2\/posts"}],"about":[{"href":"https:\/\/noticiasribeiraopreto.com.br\/index.php\/wp-json\/wp\/v2\/types\/post"}],"author":[{"embeddable":true,"href":"https:\/\/noticiasribeiraopreto.com.br\/index.php\/wp-json\/wp\/v2\/users\/1"}],"replies":[{"embeddable":true,"href":"https:\/\/noticiasribeiraopreto.com.br\/index.php\/wp-json\/wp\/v2\/comments?post=18970"}],"version-history":[{"count":0,"href":"https:\/\/noticiasribeiraopreto.com.br\/index.php\/wp-json\/wp\/v2\/posts\/18970\/revisions"}],"wp:featuredmedia":[{"embeddable":true,"href":"https:\/\/noticiasribeiraopreto.com.br\/index.php\/wp-json\/wp\/v2\/media\/18971"}],"wp:attachment":[{"href":"https:\/\/noticiasribeiraopreto.com.br\/index.php\/wp-json\/wp\/v2\/media?parent=18970"}],"wp:term":[{"taxonomy":"category","embeddable":true,"href":"https:\/\/noticiasribeiraopreto.com.br\/index.php\/wp-json\/wp\/v2\/categories?post=18970"},{"taxonomy":"post_tag","embeddable":true,"href":"https:\/\/noticiasribeiraopreto.com.br\/index.php\/wp-json\/wp\/v2\/tags?post=18970"}],"curies":[{"name":"wp","href":"https:\/\/api.w.org\/{rel}","templated":true}]}}