{"id":18976,"date":"2023-12-21T13:11:56","date_gmt":"2023-12-21T16:11:56","guid":{"rendered":"https:\/\/noticiasribeiraopreto.com.br\/index.php\/2023\/12\/21\/comissao-deve-votar-lei-do-orcamento-2024-nesta-quinta-21\/"},"modified":"2023-12-21T13:11:56","modified_gmt":"2023-12-21T16:11:56","slug":"comissao-deve-votar-lei-do-orcamento-2024-nesta-quinta-21","status":"publish","type":"post","link":"https:\/\/noticiasribeiraopreto.com.br\/index.php\/2023\/12\/21\/comissao-deve-votar-lei-do-orcamento-2024-nesta-quinta-21\/","title":{"rendered":"Comiss\u00e3o deve votar lei do or\u00e7amento 2024 nesta quinta (21)"},"content":{"rendered":"<div class='code-block code-block-1' style='margin: 8px 0 8px auto; text-align: right; display: block; clear: both;'>\n<p><a href=\"https:\/\/wa.link\/vpicfd\"><img data-recalc-dims=\"1\" class=\"wp-image-4922\" style=\"aspect-ratio: 2.0253164556962027; width: 561px; height: auto;\" src=\"https:\/\/i0.wp.com\/ismaelcolosi.com.br\/wp-content\/uploads\/2023\/11\/grupo-de-empregos-whatsapp-e-facebook-ismael-colosi-vagas.jpg?ssl=1\" alt=\"\" \/><\/a><\/p>\n<!-- \/wp:image -->\n<\/div>\n<p> <br \/>\n<\/p>\n<div>\n<p>Foi aprovado, no <a href=\"https:\/\/www.congressonacional.leg.br\/\" rel=\"noopener\" target=\"_blank\">Congresso Nacional<\/a>, o Projeto de lei das Diretrizes Or\u00e7ament\u00e1rias (LDO) de 2024.A LDO oferece as diretrizes para a elabora\u00e7\u00e3o do Or\u00e7amento anual.Agora, o texto est\u00e1 sendo encaminhado para a san\u00e7\u00e3o do presidente Luiz In\u00e1cio Lula da Silva. Al\u00e9m disso, o projeto da Lei Or\u00e7ament\u00e1ria 2024 deve ser votada, nesta quinta-feira, 21 de dezembro,\u00a0 pela Comiss\u00e3o Mista do Or\u00e7amento. A vota\u00e7\u00e3o final da proposta est\u00e1 prevista para ocorrer, no plen\u00e1rio, nos pr\u00f3ximos dias, ainda em dezembro.<\/p>\n<p>O relator da LDO, deputado Danilo Forte (Uni\u00e3o-CE), disse que as mudan\u00e7as em rela\u00e7\u00e3o \u00e0s emendas parlamentares s\u00e3o uma continua\u00e7\u00e3o de um movimento iniciado h\u00e1 dez anos, quando as emendas individuais e de bancadas estaduais passaram a ser de execu\u00e7\u00e3o impositiva.\u00a0<\/p>\n<p>A LOA 2024 prev\u00ea o preenchimento de nada menos 50.570 vagas federais no decorrer do pr\u00f3ximo ano, com a realiza\u00e7\u00e3o de novos<a href=\"https:\/\/jcconcursos.com.br\/concursos\/nacional\" rel=\"noopener\" target=\"_blank\"> concursos p\u00fablicos<\/a> e nomea\u00e7\u00e3o de aprovados em sele\u00e7\u00f5es j\u00e1 em andamento.<\/p>\n<p>Do total, 47.227 s\u00e3o para provimento e 3.343 para cria\u00e7\u00e3o de vagas. Ao todo, a proposta contempla mais de R$ 6 bilh\u00f5es para o preenchimento de vagas para servidores, sendo R$ 4,7 bilh\u00f5es para o poder Executivo, R$ 245 milh\u00f5es para o Legislativo e, finalmente, mais R$ 966 milh\u00f5es para o judici\u00e1rio.<\/p>\n<p>A distribui\u00e7\u00e3o de vagas previstas \u00e9 a seguinte:<\/p>\n<ul>\n<li>Poder Executivo \u2013 40.752 vagas, sendo 40.555 para provimento e 197 para cria\u00e7\u00e3o<\/li>\n<li>Poder Judici\u00e1rio \u2013 8.759 vagas, sendo 5.704 para provimento e 3.055 para cria\u00e7\u00e3o<\/li>\n<li>Poder Legislativo \u2013 570 vagas para provimento<\/li>\n<li>Defensoria P\u00fablica da Uni\u00e3o \u2013 194 vagas, sendo 43 para provimento e 91 para cria\u00e7\u00e3o<\/li>\n<li>Minist\u00e9rio P\u00fablico da Uni\u00e3o \u2013 335 vagas para provimento<\/li>\n<\/ul>\n<p>Embora o documento n\u00e3o antecipe a distribui\u00e7\u00e3o de vagas por cargos e \u00f3rg\u00e3os, no caso do judici\u00e1rio a grande expectativa \u00e9 pela realiza\u00e7\u00e3o do concurso TREs unificado.<\/p>\n<p>J\u00e1 no legislativo, o destaque \u00e9 para a contrata\u00e7\u00e3o dos aprovados no concurso j\u00e1 em andamento para a C\u00e2mara dos Deputados.<\/p>\n<p>No caso do Executivo, a tend\u00eancia \u00e9 de que grande parte dos recursos sejam destinados para a nomea\u00e7\u00e3o dos aprovados nos diversos concursos j\u00e1 autorizados pelo Minist\u00e9rio da Gest\u00e3o e da Inova\u00e7\u00e3o dos Servi\u00e7os P\u00fablicos.<\/p>\n<p><a id=\"gnews_btn\" href=\"https:\/\/news.google.com\/publications\/CAAqBwgKMOixlQswuZWrAw\" target=\"_blank\" class=\"border_jc_blue link_hover_bg_jc_blue font_85 d-block d-md-inline-block px-2 py-1 mr-0 mr-md-2 mb-3 w-100 text-center\" rel=\"noopener\"><span class=\"text_jc_blue\">Siga o <strong>JC Concursos no Google News<\/strong><\/span><\/a><a href=\"https:\/\/jcconcursos.com.br\/\" class=\"badge badge-light\">concursos<\/a><a href=\"https:\/\/jcconcursos.com.br\/concursos\/nacional\" class=\"badge badge-light\">concursos federais<\/a><a href=\"https:\/\/jcconcursos.com.br\/concursos\/previstos\" class=\"badge badge-light\">concursos 2023<\/a><a href=\"https:\/\/jcconcursos.com.br\/provas\/por-orgao\" class=\"badge badge-light\">provas anteriores<\/a><\/p>\n<\/div>\n<p><br \/>\n<br \/><a href=\"https:\/\/ismaelcolosi.com.br\/comissao-deve-votar-lei-do-orcamento-2024-nesta-quinta-21\/\">Source link <\/a><\/p>\n<!-- CONTENT END 1 -->\n","protected":false},"excerpt":{"rendered":"<p>Foi aprovado, no Congresso Nacional, o Projeto de lei das Diretrizes Or\u00e7ament\u00e1rias (LDO) de 2024.A LDO oferece as diretrizes para a elabora\u00e7\u00e3o do Or\u00e7amento anual.Agora,&#8230;<\/p>\n","protected":false},"author":1,"featured_media":18977,"comment_status":"open","ping_status":"open","sticky":false,"template":"","format":"standard","meta":{"advanced_seo_description":"","jetpack_seo_html_title":"","jetpack_seo_noindex":false,"jetpack_post_was_ever_published":false,"_jetpack_newsletter_access":"","_jetpack_dont_email_post_to_subs":false,"_jetpack_newsletter_tier_id":0,"_jetpack_memberships_contains_paywalled_content":false,"_jetpack_memberships_contains_paid_content":false,"footnotes":"","jetpack_publicize_message":"","jetpack_publicize_feature_enabled":true,"jetpack_social_post_already_shared":true,"jetpack_social_options":{"image_generator_settings":{"template":"highway","default_image_id":0,"font":"","enabled":false},"version":2}},"categories":[7],"tags":[],"class_list":["post-18976","post","type-post","status-publish","format-standard","has-post-thumbnail","hentry","category-vagas-de-empregos-em-ribeirao-preto-regiao-brasil"],"jetpack_publicize_connections":[],"jetpack_featured_media_url":"https:\/\/i0.wp.com\/noticiasribeiraopreto.com.br\/wp-content\/uploads\/2023\/12\/palacio_do_planalto_novoo.jpg?fit=1920%2C1080&ssl=1","jetpack-related-posts":[{"id":75041,"url":"https:\/\/noticiasribeiraopreto.com.br\/index.php\/2025\/08\/02\/prefeito-veta-emendas-da-ldo\/","url_meta":{"origin":18976,"position":0},"title":"Prefeito veta emendas da LDO","author":"noticiasribeiraopreto.com.br","date":"2 de August de 2025","format":false,"excerpt":"O prefeito Ricardo Silva (PSD) vetou todas as 140 emendas de vereadores no \u00e2mbito da Lei de Diretrizes Or\u00e7ament\u00e1rias (LDO) de 2026. As sugest\u00f5es criavam despesa de R$ 233.255.000, valor que representa 4,19% da receita estimada, de R$ 5.563.935.161, segundo o projeto n\u00famero 99\/2025. \u00c9 a primeira vez na hist\u00f3ria\u2026","rel":"","context":"In &quot;Not\u00edcias de Ribeir\u00e3o Preto-SP e Regi\u00e3o&quot;","block_context":{"text":"Not\u00edcias de Ribeir\u00e3o Preto-SP e Regi\u00e3o","link":"https:\/\/noticiasribeiraopreto.com.br\/index.php\/category\/noticias-de-ribeirao-preto-sp-e-regiao-ismael-colosi\/"},"img":{"alt_text":"","src":"https:\/\/i0.wp.com\/noticiasribeiraopreto.com.br\/wp-content\/uploads\/2025\/08\/PlanoLDO-Thaisa-Coroado-Camara-scaled.jpg?fit=1170%2C780&ssl=1&resize=350%2C200","width":350,"height":200,"srcset":"https:\/\/i0.wp.com\/noticiasribeiraopreto.com.br\/wp-content\/uploads\/2025\/08\/PlanoLDO-Thaisa-Coroado-Camara-scaled.jpg?fit=1170%2C780&ssl=1&resize=350%2C200 1x, https:\/\/i0.wp.com\/noticiasribeiraopreto.com.br\/wp-content\/uploads\/2025\/08\/PlanoLDO-Thaisa-Coroado-Camara-scaled.jpg?fit=1170%2C780&ssl=1&resize=525%2C300 1.5x, https:\/\/i0.wp.com\/noticiasribeiraopreto.com.br\/wp-content\/uploads\/2025\/08\/PlanoLDO-Thaisa-Coroado-Camara-scaled.jpg?fit=1170%2C780&ssl=1&resize=700%2C400 2x, https:\/\/i0.wp.com\/noticiasribeiraopreto.com.br\/wp-content\/uploads\/2025\/08\/PlanoLDO-Thaisa-Coroado-Camara-scaled.jpg?fit=1170%2C780&ssl=1&resize=1050%2C600 3x"},"classes":[]},{"id":70908,"url":"https:\/\/noticiasribeiraopreto.com.br\/index.php\/2025\/05\/31\/emendas-a-ldo-aumentam-357\/","url_meta":{"origin":18976,"position":1},"title":"Emendas a LDO aumentam 357% \u00a0","author":"noticiasribeiraopreto.com.br","date":"31 de May de 2025","format":false,"excerpt":"A Lei de Diretrizes Or\u00e7ament\u00e1rias (LDO) de 2026 recebeu 128 emendas de vereadores e da Comiss\u00e3o de Finan\u00e7as, Or\u00e7amento, Fiscaliza\u00e7\u00e3o, Controle e Tribut\u00e1ria. O n\u00famero \u00e9 357,1% superior as 28 apresentadas \u00e0 pe\u00e7a deste ano, aprovada C\u00e2mara de Ribeir\u00e3o Preto em 2024. Em 2023 foram apenas oito. A prefeitura de\u2026","rel":"","context":"In &quot;Not\u00edcias de Ribeir\u00e3o Preto-SP e Regi\u00e3o&quot;","block_context":{"text":"Not\u00edcias de Ribeir\u00e3o Preto-SP e Regi\u00e3o","link":"https:\/\/noticiasribeiraopreto.com.br\/index.php\/category\/noticias-de-ribeirao-preto-sp-e-regiao-ismael-colosi\/"},"img":{"alt_text":"","src":"https:\/\/i0.wp.com\/noticiasribeiraopreto.com.br\/wp-content\/uploads\/2025\/05\/PlanoLDO-Alfredo-Risk-02-scaled.jpg?fit=1200%2C675&ssl=1&resize=350%2C200","width":350,"height":200,"srcset":"https:\/\/i0.wp.com\/noticiasribeiraopreto.com.br\/wp-content\/uploads\/2025\/05\/PlanoLDO-Alfredo-Risk-02-scaled.jpg?fit=1200%2C675&ssl=1&resize=350%2C200 1x, https:\/\/i0.wp.com\/noticiasribeiraopreto.com.br\/wp-content\/uploads\/2025\/05\/PlanoLDO-Alfredo-Risk-02-scaled.jpg?fit=1200%2C675&ssl=1&resize=525%2C300 1.5x, https:\/\/i0.wp.com\/noticiasribeiraopreto.com.br\/wp-content\/uploads\/2025\/05\/PlanoLDO-Alfredo-Risk-02-scaled.jpg?fit=1200%2C675&ssl=1&resize=700%2C400 2x, https:\/\/i0.wp.com\/noticiasribeiraopreto.com.br\/wp-content\/uploads\/2025\/05\/PlanoLDO-Alfredo-Risk-02-scaled.jpg?fit=1200%2C675&ssl=1&resize=1050%2C600 3x"},"classes":[]},{"id":73470,"url":"https:\/\/noticiasribeiraopreto.com.br\/index.php\/2025\/07\/03\/vereadores-aprovam-ldo-recorde-tribuna-ribeirao\/","url_meta":{"origin":18976,"position":2},"title":"Vereadores aprovam LDO recorde &#8211; Tribuna Ribeir\u00e3o","author":"noticiasribeiraopreto.com.br","date":"3 de July de 2025","format":false,"excerpt":"A C\u00e2mara de Vereadores aprovou, na sess\u00e3o desta quarta-feira, 2 de julho, em primeira discuss\u00e3o, por 17 votos a quatro, a Lei de Diretrizes Or\u00e7ament\u00e1rias (LDO) de 2026. A prefeitura de Ribeir\u00e3o Preto projeta um total de R$ 5.563.935.161 no ano que vem, segundo o projeto de n\u00famero 99\/2025. \u00c9\u2026","rel":"","context":"In &quot;Not\u00edcias de Ribeir\u00e3o Preto-SP e Regi\u00e3o&quot;","block_context":{"text":"Not\u00edcias de Ribeir\u00e3o Preto-SP e Regi\u00e3o","link":"https:\/\/noticiasribeiraopreto.com.br\/index.php\/category\/noticias-de-ribeirao-preto-sp-e-regiao-ismael-colosi\/"},"img":{"alt_text":"","src":"https:\/\/i0.wp.com\/noticiasribeiraopreto.com.br\/wp-content\/uploads\/2025\/07\/PlanoLDO-Cam-Divulgacao.jpg?fit=1171%2C878&ssl=1&resize=350%2C200","width":350,"height":200,"srcset":"https:\/\/i0.wp.com\/noticiasribeiraopreto.com.br\/wp-content\/uploads\/2025\/07\/PlanoLDO-Cam-Divulgacao.jpg?fit=1171%2C878&ssl=1&resize=350%2C200 1x, https:\/\/i0.wp.com\/noticiasribeiraopreto.com.br\/wp-content\/uploads\/2025\/07\/PlanoLDO-Cam-Divulgacao.jpg?fit=1171%2C878&ssl=1&resize=525%2C300 1.5x, https:\/\/i0.wp.com\/noticiasribeiraopreto.com.br\/wp-content\/uploads\/2025\/07\/PlanoLDO-Cam-Divulgacao.jpg?fit=1171%2C878&ssl=1&resize=700%2C400 2x, https:\/\/i0.wp.com\/noticiasribeiraopreto.com.br\/wp-content\/uploads\/2025\/07\/PlanoLDO-Cam-Divulgacao.jpg?fit=1171%2C878&ssl=1&resize=1050%2C600 3x"},"classes":[]},{"id":69885,"url":"https:\/\/noticiasribeiraopreto.com.br\/index.php\/2025\/05\/10\/ldo-projeta-receita-de-r-55-bi\/","url_meta":{"origin":18976,"position":3},"title":"LDO projeta receita de R$ 5,5 bi \u00a0","author":"noticiasribeiraopreto.com.br","date":"10 de May de 2025","format":false,"excerpt":"A Lei de Diretrizes Or\u00e7ament\u00e1rias (LDO) de 2026 tem previs\u00e3o de receita recorde, segundo dados da Secretaria Municipal da Fazenda. A prefeitura de Ribeir\u00e3o Preto projeta um total de R$ 5.563.935.161 no ano que vem, segundo o projeto (n\u00famero 99\/2025) enviado para a C\u00e2mara de Vereadores. \u00c9 a primeira vez\u2026","rel":"","context":"In &quot;Not\u00edcias de Ribeir\u00e3o Preto-SP e Regi\u00e3o&quot;","block_context":{"text":"Not\u00edcias de Ribeir\u00e3o Preto-SP e Regi\u00e3o","link":"https:\/\/noticiasribeiraopreto.com.br\/index.php\/category\/noticias-de-ribeirao-preto-sp-e-regiao-ismael-colosi\/"},"img":{"alt_text":"","src":"https:\/\/i0.wp.com\/noticiasribeiraopreto.com.br\/wp-content\/uploads\/2025\/05\/PlanoLDO-Max-Gallao-Mesquita-Arquivo.jpg?fit=1200%2C790&ssl=1&resize=350%2C200","width":350,"height":200,"srcset":"https:\/\/i0.wp.com\/noticiasribeiraopreto.com.br\/wp-content\/uploads\/2025\/05\/PlanoLDO-Max-Gallao-Mesquita-Arquivo.jpg?fit=1200%2C790&ssl=1&resize=350%2C200 1x, https:\/\/i0.wp.com\/noticiasribeiraopreto.com.br\/wp-content\/uploads\/2025\/05\/PlanoLDO-Max-Gallao-Mesquita-Arquivo.jpg?fit=1200%2C790&ssl=1&resize=525%2C300 1.5x, https:\/\/i0.wp.com\/noticiasribeiraopreto.com.br\/wp-content\/uploads\/2025\/05\/PlanoLDO-Max-Gallao-Mesquita-Arquivo.jpg?fit=1200%2C790&ssl=1&resize=700%2C400 2x, https:\/\/i0.wp.com\/noticiasribeiraopreto.com.br\/wp-content\/uploads\/2025\/05\/PlanoLDO-Max-Gallao-Mesquita-Arquivo.jpg?fit=1200%2C790&ssl=1&resize=1050%2C600 3x"},"classes":[]},{"id":74455,"url":"https:\/\/noticiasribeiraopreto.com.br\/index.php\/2025\/07\/23\/audiencias-do-orcamento-2026-comecam-em-agosto\/","url_meta":{"origin":18976,"position":4},"title":"Audi\u00eancias do Or\u00e7amento 2026 come\u00e7am em agosto","author":"noticiasribeiraopreto.com.br","date":"23 de July de 2025","format":false,"excerpt":"23 de julho de 2025 09:213 Compartilhar0 A Assembleia Legislativa de S\u00e3o Paulo (Alesp) definiu o calend\u00e1rio com as datas e os locais das audi\u00eancias p\u00fablicas que ir\u00e3o debater o Or\u00e7amento dl Estado para o ano de 2026. O ciclo de reuni\u00f5es, realizado pela Comiss\u00e3o de Finan\u00e7as, Or\u00e7amento e Planejamento,\u2026","rel":"","context":"In &quot;Not\u00edcias de Ribeir\u00e3o Preto-SP e Regi\u00e3o&quot;","block_context":{"text":"Not\u00edcias de Ribeir\u00e3o Preto-SP e Regi\u00e3o","link":"https:\/\/noticiasribeiraopreto.com.br\/index.php\/category\/noticias-de-ribeirao-preto-sp-e-regiao-ismael-colosi\/"},"img":{"alt_text":"","src":"https:\/\/i0.wp.com\/noticiasribeiraopreto.com.br\/wp-content\/uploads\/2025\/07\/OrcaSP-Divulgacao-Alesp.jpg?fit=1170%2C700&ssl=1&resize=350%2C200","width":350,"height":200,"srcset":"https:\/\/i0.wp.com\/noticiasribeiraopreto.com.br\/wp-content\/uploads\/2025\/07\/OrcaSP-Divulgacao-Alesp.jpg?fit=1170%2C700&ssl=1&resize=350%2C200 1x, https:\/\/i0.wp.com\/noticiasribeiraopreto.com.br\/wp-content\/uploads\/2025\/07\/OrcaSP-Divulgacao-Alesp.jpg?fit=1170%2C700&ssl=1&resize=525%2C300 1.5x, https:\/\/i0.wp.com\/noticiasribeiraopreto.com.br\/wp-content\/uploads\/2025\/07\/OrcaSP-Divulgacao-Alesp.jpg?fit=1170%2C700&ssl=1&resize=700%2C400 2x, https:\/\/i0.wp.com\/noticiasribeiraopreto.com.br\/wp-content\/uploads\/2025\/07\/OrcaSP-Divulgacao-Alesp.jpg?fit=1170%2C700&ssl=1&resize=1050%2C600 3x"},"classes":[]},{"id":74961,"url":"https:\/\/noticiasribeiraopreto.com.br\/index.php\/2025\/07\/31\/ricardo-sanciona-diretrizes-do-orcamento-de-ribeirao-preto-com-140-vetos\/","url_meta":{"origin":18976,"position":5},"title":"Ricardo sanciona diretrizes do or\u00e7amento de Ribeir\u00e3o Preto com 140 vetos","author":"noticiasribeiraopreto.com.br","date":"31 de July de 2025","format":false,"excerpt":"O prefeito de Ribeir\u00e3o Preto, Ricardo Silva (PSD), sancionou a LDO (Lei de Diretrizes Or\u00e7ament\u00e1rias) de 2026 com 140 vetos de emendas aprovadas pelos vereadores. As diretrizes or\u00e7ament\u00e1rias de Ribeir\u00e3o Preto preveem or\u00e7amento de R$ 5.563.935.161 para o pr\u00f3ximo ano. Entre os destaques da LDO est\u00e3o projetos priorit\u00e1rios, como a\u2026","rel":"","context":"In &quot;Not\u00edcias de Ribeir\u00e3o Preto-SP e Regi\u00e3o&quot;","block_context":{"text":"Not\u00edcias de Ribeir\u00e3o Preto-SP e Regi\u00e3o","link":"https:\/\/noticiasribeiraopreto.com.br\/index.php\/category\/noticias-de-ribeirao-preto-sp-e-regiao-ismael-colosi\/"},"img":{"alt_text":"","src":"https:\/\/i0.wp.com\/noticiasribeiraopreto.com.br\/wp-content\/uploads\/2025\/07\/prefeito-ricardo-silva_2025-07-31_20-57-54.webp.webp?fit=1200%2C800&ssl=1&resize=350%2C200","width":350,"height":200,"srcset":"https:\/\/i0.wp.com\/noticiasribeiraopreto.com.br\/wp-content\/uploads\/2025\/07\/prefeito-ricardo-silva_2025-07-31_20-57-54.webp.webp?fit=1200%2C800&ssl=1&resize=350%2C200 1x, https:\/\/i0.wp.com\/noticiasribeiraopreto.com.br\/wp-content\/uploads\/2025\/07\/prefeito-ricardo-silva_2025-07-31_20-57-54.webp.webp?fit=1200%2C800&ssl=1&resize=525%2C300 1.5x, https:\/\/i0.wp.com\/noticiasribeiraopreto.com.br\/wp-content\/uploads\/2025\/07\/prefeito-ricardo-silva_2025-07-31_20-57-54.webp.webp?fit=1200%2C800&ssl=1&resize=700%2C400 2x, https:\/\/i0.wp.com\/noticiasribeiraopreto.com.br\/wp-content\/uploads\/2025\/07\/prefeito-ricardo-silva_2025-07-31_20-57-54.webp.webp?fit=1200%2C800&ssl=1&resize=1050%2C600 3x"},"classes":[]}],"jetpack_sharing_enabled":true,"jetpack_shortlink":"https:\/\/wp.me\/peQAOb-4W4","_links":{"self":[{"href":"https:\/\/noticiasribeiraopreto.com.br\/index.php\/wp-json\/wp\/v2\/posts\/18976","targetHints":{"allow":["GET"]}}],"collection":[{"href":"https:\/\/noticiasribeiraopreto.com.br\/index.php\/wp-json\/wp\/v2\/posts"}],"about":[{"href":"https:\/\/noticiasribeiraopreto.com.br\/index.php\/wp-json\/wp\/v2\/types\/post"}],"author":[{"embeddable":true,"href":"https:\/\/noticiasribeiraopreto.com.br\/index.php\/wp-json\/wp\/v2\/users\/1"}],"replies":[{"embeddable":true,"href":"https:\/\/noticiasribeiraopreto.com.br\/index.php\/wp-json\/wp\/v2\/comments?post=18976"}],"version-history":[{"count":0,"href":"https:\/\/noticiasribeiraopreto.com.br\/index.php\/wp-json\/wp\/v2\/posts\/18976\/revisions"}],"wp:featuredmedia":[{"embeddable":true,"href":"https:\/\/noticiasribeiraopreto.com.br\/index.php\/wp-json\/wp\/v2\/media\/18977"}],"wp:attachment":[{"href":"https:\/\/noticiasribeiraopreto.com.br\/index.php\/wp-json\/wp\/v2\/media?parent=18976"}],"wp:term":[{"taxonomy":"category","embeddable":true,"href":"https:\/\/noticiasribeiraopreto.com.br\/index.php\/wp-json\/wp\/v2\/categories?post=18976"},{"taxonomy":"post_tag","embeddable":true,"href":"https:\/\/noticiasribeiraopreto.com.br\/index.php\/wp-json\/wp\/v2\/tags?post=18976"}],"curies":[{"name":"wp","href":"https:\/\/api.w.org\/{rel}","templated":true}]}}