{"id":18982,"date":"2023-12-21T13:38:03","date_gmt":"2023-12-21T16:38:03","guid":{"rendered":"https:\/\/noticiasribeiraopreto.com.br\/index.php\/2023\/12\/21\/colisao-entre-onibus-e-carreta-deixa-veiculos-destruidos-e-diversas-vitimas\/"},"modified":"2023-12-21T13:38:03","modified_gmt":"2023-12-21T16:38:03","slug":"colisao-entre-onibus-e-carreta-deixa-veiculos-destruidos-e-diversas-vitimas","status":"publish","type":"post","link":"https:\/\/noticiasribeiraopreto.com.br\/index.php\/2023\/12\/21\/colisao-entre-onibus-e-carreta-deixa-veiculos-destruidos-e-diversas-vitimas\/","title":{"rendered":"Colis\u00e3o entre \u00f4nibus e carreta deixa ve\u00edculos destru\u00eddos e diversas v\u00edtimas"},"content":{"rendered":"<div class='code-block code-block-1' style='margin: 8px 0 8px auto; text-align: right; display: block; clear: both;'>\n<p><a href=\"https:\/\/wa.link\/vpicfd\"><img data-recalc-dims=\"1\" class=\"wp-image-4922\" style=\"aspect-ratio: 2.0253164556962027; width: 561px; height: auto;\" src=\"https:\/\/i0.wp.com\/ismaelcolosi.com.br\/wp-content\/uploads\/2023\/11\/grupo-de-empregos-whatsapp-e-facebook-ismael-colosi-vagas.jpg?ssl=1\" alt=\"\" \/><\/a><\/p>\n<!-- \/wp:image -->\n<\/div>\n<p> <br \/>\n<\/p>\n<div itemprop=\"text\">\n<p>Na madrugada desta quinta-feira (21), a rodovia BR-116, foi cen\u00e1rio de uma verdadeira trag\u00e9dia. Um grave acidente envolvendo um \u00f4nibus e uma carreta deixou os ve\u00edculos destru\u00eddos, al\u00e9m de v\u00e1rias v\u00edtimas.<\/p>\n<p>O acidente aconteceu na altura do munic\u00edpio de Muria\u00e9, localizado no interior do estado de Minas Gerais. De acordo com as primeiras informa\u00e7\u00f5es da Pol\u00edcia Rodovi\u00e1ria Federal (PRF), uma pessoa perdeu a vida e 10 pessoas ficaram feridas.<\/p>\n<p>A v\u00edtima fatal \u00e9 o motorista do \u00f4nibus, ele tinha 42 anos, seu nome n\u00e3o foi revelado pelas autoridades competentes que atenderam a ocorr\u00eancia. Nove passageiros e o ajudante da carreta ficaram feridos.<\/p>\n<p>Ainda de acordo com as informa\u00e7\u00f5es da Pol\u00edcia Rodovi\u00e1ria Federal (PRF), o \u00f4nibus partiu de S\u00e3o Paulo com destino a cidade de Vit\u00f3ria da Conquista, localizada no interior do estado da Bahia.<\/p>\n<div class=\"code-block code-block-9\" style=\"margin: 8px auto; text-align: center; display: block; clear: both;\">\n<p><span style=\"font-size: xx-small;\"><b>PUBLICIDADE<\/b><\/span><\/p>\n<div class=\"separator\" style=\"clear: both; text-align: center;\"><a href=\"https:\/\/breeze.bet\/?c=1&amp;utm_source=fbs\" imageanchor=\"1\" style=\"margin-left: 1em; margin-right: 1em;\" target=\"_blank\" rel=\"noopener\"><img data-recalc-dims=\"1\" loading=\"lazy\" decoding=\"async\" border=\"0\" data-original-height=\"250\" data-original-width=\"300\" height=\"250\" src=\"https:\/\/i0.wp.com\/blogger.googleusercontent.com\/img\/b\/R29vZ2xl\/AVvXsEhHMStsQpenim-wcfJXHMndm0o0P6BrbXYcb_zvAoVvLcdQw8AP_XKlfa98ltKcznGeZ-LpsBl2FxLCp8WOYwgFSB3cRFm5w-61F-0aTWm387IgHB-GZMFhX20JbEzho8NVK1flhSUYOat_fFInLDqTMO3djGgM3zf7gMkbu8Ut7Zlm-7-ZYF292G63voBG\/s1600\/at%C3%A9%20X2500.png?resize=300%2C250&#038;ssl=1\" width=\"300\"\/><\/a><\/div>\n<\/div>\n<p>O \u00f4nibus levava 57 passageiros, al\u00e9m do motorista e do auxiliar, no ve\u00edculo de carga estavam o motorista e o ajudante.<\/p>\n<p><img data-recalc-dims=\"1\" decoding=\"async\" src=\"https:\/\/i0.wp.com\/fnmais.com\/wp-content\/uploads\/2023\/12\/postiimg-65846725e76c86989.jpeg?ssl=1\" alt=\"Carreta ficou destruda aps acidente na BR-116 em MG Foto Rdio MuriaReproduo\"\/><\/p>\n<p>Segundo informa\u00e7\u00f5es colhidas pelas autoridades que atenderam o caso, o motorista da carreta teria perdido o controle do ve\u00edculo em uma curva e por isso invadiu a contram\u00e3o.<\/p>\n<p>O ve\u00edculo de carga atingiu a frente do \u00f4nibus com o semirreboque. A rodovia precisou ficar totalmente interditada na altura do trecho do km 715,6 por mais de tr\u00eas horas. As causas do acidente est\u00e3o sob investiga\u00e7\u00e3o.<\/p>\n<p>Para assistir o v\u00eddeo <a href=\"https:\/\/g1.globo.com\/mg\/zona-da-mata\/video\/veja-como-ficou-onibus-e-carreta-que-se-envolveram-em-grave-acidente-na-br-116-em-muriae-12211114.ghtml\" target=\"_blank\" rel=\"nofollow noopener\">CLIQUE AQUI!<\/a><\/p>\n<p>A empresa respons\u00e1vel pelo \u00f4nibus lamentou o acidente e afirmou que est\u00e1 prestando todo o apoio necess\u00e1rio as v\u00edtimas e seus familiares.<\/p>\n<\/div>\n<p><br \/>\n<br \/><a href=\"https:\/\/fnmais.com\/colisao-entre-onibus-carreta-deixa-veiculos-destruidos-diversas-vitimas-video\/\">Source link <\/a><\/p>\n<!-- CONTENT END 1 -->\n","protected":false},"excerpt":{"rendered":"<p>Na madrugada desta quinta-feira (21), a rodovia BR-116, foi cen\u00e1rio de uma verdadeira trag\u00e9dia. Um grave acidente envolvendo um \u00f4nibus e uma carreta deixou os&#8230;<\/p>\n","protected":false},"author":1,"featured_media":18983,"comment_status":"open","ping_status":"open","sticky":false,"template":"","format":"standard","meta":{"advanced_seo_description":"","jetpack_seo_html_title":"","jetpack_seo_noindex":false,"jetpack_post_was_ever_published":false,"_jetpack_newsletter_access":"","_jetpack_dont_email_post_to_subs":false,"_jetpack_newsletter_tier_id":0,"_jetpack_memberships_contains_paywalled_content":false,"_jetpack_memberships_contains_paid_content":false,"footnotes":"","jetpack_publicize_message":"","jetpack_publicize_feature_enabled":true,"jetpack_social_post_already_shared":true,"jetpack_social_options":{"image_generator_settings":{"template":"highway","default_image_id":0,"font":"","enabled":false},"version":2}},"categories":[1],"tags":[],"class_list":["post-18982","post","type-post","status-publish","format-standard","has-post-thumbnail","hentry","category-blog"],"jetpack_publicize_connections":[],"jetpack_featured_media_url":"https:\/\/i0.wp.com\/noticiasribeiraopreto.com.br\/wp-content\/uploads\/2023\/12\/postimg-6584672946d0c1005.jpg?fit=1200%2C628&ssl=1","jetpack-related-posts":[{"id":61780,"url":"https:\/\/noticiasribeiraopreto.com.br\/index.php\/2024\/12\/21\/acidente-com-onibus-de-sp-deixa-mais-de-30-mortos-em-rodovia-de-mg\/","url_meta":{"origin":18982,"position":0},"title":"Acidente com \u00f4nibus de SP deixa mais de 30 mortos em rodovia de MG","author":"noticiasribeiraopreto.com.br","date":"21 de December de 2024","format":false,"excerpt":"Um acidente envolvendo um carro, um \u00f4nibus e uma carreta, no km 286 da BR-116, pr\u00f3ximo \u00e0 comunidade rural da Lajinha, no munic\u00edpio de Te\u00f3filo Otoni, em Minas Gerais, provocou a morte de pelo menos 30 pessoas. De acordo com informa\u00e7\u00f5es preliminares da Pol\u00edcia Rodovi\u00e1ria Federal (PRF), o acidente ocorreu\u2026","rel":"","context":"In &quot;Not\u00edcias de Ribeir\u00e3o Preto-SP e Regi\u00e3o&quot;","block_context":{"text":"Not\u00edcias de Ribeir\u00e3o Preto-SP e Regi\u00e3o","link":"https:\/\/noticiasribeiraopreto.com.br\/index.php\/category\/noticias-de-ribeirao-preto-sp-e-regiao-ismael-colosi\/"},"img":{"alt_text":"","src":"https:\/\/i0.wp.com\/noticiasribeiraopreto.com.br\/wp-content\/uploads\/2024\/12\/acidente_teofilo_otoni03_2024-12-21_19-38-49.webp.webp?fit=1170%2C700&ssl=1&resize=350%2C200","width":350,"height":200,"srcset":"https:\/\/i0.wp.com\/noticiasribeiraopreto.com.br\/wp-content\/uploads\/2024\/12\/acidente_teofilo_otoni03_2024-12-21_19-38-49.webp.webp?fit=1170%2C700&ssl=1&resize=350%2C200 1x, https:\/\/i0.wp.com\/noticiasribeiraopreto.com.br\/wp-content\/uploads\/2024\/12\/acidente_teofilo_otoni03_2024-12-21_19-38-49.webp.webp?fit=1170%2C700&ssl=1&resize=525%2C300 1.5x, https:\/\/i0.wp.com\/noticiasribeiraopreto.com.br\/wp-content\/uploads\/2024\/12\/acidente_teofilo_otoni03_2024-12-21_19-38-49.webp.webp?fit=1170%2C700&ssl=1&resize=700%2C400 2x, https:\/\/i0.wp.com\/noticiasribeiraopreto.com.br\/wp-content\/uploads\/2024\/12\/acidente_teofilo_otoni03_2024-12-21_19-38-49.webp.webp?fit=1170%2C700&ssl=1&resize=1050%2C600 3x"},"classes":[]},{"id":12823,"url":"https:\/\/noticiasribeiraopreto.com.br\/index.php\/2023\/12\/08\/acidente-entre-caminhao-e-carreta-na-br-282-deixa-vitimas-fatais-e-detalhes-sobre-a-colisao-sao-expostos\/","url_meta":{"origin":18982,"position":1},"title":"Acidente entre caminh\u00e3o e carreta na BR-282 deixa v\u00edtimas fatais e detalhes sobre a colis\u00e3o s\u00e3o expostos","author":"noticiasribeiraopreto.com.br","date":"8 de December de 2023","format":false,"excerpt":"Na manh\u00e3 desta sexta-feira (8), um grave acidente provocou uma enorme trag\u00e9dia deixando v\u00edtimas fatais. As primeiras informa\u00e7\u00f5es repassadas pelas autoridades respons\u00e1veis por atender a ocorr\u00eancia.Segundo as informa\u00e7\u00f5es, a colis\u00e3o frontal entre um caminh\u00e3o e uma carreta aconteceu por volta das 7h30, na rodovia BR-282, na altura do munic\u00edpio de\u2026","rel":"","context":"In &quot;Blog&quot;","block_context":{"text":"Blog","link":"https:\/\/noticiasribeiraopreto.com.br\/index.php\/category\/blog\/"},"img":{"alt_text":"","src":"https:\/\/i0.wp.com\/noticiasribeiraopreto.com.br\/wp-content\/uploads\/2023\/12\/postimg-6573712feb1b31817.jpg?fit=1200%2C628&ssl=1&resize=350%2C200","width":350,"height":200,"srcset":"https:\/\/i0.wp.com\/noticiasribeiraopreto.com.br\/wp-content\/uploads\/2023\/12\/postimg-6573712feb1b31817.jpg?fit=1200%2C628&ssl=1&resize=350%2C200 1x, https:\/\/i0.wp.com\/noticiasribeiraopreto.com.br\/wp-content\/uploads\/2023\/12\/postimg-6573712feb1b31817.jpg?fit=1200%2C628&ssl=1&resize=525%2C300 1.5x, https:\/\/i0.wp.com\/noticiasribeiraopreto.com.br\/wp-content\/uploads\/2023\/12\/postimg-6573712feb1b31817.jpg?fit=1200%2C628&ssl=1&resize=700%2C400 2x, https:\/\/i0.wp.com\/noticiasribeiraopreto.com.br\/wp-content\/uploads\/2023\/12\/postimg-6573712feb1b31817.jpg?fit=1200%2C628&ssl=1&resize=1050%2C600 3x"},"classes":[]},{"id":65575,"url":"https:\/\/noticiasribeiraopreto.com.br\/index.php\/2025\/03\/21\/acidente-entre-onibus-e-carreta-deixa-feridos-em-rodovia-do-interior-de-sp\/","url_meta":{"origin":18982,"position":2},"title":"Acidente entre \u00f4nibus e carreta deixa feridos em rodovia do interior de SP","author":"noticiasribeiraopreto.com.br","date":"21 de March de 2025","format":false,"excerpt":"Na tarde desta sexta-feira (21), um \u00f4nibus bateu na traseira de uma carreta na rodovia Carlos Tonani, em Jaboticabal, no interior de S\u00e3o Paulo. Duas pessoas ficaram feridas. Segundo informa\u00e7\u00f5es do Centro de Controle e Informa\u00e7\u00f5es (CCI), os ve\u00edculos trafegavam na rodovia no sentido Oeste, quando o \u00f4nibus n\u00e3o se\u2026","rel":"","context":"In &quot;Not\u00edcias de Ribeir\u00e3o Preto-SP e Regi\u00e3o&quot;","block_context":{"text":"Not\u00edcias de Ribeir\u00e3o Preto-SP e Regi\u00e3o","link":"https:\/\/noticiasribeiraopreto.com.br\/index.php\/category\/noticias-de-ribeirao-preto-sp-e-regiao-ismael-colosi\/"},"img":{"alt_text":"","src":"https:\/\/i0.wp.com\/noticiasribeiraopreto.com.br\/wp-content\/uploads\/2025\/03\/Copia-de-Copia-de-Copia-de-TAMANHO-EXATO-PARA-FOTOS-NO-SISTEMA-NOVO-2025-03-21T160235.941_2025-03-21_19-02-40_png_2025-03-21_19-02-40.webp.webp?fit=1200%2C675&ssl=1&resize=350%2C200","width":350,"height":200,"srcset":"https:\/\/i0.wp.com\/noticiasribeiraopreto.com.br\/wp-content\/uploads\/2025\/03\/Copia-de-Copia-de-Copia-de-TAMANHO-EXATO-PARA-FOTOS-NO-SISTEMA-NOVO-2025-03-21T160235.941_2025-03-21_19-02-40_png_2025-03-21_19-02-40.webp.webp?fit=1200%2C675&ssl=1&resize=350%2C200 1x, https:\/\/i0.wp.com\/noticiasribeiraopreto.com.br\/wp-content\/uploads\/2025\/03\/Copia-de-Copia-de-Copia-de-TAMANHO-EXATO-PARA-FOTOS-NO-SISTEMA-NOVO-2025-03-21T160235.941_2025-03-21_19-02-40_png_2025-03-21_19-02-40.webp.webp?fit=1200%2C675&ssl=1&resize=525%2C300 1.5x, https:\/\/i0.wp.com\/noticiasribeiraopreto.com.br\/wp-content\/uploads\/2025\/03\/Copia-de-Copia-de-Copia-de-TAMANHO-EXATO-PARA-FOTOS-NO-SISTEMA-NOVO-2025-03-21T160235.941_2025-03-21_19-02-40_png_2025-03-21_19-02-40.webp.webp?fit=1200%2C675&ssl=1&resize=700%2C400 2x, https:\/\/i0.wp.com\/noticiasribeiraopreto.com.br\/wp-content\/uploads\/2025\/03\/Copia-de-Copia-de-Copia-de-TAMANHO-EXATO-PARA-FOTOS-NO-SISTEMA-NOVO-2025-03-21T160235.941_2025-03-21_19-02-40_png_2025-03-21_19-02-40.webp.webp?fit=1200%2C675&ssl=1&resize=1050%2C600 3x"},"classes":[]},{"id":15910,"url":"https:\/\/noticiasribeiraopreto.com.br\/index.php\/2023\/12\/14\/grave-acidente-entre-onibus-e-caminhao-deixa-vitimas-fatais-na-br-050\/","url_meta":{"origin":18982,"position":3},"title":"Grave acidente entre \u00f4nibus e caminh\u00e3o deixa v\u00edtimas fatais na BR-050","author":"noticiasribeiraopreto.com.br","date":"14 de December de 2023","format":false,"excerpt":"Na madrugada desta quinta-feira (14), um grave acidente envolvendo um \u00f4nibus e um caminh\u00e3o deixou v\u00edtimas fatais na rodovia BR-050. O caso aconteceu na altura do munic\u00edpio de Uberaba, localizado no Tri\u00e2ngulo Mineiro.De acordo com as primeiras informa\u00e7\u00f5es repassadas pela Pol\u00edcia Rodovi\u00e1ria Federal (PRF), o \u00f4nibus levava cerca de 43\u2026","rel":"","context":"In &quot;Blog&quot;","block_context":{"text":"Blog","link":"https:\/\/noticiasribeiraopreto.com.br\/index.php\/category\/blog\/"},"img":{"alt_text":"","src":"https:\/\/i0.wp.com\/noticiasribeiraopreto.com.br\/wp-content\/uploads\/2023\/12\/postimg-657b48a2ee9c83763.jpg?fit=1200%2C628&ssl=1&resize=350%2C200","width":350,"height":200,"srcset":"https:\/\/i0.wp.com\/noticiasribeiraopreto.com.br\/wp-content\/uploads\/2023\/12\/postimg-657b48a2ee9c83763.jpg?fit=1200%2C628&ssl=1&resize=350%2C200 1x, https:\/\/i0.wp.com\/noticiasribeiraopreto.com.br\/wp-content\/uploads\/2023\/12\/postimg-657b48a2ee9c83763.jpg?fit=1200%2C628&ssl=1&resize=525%2C300 1.5x, https:\/\/i0.wp.com\/noticiasribeiraopreto.com.br\/wp-content\/uploads\/2023\/12\/postimg-657b48a2ee9c83763.jpg?fit=1200%2C628&ssl=1&resize=700%2C400 2x, https:\/\/i0.wp.com\/noticiasribeiraopreto.com.br\/wp-content\/uploads\/2023\/12\/postimg-657b48a2ee9c83763.jpg?fit=1200%2C628&ssl=1&resize=1050%2C600 3x"},"classes":[]},{"id":7142,"url":"https:\/\/noticiasribeiraopreto.com.br\/index.php\/2023\/11\/27\/tragedia-na-br-381-acidente-envolvendo-11-veiculos-deixa-pelo-menos-3-vitimas-fatais-e-numero-feridos-ainda-e-desconhecido\/","url_meta":{"origin":18982,"position":4},"title":"Trag\u00e9dia na BR-381: Acidente envolvendo 11 ve\u00edculos deixa pelo menos 3 v\u00edtimas fatais e n\u00famero feridos ainda \u00e9 desconhecido","author":"noticiasribeiraopreto.com.br","date":"27 de November de 2023","format":false,"excerpt":"Um acidente grave envolvendo 11 ve\u00edculos resultou em pelo menos tr\u00eas \u00f3bitos no final da manh\u00e3 desta segunda-feira (27) no quil\u00f4metro 517 da Rodovia Fern\u00e3o Dias, BR-381, pr\u00f3ximo a Igarap\u00e9, na regi\u00e3o metropolitana de Belo Horizonte.Segundo informa\u00e7\u00f5es da Arteris, a concession\u00e1ria respons\u00e1vel pelo trecho, a colis\u00e3o inclui oito autom\u00f3veis de\u2026","rel":"","context":"In &quot;Blog&quot;","block_context":{"text":"Blog","link":"https:\/\/noticiasribeiraopreto.com.br\/index.php\/category\/blog\/"},"img":{"alt_text":"","src":"https:\/\/i0.wp.com\/noticiasribeiraopreto.com.br\/wp-content\/uploads\/2023\/11\/postimg-6564d2d1357673855.jpg?fit=1200%2C628&ssl=1&resize=350%2C200","width":350,"height":200,"srcset":"https:\/\/i0.wp.com\/noticiasribeiraopreto.com.br\/wp-content\/uploads\/2023\/11\/postimg-6564d2d1357673855.jpg?fit=1200%2C628&ssl=1&resize=350%2C200 1x, https:\/\/i0.wp.com\/noticiasribeiraopreto.com.br\/wp-content\/uploads\/2023\/11\/postimg-6564d2d1357673855.jpg?fit=1200%2C628&ssl=1&resize=525%2C300 1.5x, https:\/\/i0.wp.com\/noticiasribeiraopreto.com.br\/wp-content\/uploads\/2023\/11\/postimg-6564d2d1357673855.jpg?fit=1200%2C628&ssl=1&resize=700%2C400 2x, https:\/\/i0.wp.com\/noticiasribeiraopreto.com.br\/wp-content\/uploads\/2023\/11\/postimg-6564d2d1357673855.jpg?fit=1200%2C628&ssl=1&resize=1050%2C600 3x"},"classes":[]},{"id":63988,"url":"https:\/\/noticiasribeiraopreto.com.br\/index.php\/2025\/02\/26\/acidente-entre-onibus-e-caminhao-interdita-parte-da-rodovia-anhanguera\/","url_meta":{"origin":18982,"position":5},"title":"Acidente entre \u00f4nibus e caminh\u00e3o interdita parte da rodovia Anhanguera","author":"noticiasribeiraopreto.com.br","date":"26 de February de 2025","format":false,"excerpt":"Um \u00f4nibus e um carreta se envolveram em um acidente de tr\u00e2nsito no final da tarde desta quarta-feira (26), na rodovia Anhanguera (SP-330), em S\u00e3o Joaquim da Barra, cidade na regi\u00e3o de Ribeir\u00e3o Preto. De acordo com as informa\u00e7\u00f5es do CCI (Centro de Controle de Informa\u00e7\u00f5es) da Artesp, os ve\u00edculos\u2026","rel":"","context":"In &quot;Not\u00edcias de Ribeir\u00e3o Preto-SP e Regi\u00e3o&quot;","block_context":{"text":"Not\u00edcias de Ribeir\u00e3o Preto-SP e Regi\u00e3o","link":"https:\/\/noticiasribeiraopreto.com.br\/index.php\/category\/noticias-de-ribeirao-preto-sp-e-regiao-ismael-colosi\/"},"img":{"alt_text":"","src":"https:\/\/i0.wp.com\/noticiasribeiraopreto.com.br\/wp-content\/uploads\/2025\/02\/Copia-de-Copia-de-Copia-de-TAMANHO-EXATO-PARA-FOTOS-NO-SISTEMA-NOVO-2025-02-26T190501.780_2025-02-26_22-05-23_png_2025-02-26_22-05-23.webp.webp?fit=1200%2C675&ssl=1&resize=350%2C200","width":350,"height":200,"srcset":"https:\/\/i0.wp.com\/noticiasribeiraopreto.com.br\/wp-content\/uploads\/2025\/02\/Copia-de-Copia-de-Copia-de-TAMANHO-EXATO-PARA-FOTOS-NO-SISTEMA-NOVO-2025-02-26T190501.780_2025-02-26_22-05-23_png_2025-02-26_22-05-23.webp.webp?fit=1200%2C675&ssl=1&resize=350%2C200 1x, https:\/\/i0.wp.com\/noticiasribeiraopreto.com.br\/wp-content\/uploads\/2025\/02\/Copia-de-Copia-de-Copia-de-TAMANHO-EXATO-PARA-FOTOS-NO-SISTEMA-NOVO-2025-02-26T190501.780_2025-02-26_22-05-23_png_2025-02-26_22-05-23.webp.webp?fit=1200%2C675&ssl=1&resize=525%2C300 1.5x, https:\/\/i0.wp.com\/noticiasribeiraopreto.com.br\/wp-content\/uploads\/2025\/02\/Copia-de-Copia-de-Copia-de-TAMANHO-EXATO-PARA-FOTOS-NO-SISTEMA-NOVO-2025-02-26T190501.780_2025-02-26_22-05-23_png_2025-02-26_22-05-23.webp.webp?fit=1200%2C675&ssl=1&resize=700%2C400 2x, https:\/\/i0.wp.com\/noticiasribeiraopreto.com.br\/wp-content\/uploads\/2025\/02\/Copia-de-Copia-de-Copia-de-TAMANHO-EXATO-PARA-FOTOS-NO-SISTEMA-NOVO-2025-02-26T190501.780_2025-02-26_22-05-23_png_2025-02-26_22-05-23.webp.webp?fit=1200%2C675&ssl=1&resize=1050%2C600 3x"},"classes":[]}],"jetpack_sharing_enabled":true,"jetpack_shortlink":"https:\/\/wp.me\/peQAOb-4Wa","_links":{"self":[{"href":"https:\/\/noticiasribeiraopreto.com.br\/index.php\/wp-json\/wp\/v2\/posts\/18982","targetHints":{"allow":["GET"]}}],"collection":[{"href":"https:\/\/noticiasribeiraopreto.com.br\/index.php\/wp-json\/wp\/v2\/posts"}],"about":[{"href":"https:\/\/noticiasribeiraopreto.com.br\/index.php\/wp-json\/wp\/v2\/types\/post"}],"author":[{"embeddable":true,"href":"https:\/\/noticiasribeiraopreto.com.br\/index.php\/wp-json\/wp\/v2\/users\/1"}],"replies":[{"embeddable":true,"href":"https:\/\/noticiasribeiraopreto.com.br\/index.php\/wp-json\/wp\/v2\/comments?post=18982"}],"version-history":[{"count":0,"href":"https:\/\/noticiasribeiraopreto.com.br\/index.php\/wp-json\/wp\/v2\/posts\/18982\/revisions"}],"wp:featuredmedia":[{"embeddable":true,"href":"https:\/\/noticiasribeiraopreto.com.br\/index.php\/wp-json\/wp\/v2\/media\/18983"}],"wp:attachment":[{"href":"https:\/\/noticiasribeiraopreto.com.br\/index.php\/wp-json\/wp\/v2\/media?parent=18982"}],"wp:term":[{"taxonomy":"category","embeddable":true,"href":"https:\/\/noticiasribeiraopreto.com.br\/index.php\/wp-json\/wp\/v2\/categories?post=18982"},{"taxonomy":"post_tag","embeddable":true,"href":"https:\/\/noticiasribeiraopreto.com.br\/index.php\/wp-json\/wp\/v2\/tags?post=18982"}],"curies":[{"name":"wp","href":"https:\/\/api.w.org\/{rel}","templated":true}]}}