{"id":18984,"date":"2023-12-21T13:39:41","date_gmt":"2023-12-21T16:39:41","guid":{"rendered":"https:\/\/noticiasribeiraopreto.com.br\/index.php\/2023\/12\/21\/zaraplast-abre-94-vagas-de-emprego-para-niveis-medio-e-superior-beneficios-como-cesta-basica-e-premios\/"},"modified":"2023-12-21T13:39:41","modified_gmt":"2023-12-21T16:39:41","slug":"zaraplast-abre-94-vagas-de-emprego-para-niveis-medio-e-superior-beneficios-como-cesta-basica-e-premios","status":"publish","type":"post","link":"https:\/\/noticiasribeiraopreto.com.br\/index.php\/2023\/12\/21\/zaraplast-abre-94-vagas-de-emprego-para-niveis-medio-e-superior-beneficios-como-cesta-basica-e-premios\/","title":{"rendered":"Zaraplast abre 94 vagas de emprego para n\u00edveis m\u00e9dio e superior, benef\u00edcios como cesta b\u00e1sica e pr\u00eamios"},"content":{"rendered":"<div class='code-block code-block-1' style='margin: 8px 0 8px auto; text-align: right; display: block; clear: both;'>\n<p><a href=\"https:\/\/wa.link\/vpicfd\"><img data-recalc-dims=\"1\" class=\"wp-image-4922\" style=\"aspect-ratio: 2.0253164556962027; width: 561px; height: auto;\" src=\"https:\/\/i0.wp.com\/ismaelcolosi.com.br\/wp-content\/uploads\/2023\/11\/grupo-de-empregos-whatsapp-e-facebook-ismael-colosi-vagas.jpg?ssl=1\" alt=\"\" \/><\/a><\/p>\n<!-- \/wp:image -->\n<\/div>\n<p> <br \/>\n<\/p>\n<div> <head><noscript\/><meta name=\"viewport\" content=\"width=0\"\/> <meta charset=\"UTF-8\"\/>  <link rel=\"profile\" href=\"http:\/\/gmpg.org\/xfn\/11\"\/>  <meta name=\"robots\" content=\"index, follow, max-image-preview:large, max-snippet:-1, max-video-preview:-1\"\/>  <title>Zaraplast abre 94 vagas de emprego para n\u00edveis m\u00e9dio e superior, benef\u00edcios como cesta b\u00e1sica e pr\u00eamios &#8211; Ismael Colosi<\/title> <link rel=\"canonical\" href=\"https:\/\/ismaelcolosi.com.br\/zaraplast-abre-94-vagas-de-emprego-para-niveis-medio-e-superior-beneficios-como-cesta-basica-e-premios\/\"\/> <meta property=\"og:locale\" content=\"pt_BR\"\/> <meta property=\"og:type\" content=\"article\"\/> <meta property=\"og:title\" content=\"Zaraplast abre 94 vagas de emprego para n\u00edveis m\u00e9dio e superior, benef\u00edcios como cesta b\u00e1sica e pr\u00eamios - Ismael Colosi\"\/> <meta property=\"og:description\" content=\"Foto: Divulga\u00e7\u00e3o\/Zaraplast Explore oportunidades de carreira na Zaraplast, l\u00edder em embalagens na Am\u00e9rica Latina, e fa\u00e7a parte de uma equipe\"\/> <meta property=\"og:url\" content=\"https:\/\/ismaelcolosi.com.br\/zaraplast-abre-94-vagas-de-emprego-para-niveis-medio-e-superior-beneficios-como-cesta-basica-e-premios\/\"\/> <meta property=\"og:site_name\" content=\"Ismael Colosi\"\/> <meta property=\"article:published_time\" content=\"2023-12-21T16:36:08+00:00\"\/> <meta property=\"og:image\" content=\"https:\/\/clickpetroleoegas.com.br\/wp-content\/uploads\/2023\/12\/Zaraplast-abre-94-vagas-de-emprego-para-niveis-medio-e-superior-beneficios-como-cesta-basica-e-premios-830x450.jpg\"\/> <meta name=\"author\" content=\"administrador\"\/> <meta name=\"twitter:card\" content=\"summary_large_image\"\/> <meta name=\"twitter:label1\" content=\"Escrito por\"\/> <meta name=\"twitter:data1\" content=\"administrador\"\/> <meta name=\"twitter:label2\" content=\"Est. tempo de leitura\"\/> <meta name=\"twitter:data2\" content=\"3 minutos\"\/>   <link rel=\"dns-prefetch\" href=\"https:\/\/mliq9rbhanfv.i.optimole.com\"\/> <link rel=\"dns-prefetch\" href=\"https:\/\/pagead2.googlesyndication.com\"\/> <link rel=\"preconnect\" href=\"https:\/\/mliq9rbhanfv.i.optimole.com\"\/> <link rel=\"alternate\" type=\"application\/rss+xml\" title=\"Feed para   Ismael Colosi \u00bb\" href=\"https:\/\/ismaelcolosi.com.br\/feed\/\"\/> <link rel=\"alternate\" type=\"application\/rss+xml\" title=\"Feed de coment\u00e1rios para   Ismael Colosi \u00bb\" href=\"https:\/\/ismaelcolosi.com.br\/comments\/feed\/\"\/> <link rel=\"alternate\" type=\"application\/rss+xml\" title=\"Feed de coment\u00e1rios para   Ismael Colosi \u00bb Zaraplast abre 94 vagas de emprego para n\u00edveis m\u00e9dio e superior, benef\u00edcios como cesta b\u00e1sica e pr\u00eamios\" href=\"https:\/\/ismaelcolosi.com.br\/zaraplast-abre-94-vagas-de-emprego-para-niveis-medio-e-superior-beneficios-como-cesta-basica-e-premios\/feed\/\"\/>   <link rel=\"stylesheet\" id=\"wp-block-library-css\" href=\"https:\/\/ismaelcolosi.com.br\/wp-includes\/css\/dist\/block-library\/style.min.css?ver=6.4.2\" type=\"text\/css\" media=\"print\" onload=\"this.media=\" all=\"\"\/><noscript><link rel=\"stylesheet\" id=\"wp-block-library-css\" href=\"https:\/\/ismaelcolosi.com.br\/wp-includes\/css\/dist\/block-library\/style.min.css?ver=6.4.2\" type=\"text\/css\" media=\"all\"\/><\/noscript>   <link rel=\"stylesheet\" href=\"https:\/\/ismaelcolosi.com.br\/s\/724a12.css\" media=\"print\" onload=\"this.media=\" all=\"\"\/><noscript><link rel=\"stylesheet\" href=\"https:\/\/ismaelcolosi.com.br\/s\/724a12.css\"\/><\/noscript> <link rel=\"stylesheet\" id=\"spab-front-end-style-css\" href=\"https:\/\/ismaelcolosi.com.br\/wp-content\/plugins\/social-pug-author-box\/assets\/css\/style-front-end.css?ver=6.4.2\" type=\"text\/css\" media=\"print\" onload=\"this.media=\" all=\"\"\/><noscript><link rel=\"stylesheet\" id=\"spab-front-end-style-css\" href=\"https:\/\/ismaelcolosi.com.br\/wp-content\/plugins\/social-pug-author-box\/assets\/css\/style-front-end.css?ver=6.4.2\" type=\"text\/css\" media=\"all\"\/><\/noscript> <link rel=\"stylesheet\" id=\"wp_automatic_gallery_style-css\" href=\"https:\/\/ismaelcolosi.com.br\/wp-content\/plugins\/wp-automatic\/css\/wp-automatic.css?ver=1.0.0\" type=\"text\/css\" media=\"print\" onload=\"this.media=\" all=\"\"\/><noscript><link rel=\"stylesheet\" id=\"wp_automatic_gallery_style-css\" href=\"https:\/\/ismaelcolosi.com.br\/wp-content\/plugins\/wp-automatic\/css\/wp-automatic.css?ver=1.0.0\" type=\"text\/css\" media=\"all\"\/><\/noscript> <link rel=\"stylesheet\" id=\"wpmaquina-css\" href=\"https:\/\/ismaelcolosi.com.br\/wp-content\/plugins\/wpmaquina\/public\/css\/wpmaquina-public.css?ver=1.0\" type=\"text\/css\" media=\"print\" onload=\"this.media=\" all=\"\"\/><noscript><link rel=\"stylesheet\" id=\"wpmaquina-css\" href=\"https:\/\/ismaelcolosi.com.br\/wp-content\/plugins\/wpmaquina\/public\/css\/wpmaquina-public.css?ver=1.0\" type=\"text\/css\" media=\"all\"\/><\/noscript> <link rel=\"stylesheet\" id=\"cmplz-general-css\" href=\"https:\/\/ismaelcolosi.com.br\/wp-content\/plugins\/complianz-gdpr\/assets\/css\/cookieblocker.min.css?ver=6.5.6\" type=\"text\/css\" media=\"print\" onload=\"this.media=\" all=\"\"\/><noscript><link rel=\"stylesheet\" id=\"cmplz-general-css\" href=\"https:\/\/ismaelcolosi.com.br\/wp-content\/plugins\/complianz-gdpr\/assets\/css\/cookieblocker.min.css?ver=6.5.6\" type=\"text\/css\" media=\"all\"\/><\/noscript> <link rel=\"stylesheet\" id=\"colormag_style-css\" href=\"https:\/\/ismaelcolosi.com.br\/wp-content\/themes\/colormag\/style.css?ver=3.0.9\" type=\"text\/css\" media=\"print\" onload=\"this.media=\" all=\"\"\/><noscript><link rel=\"stylesheet\" id=\"colormag_style-css\" href=\"https:\/\/ismaelcolosi.com.br\/wp-content\/themes\/colormag\/style.css?ver=3.0.9\" type=\"text\/css\" media=\"all\"\/><\/noscript>  <link rel=\"stylesheet\" id=\"colormag-fontawesome-css\" href=\"https:\/\/ismaelcolosi.com.br\/wp-content\/themes\/colormag\/assets\/library\/fontawesome\/css\/font-awesome.min.css?ver=3.0.9\" type=\"text\/css\" media=\"print\" onload=\"this.media=\" all=\"\"\/><noscript><link rel=\"stylesheet\" id=\"colormag-fontawesome-css\" href=\"https:\/\/ismaelcolosi.com.br\/wp-content\/themes\/colormag\/assets\/library\/fontawesome\/css\/font-awesome.min.css?ver=3.0.9\" type=\"text\/css\" media=\"all\"\/><\/noscript>        <link rel=\"https:\/\/api.w.org\/\" href=\"https:\/\/ismaelcolosi.com.br\/wp-json\/\"\/><link rel=\"alternate\" type=\"application\/json\" href=\"https:\/\/ismaelcolosi.com.br\/wp-json\/wp\/v2\/posts\/14509\"\/><link rel=\"EditURI\" type=\"application\/rsd+xml\" title=\"RSD\" href=\"https:\/\/ismaelcolosi.com.br\/xmlrpc.php?rsd\"\/> <meta name=\"generator\" content=\"WordPress 6.4.2\"\/> <link rel=\"shortlink\" href=\"https:\/\/ismaelcolosi.com.br\/?p=14509\"\/> <link rel=\"alternate\" type=\"application\/json+oembed\" href=\"https:\/\/ismaelcolosi.com.br\/wp-json\/oembed\/1.0\/embed?url=https%3A%2F%2Fismaelcolosi.com.br%2Fzaraplast-abre-94-vagas-de-emprego-para-niveis-medio-e-superior-beneficios-como-cesta-basica-e-premios%2F\"\/> <link rel=\"alternate\" type=\"text\/xml+oembed\" href=\"https:\/\/ismaelcolosi.com.br\/wp-json\/oembed\/1.0\/embed?url=https%3A%2F%2Fismaelcolosi.com.br%2Fzaraplast-abre-94-vagas-de-emprego-para-niveis-medio-e-superior-beneficios-como-cesta-basica-e-premios%2F&amp;format=xml\"\/>     <meta name=\"generator\" content=\"Site Kit by Google 1.116.0\"\/><link rel=\"alternate\" type=\"text\/html\" media=\"only screen and (max-width: 640px)\" href=\"https:\/\/ismaelcolosi.com.br\/zaraplast-abre-94-vagas-de-emprego-para-niveis-medio-e-superior-beneficios-como-cesta-basica-e-premios\/?amp=1\"\/><meta name=\"google-site-verification\" content=\"wdDWNNvFdK0Uq9firAHimyBy4bnZNpHgKUqny3AS9zc\"\/>  <meta name=\"google-adsense-platform-account\" content=\"ca-host-pub-2644536267352236\"\/> <meta name=\"google-adsense-platform-domain\" content=\"sitekit.withgoogle.com\"\/>  <link rel=\"amphtml\" href=\"https:\/\/ismaelcolosi.com.br\/zaraplast-abre-94-vagas-de-emprego-para-niveis-medio-e-superior-beneficios-como-cesta-basica-e-premios\/?amp=1\"\/><meta name=\"generator\" content=\"Optimole 3.12.0\"\/>      <link rel=\"icon\" href=\"https:\/\/mliq9rbhanfv.i.optimole.com\/w:32\/h:32\/q:mauto\/f:best\/https:\/\/ismaelcolosi.com.br\/wp-content\/uploads\/2023\/04\/cropped-ismael-colosi-foto-perfil-2.jpg\" sizes=\"32x32\"\/> <link rel=\"icon\" href=\"https:\/\/mliq9rbhanfv.i.optimole.com\/w:192\/h:192\/q:mauto\/f:best\/https:\/\/ismaelcolosi.com.br\/wp-content\/uploads\/2023\/04\/cropped-ismael-colosi-foto-perfil-2.jpg\" sizes=\"192x192\"\/> <link rel=\"apple-touch-icon\" href=\"https:\/\/mliq9rbhanfv.i.optimole.com\/w:180\/h:180\/q:mauto\/f:best\/https:\/\/ismaelcolosi.com.br\/wp-content\/uploads\/2023\/04\/cropped-ismael-colosi-foto-perfil-2.jpg\"\/> <meta name=\"msapplication-TileImage\" content=\"https:\/\/mliq9rbhanfv.i.optimole.com\/w:270\/h:270\/q:mauto\/f:best\/https:\/\/ismaelcolosi.com.br\/wp-content\/uploads\/2023\/04\/cropped-ismael-colosi-foto-perfil-2.jpg\"\/>   <\/head> <body data-cmplz=\"1\" class=\"post-template-default single single-post postid-14509 single-format-standard wp-custom-logo wp-embed-responsive cm-header-layout-1 adv-style-1  wide aa-prefix-ismae-\" id=\"wp_automatic_ReadabilityBody\"> <\/p>\n<div id=\"page\" class=\"hfeed site\"> <a class=\"skip-link screen-reader-text\" href=\"#main\">Pular para o conte\u00fado<\/a>  <\/p>\n<div id=\"cm-content\" class=\"cm-content\">\n<div class=\"cm-container\">\n<div class=\"cm-row\">\n<div id=\"cm-primary\" class=\"cm-primary\">\n<div class=\"cm-posts\">\n<article id=\"post-14509\" class=\"post-14509 post type-post status-publish format-standard has-post-thumbnail hentry category-emprego\">\n<div class=\"cm-featured-image\"> <img data-recalc-dims=\"1\" width=\"800\" height=\"445\" src=\"https:\/\/i0.wp.com\/mliq9rbhanfv.i.optimole.com\/w%3A800\/h%3A445\/q%3Amauto\/rt%3Afill\/g%3Ace\/f%3Abest\/https%3A\/\/ismaelcolosi.com.br\/wp-content\/uploads\/2023\/12\/Zaraplast-abre-94-vagas-de-emprego-para-niveis-medio-e-superior-beneficios-como-cesta-basica-e-premios.jpg?resize=800%2C445&#038;ssl=1\" class=\"attachment-colormag-featured-image size-colormag-featured-image wp-post-image lazy\" alt=\"\" decoding=\"async\" loading=\"lazy\"\/><noscript><img data-recalc-dims=\"1\" loading=\"lazy\" width=\"800\" height=\"445\" src=\"https:\/\/i0.wp.com\/mliq9rbhanfv.i.optimole.com\/w%3A800\/h%3A445\/q%3Amauto\/rt%3Afill\/g%3Ace\/f%3Abest\/https%3A\/\/ismaelcolosi.com.br\/wp-content\/uploads\/2023\/12\/Zaraplast-abre-94-vagas-de-emprego-para-niveis-medio-e-superior-beneficios-como-cesta-basica-e-premios.jpg?resize=800%2C445&#038;ssl=1\" class=\"attachment-colormag-featured-image size-colormag-featured-image wp-post-image\" alt=\"\" decoding=\"async\"\/><\/noscript> <\/div>\n<div class=\"cm-post-content\">\n<div class=\"cm-entry-summary\">\n<div>\n<figure><picture><source srcset=\"https:\/\/clickpetroleoegas.com.br\/wp-content\/uploads\/2023\/12\/Zaraplast-abre-94-vagas-de-emprego-para-niveis-medio-e-superior-beneficios-como-cesta-basica-e-premios-830x450.jpg.webp\" type=\"image\/webp\"><img data-recalc-dims=\"1\" loading=\"lazy\" width=\"830\" height=\"450\" src=\"https:\/\/i0.wp.com\/clickpetroleoegas.com.br\/wp-content\/uploads\/2023\/12\/Zaraplast-abre-94-vagas-de-emprego-para-niveis-medio-e-superior-beneficios-como-cesta-basica-e-premios-830x450.jpg?resize=830%2C450&#038;ssl=1\" class=\"fdnw-post-thumbnail fdnw-first-card-thumbnail wp-post-image\" alt=\"Zaraplast abre 94 vagas de emprego para n\u00edveis m\u00e9dio e superior, benef\u00edcios como cesta b\u00e1sica e pr\u00eamios\" decoding=\"async\" data-eio=\"p\"\/><\/source><\/picture><figcaption class=\"fdnw-image-caption\">Foto: Divulga\u00e7\u00e3o\/Zaraplast<\/figcaption><\/figure>\n<h2 class=\"wp-block-heading\" id=\"h-explore-oportunidades-de-carreira-na-zaraplast-lider-em-embalagens-na-america-latina-e-faca-parte-de-uma-equipe-que-valoriza-qualidade-e-inovacao\">Explore oportunidades de carreira na Zaraplast, l\u00edder em embalagens na Am\u00e9rica Latina, e fa\u00e7a parte de uma equipe que valoriza qualidade e inova\u00e7\u00e3o.<\/h2>\n<p>A Zaraplast, um dos maiores provedores de embalagens de alta qualidade da Am\u00e9rica Latina, est\u00e1 expandindo sua equipe. Com um forte compromisso com a seguran\u00e7a do produto e oferecendo excelente custo-benef\u00edcio aos clientes, a Zaraplast se destaca por sua inova\u00e7\u00e3o, sustentabilidade e excel\u00eancia em gest\u00e3o empresarial. Se voc\u00ea busca uma carreira em uma empresa que \u00e9 reconhecida por seus colaboradores como um excelente local para trabalhar, confira as vagas de emprego na Zaraplast.<\/p>\n<h2 class=\"wp-block-heading\" id=\"h-lista-de-vagas\">Lista de vagas<\/h2>\n<ul>\n<li>Abastecedor (Limeira \u2013 SP)<\/li>\n<li>Ajudante de Embalagem (Cabre\u00fava \u2013 SP)<\/li>\n<li>Ajudante de Galvano (Cabre\u00fava \u2013 SP)<\/li>\n<li>Ajudante de Prepara\u00e7\u00e3o (S\u00e3o Paulo \u2013 SP)<\/li>\n<li>Ajudante de Prepara\u00e7\u00e3o de Servi\u00e7os (Cabre\u00fava \u2013 SP)<\/li>\n<li>Ajudante de Produ\u00e7\u00e3o (Guarulhos \u2013 SP)<\/li>\n<li>Ajudante de Produ\u00e7\u00e3o (Santa B\u00e1rbara d\u2019Oeste \u2013 SP)<\/li>\n<li>Ajudante de Produ\u00e7\u00e3o Guarulhos (Guarulhos \u2013 SP)<\/li>\n<li>Ajudante de Produ\u00e7\u00e3o \u2013 LMR (Limeira \u2013 SP)<\/li>\n<li>Ajudante de Tecelagem de Bag (Guarulhos \u2013 SP)<\/li>\n<li>Analista Adm Vendas JR (S\u00e3o Paulo \u2013 SP)<\/li>\n<li>ANALISTA DE PCP PL (Cabre\u00fava \u2013 SP)<\/li>\n<li>Analista de Recursos Humanos Senior (Santa B\u00e1rbara d\u2019Oeste \u2013 SP)<\/li>\n<li>Analista de RH (Cabre\u00fava \u2013 SP)<\/li>\n<li>ANALISTA DE SISTEMA DA QUALIDADE (Santa B\u00e1rbara d\u2019Oeste \u2013 SP)<\/li>\n<li>ANALISTA EM DESENVOLVIMENTO DE PRODUTO TRAINEE (Cabre\u00fava \u2013 SP)<\/li>\n<li>Analista Engenharia (Limeira \u2013 SP)<\/li>\n<li>Analista Log\u00edstica JR. (S\u00e3o Paulo \u2013 SP)<\/li>\n<li>Analista Log\u00edstica PL. (S\u00e3o Paulo \u2013 SP)<\/li>\n<li>Analista Log\u00edstica SR. (S\u00e3o Paulo \u2013 SP)<\/li>\n<li>ANALISTA PCP (S\u00e3o Paulo \u2013 SP)<\/li>\n<li>ANALISTA TI (S\u00e3o Paulo \u2013 SP)<\/li>\n<li>(Aprendiz) Operador Logistico (Santa B\u00e1rbara d\u2019Oeste \u2013 SP)<\/li>\n<li>Assistente de almoxarifado (Santa B\u00e1rbara d\u2019Oeste \u2013 SP)<\/li>\n<li>Assistente de Almoxarifado- SBO (Santa B\u00e1rbara d\u2019Oeste \u2013 SP)<\/li>\n<li>Assistente de Recursos Humanos (Guarulhos \u2013 SP)<\/li>\n<li>Assistente Log\u00edstica (S\u00e3o Paulo \u2013 SP)<\/li>\n<li>Auditor de Qualidade Junior (Cabre\u00fava \u2013 SP)<\/li>\n<\/ul>\n<p>Acesse abaixo e confira a lista completa com as demais vagas.<\/p>\n<p> <span class=\"fdnw-card-article-related\"> <span class=\"h4 fdnw-card-article-related-title\">Artigos recomendados<\/span> <\/span> <\/p>\n<h2 class=\"wp-block-heading\" id=\"h-como-se-candidatar\">Como se candidatar<\/h2>\n<h3 class=\"wp-block-heading\" id=\"h-se-inscreva-aqui\"><a href=\"https:\/\/zaraplast.gupy.io\/\" class=\"external\" rel=\"nofollow noopener\" target=\"_blank\">SE INSCREVA AQUI<\/a><\/h3>\n<p>Candidatos interessados em <a href=\"https:\/\/clickpetroleoegas.com.br\/vivara-abre-novas-vagas-de-emprego-empresa-oferece-quase-200-oportunidades-de-integracao-ao-mercado-de-trabalho\/\">aproveitar essas oportunidades<\/a> na Zaraplast devem acessar o site de carreiras da empresa e se inscrever nas vagas desejadas. O processo seletivo busca profissionais dedicados e inovadores para integrar uma equipe din\u00e2mica e em constante evolu\u00e7\u00e3o.<\/p>\n<h2 class=\"wp-block-heading\" id=\"h-beneficios-oferecidos\">Benef\u00edcios oferecidos<\/h2>\n<ul>\n<li>Cesta B\u00e1sica<\/li>\n<li>Vale-Transporte<\/li>\n<li>Conv\u00eanio Odontol\u00f3gico<\/li>\n<li>Conv\u00eanio Sesi<\/li>\n<li>Conv\u00eanio Drogaria S\u00e3o Paulo<\/li>\n<li>Pr\u00eamio por absente\u00edsmo<\/li>\n<li>Pr\u00eamio fixo de R$50,00 por m\u00eas.<\/li>\n<\/ul>\n<h2 class=\"wp-block-heading\" id=\"h-sobre-a-zaraplast\">Sobre a Zaraplast<\/h2>\n<p>A Zaraplast \u00e9 uma empresa l\u00edder em embalagens na <a href=\"https:\/\/clickpetroleoegas.com.br\/yachthouse-by-pininfarina-o-maior-residencial-da-america-latina-em-balneario-camboriu-que-atraiu-neymar-jr\/\">Am\u00e9rica Latina<\/a>, conhecida pela qualidade e inova\u00e7\u00e3o dos seus produtos. A empresa busca constantemente profissionais que compartilham de seu compromisso com a excel\u00eancia e a sustentabilidade, visando oferecer as melhores solu\u00e7\u00f5es em embalagens aos seus clientes.<\/p>\n<p>As <strong>vagas de emprego na Zaraplast<\/strong> representam uma excelente oportunidade para profissionais que desejam atuar em uma empresa inovadora e em constante crescimento. Com um ambiente que valoriza a excel\u00eancia e a inova\u00e7\u00e3o, a Zaraplast \u00e9 o lugar ideal para quem busca desafios e desenvolvimento profissional. N\u00e3o perca esta chance de fazer parte de uma equipe vencedora!<\/p>\n<div class=\"code-block code-block-10\" style=\"margin: 8px auto; text-align: center; display: block; clear: both;\">\n<hr class=\"wp-block-separator has-alpha-channel-opacity is-style-wide\"\/>\n<p>Voc\u00ea quer receber apenas not\u00edcias e vagas de emprego do seu interesse? A solu\u00e7\u00e3o chegou atrav\u00e9s do app <a href=\"https:\/\/play.google.com\/store\/apps\/details?id=com.clickpetroleoapp&amp;hl=pt&amp;gl=US\" class=\"external\" rel=\"nofollow noopener\" target=\"_blank\"><strong>CPG VAGAS E NOT\u00cdCIAS!<\/strong><\/a> Se voc\u00ea \u00e9 pintor, vai receber no seu celular apenas oportunidades neste cargo. E ser\u00e1 assim com pedreiro, t\u00e9cnico, engenheiro e etc\u2026.. N\u00e3o perca nada do que acontece no mercado de trabalho e econ\u00f4mico do Brasil, baixe agora o app <a href=\"https:\/\/play.google.com\/store\/apps\/details?id=com.clickpetroleoapp&amp;hl=pt&amp;gl=US\" class=\"external\" rel=\"nofollow noopener\" target=\"_blank\">CPG VAGAS E NOT\u00cdCIAS, dispon\u00edvel para Android e IOS!<\/a><\/p>\n<figure class=\"wp-block-image aligncenter size-full\"><a href=\"https:\/\/play.google.com\/store\/apps\/details?id=com.clickpetroleoapp&amp;hl=pt&amp;gl=US\" target=\"_blank\" rel=\"noreferrer noopener nofollow\" class=\"external\"><picture><source srcset=\"https:\/\/clickpetroleoegas.com.br\/wp-content\/uploads\/2023\/09\/Aplicativo-de-vagas-de-empregos-e-noticias-da-sua-regiao.jpg.webp\" type=\"image\/webp\"><img data-recalc-dims=\"1\" decoding=\"async\" src=\"https:\/\/i0.wp.com\/clickpetroleoegas.com.br\/wp-content\/uploads\/2023\/09\/Aplicativo-de-vagas-de-empregos-e-noticias-da-sua-regiao.jpg?ssl=1\" alt=\"APP CPG VAGAS E NOT\u00cdCIAS\" class=\"wp-image-105306\" data-eio=\"p\"\/><\/source><\/picture><\/a><\/figure>\n<\/p><\/div>\n<\/p><\/div>\n<p><a href=\"https:\/\/clickpetroleoegas.com.br\/zaraplast-abre-94-vagas-de-emprego-para-niveis-medio-e-superior-beneficios-como-cesta-basica-e-premios\/\">Source link <\/a><\/p>\n<\/p><\/div>\n<\/p><\/div>\n<\/article><\/div>\n<ul class=\"default-wp-page\">\n<li class=\"previous\"><a href=\"https:\/\/ismaelcolosi.com.br\/retificacao-reduz-numero-de-vagas-saiba-mais\/\" rel=\"prev\"><span class=\"meta-nav\"><svg xmlns=\"http:\/\/www.w3.org\/2000\/svg\" class=\"cm-icon cm-icon--arrow-left-long\" viewbox=\"0 0 24 24\"><path d=\"M2 12.38a1 1 0 0 1 0-.76.91.91 0 0 1 .22-.33L6.52 7a1 1 0 0 1 1.42 0 1 1 0 0 1 0 1.41L5.36 11H21a1 1 0 0 1 0 2H5.36l2.58 2.58a1 1 0 0 1 0 1.41 1 1 0 0 1-.71.3 1 1 0 0 1-.71-.3l-4.28-4.28a.91.91 0 0 1-.24-.33Z\"\/><\/svg><\/span> retifica\u00e7\u00e3o reduz n\u00famero de vagas; saiba mais<\/a><\/li>\n<li class=\"next\"\/> <\/ul><\/div>\n<\/p><\/div>\n<\/p><\/div>\n<\/p><\/div>\n<p>  <a href=\"#cm-masthead\" id=\"scroll-up\"><i class=\"fa fa-chevron-up\"\/><\/a> <\/div>\n<div id=\"cmplz-cookiebanner-container\">\n<div class=\"cmplz-cookiebanner cmplz-hidden banner-1 optin cmplz-bottom-right cmplz-categories-type-view-preferences\" aria-modal=\"true\" data-nosnippet=\"true\" role=\"dialog\" aria-live=\"polite\" aria-labelledby=\"cmplz-header-1-optin\" aria-describedby=\"cmplz-message-1-optin\">\n<div class=\"cmplz-body\">\n<p>Para fornecer as melhores experi\u00eancias, usamos tecnologias como cookies para armazenar e\/ou acessar informa\u00e7\u00f5es do dispositivo. O consentimento para essas tecnologias nos permitir\u00e1 processar dados como comportamento de navega\u00e7\u00e3o ou IDs exclusivos neste site. N\u00e3o consentir ou retirar o consentimento pode afetar negativamente certos recursos e fun\u00e7\u00f5es.<\/p>\n<div class=\"cmplz-categories\">\n<details class=\"cmplz-category cmplz-functional\">\n<summary>  <\/summary>\n<p> <span class=\"cmplz-description-functional\">O armazenamento ou acesso t\u00e9cnico \u00e9 estritamente necess\u00e1rio para a finalidade leg\u00edtima de permitir a utiliza\u00e7\u00e3o de um servi\u00e7o espec\u00edfico explicitamente solicitado pelo assinante ou utilizador, ou com a finalidade exclusiva de efetuar a transmiss\u00e3o de uma comunica\u00e7\u00e3o atrav\u00e9s de uma rede de comunica\u00e7\u00f5es eletr\u00f3nicas.<\/span> <\/p>\n<\/details>\n<details class=\"cmplz-category cmplz-preferences\">\n<summary>  <\/summary>\n<p> <span class=\"cmplz-description-preferences\">O armazenamento ou acesso t\u00e9cnico \u00e9 necess\u00e1rio para o prop\u00f3sito leg\u00edtimo de armazenar prefer\u00eancias que n\u00e3o s\u00e3o solicitadas pelo assinante ou usu\u00e1rio.<\/span> <\/p>\n<\/details>\n<details class=\"cmplz-category cmplz-statistics\">\n<summary>  <\/summary>\n<p> <span class=\"cmplz-description-statistics\">O armazenamento ou acesso t\u00e9cnico que \u00e9 usado exclusivamente para fins estat\u00edsticos.<\/span> <span class=\"cmplz-description-statistics-anonymous\">O armazenamento t\u00e9cnico ou acesso que \u00e9 usado exclusivamente para fins estat\u00edsticos an\u00f4nimos. Sem uma intima\u00e7\u00e3o, conformidade volunt\u00e1ria por parte de seu provedor de servi\u00e7os de Internet ou registros adicionais de terceiros, as informa\u00e7\u00f5es armazenadas ou recuperadas apenas para esse fim geralmente n\u00e3o podem ser usadas para identific\u00e1-lo.<\/span> <\/p>\n<\/details>\n<details class=\"cmplz-category cmplz-marketing\">\n<summary>  <\/summary>\n<p> <span class=\"cmplz-description-marketing\">O armazenamento ou acesso t\u00e9cnico \u00e9 necess\u00e1rio para criar perfis de usu\u00e1rio para enviar publicidade ou para rastrear o usu\u00e1rio em um site ou em v\u00e1rios sites para fins de marketing semelhantes.<\/span> <\/p>\n<\/details><\/div>\n<\/p><\/div>\n<\/p><\/div>\n<\/p><\/div>\n<p><button class=\"cmplz-btn cmplz-hidden cmplz-manage-consent manage-consent-1\">Gerenciar o consentimento<\/button> <\/p>\n<p>             <\/body> <\/div>\n<p><script type=\"text\/plain\" data-service=\"facebook\" data-category=\"marketing\">\n!function(f,b,e,v,n,t,s)\n{if(f.fbq)return;n=f.fbq=function(){n.callMethod?\nn.callMethod.apply(n,arguments):n.queue.push(arguments)};\nif(!f._fbq)f._fbq=n;n.push=n;n.loaded=!0;n.version='2.0';\nn.queue=[];t=b.createElement(e);t.async=!0;\nt.src=v;s=b.getElementsByTagName(e)[0];\ns.parentNode.insertBefore(t,s)}(window, document,'script',\n'https:\/\/connect.facebook.net\/en_US\/fbevents.js');\nfbq('init', '5536651029690406');\nfbq('track', 'PageView');\n<\/script><script type=\"text\/plain\" data-service=\"facebook\" data-category=\"marketing\" async defer crossorigin=\"anonymous\" data-cmplz-src=\"https:\/\/connect.facebook.net\/en_US\/sdk.js#xfbml=1&#038;version=v12.0&amp;appId=1127332727839552&#038;autoLogAppEvents=1\">\n<\/script><br \/>\n<br \/><br \/>\n<br \/><a href=\"https:\/\/ismaelcolosi.com.br\/zaraplast-abre-94-vagas-de-emprego-para-niveis-medio-e-superior-beneficios-como-cesta-basica-e-premios\/\">Source link <\/a><\/p>\n<!-- CONTENT END 1 -->\n","protected":false},"excerpt":{"rendered":"<p>Zaraplast abre 94 vagas de emprego para n\u00edveis m\u00e9dio e superior, benef\u00edcios como cesta b\u00e1sica e pr\u00eamios &#8211; Ismael Colosi Pular para o conte\u00fado Foto:&#8230;<\/p>\n","protected":false},"author":1,"featured_media":18985,"comment_status":"open","ping_status":"open","sticky":false,"template":"","format":"standard","meta":{"advanced_seo_description":"","jetpack_seo_html_title":"","jetpack_seo_noindex":false,"jetpack_post_was_ever_published":false,"_jetpack_newsletter_access":"","_jetpack_dont_email_post_to_subs":false,"_jetpack_newsletter_tier_id":0,"_jetpack_memberships_contains_paywalled_content":false,"_jetpack_memberships_contains_paid_content":false,"footnotes":"","jetpack_publicize_message":"","jetpack_publicize_feature_enabled":true,"jetpack_social_post_already_shared":true,"jetpack_social_options":{"image_generator_settings":{"template":"highway","default_image_id":0,"font":"","enabled":false},"version":2}},"categories":[7],"tags":[],"class_list":["post-18984","post","type-post","status-publish","format-standard","has-post-thumbnail","hentry","category-vagas-de-empregos-em-ribeirao-preto-regiao-brasil"],"jetpack_publicize_connections":[],"jetpack_featured_media_url":"https:\/\/i0.wp.com\/noticiasribeiraopreto.com.br\/wp-content\/uploads\/2023\/12\/Zaraplast-abre-94-vagas-de-emprego-para-niveis-medio-e-superior-beneficios-como-cesta-basica-e-premios-830x450.jpg?fit=830%2C450&ssl=1","jetpack-related-posts":[{"id":18345,"url":"https:\/\/noticiasribeiraopreto.com.br\/index.php\/2023\/12\/20\/pagando-r-10-700-imebl-abre-concurso-com-vagas-de-emprego-para-cargos-de-niveis-fundamental-medio-e-superior\/","url_meta":{"origin":18984,"position":0},"title":"Pagando R$ 10.700, Imebl abre concurso com vagas de emprego para cargos de n\u00edveis fundamental, m\u00e9dio e superior","author":"noticiasribeiraopreto.com.br","date":"20 de December de 2023","format":false,"excerpt":"Foto: Reprodu\u00e7\u00e3o Gran Cursos Segundo o site Folha Dirigida, a t\u00e3o aguardada oportunidade de ingressar na Ind\u00fastria de Material B\u00e9lico do Brasil (Imbel) finalmente chegou! O edital do concurso foi publicado, abrindo as portas para uma variedade de vagas, cargos e sal\u00e1rios atrativos, que podem chegar a R$10.838,67. Se voc\u00ea\u2026","rel":"","context":"In &quot;Vagas de Emprego em Ribeir\u00e3o Preto-SP&quot;","block_context":{"text":"Vagas de Emprego em Ribeir\u00e3o Preto-SP","link":"https:\/\/noticiasribeiraopreto.com.br\/index.php\/category\/empregos-classificados-vagas-trabalho\/vagas-de-empregos-em-ribeirao-preto-regiao-brasil\/"},"img":{"alt_text":"","src":"https:\/\/i0.wp.com\/noticiasribeiraopreto.com.br\/wp-content\/uploads\/2023\/12\/essaaa-830x450.jpg?fit=830%2C450&ssl=1&resize=350%2C200","width":350,"height":200,"srcset":"https:\/\/i0.wp.com\/noticiasribeiraopreto.com.br\/wp-content\/uploads\/2023\/12\/essaaa-830x450.jpg?fit=830%2C450&ssl=1&resize=350%2C200 1x, https:\/\/i0.wp.com\/noticiasribeiraopreto.com.br\/wp-content\/uploads\/2023\/12\/essaaa-830x450.jpg?fit=830%2C450&ssl=1&resize=525%2C300 1.5x, https:\/\/i0.wp.com\/noticiasribeiraopreto.com.br\/wp-content\/uploads\/2023\/12\/essaaa-830x450.jpg?fit=830%2C450&ssl=1&resize=700%2C400 2x"},"classes":[]},{"id":15219,"url":"https:\/\/noticiasribeiraopreto.com.br\/index.php\/2023\/12\/13\/caern-abre-concurso-publico-com-693-vagas-para-niveis-tecnico-e-superior\/","url_meta":{"origin":18984,"position":1},"title":"CAERN abre concurso p\u00fablico com 693 vagas para n\u00edveis t\u00e9cnico e superior","author":"noticiasribeiraopreto.com.br","date":"13 de December de 2023","format":false,"excerpt":"Cr\u00e9ditos: IStockCAERN abre Concurso P\u00fablico A Companhia de \u00c1guas e Esgotos do Rio Grande do Norte (CAERN) anunciou o edital de n\u00famero 01\/2023 para o seu novo concurso p\u00fablico, disponibilizando um total de 693 vagas. Dessas, 33 s\u00e3o vagas imediatas, enquanto 660 destinam-se \u00e0 forma\u00e7\u00e3o de cadastro reserva, contemplando profissionais\u2026","rel":"","context":"In &quot;Variedades&quot;","block_context":{"text":"Variedades","link":"https:\/\/noticiasribeiraopreto.com.br\/index.php\/category\/variedades\/"},"img":{"alt_text":"","src":"https:\/\/i0.wp.com\/noticiasribeiraopreto.com.br\/wp-content\/uploads\/2023\/12\/istock-871569792.jpg?fit=1200%2C638&ssl=1&resize=350%2C200","width":350,"height":200,"srcset":"https:\/\/i0.wp.com\/noticiasribeiraopreto.com.br\/wp-content\/uploads\/2023\/12\/istock-871569792.jpg?fit=1200%2C638&ssl=1&resize=350%2C200 1x, https:\/\/i0.wp.com\/noticiasribeiraopreto.com.br\/wp-content\/uploads\/2023\/12\/istock-871569792.jpg?fit=1200%2C638&ssl=1&resize=525%2C300 1.5x, https:\/\/i0.wp.com\/noticiasribeiraopreto.com.br\/wp-content\/uploads\/2023\/12\/istock-871569792.jpg?fit=1200%2C638&ssl=1&resize=700%2C400 2x, https:\/\/i0.wp.com\/noticiasribeiraopreto.com.br\/wp-content\/uploads\/2023\/12\/istock-871569792.jpg?fit=1200%2C638&ssl=1&resize=1050%2C600 3x"},"classes":[]},{"id":16655,"url":"https:\/\/noticiasribeiraopreto.com.br\/index.php\/2023\/12\/16\/bb-seguridade-abre-10-vagas-de-emprego-em-sao-paulo-e-franca-2\/","url_meta":{"origin":18984,"position":2},"title":"BB Seguridade abre 10 vagas de emprego em S\u00e3o Paulo e Franca","author":"noticiasribeiraopreto.com.br","date":"16 de December de 2023","format":false,"excerpt":"Voc\u00ea est\u00e1 em busca de uma oportunidade de emprego em uma empresa que valoriza o seu talento e o seu bem-estar? Ent\u00e3o, confira esta not\u00edcia: a BB Seguridade, uma empresa BB Seguros, holding que concentra os neg\u00f3cios de seguridade do Banco do Brasil, est\u00e1 com 10 vagas de emprego dispon\u00edveis\u2026","rel":"","context":"In &quot;Vagas de Emprego em Ribeir\u00e3o Preto-SP&quot;","block_context":{"text":"Vagas de Emprego em Ribeir\u00e3o Preto-SP","link":"https:\/\/noticiasribeiraopreto.com.br\/index.php\/category\/empregos-classificados-vagas-trabalho\/vagas-de-empregos-em-ribeirao-preto-regiao-brasil\/"},"img":{"alt_text":"","src":"https:\/\/i0.wp.com\/noticiasribeiraopreto.com.br\/wp-content\/uploads\/2023\/12\/banco_do_brasil_bb__-_divulgacaojc_concursos.jpg?fit=1200%2C675&ssl=1&resize=350%2C200","width":350,"height":200,"srcset":"https:\/\/i0.wp.com\/noticiasribeiraopreto.com.br\/wp-content\/uploads\/2023\/12\/banco_do_brasil_bb__-_divulgacaojc_concursos.jpg?fit=1200%2C675&ssl=1&resize=350%2C200 1x, https:\/\/i0.wp.com\/noticiasribeiraopreto.com.br\/wp-content\/uploads\/2023\/12\/banco_do_brasil_bb__-_divulgacaojc_concursos.jpg?fit=1200%2C675&ssl=1&resize=525%2C300 1.5x, https:\/\/i0.wp.com\/noticiasribeiraopreto.com.br\/wp-content\/uploads\/2023\/12\/banco_do_brasil_bb__-_divulgacaojc_concursos.jpg?fit=1200%2C675&ssl=1&resize=700%2C400 2x, https:\/\/i0.wp.com\/noticiasribeiraopreto.com.br\/wp-content\/uploads\/2023\/12\/banco_do_brasil_bb__-_divulgacaojc_concursos.jpg?fit=1200%2C675&ssl=1&resize=1050%2C600 3x"},"classes":[]},{"id":37212,"url":"https:\/\/noticiasribeiraopreto.com.br\/index.php\/2024\/02\/14\/concurso-do-cras-2024-edital-com-vagas-de-niveis-medio-e-superior-e-salario-de-ate-5-mil-por-mes-vai-sair-em-2024\/","url_meta":{"origin":18984,"position":3},"title":"Concurso do CRAS 2024: Edital com vagas de N\u00edveis M\u00e9dio e Superior e sal\u00e1rio de at\u00e9 5 MIL POR M\u00caS vai sair em 2024?","author":"noticiasribeiraopreto.com.br","date":"14 de February de 2024","format":false,"excerpt":"Home Office Home Office: InBetta abre vagas para TRABALHAR DE CASA no cargo de Auxiliar de Vendas Home Office O Botic\u00e1rio anuncia vaga 100% HOME OFFICE para Assistente Opera\u00e7\u00e3o com In\u00edcio imediato Home Office Atlas Technologies abriu vagas HOME OFFICE para TRABALHAR DE CASA no cargo de Assistente de Sucesso\u2026","rel":"","context":"In &quot;Vagas de Emprego Remoto - Home Office&quot;","block_context":{"text":"Vagas de Emprego Remoto - Home Office","link":"https:\/\/noticiasribeiraopreto.com.br\/index.php\/category\/empregos-classificados-vagas-trabalho\/vagas-de-empregos-em-ribeirao-preto-regiao-brasil\/vagas-de-emprego-para-trabalhar-de-casa-home-office-remoto\/"},"img":{"alt_text":"","src":"https:\/\/i0.wp.com\/noticiasribeiraopreto.com.br\/wp-content\/uploads\/2024\/02\/CRAS-2024-VAGAS-761x492.webp?fit=761%2C492&ssl=1&resize=350%2C200","width":350,"height":200,"srcset":"https:\/\/i0.wp.com\/noticiasribeiraopreto.com.br\/wp-content\/uploads\/2024\/02\/CRAS-2024-VAGAS-761x492.webp?fit=761%2C492&ssl=1&resize=350%2C200 1x, https:\/\/i0.wp.com\/noticiasribeiraopreto.com.br\/wp-content\/uploads\/2024\/02\/CRAS-2024-VAGAS-761x492.webp?fit=761%2C492&ssl=1&resize=525%2C300 1.5x, https:\/\/i0.wp.com\/noticiasribeiraopreto.com.br\/wp-content\/uploads\/2024\/02\/CRAS-2024-VAGAS-761x492.webp?fit=761%2C492&ssl=1&resize=700%2C400 2x"},"classes":[]},{"id":34404,"url":"https:\/\/noticiasribeiraopreto.com.br\/index.php\/2024\/02\/01\/bnb-abre-inscricoes-para-concurso-nesta-sexta-feira\/","url_meta":{"origin":18984,"position":4},"title":"BNB abre inscri\u00e7\u00f5es para concurso nesta sexta-feira","author":"noticiasribeiraopreto.com.br","date":"1 de February de 2024","format":false,"excerpt":"Ag\u00eancia Brasili Ag\u00eancia Brasil 01\/02\/2024 - 12:25 O Banco do Nordeste do Brasil (BNB) come\u00e7ar\u00e1 nesta sexta-feira (2) a receber inscri\u00e7\u00f5es para o concurso p\u00fablico de n\u00edvel m\u00e9dio que oferece 710 vagas para o cargo de analista banc\u00e1rio.As inscri\u00e7\u00f5es podem ser feitas a partir das 10h, no site da Funda\u00e7\u00e3o\u2026","rel":"","context":"In &quot;Vagas de Emprego em Ribeir\u00e3o Preto-SP&quot;","block_context":{"text":"Vagas de Emprego em Ribeir\u00e3o Preto-SP","link":"https:\/\/noticiasribeiraopreto.com.br\/index.php\/category\/empregos-classificados-vagas-trabalho\/vagas-de-empregos-em-ribeirao-preto-regiao-brasil\/"},"img":{"alt_text":"","src":"https:\/\/i0.wp.com\/noticiasribeiraopreto.com.br\/wp-content\/uploads\/2024\/02\/unnamed-5.jpg?fit=960%2C640&ssl=1&resize=350%2C200","width":350,"height":200,"srcset":"https:\/\/i0.wp.com\/noticiasribeiraopreto.com.br\/wp-content\/uploads\/2024\/02\/unnamed-5.jpg?fit=960%2C640&ssl=1&resize=350%2C200 1x, https:\/\/i0.wp.com\/noticiasribeiraopreto.com.br\/wp-content\/uploads\/2024\/02\/unnamed-5.jpg?fit=960%2C640&ssl=1&resize=525%2C300 1.5x, https:\/\/i0.wp.com\/noticiasribeiraopreto.com.br\/wp-content\/uploads\/2024\/02\/unnamed-5.jpg?fit=960%2C640&ssl=1&resize=700%2C400 2x"},"classes":[]},{"id":50540,"url":"https:\/\/noticiasribeiraopreto.com.br\/index.php\/2024\/05\/16\/correios-anuncia-concurso-2024-vagas-para-nivel-medio-e-superior-com-beneficios-revelados-saiba-mais\/","url_meta":{"origin":18984,"position":5},"title":"Correios anuncia Concurso 2024: Vagas para n\u00edvel m\u00e9dio e superior com benef\u00edcios revelados; Saiba mais","author":"noticiasribeiraopreto.com.br","date":"16 de May de 2024","format":false,"excerpt":"Ap\u00f3s 13 anos sem vagas de destaque, os Correios do Brasil finalmente anunciaram um novo concurso p\u00fablico. O evento, muito aguardado por muitos que desejam ingressar no servi\u00e7o p\u00fablico, promete oferecer diferentes vagas em diferentes n\u00edveis de ensino e revitalizar o quadro de funcion\u00e1rios dessa importante institui\u00e7\u00e3o brasileira. Qual a\u2026","rel":"","context":"In &quot;Empregos - Classificados&quot;","block_context":{"text":"Empregos - Classificados","link":"https:\/\/noticiasribeiraopreto.com.br\/index.php\/category\/empregos-classificados-vagas-trabalho\/"},"img":{"alt_text":"","src":"https:\/\/i0.wp.com\/noticiasribeiraopreto.com.br\/wp-content\/uploads\/2024\/05\/www.Redebrasilnews.com_.br_.webp.webp?fit=1200%2C630&ssl=1&resize=350%2C200","width":350,"height":200,"srcset":"https:\/\/i0.wp.com\/noticiasribeiraopreto.com.br\/wp-content\/uploads\/2024\/05\/www.Redebrasilnews.com_.br_.webp.webp?fit=1200%2C630&ssl=1&resize=350%2C200 1x, https:\/\/i0.wp.com\/noticiasribeiraopreto.com.br\/wp-content\/uploads\/2024\/05\/www.Redebrasilnews.com_.br_.webp.webp?fit=1200%2C630&ssl=1&resize=525%2C300 1.5x, https:\/\/i0.wp.com\/noticiasribeiraopreto.com.br\/wp-content\/uploads\/2024\/05\/www.Redebrasilnews.com_.br_.webp.webp?fit=1200%2C630&ssl=1&resize=700%2C400 2x, https:\/\/i0.wp.com\/noticiasribeiraopreto.com.br\/wp-content\/uploads\/2024\/05\/www.Redebrasilnews.com_.br_.webp.webp?fit=1200%2C630&ssl=1&resize=1050%2C600 3x"},"classes":[]}],"jetpack_sharing_enabled":true,"jetpack_shortlink":"https:\/\/wp.me\/peQAOb-4Wc","_links":{"self":[{"href":"https:\/\/noticiasribeiraopreto.com.br\/index.php\/wp-json\/wp\/v2\/posts\/18984","targetHints":{"allow":["GET"]}}],"collection":[{"href":"https:\/\/noticiasribeiraopreto.com.br\/index.php\/wp-json\/wp\/v2\/posts"}],"about":[{"href":"https:\/\/noticiasribeiraopreto.com.br\/index.php\/wp-json\/wp\/v2\/types\/post"}],"author":[{"embeddable":true,"href":"https:\/\/noticiasribeiraopreto.com.br\/index.php\/wp-json\/wp\/v2\/users\/1"}],"replies":[{"embeddable":true,"href":"https:\/\/noticiasribeiraopreto.com.br\/index.php\/wp-json\/wp\/v2\/comments?post=18984"}],"version-history":[{"count":0,"href":"https:\/\/noticiasribeiraopreto.com.br\/index.php\/wp-json\/wp\/v2\/posts\/18984\/revisions"}],"wp:featuredmedia":[{"embeddable":true,"href":"https:\/\/noticiasribeiraopreto.com.br\/index.php\/wp-json\/wp\/v2\/media\/18985"}],"wp:attachment":[{"href":"https:\/\/noticiasribeiraopreto.com.br\/index.php\/wp-json\/wp\/v2\/media?parent=18984"}],"wp:term":[{"taxonomy":"category","embeddable":true,"href":"https:\/\/noticiasribeiraopreto.com.br\/index.php\/wp-json\/wp\/v2\/categories?post=18984"},{"taxonomy":"post_tag","embeddable":true,"href":"https:\/\/noticiasribeiraopreto.com.br\/index.php\/wp-json\/wp\/v2\/tags?post=18984"}],"curies":[{"name":"wp","href":"https:\/\/api.w.org\/{rel}","templated":true}]}}