{"id":19103,"date":"2023-12-21T18:21:14","date_gmt":"2023-12-21T21:21:14","guid":{"rendered":"https:\/\/noticiasribeiraopreto.com.br\/index.php\/2023\/12\/21\/9-maneiras-praticas-de-manifestar-seus-sonhos-em-2024-meu-valor-digital\/"},"modified":"2023-12-21T18:21:14","modified_gmt":"2023-12-21T21:21:14","slug":"9-maneiras-praticas-de-manifestar-seus-sonhos-em-2024-meu-valor-digital","status":"publish","type":"post","link":"https:\/\/noticiasribeiraopreto.com.br\/index.php\/2023\/12\/21\/9-maneiras-praticas-de-manifestar-seus-sonhos-em-2024-meu-valor-digital\/","title":{"rendered":"9 maneiras praticas de manifestar seus sonhos em 2024 &#8211; Meu Valor Digital"},"content":{"rendered":"<div class='code-block code-block-1' style='margin: 8px 0 8px auto; text-align: right; display: block; clear: both;'>\n<p><a href=\"https:\/\/wa.link\/vpicfd\"><img data-recalc-dims=\"1\" class=\"wp-image-4922\" style=\"aspect-ratio: 2.0253164556962027; width: 561px; height: auto;\" src=\"https:\/\/i0.wp.com\/ismaelcolosi.com.br\/wp-content\/uploads\/2023\/11\/grupo-de-empregos-whatsapp-e-facebook-ismael-colosi-vagas.jpg?ssl=1\" alt=\"\" \/><\/a><\/p>\n<!-- \/wp:image -->\n<\/div>\n<p> <br \/>\n<\/p>\n<div>\n<p>O processo de manifesta\u00e7\u00e3o diz respeito a trazer algo para a realidade f\u00edsica atrav\u00e9s da for\u00e7a dos seus pensamentos, cren\u00e7as e sentimentos. No entanto, essa \u00e9 uma defini\u00e7\u00e3o que possu\u00ed um certo limite, afinal se conseguir trazer nossos sonhos para a realidade fosse algo t\u00e3o simples, estar\u00edamos todos vivendo a vida que sonhamos.<\/p>\n<p>Tanto nossos pensamentos, quanto os sentimentos e as cren\u00e7as devem ser a base para que voc\u00ea tome iniciativa de iniciar seus objetivos. Quando voc\u00ea come\u00e7a a lembrar daquilo que realmente deseja, essa situa\u00e7\u00e3o te ajuda a se concentrar em desenvolver maneiras para chegar l\u00e1.<\/p>\n<p>Bom, esse \u00e9 um momento ideal para que voc\u00ea comece a manifestar seus sonhos em realidade, ainda mais com a chegada de um novo ciclo que se inicia em poucos dias. Para te ajudar no seu processo, aqui est\u00e3o alguns passos importantes que podem te ajudar durante essa jornada.<\/p>\n<h2 class=\"wp-block-heading\" id=\"h-1-entenda-onde-a-mentalidade-e-importante\">1. Entenda onde a mentalidade \u00e9 importante<\/h2>\n<p>Embora a Lei da Atra\u00e7\u00e3o ganhe cada vez mais a aten\u00e7\u00e3o das pessoas, \u00e9 fundamental reconhecer sua limita\u00e7\u00e3o: a cren\u00e7a sozinha n\u00e3o gera mudan\u00e7as no mundo f\u00edsico. O segredo reside na a\u00e7\u00e3o deliberada e consistente para moldar a realidade a seu favor. Contudo, isso n\u00e3o desvaloriza a import\u00e2ncia de uma mentalidade positiva. As circunst\u00e2ncias muitas vezes parecem validar nossa vis\u00e3o de mundo, seja ela positiva ou negativa.<\/p>\n<p>Romper com cren\u00e7as limitantes \u00e9 essencial; trate-as como germes e lave as m\u00e3os. Lembre-se de que suas limita\u00e7\u00f5es s\u00e3o m\u00ednimas em compara\u00e7\u00e3o com o que voc\u00ea pode conquistar com dedica\u00e7\u00e3o. Aprenda com os fracassos, cres\u00e7a, tente novamente e evolua. Os \u00fanicos perdedores s\u00e3o aqueles que desistem.<\/p>\n<p>A filosofia budista, destaca que o presente molda o futuro. Os pensamentos n\u00e3o realizam sonhos, mas influenciam a\u00e7\u00f5es que o fazem. Antes de definir objetivos, examine sua mentalidade: ela est\u00e1 positiva? Comece com otimismo, medite para aliviar o estresse e recite afirma\u00e7\u00f5es edificantes quando necess\u00e1rio.<\/p>\n<p>Voc\u00ea aprende com falhas, cresce e persevera. A \u00fanica barreira para atingir seus objetivos \u00e9 voc\u00ea mesmo. Desvie de seu pr\u00f3prio caminho!<\/p>\n<h2 class=\"wp-block-heading\" id=\"h-2-faca-a-pergunta-mais-importante-de-todas\"><strong>2. Fa\u00e7a a pergunta mais importante de todas<\/strong><\/h2>\n<p>O escritor do best-seller \u201cComece com o porqu\u00ea\u201d, de Simon Sinek, explica como as pessoas n\u00e3o compram um produto at\u00e9 que possam entender de fato o \u201cporqu\u00ea\u201d por tr\u00e1s dele, em outras palavras as empresas n\u00e3o conseguem vender, muitas vezes por n\u00e3o colocarem um prop\u00f3sito por tr\u00e1s de seus produtos.<\/p>\n<p>Da mesma forma, comprometer-se com uma miss\u00e3o pessoal exige uma cren\u00e7a profunda em seu significado. Visualize como o sucesso pode melhorar n\u00e3o apenas sua vida, mas tamb\u00e9m a daqueles ao seu redor. Considere as consequ\u00eancias de n\u00e3o estabelecer metas. Imagine seu funeral e o que gostaria que as pessoas dissessem. Use essas reflex\u00f5es para impulsionar suas aspira\u00e7\u00f5es.<\/p>\n<h2 class=\"wp-block-heading\" id=\"h-3-visualize\"><strong>3. Visualize<\/strong><\/h2>\n<p>Assim que voc\u00ea conseguir identificar o que realmente deseja manifestar, comece a visualizar suas metas Mantenha essa imagem em mente ao dar passos em dire\u00e7\u00e3o a elas. Se necess\u00e1rio, ajuste sua visualiza\u00e7\u00e3o \u00e0 medida que avan\u00e7a. Pode ser \u00fatil usar uma imagem literal, como uma foto sua alcan\u00e7ando seu objetivo final. <\/p>\n<p>Leia tamb\u00e9m | <a href=\"https:\/\/meuvalordigital.com.br\/5-habitos-que-voce-deve-largar-agora-ou-vao-te-levar-a-pobreza\/\">5 h\u00e1bitos que voc\u00ea deve largar agora ou v\u00e3o te levar a pobreza<\/a><\/p>\n<h2 class=\"wp-block-heading\" id=\"h-4-compreenda-o-poder-da-paciencia\"><strong>4. Compreenda o poder da paci\u00eancia<\/strong><\/h2>\n<p>O princ\u00edpio de Pareto estima que 20% do sucesso vem do estabelecimento inteligente de metas, enquanto 80% \u00e9 resultado da execu\u00e7\u00e3o. A paci\u00eancia \u00e9 muitas vezes subestimada, mas grandes conquistas exigem tempo. Evite a armadilha da impaci\u00eancia a curto prazo e permane\u00e7a disciplinado a longo prazo.<\/p>\n<p>Sucesso n\u00e3o \u00e9 fruto da noite para o dia; \u00e9 resultado de a\u00e7\u00f5es persistentes e cont\u00ednuas. Seja como a tartaruga constante, n\u00e3o a lebre impulsiva.<\/p>\n<h2 class=\"wp-block-heading\" id=\"h-5-aja\"><strong>5. Aja<\/strong><\/h2>\n<p>Assim que voc\u00ea tiver uma vis\u00e3o clara de seus objetivos, chegar\u00e1 a hora em que voc\u00ea precisar\u00e1 agir em dire\u00e7\u00e3o a eles. Admita para si mesmo que n\u00e3o est\u00e1 esperando o momento certo; est\u00e1 apenas procrastinando. Quanto mais voc\u00ea adia uma tarefa significativa, mais assustador se torna inici\u00e1-la. Mesmo sem conhecer o melhor primeiro passo, \u00e9 crucial subir a escada, mesmo que inicialmente seja inst\u00e1vel. A perseveran\u00e7a o levar\u00e1 ao topo.<\/p>\n<h2 class=\"wp-block-heading\" id=\"h-6-lembre-se-os-habitos-superam-a-motivacao\"><strong>6. Lembre-se: Os h\u00e1bitos superam a motiva\u00e7\u00e3o<\/strong><\/h2>\n<p>O lend\u00e1rio investidor Ray Dalio escreveu em \u201cPrinc\u00edpios: Vida e Trabalho\u201d que: o sucesso floresce quando duas atividades vitais s\u00e3o realizadas eficazmente. Primeiramente, identifique as atividades mais cruciais relacionadas aos objetivos. Antecipe e estruture o problema, focando nas atividades que geram os melhores resultados. Em seguida, transforme essas atividades em h\u00e1bitos di\u00e1rios.<\/p>\n<p>Isso porque, a motiva\u00e7\u00e3o acaba, j\u00e1 os h\u00e1bitos, ap\u00f3s serem estabelecidos continuar\u00e3o ao longo da sua jornada. Para estabelecer h\u00e1bitos, mantenha um alto n\u00edvel de motiva\u00e7\u00e3o inicial. Associe recompensas \u00e0s atividades para refor\u00e7ar o h\u00e1bito. Mantenha seus objetivos vis\u00edveis, como uma foto da casa dos sonhos, para lembr\u00e1-lo constantemente do que est\u00e1 buscando.<\/p>\n<h2 class=\"wp-block-heading\" id=\"h-7-mantenha-o-ritmo-a-longo-prazo\"><strong>7. Mantenha o ritmo a longo prazo<\/strong><\/h2>\n<p>Manter o ritmo ao longo de meses e anos \u00e9 um desafio comum, principalmente quando no come\u00e7o as coisas n\u00e3o fluem como imaginamos. Os h\u00e1bitos, contudo, reduzem a necessidade de motiva\u00e7\u00e3o constante, transformando seus objetivos em um estilo de vida permanente. Imagine colocar seus objetivos no piloto autom\u00e1tico. Converta atividades cruciais em h\u00e1bitos repet\u00edveis, tornando-os uma parte intr\u00ednseca de seus dias.<\/p>\n<p>Para manter um alto n\u00edvel de motiva\u00e7\u00e3o, utilize recompensas. Sua jornada se tornar\u00e1 mais prazerosa ao associar o progresso ao prazer. Mantenha objetivos vis\u00edveis para refor\u00e7ar seu comprometimento di\u00e1rio.<\/p>\n<h2 class=\"wp-block-heading\" id=\"h-8-aceite-que-nem-tudo-e-possivel-fazer-sozinho\"><strong>8. Aceite que nem tudo \u00e9 poss\u00edvel fazer sozinho<\/strong><\/h2>\n<p>Evite o erro de tentar alcan\u00e7ar o sucesso sozinho. Recrute outras pessoas para sua jornada. Parceiros de responsabilidade, clubes e especialistas em seu dom\u00ednio podem oferecer ideais valiosas. Observar o sucesso de outros aumenta sua confian\u00e7a.<\/p>\n<p>O compartilhamento de experi\u00eancias com pessoas que alcan\u00e7aram seus objetivos \u00e9 enriquecedor. Lembre-se de que sua jornada n\u00e3o precisa ser solit\u00e1ria; compartilh\u00e1-la com outras pessoas \u00e9 mais gratificante e divertido.<\/p>\n<h2 class=\"wp-block-heading\" id=\"h-9-seja-grato\"><strong>9. Seja grato<\/strong><\/h2>\n<p>Reconhe\u00e7a o que tem e cultive um sentimento de gratid\u00e3o em torno disso, seja por um trope\u00e7o ou por uma conquista. Valorize os presentes que recebeu, pois muitos n\u00e3o t\u00eam as mesmas oportunidades. Expresse gratid\u00e3o diariamente. Isso n\u00e3o apenas atrai mais coisas positivas, mas tamb\u00e9m real\u00e7a o que j\u00e1 possui. Agrade\u00e7a pelas oportunidades que tem e busque tirar o melhor proveito delas.<\/p>\n<\/div>\n<p><br \/>\n<br \/><a href=\"https:\/\/meuvalordigital.com.br\/9-maneiras-praticas-de-manifestar-seus-sonhos-em-2024\/\">Source link <\/a><\/p>\n<!-- CONTENT END 1 -->\n","protected":false},"excerpt":{"rendered":"<p>O processo de manifesta\u00e7\u00e3o diz respeito a trazer algo para a realidade f\u00edsica atrav\u00e9s da for\u00e7a dos seus pensamentos, cren\u00e7as e sentimentos. No entanto, essa&#8230;<\/p>\n","protected":false},"author":1,"featured_media":19104,"comment_status":"open","ping_status":"open","sticky":false,"template":"","format":"standard","meta":{"advanced_seo_description":"","jetpack_seo_html_title":"","jetpack_seo_noindex":false,"jetpack_post_was_ever_published":false,"_jetpack_newsletter_access":"","_jetpack_dont_email_post_to_subs":false,"_jetpack_newsletter_tier_id":0,"_jetpack_memberships_contains_paywalled_content":false,"_jetpack_memberships_contains_paid_content":false,"footnotes":"","jetpack_publicize_message":"","jetpack_publicize_feature_enabled":true,"jetpack_social_post_already_shared":true,"jetpack_social_options":{"image_generator_settings":{"template":"highway","default_image_id":0,"font":"","enabled":false},"version":2}},"categories":[7],"tags":[],"class_list":["post-19103","post","type-post","status-publish","format-standard","has-post-thumbnail","hentry","category-vagas-de-empregos-em-ribeirao-preto-regiao-brasil"],"jetpack_publicize_connections":[],"jetpack_featured_media_url":"https:\/\/i0.wp.com\/noticiasribeiraopreto.com.br\/wp-content\/uploads\/2023\/12\/rapaz-olhando-para-o-ceu.jpg?fit=1208%2C863&ssl=1","jetpack-related-posts":[{"id":20313,"url":"https:\/\/noticiasribeiraopreto.com.br\/index.php\/2023\/12\/24\/mensagens-de-natal-para-voce-compartilhar-com-seus-amigos-e-amores\/","url_meta":{"origin":19103,"position":0},"title":"Mensagens de Natal para voc\u00ea compartilhar com seus amigos e amores!","author":"noticiasribeiraopreto.com.br","date":"24 de December de 2023","format":false,"excerpt":"O Natal \u00e9 um tempo de celebra\u00e7\u00e3o, gratid\u00e3o e amor. Aqui est\u00e3o algumas mensagens natalinas que voc\u00ea pode compartilhar com seus amigos e entes queridos para expressar seus sentimentos de carinho e uni\u00e3o durante este per\u00edodo festivo. Esp\u00edrito Natalino e Esperan\u00e7a A Magia do Natal Neste per\u00edodo encantador do ano,\u2026","rel":"","context":"In &quot;Vagas de Emprego em Ribeir\u00e3o Preto-SP&quot;","block_context":{"text":"Vagas de Emprego em Ribeir\u00e3o Preto-SP","link":"https:\/\/noticiasribeiraopreto.com.br\/index.php\/category\/empregos-classificados-vagas-trabalho\/vagas-de-empregos-em-ribeirao-preto-regiao-brasil\/"},"img":{"alt_text":"","src":"","width":0,"height":0},"classes":[]},{"id":31386,"url":"https:\/\/noticiasribeiraopreto.com.br\/index.php\/2024\/01\/22\/top-10-mecanismos-de-defesa-psicologica\/","url_meta":{"origin":19103,"position":1},"title":"Top 10 Mecanismos de Defesa Psicol\u00f3gica","author":"noticiasribeiraopreto.com.br","date":"22 de January de 2024","format":false,"excerpt":"J\u00e1 se perguntou como nossa mente lida com situa\u00e7\u00f5es estressantes ou emocionalmente desafiadoras? Bem, a chave est\u00e1 nos mecanismos de defesa. Estes s\u00e3o processos inconscientes que nos ajudam a lidar com realidades dif\u00edceis e manter nosso equil\u00edbrio emocional. Vamos mergulhar neste fascinante mundo psicol\u00f3gico, explorando os 10 principais mecanismos de\u2026","rel":"","context":"In &quot;Blog&quot;","block_context":{"text":"Blog","link":"https:\/\/noticiasribeiraopreto.com.br\/index.php\/category\/blog\/"},"img":{"alt_text":"","src":"https:\/\/i0.wp.com\/noticiasribeiraopreto.com.br\/wp-content\/uploads\/2024\/01\/Mecanismos-de-Defesa.jpg?fit=1200%2C800&ssl=1&resize=350%2C200","width":350,"height":200,"srcset":"https:\/\/i0.wp.com\/noticiasribeiraopreto.com.br\/wp-content\/uploads\/2024\/01\/Mecanismos-de-Defesa.jpg?fit=1200%2C800&ssl=1&resize=350%2C200 1x, https:\/\/i0.wp.com\/noticiasribeiraopreto.com.br\/wp-content\/uploads\/2024\/01\/Mecanismos-de-Defesa.jpg?fit=1200%2C800&ssl=1&resize=525%2C300 1.5x, https:\/\/i0.wp.com\/noticiasribeiraopreto.com.br\/wp-content\/uploads\/2024\/01\/Mecanismos-de-Defesa.jpg?fit=1200%2C800&ssl=1&resize=700%2C400 2x, https:\/\/i0.wp.com\/noticiasribeiraopreto.com.br\/wp-content\/uploads\/2024\/01\/Mecanismos-de-Defesa.jpg?fit=1200%2C800&ssl=1&resize=1050%2C600 3x"},"classes":[]},{"id":15215,"url":"https:\/\/noticiasribeiraopreto.com.br\/index.php\/2023\/12\/13\/5-maneiras-de-mudar-sua-vida-quando-se-sentir-frustrado-meu-valor-digital\/","url_meta":{"origin":19103,"position":2},"title":"5 maneiras de mudar sua vida quando se sentir frustrado &#8211; Meu Valor Digital","author":"noticiasribeiraopreto.com.br","date":"13 de December de 2023","format":false,"excerpt":"A estagna\u00e7\u00e3o e a falta de avan\u00e7o frequentemente derivam da nossa incapacidade de seguir nosso pr\u00f3prio caminho. Ao nos esfor\u00e7armos para nos adaptar, sermos bem-vistos e aceitos, muitas vezes dilu\u00edmos os tra\u00e7os singulares de nossa individualidade. A indaga\u00e7\u00e3o que se imp\u00f5e \u00e9: como poderemos alcan\u00e7ar a liberdade mental essencial para\u2026","rel":"","context":"In &quot;Vagas de Emprego em Ribeir\u00e3o Preto-SP&quot;","block_context":{"text":"Vagas de Emprego em Ribeir\u00e3o Preto-SP","link":"https:\/\/noticiasribeiraopreto.com.br\/index.php\/category\/empregos-classificados-vagas-trabalho\/vagas-de-empregos-em-ribeirao-preto-regiao-brasil\/"},"img":{"alt_text":"","src":"https:\/\/i0.wp.com\/noticiasribeiraopreto.com.br\/wp-content\/uploads\/2023\/12\/mulher-frustrada.jpg?fit=1200%2C782&ssl=1&resize=350%2C200","width":350,"height":200,"srcset":"https:\/\/i0.wp.com\/noticiasribeiraopreto.com.br\/wp-content\/uploads\/2023\/12\/mulher-frustrada.jpg?fit=1200%2C782&ssl=1&resize=350%2C200 1x, https:\/\/i0.wp.com\/noticiasribeiraopreto.com.br\/wp-content\/uploads\/2023\/12\/mulher-frustrada.jpg?fit=1200%2C782&ssl=1&resize=525%2C300 1.5x, https:\/\/i0.wp.com\/noticiasribeiraopreto.com.br\/wp-content\/uploads\/2023\/12\/mulher-frustrada.jpg?fit=1200%2C782&ssl=1&resize=700%2C400 2x, https:\/\/i0.wp.com\/noticiasribeiraopreto.com.br\/wp-content\/uploads\/2023\/12\/mulher-frustrada.jpg?fit=1200%2C782&ssl=1&resize=1050%2C600 3x"},"classes":[]},{"id":52531,"url":"https:\/\/noticiasribeiraopreto.com.br\/index.php\/2024\/06\/09\/mentalidade-do-sucesso-como-ser-feliz-e-bem-sucedido\/","url_meta":{"origin":19103,"position":3},"title":"Mentalidade do sucesso: como ser feliz e bem-sucedido","author":"noticiasribeiraopreto.com.br","date":"9 de June de 2024","format":false,"excerpt":"\u00a0 Acessibilidade L L A- A+ \u25d0 Se voc\u00ea est\u00e1 em busca de felicidade,\u00a0sucesso ou ambos, existem muitos conselhos dispon\u00edveis por a\u00ed. Mas um estudo mostra que a mentalidade \u00e9 importante nessa jornada \u2013 e existe um tipo espec\u00edfico de pensamento que \u00e9 pe\u00e7a-chave nesse processo. Prestar aten\u00e7\u00e3o no mindset\u2026","rel":"","context":"In &quot;Blog&quot;","block_context":{"text":"Blog","link":"https:\/\/noticiasribeiraopreto.com.br\/index.php\/category\/blog\/"},"img":{"alt_text":"","src":"https:\/\/i0.wp.com\/noticiasribeiraopreto.com.br\/wp-content\/uploads\/2024\/06\/carreira-mentalidade-sucesso-1024x683.jpg?fit=1024%2C683&ssl=1&resize=350%2C200","width":350,"height":200,"srcset":"https:\/\/i0.wp.com\/noticiasribeiraopreto.com.br\/wp-content\/uploads\/2024\/06\/carreira-mentalidade-sucesso-1024x683.jpg?fit=1024%2C683&ssl=1&resize=350%2C200 1x, https:\/\/i0.wp.com\/noticiasribeiraopreto.com.br\/wp-content\/uploads\/2024\/06\/carreira-mentalidade-sucesso-1024x683.jpg?fit=1024%2C683&ssl=1&resize=525%2C300 1.5x, https:\/\/i0.wp.com\/noticiasribeiraopreto.com.br\/wp-content\/uploads\/2024\/06\/carreira-mentalidade-sucesso-1024x683.jpg?fit=1024%2C683&ssl=1&resize=700%2C400 2x"},"classes":[]},{"id":35751,"url":"https:\/\/noticiasribeiraopreto.com.br\/index.php\/2024\/02\/07\/confira-10-dicas-para-sua-recolocacao-profissional-em-2024\/","url_meta":{"origin":19103,"position":4},"title":"Confira 10 dicas para sua recoloca\u00e7\u00e3o profissional em 2024","author":"noticiasribeiraopreto.com.br","date":"7 de February de 2024","format":false,"excerpt":"A recoloca\u00e7\u00e3o profissional \u00e9 um momento comum na carreira de qualquer trabalhador. Afinal, \u00e9 normal que, em determinado ponto da sua vida profissional, voc\u00ea veja a necessidade de se realocar no mercado, seja por conta de uma demiss\u00e3o ou por vontade de adquirir novas viv\u00eancias. Se voc\u00ea \u00e9 uma dessas\u2026","rel":"","context":"In &quot;Blog&quot;","block_context":{"text":"Blog","link":"https:\/\/noticiasribeiraopreto.com.br\/index.php\/category\/blog\/"},"img":{"alt_text":"","src":"https:\/\/i0.wp.com\/noticiasribeiraopreto.com.br\/wp-content\/uploads\/2024\/02\/recolocacao-profissional-02.jpg?fit=1200%2C675&ssl=1&resize=350%2C200","width":350,"height":200,"srcset":"https:\/\/i0.wp.com\/noticiasribeiraopreto.com.br\/wp-content\/uploads\/2024\/02\/recolocacao-profissional-02.jpg?fit=1200%2C675&ssl=1&resize=350%2C200 1x, https:\/\/i0.wp.com\/noticiasribeiraopreto.com.br\/wp-content\/uploads\/2024\/02\/recolocacao-profissional-02.jpg?fit=1200%2C675&ssl=1&resize=525%2C300 1.5x, https:\/\/i0.wp.com\/noticiasribeiraopreto.com.br\/wp-content\/uploads\/2024\/02\/recolocacao-profissional-02.jpg?fit=1200%2C675&ssl=1&resize=700%2C400 2x, https:\/\/i0.wp.com\/noticiasribeiraopreto.com.br\/wp-content\/uploads\/2024\/02\/recolocacao-profissional-02.jpg?fit=1200%2C675&ssl=1&resize=1050%2C600 3x"},"classes":[]},{"id":30103,"url":"https:\/\/noticiasribeiraopreto.com.br\/index.php\/2024\/01\/20\/quadro-dos-sonhos-como-construir-um-para-a-sua-carreira\/","url_meta":{"origin":19103,"position":5},"title":"Quadro dos sonhos: como construir um para a sua carreira","author":"noticiasribeiraopreto.com.br","date":"20 de January de 2024","format":false,"excerpt":"Getty ImagesSuas metas e desejos profissionais podem fazer parte do seu quadro dos sonhos geral, ou voc\u00ea pode criar um espec\u00edfico para a carreira Um \u201cvision board\u201d, quadro de visualiza\u00e7\u00e3o ou dos sonhos, \u00e9 uma colagem que voc\u00ea monta com imagens e frases inspiradoras que expressam seus objetivos e desejos.\u2026","rel":"","context":"In &quot;Blog&quot;","block_context":{"text":"Blog","link":"https:\/\/noticiasribeiraopreto.com.br\/index.php\/category\/blog\/"},"img":{"alt_text":"","src":"https:\/\/i0.wp.com\/noticiasribeiraopreto.com.br\/wp-content\/uploads\/2024\/01\/carreira-quadro-visualizacao-1024x683.jpg?fit=1024%2C683&ssl=1&resize=350%2C200","width":350,"height":200,"srcset":"https:\/\/i0.wp.com\/noticiasribeiraopreto.com.br\/wp-content\/uploads\/2024\/01\/carreira-quadro-visualizacao-1024x683.jpg?fit=1024%2C683&ssl=1&resize=350%2C200 1x, https:\/\/i0.wp.com\/noticiasribeiraopreto.com.br\/wp-content\/uploads\/2024\/01\/carreira-quadro-visualizacao-1024x683.jpg?fit=1024%2C683&ssl=1&resize=525%2C300 1.5x, https:\/\/i0.wp.com\/noticiasribeiraopreto.com.br\/wp-content\/uploads\/2024\/01\/carreira-quadro-visualizacao-1024x683.jpg?fit=1024%2C683&ssl=1&resize=700%2C400 2x"},"classes":[]}],"jetpack_sharing_enabled":true,"jetpack_shortlink":"https:\/\/wp.me\/peQAOb-4Y7","_links":{"self":[{"href":"https:\/\/noticiasribeiraopreto.com.br\/index.php\/wp-json\/wp\/v2\/posts\/19103","targetHints":{"allow":["GET"]}}],"collection":[{"href":"https:\/\/noticiasribeiraopreto.com.br\/index.php\/wp-json\/wp\/v2\/posts"}],"about":[{"href":"https:\/\/noticiasribeiraopreto.com.br\/index.php\/wp-json\/wp\/v2\/types\/post"}],"author":[{"embeddable":true,"href":"https:\/\/noticiasribeiraopreto.com.br\/index.php\/wp-json\/wp\/v2\/users\/1"}],"replies":[{"embeddable":true,"href":"https:\/\/noticiasribeiraopreto.com.br\/index.php\/wp-json\/wp\/v2\/comments?post=19103"}],"version-history":[{"count":0,"href":"https:\/\/noticiasribeiraopreto.com.br\/index.php\/wp-json\/wp\/v2\/posts\/19103\/revisions"}],"wp:featuredmedia":[{"embeddable":true,"href":"https:\/\/noticiasribeiraopreto.com.br\/index.php\/wp-json\/wp\/v2\/media\/19104"}],"wp:attachment":[{"href":"https:\/\/noticiasribeiraopreto.com.br\/index.php\/wp-json\/wp\/v2\/media?parent=19103"}],"wp:term":[{"taxonomy":"category","embeddable":true,"href":"https:\/\/noticiasribeiraopreto.com.br\/index.php\/wp-json\/wp\/v2\/categories?post=19103"},{"taxonomy":"post_tag","embeddable":true,"href":"https:\/\/noticiasribeiraopreto.com.br\/index.php\/wp-json\/wp\/v2\/tags?post=19103"}],"curies":[{"name":"wp","href":"https:\/\/api.w.org\/{rel}","templated":true}]}}